{"id":11350,"date":"2021-09-07T18:18:18","date_gmt":"2021-09-07T18:18:18","guid":{"rendered":"https:\/\/www.africa-press.net\/niger\/?p=11350"},"modified":"2021-10-03T20:22:40","modified_gmt":"2021-10-03T20:22:40","slug":"rencontre-de-travail-entre-une-delegation-algerienne-et-des-membres-du-gouvernement-du-niger-dimportantes-decisions-prises-sur-les-questions-dinterets-communs","status":"publish","type":"post","link":"https:\/\/www.africa-press.net\/niger\/dossiers\/rencontre-de-travail-entre-une-delegation-algerienne-et-des-membres-du-gouvernement-du-niger-dimportantes-decisions-prises-sur-les-questions-dinterets-communs","title":{"rendered":"Rencontre de travail entre une d\u00e9l\u00e9gation alg\u00e9rienne et des membres du gouvernement du Niger : D\u2019importantes d\u00e9cisions prises sur les questions d\u2019int\u00e9r\u00eats communs"},"content":{"rendered":"<p><span style=\"color: #ff6600\"><strong><a href=\"https:\/\/www.africa-press.net\/\">Africa-Press<\/a> &#8211; <a href=\"https:\/\/www.africa-press.net\/niger\">Niger<\/a>. <\/strong><\/span>Du 05 au 07 septembre 2021, M. Ramtane Lamamra, le Ministre des Affaires Etrang\u00e8res et de la Communaut\u00e9 Nationale \u00e0 l\u2019Etranger de la R\u00e9publique Alg\u00e9rienne D\u00e9mocratique et Populaire, Envoy\u00e9 Sp\u00e9cial du Pr\u00e9sident Alg\u00e9rien, SEM Abdelmajid Tebboune, a effectu\u00e9 une visite de travail, au Niger, accompagn\u00e9 d\u2019une importante d\u00e9l\u00e9gation. Apr\u00e8s avoir rencontr\u00e9 le Pr\u00e9sident de la R\u00e9publique, Mohamed Bazoum et le Premier ministre Ouhoumoudou Mahamadou, une r\u00e9union a regroup\u00e9, la d\u00e9l\u00e9gation alg\u00e9rienne, conduite par M. Lamamra et les membres du gouvernement nig\u00e9rien, dirig\u00e9s par le ministre d\u2019Etat en charge des Affaires Etrang\u00e8res et de la Coop\u00e9ration, M. Hassoumi Massoudou. Y \u00e9taient aussi pr\u00e9sents \u00e0 cette entrevue, les ambassadeurs des deux pays. Au cours de cette r\u00e9union de travail, les deux parties ont proc\u00e9d\u00e9 \u00e0 un examen exhaustif des questions de coop\u00e9ration bilat\u00e9rale, notamment celles relatives \u00e0 la d\u00e9fense et \u00e0 la s\u00e9curit\u00e9, \u00e0 la migration, \u00e0 l\u2019\u00e9nergie, au p\u00e9trole ainsi que celle relative \u00e0 la formation professionnelle.<\/p>\n<p>Il a aussi \u00e9t\u00e9 \u00e9voqu\u00e9, lors de ces \u00e9changes, des questions r\u00e9gionales et internationales d\u2019int\u00e9r\u00eat commun. A cette occasion, les deux chefs de d\u00e9l\u00e9gations ont soulign\u00e9 la n\u00e9cessit\u00e9 de travailler ensemble pour pr\u00e9server la paix et la stabilit\u00e9 et promouvoir le d\u00e9veloppement en Afrique en g\u00e9n\u00e9ral et dans la sous- r\u00e9gion en particulier. Les deux parties ont \u00e9galement r\u00e9affirm\u00e9 leur d\u00e9termination \u00e0 forger un partenariat sous r\u00e9gional viable au service des peuples de la r\u00e9gion en vue de promouvoir une coop\u00e9ration Sud-Sud pragmatique et solidaire. Un communiqu\u00e9 commun et une conf\u00e9rence de presse ont cl\u00f4tur\u00e9 cette rencontre nig\u00e9ro-alg\u00e9rienne.<\/p>\n<p>Dans son mot introductif, le ministre d\u2019Etat Massoudou a lou\u00e9 les qualit\u00e9s de diplomate qu\u2019est son h\u00f4te, M. Lamamara. \u00abCe qui fait de lui un des plus grands diplomates contemporains en Afrique et peut-\u00eatre dans le monde\u00bb, a soulign\u00e9 le ministre Massoudou. Il a aussi rappel\u00e9 les bonnes relations de voisinage et de coop\u00e9ration existant entre l\u2019Alg\u00e9rie et le Niger. Apr\u00e8s le Nig\u00e9ria, a-t-il soulign\u00e9, le Niger partage la plus longue fronti\u00e8re avec l\u2019Alg\u00e9rie avec pr\u00e8s de 1.000 kms. \u00abL\u2019Alg\u00e9rie est donc un partenaire essentiel et strat\u00e9gique pour le Niger. Et cela sur le plan g\u00e9opolitique, \u00e9conomique et m\u00eame social\u00bb, a-t-il not\u00e9. Le ministre d\u2019Etat a ajout\u00e9 que cette premi\u00e8re visite du gouvernement alg\u00e9rien actuel \u00e0 l\u2019invitation du des autorit\u00e9s nig\u00e9riennes est tr\u00e8s significative pour le gouvernement et le peuple nig\u00e9riens. \u00abElle est aussi importante pour l\u2019avenir de nos relations, pour l\u2019avenir de notre pays et celui de la sous-r\u00e9gion\u00bb, a-t-il pr\u00e9cis\u00e9.<\/p>\n<p>\u00abL\u2019Alg\u00e9rie est un acteur cl\u00e9 au niveau des pays riverains du Sahel. Nous partageons avec l\u2019Alg\u00e9rie un certains nombres de pr\u00e9occupations, relativement \u00e0 la s\u00e9curit\u00e9, \u00e0 la d\u00e9fense. Donc, ce partenariat avec l\u2019Alg\u00e9rie est des plus importants et capital\u00bb, a indiqu\u00e9 le chef de la diplomatie nig\u00e9rienne. Il a aussi salu\u00e9 le retour et la redynamisation de la pr\u00e9sence de l\u2019Alg\u00e9rie au niveau des pays riverains du Sahara et du Sahel. Enfin, le ministre Massoudou a indiqu\u00e9 que cette visite de la d\u00e9l\u00e9gation alg\u00e9rienne fait suite \u00e0 celle effectu\u00e9e, il y a quelques semaines, par le Pr\u00e9sident de la R\u00e9publique, SE Mohamed Bazoum \u00e0 Alger. Ce qui a donn\u00e9, selon lui, un coup acc\u00e9l\u00e9rateur aux relations bilat\u00e9rales. \u00abDes orientations nouvelles et concr\u00e8tes ont \u00e9t\u00e9 donn\u00e9es \u00e0 ces relations par les deux Chefs d\u2019Etats\u00bb, a-t-il rappel\u00e9.<\/p>\n<p>Intervenant \u00e0 son tour, le ministre alg\u00e9rien en charge des Affaires \u00e9trang\u00e8res s\u2019est aussi f\u00e9licit\u00e9 des bonnes relations existant entre son pays et le Niger. M. Ramtane Lamamra a soulign\u00e9 l\u2019exemplarit\u00e9, la compl\u00e9mentarit\u00e9, la sagesse, l\u2019intelligence, la volont\u00e9, la fraternit\u00e9 et la convivialit\u00e9 qui r\u00e9gissent les relations s\u00e9culaires entre l\u2019Alg\u00e9rie et le Niger. \u00abLes diff\u00e9rents d\u00e9fis auxquels nous faisons face, en commun, nous commandent de faire davantage, de nous tenir en alerte et de proposer des nouvelles perspectives, pour ensemble anticiper sur le d\u00e9veloppement de nos nations\u00bb, a d\u00e9clar\u00e9 M. Lamamra.<\/p>\n<p>Apr\u00e8s leurs interventions, les deux ministres en charge des Affaires Etrang\u00e8res ont r\u00e9pondu \u00e0 plusieurs questions des journalistes, notamment sur la situation s\u00e9curitaire sous r\u00e9gionale et la question de migration de Nig\u00e9riens vers l\u2019Alg\u00e9rie.<\/p>\n<p><b>Mahamadou Diallo(onep)<\/b><\/p>\n","protected":false},"excerpt":{"rendered":"<p>Africa-Press &#8211; Niger. Du 05 au 07 septembre 2021, M. Ramtane Lamamra, le Ministre des Affaires Etrang\u00e8res et de la Communaut\u00e9 Nationale \u00e0 l\u2019Etranger de la R\u00e9publique Alg\u00e9rienne D\u00e9mocratique et Populaire, Envoy\u00e9 Sp\u00e9cial du Pr\u00e9sident Alg\u00e9rien, SEM Abdelmajid Tebboune, a effectu\u00e9 une visite de travail, au Niger, accompagn\u00e9 d\u2019une importante d\u00e9l\u00e9gation. Apr\u00e8s avoir rencontr\u00e9 le [&hellip;]<\/p>\n","protected":false},"author":82,"featured_media":11349,"comment_status":"open","ping_status":"closed","sticky":false,"template":"","format":"standard","meta":{"footnotes":""},"categories":[7,11,2,10],"tags":[55,60,29],"class_list":["post-11350","post","type-post","status-publish","format-standard","has-post-thumbnail","hentry","category-dossiers","category-homepage-french","category-politique","category-toutes-les-actualites","tag-africa-press","tag-africa-press-niger","tag-niger"],"yoast_head":"<!-- This site is optimized with the Yoast SEO Premium plugin v26.1 (Yoast SEO v27.0) - https:\/\/yoast.com\/product\/yoast-seo-premium-wordpress\/ -->\n<title>Rencontre de travail entre une d\u00e9l\u00e9gation alg\u00e9rienne et des membres du gouvernement du Niger : D\u2019importantes d\u00e9cisions prises sur les questions d\u2019int\u00e9r\u00eats communs - niger<\/title>\n<meta name=\"description\" content=\"\ufeffDu 05 au 07 septembre 2021, M. Ramtane Lamamra, le Ministre des Affaires Etrang\u00e8res et de la Communaut\u00e9 Nationale \u00e0 l\u2019E ...\" \/>\n<meta name=\"robots\" content=\"index, follow, max-snippet:-1, max-image-preview:large, max-video-preview:-1\" \/>\n<link rel=\"canonical\" href=\"https:\/\/www.africa-press.net\/niger\/dossiers\/rencontre-de-travail-entre-une-delegation-algerienne-et-des-membres-du-gouvernement-du-niger-dimportantes-decisions-prises-sur-les-questions-dinterets-communs\" \/>\n<meta property=\"og:locale\" content=\"fr_FR\" \/>\n<meta property=\"og:type\" content=\"article\" \/>\n<meta property=\"og:title\" content=\"Rencontre de travail entre une d\u00e9l\u00e9gation alg\u00e9rienne et des membres du gouvernement du Niger : D\u2019importantes d\u00e9cisions prises sur les questions d\u2019int\u00e9r\u00eats communs\" \/>\n<meta property=\"og:description\" content=\"\ufeffDu 05 au 07 septembre 2021, M. Ramtane Lamamra, le Ministre des Affaires Etrang\u00e8res et de la Communaut\u00e9 Nationale \u00e0 l\u2019E ...\" \/>\n<meta property=\"og:url\" content=\"https:\/\/www.africa-press.net\/niger\/dossiers\/rencontre-de-travail-entre-une-delegation-algerienne-et-des-membres-du-gouvernement-du-niger-dimportantes-decisions-prises-sur-les-questions-dinterets-communs\" \/>\n<meta property=\"og:site_name\" content=\"niger\" \/>\n<meta property=\"article:published_time\" content=\"2021-09-07T18:18:18+00:00\" \/>\n<meta property=\"article:modified_time\" content=\"2021-10-03T20:22:40+00:00\" \/>\n<meta property=\"og:image\" content=\"https:\/\/static.africa-press.net\/niger\/sites\/40\/2021\/09\/img-61379f075c530.jpg\" \/>\n\t<meta property=\"og:image:width\" content=\"720\" \/>\n\t<meta property=\"og:image:height\" content=\"489\" \/>\n\t<meta property=\"og:image:type\" content=\"image\/jpeg\" \/>\n<meta name=\"author\" content=\"cfeditorfr\" \/>\n<meta name=\"twitter:card\" content=\"summary_large_image\" \/>\n<meta name=\"twitter:label1\" content=\"\u00c9crit par\" \/>\n\t<meta name=\"twitter:data1\" content=\"cfeditorfr\" \/>\n\t<meta name=\"twitter:label2\" content=\"Dur\u00e9e de lecture estim\u00e9e\" \/>\n\t<meta name=\"twitter:data2\" content=\"4 minutes\" \/>\n<script type=\"application\/ld+json\" class=\"yoast-schema-graph\">{\"@context\":\"https:\/\/schema.org\",\"@graph\":[{\"@type\":\"Article\",\"@id\":\"https:\/\/www.africa-press.net\/niger\/dossiers\/rencontre-de-travail-entre-une-delegation-algerienne-et-des-membres-du-gouvernement-du-niger-dimportantes-decisions-prises-sur-les-questions-dinterets-communs#article\",\"isPartOf\":{\"@id\":\"https:\/\/www.africa-press.net\/niger\/dossiers\/rencontre-de-travail-entre-une-delegation-algerienne-et-des-membres-du-gouvernement-du-niger-dimportantes-decisions-prises-sur-les-questions-dinterets-communs\"},\"author\":{\"name\":\"cfeditorfr\",\"@id\":\"https:\/\/www.africa-press.net\/niger\/#\/schema\/person\/2b1cf3cd81a31e3cd26889ca66d677f1\"},\"headline\":\"Rencontre de travail entre une d\u00e9l\u00e9gation alg\u00e9rienne et des membres du gouvernement du Niger : D\u2019importantes d\u00e9cisions prises sur les questions d\u2019int\u00e9r\u00eats communs\",\"datePublished\":\"2021-09-07T18:18:18+00:00\",\"dateModified\":\"2021-10-03T20:22:40+00:00\",\"mainEntityOfPage\":{\"@id\":\"https:\/\/www.africa-press.net\/niger\/dossiers\/rencontre-de-travail-entre-une-delegation-algerienne-et-des-membres-du-gouvernement-du-niger-dimportantes-decisions-prises-sur-les-questions-dinterets-communs\"},\"wordCount\":813,\"commentCount\":0,\"image\":{\"@id\":\"https:\/\/www.africa-press.net\/niger\/dossiers\/rencontre-de-travail-entre-une-delegation-algerienne-et-des-membres-du-gouvernement-du-niger-dimportantes-decisions-prises-sur-les-questions-dinterets-communs#primaryimage\"},\"thumbnailUrl\":\"https:\/\/static.africa-press.net\/niger\/sites\/40\/2021\/09\/img-61379f075c530.jpg\",\"keywords\":[\"Africa Press\",\"Africa Press-Niger\",\"Niger\"],\"articleSection\":[\"Dossiers\",\"homepage-french\",\"Politique\",\"Toutes les actualit\u00e9s\"],\"inLanguage\":\"fr-FR\",\"potentialAction\":[{\"@type\":\"CommentAction\",\"name\":\"Comment\",\"target\":[\"https:\/\/www.africa-press.net\/niger\/dossiers\/rencontre-de-travail-entre-une-delegation-algerienne-et-des-membres-du-gouvernement-du-niger-dimportantes-decisions-prises-sur-les-questions-dinterets-communs#respond\"]}]},{\"@type\":\"WebPage\",\"@id\":\"https:\/\/www.africa-press.net\/niger\/dossiers\/rencontre-de-travail-entre-une-delegation-algerienne-et-des-membres-du-gouvernement-du-niger-dimportantes-decisions-prises-sur-les-questions-dinterets-communs\",\"url\":\"https:\/\/www.africa-press.net\/niger\/dossiers\/rencontre-de-travail-entre-une-delegation-algerienne-et-des-membres-du-gouvernement-du-niger-dimportantes-decisions-prises-sur-les-questions-dinterets-communs\",\"name\":\"Rencontre de travail entre une d\u00e9l\u00e9gation alg\u00e9rienne et des membres du gouvernement du Niger : D\u2019importantes d\u00e9cisions prises sur les questions d\u2019int\u00e9r\u00eats communs - niger\",\"isPartOf\":{\"@id\":\"https:\/\/www.africa-press.net\/niger\/#website\"},\"primaryImageOfPage\":{\"@id\":\"https:\/\/www.africa-press.net\/niger\/dossiers\/rencontre-de-travail-entre-une-delegation-algerienne-et-des-membres-du-gouvernement-du-niger-dimportantes-decisions-prises-sur-les-questions-dinterets-communs#primaryimage\"},\"image\":{\"@id\":\"https:\/\/www.africa-press.net\/niger\/dossiers\/rencontre-de-travail-entre-une-delegation-algerienne-et-des-membres-du-gouvernement-du-niger-dimportantes-decisions-prises-sur-les-questions-dinterets-communs#primaryimage\"},\"thumbnailUrl\":\"https:\/\/static.africa-press.net\/niger\/sites\/40\/2021\/09\/img-61379f075c530.jpg\",\"datePublished\":\"2021-09-07T18:18:18+00:00\",\"dateModified\":\"2021-10-03T20:22:40+00:00\",\"author\":{\"@id\":\"https:\/\/www.africa-press.net\/niger\/#\/schema\/person\/2b1cf3cd81a31e3cd26889ca66d677f1\"},\"description\":\"\ufeffDu 05 au 07 septembre 2021, M. Ramtane Lamamra, le Ministre des Affaires Etrang\u00e8res et de la Communaut\u00e9 Nationale \u00e0 l\u2019E ...\",\"breadcrumb\":{\"@id\":\"https:\/\/www.africa-press.net\/niger\/dossiers\/rencontre-de-travail-entre-une-delegation-algerienne-et-des-membres-du-gouvernement-du-niger-dimportantes-decisions-prises-sur-les-questions-dinterets-communs#breadcrumb\"},\"inLanguage\":\"fr-FR\",\"potentialAction\":[{\"@type\":\"ReadAction\",\"target\":[\"https:\/\/www.africa-press.net\/niger\/dossiers\/rencontre-de-travail-entre-une-delegation-algerienne-et-des-membres-du-gouvernement-du-niger-dimportantes-decisions-prises-sur-les-questions-dinterets-communs\"]}]},{\"@type\":\"ImageObject\",\"inLanguage\":\"fr-FR\",\"@id\":\"https:\/\/www.africa-press.net\/niger\/dossiers\/rencontre-de-travail-entre-une-delegation-algerienne-et-des-membres-du-gouvernement-du-niger-dimportantes-decisions-prises-sur-les-questions-dinterets-communs#primaryimage\",\"url\":\"https:\/\/static.africa-press.net\/niger\/sites\/40\/2021\/09\/img-61379f075c530.jpg\",\"contentUrl\":\"https:\/\/static.africa-press.net\/niger\/sites\/40\/2021\/09\/img-61379f075c530.jpg\",\"width\":720,\"height\":489,\"caption\":\"Rencontre de travail entre une d\u00e9l\u00e9gation alg\u00e9rienne et des membres du gouvernement du Niger : D\u2019importantes d\u00e9cisions prises sur les questions d\u2019int\u00e9r\u00eats communs\"},{\"@type\":\"BreadcrumbList\",\"@id\":\"https:\/\/www.africa-press.net\/niger\/dossiers\/rencontre-de-travail-entre-une-delegation-algerienne-et-des-membres-du-gouvernement-du-niger-dimportantes-decisions-prises-sur-les-questions-dinterets-communs#breadcrumb\",\"itemListElement\":[{\"@type\":\"ListItem\",\"position\":1,\"name\":\"Accueil\",\"item\":\"https:\/\/www.africa-press.net\/niger\/\"},{\"@type\":\"ListItem\",\"position\":2,\"name\":\"Rencontre de travail entre une d\u00e9l\u00e9gation alg\u00e9rienne et des membres du gouvernement du Niger : D\u2019importantes d\u00e9cisions prises sur les questions d\u2019int\u00e9r\u00eats communs\"}]},{\"@type\":\"WebSite\",\"@id\":\"https:\/\/www.africa-press.net\/niger\/#website\",\"url\":\"https:\/\/www.africa-press.net\/niger\/\",\"name\":\"niger\",\"description\":\"Just another Africa News Agency Sites site\",\"potentialAction\":[{\"@type\":\"SearchAction\",\"target\":{\"@type\":\"EntryPoint\",\"urlTemplate\":\"https:\/\/www.africa-press.net\/niger\/?s={search_term_string}\"},\"query-input\":{\"@type\":\"PropertyValueSpecification\",\"valueRequired\":true,\"valueName\":\"search_term_string\"}}],\"inLanguage\":\"fr-FR\"},{\"@type\":\"Person\",\"@id\":\"https:\/\/www.africa-press.net\/niger\/#\/schema\/person\/2b1cf3cd81a31e3cd26889ca66d677f1\",\"name\":\"cfeditorfr\"}]}<\/script>\n<!-- \/ Yoast SEO Premium plugin. -->","yoast_head_json":{"title":"Rencontre de travail entre une d\u00e9l\u00e9gation alg\u00e9rienne et des membres du gouvernement du Niger : D\u2019importantes d\u00e9cisions prises sur les questions d\u2019int\u00e9r\u00eats communs - niger","description":"\ufeffDu 05 au 07 septembre 2021, M. Ramtane Lamamra, le Ministre des Affaires Etrang\u00e8res et de la Communaut\u00e9 Nationale \u00e0 l\u2019E ...","robots":{"index":"index","follow":"follow","max-snippet":"max-snippet:-1","max-image-preview":"max-image-preview:large","max-video-preview":"max-video-preview:-1"},"canonical":"https:\/\/www.africa-press.net\/niger\/dossiers\/rencontre-de-travail-entre-une-delegation-algerienne-et-des-membres-du-gouvernement-du-niger-dimportantes-decisions-prises-sur-les-questions-dinterets-communs","og_locale":"fr_FR","og_type":"article","og_title":"Rencontre de travail entre une d\u00e9l\u00e9gation alg\u00e9rienne et des membres du gouvernement du Niger : D\u2019importantes d\u00e9cisions prises sur les questions d\u2019int\u00e9r\u00eats communs","og_description":"\ufeffDu 05 au 07 septembre 2021, M. Ramtane Lamamra, le Ministre des Affaires Etrang\u00e8res et de la Communaut\u00e9 Nationale \u00e0 l\u2019E ...","og_url":"https:\/\/www.africa-press.net\/niger\/dossiers\/rencontre-de-travail-entre-une-delegation-algerienne-et-des-membres-du-gouvernement-du-niger-dimportantes-decisions-prises-sur-les-questions-dinterets-communs","og_site_name":"niger","article_published_time":"2021-09-07T18:18:18+00:00","article_modified_time":"2021-10-03T20:22:40+00:00","og_image":[{"width":720,"height":489,"url":"https:\/\/static.africa-press.net\/niger\/sites\/40\/2021\/09\/img-61379f075c530.jpg","type":"image\/jpeg"}],"author":"cfeditorfr","twitter_card":"summary_large_image","twitter_misc":{"\u00c9crit par":"cfeditorfr","Dur\u00e9e de lecture estim\u00e9e":"4 minutes"},"schema":{"@context":"https:\/\/schema.org","@graph":[{"@type":"Article","@id":"https:\/\/www.africa-press.net\/niger\/dossiers\/rencontre-de-travail-entre-une-delegation-algerienne-et-des-membres-du-gouvernement-du-niger-dimportantes-decisions-prises-sur-les-questions-dinterets-communs#article","isPartOf":{"@id":"https:\/\/www.africa-press.net\/niger\/dossiers\/rencontre-de-travail-entre-une-delegation-algerienne-et-des-membres-du-gouvernement-du-niger-dimportantes-decisions-prises-sur-les-questions-dinterets-communs"},"author":{"name":"cfeditorfr","@id":"https:\/\/www.africa-press.net\/niger\/#\/schema\/person\/2b1cf3cd81a31e3cd26889ca66d677f1"},"headline":"Rencontre de travail entre une d\u00e9l\u00e9gation alg\u00e9rienne et des membres du gouvernement du Niger : D\u2019importantes d\u00e9cisions prises sur les questions d\u2019int\u00e9r\u00eats communs","datePublished":"2021-09-07T18:18:18+00:00","dateModified":"2021-10-03T20:22:40+00:00","mainEntityOfPage":{"@id":"https:\/\/www.africa-press.net\/niger\/dossiers\/rencontre-de-travail-entre-une-delegation-algerienne-et-des-membres-du-gouvernement-du-niger-dimportantes-decisions-prises-sur-les-questions-dinterets-communs"},"wordCount":813,"commentCount":0,"image":{"@id":"https:\/\/www.africa-press.net\/niger\/dossiers\/rencontre-de-travail-entre-une-delegation-algerienne-et-des-membres-du-gouvernement-du-niger-dimportantes-decisions-prises-sur-les-questions-dinterets-communs#primaryimage"},"thumbnailUrl":"https:\/\/static.africa-press.net\/niger\/sites\/40\/2021\/09\/img-61379f075c530.jpg","keywords":["Africa Press","Africa Press-Niger","Niger"],"articleSection":["Dossiers","homepage-french","Politique","Toutes les actualit\u00e9s"],"inLanguage":"fr-FR","potentialAction":[{"@type":"CommentAction","name":"Comment","target":["https:\/\/www.africa-press.net\/niger\/dossiers\/rencontre-de-travail-entre-une-delegation-algerienne-et-des-membres-du-gouvernement-du-niger-dimportantes-decisions-prises-sur-les-questions-dinterets-communs#respond"]}]},{"@type":"WebPage","@id":"https:\/\/www.africa-press.net\/niger\/dossiers\/rencontre-de-travail-entre-une-delegation-algerienne-et-des-membres-du-gouvernement-du-niger-dimportantes-decisions-prises-sur-les-questions-dinterets-communs","url":"https:\/\/www.africa-press.net\/niger\/dossiers\/rencontre-de-travail-entre-une-delegation-algerienne-et-des-membres-du-gouvernement-du-niger-dimportantes-decisions-prises-sur-les-questions-dinterets-communs","name":"Rencontre de travail entre une d\u00e9l\u00e9gation alg\u00e9rienne et des membres du gouvernement du Niger : D\u2019importantes d\u00e9cisions prises sur les questions d\u2019int\u00e9r\u00eats communs - niger","isPartOf":{"@id":"https:\/\/www.africa-press.net\/niger\/#website"},"primaryImageOfPage":{"@id":"https:\/\/www.africa-press.net\/niger\/dossiers\/rencontre-de-travail-entre-une-delegation-algerienne-et-des-membres-du-gouvernement-du-niger-dimportantes-decisions-prises-sur-les-questions-dinterets-communs#primaryimage"},"image":{"@id":"https:\/\/www.africa-press.net\/niger\/dossiers\/rencontre-de-travail-entre-une-delegation-algerienne-et-des-membres-du-gouvernement-du-niger-dimportantes-decisions-prises-sur-les-questions-dinterets-communs#primaryimage"},"thumbnailUrl":"https:\/\/static.africa-press.net\/niger\/sites\/40\/2021\/09\/img-61379f075c530.jpg","datePublished":"2021-09-07T18:18:18+00:00","dateModified":"2021-10-03T20:22:40+00:00","author":{"@id":"https:\/\/www.africa-press.net\/niger\/#\/schema\/person\/2b1cf3cd81a31e3cd26889ca66d677f1"},"description":"\ufeffDu 05 au 07 septembre 2021, M. Ramtane Lamamra, le Ministre des Affaires Etrang\u00e8res et de la Communaut\u00e9 Nationale \u00e0 l\u2019E ...","breadcrumb":{"@id":"https:\/\/www.africa-press.net\/niger\/dossiers\/rencontre-de-travail-entre-une-delegation-algerienne-et-des-membres-du-gouvernement-du-niger-dimportantes-decisions-prises-sur-les-questions-dinterets-communs#breadcrumb"},"inLanguage":"fr-FR","potentialAction":[{"@type":"ReadAction","target":["https:\/\/www.africa-press.net\/niger\/dossiers\/rencontre-de-travail-entre-une-delegation-algerienne-et-des-membres-du-gouvernement-du-niger-dimportantes-decisions-prises-sur-les-questions-dinterets-communs"]}]},{"@type":"ImageObject","inLanguage":"fr-FR","@id":"https:\/\/www.africa-press.net\/niger\/dossiers\/rencontre-de-travail-entre-une-delegation-algerienne-et-des-membres-du-gouvernement-du-niger-dimportantes-decisions-prises-sur-les-questions-dinterets-communs#primaryimage","url":"https:\/\/static.africa-press.net\/niger\/sites\/40\/2021\/09\/img-61379f075c530.jpg","contentUrl":"https:\/\/static.africa-press.net\/niger\/sites\/40\/2021\/09\/img-61379f075c530.jpg","width":720,"height":489,"caption":"Rencontre de travail entre une d\u00e9l\u00e9gation alg\u00e9rienne et des membres du gouvernement du Niger : D\u2019importantes d\u00e9cisions prises sur les questions d\u2019int\u00e9r\u00eats communs"},{"@type":"BreadcrumbList","@id":"https:\/\/www.africa-press.net\/niger\/dossiers\/rencontre-de-travail-entre-une-delegation-algerienne-et-des-membres-du-gouvernement-du-niger-dimportantes-decisions-prises-sur-les-questions-dinterets-communs#breadcrumb","itemListElement":[{"@type":"ListItem","position":1,"name":"Accueil","item":"https:\/\/www.africa-press.net\/niger\/"},{"@type":"ListItem","position":2,"name":"Rencontre de travail entre une d\u00e9l\u00e9gation alg\u00e9rienne et des membres du gouvernement du Niger : D\u2019importantes d\u00e9cisions prises sur les questions d\u2019int\u00e9r\u00eats communs"}]},{"@type":"WebSite","@id":"https:\/\/www.africa-press.net\/niger\/#website","url":"https:\/\/www.africa-press.net\/niger\/","name":"niger","description":"Just another Africa News Agency Sites site","potentialAction":[{"@type":"SearchAction","target":{"@type":"EntryPoint","urlTemplate":"https:\/\/www.africa-press.net\/niger\/?s={search_term_string}"},"query-input":{"@type":"PropertyValueSpecification","valueRequired":true,"valueName":"search_term_string"}}],"inLanguage":"fr-FR"},{"@type":"Person","@id":"https:\/\/www.africa-press.net\/niger\/#\/schema\/person\/2b1cf3cd81a31e3cd26889ca66d677f1","name":"cfeditorfr"}]}},"_links":{"self":[{"href":"https:\/\/www.africa-press.net\/niger\/wp-json\/wp\/v2\/posts\/11350","targetHints":{"allow":["GET"]}}],"collection":[{"href":"https:\/\/www.africa-press.net\/niger\/wp-json\/wp\/v2\/posts"}],"about":[{"href":"https:\/\/www.africa-press.net\/niger\/wp-json\/wp\/v2\/types\/post"}],"author":[{"embeddable":true,"href":"https:\/\/www.africa-press.net\/niger\/wp-json\/wp\/v2\/users\/82"}],"replies":[{"embeddable":true,"href":"https:\/\/www.africa-press.net\/niger\/wp-json\/wp\/v2\/comments?post=11350"}],"version-history":[{"count":0,"href":"https:\/\/www.africa-press.net\/niger\/wp-json\/wp\/v2\/posts\/11350\/revisions"}],"wp:featuredmedia":[{"embeddable":true,"href":"https:\/\/www.africa-press.net\/niger\/wp-json\/wp\/v2\/media\/11349"}],"wp:attachment":[{"href":"https:\/\/www.africa-press.net\/niger\/wp-json\/wp\/v2\/media?parent=11350"}],"wp:term":[{"taxonomy":"category","embeddable":true,"href":"https:\/\/www.africa-press.net\/niger\/wp-json\/wp\/v2\/categories?post=11350"},{"taxonomy":"post_tag","embeddable":true,"href":"https:\/\/www.africa-press.net\/niger\/wp-json\/wp\/v2\/tags?post=11350"}],"curies":[{"name":"wp","href":"https:\/\/api.w.org\/{rel}","templated":true}]}}