{"id":11353,"date":"2021-09-07T18:25:35","date_gmt":"2021-09-07T18:25:35","guid":{"rendered":"https:\/\/www.africa-press.net\/niger\/?p=11353"},"modified":"2021-09-07T17:22:06","modified_gmt":"2021-09-07T17:22:06","slug":"echanges-a-niamey-entre-le-president-mohamed-bazoum-et-le-vice-president-du-conseil-presidentiel-de-letat-de-libye","status":"publish","type":"post","link":"https:\/\/www.africa-press.net\/niger\/politique\/echanges-a-niamey-entre-le-president-mohamed-bazoum-et-le-vice-president-du-conseil-presidentiel-de-letat-de-libye","title":{"rendered":"\u00c9changes \u00e0 Niamey entre le Pr\u00e9sident Mohamed Bazoum et le Vice-pr\u00e9sident du Conseil pr\u00e9sidentiel de l&rsquo;Etat de Libye"},"content":{"rendered":"<p><span style=\"color: #ff6600\"><strong><a href=\"https:\/\/www.africa-press.net\/\">Africa-Press<\/a> &#8211; <a href=\"https:\/\/www.africa-press.net\/niger\">Niger<\/a>. <\/strong><\/span>, 06 sept (ANP) &#8211; Le Pr\u00e9sident de la R\u00e9publique Mohamed Bazoum s&rsquo;est entretenu, dans l&rsquo;apr\u00e8s-midi de ce lundi 06 septembre 2021 \u00e0 Niamey, avec le Vice-pr\u00e9sident du Conseil pr\u00e9sidentiel de l&rsquo;Etat de Libye M. Moussa Al Konni, en visite de travail au Niger.<\/p>\n<p>Accueilli au Palais pr\u00e9sidentiel nig\u00e9rien par le Pr\u00e9sident Mohamed Bazoum, le Vice-pr\u00e9sident du Conseil pr\u00e9sidentiel de l&rsquo;Etat de Libye a eu ensuite un t\u00eate-\u00e0-t\u00eate avec son h\u00f4te du Niger.<\/p>\n<p>Peu apr\u00e8s, les deux personnalit\u00e9s ont eu une s\u00e9ance de travail \u00e9largie aux deux d\u00e9l\u00e9gations.<\/p>\n<p>Au sortir de la rencontre, M. Moussa Al Konni a tout d&rsquo;abord rappel\u00e9 qu&rsquo;il y a beaucoup de choses qui unissent le peuple du Niger \u00e0 celui de la Libye, avant d&rsquo;annoncer que les \u00e9changes ont notamment port\u00e9 sur comment conjuguer leurs efforts afin de contr\u00f4ler l&rsquo;immigration clandestine.<\/p>\n<p>Selon lui, la rencontre a aussi port\u00e9 sur l&rsquo;\u00e9conomie et la stabilit\u00e9 des fronti\u00e8res des deux Etats.<\/p>\n<p>Par la suite, le Vice-pr\u00e9sident libyen a ajout\u00e9 qu&rsquo;ils ont discut\u00e9 sur comment redynamiser l&rsquo;organisation de la Communaut\u00e9 des Etats Sah\u00e9lo-Sahariens (Cen-Sad), ainsi que de la r\u00e9union des Ministres des Affaires Etrang\u00e8res de cette Organisation commune.<\/p>\n<p>\u00ab Le Niger et la Libye sont deux pays unis par l&rsquo;histoire et la g\u00e9ographie, et c&rsquo;est un seul peuple. Les probl\u00e8mes de la Libye sont ceux du Niger. Nous en avons parl\u00e9s pour voir comment leur trouver des solutions ensemble \u00bb, a-t-il conclu.<\/p>\n<p>AIO\/KPM\/ANP- Septembre 2021<\/p>\n","protected":false},"excerpt":{"rendered":"<p>Africa-Press &#8211; Niger. , 06 sept (ANP) &#8211; Le Pr\u00e9sident de la R\u00e9publique Mohamed Bazoum s&rsquo;est entretenu, dans l&rsquo;apr\u00e8s-midi de ce lundi 06 septembre 2021 \u00e0 Niamey, avec le Vice-pr\u00e9sident du Conseil pr\u00e9sidentiel de l&rsquo;Etat de Libye M. Moussa Al Konni, en visite de travail au Niger. Accueilli au Palais pr\u00e9sidentiel nig\u00e9rien par le Pr\u00e9sident [&hellip;]<\/p>\n","protected":false},"author":82,"featured_media":11352,"comment_status":"open","ping_status":"closed","sticky":false,"template":"","format":"standard","meta":{"footnotes":""},"categories":[11,2,10],"tags":[55,60,29],"class_list":["post-11353","post","type-post","status-publish","format-standard","has-post-thumbnail","hentry","category-homepage-french","category-politique","category-toutes-les-actualites","tag-africa-press","tag-africa-press-niger","tag-niger"],"yoast_head":"<!-- This site is optimized with the Yoast SEO Premium plugin v26.1 (Yoast SEO v27.0) - https:\/\/yoast.com\/product\/yoast-seo-premium-wordpress\/ -->\n<title>\u00c9changes \u00e0 Niamey entre le Pr\u00e9sident Mohamed Bazoum et le Vice-pr\u00e9sident du Conseil pr\u00e9sidentiel de l&#039;Etat de Libye - niger<\/title>\n<meta name=\"description\" content=\", 06 sept (ANP) - Le Pr\u00e9sident de la R\u00e9publique Mohamed Bazoum s&#039;est entretenu, dans l&#039;apr\u00e8s-midi de ce lundi 06 septemb ...\" \/>\n<meta name=\"robots\" content=\"index, follow, max-snippet:-1, max-image-preview:large, max-video-preview:-1\" \/>\n<link rel=\"canonical\" href=\"https:\/\/www.africa-press.net\/niger\/politique\/echanges-a-niamey-entre-le-president-mohamed-bazoum-et-le-vice-president-du-conseil-presidentiel-de-letat-de-libye\" \/>\n<meta property=\"og:locale\" content=\"fr_FR\" \/>\n<meta property=\"og:type\" content=\"article\" \/>\n<meta property=\"og:title\" content=\"\u00c9changes \u00e0 Niamey entre le Pr\u00e9sident Mohamed Bazoum et le Vice-pr\u00e9sident du Conseil pr\u00e9sidentiel de l&#039;Etat de Libye\" \/>\n<meta property=\"og:description\" content=\", 06 sept (ANP) - Le Pr\u00e9sident de la R\u00e9publique Mohamed Bazoum s&#039;est entretenu, dans l&#039;apr\u00e8s-midi de ce lundi 06 septemb ...\" \/>\n<meta property=\"og:url\" content=\"https:\/\/www.africa-press.net\/niger\/politique\/echanges-a-niamey-entre-le-president-mohamed-bazoum-et-le-vice-president-du-conseil-presidentiel-de-letat-de-libye\" \/>\n<meta property=\"og:site_name\" content=\"niger\" \/>\n<meta property=\"article:published_time\" content=\"2021-09-07T18:25:35+00:00\" \/>\n<meta property=\"og:image\" content=\"https:\/\/static.africa-press.net\/niger\/sites\/40\/2021\/09\/img-61379f8a74009.jpg\" \/>\n\t<meta property=\"og:image:width\" content=\"720\" \/>\n\t<meta property=\"og:image:height\" content=\"459\" \/>\n\t<meta property=\"og:image:type\" content=\"image\/jpeg\" \/>\n<meta name=\"author\" content=\"cfeditorfr\" \/>\n<meta name=\"twitter:card\" content=\"summary_large_image\" \/>\n<meta name=\"twitter:label1\" content=\"\u00c9crit par\" \/>\n\t<meta name=\"twitter:data1\" content=\"cfeditorfr\" \/>\n\t<meta name=\"twitter:label2\" content=\"Dur\u00e9e de lecture estim\u00e9e\" \/>\n\t<meta name=\"twitter:data2\" content=\"1 minute\" \/>\n<script type=\"application\/ld+json\" class=\"yoast-schema-graph\">{\"@context\":\"https:\/\/schema.org\",\"@graph\":[{\"@type\":\"Article\",\"@id\":\"https:\/\/www.africa-press.net\/niger\/politique\/echanges-a-niamey-entre-le-president-mohamed-bazoum-et-le-vice-president-du-conseil-presidentiel-de-letat-de-libye#article\",\"isPartOf\":{\"@id\":\"https:\/\/www.africa-press.net\/niger\/politique\/echanges-a-niamey-entre-le-president-mohamed-bazoum-et-le-vice-president-du-conseil-presidentiel-de-letat-de-libye\"},\"author\":{\"name\":\"cfeditorfr\",\"@id\":\"https:\/\/www.africa-press.net\/niger\/#\/schema\/person\/2b1cf3cd81a31e3cd26889ca66d677f1\"},\"headline\":\"\u00c9changes \u00e0 Niamey entre le Pr\u00e9sident Mohamed Bazoum et le Vice-pr\u00e9sident du Conseil pr\u00e9sidentiel de l&rsquo;Etat de Libye\",\"datePublished\":\"2021-09-07T18:25:35+00:00\",\"mainEntityOfPage\":{\"@id\":\"https:\/\/www.africa-press.net\/niger\/politique\/echanges-a-niamey-entre-le-president-mohamed-bazoum-et-le-vice-president-du-conseil-presidentiel-de-letat-de-libye\"},\"wordCount\":294,\"commentCount\":0,\"image\":{\"@id\":\"https:\/\/www.africa-press.net\/niger\/politique\/echanges-a-niamey-entre-le-president-mohamed-bazoum-et-le-vice-president-du-conseil-presidentiel-de-letat-de-libye#primaryimage\"},\"thumbnailUrl\":\"https:\/\/static.africa-press.net\/niger\/sites\/40\/2021\/09\/img-61379f8a74009.jpg\",\"keywords\":[\"Africa Press\",\"Africa Press-Niger\",\"Niger\"],\"articleSection\":[\"homepage-french\",\"Politique\",\"Toutes les actualit\u00e9s\"],\"inLanguage\":\"fr-FR\",\"potentialAction\":[{\"@type\":\"CommentAction\",\"name\":\"Comment\",\"target\":[\"https:\/\/www.africa-press.net\/niger\/politique\/echanges-a-niamey-entre-le-president-mohamed-bazoum-et-le-vice-president-du-conseil-presidentiel-de-letat-de-libye#respond\"]}]},{\"@type\":\"WebPage\",\"@id\":\"https:\/\/www.africa-press.net\/niger\/politique\/echanges-a-niamey-entre-le-president-mohamed-bazoum-et-le-vice-president-du-conseil-presidentiel-de-letat-de-libye\",\"url\":\"https:\/\/www.africa-press.net\/niger\/politique\/echanges-a-niamey-entre-le-president-mohamed-bazoum-et-le-vice-president-du-conseil-presidentiel-de-letat-de-libye\",\"name\":\"\u00c9changes \u00e0 Niamey entre le Pr\u00e9sident Mohamed Bazoum et le Vice-pr\u00e9sident du Conseil pr\u00e9sidentiel de l'Etat de Libye - niger\",\"isPartOf\":{\"@id\":\"https:\/\/www.africa-press.net\/niger\/#website\"},\"primaryImageOfPage\":{\"@id\":\"https:\/\/www.africa-press.net\/niger\/politique\/echanges-a-niamey-entre-le-president-mohamed-bazoum-et-le-vice-president-du-conseil-presidentiel-de-letat-de-libye#primaryimage\"},\"image\":{\"@id\":\"https:\/\/www.africa-press.net\/niger\/politique\/echanges-a-niamey-entre-le-president-mohamed-bazoum-et-le-vice-president-du-conseil-presidentiel-de-letat-de-libye#primaryimage\"},\"thumbnailUrl\":\"https:\/\/static.africa-press.net\/niger\/sites\/40\/2021\/09\/img-61379f8a74009.jpg\",\"datePublished\":\"2021-09-07T18:25:35+00:00\",\"author\":{\"@id\":\"https:\/\/www.africa-press.net\/niger\/#\/schema\/person\/2b1cf3cd81a31e3cd26889ca66d677f1\"},\"description\":\", 06 sept (ANP) - Le Pr\u00e9sident de la R\u00e9publique Mohamed Bazoum s'est entretenu, dans l'apr\u00e8s-midi de ce lundi 06 septemb ...\",\"breadcrumb\":{\"@id\":\"https:\/\/www.africa-press.net\/niger\/politique\/echanges-a-niamey-entre-le-president-mohamed-bazoum-et-le-vice-president-du-conseil-presidentiel-de-letat-de-libye#breadcrumb\"},\"inLanguage\":\"fr-FR\",\"potentialAction\":[{\"@type\":\"ReadAction\",\"target\":[\"https:\/\/www.africa-press.net\/niger\/politique\/echanges-a-niamey-entre-le-president-mohamed-bazoum-et-le-vice-president-du-conseil-presidentiel-de-letat-de-libye\"]}]},{\"@type\":\"ImageObject\",\"inLanguage\":\"fr-FR\",\"@id\":\"https:\/\/www.africa-press.net\/niger\/politique\/echanges-a-niamey-entre-le-president-mohamed-bazoum-et-le-vice-president-du-conseil-presidentiel-de-letat-de-libye#primaryimage\",\"url\":\"https:\/\/static.africa-press.net\/niger\/sites\/40\/2021\/09\/img-61379f8a74009.jpg\",\"contentUrl\":\"https:\/\/static.africa-press.net\/niger\/sites\/40\/2021\/09\/img-61379f8a74009.jpg\",\"width\":720,\"height\":459,\"caption\":\"\u00c9changes \u00e0 Niamey entre le Pr\u00e9sident Mohamed Bazoum et le Vice-pr\u00e9sident du Conseil pr\u00e9sidentiel de l'Etat de Libye\"},{\"@type\":\"BreadcrumbList\",\"@id\":\"https:\/\/www.africa-press.net\/niger\/politique\/echanges-a-niamey-entre-le-president-mohamed-bazoum-et-le-vice-president-du-conseil-presidentiel-de-letat-de-libye#breadcrumb\",\"itemListElement\":[{\"@type\":\"ListItem\",\"position\":1,\"name\":\"Accueil\",\"item\":\"https:\/\/www.africa-press.net\/niger\/\"},{\"@type\":\"ListItem\",\"position\":2,\"name\":\"\u00c9changes \u00e0 Niamey entre le Pr\u00e9sident Mohamed Bazoum et le Vice-pr\u00e9sident du Conseil pr\u00e9sidentiel de l&#8217;Etat de Libye\"}]},{\"@type\":\"WebSite\",\"@id\":\"https:\/\/www.africa-press.net\/niger\/#website\",\"url\":\"https:\/\/www.africa-press.net\/niger\/\",\"name\":\"niger\",\"description\":\"Just another Africa News Agency Sites site\",\"potentialAction\":[{\"@type\":\"SearchAction\",\"target\":{\"@type\":\"EntryPoint\",\"urlTemplate\":\"https:\/\/www.africa-press.net\/niger\/?s={search_term_string}\"},\"query-input\":{\"@type\":\"PropertyValueSpecification\",\"valueRequired\":true,\"valueName\":\"search_term_string\"}}],\"inLanguage\":\"fr-FR\"},{\"@type\":\"Person\",\"@id\":\"https:\/\/www.africa-press.net\/niger\/#\/schema\/person\/2b1cf3cd81a31e3cd26889ca66d677f1\",\"name\":\"cfeditorfr\"}]}<\/script>\n<!-- \/ Yoast SEO Premium plugin. -->","yoast_head_json":{"title":"\u00c9changes \u00e0 Niamey entre le Pr\u00e9sident Mohamed Bazoum et le Vice-pr\u00e9sident du Conseil pr\u00e9sidentiel de l'Etat de Libye - niger","description":", 06 sept (ANP) - Le Pr\u00e9sident de la R\u00e9publique Mohamed Bazoum s'est entretenu, dans l'apr\u00e8s-midi de ce lundi 06 septemb ...","robots":{"index":"index","follow":"follow","max-snippet":"max-snippet:-1","max-image-preview":"max-image-preview:large","max-video-preview":"max-video-preview:-1"},"canonical":"https:\/\/www.africa-press.net\/niger\/politique\/echanges-a-niamey-entre-le-president-mohamed-bazoum-et-le-vice-president-du-conseil-presidentiel-de-letat-de-libye","og_locale":"fr_FR","og_type":"article","og_title":"\u00c9changes \u00e0 Niamey entre le Pr\u00e9sident Mohamed Bazoum et le Vice-pr\u00e9sident du Conseil pr\u00e9sidentiel de l'Etat de Libye","og_description":", 06 sept (ANP) - Le Pr\u00e9sident de la R\u00e9publique Mohamed Bazoum s'est entretenu, dans l'apr\u00e8s-midi de ce lundi 06 septemb ...","og_url":"https:\/\/www.africa-press.net\/niger\/politique\/echanges-a-niamey-entre-le-president-mohamed-bazoum-et-le-vice-president-du-conseil-presidentiel-de-letat-de-libye","og_site_name":"niger","article_published_time":"2021-09-07T18:25:35+00:00","og_image":[{"width":720,"height":459,"url":"https:\/\/static.africa-press.net\/niger\/sites\/40\/2021\/09\/img-61379f8a74009.jpg","type":"image\/jpeg"}],"author":"cfeditorfr","twitter_card":"summary_large_image","twitter_misc":{"\u00c9crit par":"cfeditorfr","Dur\u00e9e de lecture estim\u00e9e":"1 minute"},"schema":{"@context":"https:\/\/schema.org","@graph":[{"@type":"Article","@id":"https:\/\/www.africa-press.net\/niger\/politique\/echanges-a-niamey-entre-le-president-mohamed-bazoum-et-le-vice-president-du-conseil-presidentiel-de-letat-de-libye#article","isPartOf":{"@id":"https:\/\/www.africa-press.net\/niger\/politique\/echanges-a-niamey-entre-le-president-mohamed-bazoum-et-le-vice-president-du-conseil-presidentiel-de-letat-de-libye"},"author":{"name":"cfeditorfr","@id":"https:\/\/www.africa-press.net\/niger\/#\/schema\/person\/2b1cf3cd81a31e3cd26889ca66d677f1"},"headline":"\u00c9changes \u00e0 Niamey entre le Pr\u00e9sident Mohamed Bazoum et le Vice-pr\u00e9sident du Conseil pr\u00e9sidentiel de l&rsquo;Etat de Libye","datePublished":"2021-09-07T18:25:35+00:00","mainEntityOfPage":{"@id":"https:\/\/www.africa-press.net\/niger\/politique\/echanges-a-niamey-entre-le-president-mohamed-bazoum-et-le-vice-president-du-conseil-presidentiel-de-letat-de-libye"},"wordCount":294,"commentCount":0,"image":{"@id":"https:\/\/www.africa-press.net\/niger\/politique\/echanges-a-niamey-entre-le-president-mohamed-bazoum-et-le-vice-president-du-conseil-presidentiel-de-letat-de-libye#primaryimage"},"thumbnailUrl":"https:\/\/static.africa-press.net\/niger\/sites\/40\/2021\/09\/img-61379f8a74009.jpg","keywords":["Africa Press","Africa Press-Niger","Niger"],"articleSection":["homepage-french","Politique","Toutes les actualit\u00e9s"],"inLanguage":"fr-FR","potentialAction":[{"@type":"CommentAction","name":"Comment","target":["https:\/\/www.africa-press.net\/niger\/politique\/echanges-a-niamey-entre-le-president-mohamed-bazoum-et-le-vice-president-du-conseil-presidentiel-de-letat-de-libye#respond"]}]},{"@type":"WebPage","@id":"https:\/\/www.africa-press.net\/niger\/politique\/echanges-a-niamey-entre-le-president-mohamed-bazoum-et-le-vice-president-du-conseil-presidentiel-de-letat-de-libye","url":"https:\/\/www.africa-press.net\/niger\/politique\/echanges-a-niamey-entre-le-president-mohamed-bazoum-et-le-vice-president-du-conseil-presidentiel-de-letat-de-libye","name":"\u00c9changes \u00e0 Niamey entre le Pr\u00e9sident Mohamed Bazoum et le Vice-pr\u00e9sident du Conseil pr\u00e9sidentiel de l'Etat de Libye - niger","isPartOf":{"@id":"https:\/\/www.africa-press.net\/niger\/#website"},"primaryImageOfPage":{"@id":"https:\/\/www.africa-press.net\/niger\/politique\/echanges-a-niamey-entre-le-president-mohamed-bazoum-et-le-vice-president-du-conseil-presidentiel-de-letat-de-libye#primaryimage"},"image":{"@id":"https:\/\/www.africa-press.net\/niger\/politique\/echanges-a-niamey-entre-le-president-mohamed-bazoum-et-le-vice-president-du-conseil-presidentiel-de-letat-de-libye#primaryimage"},"thumbnailUrl":"https:\/\/static.africa-press.net\/niger\/sites\/40\/2021\/09\/img-61379f8a74009.jpg","datePublished":"2021-09-07T18:25:35+00:00","author":{"@id":"https:\/\/www.africa-press.net\/niger\/#\/schema\/person\/2b1cf3cd81a31e3cd26889ca66d677f1"},"description":", 06 sept (ANP) - Le Pr\u00e9sident de la R\u00e9publique Mohamed Bazoum s'est entretenu, dans l'apr\u00e8s-midi de ce lundi 06 septemb ...","breadcrumb":{"@id":"https:\/\/www.africa-press.net\/niger\/politique\/echanges-a-niamey-entre-le-president-mohamed-bazoum-et-le-vice-president-du-conseil-presidentiel-de-letat-de-libye#breadcrumb"},"inLanguage":"fr-FR","potentialAction":[{"@type":"ReadAction","target":["https:\/\/www.africa-press.net\/niger\/politique\/echanges-a-niamey-entre-le-president-mohamed-bazoum-et-le-vice-president-du-conseil-presidentiel-de-letat-de-libye"]}]},{"@type":"ImageObject","inLanguage":"fr-FR","@id":"https:\/\/www.africa-press.net\/niger\/politique\/echanges-a-niamey-entre-le-president-mohamed-bazoum-et-le-vice-president-du-conseil-presidentiel-de-letat-de-libye#primaryimage","url":"https:\/\/static.africa-press.net\/niger\/sites\/40\/2021\/09\/img-61379f8a74009.jpg","contentUrl":"https:\/\/static.africa-press.net\/niger\/sites\/40\/2021\/09\/img-61379f8a74009.jpg","width":720,"height":459,"caption":"\u00c9changes \u00e0 Niamey entre le Pr\u00e9sident Mohamed Bazoum et le Vice-pr\u00e9sident du Conseil pr\u00e9sidentiel de l'Etat de Libye"},{"@type":"BreadcrumbList","@id":"https:\/\/www.africa-press.net\/niger\/politique\/echanges-a-niamey-entre-le-president-mohamed-bazoum-et-le-vice-president-du-conseil-presidentiel-de-letat-de-libye#breadcrumb","itemListElement":[{"@type":"ListItem","position":1,"name":"Accueil","item":"https:\/\/www.africa-press.net\/niger\/"},{"@type":"ListItem","position":2,"name":"\u00c9changes \u00e0 Niamey entre le Pr\u00e9sident Mohamed Bazoum et le Vice-pr\u00e9sident du Conseil pr\u00e9sidentiel de l&#8217;Etat de Libye"}]},{"@type":"WebSite","@id":"https:\/\/www.africa-press.net\/niger\/#website","url":"https:\/\/www.africa-press.net\/niger\/","name":"niger","description":"Just another Africa News Agency Sites site","potentialAction":[{"@type":"SearchAction","target":{"@type":"EntryPoint","urlTemplate":"https:\/\/www.africa-press.net\/niger\/?s={search_term_string}"},"query-input":{"@type":"PropertyValueSpecification","valueRequired":true,"valueName":"search_term_string"}}],"inLanguage":"fr-FR"},{"@type":"Person","@id":"https:\/\/www.africa-press.net\/niger\/#\/schema\/person\/2b1cf3cd81a31e3cd26889ca66d677f1","name":"cfeditorfr"}]}},"_links":{"self":[{"href":"https:\/\/www.africa-press.net\/niger\/wp-json\/wp\/v2\/posts\/11353","targetHints":{"allow":["GET"]}}],"collection":[{"href":"https:\/\/www.africa-press.net\/niger\/wp-json\/wp\/v2\/posts"}],"about":[{"href":"https:\/\/www.africa-press.net\/niger\/wp-json\/wp\/v2\/types\/post"}],"author":[{"embeddable":true,"href":"https:\/\/www.africa-press.net\/niger\/wp-json\/wp\/v2\/users\/82"}],"replies":[{"embeddable":true,"href":"https:\/\/www.africa-press.net\/niger\/wp-json\/wp\/v2\/comments?post=11353"}],"version-history":[{"count":0,"href":"https:\/\/www.africa-press.net\/niger\/wp-json\/wp\/v2\/posts\/11353\/revisions"}],"wp:featuredmedia":[{"embeddable":true,"href":"https:\/\/www.africa-press.net\/niger\/wp-json\/wp\/v2\/media\/11352"}],"wp:attachment":[{"href":"https:\/\/www.africa-press.net\/niger\/wp-json\/wp\/v2\/media?parent=11353"}],"wp:term":[{"taxonomy":"category","embeddable":true,"href":"https:\/\/www.africa-press.net\/niger\/wp-json\/wp\/v2\/categories?post=11353"},{"taxonomy":"post_tag","embeddable":true,"href":"https:\/\/www.africa-press.net\/niger\/wp-json\/wp\/v2\/tags?post=11353"}],"curies":[{"name":"wp","href":"https:\/\/api.w.org\/{rel}","templated":true}]}}