{"id":11356,"date":"2021-09-07T18:36:49","date_gmt":"2021-09-07T18:36:49","guid":{"rendered":"https:\/\/www.africa-press.net\/niger\/?p=11356"},"modified":"2021-09-07T17:24:46","modified_gmt":"2021-09-07T17:24:46","slug":"niamey-seance-de-travail-entre-le-ministre-des-affaires-etrangeres-du-niger-et-son-homologue-algerien","status":"publish","type":"post","link":"https:\/\/www.africa-press.net\/niger\/politique\/niamey-seance-de-travail-entre-le-ministre-des-affaires-etrangeres-du-niger-et-son-homologue-algerien","title":{"rendered":"Niamey: S\u00e9ance de travail entre le Ministre des Affaires \u00e9trang\u00e8res du Niger et son homologue alg\u00e9rien"},"content":{"rendered":"<p><span style=\"color: #ff6600\"><strong><a href=\"https:\/\/www.africa-press.net\/\">Africa-Press<\/a> &#8211; <a href=\"https:\/\/www.africa-press.net\/niger\">Niger<\/a>. <\/strong><\/span>,7 sept.(ANP)- Le Ministre d\u2019Etat, des Affaires \u00e9trang\u00e8res du Niger, M. Massaoudou Hassoumi a eu, ce lundi 06 septembre 2021 a l&rsquo;h\u00f4tel Radisson blu de Niamey, une s\u00e9ance de travail sur des questions d\u2019int\u00e9r\u00eats communs aux deux Etats, avec le Ministre Alg\u00e9rien des Affaires \u00e9trang\u00e8res, M. Ramtane Lamamra.<\/p>\n<p>En prenant la parole \u00e0 cette occasion, le Ministre d\u2019Etat Massaoudou a, tout d&rsquo;abord, fait un bref rappel des relations entre l\u2019Alg\u00e9rie et le Niger qui sont, selon lui, \u2018\u2019tr\u00e8s historiques\u2019\u2019.<\/p>\n<p>\u2018\u2019L&rsquo;Alg\u00e9rie est un pays amis et grand voisin avec qui nous partageons plus de 1000 km de fronti\u00e8re apr\u00e8s le Nigeria, c&rsquo;est un partenaire essentiel sur le plan \u00e9conomique, strat\u00e9gique, g\u00e9opolitique, un partenaire vital pour nous et pour la sous-r\u00e9gion, c&rsquo;est pour cela que nous consid\u00e9rons nos relations comme tr\u00e8s strat\u00e9giques\u2019\u2019 a expliqu\u00e9 M. Massaoudou.<\/p>\n<p>\u2018\u2019Notre axe de coop\u00e9ration est forc\u00e9ment Nord-Sud, au Nord l&rsquo;Alg\u00e9rie et le Nigeria au Sud\u2019\u2019 a-t-il poursuivi.<\/p>\n<p>\u2018\u2019Cette visite, qui est la premi\u00e8re du gouvernement Alg\u00e9rien et la premi\u00e8re pour Notre gouvernement, est tr\u00e8s importante pour l&rsquo;avenir de notre pays et des pays de la sous-r\u00e9gion, elle fait suite \u00e0 la visite du pr\u00e9sident Bazoum en Alg\u00e9rie qui a permis de r\u00e9chauffer les relations diplomatiques qui existaient d\u00e9j\u00e0\u2019\u2019 a pr\u00e9cis\u00e9 le Ministre Massaoudou pour qui \u2018\u2019l\u2019Alg\u00e9rie est un partenaire cl\u00e9 pour les pays riverains du Sahara\u2019\u2019.<\/p>\n<p>Cette s\u00e9ance de travail des deux d\u00e9l\u00e9gations a port\u00e9 sur des questions de d\u00e9fense et s\u00e9curit\u00e9, de l&rsquo;\u00e9nergie et du p\u00e9trole, du gazoduc, des mines, de la formation professionnelle et des questions relatives \u00e0 la migration.<\/p>\n<p>Le Ministre Alegien, M. Ramtane Lamamra a, quant \u00e0 lui, indiqu\u00e9 qu\u2019au cours de \u2018\u2019cette s\u00e9ance de travail nous allons \u00e9changer sur les sujets concernant le secteur de la d\u00e9fense et s\u00e9curit\u00e9 et la gestion des flux migratoires\u00a0\u00bb.<\/p>\n<p>M. Ramtane a rappel\u00e9 ses relations personnelles avec le Niger avant de pr\u00e9ciser que \u2018\u2019les orientations strat\u00e9giques qui ont \u00e9t\u00e9 d\u00e9termin\u00e9es au cours de la visite historique du pr\u00e9sident Bazoum en Alg\u00e9rie ont permis aux deux dirigeants de d\u00e9gager des horizons, de tracer des perspectives tr\u00e8s concr\u00e8tes pour nos relations bilat\u00e9rales\u2019\u2019.<\/p>\n<p>Rappelons que le Ministre alg\u00e9rien des affaires \u00e9trang\u00e8res est au Niger dans le cadre d\u2019une visite de travail de 48 heures<\/p>\n","protected":false},"excerpt":{"rendered":"<p>Africa-Press &#8211; Niger. ,7 sept.(ANP)- Le Ministre d\u2019Etat, des Affaires \u00e9trang\u00e8res du Niger, M. Massaoudou Hassoumi a eu, ce lundi 06 septembre 2021 a l&rsquo;h\u00f4tel Radisson blu de Niamey, une s\u00e9ance de travail sur des questions d\u2019int\u00e9r\u00eats communs aux deux Etats, avec le Ministre Alg\u00e9rien des Affaires \u00e9trang\u00e8res, M. Ramtane Lamamra. En prenant la parole [&hellip;]<\/p>\n","protected":false},"author":82,"featured_media":11355,"comment_status":"open","ping_status":"closed","sticky":false,"template":"","format":"standard","meta":{"footnotes":""},"categories":[11,2,10],"tags":[55,60,29],"class_list":["post-11356","post","type-post","status-publish","format-standard","has-post-thumbnail","hentry","category-homepage-french","category-politique","category-toutes-les-actualites","tag-africa-press","tag-africa-press-niger","tag-niger"],"yoast_head":"<!-- This site is optimized with the Yoast SEO Premium plugin v26.1 (Yoast SEO v27.0) - https:\/\/yoast.com\/product\/yoast-seo-premium-wordpress\/ -->\n<title>Niamey: S\u00e9ance de travail entre le Ministre des Affaires \u00e9trang\u00e8res du Niger et son homologue alg\u00e9rien - niger<\/title>\n<meta name=\"description\" content=\",7 sept.(ANP)- Le Ministre d\u2019Etat, des Affaires \u00e9trang\u00e8res du Niger, M. Massaoudou Hassoumi a eu, ce lundi 06 septembre ...\" \/>\n<meta name=\"robots\" content=\"index, follow, max-snippet:-1, max-image-preview:large, max-video-preview:-1\" \/>\n<link rel=\"canonical\" href=\"https:\/\/www.africa-press.net\/niger\/politique\/niamey-seance-de-travail-entre-le-ministre-des-affaires-etrangeres-du-niger-et-son-homologue-algerien\" \/>\n<meta property=\"og:locale\" content=\"fr_FR\" \/>\n<meta property=\"og:type\" content=\"article\" \/>\n<meta property=\"og:title\" content=\"Niamey: S\u00e9ance de travail entre le Ministre des Affaires \u00e9trang\u00e8res du Niger et son homologue alg\u00e9rien\" \/>\n<meta property=\"og:description\" content=\",7 sept.(ANP)- Le Ministre d\u2019Etat, des Affaires \u00e9trang\u00e8res du Niger, M. Massaoudou Hassoumi a eu, ce lundi 06 septembre ...\" \/>\n<meta property=\"og:url\" content=\"https:\/\/www.africa-press.net\/niger\/politique\/niamey-seance-de-travail-entre-le-ministre-des-affaires-etrangeres-du-niger-et-son-homologue-algerien\" \/>\n<meta property=\"og:site_name\" content=\"niger\" \/>\n<meta property=\"article:published_time\" content=\"2021-09-07T18:36:49+00:00\" \/>\n<meta property=\"og:image\" content=\"https:\/\/static.africa-press.net\/niger\/sites\/40\/2021\/09\/img-6137a0103b60e.jpg\" \/>\n\t<meta property=\"og:image:width\" content=\"1920\" \/>\n\t<meta property=\"og:image:height\" content=\"1440\" \/>\n\t<meta property=\"og:image:type\" content=\"image\/jpeg\" \/>\n<meta name=\"author\" content=\"cfeditorfr\" \/>\n<meta name=\"twitter:card\" content=\"summary_large_image\" \/>\n<meta name=\"twitter:label1\" content=\"\u00c9crit par\" \/>\n\t<meta name=\"twitter:data1\" content=\"cfeditorfr\" \/>\n\t<meta name=\"twitter:label2\" content=\"Dur\u00e9e de lecture estim\u00e9e\" \/>\n\t<meta name=\"twitter:data2\" content=\"2 minutes\" \/>\n<script type=\"application\/ld+json\" class=\"yoast-schema-graph\">{\"@context\":\"https:\/\/schema.org\",\"@graph\":[{\"@type\":\"Article\",\"@id\":\"https:\/\/www.africa-press.net\/niger\/politique\/niamey-seance-de-travail-entre-le-ministre-des-affaires-etrangeres-du-niger-et-son-homologue-algerien#article\",\"isPartOf\":{\"@id\":\"https:\/\/www.africa-press.net\/niger\/politique\/niamey-seance-de-travail-entre-le-ministre-des-affaires-etrangeres-du-niger-et-son-homologue-algerien\"},\"author\":{\"name\":\"cfeditorfr\",\"@id\":\"https:\/\/www.africa-press.net\/niger\/#\/schema\/person\/2b1cf3cd81a31e3cd26889ca66d677f1\"},\"headline\":\"Niamey: S\u00e9ance de travail entre le Ministre des Affaires \u00e9trang\u00e8res du Niger et son homologue alg\u00e9rien\",\"datePublished\":\"2021-09-07T18:36:49+00:00\",\"mainEntityOfPage\":{\"@id\":\"https:\/\/www.africa-press.net\/niger\/politique\/niamey-seance-de-travail-entre-le-ministre-des-affaires-etrangeres-du-niger-et-son-homologue-algerien\"},\"wordCount\":449,\"commentCount\":0,\"image\":{\"@id\":\"https:\/\/www.africa-press.net\/niger\/politique\/niamey-seance-de-travail-entre-le-ministre-des-affaires-etrangeres-du-niger-et-son-homologue-algerien#primaryimage\"},\"thumbnailUrl\":\"https:\/\/static.africa-press.net\/niger\/sites\/40\/2021\/09\/img-6137a0103b60e.jpg\",\"keywords\":[\"Africa Press\",\"Africa Press-Niger\",\"Niger\"],\"articleSection\":[\"homepage-french\",\"Politique\",\"Toutes les actualit\u00e9s\"],\"inLanguage\":\"fr-FR\",\"potentialAction\":[{\"@type\":\"CommentAction\",\"name\":\"Comment\",\"target\":[\"https:\/\/www.africa-press.net\/niger\/politique\/niamey-seance-de-travail-entre-le-ministre-des-affaires-etrangeres-du-niger-et-son-homologue-algerien#respond\"]}]},{\"@type\":\"WebPage\",\"@id\":\"https:\/\/www.africa-press.net\/niger\/politique\/niamey-seance-de-travail-entre-le-ministre-des-affaires-etrangeres-du-niger-et-son-homologue-algerien\",\"url\":\"https:\/\/www.africa-press.net\/niger\/politique\/niamey-seance-de-travail-entre-le-ministre-des-affaires-etrangeres-du-niger-et-son-homologue-algerien\",\"name\":\"Niamey: S\u00e9ance de travail entre le Ministre des Affaires \u00e9trang\u00e8res du Niger et son homologue alg\u00e9rien - niger\",\"isPartOf\":{\"@id\":\"https:\/\/www.africa-press.net\/niger\/#website\"},\"primaryImageOfPage\":{\"@id\":\"https:\/\/www.africa-press.net\/niger\/politique\/niamey-seance-de-travail-entre-le-ministre-des-affaires-etrangeres-du-niger-et-son-homologue-algerien#primaryimage\"},\"image\":{\"@id\":\"https:\/\/www.africa-press.net\/niger\/politique\/niamey-seance-de-travail-entre-le-ministre-des-affaires-etrangeres-du-niger-et-son-homologue-algerien#primaryimage\"},\"thumbnailUrl\":\"https:\/\/static.africa-press.net\/niger\/sites\/40\/2021\/09\/img-6137a0103b60e.jpg\",\"datePublished\":\"2021-09-07T18:36:49+00:00\",\"author\":{\"@id\":\"https:\/\/www.africa-press.net\/niger\/#\/schema\/person\/2b1cf3cd81a31e3cd26889ca66d677f1\"},\"description\":\",7 sept.(ANP)- Le Ministre d\u2019Etat, des Affaires \u00e9trang\u00e8res du Niger, M. Massaoudou Hassoumi a eu, ce lundi 06 septembre ...\",\"breadcrumb\":{\"@id\":\"https:\/\/www.africa-press.net\/niger\/politique\/niamey-seance-de-travail-entre-le-ministre-des-affaires-etrangeres-du-niger-et-son-homologue-algerien#breadcrumb\"},\"inLanguage\":\"fr-FR\",\"potentialAction\":[{\"@type\":\"ReadAction\",\"target\":[\"https:\/\/www.africa-press.net\/niger\/politique\/niamey-seance-de-travail-entre-le-ministre-des-affaires-etrangeres-du-niger-et-son-homologue-algerien\"]}]},{\"@type\":\"ImageObject\",\"inLanguage\":\"fr-FR\",\"@id\":\"https:\/\/www.africa-press.net\/niger\/politique\/niamey-seance-de-travail-entre-le-ministre-des-affaires-etrangeres-du-niger-et-son-homologue-algerien#primaryimage\",\"url\":\"https:\/\/static.africa-press.net\/niger\/sites\/40\/2021\/09\/img-6137a0103b60e.jpg\",\"contentUrl\":\"https:\/\/static.africa-press.net\/niger\/sites\/40\/2021\/09\/img-6137a0103b60e.jpg\",\"width\":1920,\"height\":1440,\"caption\":\"Niamey: S\u00e9ance de travail entre le Ministre des Affaires \u00e9trang\u00e8res du Niger et son homologue alg\u00e9rien\"},{\"@type\":\"BreadcrumbList\",\"@id\":\"https:\/\/www.africa-press.net\/niger\/politique\/niamey-seance-de-travail-entre-le-ministre-des-affaires-etrangeres-du-niger-et-son-homologue-algerien#breadcrumb\",\"itemListElement\":[{\"@type\":\"ListItem\",\"position\":1,\"name\":\"Accueil\",\"item\":\"https:\/\/www.africa-press.net\/niger\/\"},{\"@type\":\"ListItem\",\"position\":2,\"name\":\"Niamey: S\u00e9ance de travail entre le Ministre des Affaires \u00e9trang\u00e8res du Niger et son homologue alg\u00e9rien\"}]},{\"@type\":\"WebSite\",\"@id\":\"https:\/\/www.africa-press.net\/niger\/#website\",\"url\":\"https:\/\/www.africa-press.net\/niger\/\",\"name\":\"niger\",\"description\":\"Just another Africa News Agency Sites site\",\"potentialAction\":[{\"@type\":\"SearchAction\",\"target\":{\"@type\":\"EntryPoint\",\"urlTemplate\":\"https:\/\/www.africa-press.net\/niger\/?s={search_term_string}\"},\"query-input\":{\"@type\":\"PropertyValueSpecification\",\"valueRequired\":true,\"valueName\":\"search_term_string\"}}],\"inLanguage\":\"fr-FR\"},{\"@type\":\"Person\",\"@id\":\"https:\/\/www.africa-press.net\/niger\/#\/schema\/person\/2b1cf3cd81a31e3cd26889ca66d677f1\",\"name\":\"cfeditorfr\"}]}<\/script>\n<!-- \/ Yoast SEO Premium plugin. -->","yoast_head_json":{"title":"Niamey: S\u00e9ance de travail entre le Ministre des Affaires \u00e9trang\u00e8res du Niger et son homologue alg\u00e9rien - niger","description":",7 sept.(ANP)- Le Ministre d\u2019Etat, des Affaires \u00e9trang\u00e8res du Niger, M. Massaoudou Hassoumi a eu, ce lundi 06 septembre ...","robots":{"index":"index","follow":"follow","max-snippet":"max-snippet:-1","max-image-preview":"max-image-preview:large","max-video-preview":"max-video-preview:-1"},"canonical":"https:\/\/www.africa-press.net\/niger\/politique\/niamey-seance-de-travail-entre-le-ministre-des-affaires-etrangeres-du-niger-et-son-homologue-algerien","og_locale":"fr_FR","og_type":"article","og_title":"Niamey: S\u00e9ance de travail entre le Ministre des Affaires \u00e9trang\u00e8res du Niger et son homologue alg\u00e9rien","og_description":",7 sept.(ANP)- Le Ministre d\u2019Etat, des Affaires \u00e9trang\u00e8res du Niger, M. Massaoudou Hassoumi a eu, ce lundi 06 septembre ...","og_url":"https:\/\/www.africa-press.net\/niger\/politique\/niamey-seance-de-travail-entre-le-ministre-des-affaires-etrangeres-du-niger-et-son-homologue-algerien","og_site_name":"niger","article_published_time":"2021-09-07T18:36:49+00:00","og_image":[{"width":1920,"height":1440,"url":"https:\/\/static.africa-press.net\/niger\/sites\/40\/2021\/09\/img-6137a0103b60e.jpg","type":"image\/jpeg"}],"author":"cfeditorfr","twitter_card":"summary_large_image","twitter_misc":{"\u00c9crit par":"cfeditorfr","Dur\u00e9e de lecture estim\u00e9e":"2 minutes"},"schema":{"@context":"https:\/\/schema.org","@graph":[{"@type":"Article","@id":"https:\/\/www.africa-press.net\/niger\/politique\/niamey-seance-de-travail-entre-le-ministre-des-affaires-etrangeres-du-niger-et-son-homologue-algerien#article","isPartOf":{"@id":"https:\/\/www.africa-press.net\/niger\/politique\/niamey-seance-de-travail-entre-le-ministre-des-affaires-etrangeres-du-niger-et-son-homologue-algerien"},"author":{"name":"cfeditorfr","@id":"https:\/\/www.africa-press.net\/niger\/#\/schema\/person\/2b1cf3cd81a31e3cd26889ca66d677f1"},"headline":"Niamey: S\u00e9ance de travail entre le Ministre des Affaires \u00e9trang\u00e8res du Niger et son homologue alg\u00e9rien","datePublished":"2021-09-07T18:36:49+00:00","mainEntityOfPage":{"@id":"https:\/\/www.africa-press.net\/niger\/politique\/niamey-seance-de-travail-entre-le-ministre-des-affaires-etrangeres-du-niger-et-son-homologue-algerien"},"wordCount":449,"commentCount":0,"image":{"@id":"https:\/\/www.africa-press.net\/niger\/politique\/niamey-seance-de-travail-entre-le-ministre-des-affaires-etrangeres-du-niger-et-son-homologue-algerien#primaryimage"},"thumbnailUrl":"https:\/\/static.africa-press.net\/niger\/sites\/40\/2021\/09\/img-6137a0103b60e.jpg","keywords":["Africa Press","Africa Press-Niger","Niger"],"articleSection":["homepage-french","Politique","Toutes les actualit\u00e9s"],"inLanguage":"fr-FR","potentialAction":[{"@type":"CommentAction","name":"Comment","target":["https:\/\/www.africa-press.net\/niger\/politique\/niamey-seance-de-travail-entre-le-ministre-des-affaires-etrangeres-du-niger-et-son-homologue-algerien#respond"]}]},{"@type":"WebPage","@id":"https:\/\/www.africa-press.net\/niger\/politique\/niamey-seance-de-travail-entre-le-ministre-des-affaires-etrangeres-du-niger-et-son-homologue-algerien","url":"https:\/\/www.africa-press.net\/niger\/politique\/niamey-seance-de-travail-entre-le-ministre-des-affaires-etrangeres-du-niger-et-son-homologue-algerien","name":"Niamey: S\u00e9ance de travail entre le Ministre des Affaires \u00e9trang\u00e8res du Niger et son homologue alg\u00e9rien - niger","isPartOf":{"@id":"https:\/\/www.africa-press.net\/niger\/#website"},"primaryImageOfPage":{"@id":"https:\/\/www.africa-press.net\/niger\/politique\/niamey-seance-de-travail-entre-le-ministre-des-affaires-etrangeres-du-niger-et-son-homologue-algerien#primaryimage"},"image":{"@id":"https:\/\/www.africa-press.net\/niger\/politique\/niamey-seance-de-travail-entre-le-ministre-des-affaires-etrangeres-du-niger-et-son-homologue-algerien#primaryimage"},"thumbnailUrl":"https:\/\/static.africa-press.net\/niger\/sites\/40\/2021\/09\/img-6137a0103b60e.jpg","datePublished":"2021-09-07T18:36:49+00:00","author":{"@id":"https:\/\/www.africa-press.net\/niger\/#\/schema\/person\/2b1cf3cd81a31e3cd26889ca66d677f1"},"description":",7 sept.(ANP)- Le Ministre d\u2019Etat, des Affaires \u00e9trang\u00e8res du Niger, M. Massaoudou Hassoumi a eu, ce lundi 06 septembre ...","breadcrumb":{"@id":"https:\/\/www.africa-press.net\/niger\/politique\/niamey-seance-de-travail-entre-le-ministre-des-affaires-etrangeres-du-niger-et-son-homologue-algerien#breadcrumb"},"inLanguage":"fr-FR","potentialAction":[{"@type":"ReadAction","target":["https:\/\/www.africa-press.net\/niger\/politique\/niamey-seance-de-travail-entre-le-ministre-des-affaires-etrangeres-du-niger-et-son-homologue-algerien"]}]},{"@type":"ImageObject","inLanguage":"fr-FR","@id":"https:\/\/www.africa-press.net\/niger\/politique\/niamey-seance-de-travail-entre-le-ministre-des-affaires-etrangeres-du-niger-et-son-homologue-algerien#primaryimage","url":"https:\/\/static.africa-press.net\/niger\/sites\/40\/2021\/09\/img-6137a0103b60e.jpg","contentUrl":"https:\/\/static.africa-press.net\/niger\/sites\/40\/2021\/09\/img-6137a0103b60e.jpg","width":1920,"height":1440,"caption":"Niamey: S\u00e9ance de travail entre le Ministre des Affaires \u00e9trang\u00e8res du Niger et son homologue alg\u00e9rien"},{"@type":"BreadcrumbList","@id":"https:\/\/www.africa-press.net\/niger\/politique\/niamey-seance-de-travail-entre-le-ministre-des-affaires-etrangeres-du-niger-et-son-homologue-algerien#breadcrumb","itemListElement":[{"@type":"ListItem","position":1,"name":"Accueil","item":"https:\/\/www.africa-press.net\/niger\/"},{"@type":"ListItem","position":2,"name":"Niamey: S\u00e9ance de travail entre le Ministre des Affaires \u00e9trang\u00e8res du Niger et son homologue alg\u00e9rien"}]},{"@type":"WebSite","@id":"https:\/\/www.africa-press.net\/niger\/#website","url":"https:\/\/www.africa-press.net\/niger\/","name":"niger","description":"Just another Africa News Agency Sites site","potentialAction":[{"@type":"SearchAction","target":{"@type":"EntryPoint","urlTemplate":"https:\/\/www.africa-press.net\/niger\/?s={search_term_string}"},"query-input":{"@type":"PropertyValueSpecification","valueRequired":true,"valueName":"search_term_string"}}],"inLanguage":"fr-FR"},{"@type":"Person","@id":"https:\/\/www.africa-press.net\/niger\/#\/schema\/person\/2b1cf3cd81a31e3cd26889ca66d677f1","name":"cfeditorfr"}]}},"_links":{"self":[{"href":"https:\/\/www.africa-press.net\/niger\/wp-json\/wp\/v2\/posts\/11356","targetHints":{"allow":["GET"]}}],"collection":[{"href":"https:\/\/www.africa-press.net\/niger\/wp-json\/wp\/v2\/posts"}],"about":[{"href":"https:\/\/www.africa-press.net\/niger\/wp-json\/wp\/v2\/types\/post"}],"author":[{"embeddable":true,"href":"https:\/\/www.africa-press.net\/niger\/wp-json\/wp\/v2\/users\/82"}],"replies":[{"embeddable":true,"href":"https:\/\/www.africa-press.net\/niger\/wp-json\/wp\/v2\/comments?post=11356"}],"version-history":[{"count":0,"href":"https:\/\/www.africa-press.net\/niger\/wp-json\/wp\/v2\/posts\/11356\/revisions"}],"wp:featuredmedia":[{"embeddable":true,"href":"https:\/\/www.africa-press.net\/niger\/wp-json\/wp\/v2\/media\/11355"}],"wp:attachment":[{"href":"https:\/\/www.africa-press.net\/niger\/wp-json\/wp\/v2\/media?parent=11356"}],"wp:term":[{"taxonomy":"category","embeddable":true,"href":"https:\/\/www.africa-press.net\/niger\/wp-json\/wp\/v2\/categories?post=11356"},{"taxonomy":"post_tag","embeddable":true,"href":"https:\/\/www.africa-press.net\/niger\/wp-json\/wp\/v2\/tags?post=11356"}],"curies":[{"name":"wp","href":"https:\/\/api.w.org\/{rel}","templated":true}]}}