{"id":11365,"date":"2021-09-07T19:05:56","date_gmt":"2021-09-07T19:05:56","guid":{"rendered":"https:\/\/www.africa-press.net\/niger\/?p=11365"},"modified":"2021-09-07T17:30:19","modified_gmt":"2021-09-07T17:30:19","slug":"le-premier-ministre-ouhoumoudou-sur-les-sites-de-relogement-des-sinistres-des-inondations-de-niamey","status":"publish","type":"post","link":"https:\/\/www.africa-press.net\/niger\/politique\/le-premier-ministre-ouhoumoudou-sur-les-sites-de-relogement-des-sinistres-des-inondations-de-niamey","title":{"rendered":"Le Premier Ministre Ouhoumoudou sur les sites de relogement des sinistr\u00e9s des inondations de Niamey"},"content":{"rendered":"<p><span style=\"color: #ff6600\"><strong><a href=\"https:\/\/www.africa-press.net\/\">Africa-Press<\/a> &#8211; <a href=\"https:\/\/www.africa-press.net\/niger\">Niger<\/a>. <\/strong><\/span>Le Premier Ministre Mr Ouhoumoudou Mahamadou a visit\u00e9, ce Mardi 07 septembre 2021, les sites de relogement du camp Gamou des sinistr\u00e9s des inondations.<\/p>\n<p>C\u2019\u00e9tait en comp agnie du Ministre en charge de l\u2019action Humanitaire et de la gestion des catastrophes, Mr Lawan Magagi, du 2e vice-pr\u00e9sident de la ville de Niamey, Mr Djibo Hamidou, du gouverneur de la r\u00e9gion de Niamey et du commandant du groupement National des sapeurs-pompiers, col. Sidi Mohamed.<\/p>\n<p>En s\u2019adressant aux sinistr\u00e9s, le Premier Ministre a tenu \u00e0 f\u00e9liciter tous les sinistr\u00e9s qui se sont d\u00e9plac\u00e9s pour venir s\u2019installer au camp Gamou, et il leur a aussi promis que \u2018\u2019d\u2019ici peu de temps tout va rentrer dans l\u2019ordre et que le gouvernement va faire tout son possible pour que l\u2019\u00e9lectricit\u00e9 puisse venir \u00e0 leurs niveaux\u2019\u2019.<\/p>\n<p>Le Premier Ministre a demand\u00e9 aux sinistr\u00e9s \u2018\u2019d\u2019\u00eatre patients\u2019\u2019 tout en les assurant qu\u2019avec l\u2019aide des forces de s\u00e9curit\u00e9, leur \u2018\u2019s\u00e9curit\u00e9 sera garantie\u2019\u2019.<\/p>\n<p>Le Ministre de l\u2019action Humanitaire, Mr Lawan Magagi, quant \u00e0 lui, a expliqu\u00e9 que \u2018\u201940 classes pr\u00e9fabriqu\u00e9es seront install\u00e9es d\u2019ici 45 jours pour accueillir les enfants des sinistr\u00e9s \u00e0 la rentr\u00e9e prochaine\u2019\u2019.<\/p>\n<p>\u2018\u2019Les fournisseurs qui ont fourni les mat\u00e9riels de construction des tantes n\u2019ont pas fourni de bons mat\u00e9riels, et cela cause beaucoup de probl\u00e8mes pour les sinistr\u00e9s, surtout avec le vent qui souffle violement\u2019\u2019 a fait savoir le Ministre Lawan Magagi.<\/p>\n<p>En prenant la parole \u00e0 cette occasion, le commandant du groupement national des sapeurs-pompiers Col. Sidi Mohamed a inform\u00e9 la d\u00e9l\u00e9gation du Premier Ministre du fait que \u2018\u2019700 sur 972 abris sont r\u00e9alis\u00e9s, 500 sur 972 m\u00e9nages ont \u00e9t\u00e9 relog\u00e9s \u00e0 la date du 07 septembre 2021\u2019\u2019.<\/p>\n<p>\u2018\u2019400 agents des forces de d\u00e9fense et de s\u00e9curit\u00e9 parmi lesquels 40 filles travaillent sur ce site, c\u2019est une exp\u00e9rience que de voir des filles travailler comme des gar\u00e7ons. Ils sont tous issus du contingent dont la plus grande partie vient de la classe 2020\u2019\u2019 a pr\u00e9cis\u00e9 le colonel Sidi.<\/p>\n<p>Ces agents des FDS proviennent du G\u00e9nie Militaire, du groupement national des sapeurs-pompiers, du centre d\u2019instruction de Tondibia.<\/p>\n<p>\u2018\u2019L\u2019arm\u00e9e est fortement impliqu\u00e9e actuellement dans la gestion de presque toutes les catastrophes\u2019\u2019 a soulign\u00e9 le Colonel sidi.<\/p>\n<p>Auparavant, Mme Aissa Bawa, sinistr\u00e9e du camp Gamou, a soutenu que \u2018\u2019 le gouvernement a beaucoup fait pour eux, parce que cela fait plus de 10 ans que nous avons \u00e9t\u00e9 victimes d\u2019inondations\u2019\u2019.<\/p>\n<p>\u2018\u2019Nous sommes tres contents d\u2019\u00eatre venus ici parce que, au moins, ici la pluie ne va causer des d\u00e9g\u00e2ts comme chaque ann\u00e9e\u2019\u2019 a-t-elle esp\u00e9r\u00e9 avant de lancer un appel \u00e0 l\u2019endroit des autorit\u00e9s pour qu\u2019elles leur construisent des \u2018\u2019tantes bien solides\u2019\u2019 et les aident financi\u00e8rement afin qu\u2019elles puissent \u2018\u2019subvenir aux besoins de leurs familles\u2019\u2019.<\/p>\n<p>Enfin, le pr\u00e9sident du comit\u00e9 du camp Gamou, Mr Almoustapha, a remerci\u00e9 les autorit\u00e9s politiques pour leurs gestes \u2018\u2019\u00e0 l\u2019\u00e9gard des sinistr\u00e9s\u2019\u2019.<\/p>\n<p>Les sinistr\u00e9s ont rassur\u00e9 les autorit\u00e9s qu\u2019ils vont \u2018\u2019construire leurs maisons dans cette cit\u00e9 afin de vivre en paix\u2019\u2019.<\/p>\n","protected":false},"excerpt":{"rendered":"<p>Africa-Press &#8211; Niger. Le Premier Ministre Mr Ouhoumoudou Mahamadou a visit\u00e9, ce Mardi 07 septembre 2021, les sites de relogement du camp Gamou des sinistr\u00e9s des inondations. C\u2019\u00e9tait en comp agnie du Ministre en charge de l\u2019action Humanitaire et de la gestion des catastrophes, Mr Lawan Magagi, du 2e vice-pr\u00e9sident de la ville de Niamey, [&hellip;]<\/p>\n","protected":false},"author":82,"featured_media":11364,"comment_status":"open","ping_status":"closed","sticky":false,"template":"","format":"standard","meta":{"footnotes":""},"categories":[11,2,20,10],"tags":[55,60,29],"class_list":["post-11365","post","type-post","status-publish","format-standard","has-post-thumbnail","hentry","category-homepage-french","category-politique","category-top-nouvelles","category-toutes-les-actualites","tag-africa-press","tag-africa-press-niger","tag-niger"],"yoast_head":"<!-- This site is optimized with the Yoast SEO Premium plugin v26.1 (Yoast SEO v27.0) - https:\/\/yoast.com\/product\/yoast-seo-premium-wordpress\/ -->\n<title>Le Premier Ministre Ouhoumoudou sur les sites de relogement des sinistr\u00e9s des inondations de Niamey - niger<\/title>\n<meta name=\"description\" content=\"Le Premier Ministre Mr Ouhoumoudou Mahamadou a visit\u00e9, ce Mardi 07 septembre 2021, les sites de relogement du camp Gamou ...\" \/>\n<meta name=\"robots\" content=\"index, follow, max-snippet:-1, max-image-preview:large, max-video-preview:-1\" \/>\n<link rel=\"canonical\" href=\"https:\/\/www.africa-press.net\/niger\/politique\/le-premier-ministre-ouhoumoudou-sur-les-sites-de-relogement-des-sinistres-des-inondations-de-niamey\" \/>\n<meta property=\"og:locale\" content=\"fr_FR\" \/>\n<meta property=\"og:type\" content=\"article\" \/>\n<meta property=\"og:title\" content=\"Le Premier Ministre Ouhoumoudou sur les sites de relogement des sinistr\u00e9s des inondations de Niamey\" \/>\n<meta property=\"og:description\" content=\"Le Premier Ministre Mr Ouhoumoudou Mahamadou a visit\u00e9, ce Mardi 07 septembre 2021, les sites de relogement du camp Gamou ...\" \/>\n<meta property=\"og:url\" content=\"https:\/\/www.africa-press.net\/niger\/politique\/le-premier-ministre-ouhoumoudou-sur-les-sites-de-relogement-des-sinistres-des-inondations-de-niamey\" \/>\n<meta property=\"og:site_name\" content=\"niger\" \/>\n<meta property=\"article:published_time\" content=\"2021-09-07T19:05:56+00:00\" \/>\n<meta property=\"og:image\" content=\"https:\/\/static.africa-press.net\/niger\/sites\/40\/2021\/09\/img-6137a17fc8cb6.jpg\" \/>\n\t<meta property=\"og:image:width\" content=\"1920\" \/>\n\t<meta property=\"og:image:height\" content=\"1280\" \/>\n\t<meta property=\"og:image:type\" content=\"image\/jpeg\" \/>\n<meta name=\"author\" content=\"cfeditorfr\" \/>\n<meta name=\"twitter:card\" content=\"summary_large_image\" \/>\n<meta name=\"twitter:label1\" content=\"\u00c9crit par\" \/>\n\t<meta name=\"twitter:data1\" content=\"cfeditorfr\" \/>\n\t<meta name=\"twitter:label2\" content=\"Dur\u00e9e de lecture estim\u00e9e\" \/>\n\t<meta name=\"twitter:data2\" content=\"3 minutes\" \/>\n<script type=\"application\/ld+json\" class=\"yoast-schema-graph\">{\"@context\":\"https:\/\/schema.org\",\"@graph\":[{\"@type\":\"Article\",\"@id\":\"https:\/\/www.africa-press.net\/niger\/politique\/le-premier-ministre-ouhoumoudou-sur-les-sites-de-relogement-des-sinistres-des-inondations-de-niamey#article\",\"isPartOf\":{\"@id\":\"https:\/\/www.africa-press.net\/niger\/politique\/le-premier-ministre-ouhoumoudou-sur-les-sites-de-relogement-des-sinistres-des-inondations-de-niamey\"},\"author\":{\"name\":\"cfeditorfr\",\"@id\":\"https:\/\/www.africa-press.net\/niger\/#\/schema\/person\/2b1cf3cd81a31e3cd26889ca66d677f1\"},\"headline\":\"Le Premier Ministre Ouhoumoudou sur les sites de relogement des sinistr\u00e9s des inondations de Niamey\",\"datePublished\":\"2021-09-07T19:05:56+00:00\",\"mainEntityOfPage\":{\"@id\":\"https:\/\/www.africa-press.net\/niger\/politique\/le-premier-ministre-ouhoumoudou-sur-les-sites-de-relogement-des-sinistres-des-inondations-de-niamey\"},\"wordCount\":551,\"commentCount\":0,\"image\":{\"@id\":\"https:\/\/www.africa-press.net\/niger\/politique\/le-premier-ministre-ouhoumoudou-sur-les-sites-de-relogement-des-sinistres-des-inondations-de-niamey#primaryimage\"},\"thumbnailUrl\":\"https:\/\/static.africa-press.net\/niger\/sites\/40\/2021\/09\/img-6137a17fc8cb6.jpg\",\"keywords\":[\"Africa Press\",\"Africa Press-Niger\",\"Niger\"],\"articleSection\":[\"homepage-french\",\"Politique\",\"Top Nouvelles\",\"Toutes les actualit\u00e9s\"],\"inLanguage\":\"fr-FR\",\"potentialAction\":[{\"@type\":\"CommentAction\",\"name\":\"Comment\",\"target\":[\"https:\/\/www.africa-press.net\/niger\/politique\/le-premier-ministre-ouhoumoudou-sur-les-sites-de-relogement-des-sinistres-des-inondations-de-niamey#respond\"]}]},{\"@type\":\"WebPage\",\"@id\":\"https:\/\/www.africa-press.net\/niger\/politique\/le-premier-ministre-ouhoumoudou-sur-les-sites-de-relogement-des-sinistres-des-inondations-de-niamey\",\"url\":\"https:\/\/www.africa-press.net\/niger\/politique\/le-premier-ministre-ouhoumoudou-sur-les-sites-de-relogement-des-sinistres-des-inondations-de-niamey\",\"name\":\"Le Premier Ministre Ouhoumoudou sur les sites de relogement des sinistr\u00e9s des inondations de Niamey - niger\",\"isPartOf\":{\"@id\":\"https:\/\/www.africa-press.net\/niger\/#website\"},\"primaryImageOfPage\":{\"@id\":\"https:\/\/www.africa-press.net\/niger\/politique\/le-premier-ministre-ouhoumoudou-sur-les-sites-de-relogement-des-sinistres-des-inondations-de-niamey#primaryimage\"},\"image\":{\"@id\":\"https:\/\/www.africa-press.net\/niger\/politique\/le-premier-ministre-ouhoumoudou-sur-les-sites-de-relogement-des-sinistres-des-inondations-de-niamey#primaryimage\"},\"thumbnailUrl\":\"https:\/\/static.africa-press.net\/niger\/sites\/40\/2021\/09\/img-6137a17fc8cb6.jpg\",\"datePublished\":\"2021-09-07T19:05:56+00:00\",\"author\":{\"@id\":\"https:\/\/www.africa-press.net\/niger\/#\/schema\/person\/2b1cf3cd81a31e3cd26889ca66d677f1\"},\"description\":\"Le Premier Ministre Mr Ouhoumoudou Mahamadou a visit\u00e9, ce Mardi 07 septembre 2021, les sites de relogement du camp Gamou ...\",\"breadcrumb\":{\"@id\":\"https:\/\/www.africa-press.net\/niger\/politique\/le-premier-ministre-ouhoumoudou-sur-les-sites-de-relogement-des-sinistres-des-inondations-de-niamey#breadcrumb\"},\"inLanguage\":\"fr-FR\",\"potentialAction\":[{\"@type\":\"ReadAction\",\"target\":[\"https:\/\/www.africa-press.net\/niger\/politique\/le-premier-ministre-ouhoumoudou-sur-les-sites-de-relogement-des-sinistres-des-inondations-de-niamey\"]}]},{\"@type\":\"ImageObject\",\"inLanguage\":\"fr-FR\",\"@id\":\"https:\/\/www.africa-press.net\/niger\/politique\/le-premier-ministre-ouhoumoudou-sur-les-sites-de-relogement-des-sinistres-des-inondations-de-niamey#primaryimage\",\"url\":\"https:\/\/static.africa-press.net\/niger\/sites\/40\/2021\/09\/img-6137a17fc8cb6.jpg\",\"contentUrl\":\"https:\/\/static.africa-press.net\/niger\/sites\/40\/2021\/09\/img-6137a17fc8cb6.jpg\",\"width\":1920,\"height\":1280,\"caption\":\"Le Premier Ministre Ouhoumoudou sur les sites de relogement des sinistr\u00e9s des inondations de Niamey\"},{\"@type\":\"BreadcrumbList\",\"@id\":\"https:\/\/www.africa-press.net\/niger\/politique\/le-premier-ministre-ouhoumoudou-sur-les-sites-de-relogement-des-sinistres-des-inondations-de-niamey#breadcrumb\",\"itemListElement\":[{\"@type\":\"ListItem\",\"position\":1,\"name\":\"Accueil\",\"item\":\"https:\/\/www.africa-press.net\/niger\/\"},{\"@type\":\"ListItem\",\"position\":2,\"name\":\"Le Premier Ministre Ouhoumoudou sur les sites de relogement des sinistr\u00e9s des inondations de Niamey\"}]},{\"@type\":\"WebSite\",\"@id\":\"https:\/\/www.africa-press.net\/niger\/#website\",\"url\":\"https:\/\/www.africa-press.net\/niger\/\",\"name\":\"niger\",\"description\":\"Just another Africa News Agency Sites site\",\"potentialAction\":[{\"@type\":\"SearchAction\",\"target\":{\"@type\":\"EntryPoint\",\"urlTemplate\":\"https:\/\/www.africa-press.net\/niger\/?s={search_term_string}\"},\"query-input\":{\"@type\":\"PropertyValueSpecification\",\"valueRequired\":true,\"valueName\":\"search_term_string\"}}],\"inLanguage\":\"fr-FR\"},{\"@type\":\"Person\",\"@id\":\"https:\/\/www.africa-press.net\/niger\/#\/schema\/person\/2b1cf3cd81a31e3cd26889ca66d677f1\",\"name\":\"cfeditorfr\"}]}<\/script>\n<!-- \/ Yoast SEO Premium plugin. -->","yoast_head_json":{"title":"Le Premier Ministre Ouhoumoudou sur les sites de relogement des sinistr\u00e9s des inondations de Niamey - niger","description":"Le Premier Ministre Mr Ouhoumoudou Mahamadou a visit\u00e9, ce Mardi 07 septembre 2021, les sites de relogement du camp Gamou ...","robots":{"index":"index","follow":"follow","max-snippet":"max-snippet:-1","max-image-preview":"max-image-preview:large","max-video-preview":"max-video-preview:-1"},"canonical":"https:\/\/www.africa-press.net\/niger\/politique\/le-premier-ministre-ouhoumoudou-sur-les-sites-de-relogement-des-sinistres-des-inondations-de-niamey","og_locale":"fr_FR","og_type":"article","og_title":"Le Premier Ministre Ouhoumoudou sur les sites de relogement des sinistr\u00e9s des inondations de Niamey","og_description":"Le Premier Ministre Mr Ouhoumoudou Mahamadou a visit\u00e9, ce Mardi 07 septembre 2021, les sites de relogement du camp Gamou ...","og_url":"https:\/\/www.africa-press.net\/niger\/politique\/le-premier-ministre-ouhoumoudou-sur-les-sites-de-relogement-des-sinistres-des-inondations-de-niamey","og_site_name":"niger","article_published_time":"2021-09-07T19:05:56+00:00","og_image":[{"width":1920,"height":1280,"url":"https:\/\/static.africa-press.net\/niger\/sites\/40\/2021\/09\/img-6137a17fc8cb6.jpg","type":"image\/jpeg"}],"author":"cfeditorfr","twitter_card":"summary_large_image","twitter_misc":{"\u00c9crit par":"cfeditorfr","Dur\u00e9e de lecture estim\u00e9e":"3 minutes"},"schema":{"@context":"https:\/\/schema.org","@graph":[{"@type":"Article","@id":"https:\/\/www.africa-press.net\/niger\/politique\/le-premier-ministre-ouhoumoudou-sur-les-sites-de-relogement-des-sinistres-des-inondations-de-niamey#article","isPartOf":{"@id":"https:\/\/www.africa-press.net\/niger\/politique\/le-premier-ministre-ouhoumoudou-sur-les-sites-de-relogement-des-sinistres-des-inondations-de-niamey"},"author":{"name":"cfeditorfr","@id":"https:\/\/www.africa-press.net\/niger\/#\/schema\/person\/2b1cf3cd81a31e3cd26889ca66d677f1"},"headline":"Le Premier Ministre Ouhoumoudou sur les sites de relogement des sinistr\u00e9s des inondations de Niamey","datePublished":"2021-09-07T19:05:56+00:00","mainEntityOfPage":{"@id":"https:\/\/www.africa-press.net\/niger\/politique\/le-premier-ministre-ouhoumoudou-sur-les-sites-de-relogement-des-sinistres-des-inondations-de-niamey"},"wordCount":551,"commentCount":0,"image":{"@id":"https:\/\/www.africa-press.net\/niger\/politique\/le-premier-ministre-ouhoumoudou-sur-les-sites-de-relogement-des-sinistres-des-inondations-de-niamey#primaryimage"},"thumbnailUrl":"https:\/\/static.africa-press.net\/niger\/sites\/40\/2021\/09\/img-6137a17fc8cb6.jpg","keywords":["Africa Press","Africa Press-Niger","Niger"],"articleSection":["homepage-french","Politique","Top Nouvelles","Toutes les actualit\u00e9s"],"inLanguage":"fr-FR","potentialAction":[{"@type":"CommentAction","name":"Comment","target":["https:\/\/www.africa-press.net\/niger\/politique\/le-premier-ministre-ouhoumoudou-sur-les-sites-de-relogement-des-sinistres-des-inondations-de-niamey#respond"]}]},{"@type":"WebPage","@id":"https:\/\/www.africa-press.net\/niger\/politique\/le-premier-ministre-ouhoumoudou-sur-les-sites-de-relogement-des-sinistres-des-inondations-de-niamey","url":"https:\/\/www.africa-press.net\/niger\/politique\/le-premier-ministre-ouhoumoudou-sur-les-sites-de-relogement-des-sinistres-des-inondations-de-niamey","name":"Le Premier Ministre Ouhoumoudou sur les sites de relogement des sinistr\u00e9s des inondations de Niamey - niger","isPartOf":{"@id":"https:\/\/www.africa-press.net\/niger\/#website"},"primaryImageOfPage":{"@id":"https:\/\/www.africa-press.net\/niger\/politique\/le-premier-ministre-ouhoumoudou-sur-les-sites-de-relogement-des-sinistres-des-inondations-de-niamey#primaryimage"},"image":{"@id":"https:\/\/www.africa-press.net\/niger\/politique\/le-premier-ministre-ouhoumoudou-sur-les-sites-de-relogement-des-sinistres-des-inondations-de-niamey#primaryimage"},"thumbnailUrl":"https:\/\/static.africa-press.net\/niger\/sites\/40\/2021\/09\/img-6137a17fc8cb6.jpg","datePublished":"2021-09-07T19:05:56+00:00","author":{"@id":"https:\/\/www.africa-press.net\/niger\/#\/schema\/person\/2b1cf3cd81a31e3cd26889ca66d677f1"},"description":"Le Premier Ministre Mr Ouhoumoudou Mahamadou a visit\u00e9, ce Mardi 07 septembre 2021, les sites de relogement du camp Gamou ...","breadcrumb":{"@id":"https:\/\/www.africa-press.net\/niger\/politique\/le-premier-ministre-ouhoumoudou-sur-les-sites-de-relogement-des-sinistres-des-inondations-de-niamey#breadcrumb"},"inLanguage":"fr-FR","potentialAction":[{"@type":"ReadAction","target":["https:\/\/www.africa-press.net\/niger\/politique\/le-premier-ministre-ouhoumoudou-sur-les-sites-de-relogement-des-sinistres-des-inondations-de-niamey"]}]},{"@type":"ImageObject","inLanguage":"fr-FR","@id":"https:\/\/www.africa-press.net\/niger\/politique\/le-premier-ministre-ouhoumoudou-sur-les-sites-de-relogement-des-sinistres-des-inondations-de-niamey#primaryimage","url":"https:\/\/static.africa-press.net\/niger\/sites\/40\/2021\/09\/img-6137a17fc8cb6.jpg","contentUrl":"https:\/\/static.africa-press.net\/niger\/sites\/40\/2021\/09\/img-6137a17fc8cb6.jpg","width":1920,"height":1280,"caption":"Le Premier Ministre Ouhoumoudou sur les sites de relogement des sinistr\u00e9s des inondations de Niamey"},{"@type":"BreadcrumbList","@id":"https:\/\/www.africa-press.net\/niger\/politique\/le-premier-ministre-ouhoumoudou-sur-les-sites-de-relogement-des-sinistres-des-inondations-de-niamey#breadcrumb","itemListElement":[{"@type":"ListItem","position":1,"name":"Accueil","item":"https:\/\/www.africa-press.net\/niger\/"},{"@type":"ListItem","position":2,"name":"Le Premier Ministre Ouhoumoudou sur les sites de relogement des sinistr\u00e9s des inondations de Niamey"}]},{"@type":"WebSite","@id":"https:\/\/www.africa-press.net\/niger\/#website","url":"https:\/\/www.africa-press.net\/niger\/","name":"niger","description":"Just another Africa News Agency Sites site","potentialAction":[{"@type":"SearchAction","target":{"@type":"EntryPoint","urlTemplate":"https:\/\/www.africa-press.net\/niger\/?s={search_term_string}"},"query-input":{"@type":"PropertyValueSpecification","valueRequired":true,"valueName":"search_term_string"}}],"inLanguage":"fr-FR"},{"@type":"Person","@id":"https:\/\/www.africa-press.net\/niger\/#\/schema\/person\/2b1cf3cd81a31e3cd26889ca66d677f1","name":"cfeditorfr"}]}},"_links":{"self":[{"href":"https:\/\/www.africa-press.net\/niger\/wp-json\/wp\/v2\/posts\/11365","targetHints":{"allow":["GET"]}}],"collection":[{"href":"https:\/\/www.africa-press.net\/niger\/wp-json\/wp\/v2\/posts"}],"about":[{"href":"https:\/\/www.africa-press.net\/niger\/wp-json\/wp\/v2\/types\/post"}],"author":[{"embeddable":true,"href":"https:\/\/www.africa-press.net\/niger\/wp-json\/wp\/v2\/users\/82"}],"replies":[{"embeddable":true,"href":"https:\/\/www.africa-press.net\/niger\/wp-json\/wp\/v2\/comments?post=11365"}],"version-history":[{"count":0,"href":"https:\/\/www.africa-press.net\/niger\/wp-json\/wp\/v2\/posts\/11365\/revisions"}],"wp:featuredmedia":[{"embeddable":true,"href":"https:\/\/www.africa-press.net\/niger\/wp-json\/wp\/v2\/media\/11364"}],"wp:attachment":[{"href":"https:\/\/www.africa-press.net\/niger\/wp-json\/wp\/v2\/media?parent=11365"}],"wp:term":[{"taxonomy":"category","embeddable":true,"href":"https:\/\/www.africa-press.net\/niger\/wp-json\/wp\/v2\/categories?post=11365"},{"taxonomy":"post_tag","embeddable":true,"href":"https:\/\/www.africa-press.net\/niger\/wp-json\/wp\/v2\/tags?post=11365"}],"curies":[{"name":"wp","href":"https:\/\/api.w.org\/{rel}","templated":true}]}}