{"id":11374,"date":"2021-09-08T13:11:13","date_gmt":"2021-09-08T13:11:13","guid":{"rendered":"https:\/\/www.africa-press.net\/niger\/?p=11374"},"modified":"2021-09-08T13:01:30","modified_gmt":"2021-09-08T13:01:30","slug":"transition-politique-au-mali-la-cedeao-sest-dite-preoccupee-par-linsuffisance-dactions-concretes-dans-la-preparation-des-elections-dans-le-pays","status":"publish","type":"post","link":"https:\/\/www.africa-press.net\/niger\/economie\/transition-politique-au-mali-la-cedeao-sest-dite-preoccupee-par-linsuffisance-dactions-concretes-dans-la-preparation-des-elections-dans-le-pays","title":{"rendered":"Transition politique au Mali\u00a0: La CEDEAO s\u2019est dite pr\u00e9occup\u00e9e par l\u2019insuffisance d\u2019actions concr\u00e8tes dans la pr\u00e9paration des \u00e9lections dans le pays"},"content":{"rendered":"<p><span style=\"color: #ff6600\"><strong><a href=\"https:\/\/www.africa-press.net\/\">Africa-Press<\/a> &#8211; <a href=\"https:\/\/www.africa-press.net\/niger\">Niger<\/a>. <\/strong><\/span>Une mission de la communaut\u00e9 \u00e9conomique des Etats de l\u2019Afrique de l\u2019Ouest (CEDEAO), qui a s\u00e9journ\u00e9 du 5 au 7 septembre \u00e0 Bamako au Mali, conduite par l\u2019ancien pr\u00e9sident nig\u00e9rian GoodLuck Jonathan, s\u2019est dite pr\u00e9occup\u00e9e par l\u2019insuffisance d\u2019actions concr\u00e8tes dans la pr\u00e9paration effective du processus \u00e9lectoral dans le pays, selon un communiqu\u00e9 de l\u2019institution dont l\u2019ANP a re\u00e7u copie.<\/p>\n<p>Cette mission de la CEDEAO, indique le communiqu\u00e9, avait pour objectif \u2018\u2019d\u2019\u00e9valuer le processus de transition, particuli\u00e8rement les progr\u00e8s dans la pr\u00e9paration des \u00e9lections pr\u00e9vues se tenir le 22 f\u00e9vrier 2022 selon le chronogramme trac\u00e9 par la conf\u00e9rence des Chefs d\u2019Etat et de gouvernement tenue \u00e0 Accra au Ghana le 15 septembre 2020\u2019\u2019.<\/p>\n<p>Elle vise \u00e9galement, selon toujours le m\u00eame communiqu\u00e9 de l\u2019institution, \u00e0 \u2018\u2019apporter le soutien de la CEDEAO dans la mise en \u0153uvre effective des actions prioritaires inscrites dans le plan d\u2019actions du gouvernement malien\u2019\u2019.<\/p>\n<p>Cependant, apr\u00e8s avoir rencontr\u00e9 tous les acteurs de la sc\u00e8ne politique malienne, la mission s\u2019est dite \u2018\u2019pr\u00e9occup\u00e9e par l\u2019insuffisance d\u2019actions concr\u00e8tes dans la pr\u00e9paration effective du processus \u00e9lectoral\u2019\u2019 rapporte le communiqu\u00e9 de la CEDEAO.<\/p>\n<p>A cet effet, la d\u00e9l\u00e9gation de la CEDEAO a rappel\u00e9 aux autorit\u00e9s de la transition malienne \u2018\u2019l\u2019importance du respect de la date des \u00e9lections annonc\u00e9e, afin de montrer la cr\u00e9dibilit\u00e9 du processus de transition, et les a encourag\u00e9es \u00e0 pr\u00e9senter rapidement un chronogramme d\u00e9taillant le calendrier, les reformes et actions prioritaires qu\u2019il urge d\u2019entreprendre pour la tenue des \u00e9lections pr\u00e9sidentielles et l\u00e9gislatives\u2019\u2019 indique le m\u00eame communiqu\u00e9.<\/p>\n<p>Pour r\u00e9ussir cette transition au Mali, la CEDEAO a recommand\u00e9 aux acteurs sociopolitiques de cet Etat ouest africain de \u2018\u2019travailler ensemble dans cette p\u00e9riode de transition afin de garantir la r\u00e9ussite du processus\u2019\u2019.<\/p>\n<p>L\u2019institution r\u00e9gionale r\u00e9it\u00e8re, enfin, dans ce communiqu\u00e9, son engagement \u00e0 accompagner le Mali pour \u2018\u2019une transition r\u00e9ussie\u2019\u2019.<\/p>\n","protected":false},"excerpt":{"rendered":"<p>Africa-Press &#8211; Niger. Une mission de la communaut\u00e9 \u00e9conomique des Etats de l\u2019Afrique de l\u2019Ouest (CEDEAO), qui a s\u00e9journ\u00e9 du 5 au 7 septembre \u00e0 Bamako au Mali, conduite par l\u2019ancien pr\u00e9sident nig\u00e9rian GoodLuck Jonathan, s\u2019est dite pr\u00e9occup\u00e9e par l\u2019insuffisance d\u2019actions concr\u00e8tes dans la pr\u00e9paration effective du processus \u00e9lectoral dans le pays, selon un communiqu\u00e9 [&hellip;]<\/p>\n","protected":false},"author":82,"featured_media":11373,"comment_status":"open","ping_status":"closed","sticky":false,"template":"","format":"standard","meta":{"footnotes":""},"categories":[3,11,10],"tags":[55,60,29],"class_list":["post-11374","post","type-post","status-publish","format-standard","has-post-thumbnail","hentry","category-economie","category-homepage-french","category-toutes-les-actualites","tag-africa-press","tag-africa-press-niger","tag-niger"],"yoast_head":"<!-- This site is optimized with the Yoast SEO Premium plugin v26.1 (Yoast SEO v27.0) - https:\/\/yoast.com\/product\/yoast-seo-premium-wordpress\/ -->\n<title>Transition politique au Mali\u00a0: La CEDEAO s\u2019est dite pr\u00e9occup\u00e9e par l\u2019insuffisance d\u2019actions concr\u00e8tes dans la pr\u00e9paration des \u00e9lections dans le pays - niger<\/title>\n<meta name=\"description\" content=\"Une mission de la communaut\u00e9 \u00e9conomique des Etats de l\u2019Afrique de l\u2019Ouest (CEDEAO), qui a s\u00e9journ\u00e9 du 5 au 7 septembre \u00e0 ...\" \/>\n<meta name=\"robots\" content=\"index, follow, max-snippet:-1, max-image-preview:large, max-video-preview:-1\" \/>\n<link rel=\"canonical\" href=\"https:\/\/www.africa-press.net\/niger\/economie\/transition-politique-au-mali-la-cedeao-sest-dite-preoccupee-par-linsuffisance-dactions-concretes-dans-la-preparation-des-elections-dans-le-pays\" \/>\n<meta property=\"og:locale\" content=\"fr_FR\" \/>\n<meta property=\"og:type\" content=\"article\" \/>\n<meta property=\"og:title\" content=\"Transition politique au Mali\u00a0: La CEDEAO s\u2019est dite pr\u00e9occup\u00e9e par l\u2019insuffisance d\u2019actions concr\u00e8tes dans la pr\u00e9paration des \u00e9lections dans le pays\" \/>\n<meta property=\"og:description\" content=\"Une mission de la communaut\u00e9 \u00e9conomique des Etats de l\u2019Afrique de l\u2019Ouest (CEDEAO), qui a s\u00e9journ\u00e9 du 5 au 7 septembre \u00e0 ...\" \/>\n<meta property=\"og:url\" content=\"https:\/\/www.africa-press.net\/niger\/economie\/transition-politique-au-mali-la-cedeao-sest-dite-preoccupee-par-linsuffisance-dactions-concretes-dans-la-preparation-des-elections-dans-le-pays\" \/>\n<meta property=\"og:site_name\" content=\"niger\" \/>\n<meta property=\"article:published_time\" content=\"2021-09-08T13:11:13+00:00\" \/>\n<meta property=\"og:image\" content=\"https:\/\/static.africa-press.net\/niger\/sites\/40\/2021\/09\/img-6138b408a1769.jpg\" \/>\n\t<meta property=\"og:image:width\" content=\"1498\" \/>\n\t<meta property=\"og:image:height\" content=\"1516\" \/>\n\t<meta property=\"og:image:type\" content=\"image\/jpeg\" \/>\n<meta name=\"author\" content=\"cfeditorfr\" \/>\n<meta name=\"twitter:card\" content=\"summary_large_image\" \/>\n<meta name=\"twitter:label1\" content=\"\u00c9crit par\" \/>\n\t<meta name=\"twitter:data1\" content=\"cfeditorfr\" \/>\n\t<meta name=\"twitter:label2\" content=\"Dur\u00e9e de lecture estim\u00e9e\" \/>\n\t<meta name=\"twitter:data2\" content=\"2 minutes\" \/>\n<script type=\"application\/ld+json\" class=\"yoast-schema-graph\">{\"@context\":\"https:\/\/schema.org\",\"@graph\":[{\"@type\":\"Article\",\"@id\":\"https:\/\/www.africa-press.net\/niger\/economie\/transition-politique-au-mali-la-cedeao-sest-dite-preoccupee-par-linsuffisance-dactions-concretes-dans-la-preparation-des-elections-dans-le-pays#article\",\"isPartOf\":{\"@id\":\"https:\/\/www.africa-press.net\/niger\/economie\/transition-politique-au-mali-la-cedeao-sest-dite-preoccupee-par-linsuffisance-dactions-concretes-dans-la-preparation-des-elections-dans-le-pays\"},\"author\":{\"name\":\"cfeditorfr\",\"@id\":\"https:\/\/www.africa-press.net\/niger\/#\/schema\/person\/2b1cf3cd81a31e3cd26889ca66d677f1\"},\"headline\":\"Transition politique au Mali\u00a0: La CEDEAO s\u2019est dite pr\u00e9occup\u00e9e par l\u2019insuffisance d\u2019actions concr\u00e8tes dans la pr\u00e9paration des \u00e9lections dans le pays\",\"datePublished\":\"2021-09-08T13:11:13+00:00\",\"mainEntityOfPage\":{\"@id\":\"https:\/\/www.africa-press.net\/niger\/economie\/transition-politique-au-mali-la-cedeao-sest-dite-preoccupee-par-linsuffisance-dactions-concretes-dans-la-preparation-des-elections-dans-le-pays\"},\"wordCount\":374,\"commentCount\":0,\"image\":{\"@id\":\"https:\/\/www.africa-press.net\/niger\/economie\/transition-politique-au-mali-la-cedeao-sest-dite-preoccupee-par-linsuffisance-dactions-concretes-dans-la-preparation-des-elections-dans-le-pays#primaryimage\"},\"thumbnailUrl\":\"https:\/\/static.africa-press.net\/niger\/sites\/40\/2021\/09\/img-6138b408a1769.jpg\",\"keywords\":[\"Africa Press\",\"Africa Press-Niger\",\"Niger\"],\"articleSection\":[\"\u00c9conomie\",\"homepage-french\",\"Toutes les actualit\u00e9s\"],\"inLanguage\":\"fr-FR\",\"potentialAction\":[{\"@type\":\"CommentAction\",\"name\":\"Comment\",\"target\":[\"https:\/\/www.africa-press.net\/niger\/economie\/transition-politique-au-mali-la-cedeao-sest-dite-preoccupee-par-linsuffisance-dactions-concretes-dans-la-preparation-des-elections-dans-le-pays#respond\"]}]},{\"@type\":\"WebPage\",\"@id\":\"https:\/\/www.africa-press.net\/niger\/economie\/transition-politique-au-mali-la-cedeao-sest-dite-preoccupee-par-linsuffisance-dactions-concretes-dans-la-preparation-des-elections-dans-le-pays\",\"url\":\"https:\/\/www.africa-press.net\/niger\/economie\/transition-politique-au-mali-la-cedeao-sest-dite-preoccupee-par-linsuffisance-dactions-concretes-dans-la-preparation-des-elections-dans-le-pays\",\"name\":\"Transition politique au Mali\u00a0: La CEDEAO s\u2019est dite pr\u00e9occup\u00e9e par l\u2019insuffisance d\u2019actions concr\u00e8tes dans la pr\u00e9paration des \u00e9lections dans le pays - niger\",\"isPartOf\":{\"@id\":\"https:\/\/www.africa-press.net\/niger\/#website\"},\"primaryImageOfPage\":{\"@id\":\"https:\/\/www.africa-press.net\/niger\/economie\/transition-politique-au-mali-la-cedeao-sest-dite-preoccupee-par-linsuffisance-dactions-concretes-dans-la-preparation-des-elections-dans-le-pays#primaryimage\"},\"image\":{\"@id\":\"https:\/\/www.africa-press.net\/niger\/economie\/transition-politique-au-mali-la-cedeao-sest-dite-preoccupee-par-linsuffisance-dactions-concretes-dans-la-preparation-des-elections-dans-le-pays#primaryimage\"},\"thumbnailUrl\":\"https:\/\/static.africa-press.net\/niger\/sites\/40\/2021\/09\/img-6138b408a1769.jpg\",\"datePublished\":\"2021-09-08T13:11:13+00:00\",\"author\":{\"@id\":\"https:\/\/www.africa-press.net\/niger\/#\/schema\/person\/2b1cf3cd81a31e3cd26889ca66d677f1\"},\"description\":\"Une mission de la communaut\u00e9 \u00e9conomique des Etats de l\u2019Afrique de l\u2019Ouest (CEDEAO), qui a s\u00e9journ\u00e9 du 5 au 7 septembre \u00e0 ...\",\"breadcrumb\":{\"@id\":\"https:\/\/www.africa-press.net\/niger\/economie\/transition-politique-au-mali-la-cedeao-sest-dite-preoccupee-par-linsuffisance-dactions-concretes-dans-la-preparation-des-elections-dans-le-pays#breadcrumb\"},\"inLanguage\":\"fr-FR\",\"potentialAction\":[{\"@type\":\"ReadAction\",\"target\":[\"https:\/\/www.africa-press.net\/niger\/economie\/transition-politique-au-mali-la-cedeao-sest-dite-preoccupee-par-linsuffisance-dactions-concretes-dans-la-preparation-des-elections-dans-le-pays\"]}]},{\"@type\":\"ImageObject\",\"inLanguage\":\"fr-FR\",\"@id\":\"https:\/\/www.africa-press.net\/niger\/economie\/transition-politique-au-mali-la-cedeao-sest-dite-preoccupee-par-linsuffisance-dactions-concretes-dans-la-preparation-des-elections-dans-le-pays#primaryimage\",\"url\":\"https:\/\/static.africa-press.net\/niger\/sites\/40\/2021\/09\/img-6138b408a1769.jpg\",\"contentUrl\":\"https:\/\/static.africa-press.net\/niger\/sites\/40\/2021\/09\/img-6138b408a1769.jpg\",\"width\":1498,\"height\":1516,\"caption\":\"Transition politique au Mali\u00a0: La CEDEAO s\u2019est dite pr\u00e9occup\u00e9e par l\u2019insuffisance d\u2019actions concr\u00e8tes dans la pr\u00e9paration des \u00e9lections dans le pays\"},{\"@type\":\"BreadcrumbList\",\"@id\":\"https:\/\/www.africa-press.net\/niger\/economie\/transition-politique-au-mali-la-cedeao-sest-dite-preoccupee-par-linsuffisance-dactions-concretes-dans-la-preparation-des-elections-dans-le-pays#breadcrumb\",\"itemListElement\":[{\"@type\":\"ListItem\",\"position\":1,\"name\":\"Accueil\",\"item\":\"https:\/\/www.africa-press.net\/niger\/\"},{\"@type\":\"ListItem\",\"position\":2,\"name\":\"Transition politique au Mali\u00a0: La CEDEAO s\u2019est dite pr\u00e9occup\u00e9e par l\u2019insuffisance d\u2019actions concr\u00e8tes dans la pr\u00e9paration des \u00e9lections dans le pays\"}]},{\"@type\":\"WebSite\",\"@id\":\"https:\/\/www.africa-press.net\/niger\/#website\",\"url\":\"https:\/\/www.africa-press.net\/niger\/\",\"name\":\"niger\",\"description\":\"Just another Africa News Agency Sites site\",\"potentialAction\":[{\"@type\":\"SearchAction\",\"target\":{\"@type\":\"EntryPoint\",\"urlTemplate\":\"https:\/\/www.africa-press.net\/niger\/?s={search_term_string}\"},\"query-input\":{\"@type\":\"PropertyValueSpecification\",\"valueRequired\":true,\"valueName\":\"search_term_string\"}}],\"inLanguage\":\"fr-FR\"},{\"@type\":\"Person\",\"@id\":\"https:\/\/www.africa-press.net\/niger\/#\/schema\/person\/2b1cf3cd81a31e3cd26889ca66d677f1\",\"name\":\"cfeditorfr\"}]}<\/script>\n<!-- \/ Yoast SEO Premium plugin. -->","yoast_head_json":{"title":"Transition politique au Mali\u00a0: La CEDEAO s\u2019est dite pr\u00e9occup\u00e9e par l\u2019insuffisance d\u2019actions concr\u00e8tes dans la pr\u00e9paration des \u00e9lections dans le pays - niger","description":"Une mission de la communaut\u00e9 \u00e9conomique des Etats de l\u2019Afrique de l\u2019Ouest (CEDEAO), qui a s\u00e9journ\u00e9 du 5 au 7 septembre \u00e0 ...","robots":{"index":"index","follow":"follow","max-snippet":"max-snippet:-1","max-image-preview":"max-image-preview:large","max-video-preview":"max-video-preview:-1"},"canonical":"https:\/\/www.africa-press.net\/niger\/economie\/transition-politique-au-mali-la-cedeao-sest-dite-preoccupee-par-linsuffisance-dactions-concretes-dans-la-preparation-des-elections-dans-le-pays","og_locale":"fr_FR","og_type":"article","og_title":"Transition politique au Mali\u00a0: La CEDEAO s\u2019est dite pr\u00e9occup\u00e9e par l\u2019insuffisance d\u2019actions concr\u00e8tes dans la pr\u00e9paration des \u00e9lections dans le pays","og_description":"Une mission de la communaut\u00e9 \u00e9conomique des Etats de l\u2019Afrique de l\u2019Ouest (CEDEAO), qui a s\u00e9journ\u00e9 du 5 au 7 septembre \u00e0 ...","og_url":"https:\/\/www.africa-press.net\/niger\/economie\/transition-politique-au-mali-la-cedeao-sest-dite-preoccupee-par-linsuffisance-dactions-concretes-dans-la-preparation-des-elections-dans-le-pays","og_site_name":"niger","article_published_time":"2021-09-08T13:11:13+00:00","og_image":[{"width":1498,"height":1516,"url":"https:\/\/static.africa-press.net\/niger\/sites\/40\/2021\/09\/img-6138b408a1769.jpg","type":"image\/jpeg"}],"author":"cfeditorfr","twitter_card":"summary_large_image","twitter_misc":{"\u00c9crit par":"cfeditorfr","Dur\u00e9e de lecture estim\u00e9e":"2 minutes"},"schema":{"@context":"https:\/\/schema.org","@graph":[{"@type":"Article","@id":"https:\/\/www.africa-press.net\/niger\/economie\/transition-politique-au-mali-la-cedeao-sest-dite-preoccupee-par-linsuffisance-dactions-concretes-dans-la-preparation-des-elections-dans-le-pays#article","isPartOf":{"@id":"https:\/\/www.africa-press.net\/niger\/economie\/transition-politique-au-mali-la-cedeao-sest-dite-preoccupee-par-linsuffisance-dactions-concretes-dans-la-preparation-des-elections-dans-le-pays"},"author":{"name":"cfeditorfr","@id":"https:\/\/www.africa-press.net\/niger\/#\/schema\/person\/2b1cf3cd81a31e3cd26889ca66d677f1"},"headline":"Transition politique au Mali\u00a0: La CEDEAO s\u2019est dite pr\u00e9occup\u00e9e par l\u2019insuffisance d\u2019actions concr\u00e8tes dans la pr\u00e9paration des \u00e9lections dans le pays","datePublished":"2021-09-08T13:11:13+00:00","mainEntityOfPage":{"@id":"https:\/\/www.africa-press.net\/niger\/economie\/transition-politique-au-mali-la-cedeao-sest-dite-preoccupee-par-linsuffisance-dactions-concretes-dans-la-preparation-des-elections-dans-le-pays"},"wordCount":374,"commentCount":0,"image":{"@id":"https:\/\/www.africa-press.net\/niger\/economie\/transition-politique-au-mali-la-cedeao-sest-dite-preoccupee-par-linsuffisance-dactions-concretes-dans-la-preparation-des-elections-dans-le-pays#primaryimage"},"thumbnailUrl":"https:\/\/static.africa-press.net\/niger\/sites\/40\/2021\/09\/img-6138b408a1769.jpg","keywords":["Africa Press","Africa Press-Niger","Niger"],"articleSection":["\u00c9conomie","homepage-french","Toutes les actualit\u00e9s"],"inLanguage":"fr-FR","potentialAction":[{"@type":"CommentAction","name":"Comment","target":["https:\/\/www.africa-press.net\/niger\/economie\/transition-politique-au-mali-la-cedeao-sest-dite-preoccupee-par-linsuffisance-dactions-concretes-dans-la-preparation-des-elections-dans-le-pays#respond"]}]},{"@type":"WebPage","@id":"https:\/\/www.africa-press.net\/niger\/economie\/transition-politique-au-mali-la-cedeao-sest-dite-preoccupee-par-linsuffisance-dactions-concretes-dans-la-preparation-des-elections-dans-le-pays","url":"https:\/\/www.africa-press.net\/niger\/economie\/transition-politique-au-mali-la-cedeao-sest-dite-preoccupee-par-linsuffisance-dactions-concretes-dans-la-preparation-des-elections-dans-le-pays","name":"Transition politique au Mali\u00a0: La CEDEAO s\u2019est dite pr\u00e9occup\u00e9e par l\u2019insuffisance d\u2019actions concr\u00e8tes dans la pr\u00e9paration des \u00e9lections dans le pays - niger","isPartOf":{"@id":"https:\/\/www.africa-press.net\/niger\/#website"},"primaryImageOfPage":{"@id":"https:\/\/www.africa-press.net\/niger\/economie\/transition-politique-au-mali-la-cedeao-sest-dite-preoccupee-par-linsuffisance-dactions-concretes-dans-la-preparation-des-elections-dans-le-pays#primaryimage"},"image":{"@id":"https:\/\/www.africa-press.net\/niger\/economie\/transition-politique-au-mali-la-cedeao-sest-dite-preoccupee-par-linsuffisance-dactions-concretes-dans-la-preparation-des-elections-dans-le-pays#primaryimage"},"thumbnailUrl":"https:\/\/static.africa-press.net\/niger\/sites\/40\/2021\/09\/img-6138b408a1769.jpg","datePublished":"2021-09-08T13:11:13+00:00","author":{"@id":"https:\/\/www.africa-press.net\/niger\/#\/schema\/person\/2b1cf3cd81a31e3cd26889ca66d677f1"},"description":"Une mission de la communaut\u00e9 \u00e9conomique des Etats de l\u2019Afrique de l\u2019Ouest (CEDEAO), qui a s\u00e9journ\u00e9 du 5 au 7 septembre \u00e0 ...","breadcrumb":{"@id":"https:\/\/www.africa-press.net\/niger\/economie\/transition-politique-au-mali-la-cedeao-sest-dite-preoccupee-par-linsuffisance-dactions-concretes-dans-la-preparation-des-elections-dans-le-pays#breadcrumb"},"inLanguage":"fr-FR","potentialAction":[{"@type":"ReadAction","target":["https:\/\/www.africa-press.net\/niger\/economie\/transition-politique-au-mali-la-cedeao-sest-dite-preoccupee-par-linsuffisance-dactions-concretes-dans-la-preparation-des-elections-dans-le-pays"]}]},{"@type":"ImageObject","inLanguage":"fr-FR","@id":"https:\/\/www.africa-press.net\/niger\/economie\/transition-politique-au-mali-la-cedeao-sest-dite-preoccupee-par-linsuffisance-dactions-concretes-dans-la-preparation-des-elections-dans-le-pays#primaryimage","url":"https:\/\/static.africa-press.net\/niger\/sites\/40\/2021\/09\/img-6138b408a1769.jpg","contentUrl":"https:\/\/static.africa-press.net\/niger\/sites\/40\/2021\/09\/img-6138b408a1769.jpg","width":1498,"height":1516,"caption":"Transition politique au Mali\u00a0: La CEDEAO s\u2019est dite pr\u00e9occup\u00e9e par l\u2019insuffisance d\u2019actions concr\u00e8tes dans la pr\u00e9paration des \u00e9lections dans le pays"},{"@type":"BreadcrumbList","@id":"https:\/\/www.africa-press.net\/niger\/economie\/transition-politique-au-mali-la-cedeao-sest-dite-preoccupee-par-linsuffisance-dactions-concretes-dans-la-preparation-des-elections-dans-le-pays#breadcrumb","itemListElement":[{"@type":"ListItem","position":1,"name":"Accueil","item":"https:\/\/www.africa-press.net\/niger\/"},{"@type":"ListItem","position":2,"name":"Transition politique au Mali\u00a0: La CEDEAO s\u2019est dite pr\u00e9occup\u00e9e par l\u2019insuffisance d\u2019actions concr\u00e8tes dans la pr\u00e9paration des \u00e9lections dans le pays"}]},{"@type":"WebSite","@id":"https:\/\/www.africa-press.net\/niger\/#website","url":"https:\/\/www.africa-press.net\/niger\/","name":"niger","description":"Just another Africa News Agency Sites site","potentialAction":[{"@type":"SearchAction","target":{"@type":"EntryPoint","urlTemplate":"https:\/\/www.africa-press.net\/niger\/?s={search_term_string}"},"query-input":{"@type":"PropertyValueSpecification","valueRequired":true,"valueName":"search_term_string"}}],"inLanguage":"fr-FR"},{"@type":"Person","@id":"https:\/\/www.africa-press.net\/niger\/#\/schema\/person\/2b1cf3cd81a31e3cd26889ca66d677f1","name":"cfeditorfr"}]}},"_links":{"self":[{"href":"https:\/\/www.africa-press.net\/niger\/wp-json\/wp\/v2\/posts\/11374","targetHints":{"allow":["GET"]}}],"collection":[{"href":"https:\/\/www.africa-press.net\/niger\/wp-json\/wp\/v2\/posts"}],"about":[{"href":"https:\/\/www.africa-press.net\/niger\/wp-json\/wp\/v2\/types\/post"}],"author":[{"embeddable":true,"href":"https:\/\/www.africa-press.net\/niger\/wp-json\/wp\/v2\/users\/82"}],"replies":[{"embeddable":true,"href":"https:\/\/www.africa-press.net\/niger\/wp-json\/wp\/v2\/comments?post=11374"}],"version-history":[{"count":0,"href":"https:\/\/www.africa-press.net\/niger\/wp-json\/wp\/v2\/posts\/11374\/revisions"}],"wp:featuredmedia":[{"embeddable":true,"href":"https:\/\/www.africa-press.net\/niger\/wp-json\/wp\/v2\/media\/11373"}],"wp:attachment":[{"href":"https:\/\/www.africa-press.net\/niger\/wp-json\/wp\/v2\/media?parent=11374"}],"wp:term":[{"taxonomy":"category","embeddable":true,"href":"https:\/\/www.africa-press.net\/niger\/wp-json\/wp\/v2\/categories?post=11374"},{"taxonomy":"post_tag","embeddable":true,"href":"https:\/\/www.africa-press.net\/niger\/wp-json\/wp\/v2\/tags?post=11374"}],"curies":[{"name":"wp","href":"https:\/\/api.w.org\/{rel}","templated":true}]}}