{"id":11377,"date":"2021-09-08T13:19:51","date_gmt":"2021-09-08T13:19:51","guid":{"rendered":"https:\/\/www.africa-press.net\/niger\/?p=11377"},"modified":"2021-09-08T13:02:04","modified_gmt":"2021-09-08T13:02:04","slug":"niger-le-president-de-la-republique-prendra-part-a-un-sommet-virtuel-de-la-cedeao-sur-le-mali-et-la-guinee-service-presse","status":"publish","type":"post","link":"https:\/\/www.africa-press.net\/niger\/politique\/niger-le-president-de-la-republique-prendra-part-a-un-sommet-virtuel-de-la-cedeao-sur-le-mali-et-la-guinee-service-presse","title":{"rendered":"Niger\u00a0: Le Pr\u00e9sident de la R\u00e9publique prendra part \u00e0 un sommet virtuel de la CEDEAO sur le Mali et la Guin\u00e9e (service presse)"},"content":{"rendered":"<p><span style=\"color: #ff6600\"><strong><a href=\"https:\/\/www.africa-press.net\/\">Africa-Press<\/a> &#8211; <a href=\"https:\/\/www.africa-press.net\/niger\">Niger<\/a>. <\/strong><\/span>Le Pr\u00e9sident de la R\u00e9publique du Niger, Mohamed Bazoum prendra part, ce mercredi 8 Septembre, en d\u00e9but d\u2019apr\u00e8s-midi, \u00e0 un sommet virtuel de la CEDEAO, a annonc\u00e9 le service de presse de la pr\u00e9sidence de la R\u00e9publique.<\/p>\n<p>Selon la Direction de la communication de la commission de la CEDEAO contact\u00e9e par l\u2019ANP, il s\u2019agit d\u2019une session extraordinaire virtuelle de la conf\u00e9rence des Chefs d\u2019Etat et de gouvernement sur la situation politique dans les R\u00e9publiques de Guin\u00e9e et du Mali.<\/p>\n<p>S\u2019agissant de la Guin\u00e9e, o\u00f9 un coup d\u2019Etat militaire a renvers\u00e9 le Pr\u00e9sident Alpha Cond\u00e9 le 5 Septembre dernier, la CEDEAO a d\u2019ores et d\u00e9j\u00e0, dans un communiqu\u00e9 publi\u00e9 le m\u00eame jour, d\u00e9sapprouv\u00e9 \u00ab tout changement politique anticonstitutionnel \u00bb.<\/p>\n<p>Quant \u00e0 la situation au Mali, l\u2019organisation communautaire se dit, \u00e0 travers un autre communiqu\u00e9, \u00ab pr\u00e9occup\u00e9e par l\u2019insuffisance d\u2019actions concr\u00e8tes dans la pr\u00e9paration effective du processus \u00e9lectoral \u00bb, par la junte militaire au pouvoir.<\/p>\n","protected":false},"excerpt":{"rendered":"<p>Africa-Press &#8211; Niger. Le Pr\u00e9sident de la R\u00e9publique du Niger, Mohamed Bazoum prendra part, ce mercredi 8 Septembre, en d\u00e9but d\u2019apr\u00e8s-midi, \u00e0 un sommet virtuel de la CEDEAO, a annonc\u00e9 le service de presse de la pr\u00e9sidence de la R\u00e9publique. Selon la Direction de la communication de la commission de la CEDEAO contact\u00e9e par l\u2019ANP, [&hellip;]<\/p>\n","protected":false},"author":82,"featured_media":11376,"comment_status":"open","ping_status":"closed","sticky":false,"template":"","format":"standard","meta":{"footnotes":""},"categories":[11,2,10],"tags":[55,60,29],"class_list":["post-11377","post","type-post","status-publish","format-standard","has-post-thumbnail","hentry","category-homepage-french","category-politique","category-toutes-les-actualites","tag-africa-press","tag-africa-press-niger","tag-niger"],"yoast_head":"<!-- This site is optimized with the Yoast SEO Premium plugin v26.1 (Yoast SEO v27.0) - https:\/\/yoast.com\/product\/yoast-seo-premium-wordpress\/ -->\n<title>Niger\u00a0: Le Pr\u00e9sident de la R\u00e9publique prendra part \u00e0 un sommet virtuel de la CEDEAO sur le Mali et la Guin\u00e9e (service presse) - niger<\/title>\n<meta name=\"description\" content=\"Le Pr\u00e9sident de la R\u00e9publique du Niger, Mohamed Bazoum prendra part, ce mercredi 8 Septembre, en d\u00e9but d\u2019apr\u00e8s-midi, \u00e0 u ...\" \/>\n<meta name=\"robots\" content=\"index, follow, max-snippet:-1, max-image-preview:large, max-video-preview:-1\" \/>\n<link rel=\"canonical\" href=\"https:\/\/www.africa-press.net\/niger\/politique\/niger-le-president-de-la-republique-prendra-part-a-un-sommet-virtuel-de-la-cedeao-sur-le-mali-et-la-guinee-service-presse\" \/>\n<meta property=\"og:locale\" content=\"fr_FR\" \/>\n<meta property=\"og:type\" content=\"article\" \/>\n<meta property=\"og:title\" content=\"Niger\u00a0: Le Pr\u00e9sident de la R\u00e9publique prendra part \u00e0 un sommet virtuel de la CEDEAO sur le Mali et la Guin\u00e9e (service presse)\" \/>\n<meta property=\"og:description\" content=\"Le Pr\u00e9sident de la R\u00e9publique du Niger, Mohamed Bazoum prendra part, ce mercredi 8 Septembre, en d\u00e9but d\u2019apr\u00e8s-midi, \u00e0 u ...\" \/>\n<meta property=\"og:url\" content=\"https:\/\/www.africa-press.net\/niger\/politique\/niger-le-president-de-la-republique-prendra-part-a-un-sommet-virtuel-de-la-cedeao-sur-le-mali-et-la-guinee-service-presse\" \/>\n<meta property=\"og:site_name\" content=\"niger\" \/>\n<meta property=\"article:published_time\" content=\"2021-09-08T13:19:51+00:00\" \/>\n<meta property=\"og:image\" content=\"https:\/\/static.africa-press.net\/niger\/sites\/40\/2021\/09\/img-6138b43122ef5.jpg\" \/>\n\t<meta property=\"og:image:width\" content=\"960\" \/>\n\t<meta property=\"og:image:height\" content=\"540\" \/>\n\t<meta property=\"og:image:type\" content=\"image\/jpeg\" \/>\n<meta name=\"author\" content=\"cfeditorfr\" \/>\n<meta name=\"twitter:card\" content=\"summary_large_image\" \/>\n<meta name=\"twitter:label1\" content=\"\u00c9crit par\" \/>\n\t<meta name=\"twitter:data1\" content=\"cfeditorfr\" \/>\n\t<meta name=\"twitter:label2\" content=\"Dur\u00e9e de lecture estim\u00e9e\" \/>\n\t<meta name=\"twitter:data2\" content=\"1 minute\" \/>\n<script type=\"application\/ld+json\" class=\"yoast-schema-graph\">{\"@context\":\"https:\/\/schema.org\",\"@graph\":[{\"@type\":\"Article\",\"@id\":\"https:\/\/www.africa-press.net\/niger\/politique\/niger-le-president-de-la-republique-prendra-part-a-un-sommet-virtuel-de-la-cedeao-sur-le-mali-et-la-guinee-service-presse#article\",\"isPartOf\":{\"@id\":\"https:\/\/www.africa-press.net\/niger\/politique\/niger-le-president-de-la-republique-prendra-part-a-un-sommet-virtuel-de-la-cedeao-sur-le-mali-et-la-guinee-service-presse\"},\"author\":{\"name\":\"cfeditorfr\",\"@id\":\"https:\/\/www.africa-press.net\/niger\/#\/schema\/person\/2b1cf3cd81a31e3cd26889ca66d677f1\"},\"headline\":\"Niger\u00a0: Le Pr\u00e9sident de la R\u00e9publique prendra part \u00e0 un sommet virtuel de la CEDEAO sur le Mali et la Guin\u00e9e (service presse)\",\"datePublished\":\"2021-09-08T13:19:51+00:00\",\"mainEntityOfPage\":{\"@id\":\"https:\/\/www.africa-press.net\/niger\/politique\/niger-le-president-de-la-republique-prendra-part-a-un-sommet-virtuel-de-la-cedeao-sur-le-mali-et-la-guinee-service-presse\"},\"wordCount\":202,\"commentCount\":0,\"image\":{\"@id\":\"https:\/\/www.africa-press.net\/niger\/politique\/niger-le-president-de-la-republique-prendra-part-a-un-sommet-virtuel-de-la-cedeao-sur-le-mali-et-la-guinee-service-presse#primaryimage\"},\"thumbnailUrl\":\"https:\/\/static.africa-press.net\/niger\/sites\/40\/2021\/09\/img-6138b43122ef5.jpg\",\"keywords\":[\"Africa Press\",\"Africa Press-Niger\",\"Niger\"],\"articleSection\":[\"homepage-french\",\"Politique\",\"Toutes les actualit\u00e9s\"],\"inLanguage\":\"fr-FR\",\"potentialAction\":[{\"@type\":\"CommentAction\",\"name\":\"Comment\",\"target\":[\"https:\/\/www.africa-press.net\/niger\/politique\/niger-le-president-de-la-republique-prendra-part-a-un-sommet-virtuel-de-la-cedeao-sur-le-mali-et-la-guinee-service-presse#respond\"]}]},{\"@type\":\"WebPage\",\"@id\":\"https:\/\/www.africa-press.net\/niger\/politique\/niger-le-president-de-la-republique-prendra-part-a-un-sommet-virtuel-de-la-cedeao-sur-le-mali-et-la-guinee-service-presse\",\"url\":\"https:\/\/www.africa-press.net\/niger\/politique\/niger-le-president-de-la-republique-prendra-part-a-un-sommet-virtuel-de-la-cedeao-sur-le-mali-et-la-guinee-service-presse\",\"name\":\"Niger\u00a0: Le Pr\u00e9sident de la R\u00e9publique prendra part \u00e0 un sommet virtuel de la CEDEAO sur le Mali et la Guin\u00e9e (service presse) - niger\",\"isPartOf\":{\"@id\":\"https:\/\/www.africa-press.net\/niger\/#website\"},\"primaryImageOfPage\":{\"@id\":\"https:\/\/www.africa-press.net\/niger\/politique\/niger-le-president-de-la-republique-prendra-part-a-un-sommet-virtuel-de-la-cedeao-sur-le-mali-et-la-guinee-service-presse#primaryimage\"},\"image\":{\"@id\":\"https:\/\/www.africa-press.net\/niger\/politique\/niger-le-president-de-la-republique-prendra-part-a-un-sommet-virtuel-de-la-cedeao-sur-le-mali-et-la-guinee-service-presse#primaryimage\"},\"thumbnailUrl\":\"https:\/\/static.africa-press.net\/niger\/sites\/40\/2021\/09\/img-6138b43122ef5.jpg\",\"datePublished\":\"2021-09-08T13:19:51+00:00\",\"author\":{\"@id\":\"https:\/\/www.africa-press.net\/niger\/#\/schema\/person\/2b1cf3cd81a31e3cd26889ca66d677f1\"},\"description\":\"Le Pr\u00e9sident de la R\u00e9publique du Niger, Mohamed Bazoum prendra part, ce mercredi 8 Septembre, en d\u00e9but d\u2019apr\u00e8s-midi, \u00e0 u ...\",\"breadcrumb\":{\"@id\":\"https:\/\/www.africa-press.net\/niger\/politique\/niger-le-president-de-la-republique-prendra-part-a-un-sommet-virtuel-de-la-cedeao-sur-le-mali-et-la-guinee-service-presse#breadcrumb\"},\"inLanguage\":\"fr-FR\",\"potentialAction\":[{\"@type\":\"ReadAction\",\"target\":[\"https:\/\/www.africa-press.net\/niger\/politique\/niger-le-president-de-la-republique-prendra-part-a-un-sommet-virtuel-de-la-cedeao-sur-le-mali-et-la-guinee-service-presse\"]}]},{\"@type\":\"ImageObject\",\"inLanguage\":\"fr-FR\",\"@id\":\"https:\/\/www.africa-press.net\/niger\/politique\/niger-le-president-de-la-republique-prendra-part-a-un-sommet-virtuel-de-la-cedeao-sur-le-mali-et-la-guinee-service-presse#primaryimage\",\"url\":\"https:\/\/static.africa-press.net\/niger\/sites\/40\/2021\/09\/img-6138b43122ef5.jpg\",\"contentUrl\":\"https:\/\/static.africa-press.net\/niger\/sites\/40\/2021\/09\/img-6138b43122ef5.jpg\",\"width\":960,\"height\":540,\"caption\":\"Niger\u00a0: Le Pr\u00e9sident de la R\u00e9publique prendra part \u00e0 un sommet virtuel de la CEDEAO sur le Mali et la Guin\u00e9e (service presse)\"},{\"@type\":\"BreadcrumbList\",\"@id\":\"https:\/\/www.africa-press.net\/niger\/politique\/niger-le-president-de-la-republique-prendra-part-a-un-sommet-virtuel-de-la-cedeao-sur-le-mali-et-la-guinee-service-presse#breadcrumb\",\"itemListElement\":[{\"@type\":\"ListItem\",\"position\":1,\"name\":\"Accueil\",\"item\":\"https:\/\/www.africa-press.net\/niger\/\"},{\"@type\":\"ListItem\",\"position\":2,\"name\":\"Niger\u00a0: Le Pr\u00e9sident de la R\u00e9publique prendra part \u00e0 un sommet virtuel de la CEDEAO sur le Mali et la Guin\u00e9e (service presse)\"}]},{\"@type\":\"WebSite\",\"@id\":\"https:\/\/www.africa-press.net\/niger\/#website\",\"url\":\"https:\/\/www.africa-press.net\/niger\/\",\"name\":\"niger\",\"description\":\"Just another Africa News Agency Sites site\",\"potentialAction\":[{\"@type\":\"SearchAction\",\"target\":{\"@type\":\"EntryPoint\",\"urlTemplate\":\"https:\/\/www.africa-press.net\/niger\/?s={search_term_string}\"},\"query-input\":{\"@type\":\"PropertyValueSpecification\",\"valueRequired\":true,\"valueName\":\"search_term_string\"}}],\"inLanguage\":\"fr-FR\"},{\"@type\":\"Person\",\"@id\":\"https:\/\/www.africa-press.net\/niger\/#\/schema\/person\/2b1cf3cd81a31e3cd26889ca66d677f1\",\"name\":\"cfeditorfr\"}]}<\/script>\n<!-- \/ Yoast SEO Premium plugin. -->","yoast_head_json":{"title":"Niger\u00a0: Le Pr\u00e9sident de la R\u00e9publique prendra part \u00e0 un sommet virtuel de la CEDEAO sur le Mali et la Guin\u00e9e (service presse) - niger","description":"Le Pr\u00e9sident de la R\u00e9publique du Niger, Mohamed Bazoum prendra part, ce mercredi 8 Septembre, en d\u00e9but d\u2019apr\u00e8s-midi, \u00e0 u ...","robots":{"index":"index","follow":"follow","max-snippet":"max-snippet:-1","max-image-preview":"max-image-preview:large","max-video-preview":"max-video-preview:-1"},"canonical":"https:\/\/www.africa-press.net\/niger\/politique\/niger-le-president-de-la-republique-prendra-part-a-un-sommet-virtuel-de-la-cedeao-sur-le-mali-et-la-guinee-service-presse","og_locale":"fr_FR","og_type":"article","og_title":"Niger\u00a0: Le Pr\u00e9sident de la R\u00e9publique prendra part \u00e0 un sommet virtuel de la CEDEAO sur le Mali et la Guin\u00e9e (service presse)","og_description":"Le Pr\u00e9sident de la R\u00e9publique du Niger, Mohamed Bazoum prendra part, ce mercredi 8 Septembre, en d\u00e9but d\u2019apr\u00e8s-midi, \u00e0 u ...","og_url":"https:\/\/www.africa-press.net\/niger\/politique\/niger-le-president-de-la-republique-prendra-part-a-un-sommet-virtuel-de-la-cedeao-sur-le-mali-et-la-guinee-service-presse","og_site_name":"niger","article_published_time":"2021-09-08T13:19:51+00:00","og_image":[{"width":960,"height":540,"url":"https:\/\/static.africa-press.net\/niger\/sites\/40\/2021\/09\/img-6138b43122ef5.jpg","type":"image\/jpeg"}],"author":"cfeditorfr","twitter_card":"summary_large_image","twitter_misc":{"\u00c9crit par":"cfeditorfr","Dur\u00e9e de lecture estim\u00e9e":"1 minute"},"schema":{"@context":"https:\/\/schema.org","@graph":[{"@type":"Article","@id":"https:\/\/www.africa-press.net\/niger\/politique\/niger-le-president-de-la-republique-prendra-part-a-un-sommet-virtuel-de-la-cedeao-sur-le-mali-et-la-guinee-service-presse#article","isPartOf":{"@id":"https:\/\/www.africa-press.net\/niger\/politique\/niger-le-president-de-la-republique-prendra-part-a-un-sommet-virtuel-de-la-cedeao-sur-le-mali-et-la-guinee-service-presse"},"author":{"name":"cfeditorfr","@id":"https:\/\/www.africa-press.net\/niger\/#\/schema\/person\/2b1cf3cd81a31e3cd26889ca66d677f1"},"headline":"Niger\u00a0: Le Pr\u00e9sident de la R\u00e9publique prendra part \u00e0 un sommet virtuel de la CEDEAO sur le Mali et la Guin\u00e9e (service presse)","datePublished":"2021-09-08T13:19:51+00:00","mainEntityOfPage":{"@id":"https:\/\/www.africa-press.net\/niger\/politique\/niger-le-president-de-la-republique-prendra-part-a-un-sommet-virtuel-de-la-cedeao-sur-le-mali-et-la-guinee-service-presse"},"wordCount":202,"commentCount":0,"image":{"@id":"https:\/\/www.africa-press.net\/niger\/politique\/niger-le-president-de-la-republique-prendra-part-a-un-sommet-virtuel-de-la-cedeao-sur-le-mali-et-la-guinee-service-presse#primaryimage"},"thumbnailUrl":"https:\/\/static.africa-press.net\/niger\/sites\/40\/2021\/09\/img-6138b43122ef5.jpg","keywords":["Africa Press","Africa Press-Niger","Niger"],"articleSection":["homepage-french","Politique","Toutes les actualit\u00e9s"],"inLanguage":"fr-FR","potentialAction":[{"@type":"CommentAction","name":"Comment","target":["https:\/\/www.africa-press.net\/niger\/politique\/niger-le-president-de-la-republique-prendra-part-a-un-sommet-virtuel-de-la-cedeao-sur-le-mali-et-la-guinee-service-presse#respond"]}]},{"@type":"WebPage","@id":"https:\/\/www.africa-press.net\/niger\/politique\/niger-le-president-de-la-republique-prendra-part-a-un-sommet-virtuel-de-la-cedeao-sur-le-mali-et-la-guinee-service-presse","url":"https:\/\/www.africa-press.net\/niger\/politique\/niger-le-president-de-la-republique-prendra-part-a-un-sommet-virtuel-de-la-cedeao-sur-le-mali-et-la-guinee-service-presse","name":"Niger\u00a0: Le Pr\u00e9sident de la R\u00e9publique prendra part \u00e0 un sommet virtuel de la CEDEAO sur le Mali et la Guin\u00e9e (service presse) - niger","isPartOf":{"@id":"https:\/\/www.africa-press.net\/niger\/#website"},"primaryImageOfPage":{"@id":"https:\/\/www.africa-press.net\/niger\/politique\/niger-le-president-de-la-republique-prendra-part-a-un-sommet-virtuel-de-la-cedeao-sur-le-mali-et-la-guinee-service-presse#primaryimage"},"image":{"@id":"https:\/\/www.africa-press.net\/niger\/politique\/niger-le-president-de-la-republique-prendra-part-a-un-sommet-virtuel-de-la-cedeao-sur-le-mali-et-la-guinee-service-presse#primaryimage"},"thumbnailUrl":"https:\/\/static.africa-press.net\/niger\/sites\/40\/2021\/09\/img-6138b43122ef5.jpg","datePublished":"2021-09-08T13:19:51+00:00","author":{"@id":"https:\/\/www.africa-press.net\/niger\/#\/schema\/person\/2b1cf3cd81a31e3cd26889ca66d677f1"},"description":"Le Pr\u00e9sident de la R\u00e9publique du Niger, Mohamed Bazoum prendra part, ce mercredi 8 Septembre, en d\u00e9but d\u2019apr\u00e8s-midi, \u00e0 u ...","breadcrumb":{"@id":"https:\/\/www.africa-press.net\/niger\/politique\/niger-le-president-de-la-republique-prendra-part-a-un-sommet-virtuel-de-la-cedeao-sur-le-mali-et-la-guinee-service-presse#breadcrumb"},"inLanguage":"fr-FR","potentialAction":[{"@type":"ReadAction","target":["https:\/\/www.africa-press.net\/niger\/politique\/niger-le-president-de-la-republique-prendra-part-a-un-sommet-virtuel-de-la-cedeao-sur-le-mali-et-la-guinee-service-presse"]}]},{"@type":"ImageObject","inLanguage":"fr-FR","@id":"https:\/\/www.africa-press.net\/niger\/politique\/niger-le-president-de-la-republique-prendra-part-a-un-sommet-virtuel-de-la-cedeao-sur-le-mali-et-la-guinee-service-presse#primaryimage","url":"https:\/\/static.africa-press.net\/niger\/sites\/40\/2021\/09\/img-6138b43122ef5.jpg","contentUrl":"https:\/\/static.africa-press.net\/niger\/sites\/40\/2021\/09\/img-6138b43122ef5.jpg","width":960,"height":540,"caption":"Niger\u00a0: Le Pr\u00e9sident de la R\u00e9publique prendra part \u00e0 un sommet virtuel de la CEDEAO sur le Mali et la Guin\u00e9e (service presse)"},{"@type":"BreadcrumbList","@id":"https:\/\/www.africa-press.net\/niger\/politique\/niger-le-president-de-la-republique-prendra-part-a-un-sommet-virtuel-de-la-cedeao-sur-le-mali-et-la-guinee-service-presse#breadcrumb","itemListElement":[{"@type":"ListItem","position":1,"name":"Accueil","item":"https:\/\/www.africa-press.net\/niger\/"},{"@type":"ListItem","position":2,"name":"Niger\u00a0: Le Pr\u00e9sident de la R\u00e9publique prendra part \u00e0 un sommet virtuel de la CEDEAO sur le Mali et la Guin\u00e9e (service presse)"}]},{"@type":"WebSite","@id":"https:\/\/www.africa-press.net\/niger\/#website","url":"https:\/\/www.africa-press.net\/niger\/","name":"niger","description":"Just another Africa News Agency Sites site","potentialAction":[{"@type":"SearchAction","target":{"@type":"EntryPoint","urlTemplate":"https:\/\/www.africa-press.net\/niger\/?s={search_term_string}"},"query-input":{"@type":"PropertyValueSpecification","valueRequired":true,"valueName":"search_term_string"}}],"inLanguage":"fr-FR"},{"@type":"Person","@id":"https:\/\/www.africa-press.net\/niger\/#\/schema\/person\/2b1cf3cd81a31e3cd26889ca66d677f1","name":"cfeditorfr"}]}},"_links":{"self":[{"href":"https:\/\/www.africa-press.net\/niger\/wp-json\/wp\/v2\/posts\/11377","targetHints":{"allow":["GET"]}}],"collection":[{"href":"https:\/\/www.africa-press.net\/niger\/wp-json\/wp\/v2\/posts"}],"about":[{"href":"https:\/\/www.africa-press.net\/niger\/wp-json\/wp\/v2\/types\/post"}],"author":[{"embeddable":true,"href":"https:\/\/www.africa-press.net\/niger\/wp-json\/wp\/v2\/users\/82"}],"replies":[{"embeddable":true,"href":"https:\/\/www.africa-press.net\/niger\/wp-json\/wp\/v2\/comments?post=11377"}],"version-history":[{"count":0,"href":"https:\/\/www.africa-press.net\/niger\/wp-json\/wp\/v2\/posts\/11377\/revisions"}],"wp:featuredmedia":[{"embeddable":true,"href":"https:\/\/www.africa-press.net\/niger\/wp-json\/wp\/v2\/media\/11376"}],"wp:attachment":[{"href":"https:\/\/www.africa-press.net\/niger\/wp-json\/wp\/v2\/media?parent=11377"}],"wp:term":[{"taxonomy":"category","embeddable":true,"href":"https:\/\/www.africa-press.net\/niger\/wp-json\/wp\/v2\/categories?post=11377"},{"taxonomy":"post_tag","embeddable":true,"href":"https:\/\/www.africa-press.net\/niger\/wp-json\/wp\/v2\/tags?post=11377"}],"curies":[{"name":"wp","href":"https:\/\/api.w.org\/{rel}","templated":true}]}}