{"id":11380,"date":"2021-09-08T13:28:28","date_gmt":"2021-09-08T13:28:28","guid":{"rendered":"https:\/\/www.africa-press.net\/niger\/?p=11380"},"modified":"2021-09-08T13:02:44","modified_gmt":"2021-09-08T13:02:44","slug":"le-ministre-de-la-sante-publique-acheve-sa-mission-dans-la-region-de-maradi-sur-une-note-de-satisfaction","status":"publish","type":"post","link":"https:\/\/www.africa-press.net\/niger\/politique\/le-ministre-de-la-sante-publique-acheve-sa-mission-dans-la-region-de-maradi-sur-une-note-de-satisfaction","title":{"rendered":"Le Ministre de la Sant\u00e9 Publique ach\u00e8ve sa mission \u00a0dans la r\u00e9gion de Maradi sur une note de satisfaction"},"content":{"rendered":"<p><span style=\"color: #ff6600\"><strong><a href=\"https:\/\/www.africa-press.net\/\">Africa-Press<\/a> &#8211; <a href=\"https:\/\/www.africa-press.net\/niger\">Niger<\/a>. <\/strong><\/span>Le Ministre de la Sant\u00e9 Publique, de la Population et de l\u2019Action Sociale, Dr Illiassou Idi Mainassara, a achev\u00e9, le mardi 7 septembre 2021, sa visite de travail de deux jours dans la r\u00e9gion de Maradi.<\/p>\n<p>L\u2019objectif de cette visite est de faire le point de la mise en \u0153uvre des activit\u00e9s sur le terrain, faire le suivi de la supervision par rapport \u00e0 la situation \u00e9pid\u00e9miologique, mais aussi par rapport au syst\u00e8me de sant\u00e9 en g\u00e9n\u00e9ral dans la r\u00e9gion.<\/p>\n<p>Le Ministre a proc\u00e9d\u00e9 \u00e0 la r\u00e9ception de trois (3) centres de sant\u00e9 int\u00e9gr\u00e9s construits par le HCR et sous un financement de l\u2019Italie \u00e0 Dan Dajin Makaou, Garin Kaka et Chadakori.<\/p>\n<p>A l\u2019issue de cette mission, le secr\u00e9taire g\u00e9n\u00e9ral du Minist\u00e8re de la Sant\u00e9 Publique, de la Population et de l\u2019action Sociale, Dr RANAOU ABACHE a donn\u00e9 la synth\u00e8se qui en d\u00e9coule.<\/p>\n<p>Concernant les ouvrages, il a indiqu\u00e9 que le ministre a \u00e9t\u00e9 \u00e9merveill\u00e9 par la qualit\u00e9 du travail, le suivi par le HCR et f\u00e9licit\u00e9 l\u2019entreprise qui a effectu\u00e9 les travaux.<\/p>\n<p>Le Ministre a lanc\u00e9 un appel aux populations et au personnel de sant\u00e9 pour \u2018\u2019faire de ces structures, leur propri\u00e9t\u00e9\u2019\u2019 a-t-il dit.<\/p>\n<p>Il a rapport\u00e9 que la visite du Ministre au centre de traitement de chol\u00e9ra de Tibiri a permis d\u2019appr\u00e9cier la qualit\u00e9 de la prise en charge des malades et surtout la forte implication des collectivit\u00e9s dans la gestion du chol\u00e9ra.<\/p>\n<p>Selon toujours le secr\u00e9taire g\u00e9n\u00e9ral du Minist\u00e8re de la sant\u00e9 publique, le Ministre Idi Illiassou a appr\u00e9ci\u00e9 \u2018\u2019l\u2019engagement et le dynamisme du personnel\u2019\u2019.<\/p>\n<p>A la Mission catholique de Tibiri, le Ministre de la Sant\u00e9 Publique a parrain\u00e9 la remise officielle de remise de dons de l\u2019OMS \u00e0 la direction r\u00e9gionale de la Sant\u00e9 Publique qui a re\u00e7u un important lot de produits devant contribuer \u00e0 la lutte contre le chol\u00e9ra, mais aussi du mat\u00e9riel pour le renforcement du syst\u00e8me de sant\u00e9.<\/p>\n<p>Docteur RANAOU ABACHE a indiqu\u00e9 que le Ministre Illiassou Idi Mainassara a rendu visite au centre de traitement de chol\u00e9ra de Dan Issa o\u00f9 il a exprim\u00e9 sa satisfaction vue la qualit\u00e9 du travail abattu, la bonne prise en charge des patients, et l\u2019implication des autorit\u00e9s locales.<\/p>\n<p>En gros, a-t-il fait remarquer, le ministre est tr\u00e8s satisfait de la prise en charge des cas de chol\u00e9ra dans la r\u00e9gion de Maradi o\u00f9 les autorit\u00e9s administratives, coutumi\u00e8res, le personnel de sant\u00e9 et les partenaires se sont impliqu\u00e9s pour enrailler ce mal. Le Ministre a \u00e9t\u00e9 \u00e9merveill\u00e9 par la qualit\u00e9 des services, la propri\u00e9t\u00e9 de l\u2019h\u00f4pital de r\u00e9f\u00e9rence de Maradi. Tous les services sont fonctionnels et bien entretenus.<\/p>\n<p>Du point de vue ressources humaines, des efforts sont en train d\u2019\u00eatre faits avec le d\u00e9ploiement de pas mal de personnel, toujours est-il que d\u2019autres efforts doivent \u00eatre consentis pour son renforcement au niveau de l\u2019h\u00f4pital de r\u00e9f\u00e9rence de Maradi.<\/p>\n<p>Le Ministre de la Sant\u00e9 Publique, Dr Illiassou Idi Mainassara a donn\u00e9 des instructions aux collectivit\u00e9s dans le cadre de la mobilisation du personnel auxiliaire, \u00e0 l\u2019endroit du personnel de sant\u00e9 pour qu\u2019il y ait plus de coh\u00e9sion dans le travail en \u00e9quipe afin de faire en sorte que l\u2019objectif de cette mission soit partag\u00e9.<\/p>\n<p>Les patrons des institutions telles que l\u2019OMS, l\u2019UNICEF, l\u2019UNHCR ont pris tour \u00e0 tour la parole, qui pour attirer l\u2019attention sur le renforcement de la surveillance de la COVID19 sur le terrain, bien que Maradi soit \u2018\u2019oubli\u00e9e\u2019\u2019 par cette maladie, qui pour appr\u00e9cier positivement les services.<\/p>\n<p>Le Ministre de la Sant\u00e9 Publique a ensuite \u00e9chang\u00e9 avec l\u2019ensemble des acteurs intervenant dans le domaine de la sant\u00e9, de la population et des affaires sociales.<\/p>\n<p>Au cours de cette rencontre, il a fait part des constats sur la probl\u00e9matique de l\u2019offre de soins dans les structures sanitaires publiques afin de trouver des solutions aux diff\u00e9rents probl\u00e8mes constat\u00e9s lors des diff\u00e9rentes inspections qui ont \u00e9t\u00e9 instruites.<\/p>\n<p>Il a indiqu\u00e9 que certains probl\u00e8mes sont d\u2019ordre g\u00e9n\u00e9ral, d\u2019autres sont sp\u00e9cifiques \u00e0 d\u2019autres structures. Sans langue de bois, et dans un langage franc, le Ministre de la sant\u00e9 publique a \u00e9voqu\u00e9 plusieurs probl\u00e8mes dont leur r\u00e8glement permettra d\u2019am\u00e9liorer les prestations des centres de sant\u00e9 dans la r\u00e9gion.<\/p>\n<p>Ces probl\u00e8mes sont relatifs \u00e0 l\u2019accueil et aux relations humaines, aux retards sans motifs, en passant par l\u2019insuffisance dans l\u2019organisation du travail. Il a, \u00e0 cet effet, attir\u00e9 l\u2019attention des agents de sant\u00e9 pour qu\u2019ils se ressaisissent. Il a fustig\u00e9 surtout le dysfonctionnement des structures p\u00e9riph\u00e9riques qui cr\u00e9e un engorgement au niveau des structures de r\u00e9f\u00e9rence.<\/p>\n<p>Le Gouverneur de la R\u00e9gion de Maradi, pour sa part, a remerci\u00e9 les partenaires qui interviennent dans la r\u00e9gion de Maradi pour leurs diff\u00e9rents dons faits \u00e0 l\u2019endroit des populations et bien d\u2019autres interventions.<\/p>\n","protected":false},"excerpt":{"rendered":"<p>Africa-Press &#8211; Niger. Le Ministre de la Sant\u00e9 Publique, de la Population et de l\u2019Action Sociale, Dr Illiassou Idi Mainassara, a achev\u00e9, le mardi 7 septembre 2021, sa visite de travail de deux jours dans la r\u00e9gion de Maradi. L\u2019objectif de cette visite est de faire le point de la mise en \u0153uvre des activit\u00e9s [&hellip;]<\/p>\n","protected":false},"author":82,"featured_media":11379,"comment_status":"open","ping_status":"closed","sticky":false,"template":"","format":"standard","meta":{"footnotes":""},"categories":[11,2,10],"tags":[55,60,29],"class_list":["post-11380","post","type-post","status-publish","format-standard","has-post-thumbnail","hentry","category-homepage-french","category-politique","category-toutes-les-actualites","tag-africa-press","tag-africa-press-niger","tag-niger"],"yoast_head":"<!-- This site is optimized with the Yoast SEO Premium plugin v26.1 (Yoast SEO v27.0) - https:\/\/yoast.com\/product\/yoast-seo-premium-wordpress\/ -->\n<title>Le Ministre de la Sant\u00e9 Publique ach\u00e8ve sa mission \u00a0dans la r\u00e9gion de Maradi sur une note de satisfaction - niger<\/title>\n<meta name=\"description\" content=\"Le Ministre de la Sant\u00e9 Publique, de la Population et de l\u2019Action Sociale, Dr Illiassou Idi Mainassara, a achev\u00e9, le mar ...\" \/>\n<meta name=\"robots\" content=\"index, follow, max-snippet:-1, max-image-preview:large, max-video-preview:-1\" \/>\n<link rel=\"canonical\" href=\"https:\/\/www.africa-press.net\/niger\/politique\/le-ministre-de-la-sante-publique-acheve-sa-mission-dans-la-region-de-maradi-sur-une-note-de-satisfaction\" \/>\n<meta property=\"og:locale\" content=\"fr_FR\" \/>\n<meta property=\"og:type\" content=\"article\" \/>\n<meta property=\"og:title\" content=\"Le Ministre de la Sant\u00e9 Publique ach\u00e8ve sa mission \u00a0dans la r\u00e9gion de Maradi sur une note de satisfaction\" \/>\n<meta property=\"og:description\" content=\"Le Ministre de la Sant\u00e9 Publique, de la Population et de l\u2019Action Sociale, Dr Illiassou Idi Mainassara, a achev\u00e9, le mar ...\" \/>\n<meta property=\"og:url\" content=\"https:\/\/www.africa-press.net\/niger\/politique\/le-ministre-de-la-sante-publique-acheve-sa-mission-dans-la-region-de-maradi-sur-une-note-de-satisfaction\" \/>\n<meta property=\"og:site_name\" content=\"niger\" \/>\n<meta property=\"article:published_time\" content=\"2021-09-08T13:28:28+00:00\" \/>\n<meta property=\"og:image\" content=\"https:\/\/static.africa-press.net\/niger\/sites\/40\/2021\/09\/img-6138b45519c1d.jpg\" \/>\n\t<meta property=\"og:image:width\" content=\"1080\" \/>\n\t<meta property=\"og:image:height\" content=\"648\" \/>\n\t<meta property=\"og:image:type\" content=\"image\/jpeg\" \/>\n<meta name=\"author\" content=\"cfeditorfr\" \/>\n<meta name=\"twitter:card\" content=\"summary_large_image\" \/>\n<meta name=\"twitter:label1\" content=\"\u00c9crit par\" \/>\n\t<meta name=\"twitter:data1\" content=\"cfeditorfr\" \/>\n\t<meta name=\"twitter:label2\" content=\"Dur\u00e9e de lecture estim\u00e9e\" \/>\n\t<meta name=\"twitter:data2\" content=\"4 minutes\" \/>\n<script type=\"application\/ld+json\" class=\"yoast-schema-graph\">{\"@context\":\"https:\/\/schema.org\",\"@graph\":[{\"@type\":\"Article\",\"@id\":\"https:\/\/www.africa-press.net\/niger\/politique\/le-ministre-de-la-sante-publique-acheve-sa-mission-dans-la-region-de-maradi-sur-une-note-de-satisfaction#article\",\"isPartOf\":{\"@id\":\"https:\/\/www.africa-press.net\/niger\/politique\/le-ministre-de-la-sante-publique-acheve-sa-mission-dans-la-region-de-maradi-sur-une-note-de-satisfaction\"},\"author\":{\"name\":\"cfeditorfr\",\"@id\":\"https:\/\/www.africa-press.net\/niger\/#\/schema\/person\/2b1cf3cd81a31e3cd26889ca66d677f1\"},\"headline\":\"Le Ministre de la Sant\u00e9 Publique ach\u00e8ve sa mission \u00a0dans la r\u00e9gion de Maradi sur une note de satisfaction\",\"datePublished\":\"2021-09-08T13:28:28+00:00\",\"mainEntityOfPage\":{\"@id\":\"https:\/\/www.africa-press.net\/niger\/politique\/le-ministre-de-la-sante-publique-acheve-sa-mission-dans-la-region-de-maradi-sur-une-note-de-satisfaction\"},\"wordCount\":897,\"commentCount\":0,\"image\":{\"@id\":\"https:\/\/www.africa-press.net\/niger\/politique\/le-ministre-de-la-sante-publique-acheve-sa-mission-dans-la-region-de-maradi-sur-une-note-de-satisfaction#primaryimage\"},\"thumbnailUrl\":\"https:\/\/static.africa-press.net\/niger\/sites\/40\/2021\/09\/img-6138b45519c1d.jpg\",\"keywords\":[\"Africa Press\",\"Africa Press-Niger\",\"Niger\"],\"articleSection\":[\"homepage-french\",\"Politique\",\"Toutes les actualit\u00e9s\"],\"inLanguage\":\"fr-FR\",\"potentialAction\":[{\"@type\":\"CommentAction\",\"name\":\"Comment\",\"target\":[\"https:\/\/www.africa-press.net\/niger\/politique\/le-ministre-de-la-sante-publique-acheve-sa-mission-dans-la-region-de-maradi-sur-une-note-de-satisfaction#respond\"]}]},{\"@type\":\"WebPage\",\"@id\":\"https:\/\/www.africa-press.net\/niger\/politique\/le-ministre-de-la-sante-publique-acheve-sa-mission-dans-la-region-de-maradi-sur-une-note-de-satisfaction\",\"url\":\"https:\/\/www.africa-press.net\/niger\/politique\/le-ministre-de-la-sante-publique-acheve-sa-mission-dans-la-region-de-maradi-sur-une-note-de-satisfaction\",\"name\":\"Le Ministre de la Sant\u00e9 Publique ach\u00e8ve sa mission \u00a0dans la r\u00e9gion de Maradi sur une note de satisfaction - niger\",\"isPartOf\":{\"@id\":\"https:\/\/www.africa-press.net\/niger\/#website\"},\"primaryImageOfPage\":{\"@id\":\"https:\/\/www.africa-press.net\/niger\/politique\/le-ministre-de-la-sante-publique-acheve-sa-mission-dans-la-region-de-maradi-sur-une-note-de-satisfaction#primaryimage\"},\"image\":{\"@id\":\"https:\/\/www.africa-press.net\/niger\/politique\/le-ministre-de-la-sante-publique-acheve-sa-mission-dans-la-region-de-maradi-sur-une-note-de-satisfaction#primaryimage\"},\"thumbnailUrl\":\"https:\/\/static.africa-press.net\/niger\/sites\/40\/2021\/09\/img-6138b45519c1d.jpg\",\"datePublished\":\"2021-09-08T13:28:28+00:00\",\"author\":{\"@id\":\"https:\/\/www.africa-press.net\/niger\/#\/schema\/person\/2b1cf3cd81a31e3cd26889ca66d677f1\"},\"description\":\"Le Ministre de la Sant\u00e9 Publique, de la Population et de l\u2019Action Sociale, Dr Illiassou Idi Mainassara, a achev\u00e9, le mar ...\",\"breadcrumb\":{\"@id\":\"https:\/\/www.africa-press.net\/niger\/politique\/le-ministre-de-la-sante-publique-acheve-sa-mission-dans-la-region-de-maradi-sur-une-note-de-satisfaction#breadcrumb\"},\"inLanguage\":\"fr-FR\",\"potentialAction\":[{\"@type\":\"ReadAction\",\"target\":[\"https:\/\/www.africa-press.net\/niger\/politique\/le-ministre-de-la-sante-publique-acheve-sa-mission-dans-la-region-de-maradi-sur-une-note-de-satisfaction\"]}]},{\"@type\":\"ImageObject\",\"inLanguage\":\"fr-FR\",\"@id\":\"https:\/\/www.africa-press.net\/niger\/politique\/le-ministre-de-la-sante-publique-acheve-sa-mission-dans-la-region-de-maradi-sur-une-note-de-satisfaction#primaryimage\",\"url\":\"https:\/\/static.africa-press.net\/niger\/sites\/40\/2021\/09\/img-6138b45519c1d.jpg\",\"contentUrl\":\"https:\/\/static.africa-press.net\/niger\/sites\/40\/2021\/09\/img-6138b45519c1d.jpg\",\"width\":1080,\"height\":648,\"caption\":\"Le Ministre de la Sant\u00e9 Publique ach\u00e8ve sa mission \u00a0dans la r\u00e9gion de Maradi sur une note de satisfaction\"},{\"@type\":\"BreadcrumbList\",\"@id\":\"https:\/\/www.africa-press.net\/niger\/politique\/le-ministre-de-la-sante-publique-acheve-sa-mission-dans-la-region-de-maradi-sur-une-note-de-satisfaction#breadcrumb\",\"itemListElement\":[{\"@type\":\"ListItem\",\"position\":1,\"name\":\"Accueil\",\"item\":\"https:\/\/www.africa-press.net\/niger\/\"},{\"@type\":\"ListItem\",\"position\":2,\"name\":\"Le Ministre de la Sant\u00e9 Publique ach\u00e8ve sa mission \u00a0dans la r\u00e9gion de Maradi sur une note de satisfaction\"}]},{\"@type\":\"WebSite\",\"@id\":\"https:\/\/www.africa-press.net\/niger\/#website\",\"url\":\"https:\/\/www.africa-press.net\/niger\/\",\"name\":\"niger\",\"description\":\"Just another Africa News Agency Sites site\",\"potentialAction\":[{\"@type\":\"SearchAction\",\"target\":{\"@type\":\"EntryPoint\",\"urlTemplate\":\"https:\/\/www.africa-press.net\/niger\/?s={search_term_string}\"},\"query-input\":{\"@type\":\"PropertyValueSpecification\",\"valueRequired\":true,\"valueName\":\"search_term_string\"}}],\"inLanguage\":\"fr-FR\"},{\"@type\":\"Person\",\"@id\":\"https:\/\/www.africa-press.net\/niger\/#\/schema\/person\/2b1cf3cd81a31e3cd26889ca66d677f1\",\"name\":\"cfeditorfr\"}]}<\/script>\n<!-- \/ Yoast SEO Premium plugin. -->","yoast_head_json":{"title":"Le Ministre de la Sant\u00e9 Publique ach\u00e8ve sa mission \u00a0dans la r\u00e9gion de Maradi sur une note de satisfaction - niger","description":"Le Ministre de la Sant\u00e9 Publique, de la Population et de l\u2019Action Sociale, Dr Illiassou Idi Mainassara, a achev\u00e9, le mar ...","robots":{"index":"index","follow":"follow","max-snippet":"max-snippet:-1","max-image-preview":"max-image-preview:large","max-video-preview":"max-video-preview:-1"},"canonical":"https:\/\/www.africa-press.net\/niger\/politique\/le-ministre-de-la-sante-publique-acheve-sa-mission-dans-la-region-de-maradi-sur-une-note-de-satisfaction","og_locale":"fr_FR","og_type":"article","og_title":"Le Ministre de la Sant\u00e9 Publique ach\u00e8ve sa mission \u00a0dans la r\u00e9gion de Maradi sur une note de satisfaction","og_description":"Le Ministre de la Sant\u00e9 Publique, de la Population et de l\u2019Action Sociale, Dr Illiassou Idi Mainassara, a achev\u00e9, le mar ...","og_url":"https:\/\/www.africa-press.net\/niger\/politique\/le-ministre-de-la-sante-publique-acheve-sa-mission-dans-la-region-de-maradi-sur-une-note-de-satisfaction","og_site_name":"niger","article_published_time":"2021-09-08T13:28:28+00:00","og_image":[{"width":1080,"height":648,"url":"https:\/\/static.africa-press.net\/niger\/sites\/40\/2021\/09\/img-6138b45519c1d.jpg","type":"image\/jpeg"}],"author":"cfeditorfr","twitter_card":"summary_large_image","twitter_misc":{"\u00c9crit par":"cfeditorfr","Dur\u00e9e de lecture estim\u00e9e":"4 minutes"},"schema":{"@context":"https:\/\/schema.org","@graph":[{"@type":"Article","@id":"https:\/\/www.africa-press.net\/niger\/politique\/le-ministre-de-la-sante-publique-acheve-sa-mission-dans-la-region-de-maradi-sur-une-note-de-satisfaction#article","isPartOf":{"@id":"https:\/\/www.africa-press.net\/niger\/politique\/le-ministre-de-la-sante-publique-acheve-sa-mission-dans-la-region-de-maradi-sur-une-note-de-satisfaction"},"author":{"name":"cfeditorfr","@id":"https:\/\/www.africa-press.net\/niger\/#\/schema\/person\/2b1cf3cd81a31e3cd26889ca66d677f1"},"headline":"Le Ministre de la Sant\u00e9 Publique ach\u00e8ve sa mission \u00a0dans la r\u00e9gion de Maradi sur une note de satisfaction","datePublished":"2021-09-08T13:28:28+00:00","mainEntityOfPage":{"@id":"https:\/\/www.africa-press.net\/niger\/politique\/le-ministre-de-la-sante-publique-acheve-sa-mission-dans-la-region-de-maradi-sur-une-note-de-satisfaction"},"wordCount":897,"commentCount":0,"image":{"@id":"https:\/\/www.africa-press.net\/niger\/politique\/le-ministre-de-la-sante-publique-acheve-sa-mission-dans-la-region-de-maradi-sur-une-note-de-satisfaction#primaryimage"},"thumbnailUrl":"https:\/\/static.africa-press.net\/niger\/sites\/40\/2021\/09\/img-6138b45519c1d.jpg","keywords":["Africa Press","Africa Press-Niger","Niger"],"articleSection":["homepage-french","Politique","Toutes les actualit\u00e9s"],"inLanguage":"fr-FR","potentialAction":[{"@type":"CommentAction","name":"Comment","target":["https:\/\/www.africa-press.net\/niger\/politique\/le-ministre-de-la-sante-publique-acheve-sa-mission-dans-la-region-de-maradi-sur-une-note-de-satisfaction#respond"]}]},{"@type":"WebPage","@id":"https:\/\/www.africa-press.net\/niger\/politique\/le-ministre-de-la-sante-publique-acheve-sa-mission-dans-la-region-de-maradi-sur-une-note-de-satisfaction","url":"https:\/\/www.africa-press.net\/niger\/politique\/le-ministre-de-la-sante-publique-acheve-sa-mission-dans-la-region-de-maradi-sur-une-note-de-satisfaction","name":"Le Ministre de la Sant\u00e9 Publique ach\u00e8ve sa mission \u00a0dans la r\u00e9gion de Maradi sur une note de satisfaction - niger","isPartOf":{"@id":"https:\/\/www.africa-press.net\/niger\/#website"},"primaryImageOfPage":{"@id":"https:\/\/www.africa-press.net\/niger\/politique\/le-ministre-de-la-sante-publique-acheve-sa-mission-dans-la-region-de-maradi-sur-une-note-de-satisfaction#primaryimage"},"image":{"@id":"https:\/\/www.africa-press.net\/niger\/politique\/le-ministre-de-la-sante-publique-acheve-sa-mission-dans-la-region-de-maradi-sur-une-note-de-satisfaction#primaryimage"},"thumbnailUrl":"https:\/\/static.africa-press.net\/niger\/sites\/40\/2021\/09\/img-6138b45519c1d.jpg","datePublished":"2021-09-08T13:28:28+00:00","author":{"@id":"https:\/\/www.africa-press.net\/niger\/#\/schema\/person\/2b1cf3cd81a31e3cd26889ca66d677f1"},"description":"Le Ministre de la Sant\u00e9 Publique, de la Population et de l\u2019Action Sociale, Dr Illiassou Idi Mainassara, a achev\u00e9, le mar ...","breadcrumb":{"@id":"https:\/\/www.africa-press.net\/niger\/politique\/le-ministre-de-la-sante-publique-acheve-sa-mission-dans-la-region-de-maradi-sur-une-note-de-satisfaction#breadcrumb"},"inLanguage":"fr-FR","potentialAction":[{"@type":"ReadAction","target":["https:\/\/www.africa-press.net\/niger\/politique\/le-ministre-de-la-sante-publique-acheve-sa-mission-dans-la-region-de-maradi-sur-une-note-de-satisfaction"]}]},{"@type":"ImageObject","inLanguage":"fr-FR","@id":"https:\/\/www.africa-press.net\/niger\/politique\/le-ministre-de-la-sante-publique-acheve-sa-mission-dans-la-region-de-maradi-sur-une-note-de-satisfaction#primaryimage","url":"https:\/\/static.africa-press.net\/niger\/sites\/40\/2021\/09\/img-6138b45519c1d.jpg","contentUrl":"https:\/\/static.africa-press.net\/niger\/sites\/40\/2021\/09\/img-6138b45519c1d.jpg","width":1080,"height":648,"caption":"Le Ministre de la Sant\u00e9 Publique ach\u00e8ve sa mission \u00a0dans la r\u00e9gion de Maradi sur une note de satisfaction"},{"@type":"BreadcrumbList","@id":"https:\/\/www.africa-press.net\/niger\/politique\/le-ministre-de-la-sante-publique-acheve-sa-mission-dans-la-region-de-maradi-sur-une-note-de-satisfaction#breadcrumb","itemListElement":[{"@type":"ListItem","position":1,"name":"Accueil","item":"https:\/\/www.africa-press.net\/niger\/"},{"@type":"ListItem","position":2,"name":"Le Ministre de la Sant\u00e9 Publique ach\u00e8ve sa mission \u00a0dans la r\u00e9gion de Maradi sur une note de satisfaction"}]},{"@type":"WebSite","@id":"https:\/\/www.africa-press.net\/niger\/#website","url":"https:\/\/www.africa-press.net\/niger\/","name":"niger","description":"Just another Africa News Agency Sites site","potentialAction":[{"@type":"SearchAction","target":{"@type":"EntryPoint","urlTemplate":"https:\/\/www.africa-press.net\/niger\/?s={search_term_string}"},"query-input":{"@type":"PropertyValueSpecification","valueRequired":true,"valueName":"search_term_string"}}],"inLanguage":"fr-FR"},{"@type":"Person","@id":"https:\/\/www.africa-press.net\/niger\/#\/schema\/person\/2b1cf3cd81a31e3cd26889ca66d677f1","name":"cfeditorfr"}]}},"_links":{"self":[{"href":"https:\/\/www.africa-press.net\/niger\/wp-json\/wp\/v2\/posts\/11380","targetHints":{"allow":["GET"]}}],"collection":[{"href":"https:\/\/www.africa-press.net\/niger\/wp-json\/wp\/v2\/posts"}],"about":[{"href":"https:\/\/www.africa-press.net\/niger\/wp-json\/wp\/v2\/types\/post"}],"author":[{"embeddable":true,"href":"https:\/\/www.africa-press.net\/niger\/wp-json\/wp\/v2\/users\/82"}],"replies":[{"embeddable":true,"href":"https:\/\/www.africa-press.net\/niger\/wp-json\/wp\/v2\/comments?post=11380"}],"version-history":[{"count":0,"href":"https:\/\/www.africa-press.net\/niger\/wp-json\/wp\/v2\/posts\/11380\/revisions"}],"wp:featuredmedia":[{"embeddable":true,"href":"https:\/\/www.africa-press.net\/niger\/wp-json\/wp\/v2\/media\/11379"}],"wp:attachment":[{"href":"https:\/\/www.africa-press.net\/niger\/wp-json\/wp\/v2\/media?parent=11380"}],"wp:term":[{"taxonomy":"category","embeddable":true,"href":"https:\/\/www.africa-press.net\/niger\/wp-json\/wp\/v2\/categories?post=11380"},{"taxonomy":"post_tag","embeddable":true,"href":"https:\/\/www.africa-press.net\/niger\/wp-json\/wp\/v2\/tags?post=11380"}],"curies":[{"name":"wp","href":"https:\/\/api.w.org\/{rel}","templated":true}]}}