{"id":11389,"date":"2021-09-08T13:50:19","date_gmt":"2021-09-08T13:50:19","guid":{"rendered":"https:\/\/www.africa-press.net\/niger\/?p=11389"},"modified":"2021-09-08T13:04:32","modified_gmt":"2021-09-08T13:04:32","slug":"fin-de-la-premiere-edition-de-la-semaine-culturelle-de-lassociation-union-dendi-a-gaya-des-reflexions-sur-la-problematique-de-developpement-du-dendi","status":"publish","type":"post","link":"https:\/\/www.africa-press.net\/niger\/culture-et-art\/fin-de-la-premiere-edition-de-la-semaine-culturelle-de-lassociation-union-dendi-a-gaya-des-reflexions-sur-la-problematique-de-developpement-du-dendi","title":{"rendered":"Fin de la premi\u00e8re \u00e9dition de la semaine culturelle de l\u2019Association Union Dendi \u00e0 Gaya : Des r\u00e9flexions sur la probl\u00e9matique de d\u00e9veloppement du Dendi"},"content":{"rendered":"<p><span style=\"color: #ff6600\"><strong><a href=\"https:\/\/www.africa-press.net\/\">Africa-Press<\/a> &#8211; <a href=\"https:\/\/www.africa-press.net\/niger\">Niger<\/a>. <\/strong><\/span>Les manifestations entrant dans le cadre de la semaine culturelle Union Dendi ont pris fin le dimanche 5 septembre 2021, \u00e0 Gaya avec l\u2019organisation d\u2019un forum communal \u00e0 la mairie. Ce forum qui a regroup\u00e9 les membres de l\u2019association Union Dendi, le repr\u00e9sentant du chef de canton de Gaya, les diff\u00e9rents chefs de quartier de la ville et les habitants vise essentiellement \u00e0 r\u00e9fl\u00e9chir et \u00e0 recenser l\u2019ensemble des probl\u00e8mes qui freinent le d\u00e9veloppement de la ville de Gaya dans la perspective de trouver en interne les solutions appropri\u00e9es car, comme le dit un adage \u2018\u2019le linge sale se lave en famille\u2019\u2019. Ce forum se veut aussi un v\u00e9ritable cadre d\u2019\u00e9change \u00e0 b\u00e2tons rompus entre les filles et les fils du Dendi autour de la probl\u00e9matique du d\u00e9veloppement de ce terroir. C\u2019est le pr\u00e9sident de l\u2019Association Union Dendi M. Moumouni Hassane qui a pr\u00e9sid\u00e9 les travaux.<\/p>\n<p>Le forum fait partie int\u00e9grante de la semaine culturelle du Dendi. En ouvrant les travaux de ce forum, le pr\u00e9sident de l\u2019association Union Dendi M. Moumouni Hassane a pr\u00e9cis\u00e9 que cette premi\u00e8re \u00e9dition a eu un succ\u00e8s \u00e9clatant et retentissant qui a largement d\u00e9pass\u00e9 les attentes de l\u2019association. Ce succ\u00e8s est \u00e0 mettre l\u2019actif de la population de Gaya qui s\u2019est engag\u00e9e \u00e0 sauvegarder et \u00e0 valoriser sa culture, puis le niveau d\u2019engagement du comit\u00e9 d\u2019organisation ainsi que le parrainage assur\u00e9 par le Haut repr\u00e9sentant du Pr\u00e9sident de la R\u00e9publique. \u00abUn vrai succ\u00e8s, dis-je, dont les gens s\u2019en souviendront pendant longtemps\u00bb, a-t-il estim\u00e9.<\/p>\n<p>Il faut rappeler que Union Dendi est \u00e0 son troisi\u00e8me forum. Le premier a \u00e9t\u00e9 organis\u00e9 pour r\u00e9fl\u00e9chir et proposer des solutions aux probl\u00e8mes que rencontrait la commune de Gaya en 2017. \u00abCe forum a permis de cr\u00e9er la famille Dendi qui est l\u2019anc\u00eatre de l\u2019Union Dendi. Le second forum a \u00e9t\u00e9 l\u2019occasion de r\u00e9fl\u00e9chir sur les types d\u2019actions que nous devons conduire dans le cadre de notre association naissante sur le plan juridique de l\u2019Union Dendi\u00bb, a pr\u00e9cis\u00e9 M. Moumouni Hassane. Quant \u00e0 ce 3\u00e8me forum, il se propose de r\u00e9fl\u00e9chir sur la probl\u00e9matique de d\u00e9veloppement du Dendi\u2019\u2019, a relev\u00e9 le pr\u00e9sident de l\u2019association. M. Moumouni Hassane devait aussi f\u00e9liciter les autorit\u00e9s pr\u00e9fectorales et communales de Gaya pour le r\u00f4le actif qu\u2019elles ont jou\u00e9 dans la r\u00e9ussite et le succ\u00e8s de cette premi\u00e8re \u00e9dition de la semaine culturelle du Dendi.<\/p>\n<p>Auparavant, le repr\u00e9sentant du chef de canton de Gaya M. Abdou Gazari a insist\u00e9 sur le concept de l\u2019Union qui constitue le socle de la r\u00e9ussite de cette organisation. La force d\u2019une association ou organisation r\u00e9side dans la capacit\u00e9 des hommes et des femmes charg\u00e9s de la conduire \u00e0 s\u2019unir. \u00abGaya appartient \u00e0 ses filles et fils. Il faut donc r\u00e9fl\u00e9chir dans la coh\u00e9sion, la fraternit\u00e9 et le respect mutuel \u00e0 l\u2019avenir de la commune urbaine de Gaya. Lorsque nous regardons dans la m\u00eame direction, nous pouvons soulever m\u00eame une montagne. J\u2019invite chacun de nous pr\u00e9sents ici \u00e0 faire des propositions cons\u00e9quentes \u00e0 m\u00eame de faire avancer l\u2019\u0153uvre de construction et de d\u00e9veloppement de la ville de Gaya\u00bb, a souhait\u00e9 le pr\u00e9sentant du chef de canton de Gaya.<\/p>\n<p>Il faut noter qu\u2019il est attendu de cette rencontre cl\u00f4turant la premi\u00e8re \u00e9dition de la semaine culturelle de l\u2019association Union Dendi, des recommandations susceptibles d\u2019\u00eatre un fil conducteur pour l\u2019association dans les actions de d\u00e9veloppement de la commune urbaine de Gaya.<\/p>\n<p><b>Hassane Daouda, Envoy\u00e9 Sp\u00e9cial(onep)<\/b><\/p>\n","protected":false},"excerpt":{"rendered":"<p>Africa-Press &#8211; Niger. Les manifestations entrant dans le cadre de la semaine culturelle Union Dendi ont pris fin le dimanche 5 septembre 2021, \u00e0 Gaya avec l\u2019organisation d\u2019un forum communal \u00e0 la mairie. Ce forum qui a regroup\u00e9 les membres de l\u2019association Union Dendi, le repr\u00e9sentant du chef de canton de Gaya, les diff\u00e9rents chefs [&hellip;]<\/p>\n","protected":false},"author":82,"featured_media":11388,"comment_status":"open","ping_status":"closed","sticky":false,"template":"","format":"standard","meta":{"footnotes":""},"categories":[5,11,10],"tags":[55,60,29],"class_list":["post-11389","post","type-post","status-publish","format-standard","has-post-thumbnail","hentry","category-culture-et-art","category-homepage-french","category-toutes-les-actualites","tag-africa-press","tag-africa-press-niger","tag-niger"],"yoast_head":"<!-- This site is optimized with the Yoast SEO Premium plugin v26.1 (Yoast SEO v27.0) - https:\/\/yoast.com\/product\/yoast-seo-premium-wordpress\/ -->\n<title>Fin de la premi\u00e8re \u00e9dition de la semaine culturelle de l\u2019Association Union Dendi \u00e0 Gaya : Des r\u00e9flexions sur la probl\u00e9matique de d\u00e9veloppement du Dendi - niger<\/title>\n<meta name=\"description\" content=\"\ufeffLes manifestations entrant dans le cadre de la semaine culturelle Union Dendi ont pris fin le dimanche 5 septembre 2021 ...\" \/>\n<meta name=\"robots\" content=\"index, follow, max-snippet:-1, max-image-preview:large, max-video-preview:-1\" \/>\n<link rel=\"canonical\" href=\"https:\/\/www.africa-press.net\/niger\/culture-et-art\/fin-de-la-premiere-edition-de-la-semaine-culturelle-de-lassociation-union-dendi-a-gaya-des-reflexions-sur-la-problematique-de-developpement-du-dendi\" \/>\n<meta property=\"og:locale\" content=\"fr_FR\" \/>\n<meta property=\"og:type\" content=\"article\" \/>\n<meta property=\"og:title\" content=\"Fin de la premi\u00e8re \u00e9dition de la semaine culturelle de l\u2019Association Union Dendi \u00e0 Gaya : Des r\u00e9flexions sur la probl\u00e9matique de d\u00e9veloppement du Dendi\" \/>\n<meta property=\"og:description\" content=\"\ufeffLes manifestations entrant dans le cadre de la semaine culturelle Union Dendi ont pris fin le dimanche 5 septembre 2021 ...\" \/>\n<meta property=\"og:url\" content=\"https:\/\/www.africa-press.net\/niger\/culture-et-art\/fin-de-la-premiere-edition-de-la-semaine-culturelle-de-lassociation-union-dendi-a-gaya-des-reflexions-sur-la-problematique-de-developpement-du-dendi\" \/>\n<meta property=\"og:site_name\" content=\"niger\" \/>\n<meta property=\"article:published_time\" content=\"2021-09-08T13:50:19+00:00\" \/>\n<meta property=\"og:image\" content=\"https:\/\/static.africa-press.net\/niger\/sites\/40\/2021\/09\/img-6138b4c6d364c.jpg\" \/>\n\t<meta property=\"og:image:width\" content=\"720\" \/>\n\t<meta property=\"og:image:height\" content=\"396\" \/>\n\t<meta property=\"og:image:type\" content=\"image\/jpeg\" \/>\n<meta name=\"author\" content=\"cfeditorfr\" \/>\n<meta name=\"twitter:card\" content=\"summary_large_image\" \/>\n<meta name=\"twitter:label1\" content=\"\u00c9crit par\" \/>\n\t<meta name=\"twitter:data1\" content=\"cfeditorfr\" \/>\n\t<meta name=\"twitter:label2\" content=\"Dur\u00e9e de lecture estim\u00e9e\" \/>\n\t<meta name=\"twitter:data2\" content=\"3 minutes\" \/>\n<script type=\"application\/ld+json\" class=\"yoast-schema-graph\">{\"@context\":\"https:\/\/schema.org\",\"@graph\":[{\"@type\":\"Article\",\"@id\":\"https:\/\/www.africa-press.net\/niger\/culture-et-art\/fin-de-la-premiere-edition-de-la-semaine-culturelle-de-lassociation-union-dendi-a-gaya-des-reflexions-sur-la-problematique-de-developpement-du-dendi#article\",\"isPartOf\":{\"@id\":\"https:\/\/www.africa-press.net\/niger\/culture-et-art\/fin-de-la-premiere-edition-de-la-semaine-culturelle-de-lassociation-union-dendi-a-gaya-des-reflexions-sur-la-problematique-de-developpement-du-dendi\"},\"author\":{\"name\":\"cfeditorfr\",\"@id\":\"https:\/\/www.africa-press.net\/niger\/#\/schema\/person\/2b1cf3cd81a31e3cd26889ca66d677f1\"},\"headline\":\"Fin de la premi\u00e8re \u00e9dition de la semaine culturelle de l\u2019Association Union Dendi \u00e0 Gaya : Des r\u00e9flexions sur la probl\u00e9matique de d\u00e9veloppement du Dendi\",\"datePublished\":\"2021-09-08T13:50:19+00:00\",\"mainEntityOfPage\":{\"@id\":\"https:\/\/www.africa-press.net\/niger\/culture-et-art\/fin-de-la-premiere-edition-de-la-semaine-culturelle-de-lassociation-union-dendi-a-gaya-des-reflexions-sur-la-problematique-de-developpement-du-dendi\"},\"wordCount\":672,\"commentCount\":0,\"image\":{\"@id\":\"https:\/\/www.africa-press.net\/niger\/culture-et-art\/fin-de-la-premiere-edition-de-la-semaine-culturelle-de-lassociation-union-dendi-a-gaya-des-reflexions-sur-la-problematique-de-developpement-du-dendi#primaryimage\"},\"thumbnailUrl\":\"https:\/\/static.africa-press.net\/niger\/sites\/40\/2021\/09\/img-6138b4c6d364c.jpg\",\"keywords\":[\"Africa Press\",\"Africa Press-Niger\",\"Niger\"],\"articleSection\":[\"Culture et Art\",\"homepage-french\",\"Toutes les actualit\u00e9s\"],\"inLanguage\":\"fr-FR\",\"potentialAction\":[{\"@type\":\"CommentAction\",\"name\":\"Comment\",\"target\":[\"https:\/\/www.africa-press.net\/niger\/culture-et-art\/fin-de-la-premiere-edition-de-la-semaine-culturelle-de-lassociation-union-dendi-a-gaya-des-reflexions-sur-la-problematique-de-developpement-du-dendi#respond\"]}]},{\"@type\":\"WebPage\",\"@id\":\"https:\/\/www.africa-press.net\/niger\/culture-et-art\/fin-de-la-premiere-edition-de-la-semaine-culturelle-de-lassociation-union-dendi-a-gaya-des-reflexions-sur-la-problematique-de-developpement-du-dendi\",\"url\":\"https:\/\/www.africa-press.net\/niger\/culture-et-art\/fin-de-la-premiere-edition-de-la-semaine-culturelle-de-lassociation-union-dendi-a-gaya-des-reflexions-sur-la-problematique-de-developpement-du-dendi\",\"name\":\"Fin de la premi\u00e8re \u00e9dition de la semaine culturelle de l\u2019Association Union Dendi \u00e0 Gaya : Des r\u00e9flexions sur la probl\u00e9matique de d\u00e9veloppement du Dendi - niger\",\"isPartOf\":{\"@id\":\"https:\/\/www.africa-press.net\/niger\/#website\"},\"primaryImageOfPage\":{\"@id\":\"https:\/\/www.africa-press.net\/niger\/culture-et-art\/fin-de-la-premiere-edition-de-la-semaine-culturelle-de-lassociation-union-dendi-a-gaya-des-reflexions-sur-la-problematique-de-developpement-du-dendi#primaryimage\"},\"image\":{\"@id\":\"https:\/\/www.africa-press.net\/niger\/culture-et-art\/fin-de-la-premiere-edition-de-la-semaine-culturelle-de-lassociation-union-dendi-a-gaya-des-reflexions-sur-la-problematique-de-developpement-du-dendi#primaryimage\"},\"thumbnailUrl\":\"https:\/\/static.africa-press.net\/niger\/sites\/40\/2021\/09\/img-6138b4c6d364c.jpg\",\"datePublished\":\"2021-09-08T13:50:19+00:00\",\"author\":{\"@id\":\"https:\/\/www.africa-press.net\/niger\/#\/schema\/person\/2b1cf3cd81a31e3cd26889ca66d677f1\"},\"description\":\"\ufeffLes manifestations entrant dans le cadre de la semaine culturelle Union Dendi ont pris fin le dimanche 5 septembre 2021 ...\",\"breadcrumb\":{\"@id\":\"https:\/\/www.africa-press.net\/niger\/culture-et-art\/fin-de-la-premiere-edition-de-la-semaine-culturelle-de-lassociation-union-dendi-a-gaya-des-reflexions-sur-la-problematique-de-developpement-du-dendi#breadcrumb\"},\"inLanguage\":\"fr-FR\",\"potentialAction\":[{\"@type\":\"ReadAction\",\"target\":[\"https:\/\/www.africa-press.net\/niger\/culture-et-art\/fin-de-la-premiere-edition-de-la-semaine-culturelle-de-lassociation-union-dendi-a-gaya-des-reflexions-sur-la-problematique-de-developpement-du-dendi\"]}]},{\"@type\":\"ImageObject\",\"inLanguage\":\"fr-FR\",\"@id\":\"https:\/\/www.africa-press.net\/niger\/culture-et-art\/fin-de-la-premiere-edition-de-la-semaine-culturelle-de-lassociation-union-dendi-a-gaya-des-reflexions-sur-la-problematique-de-developpement-du-dendi#primaryimage\",\"url\":\"https:\/\/static.africa-press.net\/niger\/sites\/40\/2021\/09\/img-6138b4c6d364c.jpg\",\"contentUrl\":\"https:\/\/static.africa-press.net\/niger\/sites\/40\/2021\/09\/img-6138b4c6d364c.jpg\",\"width\":720,\"height\":396,\"caption\":\"Fin de la premi\u00e8re \u00e9dition de la semaine culturelle de l\u2019Association Union Dendi \u00e0 Gaya : Des r\u00e9flexions sur la probl\u00e9matique de d\u00e9veloppement du Dendi\"},{\"@type\":\"BreadcrumbList\",\"@id\":\"https:\/\/www.africa-press.net\/niger\/culture-et-art\/fin-de-la-premiere-edition-de-la-semaine-culturelle-de-lassociation-union-dendi-a-gaya-des-reflexions-sur-la-problematique-de-developpement-du-dendi#breadcrumb\",\"itemListElement\":[{\"@type\":\"ListItem\",\"position\":1,\"name\":\"Accueil\",\"item\":\"https:\/\/www.africa-press.net\/niger\/\"},{\"@type\":\"ListItem\",\"position\":2,\"name\":\"Fin de la premi\u00e8re \u00e9dition de la semaine culturelle de l\u2019Association Union Dendi \u00e0 Gaya : Des r\u00e9flexions sur la probl\u00e9matique de d\u00e9veloppement du Dendi\"}]},{\"@type\":\"WebSite\",\"@id\":\"https:\/\/www.africa-press.net\/niger\/#website\",\"url\":\"https:\/\/www.africa-press.net\/niger\/\",\"name\":\"niger\",\"description\":\"Just another Africa News Agency Sites site\",\"potentialAction\":[{\"@type\":\"SearchAction\",\"target\":{\"@type\":\"EntryPoint\",\"urlTemplate\":\"https:\/\/www.africa-press.net\/niger\/?s={search_term_string}\"},\"query-input\":{\"@type\":\"PropertyValueSpecification\",\"valueRequired\":true,\"valueName\":\"search_term_string\"}}],\"inLanguage\":\"fr-FR\"},{\"@type\":\"Person\",\"@id\":\"https:\/\/www.africa-press.net\/niger\/#\/schema\/person\/2b1cf3cd81a31e3cd26889ca66d677f1\",\"name\":\"cfeditorfr\"}]}<\/script>\n<!-- \/ Yoast SEO Premium plugin. -->","yoast_head_json":{"title":"Fin de la premi\u00e8re \u00e9dition de la semaine culturelle de l\u2019Association Union Dendi \u00e0 Gaya : Des r\u00e9flexions sur la probl\u00e9matique de d\u00e9veloppement du Dendi - niger","description":"\ufeffLes manifestations entrant dans le cadre de la semaine culturelle Union Dendi ont pris fin le dimanche 5 septembre 2021 ...","robots":{"index":"index","follow":"follow","max-snippet":"max-snippet:-1","max-image-preview":"max-image-preview:large","max-video-preview":"max-video-preview:-1"},"canonical":"https:\/\/www.africa-press.net\/niger\/culture-et-art\/fin-de-la-premiere-edition-de-la-semaine-culturelle-de-lassociation-union-dendi-a-gaya-des-reflexions-sur-la-problematique-de-developpement-du-dendi","og_locale":"fr_FR","og_type":"article","og_title":"Fin de la premi\u00e8re \u00e9dition de la semaine culturelle de l\u2019Association Union Dendi \u00e0 Gaya : Des r\u00e9flexions sur la probl\u00e9matique de d\u00e9veloppement du Dendi","og_description":"\ufeffLes manifestations entrant dans le cadre de la semaine culturelle Union Dendi ont pris fin le dimanche 5 septembre 2021 ...","og_url":"https:\/\/www.africa-press.net\/niger\/culture-et-art\/fin-de-la-premiere-edition-de-la-semaine-culturelle-de-lassociation-union-dendi-a-gaya-des-reflexions-sur-la-problematique-de-developpement-du-dendi","og_site_name":"niger","article_published_time":"2021-09-08T13:50:19+00:00","og_image":[{"width":720,"height":396,"url":"https:\/\/static.africa-press.net\/niger\/sites\/40\/2021\/09\/img-6138b4c6d364c.jpg","type":"image\/jpeg"}],"author":"cfeditorfr","twitter_card":"summary_large_image","twitter_misc":{"\u00c9crit par":"cfeditorfr","Dur\u00e9e de lecture estim\u00e9e":"3 minutes"},"schema":{"@context":"https:\/\/schema.org","@graph":[{"@type":"Article","@id":"https:\/\/www.africa-press.net\/niger\/culture-et-art\/fin-de-la-premiere-edition-de-la-semaine-culturelle-de-lassociation-union-dendi-a-gaya-des-reflexions-sur-la-problematique-de-developpement-du-dendi#article","isPartOf":{"@id":"https:\/\/www.africa-press.net\/niger\/culture-et-art\/fin-de-la-premiere-edition-de-la-semaine-culturelle-de-lassociation-union-dendi-a-gaya-des-reflexions-sur-la-problematique-de-developpement-du-dendi"},"author":{"name":"cfeditorfr","@id":"https:\/\/www.africa-press.net\/niger\/#\/schema\/person\/2b1cf3cd81a31e3cd26889ca66d677f1"},"headline":"Fin de la premi\u00e8re \u00e9dition de la semaine culturelle de l\u2019Association Union Dendi \u00e0 Gaya : Des r\u00e9flexions sur la probl\u00e9matique de d\u00e9veloppement du Dendi","datePublished":"2021-09-08T13:50:19+00:00","mainEntityOfPage":{"@id":"https:\/\/www.africa-press.net\/niger\/culture-et-art\/fin-de-la-premiere-edition-de-la-semaine-culturelle-de-lassociation-union-dendi-a-gaya-des-reflexions-sur-la-problematique-de-developpement-du-dendi"},"wordCount":672,"commentCount":0,"image":{"@id":"https:\/\/www.africa-press.net\/niger\/culture-et-art\/fin-de-la-premiere-edition-de-la-semaine-culturelle-de-lassociation-union-dendi-a-gaya-des-reflexions-sur-la-problematique-de-developpement-du-dendi#primaryimage"},"thumbnailUrl":"https:\/\/static.africa-press.net\/niger\/sites\/40\/2021\/09\/img-6138b4c6d364c.jpg","keywords":["Africa Press","Africa Press-Niger","Niger"],"articleSection":["Culture et Art","homepage-french","Toutes les actualit\u00e9s"],"inLanguage":"fr-FR","potentialAction":[{"@type":"CommentAction","name":"Comment","target":["https:\/\/www.africa-press.net\/niger\/culture-et-art\/fin-de-la-premiere-edition-de-la-semaine-culturelle-de-lassociation-union-dendi-a-gaya-des-reflexions-sur-la-problematique-de-developpement-du-dendi#respond"]}]},{"@type":"WebPage","@id":"https:\/\/www.africa-press.net\/niger\/culture-et-art\/fin-de-la-premiere-edition-de-la-semaine-culturelle-de-lassociation-union-dendi-a-gaya-des-reflexions-sur-la-problematique-de-developpement-du-dendi","url":"https:\/\/www.africa-press.net\/niger\/culture-et-art\/fin-de-la-premiere-edition-de-la-semaine-culturelle-de-lassociation-union-dendi-a-gaya-des-reflexions-sur-la-problematique-de-developpement-du-dendi","name":"Fin de la premi\u00e8re \u00e9dition de la semaine culturelle de l\u2019Association Union Dendi \u00e0 Gaya : Des r\u00e9flexions sur la probl\u00e9matique de d\u00e9veloppement du Dendi - niger","isPartOf":{"@id":"https:\/\/www.africa-press.net\/niger\/#website"},"primaryImageOfPage":{"@id":"https:\/\/www.africa-press.net\/niger\/culture-et-art\/fin-de-la-premiere-edition-de-la-semaine-culturelle-de-lassociation-union-dendi-a-gaya-des-reflexions-sur-la-problematique-de-developpement-du-dendi#primaryimage"},"image":{"@id":"https:\/\/www.africa-press.net\/niger\/culture-et-art\/fin-de-la-premiere-edition-de-la-semaine-culturelle-de-lassociation-union-dendi-a-gaya-des-reflexions-sur-la-problematique-de-developpement-du-dendi#primaryimage"},"thumbnailUrl":"https:\/\/static.africa-press.net\/niger\/sites\/40\/2021\/09\/img-6138b4c6d364c.jpg","datePublished":"2021-09-08T13:50:19+00:00","author":{"@id":"https:\/\/www.africa-press.net\/niger\/#\/schema\/person\/2b1cf3cd81a31e3cd26889ca66d677f1"},"description":"\ufeffLes manifestations entrant dans le cadre de la semaine culturelle Union Dendi ont pris fin le dimanche 5 septembre 2021 ...","breadcrumb":{"@id":"https:\/\/www.africa-press.net\/niger\/culture-et-art\/fin-de-la-premiere-edition-de-la-semaine-culturelle-de-lassociation-union-dendi-a-gaya-des-reflexions-sur-la-problematique-de-developpement-du-dendi#breadcrumb"},"inLanguage":"fr-FR","potentialAction":[{"@type":"ReadAction","target":["https:\/\/www.africa-press.net\/niger\/culture-et-art\/fin-de-la-premiere-edition-de-la-semaine-culturelle-de-lassociation-union-dendi-a-gaya-des-reflexions-sur-la-problematique-de-developpement-du-dendi"]}]},{"@type":"ImageObject","inLanguage":"fr-FR","@id":"https:\/\/www.africa-press.net\/niger\/culture-et-art\/fin-de-la-premiere-edition-de-la-semaine-culturelle-de-lassociation-union-dendi-a-gaya-des-reflexions-sur-la-problematique-de-developpement-du-dendi#primaryimage","url":"https:\/\/static.africa-press.net\/niger\/sites\/40\/2021\/09\/img-6138b4c6d364c.jpg","contentUrl":"https:\/\/static.africa-press.net\/niger\/sites\/40\/2021\/09\/img-6138b4c6d364c.jpg","width":720,"height":396,"caption":"Fin de la premi\u00e8re \u00e9dition de la semaine culturelle de l\u2019Association Union Dendi \u00e0 Gaya : Des r\u00e9flexions sur la probl\u00e9matique de d\u00e9veloppement du Dendi"},{"@type":"BreadcrumbList","@id":"https:\/\/www.africa-press.net\/niger\/culture-et-art\/fin-de-la-premiere-edition-de-la-semaine-culturelle-de-lassociation-union-dendi-a-gaya-des-reflexions-sur-la-problematique-de-developpement-du-dendi#breadcrumb","itemListElement":[{"@type":"ListItem","position":1,"name":"Accueil","item":"https:\/\/www.africa-press.net\/niger\/"},{"@type":"ListItem","position":2,"name":"Fin de la premi\u00e8re \u00e9dition de la semaine culturelle de l\u2019Association Union Dendi \u00e0 Gaya : Des r\u00e9flexions sur la probl\u00e9matique de d\u00e9veloppement du Dendi"}]},{"@type":"WebSite","@id":"https:\/\/www.africa-press.net\/niger\/#website","url":"https:\/\/www.africa-press.net\/niger\/","name":"niger","description":"Just another Africa News Agency Sites site","potentialAction":[{"@type":"SearchAction","target":{"@type":"EntryPoint","urlTemplate":"https:\/\/www.africa-press.net\/niger\/?s={search_term_string}"},"query-input":{"@type":"PropertyValueSpecification","valueRequired":true,"valueName":"search_term_string"}}],"inLanguage":"fr-FR"},{"@type":"Person","@id":"https:\/\/www.africa-press.net\/niger\/#\/schema\/person\/2b1cf3cd81a31e3cd26889ca66d677f1","name":"cfeditorfr"}]}},"_links":{"self":[{"href":"https:\/\/www.africa-press.net\/niger\/wp-json\/wp\/v2\/posts\/11389","targetHints":{"allow":["GET"]}}],"collection":[{"href":"https:\/\/www.africa-press.net\/niger\/wp-json\/wp\/v2\/posts"}],"about":[{"href":"https:\/\/www.africa-press.net\/niger\/wp-json\/wp\/v2\/types\/post"}],"author":[{"embeddable":true,"href":"https:\/\/www.africa-press.net\/niger\/wp-json\/wp\/v2\/users\/82"}],"replies":[{"embeddable":true,"href":"https:\/\/www.africa-press.net\/niger\/wp-json\/wp\/v2\/comments?post=11389"}],"version-history":[{"count":0,"href":"https:\/\/www.africa-press.net\/niger\/wp-json\/wp\/v2\/posts\/11389\/revisions"}],"wp:featuredmedia":[{"embeddable":true,"href":"https:\/\/www.africa-press.net\/niger\/wp-json\/wp\/v2\/media\/11388"}],"wp:attachment":[{"href":"https:\/\/www.africa-press.net\/niger\/wp-json\/wp\/v2\/media?parent=11389"}],"wp:term":[{"taxonomy":"category","embeddable":true,"href":"https:\/\/www.africa-press.net\/niger\/wp-json\/wp\/v2\/categories?post=11389"},{"taxonomy":"post_tag","embeddable":true,"href":"https:\/\/www.africa-press.net\/niger\/wp-json\/wp\/v2\/tags?post=11389"}],"curies":[{"name":"wp","href":"https:\/\/api.w.org\/{rel}","templated":true}]}}