{"id":11392,"date":"2021-09-08T13:55:55","date_gmt":"2021-09-08T13:55:55","guid":{"rendered":"https:\/\/www.africa-press.net\/niger\/?p=11392"},"modified":"2021-09-08T13:05:09","modified_gmt":"2021-09-08T13:05:09","slug":"dosso-les-directeurs-decole-des-regions-de-dosso-tillabery-et-niamey-en-formation-sur-lenseignement-des-droits-humains","status":"publish","type":"post","link":"https:\/\/www.africa-press.net\/niger\/toutes-les-actualites\/dosso-les-directeurs-decole-des-regions-de-dosso-tillabery-et-niamey-en-formation-sur-lenseignement-des-droits-humains","title":{"rendered":"Dosso: Les directeurs d\u2019\u00e9cole des r\u00e9gions de Dosso, Tillab\u00e9ry et Niamey en formation sur l\u2019enseignement des droits humains"},"content":{"rendered":"<p><span style=\"color: #ff6600\"><strong><a href=\"https:\/\/www.africa-press.net\/\">Africa-Press<\/a> &#8211; <a href=\"https:\/\/www.africa-press.net\/niger\">Niger<\/a>. <\/strong><\/span>Dosso abrite depuis hier un atelier de formation des directeurs d\u2019\u00e9cole des r\u00e9gions de Dosso, Tillab\u00e9ry et Niamey sur les modules d\u2019enseignement des droits humains y compris la question de l\u2019impact de la COVID 19 sur le droit \u00e0 l\u2019\u00e9ducation et les violences faites aux enfants en particulier les filles. Organis\u00e9 par le minist\u00e8re de l\u2019\u00e9ducation nationale en partenariat avec le Haut-Commissariat des Nations Unies aux Droits de l\u2019Homme, cet atelier de trois jours permettra aux participants d\u2019\u00eatre outill\u00e9s afin de former les enseignants charg\u00e9s d\u2019ex\u00e9cuter le programme de l\u2019Enseignement des Droits Humains d\u2019une part, et de mieux les encadrer sur le terrain d\u2019autre part.<\/p>\n<p>La c\u00e9r\u00e9monie d\u2019ouverture a \u00e9t\u00e9 pr\u00e9sid\u00e9e par le directeur g\u00e9n\u00e9ral de la scolarisation \u00e0 l\u2019ex-minist\u00e8re de l\u2019Enseignement primaire<\/p>\n<p>M. Jafarou Saley en pr\u00e9sence des repr\u00e9sentants du Haut-Commissariat des Nations Unies aux Droits de l\u2019Homme, du directeur de l\u2019Enseignement du Cycle Primaire Classique (DECPC), du repr\u00e9sentant du directeur r\u00e9gional de l\u2019\u00e9ducation nationale de Dosso ainsi que des formateurs et formatrices de la DECPC.<\/p>\n<p>Dans le discours qu\u2019il a prononc\u00e9 \u00e0 l\u2019ouverture des travaux, le directeur g\u00e9n\u00e9ral de la scolarisation M. Jafarou Saley a indiqu\u00e9 qu\u2019enseigner les Droits Humains \u00e0 l\u2019\u00e9cole, c\u2019est y cr\u00e9er les conditions de l\u2019apprentissage des valeurs d\u00e9mocratiques et permettre aux futurs citoyens que sont les \u00e9l\u00e8ves de comprendre le caract\u00e8re universel de certaines valeurs humaines et s\u2019en servir tout au long de leur vie. \u00abSi l\u2019\u00e9cole est de nos jours le lieu incontest\u00e9 d\u2019apprentissage par les jeunes g\u00e9n\u00e9rations de leurs droits et des moyens de les exercer, il n\u2019en demeure pas moins que cette institution joue un r\u00f4le capital dans la promotion des valeurs comme le respect de l\u2019autre, la non-discrimination, le civisme et la participation \u00e0 la vie d\u00e9mocratique\u00bb, a-t-il soulign\u00e9.<\/p>\n<p>Le directeur g\u00e9n\u00e9ral de la scolarisation a longuement fait la gen\u00e8se de l\u2019\u00e9laboration depuis 2009 des modules et guides de l\u2019enseignement des Droits Humains \u00e0 l\u2019\u00e9cole primaire. Il s\u2019agit donc au cours de cet atelier d\u2019exp\u00e9rimenter ces documents au niveau des r\u00e9gions de Dosso, Tillab\u00e9ry ainsi que Niamey ou d\u00e9j\u00e0 ces documents ont \u00e9t\u00e9 test\u00e9s. Parlant des violences faites aux \u00e9l\u00e8ves, M Jafaarou Saley a soulign\u00e9 que dans la plupart des soci\u00e9t\u00e9s africaines, le poids des coutumes, les traditions et l\u2019interpr\u00e9tation des religions entra\u00eenent une marginalisation de la femme et sa religion au second plan. De ce fait, elles sont rendues vuln\u00e9rables \u00e0 de nombreuses formes de violences.<\/p>\n<p>Abordant la pand\u00e9mie de la COVID 19, le directeur g\u00e9n\u00e9ral de la scolarisation a rappel\u00e9 les mesures prises par le gouvernement dont notamment la fermeture le 20 mars 2020 des \u00e9tablissements scolaires. Apr\u00e8s deux mois de suspension des activit\u00e9s acad\u00e9miques, le gouvernement a d\u00e9cid\u00e9 de la r\u00e9ouverture des \u00e9tablissements depuis le 1er juin 2020 au vu de la tendance favorable \u00e0 la ma\u00eetrise de l\u2019\u00e9volution de la pand\u00e9mie et apr\u00e8s consultation du comit\u00e9 d\u2019experts de la COVID 19. Pour r\u00e9ussir cette reprise des cours dans le contexte de la COVID 19, la communaut\u00e9 \u00e9ducative se mobilise pour garantir en milieu scolaire le respect des mesures barri\u00e8res \u00e9dict\u00e9es par le gouvernement. Dans ce contexte, a affirm\u00e9 M Jafaarou Saley, des actions d\u2019information et de communication s\u2019av\u00e8rent n\u00e9cessaires particuli\u00e8rement \u00e0 l\u2019attention des enseignants et des \u00e9l\u00e8ves. C\u2019est dans ce contexte que le minist\u00e8re de l\u2019Education nationale a \u00e9labor\u00e9 avec l\u2019appui du Haut-Commissariat des Nations Unies aux Droits de l\u2019homme et en collaboration avec les partenaires sociaux ces guides et modules. Le directeur g\u00e9n\u00e9ral de la scolarisation a exhort\u00e9 les participants \u00e0 \u00eatre assidus et attentifs afin de cerner tous les contours de l\u2019enseignement des Droits Humains, des violences faites aux filles et la COVID 19.<\/p>\n<p><b>Mahamane Amadou ANP-ONEP\/Dosso<\/b><\/p>\n","protected":false},"excerpt":{"rendered":"<p>Africa-Press &#8211; Niger. Dosso abrite depuis hier un atelier de formation des directeurs d\u2019\u00e9cole des r\u00e9gions de Dosso, Tillab\u00e9ry et Niamey sur les modules d\u2019enseignement des droits humains y compris la question de l\u2019impact de la COVID 19 sur le droit \u00e0 l\u2019\u00e9ducation et les violences faites aux enfants en particulier les filles. Organis\u00e9 par [&hellip;]<\/p>\n","protected":false},"author":82,"featured_media":11391,"comment_status":"open","ping_status":"closed","sticky":false,"template":"","format":"standard","meta":{"footnotes":""},"categories":[21,11,10],"tags":[55,60,29],"class_list":["post-11392","post","type-post","status-publish","format-standard","has-post-thumbnail","hentry","category-communaute","category-homepage-french","category-toutes-les-actualites","tag-africa-press","tag-africa-press-niger","tag-niger"],"yoast_head":"<!-- This site is optimized with the Yoast SEO Premium plugin v26.1 (Yoast SEO v27.0) - https:\/\/yoast.com\/product\/yoast-seo-premium-wordpress\/ -->\n<title>Dosso: Les directeurs d\u2019\u00e9cole des r\u00e9gions de Dosso, Tillab\u00e9ry et Niamey en formation sur l\u2019enseignement des droits humains - niger<\/title>\n<meta name=\"description\" content=\"\ufeffDosso abrite depuis hier un atelier de formation des directeurs d\u2019\u00e9cole des r\u00e9gions de Dosso, Tillab\u00e9ry et Niamey sur l ...\" \/>\n<meta name=\"robots\" content=\"index, follow, max-snippet:-1, max-image-preview:large, max-video-preview:-1\" \/>\n<link rel=\"canonical\" href=\"https:\/\/www.africa-press.net\/niger\/toutes-les-actualites\/dosso-les-directeurs-decole-des-regions-de-dosso-tillabery-et-niamey-en-formation-sur-lenseignement-des-droits-humains\" \/>\n<meta property=\"og:locale\" content=\"fr_FR\" \/>\n<meta property=\"og:type\" content=\"article\" \/>\n<meta property=\"og:title\" content=\"Dosso: Les directeurs d\u2019\u00e9cole des r\u00e9gions de Dosso, Tillab\u00e9ry et Niamey en formation sur l\u2019enseignement des droits humains\" \/>\n<meta property=\"og:description\" content=\"\ufeffDosso abrite depuis hier un atelier de formation des directeurs d\u2019\u00e9cole des r\u00e9gions de Dosso, Tillab\u00e9ry et Niamey sur l ...\" \/>\n<meta property=\"og:url\" content=\"https:\/\/www.africa-press.net\/niger\/toutes-les-actualites\/dosso-les-directeurs-decole-des-regions-de-dosso-tillabery-et-niamey-en-formation-sur-lenseignement-des-droits-humains\" \/>\n<meta property=\"og:site_name\" content=\"niger\" \/>\n<meta property=\"article:published_time\" content=\"2021-09-08T13:55:55+00:00\" \/>\n<meta property=\"og:image\" content=\"https:\/\/static.africa-press.net\/niger\/sites\/40\/2021\/09\/img-6138b4e96e7f9.jpg\" \/>\n\t<meta property=\"og:image:width\" content=\"720\" \/>\n\t<meta property=\"og:image:height\" content=\"387\" \/>\n\t<meta property=\"og:image:type\" content=\"image\/jpeg\" \/>\n<meta name=\"author\" content=\"cfeditorfr\" \/>\n<meta name=\"twitter:card\" content=\"summary_large_image\" \/>\n<meta name=\"twitter:label1\" content=\"\u00c9crit par\" \/>\n\t<meta name=\"twitter:data1\" content=\"cfeditorfr\" \/>\n\t<meta name=\"twitter:label2\" content=\"Dur\u00e9e de lecture estim\u00e9e\" \/>\n\t<meta name=\"twitter:data2\" content=\"3 minutes\" \/>\n<script type=\"application\/ld+json\" class=\"yoast-schema-graph\">{\"@context\":\"https:\/\/schema.org\",\"@graph\":[{\"@type\":\"Article\",\"@id\":\"https:\/\/www.africa-press.net\/niger\/toutes-les-actualites\/dosso-les-directeurs-decole-des-regions-de-dosso-tillabery-et-niamey-en-formation-sur-lenseignement-des-droits-humains#article\",\"isPartOf\":{\"@id\":\"https:\/\/www.africa-press.net\/niger\/toutes-les-actualites\/dosso-les-directeurs-decole-des-regions-de-dosso-tillabery-et-niamey-en-formation-sur-lenseignement-des-droits-humains\"},\"author\":{\"name\":\"cfeditorfr\",\"@id\":\"https:\/\/www.africa-press.net\/niger\/#\/schema\/person\/2b1cf3cd81a31e3cd26889ca66d677f1\"},\"headline\":\"Dosso: Les directeurs d\u2019\u00e9cole des r\u00e9gions de Dosso, Tillab\u00e9ry et Niamey en formation sur l\u2019enseignement des droits humains\",\"datePublished\":\"2021-09-08T13:55:55+00:00\",\"mainEntityOfPage\":{\"@id\":\"https:\/\/www.africa-press.net\/niger\/toutes-les-actualites\/dosso-les-directeurs-decole-des-regions-de-dosso-tillabery-et-niamey-en-formation-sur-lenseignement-des-droits-humains\"},\"wordCount\":716,\"commentCount\":0,\"image\":{\"@id\":\"https:\/\/www.africa-press.net\/niger\/toutes-les-actualites\/dosso-les-directeurs-decole-des-regions-de-dosso-tillabery-et-niamey-en-formation-sur-lenseignement-des-droits-humains#primaryimage\"},\"thumbnailUrl\":\"https:\/\/static.africa-press.net\/niger\/sites\/40\/2021\/09\/img-6138b4e96e7f9.jpg\",\"keywords\":[\"Africa Press\",\"Africa Press-Niger\",\"Niger\"],\"articleSection\":[\"Communaut\u00e9\",\"homepage-french\",\"Toutes les actualit\u00e9s\"],\"inLanguage\":\"fr-FR\",\"potentialAction\":[{\"@type\":\"CommentAction\",\"name\":\"Comment\",\"target\":[\"https:\/\/www.africa-press.net\/niger\/toutes-les-actualites\/dosso-les-directeurs-decole-des-regions-de-dosso-tillabery-et-niamey-en-formation-sur-lenseignement-des-droits-humains#respond\"]}]},{\"@type\":\"WebPage\",\"@id\":\"https:\/\/www.africa-press.net\/niger\/toutes-les-actualites\/dosso-les-directeurs-decole-des-regions-de-dosso-tillabery-et-niamey-en-formation-sur-lenseignement-des-droits-humains\",\"url\":\"https:\/\/www.africa-press.net\/niger\/toutes-les-actualites\/dosso-les-directeurs-decole-des-regions-de-dosso-tillabery-et-niamey-en-formation-sur-lenseignement-des-droits-humains\",\"name\":\"Dosso: Les directeurs d\u2019\u00e9cole des r\u00e9gions de Dosso, Tillab\u00e9ry et Niamey en formation sur l\u2019enseignement des droits humains - niger\",\"isPartOf\":{\"@id\":\"https:\/\/www.africa-press.net\/niger\/#website\"},\"primaryImageOfPage\":{\"@id\":\"https:\/\/www.africa-press.net\/niger\/toutes-les-actualites\/dosso-les-directeurs-decole-des-regions-de-dosso-tillabery-et-niamey-en-formation-sur-lenseignement-des-droits-humains#primaryimage\"},\"image\":{\"@id\":\"https:\/\/www.africa-press.net\/niger\/toutes-les-actualites\/dosso-les-directeurs-decole-des-regions-de-dosso-tillabery-et-niamey-en-formation-sur-lenseignement-des-droits-humains#primaryimage\"},\"thumbnailUrl\":\"https:\/\/static.africa-press.net\/niger\/sites\/40\/2021\/09\/img-6138b4e96e7f9.jpg\",\"datePublished\":\"2021-09-08T13:55:55+00:00\",\"author\":{\"@id\":\"https:\/\/www.africa-press.net\/niger\/#\/schema\/person\/2b1cf3cd81a31e3cd26889ca66d677f1\"},\"description\":\"\ufeffDosso abrite depuis hier un atelier de formation des directeurs d\u2019\u00e9cole des r\u00e9gions de Dosso, Tillab\u00e9ry et Niamey sur l ...\",\"breadcrumb\":{\"@id\":\"https:\/\/www.africa-press.net\/niger\/toutes-les-actualites\/dosso-les-directeurs-decole-des-regions-de-dosso-tillabery-et-niamey-en-formation-sur-lenseignement-des-droits-humains#breadcrumb\"},\"inLanguage\":\"fr-FR\",\"potentialAction\":[{\"@type\":\"ReadAction\",\"target\":[\"https:\/\/www.africa-press.net\/niger\/toutes-les-actualites\/dosso-les-directeurs-decole-des-regions-de-dosso-tillabery-et-niamey-en-formation-sur-lenseignement-des-droits-humains\"]}]},{\"@type\":\"ImageObject\",\"inLanguage\":\"fr-FR\",\"@id\":\"https:\/\/www.africa-press.net\/niger\/toutes-les-actualites\/dosso-les-directeurs-decole-des-regions-de-dosso-tillabery-et-niamey-en-formation-sur-lenseignement-des-droits-humains#primaryimage\",\"url\":\"https:\/\/static.africa-press.net\/niger\/sites\/40\/2021\/09\/img-6138b4e96e7f9.jpg\",\"contentUrl\":\"https:\/\/static.africa-press.net\/niger\/sites\/40\/2021\/09\/img-6138b4e96e7f9.jpg\",\"width\":720,\"height\":387,\"caption\":\"Dosso: Les directeurs d\u2019\u00e9cole des r\u00e9gions de Dosso, Tillab\u00e9ry et Niamey en formation sur l\u2019enseignement des droits humains\"},{\"@type\":\"BreadcrumbList\",\"@id\":\"https:\/\/www.africa-press.net\/niger\/toutes-les-actualites\/dosso-les-directeurs-decole-des-regions-de-dosso-tillabery-et-niamey-en-formation-sur-lenseignement-des-droits-humains#breadcrumb\",\"itemListElement\":[{\"@type\":\"ListItem\",\"position\":1,\"name\":\"Accueil\",\"item\":\"https:\/\/www.africa-press.net\/niger\/\"},{\"@type\":\"ListItem\",\"position\":2,\"name\":\"Dosso: Les directeurs d\u2019\u00e9cole des r\u00e9gions de Dosso, Tillab\u00e9ry et Niamey en formation sur l\u2019enseignement des droits humains\"}]},{\"@type\":\"WebSite\",\"@id\":\"https:\/\/www.africa-press.net\/niger\/#website\",\"url\":\"https:\/\/www.africa-press.net\/niger\/\",\"name\":\"niger\",\"description\":\"Just another Africa News Agency Sites site\",\"potentialAction\":[{\"@type\":\"SearchAction\",\"target\":{\"@type\":\"EntryPoint\",\"urlTemplate\":\"https:\/\/www.africa-press.net\/niger\/?s={search_term_string}\"},\"query-input\":{\"@type\":\"PropertyValueSpecification\",\"valueRequired\":true,\"valueName\":\"search_term_string\"}}],\"inLanguage\":\"fr-FR\"},{\"@type\":\"Person\",\"@id\":\"https:\/\/www.africa-press.net\/niger\/#\/schema\/person\/2b1cf3cd81a31e3cd26889ca66d677f1\",\"name\":\"cfeditorfr\"}]}<\/script>\n<!-- \/ Yoast SEO Premium plugin. -->","yoast_head_json":{"title":"Dosso: Les directeurs d\u2019\u00e9cole des r\u00e9gions de Dosso, Tillab\u00e9ry et Niamey en formation sur l\u2019enseignement des droits humains - niger","description":"\ufeffDosso abrite depuis hier un atelier de formation des directeurs d\u2019\u00e9cole des r\u00e9gions de Dosso, Tillab\u00e9ry et Niamey sur l ...","robots":{"index":"index","follow":"follow","max-snippet":"max-snippet:-1","max-image-preview":"max-image-preview:large","max-video-preview":"max-video-preview:-1"},"canonical":"https:\/\/www.africa-press.net\/niger\/toutes-les-actualites\/dosso-les-directeurs-decole-des-regions-de-dosso-tillabery-et-niamey-en-formation-sur-lenseignement-des-droits-humains","og_locale":"fr_FR","og_type":"article","og_title":"Dosso: Les directeurs d\u2019\u00e9cole des r\u00e9gions de Dosso, Tillab\u00e9ry et Niamey en formation sur l\u2019enseignement des droits humains","og_description":"\ufeffDosso abrite depuis hier un atelier de formation des directeurs d\u2019\u00e9cole des r\u00e9gions de Dosso, Tillab\u00e9ry et Niamey sur l ...","og_url":"https:\/\/www.africa-press.net\/niger\/toutes-les-actualites\/dosso-les-directeurs-decole-des-regions-de-dosso-tillabery-et-niamey-en-formation-sur-lenseignement-des-droits-humains","og_site_name":"niger","article_published_time":"2021-09-08T13:55:55+00:00","og_image":[{"width":720,"height":387,"url":"https:\/\/static.africa-press.net\/niger\/sites\/40\/2021\/09\/img-6138b4e96e7f9.jpg","type":"image\/jpeg"}],"author":"cfeditorfr","twitter_card":"summary_large_image","twitter_misc":{"\u00c9crit par":"cfeditorfr","Dur\u00e9e de lecture estim\u00e9e":"3 minutes"},"schema":{"@context":"https:\/\/schema.org","@graph":[{"@type":"Article","@id":"https:\/\/www.africa-press.net\/niger\/toutes-les-actualites\/dosso-les-directeurs-decole-des-regions-de-dosso-tillabery-et-niamey-en-formation-sur-lenseignement-des-droits-humains#article","isPartOf":{"@id":"https:\/\/www.africa-press.net\/niger\/toutes-les-actualites\/dosso-les-directeurs-decole-des-regions-de-dosso-tillabery-et-niamey-en-formation-sur-lenseignement-des-droits-humains"},"author":{"name":"cfeditorfr","@id":"https:\/\/www.africa-press.net\/niger\/#\/schema\/person\/2b1cf3cd81a31e3cd26889ca66d677f1"},"headline":"Dosso: Les directeurs d\u2019\u00e9cole des r\u00e9gions de Dosso, Tillab\u00e9ry et Niamey en formation sur l\u2019enseignement des droits humains","datePublished":"2021-09-08T13:55:55+00:00","mainEntityOfPage":{"@id":"https:\/\/www.africa-press.net\/niger\/toutes-les-actualites\/dosso-les-directeurs-decole-des-regions-de-dosso-tillabery-et-niamey-en-formation-sur-lenseignement-des-droits-humains"},"wordCount":716,"commentCount":0,"image":{"@id":"https:\/\/www.africa-press.net\/niger\/toutes-les-actualites\/dosso-les-directeurs-decole-des-regions-de-dosso-tillabery-et-niamey-en-formation-sur-lenseignement-des-droits-humains#primaryimage"},"thumbnailUrl":"https:\/\/static.africa-press.net\/niger\/sites\/40\/2021\/09\/img-6138b4e96e7f9.jpg","keywords":["Africa Press","Africa Press-Niger","Niger"],"articleSection":["Communaut\u00e9","homepage-french","Toutes les actualit\u00e9s"],"inLanguage":"fr-FR","potentialAction":[{"@type":"CommentAction","name":"Comment","target":["https:\/\/www.africa-press.net\/niger\/toutes-les-actualites\/dosso-les-directeurs-decole-des-regions-de-dosso-tillabery-et-niamey-en-formation-sur-lenseignement-des-droits-humains#respond"]}]},{"@type":"WebPage","@id":"https:\/\/www.africa-press.net\/niger\/toutes-les-actualites\/dosso-les-directeurs-decole-des-regions-de-dosso-tillabery-et-niamey-en-formation-sur-lenseignement-des-droits-humains","url":"https:\/\/www.africa-press.net\/niger\/toutes-les-actualites\/dosso-les-directeurs-decole-des-regions-de-dosso-tillabery-et-niamey-en-formation-sur-lenseignement-des-droits-humains","name":"Dosso: Les directeurs d\u2019\u00e9cole des r\u00e9gions de Dosso, Tillab\u00e9ry et Niamey en formation sur l\u2019enseignement des droits humains - niger","isPartOf":{"@id":"https:\/\/www.africa-press.net\/niger\/#website"},"primaryImageOfPage":{"@id":"https:\/\/www.africa-press.net\/niger\/toutes-les-actualites\/dosso-les-directeurs-decole-des-regions-de-dosso-tillabery-et-niamey-en-formation-sur-lenseignement-des-droits-humains#primaryimage"},"image":{"@id":"https:\/\/www.africa-press.net\/niger\/toutes-les-actualites\/dosso-les-directeurs-decole-des-regions-de-dosso-tillabery-et-niamey-en-formation-sur-lenseignement-des-droits-humains#primaryimage"},"thumbnailUrl":"https:\/\/static.africa-press.net\/niger\/sites\/40\/2021\/09\/img-6138b4e96e7f9.jpg","datePublished":"2021-09-08T13:55:55+00:00","author":{"@id":"https:\/\/www.africa-press.net\/niger\/#\/schema\/person\/2b1cf3cd81a31e3cd26889ca66d677f1"},"description":"\ufeffDosso abrite depuis hier un atelier de formation des directeurs d\u2019\u00e9cole des r\u00e9gions de Dosso, Tillab\u00e9ry et Niamey sur l ...","breadcrumb":{"@id":"https:\/\/www.africa-press.net\/niger\/toutes-les-actualites\/dosso-les-directeurs-decole-des-regions-de-dosso-tillabery-et-niamey-en-formation-sur-lenseignement-des-droits-humains#breadcrumb"},"inLanguage":"fr-FR","potentialAction":[{"@type":"ReadAction","target":["https:\/\/www.africa-press.net\/niger\/toutes-les-actualites\/dosso-les-directeurs-decole-des-regions-de-dosso-tillabery-et-niamey-en-formation-sur-lenseignement-des-droits-humains"]}]},{"@type":"ImageObject","inLanguage":"fr-FR","@id":"https:\/\/www.africa-press.net\/niger\/toutes-les-actualites\/dosso-les-directeurs-decole-des-regions-de-dosso-tillabery-et-niamey-en-formation-sur-lenseignement-des-droits-humains#primaryimage","url":"https:\/\/static.africa-press.net\/niger\/sites\/40\/2021\/09\/img-6138b4e96e7f9.jpg","contentUrl":"https:\/\/static.africa-press.net\/niger\/sites\/40\/2021\/09\/img-6138b4e96e7f9.jpg","width":720,"height":387,"caption":"Dosso: Les directeurs d\u2019\u00e9cole des r\u00e9gions de Dosso, Tillab\u00e9ry et Niamey en formation sur l\u2019enseignement des droits humains"},{"@type":"BreadcrumbList","@id":"https:\/\/www.africa-press.net\/niger\/toutes-les-actualites\/dosso-les-directeurs-decole-des-regions-de-dosso-tillabery-et-niamey-en-formation-sur-lenseignement-des-droits-humains#breadcrumb","itemListElement":[{"@type":"ListItem","position":1,"name":"Accueil","item":"https:\/\/www.africa-press.net\/niger\/"},{"@type":"ListItem","position":2,"name":"Dosso: Les directeurs d\u2019\u00e9cole des r\u00e9gions de Dosso, Tillab\u00e9ry et Niamey en formation sur l\u2019enseignement des droits humains"}]},{"@type":"WebSite","@id":"https:\/\/www.africa-press.net\/niger\/#website","url":"https:\/\/www.africa-press.net\/niger\/","name":"niger","description":"Just another Africa News Agency Sites site","potentialAction":[{"@type":"SearchAction","target":{"@type":"EntryPoint","urlTemplate":"https:\/\/www.africa-press.net\/niger\/?s={search_term_string}"},"query-input":{"@type":"PropertyValueSpecification","valueRequired":true,"valueName":"search_term_string"}}],"inLanguage":"fr-FR"},{"@type":"Person","@id":"https:\/\/www.africa-press.net\/niger\/#\/schema\/person\/2b1cf3cd81a31e3cd26889ca66d677f1","name":"cfeditorfr"}]}},"_links":{"self":[{"href":"https:\/\/www.africa-press.net\/niger\/wp-json\/wp\/v2\/posts\/11392","targetHints":{"allow":["GET"]}}],"collection":[{"href":"https:\/\/www.africa-press.net\/niger\/wp-json\/wp\/v2\/posts"}],"about":[{"href":"https:\/\/www.africa-press.net\/niger\/wp-json\/wp\/v2\/types\/post"}],"author":[{"embeddable":true,"href":"https:\/\/www.africa-press.net\/niger\/wp-json\/wp\/v2\/users\/82"}],"replies":[{"embeddable":true,"href":"https:\/\/www.africa-press.net\/niger\/wp-json\/wp\/v2\/comments?post=11392"}],"version-history":[{"count":0,"href":"https:\/\/www.africa-press.net\/niger\/wp-json\/wp\/v2\/posts\/11392\/revisions"}],"wp:featuredmedia":[{"embeddable":true,"href":"https:\/\/www.africa-press.net\/niger\/wp-json\/wp\/v2\/media\/11391"}],"wp:attachment":[{"href":"https:\/\/www.africa-press.net\/niger\/wp-json\/wp\/v2\/media?parent=11392"}],"wp:term":[{"taxonomy":"category","embeddable":true,"href":"https:\/\/www.africa-press.net\/niger\/wp-json\/wp\/v2\/categories?post=11392"},{"taxonomy":"post_tag","embeddable":true,"href":"https:\/\/www.africa-press.net\/niger\/wp-json\/wp\/v2\/tags?post=11392"}],"curies":[{"name":"wp","href":"https:\/\/api.w.org\/{rel}","templated":true}]}}