{"id":11395,"date":"2021-09-08T14:05:34","date_gmt":"2021-09-08T14:05:34","guid":{"rendered":"https:\/\/www.africa-press.net\/niger\/?p=11395"},"modified":"2021-09-08T13:05:47","modified_gmt":"2021-09-08T13:05:47","slug":"diffa-signature-dune-convention-de-partenariat-entre-luniversite-de-diffa-et-le-prolac-niger","status":"publish","type":"post","link":"https:\/\/www.africa-press.net\/niger\/politique\/diffa-signature-dune-convention-de-partenariat-entre-luniversite-de-diffa-et-le-prolac-niger","title":{"rendered":"Diffa : Signature d\u2019une convention de partenariat entre l\u2019universit\u00e9 de Diffa et le PROLAC Niger"},"content":{"rendered":"<p><span style=\"color: #ff6600\"><strong><a href=\"https:\/\/www.africa-press.net\/\">Africa-Press<\/a> &#8211; <a href=\"https:\/\/www.africa-press.net\/niger\">Niger<\/a>. <\/strong><\/span>L\u2019Universit\u00e9 de Diffa et le Projet de Redressement et de D\u00e9veloppement de la R\u00e9gion du Lac Tchad (PROLAC Niger) ont sign\u00e9, le lundi 6 septembre 2021 une convention de partenariat. La c\u00e9r\u00e9monie de signature s\u2019est d\u00e9roul\u00e9e dans l\u2019amphith\u00e9\u00e2tre de l\u2019h\u00f4tel du 18 d\u00e9cembre sous la pr\u00e9sidence du Ministre de l\u2019Enseignement Sup\u00e9rieur et de la Recherche, PHD Mamoudou Djibo et en pr\u00e9sence du Secr\u00e9taire g\u00e9n\u00e9ral du gouvernorat de Diffa, du Recteur de l\u2019Universit\u00e9, du Secr\u00e9taire Ex\u00e9cutif de la Strat\u00e9gie D\u00e9veloppement S\u00e9curit\u00e9, Sahel Niger Coordonnateur National du PROLAC, du Secr\u00e9taire g\u00e9n\u00e9ral de la Pr\u00e9fecture de Diffa, des membres de la Communaut\u00e9 universitaire et de plusieurs invit\u00e9s.<\/p>\n<p>Dans son allocution \u00e0 cette occasion, le ministre de l\u2019Enseignement Sup\u00e9rieur et de la Recherche a tenu tout abord \u00e0 remercier et \u00e0 saluer les autorit\u00e9s r\u00e9gionales et la communaut\u00e9 universitaire pour l\u2019accueil et la parfaite organisation de la c\u00e9r\u00e9monie. PHD Mamoudou Djibo a not\u00e9 que c\u2019est une excellente vision que d\u2019impliquer et de soutenir mat\u00e9riellement et financi\u00e8rement, l\u2019Universit\u00e9 de Diffa dans ce programme. \u00abA ce titre, je voudrais f\u00e9liciter de vive voix les responsables du PROLAC pour avoir initi\u00e9 et concr\u00e9tis\u00e9 ce partenariat. Ce type de collaboration est p\u00e9dagogique et j\u2019invite les projets et programmes intervenant au Niger \u00e0 s\u2019ouvrir \u00e0 nos universit\u00e9s publiques qui regorgent de personnes ressources de qualit\u00e9 qui ne cherchent qu\u2019\u00e0 \u00eatre mobilis\u00e9es pour servir la Nation\u00bb a soulign\u00e9 le ministre.<\/p>\n<p>Pour le Coordonnateur national du PROLAC, cette c\u00e9r\u00e9monie de signature de convention avec l\u2019Universit\u00e9 de Diffa entre dans le cadre de la mise en \u0153uvre du PROLAC dont l\u2019objectif central porte sur \u00abla productivit\u00e9 et les revenus ruraux\u00bb par l\u2019am\u00e9lioration des moyens de subsistance agricoles\u00bb, \u00abla connectivit\u00e9 rurale\u00bb et \u00ables investissements productifs publics\u00bb visant sp\u00e9cifiquement \u00e0 am\u00e9liorer la r\u00e9silience, la coh\u00e9sion sociale et l\u2019inclusion. M. Laouli Ada a indiqu\u00e9 que le PROLAC contribue \u00e0 traduire concr\u00e8tement en actes l\u2019axe 3, \u00abAm\u00e9lioration de la r\u00e9silience des groupes vuln\u00e9rables face aux changements climatiques, aux crises et aux catastrophes\u00bb de l\u2019Initiative 3N (les Nig\u00e9riens Nourrissent les Nig\u00e9riens).<\/p>\n<p>Le Recteur de l\u2019Universit\u00e9 de Diffa a salu\u00e9 la pr\u00e9sence remarqu\u00e9e d\u2019imminents professeurs qui ont tenu \u00e0 honorer la c\u00e9r\u00e9monie, au nom de la Communaut\u00e9 universitaire. Pr Ali Mahaman a soulign\u00e9 que l\u2019Universit\u00e9 de Diffa dispose de plusieurs atouts qui expliquent son choix dans le cadre de la mise en \u0153uvre des activit\u00e9s du PROLAC. Ainsi de mani\u00e8re sp\u00e9cifique, la pr\u00e9sente convention aidera \u00e0 instaurer une relation de collaboration entre le PROLAC et l\u2019Universit\u00e9 de Diffa \u00e0 travers les actions pr\u00e9vues, et qui visent \u00e0 appuyer l\u2019organisation des visites de terrain et des ateliers d\u2019\u00e9changes de connaissances et d\u2019apprentissage mutuel, en mettant l\u2019accent sur l\u2019apprentissage intersectoriel et interr\u00e9gional ; et \u00e0 octroyer des bourses de recherche de fa\u00e7on concurrentielle \u00e0 travers des appels \u00e0 proposition aux \u00e9tudiants de l\u2019Universit\u00e9 de Diffa pour effectuer des recherches sur un sujet pertinent et d\u2019int\u00e9r\u00eat li\u00e9 \u00e0 la probl\u00e9matique du Bassin du Lac Tchad.<\/p>\n<p>Le Secr\u00e9taire g\u00e9n\u00e9ral du gouvernorat de Diffa, a appr\u00e9ci\u00e9 l\u2019initiative du PROLAC qui constitue un acte de partenariat pour renforcer la capacit\u00e9 de l\u2019Universit\u00e9 dans sa mission de recherche, d\u2019encadrement et de contribution aux actions de d\u00e9veloppement. M. Yahaya Godi a remerci\u00e9 le PROLAC au nom des autorit\u00e9s r\u00e9gionales.<\/p>\n<p><b>Mato Adamou ONEP DIFFA<\/b><\/p>\n","protected":false},"excerpt":{"rendered":"<p>Africa-Press &#8211; Niger. L\u2019Universit\u00e9 de Diffa et le Projet de Redressement et de D\u00e9veloppement de la R\u00e9gion du Lac Tchad (PROLAC Niger) ont sign\u00e9, le lundi 6 septembre 2021 une convention de partenariat. La c\u00e9r\u00e9monie de signature s\u2019est d\u00e9roul\u00e9e dans l\u2019amphith\u00e9\u00e2tre de l\u2019h\u00f4tel du 18 d\u00e9cembre sous la pr\u00e9sidence du Ministre de l\u2019Enseignement Sup\u00e9rieur et [&hellip;]<\/p>\n","protected":false},"author":82,"featured_media":11394,"comment_status":"open","ping_status":"closed","sticky":false,"template":"","format":"standard","meta":{"footnotes":""},"categories":[11,2,10],"tags":[55,60,29],"class_list":["post-11395","post","type-post","status-publish","format-standard","has-post-thumbnail","hentry","category-homepage-french","category-politique","category-toutes-les-actualites","tag-africa-press","tag-africa-press-niger","tag-niger"],"yoast_head":"<!-- This site is optimized with the Yoast SEO Premium plugin v26.1 (Yoast SEO v27.0) - https:\/\/yoast.com\/product\/yoast-seo-premium-wordpress\/ -->\n<title>Diffa : Signature d\u2019une convention de partenariat entre l\u2019universit\u00e9 de Diffa et le PROLAC Niger - niger<\/title>\n<meta name=\"description\" content=\"\ufeffL\u2019Universit\u00e9 de Diffa et le Projet de Redressement et de D\u00e9veloppement de la R\u00e9gion du Lac Tchad (PROLAC Niger) ont sig ...\" \/>\n<meta name=\"robots\" content=\"index, follow, max-snippet:-1, max-image-preview:large, max-video-preview:-1\" \/>\n<link rel=\"canonical\" href=\"https:\/\/www.africa-press.net\/niger\/politique\/diffa-signature-dune-convention-de-partenariat-entre-luniversite-de-diffa-et-le-prolac-niger\" \/>\n<meta property=\"og:locale\" content=\"fr_FR\" \/>\n<meta property=\"og:type\" content=\"article\" \/>\n<meta property=\"og:title\" content=\"Diffa : Signature d\u2019une convention de partenariat entre l\u2019universit\u00e9 de Diffa et le PROLAC Niger\" \/>\n<meta property=\"og:description\" content=\"\ufeffL\u2019Universit\u00e9 de Diffa et le Projet de Redressement et de D\u00e9veloppement de la R\u00e9gion du Lac Tchad (PROLAC Niger) ont sig ...\" \/>\n<meta property=\"og:url\" content=\"https:\/\/www.africa-press.net\/niger\/politique\/diffa-signature-dune-convention-de-partenariat-entre-luniversite-de-diffa-et-le-prolac-niger\" \/>\n<meta property=\"og:site_name\" content=\"niger\" \/>\n<meta property=\"article:published_time\" content=\"2021-09-08T14:05:34+00:00\" \/>\n<meta property=\"og:image\" content=\"https:\/\/static.africa-press.net\/niger\/sites\/40\/2021\/09\/img-6138b51098f79.jpg\" \/>\n\t<meta property=\"og:image:width\" content=\"720\" \/>\n\t<meta property=\"og:image:height\" content=\"462\" \/>\n\t<meta property=\"og:image:type\" content=\"image\/jpeg\" \/>\n<meta name=\"author\" content=\"cfeditorfr\" \/>\n<meta name=\"twitter:card\" content=\"summary_large_image\" \/>\n<meta name=\"twitter:label1\" content=\"\u00c9crit par\" \/>\n\t<meta name=\"twitter:data1\" content=\"cfeditorfr\" \/>\n\t<meta name=\"twitter:label2\" content=\"Dur\u00e9e de lecture estim\u00e9e\" \/>\n\t<meta name=\"twitter:data2\" content=\"3 minutes\" \/>\n<script type=\"application\/ld+json\" class=\"yoast-schema-graph\">{\"@context\":\"https:\/\/schema.org\",\"@graph\":[{\"@type\":\"Article\",\"@id\":\"https:\/\/www.africa-press.net\/niger\/politique\/diffa-signature-dune-convention-de-partenariat-entre-luniversite-de-diffa-et-le-prolac-niger#article\",\"isPartOf\":{\"@id\":\"https:\/\/www.africa-press.net\/niger\/politique\/diffa-signature-dune-convention-de-partenariat-entre-luniversite-de-diffa-et-le-prolac-niger\"},\"author\":{\"name\":\"cfeditorfr\",\"@id\":\"https:\/\/www.africa-press.net\/niger\/#\/schema\/person\/2b1cf3cd81a31e3cd26889ca66d677f1\"},\"headline\":\"Diffa : Signature d\u2019une convention de partenariat entre l\u2019universit\u00e9 de Diffa et le PROLAC Niger\",\"datePublished\":\"2021-09-08T14:05:34+00:00\",\"mainEntityOfPage\":{\"@id\":\"https:\/\/www.africa-press.net\/niger\/politique\/diffa-signature-dune-convention-de-partenariat-entre-luniversite-de-diffa-et-le-prolac-niger\"},\"wordCount\":640,\"commentCount\":0,\"image\":{\"@id\":\"https:\/\/www.africa-press.net\/niger\/politique\/diffa-signature-dune-convention-de-partenariat-entre-luniversite-de-diffa-et-le-prolac-niger#primaryimage\"},\"thumbnailUrl\":\"https:\/\/static.africa-press.net\/niger\/sites\/40\/2021\/09\/img-6138b51098f79.jpg\",\"keywords\":[\"Africa Press\",\"Africa Press-Niger\",\"Niger\"],\"articleSection\":[\"homepage-french\",\"Politique\",\"Toutes les actualit\u00e9s\"],\"inLanguage\":\"fr-FR\",\"potentialAction\":[{\"@type\":\"CommentAction\",\"name\":\"Comment\",\"target\":[\"https:\/\/www.africa-press.net\/niger\/politique\/diffa-signature-dune-convention-de-partenariat-entre-luniversite-de-diffa-et-le-prolac-niger#respond\"]}]},{\"@type\":\"WebPage\",\"@id\":\"https:\/\/www.africa-press.net\/niger\/politique\/diffa-signature-dune-convention-de-partenariat-entre-luniversite-de-diffa-et-le-prolac-niger\",\"url\":\"https:\/\/www.africa-press.net\/niger\/politique\/diffa-signature-dune-convention-de-partenariat-entre-luniversite-de-diffa-et-le-prolac-niger\",\"name\":\"Diffa : Signature d\u2019une convention de partenariat entre l\u2019universit\u00e9 de Diffa et le PROLAC Niger - niger\",\"isPartOf\":{\"@id\":\"https:\/\/www.africa-press.net\/niger\/#website\"},\"primaryImageOfPage\":{\"@id\":\"https:\/\/www.africa-press.net\/niger\/politique\/diffa-signature-dune-convention-de-partenariat-entre-luniversite-de-diffa-et-le-prolac-niger#primaryimage\"},\"image\":{\"@id\":\"https:\/\/www.africa-press.net\/niger\/politique\/diffa-signature-dune-convention-de-partenariat-entre-luniversite-de-diffa-et-le-prolac-niger#primaryimage\"},\"thumbnailUrl\":\"https:\/\/static.africa-press.net\/niger\/sites\/40\/2021\/09\/img-6138b51098f79.jpg\",\"datePublished\":\"2021-09-08T14:05:34+00:00\",\"author\":{\"@id\":\"https:\/\/www.africa-press.net\/niger\/#\/schema\/person\/2b1cf3cd81a31e3cd26889ca66d677f1\"},\"description\":\"\ufeffL\u2019Universit\u00e9 de Diffa et le Projet de Redressement et de D\u00e9veloppement de la R\u00e9gion du Lac Tchad (PROLAC Niger) ont sig ...\",\"breadcrumb\":{\"@id\":\"https:\/\/www.africa-press.net\/niger\/politique\/diffa-signature-dune-convention-de-partenariat-entre-luniversite-de-diffa-et-le-prolac-niger#breadcrumb\"},\"inLanguage\":\"fr-FR\",\"potentialAction\":[{\"@type\":\"ReadAction\",\"target\":[\"https:\/\/www.africa-press.net\/niger\/politique\/diffa-signature-dune-convention-de-partenariat-entre-luniversite-de-diffa-et-le-prolac-niger\"]}]},{\"@type\":\"ImageObject\",\"inLanguage\":\"fr-FR\",\"@id\":\"https:\/\/www.africa-press.net\/niger\/politique\/diffa-signature-dune-convention-de-partenariat-entre-luniversite-de-diffa-et-le-prolac-niger#primaryimage\",\"url\":\"https:\/\/static.africa-press.net\/niger\/sites\/40\/2021\/09\/img-6138b51098f79.jpg\",\"contentUrl\":\"https:\/\/static.africa-press.net\/niger\/sites\/40\/2021\/09\/img-6138b51098f79.jpg\",\"width\":720,\"height\":462,\"caption\":\"Diffa : Signature d\u2019une convention de partenariat entre l\u2019universit\u00e9 de Diffa et le PROLAC Niger\"},{\"@type\":\"BreadcrumbList\",\"@id\":\"https:\/\/www.africa-press.net\/niger\/politique\/diffa-signature-dune-convention-de-partenariat-entre-luniversite-de-diffa-et-le-prolac-niger#breadcrumb\",\"itemListElement\":[{\"@type\":\"ListItem\",\"position\":1,\"name\":\"Accueil\",\"item\":\"https:\/\/www.africa-press.net\/niger\/\"},{\"@type\":\"ListItem\",\"position\":2,\"name\":\"Diffa : Signature d\u2019une convention de partenariat entre l\u2019universit\u00e9 de Diffa et le PROLAC Niger\"}]},{\"@type\":\"WebSite\",\"@id\":\"https:\/\/www.africa-press.net\/niger\/#website\",\"url\":\"https:\/\/www.africa-press.net\/niger\/\",\"name\":\"niger\",\"description\":\"Just another Africa News Agency Sites site\",\"potentialAction\":[{\"@type\":\"SearchAction\",\"target\":{\"@type\":\"EntryPoint\",\"urlTemplate\":\"https:\/\/www.africa-press.net\/niger\/?s={search_term_string}\"},\"query-input\":{\"@type\":\"PropertyValueSpecification\",\"valueRequired\":true,\"valueName\":\"search_term_string\"}}],\"inLanguage\":\"fr-FR\"},{\"@type\":\"Person\",\"@id\":\"https:\/\/www.africa-press.net\/niger\/#\/schema\/person\/2b1cf3cd81a31e3cd26889ca66d677f1\",\"name\":\"cfeditorfr\"}]}<\/script>\n<!-- \/ Yoast SEO Premium plugin. -->","yoast_head_json":{"title":"Diffa : Signature d\u2019une convention de partenariat entre l\u2019universit\u00e9 de Diffa et le PROLAC Niger - niger","description":"\ufeffL\u2019Universit\u00e9 de Diffa et le Projet de Redressement et de D\u00e9veloppement de la R\u00e9gion du Lac Tchad (PROLAC Niger) ont sig ...","robots":{"index":"index","follow":"follow","max-snippet":"max-snippet:-1","max-image-preview":"max-image-preview:large","max-video-preview":"max-video-preview:-1"},"canonical":"https:\/\/www.africa-press.net\/niger\/politique\/diffa-signature-dune-convention-de-partenariat-entre-luniversite-de-diffa-et-le-prolac-niger","og_locale":"fr_FR","og_type":"article","og_title":"Diffa : Signature d\u2019une convention de partenariat entre l\u2019universit\u00e9 de Diffa et le PROLAC Niger","og_description":"\ufeffL\u2019Universit\u00e9 de Diffa et le Projet de Redressement et de D\u00e9veloppement de la R\u00e9gion du Lac Tchad (PROLAC Niger) ont sig ...","og_url":"https:\/\/www.africa-press.net\/niger\/politique\/diffa-signature-dune-convention-de-partenariat-entre-luniversite-de-diffa-et-le-prolac-niger","og_site_name":"niger","article_published_time":"2021-09-08T14:05:34+00:00","og_image":[{"width":720,"height":462,"url":"https:\/\/static.africa-press.net\/niger\/sites\/40\/2021\/09\/img-6138b51098f79.jpg","type":"image\/jpeg"}],"author":"cfeditorfr","twitter_card":"summary_large_image","twitter_misc":{"\u00c9crit par":"cfeditorfr","Dur\u00e9e de lecture estim\u00e9e":"3 minutes"},"schema":{"@context":"https:\/\/schema.org","@graph":[{"@type":"Article","@id":"https:\/\/www.africa-press.net\/niger\/politique\/diffa-signature-dune-convention-de-partenariat-entre-luniversite-de-diffa-et-le-prolac-niger#article","isPartOf":{"@id":"https:\/\/www.africa-press.net\/niger\/politique\/diffa-signature-dune-convention-de-partenariat-entre-luniversite-de-diffa-et-le-prolac-niger"},"author":{"name":"cfeditorfr","@id":"https:\/\/www.africa-press.net\/niger\/#\/schema\/person\/2b1cf3cd81a31e3cd26889ca66d677f1"},"headline":"Diffa : Signature d\u2019une convention de partenariat entre l\u2019universit\u00e9 de Diffa et le PROLAC Niger","datePublished":"2021-09-08T14:05:34+00:00","mainEntityOfPage":{"@id":"https:\/\/www.africa-press.net\/niger\/politique\/diffa-signature-dune-convention-de-partenariat-entre-luniversite-de-diffa-et-le-prolac-niger"},"wordCount":640,"commentCount":0,"image":{"@id":"https:\/\/www.africa-press.net\/niger\/politique\/diffa-signature-dune-convention-de-partenariat-entre-luniversite-de-diffa-et-le-prolac-niger#primaryimage"},"thumbnailUrl":"https:\/\/static.africa-press.net\/niger\/sites\/40\/2021\/09\/img-6138b51098f79.jpg","keywords":["Africa Press","Africa Press-Niger","Niger"],"articleSection":["homepage-french","Politique","Toutes les actualit\u00e9s"],"inLanguage":"fr-FR","potentialAction":[{"@type":"CommentAction","name":"Comment","target":["https:\/\/www.africa-press.net\/niger\/politique\/diffa-signature-dune-convention-de-partenariat-entre-luniversite-de-diffa-et-le-prolac-niger#respond"]}]},{"@type":"WebPage","@id":"https:\/\/www.africa-press.net\/niger\/politique\/diffa-signature-dune-convention-de-partenariat-entre-luniversite-de-diffa-et-le-prolac-niger","url":"https:\/\/www.africa-press.net\/niger\/politique\/diffa-signature-dune-convention-de-partenariat-entre-luniversite-de-diffa-et-le-prolac-niger","name":"Diffa : Signature d\u2019une convention de partenariat entre l\u2019universit\u00e9 de Diffa et le PROLAC Niger - niger","isPartOf":{"@id":"https:\/\/www.africa-press.net\/niger\/#website"},"primaryImageOfPage":{"@id":"https:\/\/www.africa-press.net\/niger\/politique\/diffa-signature-dune-convention-de-partenariat-entre-luniversite-de-diffa-et-le-prolac-niger#primaryimage"},"image":{"@id":"https:\/\/www.africa-press.net\/niger\/politique\/diffa-signature-dune-convention-de-partenariat-entre-luniversite-de-diffa-et-le-prolac-niger#primaryimage"},"thumbnailUrl":"https:\/\/static.africa-press.net\/niger\/sites\/40\/2021\/09\/img-6138b51098f79.jpg","datePublished":"2021-09-08T14:05:34+00:00","author":{"@id":"https:\/\/www.africa-press.net\/niger\/#\/schema\/person\/2b1cf3cd81a31e3cd26889ca66d677f1"},"description":"\ufeffL\u2019Universit\u00e9 de Diffa et le Projet de Redressement et de D\u00e9veloppement de la R\u00e9gion du Lac Tchad (PROLAC Niger) ont sig ...","breadcrumb":{"@id":"https:\/\/www.africa-press.net\/niger\/politique\/diffa-signature-dune-convention-de-partenariat-entre-luniversite-de-diffa-et-le-prolac-niger#breadcrumb"},"inLanguage":"fr-FR","potentialAction":[{"@type":"ReadAction","target":["https:\/\/www.africa-press.net\/niger\/politique\/diffa-signature-dune-convention-de-partenariat-entre-luniversite-de-diffa-et-le-prolac-niger"]}]},{"@type":"ImageObject","inLanguage":"fr-FR","@id":"https:\/\/www.africa-press.net\/niger\/politique\/diffa-signature-dune-convention-de-partenariat-entre-luniversite-de-diffa-et-le-prolac-niger#primaryimage","url":"https:\/\/static.africa-press.net\/niger\/sites\/40\/2021\/09\/img-6138b51098f79.jpg","contentUrl":"https:\/\/static.africa-press.net\/niger\/sites\/40\/2021\/09\/img-6138b51098f79.jpg","width":720,"height":462,"caption":"Diffa : Signature d\u2019une convention de partenariat entre l\u2019universit\u00e9 de Diffa et le PROLAC Niger"},{"@type":"BreadcrumbList","@id":"https:\/\/www.africa-press.net\/niger\/politique\/diffa-signature-dune-convention-de-partenariat-entre-luniversite-de-diffa-et-le-prolac-niger#breadcrumb","itemListElement":[{"@type":"ListItem","position":1,"name":"Accueil","item":"https:\/\/www.africa-press.net\/niger\/"},{"@type":"ListItem","position":2,"name":"Diffa : Signature d\u2019une convention de partenariat entre l\u2019universit\u00e9 de Diffa et le PROLAC Niger"}]},{"@type":"WebSite","@id":"https:\/\/www.africa-press.net\/niger\/#website","url":"https:\/\/www.africa-press.net\/niger\/","name":"niger","description":"Just another Africa News Agency Sites site","potentialAction":[{"@type":"SearchAction","target":{"@type":"EntryPoint","urlTemplate":"https:\/\/www.africa-press.net\/niger\/?s={search_term_string}"},"query-input":{"@type":"PropertyValueSpecification","valueRequired":true,"valueName":"search_term_string"}}],"inLanguage":"fr-FR"},{"@type":"Person","@id":"https:\/\/www.africa-press.net\/niger\/#\/schema\/person\/2b1cf3cd81a31e3cd26889ca66d677f1","name":"cfeditorfr"}]}},"_links":{"self":[{"href":"https:\/\/www.africa-press.net\/niger\/wp-json\/wp\/v2\/posts\/11395","targetHints":{"allow":["GET"]}}],"collection":[{"href":"https:\/\/www.africa-press.net\/niger\/wp-json\/wp\/v2\/posts"}],"about":[{"href":"https:\/\/www.africa-press.net\/niger\/wp-json\/wp\/v2\/types\/post"}],"author":[{"embeddable":true,"href":"https:\/\/www.africa-press.net\/niger\/wp-json\/wp\/v2\/users\/82"}],"replies":[{"embeddable":true,"href":"https:\/\/www.africa-press.net\/niger\/wp-json\/wp\/v2\/comments?post=11395"}],"version-history":[{"count":0,"href":"https:\/\/www.africa-press.net\/niger\/wp-json\/wp\/v2\/posts\/11395\/revisions"}],"wp:featuredmedia":[{"embeddable":true,"href":"https:\/\/www.africa-press.net\/niger\/wp-json\/wp\/v2\/media\/11394"}],"wp:attachment":[{"href":"https:\/\/www.africa-press.net\/niger\/wp-json\/wp\/v2\/media?parent=11395"}],"wp:term":[{"taxonomy":"category","embeddable":true,"href":"https:\/\/www.africa-press.net\/niger\/wp-json\/wp\/v2\/categories?post=11395"},{"taxonomy":"post_tag","embeddable":true,"href":"https:\/\/www.africa-press.net\/niger\/wp-json\/wp\/v2\/tags?post=11395"}],"curies":[{"name":"wp","href":"https:\/\/api.w.org\/{rel}","templated":true}]}}