{"id":11401,"date":"2021-09-08T14:20:48","date_gmt":"2021-09-08T14:20:48","guid":{"rendered":"https:\/\/www.africa-press.net\/niger\/?p=11401"},"modified":"2021-09-08T13:07:00","modified_gmt":"2021-09-08T13:07:00","slug":"journee-internationale-de-lalphabetisation-le-ministre-de-leducation-nationale-appelle-a-une-mobilisation-generale-en-faveur-du-sous-secteur-de-lalphabetisation-et-de-l","status":"publish","type":"post","link":"https:\/\/www.africa-press.net\/niger\/culture-et-art\/journee-internationale-de-lalphabetisation-le-ministre-de-leducation-nationale-appelle-a-une-mobilisation-generale-en-faveur-du-sous-secteur-de-lalphabetisation-et-de-l","title":{"rendered":"Journ\u00e9e Internationale de l\u2019Alphab\u00e9tisation : Le ministre de l\u2019Education nationale appelle \u00e0 une mobilisation g\u00e9n\u00e9rale en faveur du sous-secteur de l\u2019alphab\u00e9tisation et de l\u2019\u00e9ducation non formelle au Niger"},"content":{"rendered":"<p><span style=\"color: #ff6600\"><strong><a href=\"https:\/\/www.africa-press.net\/\">Africa-Press<\/a> &#8211; <a href=\"https:\/\/www.africa-press.net\/niger\">Niger<\/a>. <\/strong><\/span>A l\u2019instar du reste de la Communaut\u00e9 Internationale, le Niger c\u00e9l\u00e8bre, aujourd\u2019hui 8 septembre, la 55\u00e8me \u00e9dition de la Journ\u00e9e Internationale de l\u2019Alphab\u00e9tisation plac\u00e9e sous le th\u00e8me \u00abl\u2019Alphab\u00e9tisation pour une reprise ax\u00e9e sur l\u2019humain : r\u00e9duire la fracture num\u00e9rique\u00bb. A cette occasion le ministre de l\u2019Education Nationale Dr Rabiou Ousman a livr\u00e9 un message \u00e0 travers lequel il a parl\u00e9 de l\u2019importance de la c\u00e9l\u00e9bration de cette journ\u00e9e avant de s\u2019appesantir sur les actions entreprises par l\u2019Etat du Niger de concert avec les partenaires techniques et financiers pour am\u00e9liorer le taux d\u2019alphab\u00e9tisation.<\/p>\n<p>Dans son message, Dr Rabiou Ousman a d\u2019abord rappel\u00e9 que la journ\u00e9e internationale la Journ\u00e9e Internationale de l\u2019Alphab\u00e9tisation vise entre autres \u00e0 rappeler \u00e0 toutes et \u00e0 tous l\u2019importance de l\u2019alphab\u00e9tisation qui rel\u00e8ve de la dignit\u00e9 et des droits humains. \u00abLa r\u00e9elle participation des citoyens \u00e0 la construction de la nation ne peut s\u2019op\u00e9rer si la majeure partie de sa composante ne sait ni lire, ni \u00e9crire\u00bb a-t-t-il d\u00e9clar\u00e9. Il a par ailleurs pr\u00e9cis\u00e9 que le choix du th\u00e8me central pour la comm\u00e9moration de la journ\u00e9e du 8 Septembre par l\u2019UNESCO, s\u2019explique compte tenu de l\u2019importance que le num\u00e9rique occupe dans la r\u00e9forme \u00e9ducative en cours. En outre, Dr Rabiou Ousman a indiqu\u00e9 que cette r\u00e9forme engag\u00e9e sous l\u2019impulsion du Pr\u00e9sident de la R\u00e9publique SE Mohamed Bazoum consiste \u00e0 donner les chances \u00e0 tous les citoyens d\u2019acc\u00e9der \u00e0 une \u00e9ducation de qualit\u00e9.<\/p>\n<p>Le ministre de l\u2019Education a soulign\u00e9 que l\u2019alphab\u00e9tisation est un domaine \u00e9ducatif dont les actions agissent directement sur la population active n\u2019ayant pas eu la chance d\u2019aller \u00e0 l\u2019\u00e9cole. Toutefois, il a notifi\u00e9 que malgr\u00e9 les efforts fournis par l\u2019Etat et ses partenaires dans ce domaine, le ph\u00e9nom\u00e8ne de la sous alphab\u00e9tisation de la population persiste. Selon l\u2019UNESCO, la plan\u00e8te compte encore 773 millions de jeunes et d\u2019adultes non alphab\u00e9tis\u00e9s.<\/p>\n<p>Pour ce qui est du Niger, l\u2019INS a relev\u00e9 que le Niger fait partie des pays ayant le plus faible taux d\u2019alphab\u00e9tisation soit 28,4%. Cela veut dire que plus de 70% de la population de 15 ans et plus ne savent ni lire, ni \u00e9crire et n\u2019ont pas pu d\u00e9velopper des comp\u00e9tences relatives \u00e0 la vie courante. A cela s\u2019ajoute 53,2% de la cible des jeunes de 7 \u00e0 16 ans qui sont en dehors de l\u2019\u00e9cole.<\/p>\n<p>Cependant, des efforts consid\u00e9rables ont \u00e9t\u00e9 consentis avec l\u2019appui des partenaires techniques et financiers ainsi que des acteurs de la soci\u00e9t\u00e9 civile. Le ministre de l\u2019Education nationale cite entre autres l\u2019\u00e9laboration et l\u2019adoption de plusieurs documents et textes de cadrage et d\u2019orientation ; la multiplication des centres d\u2019alphab\u00e9tisation et d\u2019\u00e9ducation non formelle \u00e0 travers la mise en \u0153uvre de plusieurs projets et sous programmes ; la cr\u00e9ation des foyers d\u2019\u00e9ducation permanente ; le d\u00e9veloppement de l\u2019environnement lettr\u00e9. Parlant de la<\/p>\n<p>campagne d\u2019alphab\u00e9tisation 2019-2020 au Niger, Dr Rabiou Ousman a confi\u00e9 que 762 centres d\u2019alphab\u00e9tisation ont \u00e9t\u00e9 ouverts ayant enregistr\u00e9 un effectif de 27.293 apprenants dont 19.101 femmes. Notons qu\u2019\u00e0 l\u2019issue de la campagne, 21.425 apprenants ont \u00e9t\u00e9 enregistr\u00e9s, parmi lesquels 12.028 ont \u00e9t\u00e9 d\u00e9clar\u00e9s alphab\u00e9tis\u00e9s dont 7 993 femmes.<\/p>\n<p>En ce qui concerne l\u2019\u00e9ducation non formelle, 920 centres toutes formules confondues ont \u00e9t\u00e9 ouverts avec un effectif de 26.756 dont 13.286 filles. De ce nombre 18.451 apprenants dont 9 147 filles ont termin\u00e9 l\u2019ann\u00e9e. \u00abAu regard de ces r\u00e9sultats, nous devons r\u00e9unir toutes les conditions favorisant l\u2019acc\u00e8s des femmes et des hommes \u00e0 une offre d\u2019alphab\u00e9tisation de qualit\u00e9, gage de leur participation effective et consciente au processus de d\u00e9veloppement\u00bb a-t-il d\u00e9clar\u00e9. Le ministre de l\u2019Education Nationale a invit\u00e9 tous les acteurs, d\u2019aligner leurs interventions sur la politique du minist\u00e8re en mati\u00e8re d\u2019alphab\u00e9tisation et d\u2019\u00e9ducation non formelle, en vue de cr\u00e9er une synergie d\u2019actions. Pour ce faire, dit-il, les cadres de concertation mis en place au niveau des r\u00e9gions doivent pleinement jouer leur r\u00f4le de coordination de toutes les planifications au niveau local. Ces cadres regroupent les repr\u00e9sentants des structures \u00e9tatiques, les collectivit\u00e9s, les acteurs de la soci\u00e9t\u00e9 civile, les ONG\/Associations actives en alphab\u00e9tisation et \u00e9ducation non formelle.<\/p>\n<p>\u00abAu-del\u00e0 des responsables du Minist\u00e8re en charge du sous-secteur de l\u2019alphab\u00e9tisation et des autres Minist\u00e8res sectoriels impliqu\u00e9s, je voudrais, de mani\u00e8re solennelle, inviter tous les acteurs \u00e0 plus d\u2019efforts afin que la comm\u00e9moration de cette 55\u00e8me \u00e9dition de La Journ\u00e9e Internationale de l\u2019Alphab\u00e9tisation soit le point de d\u00e9part d\u2019une mobilisation g\u00e9n\u00e9rale en faveur du sous-secteur de l\u2019alphab\u00e9tisation et de l\u2019\u00e9ducation non formelle dans notre pays\u00bb a conclu Dr Rabiou Ousman.<\/p>\n<p><b>Laouali Souleymane(onep)<\/b><\/p>\n","protected":false},"excerpt":{"rendered":"<p>Africa-Press &#8211; Niger. A l\u2019instar du reste de la Communaut\u00e9 Internationale, le Niger c\u00e9l\u00e8bre, aujourd\u2019hui 8 septembre, la 55\u00e8me \u00e9dition de la Journ\u00e9e Internationale de l\u2019Alphab\u00e9tisation plac\u00e9e sous le th\u00e8me \u00abl\u2019Alphab\u00e9tisation pour une reprise ax\u00e9e sur l\u2019humain : r\u00e9duire la fracture num\u00e9rique\u00bb. A cette occasion le ministre de l\u2019Education Nationale Dr Rabiou Ousman a livr\u00e9 [&hellip;]<\/p>\n","protected":false},"author":82,"featured_media":11400,"comment_status":"open","ping_status":"closed","sticky":false,"template":"","format":"standard","meta":{"footnotes":""},"categories":[5,11,10],"tags":[55,60,29],"class_list":["post-11401","post","type-post","status-publish","format-standard","has-post-thumbnail","hentry","category-culture-et-art","category-homepage-french","category-toutes-les-actualites","tag-africa-press","tag-africa-press-niger","tag-niger"],"yoast_head":"<!-- This site is optimized with the Yoast SEO Premium plugin v26.1 (Yoast SEO v27.0) - https:\/\/yoast.com\/product\/yoast-seo-premium-wordpress\/ -->\n<title>Journ\u00e9e Internationale de l\u2019Alphab\u00e9tisation : Le ministre de l\u2019Education nationale appelle \u00e0 une mobilisation g\u00e9n\u00e9rale en faveur du sous-secteur de l\u2019alphab\u00e9tisation et de l\u2019\u00e9ducation non formelle au Niger - niger<\/title>\n<meta name=\"description\" content=\"\ufeffA l\u2019instar du reste de la Communaut\u00e9 Internationale, le Niger c\u00e9l\u00e8bre, aujourd\u2019hui 8 septembre, la 55\u00e8me \u00e9dition de la ...\" \/>\n<meta name=\"robots\" content=\"index, follow, max-snippet:-1, max-image-preview:large, max-video-preview:-1\" \/>\n<link rel=\"canonical\" href=\"https:\/\/www.africa-press.net\/niger\/culture-et-art\/journee-internationale-de-lalphabetisation-le-ministre-de-leducation-nationale-appelle-a-une-mobilisation-generale-en-faveur-du-sous-secteur-de-lalphabetisation-et-de-l\" \/>\n<meta property=\"og:locale\" content=\"fr_FR\" \/>\n<meta property=\"og:type\" content=\"article\" \/>\n<meta property=\"og:title\" content=\"Journ\u00e9e Internationale de l\u2019Alphab\u00e9tisation : Le ministre de l\u2019Education nationale appelle \u00e0 une mobilisation g\u00e9n\u00e9rale en faveur du sous-secteur de l\u2019alphab\u00e9tisation et de l\u2019\u00e9ducation non formelle au Niger\" \/>\n<meta property=\"og:description\" content=\"\ufeffA l\u2019instar du reste de la Communaut\u00e9 Internationale, le Niger c\u00e9l\u00e8bre, aujourd\u2019hui 8 septembre, la 55\u00e8me \u00e9dition de la ...\" \/>\n<meta property=\"og:url\" content=\"https:\/\/www.africa-press.net\/niger\/culture-et-art\/journee-internationale-de-lalphabetisation-le-ministre-de-leducation-nationale-appelle-a-une-mobilisation-generale-en-faveur-du-sous-secteur-de-lalphabetisation-et-de-l\" \/>\n<meta property=\"og:site_name\" content=\"niger\" \/>\n<meta property=\"article:published_time\" content=\"2021-09-08T14:20:48+00:00\" \/>\n<meta property=\"og:image\" content=\"https:\/\/static.africa-press.net\/niger\/sites\/40\/2021\/09\/img-6138b55adc348.jpg\" \/>\n\t<meta property=\"og:image:width\" content=\"720\" \/>\n\t<meta property=\"og:image:height\" content=\"462\" \/>\n\t<meta property=\"og:image:type\" content=\"image\/jpeg\" \/>\n<meta name=\"author\" content=\"cfeditorfr\" \/>\n<meta name=\"twitter:card\" content=\"summary_large_image\" \/>\n<meta name=\"twitter:label1\" content=\"\u00c9crit par\" \/>\n\t<meta name=\"twitter:data1\" content=\"cfeditorfr\" \/>\n\t<meta name=\"twitter:label2\" content=\"Dur\u00e9e de lecture estim\u00e9e\" \/>\n\t<meta name=\"twitter:data2\" content=\"4 minutes\" \/>\n<script type=\"application\/ld+json\" class=\"yoast-schema-graph\">{\"@context\":\"https:\/\/schema.org\",\"@graph\":[{\"@type\":\"Article\",\"@id\":\"https:\/\/www.africa-press.net\/niger\/culture-et-art\/journee-internationale-de-lalphabetisation-le-ministre-de-leducation-nationale-appelle-a-une-mobilisation-generale-en-faveur-du-sous-secteur-de-lalphabetisation-et-de-l#article\",\"isPartOf\":{\"@id\":\"https:\/\/www.africa-press.net\/niger\/culture-et-art\/journee-internationale-de-lalphabetisation-le-ministre-de-leducation-nationale-appelle-a-une-mobilisation-generale-en-faveur-du-sous-secteur-de-lalphabetisation-et-de-l\"},\"author\":{\"name\":\"cfeditorfr\",\"@id\":\"https:\/\/www.africa-press.net\/niger\/#\/schema\/person\/2b1cf3cd81a31e3cd26889ca66d677f1\"},\"headline\":\"Journ\u00e9e Internationale de l\u2019Alphab\u00e9tisation : Le ministre de l\u2019Education nationale appelle \u00e0 une mobilisation g\u00e9n\u00e9rale en faveur du sous-secteur de l\u2019alphab\u00e9tisation et de l\u2019\u00e9ducation non formelle au Niger\",\"datePublished\":\"2021-09-08T14:20:48+00:00\",\"mainEntityOfPage\":{\"@id\":\"https:\/\/www.africa-press.net\/niger\/culture-et-art\/journee-internationale-de-lalphabetisation-le-ministre-de-leducation-nationale-appelle-a-une-mobilisation-generale-en-faveur-du-sous-secteur-de-lalphabetisation-et-de-l\"},\"wordCount\":885,\"commentCount\":0,\"image\":{\"@id\":\"https:\/\/www.africa-press.net\/niger\/culture-et-art\/journee-internationale-de-lalphabetisation-le-ministre-de-leducation-nationale-appelle-a-une-mobilisation-generale-en-faveur-du-sous-secteur-de-lalphabetisation-et-de-l#primaryimage\"},\"thumbnailUrl\":\"https:\/\/static.africa-press.net\/niger\/sites\/40\/2021\/09\/img-6138b55adc348.jpg\",\"keywords\":[\"Africa Press\",\"Africa Press-Niger\",\"Niger\"],\"articleSection\":[\"Culture et Art\",\"homepage-french\",\"Toutes les actualit\u00e9s\"],\"inLanguage\":\"fr-FR\",\"potentialAction\":[{\"@type\":\"CommentAction\",\"name\":\"Comment\",\"target\":[\"https:\/\/www.africa-press.net\/niger\/culture-et-art\/journee-internationale-de-lalphabetisation-le-ministre-de-leducation-nationale-appelle-a-une-mobilisation-generale-en-faveur-du-sous-secteur-de-lalphabetisation-et-de-l#respond\"]}]},{\"@type\":\"WebPage\",\"@id\":\"https:\/\/www.africa-press.net\/niger\/culture-et-art\/journee-internationale-de-lalphabetisation-le-ministre-de-leducation-nationale-appelle-a-une-mobilisation-generale-en-faveur-du-sous-secteur-de-lalphabetisation-et-de-l\",\"url\":\"https:\/\/www.africa-press.net\/niger\/culture-et-art\/journee-internationale-de-lalphabetisation-le-ministre-de-leducation-nationale-appelle-a-une-mobilisation-generale-en-faveur-du-sous-secteur-de-lalphabetisation-et-de-l\",\"name\":\"Journ\u00e9e Internationale de l\u2019Alphab\u00e9tisation : Le ministre de l\u2019Education nationale appelle \u00e0 une mobilisation g\u00e9n\u00e9rale en faveur du sous-secteur de l\u2019alphab\u00e9tisation et de l\u2019\u00e9ducation non formelle au Niger - niger\",\"isPartOf\":{\"@id\":\"https:\/\/www.africa-press.net\/niger\/#website\"},\"primaryImageOfPage\":{\"@id\":\"https:\/\/www.africa-press.net\/niger\/culture-et-art\/journee-internationale-de-lalphabetisation-le-ministre-de-leducation-nationale-appelle-a-une-mobilisation-generale-en-faveur-du-sous-secteur-de-lalphabetisation-et-de-l#primaryimage\"},\"image\":{\"@id\":\"https:\/\/www.africa-press.net\/niger\/culture-et-art\/journee-internationale-de-lalphabetisation-le-ministre-de-leducation-nationale-appelle-a-une-mobilisation-generale-en-faveur-du-sous-secteur-de-lalphabetisation-et-de-l#primaryimage\"},\"thumbnailUrl\":\"https:\/\/static.africa-press.net\/niger\/sites\/40\/2021\/09\/img-6138b55adc348.jpg\",\"datePublished\":\"2021-09-08T14:20:48+00:00\",\"author\":{\"@id\":\"https:\/\/www.africa-press.net\/niger\/#\/schema\/person\/2b1cf3cd81a31e3cd26889ca66d677f1\"},\"description\":\"\ufeffA l\u2019instar du reste de la Communaut\u00e9 Internationale, le Niger c\u00e9l\u00e8bre, aujourd\u2019hui 8 septembre, la 55\u00e8me \u00e9dition de la ...\",\"breadcrumb\":{\"@id\":\"https:\/\/www.africa-press.net\/niger\/culture-et-art\/journee-internationale-de-lalphabetisation-le-ministre-de-leducation-nationale-appelle-a-une-mobilisation-generale-en-faveur-du-sous-secteur-de-lalphabetisation-et-de-l#breadcrumb\"},\"inLanguage\":\"fr-FR\",\"potentialAction\":[{\"@type\":\"ReadAction\",\"target\":[\"https:\/\/www.africa-press.net\/niger\/culture-et-art\/journee-internationale-de-lalphabetisation-le-ministre-de-leducation-nationale-appelle-a-une-mobilisation-generale-en-faveur-du-sous-secteur-de-lalphabetisation-et-de-l\"]}]},{\"@type\":\"ImageObject\",\"inLanguage\":\"fr-FR\",\"@id\":\"https:\/\/www.africa-press.net\/niger\/culture-et-art\/journee-internationale-de-lalphabetisation-le-ministre-de-leducation-nationale-appelle-a-une-mobilisation-generale-en-faveur-du-sous-secteur-de-lalphabetisation-et-de-l#primaryimage\",\"url\":\"https:\/\/static.africa-press.net\/niger\/sites\/40\/2021\/09\/img-6138b55adc348.jpg\",\"contentUrl\":\"https:\/\/static.africa-press.net\/niger\/sites\/40\/2021\/09\/img-6138b55adc348.jpg\",\"width\":720,\"height\":462,\"caption\":\"Journ\u00e9e Internationale de l\u2019Alphab\u00e9tisation : Le ministre de l\u2019Education nationale appelle \u00e0 une mobilisation g\u00e9n\u00e9rale en faveur du sous-secteur de l\u2019alphab\u00e9tisation et de l\u2019\u00e9ducation non formelle au Niger\"},{\"@type\":\"BreadcrumbList\",\"@id\":\"https:\/\/www.africa-press.net\/niger\/culture-et-art\/journee-internationale-de-lalphabetisation-le-ministre-de-leducation-nationale-appelle-a-une-mobilisation-generale-en-faveur-du-sous-secteur-de-lalphabetisation-et-de-l#breadcrumb\",\"itemListElement\":[{\"@type\":\"ListItem\",\"position\":1,\"name\":\"Accueil\",\"item\":\"https:\/\/www.africa-press.net\/niger\/\"},{\"@type\":\"ListItem\",\"position\":2,\"name\":\"Journ\u00e9e Internationale de l\u2019Alphab\u00e9tisation : Le ministre de l\u2019Education nationale appelle \u00e0 une mobilisation g\u00e9n\u00e9rale en faveur du sous-secteur de l\u2019alphab\u00e9tisation et de l\u2019\u00e9ducation non formelle au Niger\"}]},{\"@type\":\"WebSite\",\"@id\":\"https:\/\/www.africa-press.net\/niger\/#website\",\"url\":\"https:\/\/www.africa-press.net\/niger\/\",\"name\":\"niger\",\"description\":\"Just another Africa News Agency Sites site\",\"potentialAction\":[{\"@type\":\"SearchAction\",\"target\":{\"@type\":\"EntryPoint\",\"urlTemplate\":\"https:\/\/www.africa-press.net\/niger\/?s={search_term_string}\"},\"query-input\":{\"@type\":\"PropertyValueSpecification\",\"valueRequired\":true,\"valueName\":\"search_term_string\"}}],\"inLanguage\":\"fr-FR\"},{\"@type\":\"Person\",\"@id\":\"https:\/\/www.africa-press.net\/niger\/#\/schema\/person\/2b1cf3cd81a31e3cd26889ca66d677f1\",\"name\":\"cfeditorfr\"}]}<\/script>\n<!-- \/ Yoast SEO Premium plugin. -->","yoast_head_json":{"title":"Journ\u00e9e Internationale de l\u2019Alphab\u00e9tisation : Le ministre de l\u2019Education nationale appelle \u00e0 une mobilisation g\u00e9n\u00e9rale en faveur du sous-secteur de l\u2019alphab\u00e9tisation et de l\u2019\u00e9ducation non formelle au Niger - niger","description":"\ufeffA l\u2019instar du reste de la Communaut\u00e9 Internationale, le Niger c\u00e9l\u00e8bre, aujourd\u2019hui 8 septembre, la 55\u00e8me \u00e9dition de la ...","robots":{"index":"index","follow":"follow","max-snippet":"max-snippet:-1","max-image-preview":"max-image-preview:large","max-video-preview":"max-video-preview:-1"},"canonical":"https:\/\/www.africa-press.net\/niger\/culture-et-art\/journee-internationale-de-lalphabetisation-le-ministre-de-leducation-nationale-appelle-a-une-mobilisation-generale-en-faveur-du-sous-secteur-de-lalphabetisation-et-de-l","og_locale":"fr_FR","og_type":"article","og_title":"Journ\u00e9e Internationale de l\u2019Alphab\u00e9tisation : Le ministre de l\u2019Education nationale appelle \u00e0 une mobilisation g\u00e9n\u00e9rale en faveur du sous-secteur de l\u2019alphab\u00e9tisation et de l\u2019\u00e9ducation non formelle au Niger","og_description":"\ufeffA l\u2019instar du reste de la Communaut\u00e9 Internationale, le Niger c\u00e9l\u00e8bre, aujourd\u2019hui 8 septembre, la 55\u00e8me \u00e9dition de la ...","og_url":"https:\/\/www.africa-press.net\/niger\/culture-et-art\/journee-internationale-de-lalphabetisation-le-ministre-de-leducation-nationale-appelle-a-une-mobilisation-generale-en-faveur-du-sous-secteur-de-lalphabetisation-et-de-l","og_site_name":"niger","article_published_time":"2021-09-08T14:20:48+00:00","og_image":[{"width":720,"height":462,"url":"https:\/\/static.africa-press.net\/niger\/sites\/40\/2021\/09\/img-6138b55adc348.jpg","type":"image\/jpeg"}],"author":"cfeditorfr","twitter_card":"summary_large_image","twitter_misc":{"\u00c9crit par":"cfeditorfr","Dur\u00e9e de lecture estim\u00e9e":"4 minutes"},"schema":{"@context":"https:\/\/schema.org","@graph":[{"@type":"Article","@id":"https:\/\/www.africa-press.net\/niger\/culture-et-art\/journee-internationale-de-lalphabetisation-le-ministre-de-leducation-nationale-appelle-a-une-mobilisation-generale-en-faveur-du-sous-secteur-de-lalphabetisation-et-de-l#article","isPartOf":{"@id":"https:\/\/www.africa-press.net\/niger\/culture-et-art\/journee-internationale-de-lalphabetisation-le-ministre-de-leducation-nationale-appelle-a-une-mobilisation-generale-en-faveur-du-sous-secteur-de-lalphabetisation-et-de-l"},"author":{"name":"cfeditorfr","@id":"https:\/\/www.africa-press.net\/niger\/#\/schema\/person\/2b1cf3cd81a31e3cd26889ca66d677f1"},"headline":"Journ\u00e9e Internationale de l\u2019Alphab\u00e9tisation : Le ministre de l\u2019Education nationale appelle \u00e0 une mobilisation g\u00e9n\u00e9rale en faveur du sous-secteur de l\u2019alphab\u00e9tisation et de l\u2019\u00e9ducation non formelle au Niger","datePublished":"2021-09-08T14:20:48+00:00","mainEntityOfPage":{"@id":"https:\/\/www.africa-press.net\/niger\/culture-et-art\/journee-internationale-de-lalphabetisation-le-ministre-de-leducation-nationale-appelle-a-une-mobilisation-generale-en-faveur-du-sous-secteur-de-lalphabetisation-et-de-l"},"wordCount":885,"commentCount":0,"image":{"@id":"https:\/\/www.africa-press.net\/niger\/culture-et-art\/journee-internationale-de-lalphabetisation-le-ministre-de-leducation-nationale-appelle-a-une-mobilisation-generale-en-faveur-du-sous-secteur-de-lalphabetisation-et-de-l#primaryimage"},"thumbnailUrl":"https:\/\/static.africa-press.net\/niger\/sites\/40\/2021\/09\/img-6138b55adc348.jpg","keywords":["Africa Press","Africa Press-Niger","Niger"],"articleSection":["Culture et Art","homepage-french","Toutes les actualit\u00e9s"],"inLanguage":"fr-FR","potentialAction":[{"@type":"CommentAction","name":"Comment","target":["https:\/\/www.africa-press.net\/niger\/culture-et-art\/journee-internationale-de-lalphabetisation-le-ministre-de-leducation-nationale-appelle-a-une-mobilisation-generale-en-faveur-du-sous-secteur-de-lalphabetisation-et-de-l#respond"]}]},{"@type":"WebPage","@id":"https:\/\/www.africa-press.net\/niger\/culture-et-art\/journee-internationale-de-lalphabetisation-le-ministre-de-leducation-nationale-appelle-a-une-mobilisation-generale-en-faveur-du-sous-secteur-de-lalphabetisation-et-de-l","url":"https:\/\/www.africa-press.net\/niger\/culture-et-art\/journee-internationale-de-lalphabetisation-le-ministre-de-leducation-nationale-appelle-a-une-mobilisation-generale-en-faveur-du-sous-secteur-de-lalphabetisation-et-de-l","name":"Journ\u00e9e Internationale de l\u2019Alphab\u00e9tisation : Le ministre de l\u2019Education nationale appelle \u00e0 une mobilisation g\u00e9n\u00e9rale en faveur du sous-secteur de l\u2019alphab\u00e9tisation et de l\u2019\u00e9ducation non formelle au Niger - niger","isPartOf":{"@id":"https:\/\/www.africa-press.net\/niger\/#website"},"primaryImageOfPage":{"@id":"https:\/\/www.africa-press.net\/niger\/culture-et-art\/journee-internationale-de-lalphabetisation-le-ministre-de-leducation-nationale-appelle-a-une-mobilisation-generale-en-faveur-du-sous-secteur-de-lalphabetisation-et-de-l#primaryimage"},"image":{"@id":"https:\/\/www.africa-press.net\/niger\/culture-et-art\/journee-internationale-de-lalphabetisation-le-ministre-de-leducation-nationale-appelle-a-une-mobilisation-generale-en-faveur-du-sous-secteur-de-lalphabetisation-et-de-l#primaryimage"},"thumbnailUrl":"https:\/\/static.africa-press.net\/niger\/sites\/40\/2021\/09\/img-6138b55adc348.jpg","datePublished":"2021-09-08T14:20:48+00:00","author":{"@id":"https:\/\/www.africa-press.net\/niger\/#\/schema\/person\/2b1cf3cd81a31e3cd26889ca66d677f1"},"description":"\ufeffA l\u2019instar du reste de la Communaut\u00e9 Internationale, le Niger c\u00e9l\u00e8bre, aujourd\u2019hui 8 septembre, la 55\u00e8me \u00e9dition de la ...","breadcrumb":{"@id":"https:\/\/www.africa-press.net\/niger\/culture-et-art\/journee-internationale-de-lalphabetisation-le-ministre-de-leducation-nationale-appelle-a-une-mobilisation-generale-en-faveur-du-sous-secteur-de-lalphabetisation-et-de-l#breadcrumb"},"inLanguage":"fr-FR","potentialAction":[{"@type":"ReadAction","target":["https:\/\/www.africa-press.net\/niger\/culture-et-art\/journee-internationale-de-lalphabetisation-le-ministre-de-leducation-nationale-appelle-a-une-mobilisation-generale-en-faveur-du-sous-secteur-de-lalphabetisation-et-de-l"]}]},{"@type":"ImageObject","inLanguage":"fr-FR","@id":"https:\/\/www.africa-press.net\/niger\/culture-et-art\/journee-internationale-de-lalphabetisation-le-ministre-de-leducation-nationale-appelle-a-une-mobilisation-generale-en-faveur-du-sous-secteur-de-lalphabetisation-et-de-l#primaryimage","url":"https:\/\/static.africa-press.net\/niger\/sites\/40\/2021\/09\/img-6138b55adc348.jpg","contentUrl":"https:\/\/static.africa-press.net\/niger\/sites\/40\/2021\/09\/img-6138b55adc348.jpg","width":720,"height":462,"caption":"Journ\u00e9e Internationale de l\u2019Alphab\u00e9tisation : Le ministre de l\u2019Education nationale appelle \u00e0 une mobilisation g\u00e9n\u00e9rale en faveur du sous-secteur de l\u2019alphab\u00e9tisation et de l\u2019\u00e9ducation non formelle au Niger"},{"@type":"BreadcrumbList","@id":"https:\/\/www.africa-press.net\/niger\/culture-et-art\/journee-internationale-de-lalphabetisation-le-ministre-de-leducation-nationale-appelle-a-une-mobilisation-generale-en-faveur-du-sous-secteur-de-lalphabetisation-et-de-l#breadcrumb","itemListElement":[{"@type":"ListItem","position":1,"name":"Accueil","item":"https:\/\/www.africa-press.net\/niger\/"},{"@type":"ListItem","position":2,"name":"Journ\u00e9e Internationale de l\u2019Alphab\u00e9tisation : Le ministre de l\u2019Education nationale appelle \u00e0 une mobilisation g\u00e9n\u00e9rale en faveur du sous-secteur de l\u2019alphab\u00e9tisation et de l\u2019\u00e9ducation non formelle au Niger"}]},{"@type":"WebSite","@id":"https:\/\/www.africa-press.net\/niger\/#website","url":"https:\/\/www.africa-press.net\/niger\/","name":"niger","description":"Just another Africa News Agency Sites site","potentialAction":[{"@type":"SearchAction","target":{"@type":"EntryPoint","urlTemplate":"https:\/\/www.africa-press.net\/niger\/?s={search_term_string}"},"query-input":{"@type":"PropertyValueSpecification","valueRequired":true,"valueName":"search_term_string"}}],"inLanguage":"fr-FR"},{"@type":"Person","@id":"https:\/\/www.africa-press.net\/niger\/#\/schema\/person\/2b1cf3cd81a31e3cd26889ca66d677f1","name":"cfeditorfr"}]}},"_links":{"self":[{"href":"https:\/\/www.africa-press.net\/niger\/wp-json\/wp\/v2\/posts\/11401","targetHints":{"allow":["GET"]}}],"collection":[{"href":"https:\/\/www.africa-press.net\/niger\/wp-json\/wp\/v2\/posts"}],"about":[{"href":"https:\/\/www.africa-press.net\/niger\/wp-json\/wp\/v2\/types\/post"}],"author":[{"embeddable":true,"href":"https:\/\/www.africa-press.net\/niger\/wp-json\/wp\/v2\/users\/82"}],"replies":[{"embeddable":true,"href":"https:\/\/www.africa-press.net\/niger\/wp-json\/wp\/v2\/comments?post=11401"}],"version-history":[{"count":0,"href":"https:\/\/www.africa-press.net\/niger\/wp-json\/wp\/v2\/posts\/11401\/revisions"}],"wp:featuredmedia":[{"embeddable":true,"href":"https:\/\/www.africa-press.net\/niger\/wp-json\/wp\/v2\/media\/11400"}],"wp:attachment":[{"href":"https:\/\/www.africa-press.net\/niger\/wp-json\/wp\/v2\/media?parent=11401"}],"wp:term":[{"taxonomy":"category","embeddable":true,"href":"https:\/\/www.africa-press.net\/niger\/wp-json\/wp\/v2\/categories?post=11401"},{"taxonomy":"post_tag","embeddable":true,"href":"https:\/\/www.africa-press.net\/niger\/wp-json\/wp\/v2\/tags?post=11401"}],"curies":[{"name":"wp","href":"https:\/\/api.w.org\/{rel}","templated":true}]}}