{"id":11407,"date":"2021-09-08T14:34:54","date_gmt":"2021-09-08T14:34:54","guid":{"rendered":"https:\/\/www.africa-press.net\/niger\/?p=11407"},"modified":"2021-09-08T13:08:06","modified_gmt":"2021-09-08T13:08:06","slug":"au-conseil-economique-social-et-culturel-cesoc-m-malam-mairou-ligari-sentretient-avec-la-ceo-de-2minvest-la-societe-mata-et-matassa-investing-s-a","status":"publish","type":"post","link":"https:\/\/www.africa-press.net\/niger\/culture-et-art\/au-conseil-economique-social-et-culturel-cesoc-m-malam-mairou-ligari-sentretient-avec-la-ceo-de-2minvest-la-societe-mata-et-matassa-investing-s-a","title":{"rendered":"Au Conseil Economique Social et Culturel (CESOC) : M. Malam Ma\u00efrou Ligari s\u2019entretient avec la CEO de 2MINVEST, la soci\u00e9t\u00e9 Mata et Matassa Investing S.A"},"content":{"rendered":"<p><span style=\"color: #ff6600\"><strong><a href=\"https:\/\/www.africa-press.net\/\">Africa-Press<\/a> &#8211; <a href=\"https:\/\/www.africa-press.net\/niger\">Niger<\/a>. <\/strong><\/span>Le pr\u00e9sident du CESOC M. Malam Ma\u00efrou Ligari s\u2019est entretenu, hier matin, \u00e0 son cabinet avec Mme Reki Moussa Djermakoye, CEO de 2MINVEST.<\/p>\n<p>Au terme de leur entretien, Mme Reki Moussa Djermakoye a indiqu\u00e9 que les \u00e9changes \u00e9taient centr\u00e9s sur les activit\u00e9s qu\u2019elle m\u00e8ne et aussi sur le mod\u00e8le \u2018\u2019Mata Masu Dubara\u2019\u2019 qui est vulgaris\u00e9 dans tout le pays, dans le cadre de l\u2019autonomisation de la femme.<\/p>\n<p><b>Aminatou Seydou Harouna(onep)<\/b><\/p>\n","protected":false},"excerpt":{"rendered":"<p>Africa-Press &#8211; Niger. Le pr\u00e9sident du CESOC M. Malam Ma\u00efrou Ligari s\u2019est entretenu, hier matin, \u00e0 son cabinet avec Mme Reki Moussa Djermakoye, CEO de 2MINVEST. Au terme de leur entretien, Mme Reki Moussa Djermakoye a indiqu\u00e9 que les \u00e9changes \u00e9taient centr\u00e9s sur les activit\u00e9s qu\u2019elle m\u00e8ne et aussi sur le mod\u00e8le \u2018\u2019Mata Masu Dubara\u2019\u2019 [&hellip;]<\/p>\n","protected":false},"author":82,"featured_media":11406,"comment_status":"open","ping_status":"closed","sticky":false,"template":"","format":"standard","meta":{"footnotes":""},"categories":[5,11,10],"tags":[55,60,29],"class_list":["post-11407","post","type-post","status-publish","format-standard","has-post-thumbnail","hentry","category-culture-et-art","category-homepage-french","category-toutes-les-actualites","tag-africa-press","tag-africa-press-niger","tag-niger"],"yoast_head":"<!-- This site is optimized with the Yoast SEO Premium plugin v26.1 (Yoast SEO v27.0) - https:\/\/yoast.com\/product\/yoast-seo-premium-wordpress\/ -->\n<title>Au Conseil Economique Social et Culturel (CESOC) : M. Malam Ma\u00efrou Ligari s\u2019entretient avec la CEO de 2MINVEST, la soci\u00e9t\u00e9 Mata et Matassa Investing S.A - niger<\/title>\n<meta name=\"description\" content=\"\ufeffLe pr\u00e9sident du CESOC M. Malam Ma\u00efrou Ligari s\u2019est entretenu, hier matin, \u00e0 son cabinet avec Mme Reki Moussa Djermakoye ...\" \/>\n<meta name=\"robots\" content=\"index, follow, max-snippet:-1, max-image-preview:large, max-video-preview:-1\" \/>\n<link rel=\"canonical\" href=\"https:\/\/www.africa-press.net\/niger\/culture-et-art\/au-conseil-economique-social-et-culturel-cesoc-m-malam-mairou-ligari-sentretient-avec-la-ceo-de-2minvest-la-societe-mata-et-matassa-investing-s-a\" \/>\n<meta property=\"og:locale\" content=\"fr_FR\" \/>\n<meta property=\"og:type\" content=\"article\" \/>\n<meta property=\"og:title\" content=\"Au Conseil Economique Social et Culturel (CESOC) : M. Malam Ma\u00efrou Ligari s\u2019entretient avec la CEO de 2MINVEST, la soci\u00e9t\u00e9 Mata et Matassa Investing S.A\" \/>\n<meta property=\"og:description\" content=\"\ufeffLe pr\u00e9sident du CESOC M. Malam Ma\u00efrou Ligari s\u2019est entretenu, hier matin, \u00e0 son cabinet avec Mme Reki Moussa Djermakoye ...\" \/>\n<meta property=\"og:url\" content=\"https:\/\/www.africa-press.net\/niger\/culture-et-art\/au-conseil-economique-social-et-culturel-cesoc-m-malam-mairou-ligari-sentretient-avec-la-ceo-de-2minvest-la-societe-mata-et-matassa-investing-s-a\" \/>\n<meta property=\"og:site_name\" content=\"niger\" \/>\n<meta property=\"article:published_time\" content=\"2021-09-08T14:34:54+00:00\" \/>\n<meta property=\"og:image\" content=\"https:\/\/static.africa-press.net\/niger\/sites\/40\/2021\/09\/img-6138b59da3758.jpg\" \/>\n\t<meta property=\"og:image:width\" content=\"720\" \/>\n\t<meta property=\"og:image:height\" content=\"444\" \/>\n\t<meta property=\"og:image:type\" content=\"image\/jpeg\" \/>\n<meta name=\"author\" content=\"cfeditorfr\" \/>\n<meta name=\"twitter:card\" content=\"summary_large_image\" \/>\n<meta name=\"twitter:label1\" content=\"\u00c9crit par\" \/>\n\t<meta name=\"twitter:data1\" content=\"cfeditorfr\" \/>\n<script type=\"application\/ld+json\" class=\"yoast-schema-graph\">{\"@context\":\"https:\/\/schema.org\",\"@graph\":[{\"@type\":\"Article\",\"@id\":\"https:\/\/www.africa-press.net\/niger\/culture-et-art\/au-conseil-economique-social-et-culturel-cesoc-m-malam-mairou-ligari-sentretient-avec-la-ceo-de-2minvest-la-societe-mata-et-matassa-investing-s-a#article\",\"isPartOf\":{\"@id\":\"https:\/\/www.africa-press.net\/niger\/culture-et-art\/au-conseil-economique-social-et-culturel-cesoc-m-malam-mairou-ligari-sentretient-avec-la-ceo-de-2minvest-la-societe-mata-et-matassa-investing-s-a\"},\"author\":{\"name\":\"cfeditorfr\",\"@id\":\"https:\/\/www.africa-press.net\/niger\/#\/schema\/person\/2b1cf3cd81a31e3cd26889ca66d677f1\"},\"headline\":\"Au Conseil Economique Social et Culturel (CESOC) : M. Malam Ma\u00efrou Ligari s\u2019entretient avec la CEO de 2MINVEST, la soci\u00e9t\u00e9 Mata et Matassa Investing S.A\",\"datePublished\":\"2021-09-08T14:34:54+00:00\",\"mainEntityOfPage\":{\"@id\":\"https:\/\/www.africa-press.net\/niger\/culture-et-art\/au-conseil-economique-social-et-culturel-cesoc-m-malam-mairou-ligari-sentretient-avec-la-ceo-de-2minvest-la-societe-mata-et-matassa-investing-s-a\"},\"wordCount\":110,\"commentCount\":0,\"image\":{\"@id\":\"https:\/\/www.africa-press.net\/niger\/culture-et-art\/au-conseil-economique-social-et-culturel-cesoc-m-malam-mairou-ligari-sentretient-avec-la-ceo-de-2minvest-la-societe-mata-et-matassa-investing-s-a#primaryimage\"},\"thumbnailUrl\":\"https:\/\/static.africa-press.net\/niger\/sites\/40\/2021\/09\/img-6138b59da3758.jpg\",\"keywords\":[\"Africa Press\",\"Africa Press-Niger\",\"Niger\"],\"articleSection\":[\"Culture et Art\",\"homepage-french\",\"Toutes les actualit\u00e9s\"],\"inLanguage\":\"fr-FR\",\"potentialAction\":[{\"@type\":\"CommentAction\",\"name\":\"Comment\",\"target\":[\"https:\/\/www.africa-press.net\/niger\/culture-et-art\/au-conseil-economique-social-et-culturel-cesoc-m-malam-mairou-ligari-sentretient-avec-la-ceo-de-2minvest-la-societe-mata-et-matassa-investing-s-a#respond\"]}]},{\"@type\":\"WebPage\",\"@id\":\"https:\/\/www.africa-press.net\/niger\/culture-et-art\/au-conseil-economique-social-et-culturel-cesoc-m-malam-mairou-ligari-sentretient-avec-la-ceo-de-2minvest-la-societe-mata-et-matassa-investing-s-a\",\"url\":\"https:\/\/www.africa-press.net\/niger\/culture-et-art\/au-conseil-economique-social-et-culturel-cesoc-m-malam-mairou-ligari-sentretient-avec-la-ceo-de-2minvest-la-societe-mata-et-matassa-investing-s-a\",\"name\":\"Au Conseil Economique Social et Culturel (CESOC) : M. Malam Ma\u00efrou Ligari s\u2019entretient avec la CEO de 2MINVEST, la soci\u00e9t\u00e9 Mata et Matassa Investing S.A - niger\",\"isPartOf\":{\"@id\":\"https:\/\/www.africa-press.net\/niger\/#website\"},\"primaryImageOfPage\":{\"@id\":\"https:\/\/www.africa-press.net\/niger\/culture-et-art\/au-conseil-economique-social-et-culturel-cesoc-m-malam-mairou-ligari-sentretient-avec-la-ceo-de-2minvest-la-societe-mata-et-matassa-investing-s-a#primaryimage\"},\"image\":{\"@id\":\"https:\/\/www.africa-press.net\/niger\/culture-et-art\/au-conseil-economique-social-et-culturel-cesoc-m-malam-mairou-ligari-sentretient-avec-la-ceo-de-2minvest-la-societe-mata-et-matassa-investing-s-a#primaryimage\"},\"thumbnailUrl\":\"https:\/\/static.africa-press.net\/niger\/sites\/40\/2021\/09\/img-6138b59da3758.jpg\",\"datePublished\":\"2021-09-08T14:34:54+00:00\",\"author\":{\"@id\":\"https:\/\/www.africa-press.net\/niger\/#\/schema\/person\/2b1cf3cd81a31e3cd26889ca66d677f1\"},\"description\":\"\ufeffLe pr\u00e9sident du CESOC M. Malam Ma\u00efrou Ligari s\u2019est entretenu, hier matin, \u00e0 son cabinet avec Mme Reki Moussa Djermakoye ...\",\"breadcrumb\":{\"@id\":\"https:\/\/www.africa-press.net\/niger\/culture-et-art\/au-conseil-economique-social-et-culturel-cesoc-m-malam-mairou-ligari-sentretient-avec-la-ceo-de-2minvest-la-societe-mata-et-matassa-investing-s-a#breadcrumb\"},\"inLanguage\":\"fr-FR\",\"potentialAction\":[{\"@type\":\"ReadAction\",\"target\":[\"https:\/\/www.africa-press.net\/niger\/culture-et-art\/au-conseil-economique-social-et-culturel-cesoc-m-malam-mairou-ligari-sentretient-avec-la-ceo-de-2minvest-la-societe-mata-et-matassa-investing-s-a\"]}]},{\"@type\":\"ImageObject\",\"inLanguage\":\"fr-FR\",\"@id\":\"https:\/\/www.africa-press.net\/niger\/culture-et-art\/au-conseil-economique-social-et-culturel-cesoc-m-malam-mairou-ligari-sentretient-avec-la-ceo-de-2minvest-la-societe-mata-et-matassa-investing-s-a#primaryimage\",\"url\":\"https:\/\/static.africa-press.net\/niger\/sites\/40\/2021\/09\/img-6138b59da3758.jpg\",\"contentUrl\":\"https:\/\/static.africa-press.net\/niger\/sites\/40\/2021\/09\/img-6138b59da3758.jpg\",\"width\":720,\"height\":444,\"caption\":\"Au Conseil Economique Social et Culturel (CESOC) : M. Malam Ma\u00efrou Ligari s\u2019entretient avec la CEO de 2MINVEST, la soci\u00e9t\u00e9 Mata et Matassa Investing S.A\"},{\"@type\":\"BreadcrumbList\",\"@id\":\"https:\/\/www.africa-press.net\/niger\/culture-et-art\/au-conseil-economique-social-et-culturel-cesoc-m-malam-mairou-ligari-sentretient-avec-la-ceo-de-2minvest-la-societe-mata-et-matassa-investing-s-a#breadcrumb\",\"itemListElement\":[{\"@type\":\"ListItem\",\"position\":1,\"name\":\"Accueil\",\"item\":\"https:\/\/www.africa-press.net\/niger\/\"},{\"@type\":\"ListItem\",\"position\":2,\"name\":\"Au Conseil Economique Social et Culturel (CESOC) : M. Malam Ma\u00efrou Ligari s\u2019entretient avec la CEO de 2MINVEST, la soci\u00e9t\u00e9 Mata et Matassa Investing S.A\"}]},{\"@type\":\"WebSite\",\"@id\":\"https:\/\/www.africa-press.net\/niger\/#website\",\"url\":\"https:\/\/www.africa-press.net\/niger\/\",\"name\":\"niger\",\"description\":\"Just another Africa News Agency Sites site\",\"potentialAction\":[{\"@type\":\"SearchAction\",\"target\":{\"@type\":\"EntryPoint\",\"urlTemplate\":\"https:\/\/www.africa-press.net\/niger\/?s={search_term_string}\"},\"query-input\":{\"@type\":\"PropertyValueSpecification\",\"valueRequired\":true,\"valueName\":\"search_term_string\"}}],\"inLanguage\":\"fr-FR\"},{\"@type\":\"Person\",\"@id\":\"https:\/\/www.africa-press.net\/niger\/#\/schema\/person\/2b1cf3cd81a31e3cd26889ca66d677f1\",\"name\":\"cfeditorfr\"}]}<\/script>\n<!-- \/ Yoast SEO Premium plugin. -->","yoast_head_json":{"title":"Au Conseil Economique Social et Culturel (CESOC) : M. Malam Ma\u00efrou Ligari s\u2019entretient avec la CEO de 2MINVEST, la soci\u00e9t\u00e9 Mata et Matassa Investing S.A - niger","description":"\ufeffLe pr\u00e9sident du CESOC M. Malam Ma\u00efrou Ligari s\u2019est entretenu, hier matin, \u00e0 son cabinet avec Mme Reki Moussa Djermakoye ...","robots":{"index":"index","follow":"follow","max-snippet":"max-snippet:-1","max-image-preview":"max-image-preview:large","max-video-preview":"max-video-preview:-1"},"canonical":"https:\/\/www.africa-press.net\/niger\/culture-et-art\/au-conseil-economique-social-et-culturel-cesoc-m-malam-mairou-ligari-sentretient-avec-la-ceo-de-2minvest-la-societe-mata-et-matassa-investing-s-a","og_locale":"fr_FR","og_type":"article","og_title":"Au Conseil Economique Social et Culturel (CESOC) : M. Malam Ma\u00efrou Ligari s\u2019entretient avec la CEO de 2MINVEST, la soci\u00e9t\u00e9 Mata et Matassa Investing S.A","og_description":"\ufeffLe pr\u00e9sident du CESOC M. Malam Ma\u00efrou Ligari s\u2019est entretenu, hier matin, \u00e0 son cabinet avec Mme Reki Moussa Djermakoye ...","og_url":"https:\/\/www.africa-press.net\/niger\/culture-et-art\/au-conseil-economique-social-et-culturel-cesoc-m-malam-mairou-ligari-sentretient-avec-la-ceo-de-2minvest-la-societe-mata-et-matassa-investing-s-a","og_site_name":"niger","article_published_time":"2021-09-08T14:34:54+00:00","og_image":[{"width":720,"height":444,"url":"https:\/\/static.africa-press.net\/niger\/sites\/40\/2021\/09\/img-6138b59da3758.jpg","type":"image\/jpeg"}],"author":"cfeditorfr","twitter_card":"summary_large_image","twitter_misc":{"\u00c9crit par":"cfeditorfr"},"schema":{"@context":"https:\/\/schema.org","@graph":[{"@type":"Article","@id":"https:\/\/www.africa-press.net\/niger\/culture-et-art\/au-conseil-economique-social-et-culturel-cesoc-m-malam-mairou-ligari-sentretient-avec-la-ceo-de-2minvest-la-societe-mata-et-matassa-investing-s-a#article","isPartOf":{"@id":"https:\/\/www.africa-press.net\/niger\/culture-et-art\/au-conseil-economique-social-et-culturel-cesoc-m-malam-mairou-ligari-sentretient-avec-la-ceo-de-2minvest-la-societe-mata-et-matassa-investing-s-a"},"author":{"name":"cfeditorfr","@id":"https:\/\/www.africa-press.net\/niger\/#\/schema\/person\/2b1cf3cd81a31e3cd26889ca66d677f1"},"headline":"Au Conseil Economique Social et Culturel (CESOC) : M. Malam Ma\u00efrou Ligari s\u2019entretient avec la CEO de 2MINVEST, la soci\u00e9t\u00e9 Mata et Matassa Investing S.A","datePublished":"2021-09-08T14:34:54+00:00","mainEntityOfPage":{"@id":"https:\/\/www.africa-press.net\/niger\/culture-et-art\/au-conseil-economique-social-et-culturel-cesoc-m-malam-mairou-ligari-sentretient-avec-la-ceo-de-2minvest-la-societe-mata-et-matassa-investing-s-a"},"wordCount":110,"commentCount":0,"image":{"@id":"https:\/\/www.africa-press.net\/niger\/culture-et-art\/au-conseil-economique-social-et-culturel-cesoc-m-malam-mairou-ligari-sentretient-avec-la-ceo-de-2minvest-la-societe-mata-et-matassa-investing-s-a#primaryimage"},"thumbnailUrl":"https:\/\/static.africa-press.net\/niger\/sites\/40\/2021\/09\/img-6138b59da3758.jpg","keywords":["Africa Press","Africa Press-Niger","Niger"],"articleSection":["Culture et Art","homepage-french","Toutes les actualit\u00e9s"],"inLanguage":"fr-FR","potentialAction":[{"@type":"CommentAction","name":"Comment","target":["https:\/\/www.africa-press.net\/niger\/culture-et-art\/au-conseil-economique-social-et-culturel-cesoc-m-malam-mairou-ligari-sentretient-avec-la-ceo-de-2minvest-la-societe-mata-et-matassa-investing-s-a#respond"]}]},{"@type":"WebPage","@id":"https:\/\/www.africa-press.net\/niger\/culture-et-art\/au-conseil-economique-social-et-culturel-cesoc-m-malam-mairou-ligari-sentretient-avec-la-ceo-de-2minvest-la-societe-mata-et-matassa-investing-s-a","url":"https:\/\/www.africa-press.net\/niger\/culture-et-art\/au-conseil-economique-social-et-culturel-cesoc-m-malam-mairou-ligari-sentretient-avec-la-ceo-de-2minvest-la-societe-mata-et-matassa-investing-s-a","name":"Au Conseil Economique Social et Culturel (CESOC) : M. Malam Ma\u00efrou Ligari s\u2019entretient avec la CEO de 2MINVEST, la soci\u00e9t\u00e9 Mata et Matassa Investing S.A - niger","isPartOf":{"@id":"https:\/\/www.africa-press.net\/niger\/#website"},"primaryImageOfPage":{"@id":"https:\/\/www.africa-press.net\/niger\/culture-et-art\/au-conseil-economique-social-et-culturel-cesoc-m-malam-mairou-ligari-sentretient-avec-la-ceo-de-2minvest-la-societe-mata-et-matassa-investing-s-a#primaryimage"},"image":{"@id":"https:\/\/www.africa-press.net\/niger\/culture-et-art\/au-conseil-economique-social-et-culturel-cesoc-m-malam-mairou-ligari-sentretient-avec-la-ceo-de-2minvest-la-societe-mata-et-matassa-investing-s-a#primaryimage"},"thumbnailUrl":"https:\/\/static.africa-press.net\/niger\/sites\/40\/2021\/09\/img-6138b59da3758.jpg","datePublished":"2021-09-08T14:34:54+00:00","author":{"@id":"https:\/\/www.africa-press.net\/niger\/#\/schema\/person\/2b1cf3cd81a31e3cd26889ca66d677f1"},"description":"\ufeffLe pr\u00e9sident du CESOC M. Malam Ma\u00efrou Ligari s\u2019est entretenu, hier matin, \u00e0 son cabinet avec Mme Reki Moussa Djermakoye ...","breadcrumb":{"@id":"https:\/\/www.africa-press.net\/niger\/culture-et-art\/au-conseil-economique-social-et-culturel-cesoc-m-malam-mairou-ligari-sentretient-avec-la-ceo-de-2minvest-la-societe-mata-et-matassa-investing-s-a#breadcrumb"},"inLanguage":"fr-FR","potentialAction":[{"@type":"ReadAction","target":["https:\/\/www.africa-press.net\/niger\/culture-et-art\/au-conseil-economique-social-et-culturel-cesoc-m-malam-mairou-ligari-sentretient-avec-la-ceo-de-2minvest-la-societe-mata-et-matassa-investing-s-a"]}]},{"@type":"ImageObject","inLanguage":"fr-FR","@id":"https:\/\/www.africa-press.net\/niger\/culture-et-art\/au-conseil-economique-social-et-culturel-cesoc-m-malam-mairou-ligari-sentretient-avec-la-ceo-de-2minvest-la-societe-mata-et-matassa-investing-s-a#primaryimage","url":"https:\/\/static.africa-press.net\/niger\/sites\/40\/2021\/09\/img-6138b59da3758.jpg","contentUrl":"https:\/\/static.africa-press.net\/niger\/sites\/40\/2021\/09\/img-6138b59da3758.jpg","width":720,"height":444,"caption":"Au Conseil Economique Social et Culturel (CESOC) : M. Malam Ma\u00efrou Ligari s\u2019entretient avec la CEO de 2MINVEST, la soci\u00e9t\u00e9 Mata et Matassa Investing S.A"},{"@type":"BreadcrumbList","@id":"https:\/\/www.africa-press.net\/niger\/culture-et-art\/au-conseil-economique-social-et-culturel-cesoc-m-malam-mairou-ligari-sentretient-avec-la-ceo-de-2minvest-la-societe-mata-et-matassa-investing-s-a#breadcrumb","itemListElement":[{"@type":"ListItem","position":1,"name":"Accueil","item":"https:\/\/www.africa-press.net\/niger\/"},{"@type":"ListItem","position":2,"name":"Au Conseil Economique Social et Culturel (CESOC) : M. Malam Ma\u00efrou Ligari s\u2019entretient avec la CEO de 2MINVEST, la soci\u00e9t\u00e9 Mata et Matassa Investing S.A"}]},{"@type":"WebSite","@id":"https:\/\/www.africa-press.net\/niger\/#website","url":"https:\/\/www.africa-press.net\/niger\/","name":"niger","description":"Just another Africa News Agency Sites site","potentialAction":[{"@type":"SearchAction","target":{"@type":"EntryPoint","urlTemplate":"https:\/\/www.africa-press.net\/niger\/?s={search_term_string}"},"query-input":{"@type":"PropertyValueSpecification","valueRequired":true,"valueName":"search_term_string"}}],"inLanguage":"fr-FR"},{"@type":"Person","@id":"https:\/\/www.africa-press.net\/niger\/#\/schema\/person\/2b1cf3cd81a31e3cd26889ca66d677f1","name":"cfeditorfr"}]}},"_links":{"self":[{"href":"https:\/\/www.africa-press.net\/niger\/wp-json\/wp\/v2\/posts\/11407","targetHints":{"allow":["GET"]}}],"collection":[{"href":"https:\/\/www.africa-press.net\/niger\/wp-json\/wp\/v2\/posts"}],"about":[{"href":"https:\/\/www.africa-press.net\/niger\/wp-json\/wp\/v2\/types\/post"}],"author":[{"embeddable":true,"href":"https:\/\/www.africa-press.net\/niger\/wp-json\/wp\/v2\/users\/82"}],"replies":[{"embeddable":true,"href":"https:\/\/www.africa-press.net\/niger\/wp-json\/wp\/v2\/comments?post=11407"}],"version-history":[{"count":0,"href":"https:\/\/www.africa-press.net\/niger\/wp-json\/wp\/v2\/posts\/11407\/revisions"}],"wp:featuredmedia":[{"embeddable":true,"href":"https:\/\/www.africa-press.net\/niger\/wp-json\/wp\/v2\/media\/11406"}],"wp:attachment":[{"href":"https:\/\/www.africa-press.net\/niger\/wp-json\/wp\/v2\/media?parent=11407"}],"wp:term":[{"taxonomy":"category","embeddable":true,"href":"https:\/\/www.africa-press.net\/niger\/wp-json\/wp\/v2\/categories?post=11407"},{"taxonomy":"post_tag","embeddable":true,"href":"https:\/\/www.africa-press.net\/niger\/wp-json\/wp\/v2\/tags?post=11407"}],"curies":[{"name":"wp","href":"https:\/\/api.w.org\/{rel}","templated":true}]}}