{"id":11410,"date":"2021-09-08T14:44:28","date_gmt":"2021-09-08T14:44:28","guid":{"rendered":"https:\/\/www.africa-press.net\/niger\/?p=11410"},"modified":"2021-09-08T13:08:40","modified_gmt":"2021-09-08T13:08:40","slug":"fin-de-visite-de-travail-du-vice-president-du-conseil-presidentiel-de-letat-libyen-au-niger-m-moussa-al-koni-a-quitte-niamey-hier-dans-la-matinee","status":"publish","type":"post","link":"https:\/\/www.africa-press.net\/niger\/politique\/fin-de-visite-de-travail-du-vice-president-du-conseil-presidentiel-de-letat-libyen-au-niger-m-moussa-al-koni-a-quitte-niamey-hier-dans-la-matinee","title":{"rendered":"Fin de visite de travail du Vice-Pr\u00e9sident du Conseil pr\u00e9sidentiel de l\u2019Etat libyen au Niger : M. Moussa Al koni a quitt\u00e9 Niamey hier dans la matin\u00e9e"},"content":{"rendered":"<p><span style=\"color: #ff6600\"><strong><a href=\"https:\/\/www.africa-press.net\/\">Africa-Press<\/a> &#8211; <a href=\"https:\/\/www.africa-press.net\/niger\">Niger<\/a>. <\/strong><\/span>Le Vice Pr\u00e9sident du Conseil de l\u2019Etat Libyen a achev\u00e9 son s\u00e9jour \u00e0 Niamey au Niger o\u00f9 il a effectu\u00e9 une visite de travail de 48 heures. M. Moussa Al Koni a quitt\u00e9 Niamey hier matin. A son d\u00e9part de l\u2019a\u00e9roport International Diori Hamani, le Vice-pr\u00e9sident du Conseil pr\u00e9sidentiel libyen a \u00e9t\u00e9 raccompagn\u00e9 par le Premier Ministre, M. Ouhoumoudou Mahamadou. L\u2019on notait \u00e9galement la pr\u00e9sence en cette occasion du ministre de l\u2019Enseignement Technique et de la Formation Professionnelle M. Kassoum Maman Moctar.<\/p>\n","protected":false},"excerpt":{"rendered":"<p>Africa-Press &#8211; Niger. Le Vice Pr\u00e9sident du Conseil de l\u2019Etat Libyen a achev\u00e9 son s\u00e9jour \u00e0 Niamey au Niger o\u00f9 il a effectu\u00e9 une visite de travail de 48 heures. M. Moussa Al Koni a quitt\u00e9 Niamey hier matin. A son d\u00e9part de l\u2019a\u00e9roport International Diori Hamani, le Vice-pr\u00e9sident du Conseil pr\u00e9sidentiel libyen a \u00e9t\u00e9 [&hellip;]<\/p>\n","protected":false},"author":82,"featured_media":11409,"comment_status":"open","ping_status":"closed","sticky":false,"template":"","format":"standard","meta":{"footnotes":""},"categories":[11,2,10],"tags":[55,60,29],"class_list":["post-11410","post","type-post","status-publish","format-standard","has-post-thumbnail","hentry","category-homepage-french","category-politique","category-toutes-les-actualites","tag-africa-press","tag-africa-press-niger","tag-niger"],"yoast_head":"<!-- This site is optimized with the Yoast SEO Premium plugin v26.1 (Yoast SEO v27.0) - https:\/\/yoast.com\/product\/yoast-seo-premium-wordpress\/ -->\n<title>Fin de visite de travail du Vice-Pr\u00e9sident du Conseil pr\u00e9sidentiel de l\u2019Etat libyen au Niger : M. Moussa Al koni a quitt\u00e9 Niamey hier dans la matin\u00e9e - niger<\/title>\n<meta name=\"description\" content=\"\ufeffLe Vice Pr\u00e9sident du Conseil de l\u2019Etat Libyen a achev\u00e9 son s\u00e9jour \u00e0 Niamey au Niger o\u00f9 il a effectu\u00e9 une visite de trav ...\" \/>\n<meta name=\"robots\" content=\"index, follow, max-snippet:-1, max-image-preview:large, max-video-preview:-1\" \/>\n<link rel=\"canonical\" href=\"https:\/\/www.africa-press.net\/niger\/politique\/fin-de-visite-de-travail-du-vice-president-du-conseil-presidentiel-de-letat-libyen-au-niger-m-moussa-al-koni-a-quitte-niamey-hier-dans-la-matinee\" \/>\n<meta property=\"og:locale\" content=\"fr_FR\" \/>\n<meta property=\"og:type\" content=\"article\" \/>\n<meta property=\"og:title\" content=\"Fin de visite de travail du Vice-Pr\u00e9sident du Conseil pr\u00e9sidentiel de l\u2019Etat libyen au Niger : M. Moussa Al koni a quitt\u00e9 Niamey hier dans la matin\u00e9e\" \/>\n<meta property=\"og:description\" content=\"\ufeffLe Vice Pr\u00e9sident du Conseil de l\u2019Etat Libyen a achev\u00e9 son s\u00e9jour \u00e0 Niamey au Niger o\u00f9 il a effectu\u00e9 une visite de trav ...\" \/>\n<meta property=\"og:url\" content=\"https:\/\/www.africa-press.net\/niger\/politique\/fin-de-visite-de-travail-du-vice-president-du-conseil-presidentiel-de-letat-libyen-au-niger-m-moussa-al-koni-a-quitte-niamey-hier-dans-la-matinee\" \/>\n<meta property=\"og:site_name\" content=\"niger\" \/>\n<meta property=\"article:published_time\" content=\"2021-09-08T14:44:28+00:00\" \/>\n<meta property=\"og:image\" content=\"https:\/\/static.africa-press.net\/niger\/sites\/40\/2021\/09\/img-6138b5bed7ebf.jpg\" \/>\n\t<meta property=\"og:image:width\" content=\"720\" \/>\n\t<meta property=\"og:image:height\" content=\"451\" \/>\n\t<meta property=\"og:image:type\" content=\"image\/jpeg\" \/>\n<meta name=\"author\" content=\"cfeditorfr\" \/>\n<meta name=\"twitter:card\" content=\"summary_large_image\" \/>\n<meta name=\"twitter:label1\" content=\"\u00c9crit par\" \/>\n\t<meta name=\"twitter:data1\" content=\"cfeditorfr\" \/>\n<script type=\"application\/ld+json\" class=\"yoast-schema-graph\">{\"@context\":\"https:\/\/schema.org\",\"@graph\":[{\"@type\":\"Article\",\"@id\":\"https:\/\/www.africa-press.net\/niger\/politique\/fin-de-visite-de-travail-du-vice-president-du-conseil-presidentiel-de-letat-libyen-au-niger-m-moussa-al-koni-a-quitte-niamey-hier-dans-la-matinee#article\",\"isPartOf\":{\"@id\":\"https:\/\/www.africa-press.net\/niger\/politique\/fin-de-visite-de-travail-du-vice-president-du-conseil-presidentiel-de-letat-libyen-au-niger-m-moussa-al-koni-a-quitte-niamey-hier-dans-la-matinee\"},\"author\":{\"name\":\"cfeditorfr\",\"@id\":\"https:\/\/www.africa-press.net\/niger\/#\/schema\/person\/2b1cf3cd81a31e3cd26889ca66d677f1\"},\"headline\":\"Fin de visite de travail du Vice-Pr\u00e9sident du Conseil pr\u00e9sidentiel de l\u2019Etat libyen au Niger : M. Moussa Al koni a quitt\u00e9 Niamey hier dans la matin\u00e9e\",\"datePublished\":\"2021-09-08T14:44:28+00:00\",\"mainEntityOfPage\":{\"@id\":\"https:\/\/www.africa-press.net\/niger\/politique\/fin-de-visite-de-travail-du-vice-president-du-conseil-presidentiel-de-letat-libyen-au-niger-m-moussa-al-koni-a-quitte-niamey-hier-dans-la-matinee\"},\"wordCount\":124,\"commentCount\":0,\"image\":{\"@id\":\"https:\/\/www.africa-press.net\/niger\/politique\/fin-de-visite-de-travail-du-vice-president-du-conseil-presidentiel-de-letat-libyen-au-niger-m-moussa-al-koni-a-quitte-niamey-hier-dans-la-matinee#primaryimage\"},\"thumbnailUrl\":\"https:\/\/static.africa-press.net\/niger\/sites\/40\/2021\/09\/img-6138b5bed7ebf.jpg\",\"keywords\":[\"Africa Press\",\"Africa Press-Niger\",\"Niger\"],\"articleSection\":[\"homepage-french\",\"Politique\",\"Toutes les actualit\u00e9s\"],\"inLanguage\":\"fr-FR\",\"potentialAction\":[{\"@type\":\"CommentAction\",\"name\":\"Comment\",\"target\":[\"https:\/\/www.africa-press.net\/niger\/politique\/fin-de-visite-de-travail-du-vice-president-du-conseil-presidentiel-de-letat-libyen-au-niger-m-moussa-al-koni-a-quitte-niamey-hier-dans-la-matinee#respond\"]}]},{\"@type\":\"WebPage\",\"@id\":\"https:\/\/www.africa-press.net\/niger\/politique\/fin-de-visite-de-travail-du-vice-president-du-conseil-presidentiel-de-letat-libyen-au-niger-m-moussa-al-koni-a-quitte-niamey-hier-dans-la-matinee\",\"url\":\"https:\/\/www.africa-press.net\/niger\/politique\/fin-de-visite-de-travail-du-vice-president-du-conseil-presidentiel-de-letat-libyen-au-niger-m-moussa-al-koni-a-quitte-niamey-hier-dans-la-matinee\",\"name\":\"Fin de visite de travail du Vice-Pr\u00e9sident du Conseil pr\u00e9sidentiel de l\u2019Etat libyen au Niger : M. Moussa Al koni a quitt\u00e9 Niamey hier dans la matin\u00e9e - niger\",\"isPartOf\":{\"@id\":\"https:\/\/www.africa-press.net\/niger\/#website\"},\"primaryImageOfPage\":{\"@id\":\"https:\/\/www.africa-press.net\/niger\/politique\/fin-de-visite-de-travail-du-vice-president-du-conseil-presidentiel-de-letat-libyen-au-niger-m-moussa-al-koni-a-quitte-niamey-hier-dans-la-matinee#primaryimage\"},\"image\":{\"@id\":\"https:\/\/www.africa-press.net\/niger\/politique\/fin-de-visite-de-travail-du-vice-president-du-conseil-presidentiel-de-letat-libyen-au-niger-m-moussa-al-koni-a-quitte-niamey-hier-dans-la-matinee#primaryimage\"},\"thumbnailUrl\":\"https:\/\/static.africa-press.net\/niger\/sites\/40\/2021\/09\/img-6138b5bed7ebf.jpg\",\"datePublished\":\"2021-09-08T14:44:28+00:00\",\"author\":{\"@id\":\"https:\/\/www.africa-press.net\/niger\/#\/schema\/person\/2b1cf3cd81a31e3cd26889ca66d677f1\"},\"description\":\"\ufeffLe Vice Pr\u00e9sident du Conseil de l\u2019Etat Libyen a achev\u00e9 son s\u00e9jour \u00e0 Niamey au Niger o\u00f9 il a effectu\u00e9 une visite de trav ...\",\"breadcrumb\":{\"@id\":\"https:\/\/www.africa-press.net\/niger\/politique\/fin-de-visite-de-travail-du-vice-president-du-conseil-presidentiel-de-letat-libyen-au-niger-m-moussa-al-koni-a-quitte-niamey-hier-dans-la-matinee#breadcrumb\"},\"inLanguage\":\"fr-FR\",\"potentialAction\":[{\"@type\":\"ReadAction\",\"target\":[\"https:\/\/www.africa-press.net\/niger\/politique\/fin-de-visite-de-travail-du-vice-president-du-conseil-presidentiel-de-letat-libyen-au-niger-m-moussa-al-koni-a-quitte-niamey-hier-dans-la-matinee\"]}]},{\"@type\":\"ImageObject\",\"inLanguage\":\"fr-FR\",\"@id\":\"https:\/\/www.africa-press.net\/niger\/politique\/fin-de-visite-de-travail-du-vice-president-du-conseil-presidentiel-de-letat-libyen-au-niger-m-moussa-al-koni-a-quitte-niamey-hier-dans-la-matinee#primaryimage\",\"url\":\"https:\/\/static.africa-press.net\/niger\/sites\/40\/2021\/09\/img-6138b5bed7ebf.jpg\",\"contentUrl\":\"https:\/\/static.africa-press.net\/niger\/sites\/40\/2021\/09\/img-6138b5bed7ebf.jpg\",\"width\":720,\"height\":451,\"caption\":\"Fin de visite de travail du Vice-Pr\u00e9sident du Conseil pr\u00e9sidentiel de l\u2019Etat libyen au Niger : M. Moussa Al koni a quitt\u00e9 Niamey hier dans la matin\u00e9e\"},{\"@type\":\"BreadcrumbList\",\"@id\":\"https:\/\/www.africa-press.net\/niger\/politique\/fin-de-visite-de-travail-du-vice-president-du-conseil-presidentiel-de-letat-libyen-au-niger-m-moussa-al-koni-a-quitte-niamey-hier-dans-la-matinee#breadcrumb\",\"itemListElement\":[{\"@type\":\"ListItem\",\"position\":1,\"name\":\"Accueil\",\"item\":\"https:\/\/www.africa-press.net\/niger\/\"},{\"@type\":\"ListItem\",\"position\":2,\"name\":\"Fin de visite de travail du Vice-Pr\u00e9sident du Conseil pr\u00e9sidentiel de l\u2019Etat libyen au Niger : M. Moussa Al koni a quitt\u00e9 Niamey hier dans la matin\u00e9e\"}]},{\"@type\":\"WebSite\",\"@id\":\"https:\/\/www.africa-press.net\/niger\/#website\",\"url\":\"https:\/\/www.africa-press.net\/niger\/\",\"name\":\"niger\",\"description\":\"Just another Africa News Agency Sites site\",\"potentialAction\":[{\"@type\":\"SearchAction\",\"target\":{\"@type\":\"EntryPoint\",\"urlTemplate\":\"https:\/\/www.africa-press.net\/niger\/?s={search_term_string}\"},\"query-input\":{\"@type\":\"PropertyValueSpecification\",\"valueRequired\":true,\"valueName\":\"search_term_string\"}}],\"inLanguage\":\"fr-FR\"},{\"@type\":\"Person\",\"@id\":\"https:\/\/www.africa-press.net\/niger\/#\/schema\/person\/2b1cf3cd81a31e3cd26889ca66d677f1\",\"name\":\"cfeditorfr\"}]}<\/script>\n<!-- \/ Yoast SEO Premium plugin. -->","yoast_head_json":{"title":"Fin de visite de travail du Vice-Pr\u00e9sident du Conseil pr\u00e9sidentiel de l\u2019Etat libyen au Niger : M. Moussa Al koni a quitt\u00e9 Niamey hier dans la matin\u00e9e - niger","description":"\ufeffLe Vice Pr\u00e9sident du Conseil de l\u2019Etat Libyen a achev\u00e9 son s\u00e9jour \u00e0 Niamey au Niger o\u00f9 il a effectu\u00e9 une visite de trav ...","robots":{"index":"index","follow":"follow","max-snippet":"max-snippet:-1","max-image-preview":"max-image-preview:large","max-video-preview":"max-video-preview:-1"},"canonical":"https:\/\/www.africa-press.net\/niger\/politique\/fin-de-visite-de-travail-du-vice-president-du-conseil-presidentiel-de-letat-libyen-au-niger-m-moussa-al-koni-a-quitte-niamey-hier-dans-la-matinee","og_locale":"fr_FR","og_type":"article","og_title":"Fin de visite de travail du Vice-Pr\u00e9sident du Conseil pr\u00e9sidentiel de l\u2019Etat libyen au Niger : M. Moussa Al koni a quitt\u00e9 Niamey hier dans la matin\u00e9e","og_description":"\ufeffLe Vice Pr\u00e9sident du Conseil de l\u2019Etat Libyen a achev\u00e9 son s\u00e9jour \u00e0 Niamey au Niger o\u00f9 il a effectu\u00e9 une visite de trav ...","og_url":"https:\/\/www.africa-press.net\/niger\/politique\/fin-de-visite-de-travail-du-vice-president-du-conseil-presidentiel-de-letat-libyen-au-niger-m-moussa-al-koni-a-quitte-niamey-hier-dans-la-matinee","og_site_name":"niger","article_published_time":"2021-09-08T14:44:28+00:00","og_image":[{"width":720,"height":451,"url":"https:\/\/static.africa-press.net\/niger\/sites\/40\/2021\/09\/img-6138b5bed7ebf.jpg","type":"image\/jpeg"}],"author":"cfeditorfr","twitter_card":"summary_large_image","twitter_misc":{"\u00c9crit par":"cfeditorfr"},"schema":{"@context":"https:\/\/schema.org","@graph":[{"@type":"Article","@id":"https:\/\/www.africa-press.net\/niger\/politique\/fin-de-visite-de-travail-du-vice-president-du-conseil-presidentiel-de-letat-libyen-au-niger-m-moussa-al-koni-a-quitte-niamey-hier-dans-la-matinee#article","isPartOf":{"@id":"https:\/\/www.africa-press.net\/niger\/politique\/fin-de-visite-de-travail-du-vice-president-du-conseil-presidentiel-de-letat-libyen-au-niger-m-moussa-al-koni-a-quitte-niamey-hier-dans-la-matinee"},"author":{"name":"cfeditorfr","@id":"https:\/\/www.africa-press.net\/niger\/#\/schema\/person\/2b1cf3cd81a31e3cd26889ca66d677f1"},"headline":"Fin de visite de travail du Vice-Pr\u00e9sident du Conseil pr\u00e9sidentiel de l\u2019Etat libyen au Niger : M. Moussa Al koni a quitt\u00e9 Niamey hier dans la matin\u00e9e","datePublished":"2021-09-08T14:44:28+00:00","mainEntityOfPage":{"@id":"https:\/\/www.africa-press.net\/niger\/politique\/fin-de-visite-de-travail-du-vice-president-du-conseil-presidentiel-de-letat-libyen-au-niger-m-moussa-al-koni-a-quitte-niamey-hier-dans-la-matinee"},"wordCount":124,"commentCount":0,"image":{"@id":"https:\/\/www.africa-press.net\/niger\/politique\/fin-de-visite-de-travail-du-vice-president-du-conseil-presidentiel-de-letat-libyen-au-niger-m-moussa-al-koni-a-quitte-niamey-hier-dans-la-matinee#primaryimage"},"thumbnailUrl":"https:\/\/static.africa-press.net\/niger\/sites\/40\/2021\/09\/img-6138b5bed7ebf.jpg","keywords":["Africa Press","Africa Press-Niger","Niger"],"articleSection":["homepage-french","Politique","Toutes les actualit\u00e9s"],"inLanguage":"fr-FR","potentialAction":[{"@type":"CommentAction","name":"Comment","target":["https:\/\/www.africa-press.net\/niger\/politique\/fin-de-visite-de-travail-du-vice-president-du-conseil-presidentiel-de-letat-libyen-au-niger-m-moussa-al-koni-a-quitte-niamey-hier-dans-la-matinee#respond"]}]},{"@type":"WebPage","@id":"https:\/\/www.africa-press.net\/niger\/politique\/fin-de-visite-de-travail-du-vice-president-du-conseil-presidentiel-de-letat-libyen-au-niger-m-moussa-al-koni-a-quitte-niamey-hier-dans-la-matinee","url":"https:\/\/www.africa-press.net\/niger\/politique\/fin-de-visite-de-travail-du-vice-president-du-conseil-presidentiel-de-letat-libyen-au-niger-m-moussa-al-koni-a-quitte-niamey-hier-dans-la-matinee","name":"Fin de visite de travail du Vice-Pr\u00e9sident du Conseil pr\u00e9sidentiel de l\u2019Etat libyen au Niger : M. Moussa Al koni a quitt\u00e9 Niamey hier dans la matin\u00e9e - niger","isPartOf":{"@id":"https:\/\/www.africa-press.net\/niger\/#website"},"primaryImageOfPage":{"@id":"https:\/\/www.africa-press.net\/niger\/politique\/fin-de-visite-de-travail-du-vice-president-du-conseil-presidentiel-de-letat-libyen-au-niger-m-moussa-al-koni-a-quitte-niamey-hier-dans-la-matinee#primaryimage"},"image":{"@id":"https:\/\/www.africa-press.net\/niger\/politique\/fin-de-visite-de-travail-du-vice-president-du-conseil-presidentiel-de-letat-libyen-au-niger-m-moussa-al-koni-a-quitte-niamey-hier-dans-la-matinee#primaryimage"},"thumbnailUrl":"https:\/\/static.africa-press.net\/niger\/sites\/40\/2021\/09\/img-6138b5bed7ebf.jpg","datePublished":"2021-09-08T14:44:28+00:00","author":{"@id":"https:\/\/www.africa-press.net\/niger\/#\/schema\/person\/2b1cf3cd81a31e3cd26889ca66d677f1"},"description":"\ufeffLe Vice Pr\u00e9sident du Conseil de l\u2019Etat Libyen a achev\u00e9 son s\u00e9jour \u00e0 Niamey au Niger o\u00f9 il a effectu\u00e9 une visite de trav ...","breadcrumb":{"@id":"https:\/\/www.africa-press.net\/niger\/politique\/fin-de-visite-de-travail-du-vice-president-du-conseil-presidentiel-de-letat-libyen-au-niger-m-moussa-al-koni-a-quitte-niamey-hier-dans-la-matinee#breadcrumb"},"inLanguage":"fr-FR","potentialAction":[{"@type":"ReadAction","target":["https:\/\/www.africa-press.net\/niger\/politique\/fin-de-visite-de-travail-du-vice-president-du-conseil-presidentiel-de-letat-libyen-au-niger-m-moussa-al-koni-a-quitte-niamey-hier-dans-la-matinee"]}]},{"@type":"ImageObject","inLanguage":"fr-FR","@id":"https:\/\/www.africa-press.net\/niger\/politique\/fin-de-visite-de-travail-du-vice-president-du-conseil-presidentiel-de-letat-libyen-au-niger-m-moussa-al-koni-a-quitte-niamey-hier-dans-la-matinee#primaryimage","url":"https:\/\/static.africa-press.net\/niger\/sites\/40\/2021\/09\/img-6138b5bed7ebf.jpg","contentUrl":"https:\/\/static.africa-press.net\/niger\/sites\/40\/2021\/09\/img-6138b5bed7ebf.jpg","width":720,"height":451,"caption":"Fin de visite de travail du Vice-Pr\u00e9sident du Conseil pr\u00e9sidentiel de l\u2019Etat libyen au Niger : M. Moussa Al koni a quitt\u00e9 Niamey hier dans la matin\u00e9e"},{"@type":"BreadcrumbList","@id":"https:\/\/www.africa-press.net\/niger\/politique\/fin-de-visite-de-travail-du-vice-president-du-conseil-presidentiel-de-letat-libyen-au-niger-m-moussa-al-koni-a-quitte-niamey-hier-dans-la-matinee#breadcrumb","itemListElement":[{"@type":"ListItem","position":1,"name":"Accueil","item":"https:\/\/www.africa-press.net\/niger\/"},{"@type":"ListItem","position":2,"name":"Fin de visite de travail du Vice-Pr\u00e9sident du Conseil pr\u00e9sidentiel de l\u2019Etat libyen au Niger : M. Moussa Al koni a quitt\u00e9 Niamey hier dans la matin\u00e9e"}]},{"@type":"WebSite","@id":"https:\/\/www.africa-press.net\/niger\/#website","url":"https:\/\/www.africa-press.net\/niger\/","name":"niger","description":"Just another Africa News Agency Sites site","potentialAction":[{"@type":"SearchAction","target":{"@type":"EntryPoint","urlTemplate":"https:\/\/www.africa-press.net\/niger\/?s={search_term_string}"},"query-input":{"@type":"PropertyValueSpecification","valueRequired":true,"valueName":"search_term_string"}}],"inLanguage":"fr-FR"},{"@type":"Person","@id":"https:\/\/www.africa-press.net\/niger\/#\/schema\/person\/2b1cf3cd81a31e3cd26889ca66d677f1","name":"cfeditorfr"}]}},"_links":{"self":[{"href":"https:\/\/www.africa-press.net\/niger\/wp-json\/wp\/v2\/posts\/11410","targetHints":{"allow":["GET"]}}],"collection":[{"href":"https:\/\/www.africa-press.net\/niger\/wp-json\/wp\/v2\/posts"}],"about":[{"href":"https:\/\/www.africa-press.net\/niger\/wp-json\/wp\/v2\/types\/post"}],"author":[{"embeddable":true,"href":"https:\/\/www.africa-press.net\/niger\/wp-json\/wp\/v2\/users\/82"}],"replies":[{"embeddable":true,"href":"https:\/\/www.africa-press.net\/niger\/wp-json\/wp\/v2\/comments?post=11410"}],"version-history":[{"count":0,"href":"https:\/\/www.africa-press.net\/niger\/wp-json\/wp\/v2\/posts\/11410\/revisions"}],"wp:featuredmedia":[{"embeddable":true,"href":"https:\/\/www.africa-press.net\/niger\/wp-json\/wp\/v2\/media\/11409"}],"wp:attachment":[{"href":"https:\/\/www.africa-press.net\/niger\/wp-json\/wp\/v2\/media?parent=11410"}],"wp:term":[{"taxonomy":"category","embeddable":true,"href":"https:\/\/www.africa-press.net\/niger\/wp-json\/wp\/v2\/categories?post=11410"},{"taxonomy":"post_tag","embeddable":true,"href":"https:\/\/www.africa-press.net\/niger\/wp-json\/wp\/v2\/tags?post=11410"}],"curies":[{"name":"wp","href":"https:\/\/api.w.org\/{rel}","templated":true}]}}