{"id":11431,"date":"2021-09-09T17:42:54","date_gmt":"2021-09-09T17:42:54","guid":{"rendered":"https:\/\/www.africa-press.net\/niger\/?p=11431"},"modified":"2021-09-09T18:49:05","modified_gmt":"2021-09-09T18:49:05","slug":"istanbul-accueillera-en-octobre-prochain-le-3eme-forum-economique-et-des-affaires-turquie-afrique","status":"publish","type":"post","link":"https:\/\/www.africa-press.net\/niger\/economie\/istanbul-accueillera-en-octobre-prochain-le-3eme-forum-economique-et-des-affaires-turquie-afrique","title":{"rendered":"Istanbul accueillera en octobre prochain le 3\u00e8me forum \u00e9conomique et des affaires Turquie-Afrique"},"content":{"rendered":"<p><span style=\"color: #ff6600\"><strong><a href=\"https:\/\/www.africa-press.net\/\">Africa-Press<\/a> &#8211; <a href=\"https:\/\/www.africa-press.net\/niger\">Niger<\/a>. <\/strong><\/span>L\u2019Ambassadeur de la R\u00e9publique de Turquie au Niger, Mustafa T\u00fcrker ARI a, dans un communiqu\u00e9 rendu public, le mercredi 8 septembre apr\u00e8s une audience avec le Premier Ministre nig\u00e9rien, annonc\u00e9 la tenue, du 21 au 22 octobre 2021, du 3\u00e8me forum \u00e9conomique et des affaires Turquie-Afrique \u00e0 Istanbul en Turquie.<\/p>\n<p>\u2018\u2019La Turquie va organiser le 3i\u00e8me Forum Economique et des Affaires Turquie-Afrique en coop\u00e9ration avec l\u2019Union Africaine les 21 et 22 octobre 2021 \u00e0 Istanbul\u2019\u2019 indique le communiqu\u00e9 de l\u2019Ambassadeur.<\/p>\n<p>Selon le diplomate turc, ce \u2018\u2019forum approfondira et renforcera la coop\u00e9ration strat\u00e9gique et le partenariat d\u00e9j\u00e0 existant entre la Turquie et les pays africains\u2019\u2019.<\/p>\n<p>Il permettra \u00e9galement des discussions sur \u2018\u2019l\u2019approfondissement du partenariat turco-africain \u00e0 l\u2019\u00e8re post-pand\u00e9mique dans les domaines du commerce, des investissements, de la logistique et de la technologie\u2019\u2019 ajoute Mustapha T\u00fcrker Ari.<\/p>\n<p>Il accueillera, a-t-il pr\u00e9cis\u00e9, les Ministres des pays africains, les hommes d\u2019Affaires turcs et africains, ainsi que les repr\u00e9sentants des institutions du secteur priv\u00e9 et des m\u00e9dias.<\/p>\n<p>Ce forum, poursuit l\u2019Ambassadeur Mustafa T\u00fcrker ARI, sera un cadre \u2018\u2019d\u2019\u00e9change des id\u00e9es sur la Zone de Libre-\u00e9change Continentale Africaine (ZLECAF) ainsi que sur la coop\u00e9ration dans les domaines de l\u2019agriculture, de la fabrication, de la technologie, de l\u2019\u00e9nergie, de la sant\u00e9 et du tourisme\u2019\u2019.<\/p>\n<p>Le communiqu\u00e9 rappelle que d\u2019autres sujets de coop\u00e9ration bilat\u00e9rale entre la Turquie et le Niger ont \u00e9t\u00e9 \u00e9galement \u00e9voqu\u00e9s au cours de l\u2019entrevue avec le Premier Ministre nig\u00e9rien Ouhoumoudou Mahamadou.<\/p>\n<p>Dans la perspective de la tenue de ce forum, une r\u00e9union pr\u00e9paratoire de la commission mixte \u00e9conomique Turquie-Niger se tiendra Niamey tr\u00e8s prochainement, indique-t-on.<\/p>\n","protected":false},"excerpt":{"rendered":"<p>Africa-Press &#8211; Niger. L\u2019Ambassadeur de la R\u00e9publique de Turquie au Niger, Mustafa T\u00fcrker ARI a, dans un communiqu\u00e9 rendu public, le mercredi 8 septembre apr\u00e8s une audience avec le Premier Ministre nig\u00e9rien, annonc\u00e9 la tenue, du 21 au 22 octobre 2021, du 3\u00e8me forum \u00e9conomique et des affaires Turquie-Afrique \u00e0 Istanbul en Turquie. \u2018\u2019La Turquie [&hellip;]<\/p>\n","protected":false},"author":82,"featured_media":11430,"comment_status":"open","ping_status":"closed","sticky":false,"template":"","format":"standard","meta":{"footnotes":""},"categories":[3,11,10],"tags":[55,60,29],"class_list":["post-11431","post","type-post","status-publish","format-standard","has-post-thumbnail","hentry","category-economie","category-homepage-french","category-toutes-les-actualites","tag-africa-press","tag-africa-press-niger","tag-niger"],"yoast_head":"<!-- This site is optimized with the Yoast SEO Premium plugin v26.1 (Yoast SEO v27.0) - https:\/\/yoast.com\/product\/yoast-seo-premium-wordpress\/ -->\n<title>Istanbul accueillera en octobre prochain le 3\u00e8me forum \u00e9conomique et des affaires Turquie-Afrique - niger<\/title>\n<meta name=\"description\" content=\"L\u2019Ambassadeur de la R\u00e9publique de Turquie au Niger, Mustafa T\u00fcrker ARI a, dans un communiqu\u00e9 rendu public, le mercredi 8 ...\" \/>\n<meta name=\"robots\" content=\"index, follow, max-snippet:-1, max-image-preview:large, max-video-preview:-1\" \/>\n<link rel=\"canonical\" href=\"https:\/\/www.africa-press.net\/niger\/economie\/istanbul-accueillera-en-octobre-prochain-le-3eme-forum-economique-et-des-affaires-turquie-afrique\" \/>\n<meta property=\"og:locale\" content=\"fr_FR\" \/>\n<meta property=\"og:type\" content=\"article\" \/>\n<meta property=\"og:title\" content=\"Istanbul accueillera en octobre prochain le 3\u00e8me forum \u00e9conomique et des affaires Turquie-Afrique\" \/>\n<meta property=\"og:description\" content=\"L\u2019Ambassadeur de la R\u00e9publique de Turquie au Niger, Mustafa T\u00fcrker ARI a, dans un communiqu\u00e9 rendu public, le mercredi 8 ...\" \/>\n<meta property=\"og:url\" content=\"https:\/\/www.africa-press.net\/niger\/economie\/istanbul-accueillera-en-octobre-prochain-le-3eme-forum-economique-et-des-affaires-turquie-afrique\" \/>\n<meta property=\"og:site_name\" content=\"niger\" \/>\n<meta property=\"article:published_time\" content=\"2021-09-09T17:42:54+00:00\" \/>\n<meta property=\"article:modified_time\" content=\"2021-09-09T18:49:05+00:00\" \/>\n<meta property=\"og:image\" content=\"https:\/\/static.africa-press.net\/niger\/sites\/40\/2021\/09\/img-613a44f50e40d.jpg\" \/>\n\t<meta property=\"og:image:width\" content=\"912\" \/>\n\t<meta property=\"og:image:height\" content=\"608\" \/>\n\t<meta property=\"og:image:type\" content=\"image\/jpeg\" \/>\n<meta name=\"author\" content=\"cfeditorfr\" \/>\n<meta name=\"twitter:card\" content=\"summary_large_image\" \/>\n<meta name=\"twitter:label1\" content=\"\u00c9crit par\" \/>\n\t<meta name=\"twitter:data1\" content=\"cfeditorfr\" \/>\n\t<meta name=\"twitter:label2\" content=\"Dur\u00e9e de lecture estim\u00e9e\" \/>\n\t<meta name=\"twitter:data2\" content=\"1 minute\" \/>\n<script type=\"application\/ld+json\" class=\"yoast-schema-graph\">{\"@context\":\"https:\/\/schema.org\",\"@graph\":[{\"@type\":\"Article\",\"@id\":\"https:\/\/www.africa-press.net\/niger\/economie\/istanbul-accueillera-en-octobre-prochain-le-3eme-forum-economique-et-des-affaires-turquie-afrique#article\",\"isPartOf\":{\"@id\":\"https:\/\/www.africa-press.net\/niger\/economie\/istanbul-accueillera-en-octobre-prochain-le-3eme-forum-economique-et-des-affaires-turquie-afrique\"},\"author\":{\"name\":\"cfeditorfr\",\"@id\":\"https:\/\/www.africa-press.net\/niger\/#\/schema\/person\/2b1cf3cd81a31e3cd26889ca66d677f1\"},\"headline\":\"Istanbul accueillera en octobre prochain le 3\u00e8me forum \u00e9conomique et des affaires Turquie-Afrique\",\"datePublished\":\"2021-09-09T17:42:54+00:00\",\"dateModified\":\"2021-09-09T18:49:05+00:00\",\"mainEntityOfPage\":{\"@id\":\"https:\/\/www.africa-press.net\/niger\/economie\/istanbul-accueillera-en-octobre-prochain-le-3eme-forum-economique-et-des-affaires-turquie-afrique\"},\"wordCount\":304,\"commentCount\":0,\"image\":{\"@id\":\"https:\/\/www.africa-press.net\/niger\/economie\/istanbul-accueillera-en-octobre-prochain-le-3eme-forum-economique-et-des-affaires-turquie-afrique#primaryimage\"},\"thumbnailUrl\":\"https:\/\/static.africa-press.net\/niger\/sites\/40\/2021\/09\/img-613a44f50e40d.jpg\",\"keywords\":[\"Africa Press\",\"Africa Press-Niger\",\"Niger\"],\"articleSection\":[\"\u00c9conomie\",\"homepage-french\",\"Toutes les actualit\u00e9s\"],\"inLanguage\":\"fr-FR\",\"potentialAction\":[{\"@type\":\"CommentAction\",\"name\":\"Comment\",\"target\":[\"https:\/\/www.africa-press.net\/niger\/economie\/istanbul-accueillera-en-octobre-prochain-le-3eme-forum-economique-et-des-affaires-turquie-afrique#respond\"]}]},{\"@type\":\"WebPage\",\"@id\":\"https:\/\/www.africa-press.net\/niger\/economie\/istanbul-accueillera-en-octobre-prochain-le-3eme-forum-economique-et-des-affaires-turquie-afrique\",\"url\":\"https:\/\/www.africa-press.net\/niger\/economie\/istanbul-accueillera-en-octobre-prochain-le-3eme-forum-economique-et-des-affaires-turquie-afrique\",\"name\":\"Istanbul accueillera en octobre prochain le 3\u00e8me forum \u00e9conomique et des affaires Turquie-Afrique - niger\",\"isPartOf\":{\"@id\":\"https:\/\/www.africa-press.net\/niger\/#website\"},\"primaryImageOfPage\":{\"@id\":\"https:\/\/www.africa-press.net\/niger\/economie\/istanbul-accueillera-en-octobre-prochain-le-3eme-forum-economique-et-des-affaires-turquie-afrique#primaryimage\"},\"image\":{\"@id\":\"https:\/\/www.africa-press.net\/niger\/economie\/istanbul-accueillera-en-octobre-prochain-le-3eme-forum-economique-et-des-affaires-turquie-afrique#primaryimage\"},\"thumbnailUrl\":\"https:\/\/static.africa-press.net\/niger\/sites\/40\/2021\/09\/img-613a44f50e40d.jpg\",\"datePublished\":\"2021-09-09T17:42:54+00:00\",\"dateModified\":\"2021-09-09T18:49:05+00:00\",\"author\":{\"@id\":\"https:\/\/www.africa-press.net\/niger\/#\/schema\/person\/2b1cf3cd81a31e3cd26889ca66d677f1\"},\"description\":\"L\u2019Ambassadeur de la R\u00e9publique de Turquie au Niger, Mustafa T\u00fcrker ARI a, dans un communiqu\u00e9 rendu public, le mercredi 8 ...\",\"breadcrumb\":{\"@id\":\"https:\/\/www.africa-press.net\/niger\/economie\/istanbul-accueillera-en-octobre-prochain-le-3eme-forum-economique-et-des-affaires-turquie-afrique#breadcrumb\"},\"inLanguage\":\"fr-FR\",\"potentialAction\":[{\"@type\":\"ReadAction\",\"target\":[\"https:\/\/www.africa-press.net\/niger\/economie\/istanbul-accueillera-en-octobre-prochain-le-3eme-forum-economique-et-des-affaires-turquie-afrique\"]}]},{\"@type\":\"ImageObject\",\"inLanguage\":\"fr-FR\",\"@id\":\"https:\/\/www.africa-press.net\/niger\/economie\/istanbul-accueillera-en-octobre-prochain-le-3eme-forum-economique-et-des-affaires-turquie-afrique#primaryimage\",\"url\":\"https:\/\/static.africa-press.net\/niger\/sites\/40\/2021\/09\/img-613a44f50e40d.jpg\",\"contentUrl\":\"https:\/\/static.africa-press.net\/niger\/sites\/40\/2021\/09\/img-613a44f50e40d.jpg\",\"width\":912,\"height\":608,\"caption\":\"Istanbul accueillera en octobre prochain le 3\u00e8me forum \u00e9conomique et des affaires Turquie-Afrique\"},{\"@type\":\"BreadcrumbList\",\"@id\":\"https:\/\/www.africa-press.net\/niger\/economie\/istanbul-accueillera-en-octobre-prochain-le-3eme-forum-economique-et-des-affaires-turquie-afrique#breadcrumb\",\"itemListElement\":[{\"@type\":\"ListItem\",\"position\":1,\"name\":\"Accueil\",\"item\":\"https:\/\/www.africa-press.net\/niger\/\"},{\"@type\":\"ListItem\",\"position\":2,\"name\":\"Istanbul accueillera en octobre prochain le 3\u00e8me forum \u00e9conomique et des affaires Turquie-Afrique\"}]},{\"@type\":\"WebSite\",\"@id\":\"https:\/\/www.africa-press.net\/niger\/#website\",\"url\":\"https:\/\/www.africa-press.net\/niger\/\",\"name\":\"niger\",\"description\":\"Just another Africa News Agency Sites site\",\"potentialAction\":[{\"@type\":\"SearchAction\",\"target\":{\"@type\":\"EntryPoint\",\"urlTemplate\":\"https:\/\/www.africa-press.net\/niger\/?s={search_term_string}\"},\"query-input\":{\"@type\":\"PropertyValueSpecification\",\"valueRequired\":true,\"valueName\":\"search_term_string\"}}],\"inLanguage\":\"fr-FR\"},{\"@type\":\"Person\",\"@id\":\"https:\/\/www.africa-press.net\/niger\/#\/schema\/person\/2b1cf3cd81a31e3cd26889ca66d677f1\",\"name\":\"cfeditorfr\"}]}<\/script>\n<!-- \/ Yoast SEO Premium plugin. -->","yoast_head_json":{"title":"Istanbul accueillera en octobre prochain le 3\u00e8me forum \u00e9conomique et des affaires Turquie-Afrique - niger","description":"L\u2019Ambassadeur de la R\u00e9publique de Turquie au Niger, Mustafa T\u00fcrker ARI a, dans un communiqu\u00e9 rendu public, le mercredi 8 ...","robots":{"index":"index","follow":"follow","max-snippet":"max-snippet:-1","max-image-preview":"max-image-preview:large","max-video-preview":"max-video-preview:-1"},"canonical":"https:\/\/www.africa-press.net\/niger\/economie\/istanbul-accueillera-en-octobre-prochain-le-3eme-forum-economique-et-des-affaires-turquie-afrique","og_locale":"fr_FR","og_type":"article","og_title":"Istanbul accueillera en octobre prochain le 3\u00e8me forum \u00e9conomique et des affaires Turquie-Afrique","og_description":"L\u2019Ambassadeur de la R\u00e9publique de Turquie au Niger, Mustafa T\u00fcrker ARI a, dans un communiqu\u00e9 rendu public, le mercredi 8 ...","og_url":"https:\/\/www.africa-press.net\/niger\/economie\/istanbul-accueillera-en-octobre-prochain-le-3eme-forum-economique-et-des-affaires-turquie-afrique","og_site_name":"niger","article_published_time":"2021-09-09T17:42:54+00:00","article_modified_time":"2021-09-09T18:49:05+00:00","og_image":[{"width":912,"height":608,"url":"https:\/\/static.africa-press.net\/niger\/sites\/40\/2021\/09\/img-613a44f50e40d.jpg","type":"image\/jpeg"}],"author":"cfeditorfr","twitter_card":"summary_large_image","twitter_misc":{"\u00c9crit par":"cfeditorfr","Dur\u00e9e de lecture estim\u00e9e":"1 minute"},"schema":{"@context":"https:\/\/schema.org","@graph":[{"@type":"Article","@id":"https:\/\/www.africa-press.net\/niger\/economie\/istanbul-accueillera-en-octobre-prochain-le-3eme-forum-economique-et-des-affaires-turquie-afrique#article","isPartOf":{"@id":"https:\/\/www.africa-press.net\/niger\/economie\/istanbul-accueillera-en-octobre-prochain-le-3eme-forum-economique-et-des-affaires-turquie-afrique"},"author":{"name":"cfeditorfr","@id":"https:\/\/www.africa-press.net\/niger\/#\/schema\/person\/2b1cf3cd81a31e3cd26889ca66d677f1"},"headline":"Istanbul accueillera en octobre prochain le 3\u00e8me forum \u00e9conomique et des affaires Turquie-Afrique","datePublished":"2021-09-09T17:42:54+00:00","dateModified":"2021-09-09T18:49:05+00:00","mainEntityOfPage":{"@id":"https:\/\/www.africa-press.net\/niger\/economie\/istanbul-accueillera-en-octobre-prochain-le-3eme-forum-economique-et-des-affaires-turquie-afrique"},"wordCount":304,"commentCount":0,"image":{"@id":"https:\/\/www.africa-press.net\/niger\/economie\/istanbul-accueillera-en-octobre-prochain-le-3eme-forum-economique-et-des-affaires-turquie-afrique#primaryimage"},"thumbnailUrl":"https:\/\/static.africa-press.net\/niger\/sites\/40\/2021\/09\/img-613a44f50e40d.jpg","keywords":["Africa Press","Africa Press-Niger","Niger"],"articleSection":["\u00c9conomie","homepage-french","Toutes les actualit\u00e9s"],"inLanguage":"fr-FR","potentialAction":[{"@type":"CommentAction","name":"Comment","target":["https:\/\/www.africa-press.net\/niger\/economie\/istanbul-accueillera-en-octobre-prochain-le-3eme-forum-economique-et-des-affaires-turquie-afrique#respond"]}]},{"@type":"WebPage","@id":"https:\/\/www.africa-press.net\/niger\/economie\/istanbul-accueillera-en-octobre-prochain-le-3eme-forum-economique-et-des-affaires-turquie-afrique","url":"https:\/\/www.africa-press.net\/niger\/economie\/istanbul-accueillera-en-octobre-prochain-le-3eme-forum-economique-et-des-affaires-turquie-afrique","name":"Istanbul accueillera en octobre prochain le 3\u00e8me forum \u00e9conomique et des affaires Turquie-Afrique - niger","isPartOf":{"@id":"https:\/\/www.africa-press.net\/niger\/#website"},"primaryImageOfPage":{"@id":"https:\/\/www.africa-press.net\/niger\/economie\/istanbul-accueillera-en-octobre-prochain-le-3eme-forum-economique-et-des-affaires-turquie-afrique#primaryimage"},"image":{"@id":"https:\/\/www.africa-press.net\/niger\/economie\/istanbul-accueillera-en-octobre-prochain-le-3eme-forum-economique-et-des-affaires-turquie-afrique#primaryimage"},"thumbnailUrl":"https:\/\/static.africa-press.net\/niger\/sites\/40\/2021\/09\/img-613a44f50e40d.jpg","datePublished":"2021-09-09T17:42:54+00:00","dateModified":"2021-09-09T18:49:05+00:00","author":{"@id":"https:\/\/www.africa-press.net\/niger\/#\/schema\/person\/2b1cf3cd81a31e3cd26889ca66d677f1"},"description":"L\u2019Ambassadeur de la R\u00e9publique de Turquie au Niger, Mustafa T\u00fcrker ARI a, dans un communiqu\u00e9 rendu public, le mercredi 8 ...","breadcrumb":{"@id":"https:\/\/www.africa-press.net\/niger\/economie\/istanbul-accueillera-en-octobre-prochain-le-3eme-forum-economique-et-des-affaires-turquie-afrique#breadcrumb"},"inLanguage":"fr-FR","potentialAction":[{"@type":"ReadAction","target":["https:\/\/www.africa-press.net\/niger\/economie\/istanbul-accueillera-en-octobre-prochain-le-3eme-forum-economique-et-des-affaires-turquie-afrique"]}]},{"@type":"ImageObject","inLanguage":"fr-FR","@id":"https:\/\/www.africa-press.net\/niger\/economie\/istanbul-accueillera-en-octobre-prochain-le-3eme-forum-economique-et-des-affaires-turquie-afrique#primaryimage","url":"https:\/\/static.africa-press.net\/niger\/sites\/40\/2021\/09\/img-613a44f50e40d.jpg","contentUrl":"https:\/\/static.africa-press.net\/niger\/sites\/40\/2021\/09\/img-613a44f50e40d.jpg","width":912,"height":608,"caption":"Istanbul accueillera en octobre prochain le 3\u00e8me forum \u00e9conomique et des affaires Turquie-Afrique"},{"@type":"BreadcrumbList","@id":"https:\/\/www.africa-press.net\/niger\/economie\/istanbul-accueillera-en-octobre-prochain-le-3eme-forum-economique-et-des-affaires-turquie-afrique#breadcrumb","itemListElement":[{"@type":"ListItem","position":1,"name":"Accueil","item":"https:\/\/www.africa-press.net\/niger\/"},{"@type":"ListItem","position":2,"name":"Istanbul accueillera en octobre prochain le 3\u00e8me forum \u00e9conomique et des affaires Turquie-Afrique"}]},{"@type":"WebSite","@id":"https:\/\/www.africa-press.net\/niger\/#website","url":"https:\/\/www.africa-press.net\/niger\/","name":"niger","description":"Just another Africa News Agency Sites site","potentialAction":[{"@type":"SearchAction","target":{"@type":"EntryPoint","urlTemplate":"https:\/\/www.africa-press.net\/niger\/?s={search_term_string}"},"query-input":{"@type":"PropertyValueSpecification","valueRequired":true,"valueName":"search_term_string"}}],"inLanguage":"fr-FR"},{"@type":"Person","@id":"https:\/\/www.africa-press.net\/niger\/#\/schema\/person\/2b1cf3cd81a31e3cd26889ca66d677f1","name":"cfeditorfr"}]}},"_links":{"self":[{"href":"https:\/\/www.africa-press.net\/niger\/wp-json\/wp\/v2\/posts\/11431","targetHints":{"allow":["GET"]}}],"collection":[{"href":"https:\/\/www.africa-press.net\/niger\/wp-json\/wp\/v2\/posts"}],"about":[{"href":"https:\/\/www.africa-press.net\/niger\/wp-json\/wp\/v2\/types\/post"}],"author":[{"embeddable":true,"href":"https:\/\/www.africa-press.net\/niger\/wp-json\/wp\/v2\/users\/82"}],"replies":[{"embeddable":true,"href":"https:\/\/www.africa-press.net\/niger\/wp-json\/wp\/v2\/comments?post=11431"}],"version-history":[{"count":0,"href":"https:\/\/www.africa-press.net\/niger\/wp-json\/wp\/v2\/posts\/11431\/revisions"}],"wp:featuredmedia":[{"embeddable":true,"href":"https:\/\/www.africa-press.net\/niger\/wp-json\/wp\/v2\/media\/11430"}],"wp:attachment":[{"href":"https:\/\/www.africa-press.net\/niger\/wp-json\/wp\/v2\/media?parent=11431"}],"wp:term":[{"taxonomy":"category","embeddable":true,"href":"https:\/\/www.africa-press.net\/niger\/wp-json\/wp\/v2\/categories?post=11431"},{"taxonomy":"post_tag","embeddable":true,"href":"https:\/\/www.africa-press.net\/niger\/wp-json\/wp\/v2\/tags?post=11431"}],"curies":[{"name":"wp","href":"https:\/\/api.w.org\/{rel}","templated":true}]}}