{"id":11437,"date":"2021-09-09T17:55:28","date_gmt":"2021-09-09T17:55:28","guid":{"rendered":"https:\/\/www.africa-press.net\/niger\/?p=11437"},"modified":"2021-09-09T18:46:02","modified_gmt":"2021-09-09T18:46:02","slug":"niger-la-rentree-scolaire-2021-2022-au-niveau-des-lycees-et-ecoles-normales-reportee-au-4-octobre-2021","status":"publish","type":"post","link":"https:\/\/www.africa-press.net\/niger\/culture-et-art\/niger-la-rentree-scolaire-2021-2022-au-niveau-des-lycees-et-ecoles-normales-reportee-au-4-octobre-2021","title":{"rendered":"La rentr\u00e9e scolaire 2021-2022 au niveau des lyc\u00e9es et \u00e9coles normales report\u00e9e au 4 octobre 2021"},"content":{"rendered":"<p><span style=\"color: #ff6600\"><strong><a href=\"https:\/\/www.africa-press.net\/\">Africa-Press<\/a> &#8211; <a href=\"https:\/\/www.africa-press.net\/niger\">Niger<\/a>. <\/strong><\/span>Le Ministre de l\u2019\u00e9ducation nationale du Niger, Dr Rabiou Ousman a, par arr\u00eat\u00e9 pris ce mercredi 08 septembre 2021, d\u00e9cid\u00e9 du report au 4 octobre 2021 de la rentr\u00e9e scolaire de l\u2019ann\u00e9e acad\u00e9mique 2021-2022 au niveau des lyc\u00e9es et \u00e9coles normales du Niger.<\/p>\n<p>\u2018\u2019La date de la rentr\u00e9e scolaire du second cycle du secondaire (lyc\u00e9es) et \u00e9coles normales, pr\u00e9vue initialement \u00e0 la date du 15 septembre 2021 est report\u00e9e au 04 octobre 2021\u2019\u2019 indique le texte de l\u2019arr\u00eat\u00e9 du Ministre de l\u2019\u00e9ducation nationale.<\/p>\n<p>Cependant le responsable de l\u2019\u00e9ducation nationale n\u2019a pas donn\u00e9 les raisons de ce report de la rentr\u00e9e scolaire au niveau de ces \u00e9tablissements.<\/p>\n<p>Rappelons que depuis quelques ann\u00e9es la rentr\u00e9e scolaire se d\u00e9roule \u00e0 partir du 15 septembre pour \u00e9viter d\u2019\u00e9ventuels retards qu\u2019engendreraient les gr\u00e8ves r\u00e9p\u00e9titives des \u00e9l\u00e8ves et autres syndicats des enseignants.<\/p>\n","protected":false},"excerpt":{"rendered":"<p>Africa-Press &#8211; Niger. Le Ministre de l\u2019\u00e9ducation nationale du Niger, Dr Rabiou Ousman a, par arr\u00eat\u00e9 pris ce mercredi 08 septembre 2021, d\u00e9cid\u00e9 du report au 4 octobre 2021 de la rentr\u00e9e scolaire de l\u2019ann\u00e9e acad\u00e9mique 2021-2022 au niveau des lyc\u00e9es et \u00e9coles normales du Niger. \u2018\u2019La date de la rentr\u00e9e scolaire du second cycle [&hellip;]<\/p>\n","protected":false},"author":82,"featured_media":11436,"comment_status":"open","ping_status":"closed","sticky":false,"template":"","format":"standard","meta":{"footnotes":""},"categories":[5,11,10],"tags":[55,60,29],"class_list":["post-11437","post","type-post","status-publish","format-standard","has-post-thumbnail","hentry","category-culture-et-art","category-homepage-french","category-toutes-les-actualites","tag-africa-press","tag-africa-press-niger","tag-niger"],"yoast_head":"<!-- This site is optimized with the Yoast SEO Premium plugin v26.1 (Yoast SEO v27.0) - https:\/\/yoast.com\/product\/yoast-seo-premium-wordpress\/ -->\n<title>La rentr\u00e9e scolaire 2021-2022 au niveau des lyc\u00e9es et \u00e9coles normales report\u00e9e au 4 octobre 2021 - niger<\/title>\n<meta name=\"description\" content=\"Le Ministre de l\u2019\u00e9ducation nationale du Niger, Dr Rabiou Ousman a, par arr\u00eat\u00e9 pris ce mercredi 08 septembre 2021, d\u00e9cid\u00e9 ...\" \/>\n<meta name=\"robots\" content=\"index, follow, max-snippet:-1, max-image-preview:large, max-video-preview:-1\" \/>\n<link rel=\"canonical\" href=\"https:\/\/www.africa-press.net\/niger\/culture-et-art\/niger-la-rentree-scolaire-2021-2022-au-niveau-des-lycees-et-ecoles-normales-reportee-au-4-octobre-2021\" \/>\n<meta property=\"og:locale\" content=\"fr_FR\" \/>\n<meta property=\"og:type\" content=\"article\" \/>\n<meta property=\"og:title\" content=\"La rentr\u00e9e scolaire 2021-2022 au niveau des lyc\u00e9es et \u00e9coles normales report\u00e9e au 4 octobre 2021\" \/>\n<meta property=\"og:description\" content=\"Le Ministre de l\u2019\u00e9ducation nationale du Niger, Dr Rabiou Ousman a, par arr\u00eat\u00e9 pris ce mercredi 08 septembre 2021, d\u00e9cid\u00e9 ...\" \/>\n<meta property=\"og:url\" content=\"https:\/\/www.africa-press.net\/niger\/culture-et-art\/niger-la-rentree-scolaire-2021-2022-au-niveau-des-lycees-et-ecoles-normales-reportee-au-4-octobre-2021\" \/>\n<meta property=\"og:site_name\" content=\"niger\" \/>\n<meta property=\"article:published_time\" content=\"2021-09-09T17:55:28+00:00\" \/>\n<meta property=\"article:modified_time\" content=\"2021-09-09T18:46:02+00:00\" \/>\n<meta property=\"og:image\" content=\"https:\/\/static.africa-press.net\/niger\/sites\/40\/2021\/09\/img-613a455c0fd89.jpg\" \/>\n\t<meta property=\"og:image:width\" content=\"720\" \/>\n\t<meta property=\"og:image:height\" content=\"475\" \/>\n\t<meta property=\"og:image:type\" content=\"image\/jpeg\" \/>\n<meta name=\"author\" content=\"cfeditorfr\" \/>\n<meta name=\"twitter:card\" content=\"summary_large_image\" \/>\n<meta name=\"twitter:label1\" content=\"\u00c9crit par\" \/>\n\t<meta name=\"twitter:data1\" content=\"cfeditorfr\" \/>\n\t<meta name=\"twitter:label2\" content=\"Dur\u00e9e de lecture estim\u00e9e\" \/>\n\t<meta name=\"twitter:data2\" content=\"1 minute\" \/>\n<script type=\"application\/ld+json\" class=\"yoast-schema-graph\">{\"@context\":\"https:\/\/schema.org\",\"@graph\":[{\"@type\":\"Article\",\"@id\":\"https:\/\/www.africa-press.net\/niger\/culture-et-art\/niger-la-rentree-scolaire-2021-2022-au-niveau-des-lycees-et-ecoles-normales-reportee-au-4-octobre-2021#article\",\"isPartOf\":{\"@id\":\"https:\/\/www.africa-press.net\/niger\/culture-et-art\/niger-la-rentree-scolaire-2021-2022-au-niveau-des-lycees-et-ecoles-normales-reportee-au-4-octobre-2021\"},\"author\":{\"name\":\"cfeditorfr\",\"@id\":\"https:\/\/www.africa-press.net\/niger\/#\/schema\/person\/2b1cf3cd81a31e3cd26889ca66d677f1\"},\"headline\":\"La rentr\u00e9e scolaire 2021-2022 au niveau des lyc\u00e9es et \u00e9coles normales report\u00e9e au 4 octobre 2021\",\"datePublished\":\"2021-09-09T17:55:28+00:00\",\"dateModified\":\"2021-09-09T18:46:02+00:00\",\"mainEntityOfPage\":{\"@id\":\"https:\/\/www.africa-press.net\/niger\/culture-et-art\/niger-la-rentree-scolaire-2021-2022-au-niveau-des-lycees-et-ecoles-normales-reportee-au-4-octobre-2021\"},\"wordCount\":172,\"commentCount\":0,\"image\":{\"@id\":\"https:\/\/www.africa-press.net\/niger\/culture-et-art\/niger-la-rentree-scolaire-2021-2022-au-niveau-des-lycees-et-ecoles-normales-reportee-au-4-octobre-2021#primaryimage\"},\"thumbnailUrl\":\"https:\/\/static.africa-press.net\/niger\/sites\/40\/2021\/09\/img-613a455c0fd89.jpg\",\"keywords\":[\"Africa Press\",\"Africa Press-Niger\",\"Niger\"],\"articleSection\":[\"Culture et Art\",\"homepage-french\",\"Toutes les actualit\u00e9s\"],\"inLanguage\":\"fr-FR\",\"potentialAction\":[{\"@type\":\"CommentAction\",\"name\":\"Comment\",\"target\":[\"https:\/\/www.africa-press.net\/niger\/culture-et-art\/niger-la-rentree-scolaire-2021-2022-au-niveau-des-lycees-et-ecoles-normales-reportee-au-4-octobre-2021#respond\"]}]},{\"@type\":\"WebPage\",\"@id\":\"https:\/\/www.africa-press.net\/niger\/culture-et-art\/niger-la-rentree-scolaire-2021-2022-au-niveau-des-lycees-et-ecoles-normales-reportee-au-4-octobre-2021\",\"url\":\"https:\/\/www.africa-press.net\/niger\/culture-et-art\/niger-la-rentree-scolaire-2021-2022-au-niveau-des-lycees-et-ecoles-normales-reportee-au-4-octobre-2021\",\"name\":\"La rentr\u00e9e scolaire 2021-2022 au niveau des lyc\u00e9es et \u00e9coles normales report\u00e9e au 4 octobre 2021 - niger\",\"isPartOf\":{\"@id\":\"https:\/\/www.africa-press.net\/niger\/#website\"},\"primaryImageOfPage\":{\"@id\":\"https:\/\/www.africa-press.net\/niger\/culture-et-art\/niger-la-rentree-scolaire-2021-2022-au-niveau-des-lycees-et-ecoles-normales-reportee-au-4-octobre-2021#primaryimage\"},\"image\":{\"@id\":\"https:\/\/www.africa-press.net\/niger\/culture-et-art\/niger-la-rentree-scolaire-2021-2022-au-niveau-des-lycees-et-ecoles-normales-reportee-au-4-octobre-2021#primaryimage\"},\"thumbnailUrl\":\"https:\/\/static.africa-press.net\/niger\/sites\/40\/2021\/09\/img-613a455c0fd89.jpg\",\"datePublished\":\"2021-09-09T17:55:28+00:00\",\"dateModified\":\"2021-09-09T18:46:02+00:00\",\"author\":{\"@id\":\"https:\/\/www.africa-press.net\/niger\/#\/schema\/person\/2b1cf3cd81a31e3cd26889ca66d677f1\"},\"description\":\"Le Ministre de l\u2019\u00e9ducation nationale du Niger, Dr Rabiou Ousman a, par arr\u00eat\u00e9 pris ce mercredi 08 septembre 2021, d\u00e9cid\u00e9 ...\",\"breadcrumb\":{\"@id\":\"https:\/\/www.africa-press.net\/niger\/culture-et-art\/niger-la-rentree-scolaire-2021-2022-au-niveau-des-lycees-et-ecoles-normales-reportee-au-4-octobre-2021#breadcrumb\"},\"inLanguage\":\"fr-FR\",\"potentialAction\":[{\"@type\":\"ReadAction\",\"target\":[\"https:\/\/www.africa-press.net\/niger\/culture-et-art\/niger-la-rentree-scolaire-2021-2022-au-niveau-des-lycees-et-ecoles-normales-reportee-au-4-octobre-2021\"]}]},{\"@type\":\"ImageObject\",\"inLanguage\":\"fr-FR\",\"@id\":\"https:\/\/www.africa-press.net\/niger\/culture-et-art\/niger-la-rentree-scolaire-2021-2022-au-niveau-des-lycees-et-ecoles-normales-reportee-au-4-octobre-2021#primaryimage\",\"url\":\"https:\/\/static.africa-press.net\/niger\/sites\/40\/2021\/09\/img-613a455c0fd89.jpg\",\"contentUrl\":\"https:\/\/static.africa-press.net\/niger\/sites\/40\/2021\/09\/img-613a455c0fd89.jpg\",\"width\":720,\"height\":475,\"caption\":\"Niger : La rentr\u00e9e scolaire 2021-2022 au niveau des lyc\u00e9es et \u00e9coles normales report\u00e9e au 4 octobre 2021\"},{\"@type\":\"BreadcrumbList\",\"@id\":\"https:\/\/www.africa-press.net\/niger\/culture-et-art\/niger-la-rentree-scolaire-2021-2022-au-niveau-des-lycees-et-ecoles-normales-reportee-au-4-octobre-2021#breadcrumb\",\"itemListElement\":[{\"@type\":\"ListItem\",\"position\":1,\"name\":\"Accueil\",\"item\":\"https:\/\/www.africa-press.net\/niger\/\"},{\"@type\":\"ListItem\",\"position\":2,\"name\":\"La rentr\u00e9e scolaire 2021-2022 au niveau des lyc\u00e9es et \u00e9coles normales report\u00e9e au 4 octobre 2021\"}]},{\"@type\":\"WebSite\",\"@id\":\"https:\/\/www.africa-press.net\/niger\/#website\",\"url\":\"https:\/\/www.africa-press.net\/niger\/\",\"name\":\"niger\",\"description\":\"Just another Africa News Agency Sites site\",\"potentialAction\":[{\"@type\":\"SearchAction\",\"target\":{\"@type\":\"EntryPoint\",\"urlTemplate\":\"https:\/\/www.africa-press.net\/niger\/?s={search_term_string}\"},\"query-input\":{\"@type\":\"PropertyValueSpecification\",\"valueRequired\":true,\"valueName\":\"search_term_string\"}}],\"inLanguage\":\"fr-FR\"},{\"@type\":\"Person\",\"@id\":\"https:\/\/www.africa-press.net\/niger\/#\/schema\/person\/2b1cf3cd81a31e3cd26889ca66d677f1\",\"name\":\"cfeditorfr\"}]}<\/script>\n<!-- \/ Yoast SEO Premium plugin. -->","yoast_head_json":{"title":"La rentr\u00e9e scolaire 2021-2022 au niveau des lyc\u00e9es et \u00e9coles normales report\u00e9e au 4 octobre 2021 - niger","description":"Le Ministre de l\u2019\u00e9ducation nationale du Niger, Dr Rabiou Ousman a, par arr\u00eat\u00e9 pris ce mercredi 08 septembre 2021, d\u00e9cid\u00e9 ...","robots":{"index":"index","follow":"follow","max-snippet":"max-snippet:-1","max-image-preview":"max-image-preview:large","max-video-preview":"max-video-preview:-1"},"canonical":"https:\/\/www.africa-press.net\/niger\/culture-et-art\/niger-la-rentree-scolaire-2021-2022-au-niveau-des-lycees-et-ecoles-normales-reportee-au-4-octobre-2021","og_locale":"fr_FR","og_type":"article","og_title":"La rentr\u00e9e scolaire 2021-2022 au niveau des lyc\u00e9es et \u00e9coles normales report\u00e9e au 4 octobre 2021","og_description":"Le Ministre de l\u2019\u00e9ducation nationale du Niger, Dr Rabiou Ousman a, par arr\u00eat\u00e9 pris ce mercredi 08 septembre 2021, d\u00e9cid\u00e9 ...","og_url":"https:\/\/www.africa-press.net\/niger\/culture-et-art\/niger-la-rentree-scolaire-2021-2022-au-niveau-des-lycees-et-ecoles-normales-reportee-au-4-octobre-2021","og_site_name":"niger","article_published_time":"2021-09-09T17:55:28+00:00","article_modified_time":"2021-09-09T18:46:02+00:00","og_image":[{"width":720,"height":475,"url":"https:\/\/static.africa-press.net\/niger\/sites\/40\/2021\/09\/img-613a455c0fd89.jpg","type":"image\/jpeg"}],"author":"cfeditorfr","twitter_card":"summary_large_image","twitter_misc":{"\u00c9crit par":"cfeditorfr","Dur\u00e9e de lecture estim\u00e9e":"1 minute"},"schema":{"@context":"https:\/\/schema.org","@graph":[{"@type":"Article","@id":"https:\/\/www.africa-press.net\/niger\/culture-et-art\/niger-la-rentree-scolaire-2021-2022-au-niveau-des-lycees-et-ecoles-normales-reportee-au-4-octobre-2021#article","isPartOf":{"@id":"https:\/\/www.africa-press.net\/niger\/culture-et-art\/niger-la-rentree-scolaire-2021-2022-au-niveau-des-lycees-et-ecoles-normales-reportee-au-4-octobre-2021"},"author":{"name":"cfeditorfr","@id":"https:\/\/www.africa-press.net\/niger\/#\/schema\/person\/2b1cf3cd81a31e3cd26889ca66d677f1"},"headline":"La rentr\u00e9e scolaire 2021-2022 au niveau des lyc\u00e9es et \u00e9coles normales report\u00e9e au 4 octobre 2021","datePublished":"2021-09-09T17:55:28+00:00","dateModified":"2021-09-09T18:46:02+00:00","mainEntityOfPage":{"@id":"https:\/\/www.africa-press.net\/niger\/culture-et-art\/niger-la-rentree-scolaire-2021-2022-au-niveau-des-lycees-et-ecoles-normales-reportee-au-4-octobre-2021"},"wordCount":172,"commentCount":0,"image":{"@id":"https:\/\/www.africa-press.net\/niger\/culture-et-art\/niger-la-rentree-scolaire-2021-2022-au-niveau-des-lycees-et-ecoles-normales-reportee-au-4-octobre-2021#primaryimage"},"thumbnailUrl":"https:\/\/static.africa-press.net\/niger\/sites\/40\/2021\/09\/img-613a455c0fd89.jpg","keywords":["Africa Press","Africa Press-Niger","Niger"],"articleSection":["Culture et Art","homepage-french","Toutes les actualit\u00e9s"],"inLanguage":"fr-FR","potentialAction":[{"@type":"CommentAction","name":"Comment","target":["https:\/\/www.africa-press.net\/niger\/culture-et-art\/niger-la-rentree-scolaire-2021-2022-au-niveau-des-lycees-et-ecoles-normales-reportee-au-4-octobre-2021#respond"]}]},{"@type":"WebPage","@id":"https:\/\/www.africa-press.net\/niger\/culture-et-art\/niger-la-rentree-scolaire-2021-2022-au-niveau-des-lycees-et-ecoles-normales-reportee-au-4-octobre-2021","url":"https:\/\/www.africa-press.net\/niger\/culture-et-art\/niger-la-rentree-scolaire-2021-2022-au-niveau-des-lycees-et-ecoles-normales-reportee-au-4-octobre-2021","name":"La rentr\u00e9e scolaire 2021-2022 au niveau des lyc\u00e9es et \u00e9coles normales report\u00e9e au 4 octobre 2021 - niger","isPartOf":{"@id":"https:\/\/www.africa-press.net\/niger\/#website"},"primaryImageOfPage":{"@id":"https:\/\/www.africa-press.net\/niger\/culture-et-art\/niger-la-rentree-scolaire-2021-2022-au-niveau-des-lycees-et-ecoles-normales-reportee-au-4-octobre-2021#primaryimage"},"image":{"@id":"https:\/\/www.africa-press.net\/niger\/culture-et-art\/niger-la-rentree-scolaire-2021-2022-au-niveau-des-lycees-et-ecoles-normales-reportee-au-4-octobre-2021#primaryimage"},"thumbnailUrl":"https:\/\/static.africa-press.net\/niger\/sites\/40\/2021\/09\/img-613a455c0fd89.jpg","datePublished":"2021-09-09T17:55:28+00:00","dateModified":"2021-09-09T18:46:02+00:00","author":{"@id":"https:\/\/www.africa-press.net\/niger\/#\/schema\/person\/2b1cf3cd81a31e3cd26889ca66d677f1"},"description":"Le Ministre de l\u2019\u00e9ducation nationale du Niger, Dr Rabiou Ousman a, par arr\u00eat\u00e9 pris ce mercredi 08 septembre 2021, d\u00e9cid\u00e9 ...","breadcrumb":{"@id":"https:\/\/www.africa-press.net\/niger\/culture-et-art\/niger-la-rentree-scolaire-2021-2022-au-niveau-des-lycees-et-ecoles-normales-reportee-au-4-octobre-2021#breadcrumb"},"inLanguage":"fr-FR","potentialAction":[{"@type":"ReadAction","target":["https:\/\/www.africa-press.net\/niger\/culture-et-art\/niger-la-rentree-scolaire-2021-2022-au-niveau-des-lycees-et-ecoles-normales-reportee-au-4-octobre-2021"]}]},{"@type":"ImageObject","inLanguage":"fr-FR","@id":"https:\/\/www.africa-press.net\/niger\/culture-et-art\/niger-la-rentree-scolaire-2021-2022-au-niveau-des-lycees-et-ecoles-normales-reportee-au-4-octobre-2021#primaryimage","url":"https:\/\/static.africa-press.net\/niger\/sites\/40\/2021\/09\/img-613a455c0fd89.jpg","contentUrl":"https:\/\/static.africa-press.net\/niger\/sites\/40\/2021\/09\/img-613a455c0fd89.jpg","width":720,"height":475,"caption":"Niger : La rentr\u00e9e scolaire 2021-2022 au niveau des lyc\u00e9es et \u00e9coles normales report\u00e9e au 4 octobre 2021"},{"@type":"BreadcrumbList","@id":"https:\/\/www.africa-press.net\/niger\/culture-et-art\/niger-la-rentree-scolaire-2021-2022-au-niveau-des-lycees-et-ecoles-normales-reportee-au-4-octobre-2021#breadcrumb","itemListElement":[{"@type":"ListItem","position":1,"name":"Accueil","item":"https:\/\/www.africa-press.net\/niger\/"},{"@type":"ListItem","position":2,"name":"La rentr\u00e9e scolaire 2021-2022 au niveau des lyc\u00e9es et \u00e9coles normales report\u00e9e au 4 octobre 2021"}]},{"@type":"WebSite","@id":"https:\/\/www.africa-press.net\/niger\/#website","url":"https:\/\/www.africa-press.net\/niger\/","name":"niger","description":"Just another Africa News Agency Sites site","potentialAction":[{"@type":"SearchAction","target":{"@type":"EntryPoint","urlTemplate":"https:\/\/www.africa-press.net\/niger\/?s={search_term_string}"},"query-input":{"@type":"PropertyValueSpecification","valueRequired":true,"valueName":"search_term_string"}}],"inLanguage":"fr-FR"},{"@type":"Person","@id":"https:\/\/www.africa-press.net\/niger\/#\/schema\/person\/2b1cf3cd81a31e3cd26889ca66d677f1","name":"cfeditorfr"}]}},"_links":{"self":[{"href":"https:\/\/www.africa-press.net\/niger\/wp-json\/wp\/v2\/posts\/11437","targetHints":{"allow":["GET"]}}],"collection":[{"href":"https:\/\/www.africa-press.net\/niger\/wp-json\/wp\/v2\/posts"}],"about":[{"href":"https:\/\/www.africa-press.net\/niger\/wp-json\/wp\/v2\/types\/post"}],"author":[{"embeddable":true,"href":"https:\/\/www.africa-press.net\/niger\/wp-json\/wp\/v2\/users\/82"}],"replies":[{"embeddable":true,"href":"https:\/\/www.africa-press.net\/niger\/wp-json\/wp\/v2\/comments?post=11437"}],"version-history":[{"count":0,"href":"https:\/\/www.africa-press.net\/niger\/wp-json\/wp\/v2\/posts\/11437\/revisions"}],"wp:featuredmedia":[{"embeddable":true,"href":"https:\/\/www.africa-press.net\/niger\/wp-json\/wp\/v2\/media\/11436"}],"wp:attachment":[{"href":"https:\/\/www.africa-press.net\/niger\/wp-json\/wp\/v2\/media?parent=11437"}],"wp:term":[{"taxonomy":"category","embeddable":true,"href":"https:\/\/www.africa-press.net\/niger\/wp-json\/wp\/v2\/categories?post=11437"},{"taxonomy":"post_tag","embeddable":true,"href":"https:\/\/www.africa-press.net\/niger\/wp-json\/wp\/v2\/tags?post=11437"}],"curies":[{"name":"wp","href":"https:\/\/api.w.org\/{rel}","templated":true}]}}