{"id":11443,"date":"2021-09-09T18:14:43","date_gmt":"2021-09-09T18:14:43","guid":{"rendered":"https:\/\/www.africa-press.net\/niger\/?p=11443"},"modified":"2021-09-09T18:46:16","modified_gmt":"2021-09-09T18:46:16","slug":"entretien-entre-le-premier-ministre-du-niger-et-lambassadeur-du-nigeria-au-niger","status":"publish","type":"post","link":"https:\/\/www.africa-press.net\/niger\/politique\/entretien-entre-le-premier-ministre-du-niger-et-lambassadeur-du-nigeria-au-niger","title":{"rendered":"Entretien entre le Premier Ministre du Niger et l\u2019Ambassadeur du Nigeria au Niger"},"content":{"rendered":"<p><span style=\"color: #ff6600\"><strong><a href=\"https:\/\/www.africa-press.net\/\">Africa-Press<\/a> &#8211; <a href=\"https:\/\/www.africa-press.net\/niger\">Niger<\/a>.\u00a0 <\/strong><\/span>Le Premier Ministre du Niger M. OUHOUMOUDOU Mahamadou s\u2019est entretenu, dans l\u2019apr\u00e8s-midi de ce mercredi 08 Septembre 2021, avec M. Muhammed Sani Usman, Ambassadeur du Nigeria au Niger.<\/p>\n<p>A sa sortie d\u2019audience, le diplomate nig\u00e9rian a d\u00e9clar\u00e9 \u00e0 la presse \u00eatre venu \u00ab\u00a0rendre une visite d\u2019amiti\u00e9 et de courtoisie au Chef du Gouvernement nig\u00e9rien\u00a0\u00bb, tout en rappelant l\u2019excellence des relations qui existent entre les deux pays.<\/p>\n<p>\u00ab Nous entretenons une coop\u00e9ration historique qui date de tr\u00e8s longtemps \u00bb, s\u2019est r\u00e9joui Mohammed Sani Usman, avant de d\u00e9clarer avoir profit\u00e9 de l\u2019entretien pour discuter de la situation s\u00e9curitaire \u00ab qui est une pr\u00e9occupation majeure pour nos deux Etats \u00bb.<\/p>\n<p>Notons en effet que les deux pays font face \u00e0 leur fronti\u00e8re est, au niveau du Lac Tchad, aux exactions de la secte terroriste Boko Haram, qui s\u00e8me la d\u00e9solation aux populations civiles et militaires des r\u00e9gions limitrophes des deux pays.<\/p>\n<p>&nbsp;<\/p>\n","protected":false},"excerpt":{"rendered":"<p>Africa-Press &#8211; Niger.\u00a0 Le Premier Ministre du Niger M. OUHOUMOUDOU Mahamadou s\u2019est entretenu, dans l\u2019apr\u00e8s-midi de ce mercredi 08 Septembre 2021, avec M. Muhammed Sani Usman, Ambassadeur du Nigeria au Niger. A sa sortie d\u2019audience, le diplomate nig\u00e9rian a d\u00e9clar\u00e9 \u00e0 la presse \u00eatre venu \u00ab\u00a0rendre une visite d\u2019amiti\u00e9 et de courtoisie au Chef du [&hellip;]<\/p>\n","protected":false},"author":82,"featured_media":11442,"comment_status":"open","ping_status":"closed","sticky":false,"template":"","format":"standard","meta":{"footnotes":""},"categories":[11,2,10],"tags":[55,60,29],"class_list":["post-11443","post","type-post","status-publish","format-standard","has-post-thumbnail","hentry","category-homepage-french","category-politique","category-toutes-les-actualites","tag-africa-press","tag-africa-press-niger","tag-niger"],"yoast_head":"<!-- This site is optimized with the Yoast SEO Premium plugin v26.1 (Yoast SEO v27.0) - https:\/\/yoast.com\/product\/yoast-seo-premium-wordpress\/ -->\n<title>Entretien entre le Premier Ministre du Niger et l\u2019Ambassadeur du Nigeria au Niger - niger<\/title>\n<meta name=\"description\" content=\", 08 Sept. (ANP) - Le Premier Ministre du Niger M. OUHOUMOUDOU Mahamadou s\u2019est entretenu, dans l\u2019apr\u00e8s-midi de ce mercre ...\" \/>\n<meta name=\"robots\" content=\"index, follow, max-snippet:-1, max-image-preview:large, max-video-preview:-1\" \/>\n<link rel=\"canonical\" href=\"https:\/\/www.africa-press.net\/niger\/politique\/entretien-entre-le-premier-ministre-du-niger-et-lambassadeur-du-nigeria-au-niger\" \/>\n<meta property=\"og:locale\" content=\"fr_FR\" \/>\n<meta property=\"og:type\" content=\"article\" \/>\n<meta property=\"og:title\" content=\"Entretien entre le Premier Ministre du Niger et l\u2019Ambassadeur du Nigeria au Niger\" \/>\n<meta property=\"og:description\" content=\", 08 Sept. (ANP) - Le Premier Ministre du Niger M. OUHOUMOUDOU Mahamadou s\u2019est entretenu, dans l\u2019apr\u00e8s-midi de ce mercre ...\" \/>\n<meta property=\"og:url\" content=\"https:\/\/www.africa-press.net\/niger\/politique\/entretien-entre-le-premier-ministre-du-niger-et-lambassadeur-du-nigeria-au-niger\" \/>\n<meta property=\"og:site_name\" content=\"niger\" \/>\n<meta property=\"article:published_time\" content=\"2021-09-09T18:14:43+00:00\" \/>\n<meta property=\"article:modified_time\" content=\"2021-09-09T18:46:16+00:00\" \/>\n<meta property=\"og:image\" content=\"https:\/\/static.africa-press.net\/niger\/sites\/40\/2021\/09\/img-613a45a5aea2b.jpg\" \/>\n\t<meta property=\"og:image:width\" content=\"816\" \/>\n\t<meta property=\"og:image:height\" content=\"612\" \/>\n\t<meta property=\"og:image:type\" content=\"image\/jpeg\" \/>\n<meta name=\"author\" content=\"cfeditorfr\" \/>\n<meta name=\"twitter:card\" content=\"summary_large_image\" \/>\n<meta name=\"twitter:label1\" content=\"\u00c9crit par\" \/>\n\t<meta name=\"twitter:data1\" content=\"cfeditorfr\" \/>\n\t<meta name=\"twitter:label2\" content=\"Dur\u00e9e de lecture estim\u00e9e\" \/>\n\t<meta name=\"twitter:data2\" content=\"1 minute\" \/>\n<script type=\"application\/ld+json\" class=\"yoast-schema-graph\">{\"@context\":\"https:\/\/schema.org\",\"@graph\":[{\"@type\":\"Article\",\"@id\":\"https:\/\/www.africa-press.net\/niger\/politique\/entretien-entre-le-premier-ministre-du-niger-et-lambassadeur-du-nigeria-au-niger#article\",\"isPartOf\":{\"@id\":\"https:\/\/www.africa-press.net\/niger\/politique\/entretien-entre-le-premier-ministre-du-niger-et-lambassadeur-du-nigeria-au-niger\"},\"author\":{\"name\":\"cfeditorfr\",\"@id\":\"https:\/\/www.africa-press.net\/niger\/#\/schema\/person\/2b1cf3cd81a31e3cd26889ca66d677f1\"},\"headline\":\"Entretien entre le Premier Ministre du Niger et l\u2019Ambassadeur du Nigeria au Niger\",\"datePublished\":\"2021-09-09T18:14:43+00:00\",\"dateModified\":\"2021-09-09T18:46:16+00:00\",\"mainEntityOfPage\":{\"@id\":\"https:\/\/www.africa-press.net\/niger\/politique\/entretien-entre-le-premier-ministre-du-niger-et-lambassadeur-du-nigeria-au-niger\"},\"wordCount\":179,\"commentCount\":0,\"image\":{\"@id\":\"https:\/\/www.africa-press.net\/niger\/politique\/entretien-entre-le-premier-ministre-du-niger-et-lambassadeur-du-nigeria-au-niger#primaryimage\"},\"thumbnailUrl\":\"https:\/\/static.africa-press.net\/niger\/sites\/40\/2021\/09\/img-613a45a5aea2b.jpg\",\"keywords\":[\"Africa Press\",\"Africa Press-Niger\",\"Niger\"],\"articleSection\":[\"homepage-french\",\"Politique\",\"Toutes les actualit\u00e9s\"],\"inLanguage\":\"fr-FR\",\"potentialAction\":[{\"@type\":\"CommentAction\",\"name\":\"Comment\",\"target\":[\"https:\/\/www.africa-press.net\/niger\/politique\/entretien-entre-le-premier-ministre-du-niger-et-lambassadeur-du-nigeria-au-niger#respond\"]}]},{\"@type\":\"WebPage\",\"@id\":\"https:\/\/www.africa-press.net\/niger\/politique\/entretien-entre-le-premier-ministre-du-niger-et-lambassadeur-du-nigeria-au-niger\",\"url\":\"https:\/\/www.africa-press.net\/niger\/politique\/entretien-entre-le-premier-ministre-du-niger-et-lambassadeur-du-nigeria-au-niger\",\"name\":\"Entretien entre le Premier Ministre du Niger et l\u2019Ambassadeur du Nigeria au Niger - niger\",\"isPartOf\":{\"@id\":\"https:\/\/www.africa-press.net\/niger\/#website\"},\"primaryImageOfPage\":{\"@id\":\"https:\/\/www.africa-press.net\/niger\/politique\/entretien-entre-le-premier-ministre-du-niger-et-lambassadeur-du-nigeria-au-niger#primaryimage\"},\"image\":{\"@id\":\"https:\/\/www.africa-press.net\/niger\/politique\/entretien-entre-le-premier-ministre-du-niger-et-lambassadeur-du-nigeria-au-niger#primaryimage\"},\"thumbnailUrl\":\"https:\/\/static.africa-press.net\/niger\/sites\/40\/2021\/09\/img-613a45a5aea2b.jpg\",\"datePublished\":\"2021-09-09T18:14:43+00:00\",\"dateModified\":\"2021-09-09T18:46:16+00:00\",\"author\":{\"@id\":\"https:\/\/www.africa-press.net\/niger\/#\/schema\/person\/2b1cf3cd81a31e3cd26889ca66d677f1\"},\"description\":\", 08 Sept. (ANP) - Le Premier Ministre du Niger M. OUHOUMOUDOU Mahamadou s\u2019est entretenu, dans l\u2019apr\u00e8s-midi de ce mercre ...\",\"breadcrumb\":{\"@id\":\"https:\/\/www.africa-press.net\/niger\/politique\/entretien-entre-le-premier-ministre-du-niger-et-lambassadeur-du-nigeria-au-niger#breadcrumb\"},\"inLanguage\":\"fr-FR\",\"potentialAction\":[{\"@type\":\"ReadAction\",\"target\":[\"https:\/\/www.africa-press.net\/niger\/politique\/entretien-entre-le-premier-ministre-du-niger-et-lambassadeur-du-nigeria-au-niger\"]}]},{\"@type\":\"ImageObject\",\"inLanguage\":\"fr-FR\",\"@id\":\"https:\/\/www.africa-press.net\/niger\/politique\/entretien-entre-le-premier-ministre-du-niger-et-lambassadeur-du-nigeria-au-niger#primaryimage\",\"url\":\"https:\/\/static.africa-press.net\/niger\/sites\/40\/2021\/09\/img-613a45a5aea2b.jpg\",\"contentUrl\":\"https:\/\/static.africa-press.net\/niger\/sites\/40\/2021\/09\/img-613a45a5aea2b.jpg\",\"width\":816,\"height\":612,\"caption\":\"Entretien entre le Premier Ministre du Niger et l\u2019Ambassadeur du Nigeria au Niger\"},{\"@type\":\"BreadcrumbList\",\"@id\":\"https:\/\/www.africa-press.net\/niger\/politique\/entretien-entre-le-premier-ministre-du-niger-et-lambassadeur-du-nigeria-au-niger#breadcrumb\",\"itemListElement\":[{\"@type\":\"ListItem\",\"position\":1,\"name\":\"Accueil\",\"item\":\"https:\/\/www.africa-press.net\/niger\/\"},{\"@type\":\"ListItem\",\"position\":2,\"name\":\"Entretien entre le Premier Ministre du Niger et l\u2019Ambassadeur du Nigeria au Niger\"}]},{\"@type\":\"WebSite\",\"@id\":\"https:\/\/www.africa-press.net\/niger\/#website\",\"url\":\"https:\/\/www.africa-press.net\/niger\/\",\"name\":\"niger\",\"description\":\"Just another Africa News Agency Sites site\",\"potentialAction\":[{\"@type\":\"SearchAction\",\"target\":{\"@type\":\"EntryPoint\",\"urlTemplate\":\"https:\/\/www.africa-press.net\/niger\/?s={search_term_string}\"},\"query-input\":{\"@type\":\"PropertyValueSpecification\",\"valueRequired\":true,\"valueName\":\"search_term_string\"}}],\"inLanguage\":\"fr-FR\"},{\"@type\":\"Person\",\"@id\":\"https:\/\/www.africa-press.net\/niger\/#\/schema\/person\/2b1cf3cd81a31e3cd26889ca66d677f1\",\"name\":\"cfeditorfr\"}]}<\/script>\n<!-- \/ Yoast SEO Premium plugin. -->","yoast_head_json":{"title":"Entretien entre le Premier Ministre du Niger et l\u2019Ambassadeur du Nigeria au Niger - niger","description":", 08 Sept. (ANP) - Le Premier Ministre du Niger M. OUHOUMOUDOU Mahamadou s\u2019est entretenu, dans l\u2019apr\u00e8s-midi de ce mercre ...","robots":{"index":"index","follow":"follow","max-snippet":"max-snippet:-1","max-image-preview":"max-image-preview:large","max-video-preview":"max-video-preview:-1"},"canonical":"https:\/\/www.africa-press.net\/niger\/politique\/entretien-entre-le-premier-ministre-du-niger-et-lambassadeur-du-nigeria-au-niger","og_locale":"fr_FR","og_type":"article","og_title":"Entretien entre le Premier Ministre du Niger et l\u2019Ambassadeur du Nigeria au Niger","og_description":", 08 Sept. (ANP) - Le Premier Ministre du Niger M. OUHOUMOUDOU Mahamadou s\u2019est entretenu, dans l\u2019apr\u00e8s-midi de ce mercre ...","og_url":"https:\/\/www.africa-press.net\/niger\/politique\/entretien-entre-le-premier-ministre-du-niger-et-lambassadeur-du-nigeria-au-niger","og_site_name":"niger","article_published_time":"2021-09-09T18:14:43+00:00","article_modified_time":"2021-09-09T18:46:16+00:00","og_image":[{"width":816,"height":612,"url":"https:\/\/static.africa-press.net\/niger\/sites\/40\/2021\/09\/img-613a45a5aea2b.jpg","type":"image\/jpeg"}],"author":"cfeditorfr","twitter_card":"summary_large_image","twitter_misc":{"\u00c9crit par":"cfeditorfr","Dur\u00e9e de lecture estim\u00e9e":"1 minute"},"schema":{"@context":"https:\/\/schema.org","@graph":[{"@type":"Article","@id":"https:\/\/www.africa-press.net\/niger\/politique\/entretien-entre-le-premier-ministre-du-niger-et-lambassadeur-du-nigeria-au-niger#article","isPartOf":{"@id":"https:\/\/www.africa-press.net\/niger\/politique\/entretien-entre-le-premier-ministre-du-niger-et-lambassadeur-du-nigeria-au-niger"},"author":{"name":"cfeditorfr","@id":"https:\/\/www.africa-press.net\/niger\/#\/schema\/person\/2b1cf3cd81a31e3cd26889ca66d677f1"},"headline":"Entretien entre le Premier Ministre du Niger et l\u2019Ambassadeur du Nigeria au Niger","datePublished":"2021-09-09T18:14:43+00:00","dateModified":"2021-09-09T18:46:16+00:00","mainEntityOfPage":{"@id":"https:\/\/www.africa-press.net\/niger\/politique\/entretien-entre-le-premier-ministre-du-niger-et-lambassadeur-du-nigeria-au-niger"},"wordCount":179,"commentCount":0,"image":{"@id":"https:\/\/www.africa-press.net\/niger\/politique\/entretien-entre-le-premier-ministre-du-niger-et-lambassadeur-du-nigeria-au-niger#primaryimage"},"thumbnailUrl":"https:\/\/static.africa-press.net\/niger\/sites\/40\/2021\/09\/img-613a45a5aea2b.jpg","keywords":["Africa Press","Africa Press-Niger","Niger"],"articleSection":["homepage-french","Politique","Toutes les actualit\u00e9s"],"inLanguage":"fr-FR","potentialAction":[{"@type":"CommentAction","name":"Comment","target":["https:\/\/www.africa-press.net\/niger\/politique\/entretien-entre-le-premier-ministre-du-niger-et-lambassadeur-du-nigeria-au-niger#respond"]}]},{"@type":"WebPage","@id":"https:\/\/www.africa-press.net\/niger\/politique\/entretien-entre-le-premier-ministre-du-niger-et-lambassadeur-du-nigeria-au-niger","url":"https:\/\/www.africa-press.net\/niger\/politique\/entretien-entre-le-premier-ministre-du-niger-et-lambassadeur-du-nigeria-au-niger","name":"Entretien entre le Premier Ministre du Niger et l\u2019Ambassadeur du Nigeria au Niger - niger","isPartOf":{"@id":"https:\/\/www.africa-press.net\/niger\/#website"},"primaryImageOfPage":{"@id":"https:\/\/www.africa-press.net\/niger\/politique\/entretien-entre-le-premier-ministre-du-niger-et-lambassadeur-du-nigeria-au-niger#primaryimage"},"image":{"@id":"https:\/\/www.africa-press.net\/niger\/politique\/entretien-entre-le-premier-ministre-du-niger-et-lambassadeur-du-nigeria-au-niger#primaryimage"},"thumbnailUrl":"https:\/\/static.africa-press.net\/niger\/sites\/40\/2021\/09\/img-613a45a5aea2b.jpg","datePublished":"2021-09-09T18:14:43+00:00","dateModified":"2021-09-09T18:46:16+00:00","author":{"@id":"https:\/\/www.africa-press.net\/niger\/#\/schema\/person\/2b1cf3cd81a31e3cd26889ca66d677f1"},"description":", 08 Sept. (ANP) - Le Premier Ministre du Niger M. OUHOUMOUDOU Mahamadou s\u2019est entretenu, dans l\u2019apr\u00e8s-midi de ce mercre ...","breadcrumb":{"@id":"https:\/\/www.africa-press.net\/niger\/politique\/entretien-entre-le-premier-ministre-du-niger-et-lambassadeur-du-nigeria-au-niger#breadcrumb"},"inLanguage":"fr-FR","potentialAction":[{"@type":"ReadAction","target":["https:\/\/www.africa-press.net\/niger\/politique\/entretien-entre-le-premier-ministre-du-niger-et-lambassadeur-du-nigeria-au-niger"]}]},{"@type":"ImageObject","inLanguage":"fr-FR","@id":"https:\/\/www.africa-press.net\/niger\/politique\/entretien-entre-le-premier-ministre-du-niger-et-lambassadeur-du-nigeria-au-niger#primaryimage","url":"https:\/\/static.africa-press.net\/niger\/sites\/40\/2021\/09\/img-613a45a5aea2b.jpg","contentUrl":"https:\/\/static.africa-press.net\/niger\/sites\/40\/2021\/09\/img-613a45a5aea2b.jpg","width":816,"height":612,"caption":"Entretien entre le Premier Ministre du Niger et l\u2019Ambassadeur du Nigeria au Niger"},{"@type":"BreadcrumbList","@id":"https:\/\/www.africa-press.net\/niger\/politique\/entretien-entre-le-premier-ministre-du-niger-et-lambassadeur-du-nigeria-au-niger#breadcrumb","itemListElement":[{"@type":"ListItem","position":1,"name":"Accueil","item":"https:\/\/www.africa-press.net\/niger\/"},{"@type":"ListItem","position":2,"name":"Entretien entre le Premier Ministre du Niger et l\u2019Ambassadeur du Nigeria au Niger"}]},{"@type":"WebSite","@id":"https:\/\/www.africa-press.net\/niger\/#website","url":"https:\/\/www.africa-press.net\/niger\/","name":"niger","description":"Just another Africa News Agency Sites site","potentialAction":[{"@type":"SearchAction","target":{"@type":"EntryPoint","urlTemplate":"https:\/\/www.africa-press.net\/niger\/?s={search_term_string}"},"query-input":{"@type":"PropertyValueSpecification","valueRequired":true,"valueName":"search_term_string"}}],"inLanguage":"fr-FR"},{"@type":"Person","@id":"https:\/\/www.africa-press.net\/niger\/#\/schema\/person\/2b1cf3cd81a31e3cd26889ca66d677f1","name":"cfeditorfr"}]}},"_links":{"self":[{"href":"https:\/\/www.africa-press.net\/niger\/wp-json\/wp\/v2\/posts\/11443","targetHints":{"allow":["GET"]}}],"collection":[{"href":"https:\/\/www.africa-press.net\/niger\/wp-json\/wp\/v2\/posts"}],"about":[{"href":"https:\/\/www.africa-press.net\/niger\/wp-json\/wp\/v2\/types\/post"}],"author":[{"embeddable":true,"href":"https:\/\/www.africa-press.net\/niger\/wp-json\/wp\/v2\/users\/82"}],"replies":[{"embeddable":true,"href":"https:\/\/www.africa-press.net\/niger\/wp-json\/wp\/v2\/comments?post=11443"}],"version-history":[{"count":0,"href":"https:\/\/www.africa-press.net\/niger\/wp-json\/wp\/v2\/posts\/11443\/revisions"}],"wp:featuredmedia":[{"embeddable":true,"href":"https:\/\/www.africa-press.net\/niger\/wp-json\/wp\/v2\/media\/11442"}],"wp:attachment":[{"href":"https:\/\/www.africa-press.net\/niger\/wp-json\/wp\/v2\/media?parent=11443"}],"wp:term":[{"taxonomy":"category","embeddable":true,"href":"https:\/\/www.africa-press.net\/niger\/wp-json\/wp\/v2\/categories?post=11443"},{"taxonomy":"post_tag","embeddable":true,"href":"https:\/\/www.africa-press.net\/niger\/wp-json\/wp\/v2\/tags?post=11443"}],"curies":[{"name":"wp","href":"https:\/\/api.w.org\/{rel}","templated":true}]}}