{"id":11446,"date":"2021-09-09T18:21:38","date_gmt":"2021-09-09T18:21:38","guid":{"rendered":"https:\/\/www.africa-press.net\/niger\/?p=11446"},"modified":"2021-09-09T18:46:28","modified_gmt":"2021-09-09T18:46:28","slug":"5eme-conference-mondiale-des-presidents-des-parlements-a-vienne-en-autriche-le-president-de-lassemblee-nationale-du-niger-plaide-pour-le-multilateralisme-afin-de-vaincre-le-terrorisme","status":"publish","type":"post","link":"https:\/\/www.africa-press.net\/niger\/politique\/5eme-conference-mondiale-des-presidents-des-parlements-a-vienne-en-autriche-le-president-de-lassemblee-nationale-du-niger-plaide-pour-le-multilateralisme-afin-de-vaincre-le-terrorisme","title":{"rendered":"5\u00e8me Conf\u00e9rence mondiale des Pr\u00e9sidents des Parlements \u00e0 Vienne en Autriche : Le Pr\u00e9sident de l\u2019Assembl\u00e9e Nationale du Niger plaide pour le multilat\u00e9ralisme afin de vaincre le terrorisme"},"content":{"rendered":"<p><span style=\"color: #ff6600\"><strong><a href=\"https:\/\/www.africa-press.net\/\">Africa-Press<\/a> &#8211; <a href=\"https:\/\/www.africa-press.net\/niger\">Niger<\/a>. <\/strong><\/span>Le Pr\u00e9sident de l\u2019Assembl\u00e9e Nationale du Niger, SE Elhadji Se\u00efni Oumarou a particip\u00e9, du 07 au 08 septembre 2021 \u00e0 Vienne en Autriche, \u00e0 la 5\u00e8me Conf\u00e9rence mondiale des pr\u00e9sidents des Parlements.<\/p>\n<p>Dans une adresse \u00e0 la tribune de la Conf\u00e9rence, le Pr\u00e9sident du Parlement nig\u00e9rien a plaid\u00e9 pour une meilleure contribution du multilat\u00e9ralisme dans la lutte contre le terrorisme et la pand\u00e9mie de la Covid-19.<\/p>\n<p>L\u2019intervention du Pr\u00e9sident de l\u2019Assembl\u00e9e Nationale du Niger \u00e9tait ax\u00e9e autour du th\u00e8me : \u00ab\u00a0L\u2019ouverture, la transparence et l\u2019accessibilit\u00e9 des parlements face au d\u00e9fi s\u00e9curitaire : comment trouver l\u2019\u00e9quilibre ? \u00bb. Il s\u2019agissait pour le Pr\u00e9sident Se\u00efni Oumarou de poser la probl\u00e9matique des parlements face au terrorisme et \u00e0 la covid 19, notamment la n\u00e9cessit\u00e9 pour les parlements de ne pas se refermer sur eux-m\u00eames alors que les d\u00e9bats sont publics, l\u2019objectif est de trouver un \u00e9quilibre entre l\u2019accessibilit\u00e9 des Assembl\u00e9es nationales et les menaces qui p\u00e8sent sur les parlementaires.<\/p>\n<p>Abordant la question du terrorisme, le Pr\u00e9sident du parlement nig\u00e9rien a fait remarquer que ce fl\u00e9au, \u00ab au-del\u00e0 de ses cons\u00e9quences imm\u00e9diates, faites de deuils aussi r\u00e9guliers que r\u00e9voltants, de co\u00fbts financiers exorbitants, comporte le grave m\u00e9fait de d\u00e9structurer nos soci\u00e9t\u00e9s, nos \u00e9conomies et m\u00eame nos institutions \u00bb.<\/p>\n<p>D\u00e8s lors, a-t-il fait observer, \u00ab il est impossible d\u2019asseoir une vraie planification, de concevoir et de conduire \u00e0 leur terme les projets et programmes de modernisation sociale, tant que le terrorisme n\u2019est pas jugul\u00e9 \u00bb. Pour cela, a-t-il pr\u00e9conis\u00e9, il faut assurer une participation populaire active et responsable \u00e0 l&rsquo;enracinement du syst\u00e8me d\u00e9mocratique.<\/p>\n<p>Au Niger, \u00ab pour que le terrorisme ne gagne pas son combat contre nos libert\u00e9s et pour respecter l\u2019obligation de transparence qui incombe aux \u00e9lus, la solution pour notre Assembl\u00e9e nationale a \u00e9t\u00e9 le recours aux m\u00e9dias auxquels l&rsquo;acc\u00e8s \u00e0 l\u2019h\u00e9micycle est demeur\u00e9 et demeure toujours libre \u00bb, a-t-il inform\u00e9, pr\u00e9cisant qu\u2019en plus du recours de plus en plus fr\u00e9quent aux nouvelles technologies de l&rsquo;information et de la communication, \u00ab pour permettre aux citoyens de continuer \u00e0 suivre les activit\u00e9s parlementaires, une station de radio a \u00e9t\u00e9 cr\u00e9\u00e9e pour diffuser en direct tous les d\u00e9bats qui se font au sein du parlement \u00bb.<\/p>\n<p>Bien plus, a annonc\u00e9 le Pr\u00e9sident de l\u2019Assembl\u00e9e Nationale, \u00ab des moyens sont sp\u00e9cifiquement pr\u00e9vus au budget de l&rsquo;institution pour permettre \u00e0 l&rsquo;ensemble des d\u00e9put\u00e9s, organis\u00e9s en commission, de conduire, sur tout le territoire national, des missions de contact direct avec les citoyens de base, pour pallier aux difficult\u00e9s de communication cr\u00e9\u00e9s par le terrorisme, entre autres \u00bb.<\/p>\n<p>Selon lui, en effet, \u00ab pour trouver le bon \u00e9quilibre entre l&rsquo;obligation de transparence et d&rsquo;accessibilit\u00e9 du parlement et les imp\u00e9ratifs s\u00e9curitaires, il faut innover. C&rsquo;est ce que notre Assembl\u00e9e nationale s&rsquo;efforce de faire depuis que les forces du mal perturbent la qui\u00e9tude de nos pays \u00bb.<\/p>\n<p>Il a surtout insist\u00e9 sur le fait que \u00ab la solution v\u00e9ritable demeure la victoire totale sur ces forces \u00bb. A cet effet, le Pr\u00e9sident de l\u2019Assembl\u00e9e nationale du Niger demande une mutualisation des efforts et des moyens pour en venir \u00e0 bout. \u00ab Et comme elles agissent avec des ramifications dans le monde entier, donc plus que jamais, le multilat\u00e9ralisme doit \u00eatre mis \u00e0 contribution, notamment au Sahel o\u00f9 des pays, qui ont \u00e0 combattre maints et maints fl\u00e9aux li\u00e9s au retard de d\u00e9veloppement, sont contraints de d\u00e9tourner leurs modestes ressources pour lutter contre des ennemis invisibles \u00bb, a-t-il soutenu.<\/p>\n<p>M. Se\u00efni Oumarou a ensuite fait part \u00e0 ses coll\u00e8gues des mesures d\u2019urgences d\u00e9cid\u00e9es par le Gouvernement du Niger, aussi bien sur le plan s\u00e9curitaire que sanitaire, et qui doivent toujours \u00eatre soumises \u00e0 l\u2019approbation du parlement et \u00eatre r\u00e9guli\u00e8rement revues.<\/p>\n<p>Au plan mondial, il a soulign\u00e9 que la communaut\u00e9 internationale se doit de d\u00e9finir une gouvernance mondiale encore plus soucieuse de la sauvegarde de tous \u00ab \u00e0 l&rsquo;heure o\u00f9 l&rsquo;Humanit\u00e9 est assaillie par des d\u00e9fis inhabituels, j&rsquo;allais dire existentiels, comme le changement climatique ou l&rsquo;apparition de maladies inconnues et dangereuses \u00bb.<\/p>\n<p>Le Pr\u00e9sident de l\u2019Assembl\u00e9e Nationale, note-t-on, est accompagn\u00e9, dans ce d\u00e9placement, des d\u00e9put\u00e9s Daouda Mamadou Marth\u00e9, Karidio Mahamadou et Rakiatou Ali Beidi, du Directeur de Cabinet du Pr\u00e9sident de l\u2019Assembl\u00e9e Nationale, M. Moumouni Harouna Lamido, et du Secr\u00e9taire G\u00e9n\u00e9ral de l\u2019Assembl\u00e9e Nationale, M. Boubacar Tiemogo.<\/p>\n<p>&nbsp;<\/p>\n","protected":false},"excerpt":{"rendered":"<p>Africa-Press &#8211; Niger. Le Pr\u00e9sident de l\u2019Assembl\u00e9e Nationale du Niger, SE Elhadji Se\u00efni Oumarou a particip\u00e9, du 07 au 08 septembre 2021 \u00e0 Vienne en Autriche, \u00e0 la 5\u00e8me Conf\u00e9rence mondiale des pr\u00e9sidents des Parlements. Dans une adresse \u00e0 la tribune de la Conf\u00e9rence, le Pr\u00e9sident du Parlement nig\u00e9rien a plaid\u00e9 pour une meilleure contribution [&hellip;]<\/p>\n","protected":false},"author":82,"featured_media":11445,"comment_status":"open","ping_status":"closed","sticky":false,"template":"","format":"standard","meta":{"footnotes":""},"categories":[11,2,10],"tags":[55,60,29],"class_list":["post-11446","post","type-post","status-publish","format-standard","has-post-thumbnail","hentry","category-homepage-french","category-politique","category-toutes-les-actualites","tag-africa-press","tag-africa-press-niger","tag-niger"],"yoast_head":"<!-- This site is optimized with the Yoast SEO Premium plugin v26.1 (Yoast SEO v27.0) - https:\/\/yoast.com\/product\/yoast-seo-premium-wordpress\/ -->\n<title>5\u00e8me Conf\u00e9rence mondiale des Pr\u00e9sidents des Parlements \u00e0 Vienne en Autriche : Le Pr\u00e9sident de l\u2019Assembl\u00e9e Nationale du Niger plaide pour le multilat\u00e9ralisme afin de vaincre le terrorisme - niger<\/title>\n<meta name=\"description\" content=\", 09 Septembre (ANP) - Le Pr\u00e9sident de l\u2019Assembl\u00e9e Nationale du Niger, SE Elhadji Se\u00efni Oumarou a particip\u00e9, du 07 au 08 ...\" \/>\n<meta name=\"robots\" content=\"index, follow, max-snippet:-1, max-image-preview:large, max-video-preview:-1\" \/>\n<link rel=\"canonical\" href=\"https:\/\/www.africa-press.net\/niger\/politique\/5eme-conference-mondiale-des-presidents-des-parlements-a-vienne-en-autriche-le-president-de-lassemblee-nationale-du-niger-plaide-pour-le-multilateralisme-afin-de-vaincre-le-terrorisme\" \/>\n<meta property=\"og:locale\" content=\"fr_FR\" \/>\n<meta property=\"og:type\" content=\"article\" \/>\n<meta property=\"og:title\" content=\"5\u00e8me Conf\u00e9rence mondiale des Pr\u00e9sidents des Parlements \u00e0 Vienne en Autriche : Le Pr\u00e9sident de l\u2019Assembl\u00e9e Nationale du Niger plaide pour le multilat\u00e9ralisme afin de vaincre le terrorisme\" \/>\n<meta property=\"og:description\" content=\", 09 Septembre (ANP) - Le Pr\u00e9sident de l\u2019Assembl\u00e9e Nationale du Niger, SE Elhadji Se\u00efni Oumarou a particip\u00e9, du 07 au 08 ...\" \/>\n<meta property=\"og:url\" content=\"https:\/\/www.africa-press.net\/niger\/politique\/5eme-conference-mondiale-des-presidents-des-parlements-a-vienne-en-autriche-le-president-de-lassemblee-nationale-du-niger-plaide-pour-le-multilateralisme-afin-de-vaincre-le-terrorisme\" \/>\n<meta property=\"og:site_name\" content=\"niger\" \/>\n<meta property=\"article:published_time\" content=\"2021-09-09T18:21:38+00:00\" \/>\n<meta property=\"article:modified_time\" content=\"2021-09-09T18:46:28+00:00\" \/>\n<meta property=\"og:image\" content=\"https:\/\/static.africa-press.net\/niger\/sites\/40\/2021\/09\/img-613a45ce438c7.jpg\" \/>\n\t<meta property=\"og:image:width\" content=\"750\" \/>\n\t<meta property=\"og:image:height\" content=\"590\" \/>\n\t<meta property=\"og:image:type\" content=\"image\/jpeg\" \/>\n<meta name=\"author\" content=\"cfeditorfr\" \/>\n<meta name=\"twitter:card\" content=\"summary_large_image\" \/>\n<meta name=\"twitter:label1\" content=\"\u00c9crit par\" \/>\n\t<meta name=\"twitter:data1\" content=\"cfeditorfr\" \/>\n\t<meta name=\"twitter:label2\" content=\"Dur\u00e9e de lecture estim\u00e9e\" \/>\n\t<meta name=\"twitter:data2\" content=\"4 minutes\" \/>\n<script type=\"application\/ld+json\" class=\"yoast-schema-graph\">{\"@context\":\"https:\/\/schema.org\",\"@graph\":[{\"@type\":\"Article\",\"@id\":\"https:\/\/www.africa-press.net\/niger\/politique\/5eme-conference-mondiale-des-presidents-des-parlements-a-vienne-en-autriche-le-president-de-lassemblee-nationale-du-niger-plaide-pour-le-multilateralisme-afin-de-vaincre-le-terrorisme#article\",\"isPartOf\":{\"@id\":\"https:\/\/www.africa-press.net\/niger\/politique\/5eme-conference-mondiale-des-presidents-des-parlements-a-vienne-en-autriche-le-president-de-lassemblee-nationale-du-niger-plaide-pour-le-multilateralisme-afin-de-vaincre-le-terrorisme\"},\"author\":{\"name\":\"cfeditorfr\",\"@id\":\"https:\/\/www.africa-press.net\/niger\/#\/schema\/person\/2b1cf3cd81a31e3cd26889ca66d677f1\"},\"headline\":\"5\u00e8me Conf\u00e9rence mondiale des Pr\u00e9sidents des Parlements \u00e0 Vienne en Autriche : Le Pr\u00e9sident de l\u2019Assembl\u00e9e Nationale du Niger plaide pour le multilat\u00e9ralisme afin de vaincre le terrorisme\",\"datePublished\":\"2021-09-09T18:21:38+00:00\",\"dateModified\":\"2021-09-09T18:46:28+00:00\",\"mainEntityOfPage\":{\"@id\":\"https:\/\/www.africa-press.net\/niger\/politique\/5eme-conference-mondiale-des-presidents-des-parlements-a-vienne-en-autriche-le-president-de-lassemblee-nationale-du-niger-plaide-pour-le-multilateralisme-afin-de-vaincre-le-terrorisme\"},\"wordCount\":825,\"commentCount\":0,\"image\":{\"@id\":\"https:\/\/www.africa-press.net\/niger\/politique\/5eme-conference-mondiale-des-presidents-des-parlements-a-vienne-en-autriche-le-president-de-lassemblee-nationale-du-niger-plaide-pour-le-multilateralisme-afin-de-vaincre-le-terrorisme#primaryimage\"},\"thumbnailUrl\":\"https:\/\/static.africa-press.net\/niger\/sites\/40\/2021\/09\/img-613a45ce438c7.jpg\",\"keywords\":[\"Africa Press\",\"Africa Press-Niger\",\"Niger\"],\"articleSection\":[\"homepage-french\",\"Politique\",\"Toutes les actualit\u00e9s\"],\"inLanguage\":\"fr-FR\",\"potentialAction\":[{\"@type\":\"CommentAction\",\"name\":\"Comment\",\"target\":[\"https:\/\/www.africa-press.net\/niger\/politique\/5eme-conference-mondiale-des-presidents-des-parlements-a-vienne-en-autriche-le-president-de-lassemblee-nationale-du-niger-plaide-pour-le-multilateralisme-afin-de-vaincre-le-terrorisme#respond\"]}]},{\"@type\":\"WebPage\",\"@id\":\"https:\/\/www.africa-press.net\/niger\/politique\/5eme-conference-mondiale-des-presidents-des-parlements-a-vienne-en-autriche-le-president-de-lassemblee-nationale-du-niger-plaide-pour-le-multilateralisme-afin-de-vaincre-le-terrorisme\",\"url\":\"https:\/\/www.africa-press.net\/niger\/politique\/5eme-conference-mondiale-des-presidents-des-parlements-a-vienne-en-autriche-le-president-de-lassemblee-nationale-du-niger-plaide-pour-le-multilateralisme-afin-de-vaincre-le-terrorisme\",\"name\":\"5\u00e8me Conf\u00e9rence mondiale des Pr\u00e9sidents des Parlements \u00e0 Vienne en Autriche : Le Pr\u00e9sident de l\u2019Assembl\u00e9e Nationale du Niger plaide pour le multilat\u00e9ralisme afin de vaincre le terrorisme - niger\",\"isPartOf\":{\"@id\":\"https:\/\/www.africa-press.net\/niger\/#website\"},\"primaryImageOfPage\":{\"@id\":\"https:\/\/www.africa-press.net\/niger\/politique\/5eme-conference-mondiale-des-presidents-des-parlements-a-vienne-en-autriche-le-president-de-lassemblee-nationale-du-niger-plaide-pour-le-multilateralisme-afin-de-vaincre-le-terrorisme#primaryimage\"},\"image\":{\"@id\":\"https:\/\/www.africa-press.net\/niger\/politique\/5eme-conference-mondiale-des-presidents-des-parlements-a-vienne-en-autriche-le-president-de-lassemblee-nationale-du-niger-plaide-pour-le-multilateralisme-afin-de-vaincre-le-terrorisme#primaryimage\"},\"thumbnailUrl\":\"https:\/\/static.africa-press.net\/niger\/sites\/40\/2021\/09\/img-613a45ce438c7.jpg\",\"datePublished\":\"2021-09-09T18:21:38+00:00\",\"dateModified\":\"2021-09-09T18:46:28+00:00\",\"author\":{\"@id\":\"https:\/\/www.africa-press.net\/niger\/#\/schema\/person\/2b1cf3cd81a31e3cd26889ca66d677f1\"},\"description\":\", 09 Septembre (ANP) - Le Pr\u00e9sident de l\u2019Assembl\u00e9e Nationale du Niger, SE Elhadji Se\u00efni Oumarou a particip\u00e9, du 07 au 08 ...\",\"breadcrumb\":{\"@id\":\"https:\/\/www.africa-press.net\/niger\/politique\/5eme-conference-mondiale-des-presidents-des-parlements-a-vienne-en-autriche-le-president-de-lassemblee-nationale-du-niger-plaide-pour-le-multilateralisme-afin-de-vaincre-le-terrorisme#breadcrumb\"},\"inLanguage\":\"fr-FR\",\"potentialAction\":[{\"@type\":\"ReadAction\",\"target\":[\"https:\/\/www.africa-press.net\/niger\/politique\/5eme-conference-mondiale-des-presidents-des-parlements-a-vienne-en-autriche-le-president-de-lassemblee-nationale-du-niger-plaide-pour-le-multilateralisme-afin-de-vaincre-le-terrorisme\"]}]},{\"@type\":\"ImageObject\",\"inLanguage\":\"fr-FR\",\"@id\":\"https:\/\/www.africa-press.net\/niger\/politique\/5eme-conference-mondiale-des-presidents-des-parlements-a-vienne-en-autriche-le-president-de-lassemblee-nationale-du-niger-plaide-pour-le-multilateralisme-afin-de-vaincre-le-terrorisme#primaryimage\",\"url\":\"https:\/\/static.africa-press.net\/niger\/sites\/40\/2021\/09\/img-613a45ce438c7.jpg\",\"contentUrl\":\"https:\/\/static.africa-press.net\/niger\/sites\/40\/2021\/09\/img-613a45ce438c7.jpg\",\"width\":750,\"height\":590,\"caption\":\"5\u00e8me Conf\u00e9rence mondiale des Pr\u00e9sidents des Parlements \u00e0 Vienne en Autriche : Le Pr\u00e9sident de l\u2019Assembl\u00e9e Nationale du Niger plaide pour le multilat\u00e9ralisme afin de vaincre le terrorisme\"},{\"@type\":\"BreadcrumbList\",\"@id\":\"https:\/\/www.africa-press.net\/niger\/politique\/5eme-conference-mondiale-des-presidents-des-parlements-a-vienne-en-autriche-le-president-de-lassemblee-nationale-du-niger-plaide-pour-le-multilateralisme-afin-de-vaincre-le-terrorisme#breadcrumb\",\"itemListElement\":[{\"@type\":\"ListItem\",\"position\":1,\"name\":\"Accueil\",\"item\":\"https:\/\/www.africa-press.net\/niger\/\"},{\"@type\":\"ListItem\",\"position\":2,\"name\":\"5\u00e8me Conf\u00e9rence mondiale des Pr\u00e9sidents des Parlements \u00e0 Vienne en Autriche : Le Pr\u00e9sident de l\u2019Assembl\u00e9e Nationale du Niger plaide pour le multilat\u00e9ralisme afin de vaincre le terrorisme\"}]},{\"@type\":\"WebSite\",\"@id\":\"https:\/\/www.africa-press.net\/niger\/#website\",\"url\":\"https:\/\/www.africa-press.net\/niger\/\",\"name\":\"niger\",\"description\":\"Just another Africa News Agency Sites site\",\"potentialAction\":[{\"@type\":\"SearchAction\",\"target\":{\"@type\":\"EntryPoint\",\"urlTemplate\":\"https:\/\/www.africa-press.net\/niger\/?s={search_term_string}\"},\"query-input\":{\"@type\":\"PropertyValueSpecification\",\"valueRequired\":true,\"valueName\":\"search_term_string\"}}],\"inLanguage\":\"fr-FR\"},{\"@type\":\"Person\",\"@id\":\"https:\/\/www.africa-press.net\/niger\/#\/schema\/person\/2b1cf3cd81a31e3cd26889ca66d677f1\",\"name\":\"cfeditorfr\"}]}<\/script>\n<!-- \/ Yoast SEO Premium plugin. -->","yoast_head_json":{"title":"5\u00e8me Conf\u00e9rence mondiale des Pr\u00e9sidents des Parlements \u00e0 Vienne en Autriche : Le Pr\u00e9sident de l\u2019Assembl\u00e9e Nationale du Niger plaide pour le multilat\u00e9ralisme afin de vaincre le terrorisme - niger","description":", 09 Septembre (ANP) - Le Pr\u00e9sident de l\u2019Assembl\u00e9e Nationale du Niger, SE Elhadji Se\u00efni Oumarou a particip\u00e9, du 07 au 08 ...","robots":{"index":"index","follow":"follow","max-snippet":"max-snippet:-1","max-image-preview":"max-image-preview:large","max-video-preview":"max-video-preview:-1"},"canonical":"https:\/\/www.africa-press.net\/niger\/politique\/5eme-conference-mondiale-des-presidents-des-parlements-a-vienne-en-autriche-le-president-de-lassemblee-nationale-du-niger-plaide-pour-le-multilateralisme-afin-de-vaincre-le-terrorisme","og_locale":"fr_FR","og_type":"article","og_title":"5\u00e8me Conf\u00e9rence mondiale des Pr\u00e9sidents des Parlements \u00e0 Vienne en Autriche : Le Pr\u00e9sident de l\u2019Assembl\u00e9e Nationale du Niger plaide pour le multilat\u00e9ralisme afin de vaincre le terrorisme","og_description":", 09 Septembre (ANP) - Le Pr\u00e9sident de l\u2019Assembl\u00e9e Nationale du Niger, SE Elhadji Se\u00efni Oumarou a particip\u00e9, du 07 au 08 ...","og_url":"https:\/\/www.africa-press.net\/niger\/politique\/5eme-conference-mondiale-des-presidents-des-parlements-a-vienne-en-autriche-le-president-de-lassemblee-nationale-du-niger-plaide-pour-le-multilateralisme-afin-de-vaincre-le-terrorisme","og_site_name":"niger","article_published_time":"2021-09-09T18:21:38+00:00","article_modified_time":"2021-09-09T18:46:28+00:00","og_image":[{"width":750,"height":590,"url":"https:\/\/static.africa-press.net\/niger\/sites\/40\/2021\/09\/img-613a45ce438c7.jpg","type":"image\/jpeg"}],"author":"cfeditorfr","twitter_card":"summary_large_image","twitter_misc":{"\u00c9crit par":"cfeditorfr","Dur\u00e9e de lecture estim\u00e9e":"4 minutes"},"schema":{"@context":"https:\/\/schema.org","@graph":[{"@type":"Article","@id":"https:\/\/www.africa-press.net\/niger\/politique\/5eme-conference-mondiale-des-presidents-des-parlements-a-vienne-en-autriche-le-president-de-lassemblee-nationale-du-niger-plaide-pour-le-multilateralisme-afin-de-vaincre-le-terrorisme#article","isPartOf":{"@id":"https:\/\/www.africa-press.net\/niger\/politique\/5eme-conference-mondiale-des-presidents-des-parlements-a-vienne-en-autriche-le-president-de-lassemblee-nationale-du-niger-plaide-pour-le-multilateralisme-afin-de-vaincre-le-terrorisme"},"author":{"name":"cfeditorfr","@id":"https:\/\/www.africa-press.net\/niger\/#\/schema\/person\/2b1cf3cd81a31e3cd26889ca66d677f1"},"headline":"5\u00e8me Conf\u00e9rence mondiale des Pr\u00e9sidents des Parlements \u00e0 Vienne en Autriche : Le Pr\u00e9sident de l\u2019Assembl\u00e9e Nationale du Niger plaide pour le multilat\u00e9ralisme afin de vaincre le terrorisme","datePublished":"2021-09-09T18:21:38+00:00","dateModified":"2021-09-09T18:46:28+00:00","mainEntityOfPage":{"@id":"https:\/\/www.africa-press.net\/niger\/politique\/5eme-conference-mondiale-des-presidents-des-parlements-a-vienne-en-autriche-le-president-de-lassemblee-nationale-du-niger-plaide-pour-le-multilateralisme-afin-de-vaincre-le-terrorisme"},"wordCount":825,"commentCount":0,"image":{"@id":"https:\/\/www.africa-press.net\/niger\/politique\/5eme-conference-mondiale-des-presidents-des-parlements-a-vienne-en-autriche-le-president-de-lassemblee-nationale-du-niger-plaide-pour-le-multilateralisme-afin-de-vaincre-le-terrorisme#primaryimage"},"thumbnailUrl":"https:\/\/static.africa-press.net\/niger\/sites\/40\/2021\/09\/img-613a45ce438c7.jpg","keywords":["Africa Press","Africa Press-Niger","Niger"],"articleSection":["homepage-french","Politique","Toutes les actualit\u00e9s"],"inLanguage":"fr-FR","potentialAction":[{"@type":"CommentAction","name":"Comment","target":["https:\/\/www.africa-press.net\/niger\/politique\/5eme-conference-mondiale-des-presidents-des-parlements-a-vienne-en-autriche-le-president-de-lassemblee-nationale-du-niger-plaide-pour-le-multilateralisme-afin-de-vaincre-le-terrorisme#respond"]}]},{"@type":"WebPage","@id":"https:\/\/www.africa-press.net\/niger\/politique\/5eme-conference-mondiale-des-presidents-des-parlements-a-vienne-en-autriche-le-president-de-lassemblee-nationale-du-niger-plaide-pour-le-multilateralisme-afin-de-vaincre-le-terrorisme","url":"https:\/\/www.africa-press.net\/niger\/politique\/5eme-conference-mondiale-des-presidents-des-parlements-a-vienne-en-autriche-le-president-de-lassemblee-nationale-du-niger-plaide-pour-le-multilateralisme-afin-de-vaincre-le-terrorisme","name":"5\u00e8me Conf\u00e9rence mondiale des Pr\u00e9sidents des Parlements \u00e0 Vienne en Autriche : Le Pr\u00e9sident de l\u2019Assembl\u00e9e Nationale du Niger plaide pour le multilat\u00e9ralisme afin de vaincre le terrorisme - niger","isPartOf":{"@id":"https:\/\/www.africa-press.net\/niger\/#website"},"primaryImageOfPage":{"@id":"https:\/\/www.africa-press.net\/niger\/politique\/5eme-conference-mondiale-des-presidents-des-parlements-a-vienne-en-autriche-le-president-de-lassemblee-nationale-du-niger-plaide-pour-le-multilateralisme-afin-de-vaincre-le-terrorisme#primaryimage"},"image":{"@id":"https:\/\/www.africa-press.net\/niger\/politique\/5eme-conference-mondiale-des-presidents-des-parlements-a-vienne-en-autriche-le-president-de-lassemblee-nationale-du-niger-plaide-pour-le-multilateralisme-afin-de-vaincre-le-terrorisme#primaryimage"},"thumbnailUrl":"https:\/\/static.africa-press.net\/niger\/sites\/40\/2021\/09\/img-613a45ce438c7.jpg","datePublished":"2021-09-09T18:21:38+00:00","dateModified":"2021-09-09T18:46:28+00:00","author":{"@id":"https:\/\/www.africa-press.net\/niger\/#\/schema\/person\/2b1cf3cd81a31e3cd26889ca66d677f1"},"description":", 09 Septembre (ANP) - Le Pr\u00e9sident de l\u2019Assembl\u00e9e Nationale du Niger, SE Elhadji Se\u00efni Oumarou a particip\u00e9, du 07 au 08 ...","breadcrumb":{"@id":"https:\/\/www.africa-press.net\/niger\/politique\/5eme-conference-mondiale-des-presidents-des-parlements-a-vienne-en-autriche-le-president-de-lassemblee-nationale-du-niger-plaide-pour-le-multilateralisme-afin-de-vaincre-le-terrorisme#breadcrumb"},"inLanguage":"fr-FR","potentialAction":[{"@type":"ReadAction","target":["https:\/\/www.africa-press.net\/niger\/politique\/5eme-conference-mondiale-des-presidents-des-parlements-a-vienne-en-autriche-le-president-de-lassemblee-nationale-du-niger-plaide-pour-le-multilateralisme-afin-de-vaincre-le-terrorisme"]}]},{"@type":"ImageObject","inLanguage":"fr-FR","@id":"https:\/\/www.africa-press.net\/niger\/politique\/5eme-conference-mondiale-des-presidents-des-parlements-a-vienne-en-autriche-le-president-de-lassemblee-nationale-du-niger-plaide-pour-le-multilateralisme-afin-de-vaincre-le-terrorisme#primaryimage","url":"https:\/\/static.africa-press.net\/niger\/sites\/40\/2021\/09\/img-613a45ce438c7.jpg","contentUrl":"https:\/\/static.africa-press.net\/niger\/sites\/40\/2021\/09\/img-613a45ce438c7.jpg","width":750,"height":590,"caption":"5\u00e8me Conf\u00e9rence mondiale des Pr\u00e9sidents des Parlements \u00e0 Vienne en Autriche : Le Pr\u00e9sident de l\u2019Assembl\u00e9e Nationale du Niger plaide pour le multilat\u00e9ralisme afin de vaincre le terrorisme"},{"@type":"BreadcrumbList","@id":"https:\/\/www.africa-press.net\/niger\/politique\/5eme-conference-mondiale-des-presidents-des-parlements-a-vienne-en-autriche-le-president-de-lassemblee-nationale-du-niger-plaide-pour-le-multilateralisme-afin-de-vaincre-le-terrorisme#breadcrumb","itemListElement":[{"@type":"ListItem","position":1,"name":"Accueil","item":"https:\/\/www.africa-press.net\/niger\/"},{"@type":"ListItem","position":2,"name":"5\u00e8me Conf\u00e9rence mondiale des Pr\u00e9sidents des Parlements \u00e0 Vienne en Autriche : Le Pr\u00e9sident de l\u2019Assembl\u00e9e Nationale du Niger plaide pour le multilat\u00e9ralisme afin de vaincre le terrorisme"}]},{"@type":"WebSite","@id":"https:\/\/www.africa-press.net\/niger\/#website","url":"https:\/\/www.africa-press.net\/niger\/","name":"niger","description":"Just another Africa News Agency Sites site","potentialAction":[{"@type":"SearchAction","target":{"@type":"EntryPoint","urlTemplate":"https:\/\/www.africa-press.net\/niger\/?s={search_term_string}"},"query-input":{"@type":"PropertyValueSpecification","valueRequired":true,"valueName":"search_term_string"}}],"inLanguage":"fr-FR"},{"@type":"Person","@id":"https:\/\/www.africa-press.net\/niger\/#\/schema\/person\/2b1cf3cd81a31e3cd26889ca66d677f1","name":"cfeditorfr"}]}},"_links":{"self":[{"href":"https:\/\/www.africa-press.net\/niger\/wp-json\/wp\/v2\/posts\/11446","targetHints":{"allow":["GET"]}}],"collection":[{"href":"https:\/\/www.africa-press.net\/niger\/wp-json\/wp\/v2\/posts"}],"about":[{"href":"https:\/\/www.africa-press.net\/niger\/wp-json\/wp\/v2\/types\/post"}],"author":[{"embeddable":true,"href":"https:\/\/www.africa-press.net\/niger\/wp-json\/wp\/v2\/users\/82"}],"replies":[{"embeddable":true,"href":"https:\/\/www.africa-press.net\/niger\/wp-json\/wp\/v2\/comments?post=11446"}],"version-history":[{"count":0,"href":"https:\/\/www.africa-press.net\/niger\/wp-json\/wp\/v2\/posts\/11446\/revisions"}],"wp:featuredmedia":[{"embeddable":true,"href":"https:\/\/www.africa-press.net\/niger\/wp-json\/wp\/v2\/media\/11445"}],"wp:attachment":[{"href":"https:\/\/www.africa-press.net\/niger\/wp-json\/wp\/v2\/media?parent=11446"}],"wp:term":[{"taxonomy":"category","embeddable":true,"href":"https:\/\/www.africa-press.net\/niger\/wp-json\/wp\/v2\/categories?post=11446"},{"taxonomy":"post_tag","embeddable":true,"href":"https:\/\/www.africa-press.net\/niger\/wp-json\/wp\/v2\/tags?post=11446"}],"curies":[{"name":"wp","href":"https:\/\/api.w.org\/{rel}","templated":true}]}}