{"id":11449,"date":"2021-09-09T18:29:33","date_gmt":"2021-09-09T18:29:33","guid":{"rendered":"https:\/\/www.africa-press.net\/niger\/?p=11449"},"modified":"2021-09-09T18:46:33","modified_gmt":"2021-09-09T18:46:33","slug":"le-1er-vice-president-de-lassemblee-nationale-recoit-lambassadeur-de-france-au-niger","status":"publish","type":"post","link":"https:\/\/www.africa-press.net\/niger\/politique\/le-1er-vice-president-de-lassemblee-nationale-recoit-lambassadeur-de-france-au-niger","title":{"rendered":"Le 1er vice-pr\u00e9sident de l\u2019Assembl\u00e9e Nationale re\u00e7oit l\u2019Ambassadeur de France au Niger"},"content":{"rendered":"<p><span style=\"color: #ff6600\"><strong><a href=\"https:\/\/www.africa-press.net\/\">Africa-Press<\/a> &#8211; <a href=\"https:\/\/www.africa-press.net\/niger\">Niger<\/a>. <\/strong><\/span>Le 1er vice-pr\u00e9sident de l\u2019Assembl\u00e9e Nationale, Kalla Hankourao a re\u00e7u \u00e0 son cabinet, dans la matin\u00e9e de ce jeudi 09 Septembre 2021, l\u2019Ambassadeur de la France au Niger, Alexandre Garcia.<\/p>\n<p>A sa sortie d\u2019audience le diplomate Fran\u00e7ais s\u2019est dit \u2018\u2019 tr\u00e8s heureux d\u2019\u00eatre re\u00e7u par le 1er vice-pr\u00e9sident de l\u2019assembl\u00e9e nationale du Niger, Kalla Hankourao\u2019\u2019.<\/p>\n<p>\u2019\u2019Nous avons \u00e9chang\u00e9 sur la coop\u00e9ration nos deux Assembl\u00e9es Nationales, des \u00e9changes tr\u00e8s riches au cours desquels nous avons explor\u00e9 les moyens de renforcement de cette coop\u00e9ration, avec surtout la visite des d\u00e9put\u00e9s fran\u00e7ais au Niger et des d\u00e9put\u00e9s Nig\u00e9riens en France dans le cadre de l\u2019existence des Groupes d\u2019Amiti\u00e9 Niger-France\u2019\u2019 a soulign\u00e9 Alexandre Garcia.<\/p>\n<p>\u2018\u2019Nous avons aussi discut\u00e9 sur les grandes questions de coop\u00e9ration avec le Niger, \u00e0 savoir les questions \u00e9conomiques, d\u2019\u00e9ducation, de sant\u00e9 et sur la question s\u00e9curitaire qui dans les semaines \u00e0 venir fera l\u2019objet d\u2019\u00e9changes au niveau du parlement \u2018\u2019a-t-il, enfin, expliqu\u00e9.<\/p>\n<p>La France est un partenaire strat\u00e9gique du Niger en mati\u00e8re de coop\u00e9ration au d\u00e9veloppement, sur les questions de s\u00e9curit\u00e9, de s\u00e9curit\u00e9 alimentaire et de bien d\u2019autres domaines, rappelle-t-on.<\/p>\n","protected":false},"excerpt":{"rendered":"<p>Africa-Press &#8211; Niger. Le 1er vice-pr\u00e9sident de l\u2019Assembl\u00e9e Nationale, Kalla Hankourao a re\u00e7u \u00e0 son cabinet, dans la matin\u00e9e de ce jeudi 09 Septembre 2021, l\u2019Ambassadeur de la France au Niger, Alexandre Garcia. A sa sortie d\u2019audience le diplomate Fran\u00e7ais s\u2019est dit \u2018\u2019 tr\u00e8s heureux d\u2019\u00eatre re\u00e7u par le 1er vice-pr\u00e9sident de l\u2019assembl\u00e9e nationale du [&hellip;]<\/p>\n","protected":false},"author":82,"featured_media":11448,"comment_status":"open","ping_status":"closed","sticky":false,"template":"","format":"standard","meta":{"footnotes":""},"categories":[11,2,20,10],"tags":[55,60,29],"class_list":["post-11449","post","type-post","status-publish","format-standard","has-post-thumbnail","hentry","category-homepage-french","category-politique","category-top-nouvelles","category-toutes-les-actualites","tag-africa-press","tag-africa-press-niger","tag-niger"],"yoast_head":"<!-- This site is optimized with the Yoast SEO Premium plugin v26.1 (Yoast SEO v27.0) - https:\/\/yoast.com\/product\/yoast-seo-premium-wordpress\/ -->\n<title>Le 1er vice-pr\u00e9sident de l\u2019Assembl\u00e9e Nationale re\u00e7oit l\u2019Ambassadeur de France au Niger - niger<\/title>\n<meta name=\"description\" content=\"Le 1er vice-pr\u00e9sident de l\u2019Assembl\u00e9e Nationale, Kalla Hankourao a re\u00e7u \u00e0 son cabinet, dans la matin\u00e9e de ce jeudi 09 Sep ...\" \/>\n<meta name=\"robots\" content=\"index, follow, max-snippet:-1, max-image-preview:large, max-video-preview:-1\" \/>\n<link rel=\"canonical\" href=\"https:\/\/www.africa-press.net\/niger\/politique\/le-1er-vice-president-de-lassemblee-nationale-recoit-lambassadeur-de-france-au-niger\" \/>\n<meta property=\"og:locale\" content=\"fr_FR\" \/>\n<meta property=\"og:type\" content=\"article\" \/>\n<meta property=\"og:title\" content=\"Le 1er vice-pr\u00e9sident de l\u2019Assembl\u00e9e Nationale re\u00e7oit l\u2019Ambassadeur de France au Niger\" \/>\n<meta property=\"og:description\" content=\"Le 1er vice-pr\u00e9sident de l\u2019Assembl\u00e9e Nationale, Kalla Hankourao a re\u00e7u \u00e0 son cabinet, dans la matin\u00e9e de ce jeudi 09 Sep ...\" \/>\n<meta property=\"og:url\" content=\"https:\/\/www.africa-press.net\/niger\/politique\/le-1er-vice-president-de-lassemblee-nationale-recoit-lambassadeur-de-france-au-niger\" \/>\n<meta property=\"og:site_name\" content=\"niger\" \/>\n<meta property=\"article:published_time\" content=\"2021-09-09T18:29:33+00:00\" \/>\n<meta property=\"article:modified_time\" content=\"2021-09-09T18:46:33+00:00\" \/>\n<meta property=\"og:image\" content=\"https:\/\/static.africa-press.net\/niger\/sites\/40\/2021\/09\/img-613a460ed6080.jpg\" \/>\n\t<meta property=\"og:image:width\" content=\"1920\" \/>\n\t<meta property=\"og:image:height\" content=\"1280\" \/>\n\t<meta property=\"og:image:type\" content=\"image\/jpeg\" \/>\n<meta name=\"author\" content=\"cfeditorfr\" \/>\n<meta name=\"twitter:card\" content=\"summary_large_image\" \/>\n<meta name=\"twitter:label1\" content=\"\u00c9crit par\" \/>\n\t<meta name=\"twitter:data1\" content=\"cfeditorfr\" \/>\n\t<meta name=\"twitter:label2\" content=\"Dur\u00e9e de lecture estim\u00e9e\" \/>\n\t<meta name=\"twitter:data2\" content=\"1 minute\" \/>\n<script type=\"application\/ld+json\" class=\"yoast-schema-graph\">{\"@context\":\"https:\/\/schema.org\",\"@graph\":[{\"@type\":\"Article\",\"@id\":\"https:\/\/www.africa-press.net\/niger\/politique\/le-1er-vice-president-de-lassemblee-nationale-recoit-lambassadeur-de-france-au-niger#article\",\"isPartOf\":{\"@id\":\"https:\/\/www.africa-press.net\/niger\/politique\/le-1er-vice-president-de-lassemblee-nationale-recoit-lambassadeur-de-france-au-niger\"},\"author\":{\"name\":\"cfeditorfr\",\"@id\":\"https:\/\/www.africa-press.net\/niger\/#\/schema\/person\/2b1cf3cd81a31e3cd26889ca66d677f1\"},\"headline\":\"Le 1er vice-pr\u00e9sident de l\u2019Assembl\u00e9e Nationale re\u00e7oit l\u2019Ambassadeur de France au Niger\",\"datePublished\":\"2021-09-09T18:29:33+00:00\",\"dateModified\":\"2021-09-09T18:46:33+00:00\",\"mainEntityOfPage\":{\"@id\":\"https:\/\/www.africa-press.net\/niger\/politique\/le-1er-vice-president-de-lassemblee-nationale-recoit-lambassadeur-de-france-au-niger\"},\"wordCount\":233,\"commentCount\":0,\"image\":{\"@id\":\"https:\/\/www.africa-press.net\/niger\/politique\/le-1er-vice-president-de-lassemblee-nationale-recoit-lambassadeur-de-france-au-niger#primaryimage\"},\"thumbnailUrl\":\"https:\/\/static.africa-press.net\/niger\/sites\/40\/2021\/09\/img-613a460ed6080.jpg\",\"keywords\":[\"Africa Press\",\"Africa Press-Niger\",\"Niger\"],\"articleSection\":[\"homepage-french\",\"Politique\",\"Top Nouvelles\",\"Toutes les actualit\u00e9s\"],\"inLanguage\":\"fr-FR\",\"potentialAction\":[{\"@type\":\"CommentAction\",\"name\":\"Comment\",\"target\":[\"https:\/\/www.africa-press.net\/niger\/politique\/le-1er-vice-president-de-lassemblee-nationale-recoit-lambassadeur-de-france-au-niger#respond\"]}]},{\"@type\":\"WebPage\",\"@id\":\"https:\/\/www.africa-press.net\/niger\/politique\/le-1er-vice-president-de-lassemblee-nationale-recoit-lambassadeur-de-france-au-niger\",\"url\":\"https:\/\/www.africa-press.net\/niger\/politique\/le-1er-vice-president-de-lassemblee-nationale-recoit-lambassadeur-de-france-au-niger\",\"name\":\"Le 1er vice-pr\u00e9sident de l\u2019Assembl\u00e9e Nationale re\u00e7oit l\u2019Ambassadeur de France au Niger - niger\",\"isPartOf\":{\"@id\":\"https:\/\/www.africa-press.net\/niger\/#website\"},\"primaryImageOfPage\":{\"@id\":\"https:\/\/www.africa-press.net\/niger\/politique\/le-1er-vice-president-de-lassemblee-nationale-recoit-lambassadeur-de-france-au-niger#primaryimage\"},\"image\":{\"@id\":\"https:\/\/www.africa-press.net\/niger\/politique\/le-1er-vice-president-de-lassemblee-nationale-recoit-lambassadeur-de-france-au-niger#primaryimage\"},\"thumbnailUrl\":\"https:\/\/static.africa-press.net\/niger\/sites\/40\/2021\/09\/img-613a460ed6080.jpg\",\"datePublished\":\"2021-09-09T18:29:33+00:00\",\"dateModified\":\"2021-09-09T18:46:33+00:00\",\"author\":{\"@id\":\"https:\/\/www.africa-press.net\/niger\/#\/schema\/person\/2b1cf3cd81a31e3cd26889ca66d677f1\"},\"description\":\"Le 1er vice-pr\u00e9sident de l\u2019Assembl\u00e9e Nationale, Kalla Hankourao a re\u00e7u \u00e0 son cabinet, dans la matin\u00e9e de ce jeudi 09 Sep ...\",\"breadcrumb\":{\"@id\":\"https:\/\/www.africa-press.net\/niger\/politique\/le-1er-vice-president-de-lassemblee-nationale-recoit-lambassadeur-de-france-au-niger#breadcrumb\"},\"inLanguage\":\"fr-FR\",\"potentialAction\":[{\"@type\":\"ReadAction\",\"target\":[\"https:\/\/www.africa-press.net\/niger\/politique\/le-1er-vice-president-de-lassemblee-nationale-recoit-lambassadeur-de-france-au-niger\"]}]},{\"@type\":\"ImageObject\",\"inLanguage\":\"fr-FR\",\"@id\":\"https:\/\/www.africa-press.net\/niger\/politique\/le-1er-vice-president-de-lassemblee-nationale-recoit-lambassadeur-de-france-au-niger#primaryimage\",\"url\":\"https:\/\/static.africa-press.net\/niger\/sites\/40\/2021\/09\/img-613a460ed6080.jpg\",\"contentUrl\":\"https:\/\/static.africa-press.net\/niger\/sites\/40\/2021\/09\/img-613a460ed6080.jpg\",\"width\":1920,\"height\":1280,\"caption\":\"Le 1er vice-pr\u00e9sident de l\u2019Assembl\u00e9e Nationale re\u00e7oit l\u2019Ambassadeur de France au Niger\"},{\"@type\":\"BreadcrumbList\",\"@id\":\"https:\/\/www.africa-press.net\/niger\/politique\/le-1er-vice-president-de-lassemblee-nationale-recoit-lambassadeur-de-france-au-niger#breadcrumb\",\"itemListElement\":[{\"@type\":\"ListItem\",\"position\":1,\"name\":\"Accueil\",\"item\":\"https:\/\/www.africa-press.net\/niger\/\"},{\"@type\":\"ListItem\",\"position\":2,\"name\":\"Le 1er vice-pr\u00e9sident de l\u2019Assembl\u00e9e Nationale re\u00e7oit l\u2019Ambassadeur de France au Niger\"}]},{\"@type\":\"WebSite\",\"@id\":\"https:\/\/www.africa-press.net\/niger\/#website\",\"url\":\"https:\/\/www.africa-press.net\/niger\/\",\"name\":\"niger\",\"description\":\"Just another Africa News Agency Sites site\",\"potentialAction\":[{\"@type\":\"SearchAction\",\"target\":{\"@type\":\"EntryPoint\",\"urlTemplate\":\"https:\/\/www.africa-press.net\/niger\/?s={search_term_string}\"},\"query-input\":{\"@type\":\"PropertyValueSpecification\",\"valueRequired\":true,\"valueName\":\"search_term_string\"}}],\"inLanguage\":\"fr-FR\"},{\"@type\":\"Person\",\"@id\":\"https:\/\/www.africa-press.net\/niger\/#\/schema\/person\/2b1cf3cd81a31e3cd26889ca66d677f1\",\"name\":\"cfeditorfr\"}]}<\/script>\n<!-- \/ Yoast SEO Premium plugin. -->","yoast_head_json":{"title":"Le 1er vice-pr\u00e9sident de l\u2019Assembl\u00e9e Nationale re\u00e7oit l\u2019Ambassadeur de France au Niger - niger","description":"Le 1er vice-pr\u00e9sident de l\u2019Assembl\u00e9e Nationale, Kalla Hankourao a re\u00e7u \u00e0 son cabinet, dans la matin\u00e9e de ce jeudi 09 Sep ...","robots":{"index":"index","follow":"follow","max-snippet":"max-snippet:-1","max-image-preview":"max-image-preview:large","max-video-preview":"max-video-preview:-1"},"canonical":"https:\/\/www.africa-press.net\/niger\/politique\/le-1er-vice-president-de-lassemblee-nationale-recoit-lambassadeur-de-france-au-niger","og_locale":"fr_FR","og_type":"article","og_title":"Le 1er vice-pr\u00e9sident de l\u2019Assembl\u00e9e Nationale re\u00e7oit l\u2019Ambassadeur de France au Niger","og_description":"Le 1er vice-pr\u00e9sident de l\u2019Assembl\u00e9e Nationale, Kalla Hankourao a re\u00e7u \u00e0 son cabinet, dans la matin\u00e9e de ce jeudi 09 Sep ...","og_url":"https:\/\/www.africa-press.net\/niger\/politique\/le-1er-vice-president-de-lassemblee-nationale-recoit-lambassadeur-de-france-au-niger","og_site_name":"niger","article_published_time":"2021-09-09T18:29:33+00:00","article_modified_time":"2021-09-09T18:46:33+00:00","og_image":[{"width":1920,"height":1280,"url":"https:\/\/static.africa-press.net\/niger\/sites\/40\/2021\/09\/img-613a460ed6080.jpg","type":"image\/jpeg"}],"author":"cfeditorfr","twitter_card":"summary_large_image","twitter_misc":{"\u00c9crit par":"cfeditorfr","Dur\u00e9e de lecture estim\u00e9e":"1 minute"},"schema":{"@context":"https:\/\/schema.org","@graph":[{"@type":"Article","@id":"https:\/\/www.africa-press.net\/niger\/politique\/le-1er-vice-president-de-lassemblee-nationale-recoit-lambassadeur-de-france-au-niger#article","isPartOf":{"@id":"https:\/\/www.africa-press.net\/niger\/politique\/le-1er-vice-president-de-lassemblee-nationale-recoit-lambassadeur-de-france-au-niger"},"author":{"name":"cfeditorfr","@id":"https:\/\/www.africa-press.net\/niger\/#\/schema\/person\/2b1cf3cd81a31e3cd26889ca66d677f1"},"headline":"Le 1er vice-pr\u00e9sident de l\u2019Assembl\u00e9e Nationale re\u00e7oit l\u2019Ambassadeur de France au Niger","datePublished":"2021-09-09T18:29:33+00:00","dateModified":"2021-09-09T18:46:33+00:00","mainEntityOfPage":{"@id":"https:\/\/www.africa-press.net\/niger\/politique\/le-1er-vice-president-de-lassemblee-nationale-recoit-lambassadeur-de-france-au-niger"},"wordCount":233,"commentCount":0,"image":{"@id":"https:\/\/www.africa-press.net\/niger\/politique\/le-1er-vice-president-de-lassemblee-nationale-recoit-lambassadeur-de-france-au-niger#primaryimage"},"thumbnailUrl":"https:\/\/static.africa-press.net\/niger\/sites\/40\/2021\/09\/img-613a460ed6080.jpg","keywords":["Africa Press","Africa Press-Niger","Niger"],"articleSection":["homepage-french","Politique","Top Nouvelles","Toutes les actualit\u00e9s"],"inLanguage":"fr-FR","potentialAction":[{"@type":"CommentAction","name":"Comment","target":["https:\/\/www.africa-press.net\/niger\/politique\/le-1er-vice-president-de-lassemblee-nationale-recoit-lambassadeur-de-france-au-niger#respond"]}]},{"@type":"WebPage","@id":"https:\/\/www.africa-press.net\/niger\/politique\/le-1er-vice-president-de-lassemblee-nationale-recoit-lambassadeur-de-france-au-niger","url":"https:\/\/www.africa-press.net\/niger\/politique\/le-1er-vice-president-de-lassemblee-nationale-recoit-lambassadeur-de-france-au-niger","name":"Le 1er vice-pr\u00e9sident de l\u2019Assembl\u00e9e Nationale re\u00e7oit l\u2019Ambassadeur de France au Niger - niger","isPartOf":{"@id":"https:\/\/www.africa-press.net\/niger\/#website"},"primaryImageOfPage":{"@id":"https:\/\/www.africa-press.net\/niger\/politique\/le-1er-vice-president-de-lassemblee-nationale-recoit-lambassadeur-de-france-au-niger#primaryimage"},"image":{"@id":"https:\/\/www.africa-press.net\/niger\/politique\/le-1er-vice-president-de-lassemblee-nationale-recoit-lambassadeur-de-france-au-niger#primaryimage"},"thumbnailUrl":"https:\/\/static.africa-press.net\/niger\/sites\/40\/2021\/09\/img-613a460ed6080.jpg","datePublished":"2021-09-09T18:29:33+00:00","dateModified":"2021-09-09T18:46:33+00:00","author":{"@id":"https:\/\/www.africa-press.net\/niger\/#\/schema\/person\/2b1cf3cd81a31e3cd26889ca66d677f1"},"description":"Le 1er vice-pr\u00e9sident de l\u2019Assembl\u00e9e Nationale, Kalla Hankourao a re\u00e7u \u00e0 son cabinet, dans la matin\u00e9e de ce jeudi 09 Sep ...","breadcrumb":{"@id":"https:\/\/www.africa-press.net\/niger\/politique\/le-1er-vice-president-de-lassemblee-nationale-recoit-lambassadeur-de-france-au-niger#breadcrumb"},"inLanguage":"fr-FR","potentialAction":[{"@type":"ReadAction","target":["https:\/\/www.africa-press.net\/niger\/politique\/le-1er-vice-president-de-lassemblee-nationale-recoit-lambassadeur-de-france-au-niger"]}]},{"@type":"ImageObject","inLanguage":"fr-FR","@id":"https:\/\/www.africa-press.net\/niger\/politique\/le-1er-vice-president-de-lassemblee-nationale-recoit-lambassadeur-de-france-au-niger#primaryimage","url":"https:\/\/static.africa-press.net\/niger\/sites\/40\/2021\/09\/img-613a460ed6080.jpg","contentUrl":"https:\/\/static.africa-press.net\/niger\/sites\/40\/2021\/09\/img-613a460ed6080.jpg","width":1920,"height":1280,"caption":"Le 1er vice-pr\u00e9sident de l\u2019Assembl\u00e9e Nationale re\u00e7oit l\u2019Ambassadeur de France au Niger"},{"@type":"BreadcrumbList","@id":"https:\/\/www.africa-press.net\/niger\/politique\/le-1er-vice-president-de-lassemblee-nationale-recoit-lambassadeur-de-france-au-niger#breadcrumb","itemListElement":[{"@type":"ListItem","position":1,"name":"Accueil","item":"https:\/\/www.africa-press.net\/niger\/"},{"@type":"ListItem","position":2,"name":"Le 1er vice-pr\u00e9sident de l\u2019Assembl\u00e9e Nationale re\u00e7oit l\u2019Ambassadeur de France au Niger"}]},{"@type":"WebSite","@id":"https:\/\/www.africa-press.net\/niger\/#website","url":"https:\/\/www.africa-press.net\/niger\/","name":"niger","description":"Just another Africa News Agency Sites site","potentialAction":[{"@type":"SearchAction","target":{"@type":"EntryPoint","urlTemplate":"https:\/\/www.africa-press.net\/niger\/?s={search_term_string}"},"query-input":{"@type":"PropertyValueSpecification","valueRequired":true,"valueName":"search_term_string"}}],"inLanguage":"fr-FR"},{"@type":"Person","@id":"https:\/\/www.africa-press.net\/niger\/#\/schema\/person\/2b1cf3cd81a31e3cd26889ca66d677f1","name":"cfeditorfr"}]}},"_links":{"self":[{"href":"https:\/\/www.africa-press.net\/niger\/wp-json\/wp\/v2\/posts\/11449","targetHints":{"allow":["GET"]}}],"collection":[{"href":"https:\/\/www.africa-press.net\/niger\/wp-json\/wp\/v2\/posts"}],"about":[{"href":"https:\/\/www.africa-press.net\/niger\/wp-json\/wp\/v2\/types\/post"}],"author":[{"embeddable":true,"href":"https:\/\/www.africa-press.net\/niger\/wp-json\/wp\/v2\/users\/82"}],"replies":[{"embeddable":true,"href":"https:\/\/www.africa-press.net\/niger\/wp-json\/wp\/v2\/comments?post=11449"}],"version-history":[{"count":0,"href":"https:\/\/www.africa-press.net\/niger\/wp-json\/wp\/v2\/posts\/11449\/revisions"}],"wp:featuredmedia":[{"embeddable":true,"href":"https:\/\/www.africa-press.net\/niger\/wp-json\/wp\/v2\/media\/11448"}],"wp:attachment":[{"href":"https:\/\/www.africa-press.net\/niger\/wp-json\/wp\/v2\/media?parent=11449"}],"wp:term":[{"taxonomy":"category","embeddable":true,"href":"https:\/\/www.africa-press.net\/niger\/wp-json\/wp\/v2\/categories?post=11449"},{"taxonomy":"post_tag","embeddable":true,"href":"https:\/\/www.africa-press.net\/niger\/wp-json\/wp\/v2\/tags?post=11449"}],"curies":[{"name":"wp","href":"https:\/\/api.w.org\/{rel}","templated":true}]}}