{"id":11452,"date":"2021-09-09T18:36:15","date_gmt":"2021-09-09T18:36:15","guid":{"rendered":"https:\/\/www.africa-press.net\/niger\/?p=11452"},"modified":"2021-09-09T18:46:41","modified_gmt":"2021-09-09T18:46:41","slug":"sommet-sur-la-protection-de-leducation-contre-les-attaques-la-protection-de-leducation-est-une-condition-essentielle-pour-latteinte-des-objectifs-de-developpement-d","status":"publish","type":"post","link":"https:\/\/www.africa-press.net\/niger\/politique\/sommet-sur-la-protection-de-leducation-contre-les-attaques-la-protection-de-leducation-est-une-condition-essentielle-pour-latteinte-des-objectifs-de-developpement-d","title":{"rendered":"Sommet sur la protection de l\u2019\u00e9ducation contre les attaques\u00a0: \u00ab\u00a0La protection de l\u2019\u00e9ducation est une condition essentielle pour l\u2019atteinte des objectifs de d\u00e9veloppement durable\u00a0\u00bb (Mohamed Bazoum)"},"content":{"rendered":"<p><span style=\"color: #ff6600\"><strong><a href=\"https:\/\/www.africa-press.net\/\">Africa-Press<\/a> &#8211; <a href=\"https:\/\/www.africa-press.net\/niger\">Niger<\/a>.\u00a0 <\/strong><\/span>\u00a0Le Pr\u00e9sident de la R\u00e9publique, Chef de l\u2019Etat, Mohamed Bazoum a particip\u00e9, en d\u00e9but d\u2019apr\u00e8s-midi de ce jeudi 9 septembre 2021 par visioconf\u00e9rence, \u00e0 un sommet de haut niveau des Nations Unies organis\u00e9 \u00e0 l\u2019occasion de la journ\u00e9e internationale de la protection de l\u2019\u00e9ducation contre les attaques.<\/p>\n<p>Avec pour th\u00e8me \u00ab\u00a0Prot\u00e9ger l\u2019\u00e9ducation pour une paix durable\u00a0\u00bb, cette rencontre virtuelle a pour objectif de renforcer les m\u00e9canismes transparents, y compris sur le terrain, pour suivre, analyser et rendre compte publiquement des attaques contre l\u2019\u00e9ducation afin de formuler des recommandations pratiques pour pr\u00e9venir les attaques, renforcer le respect et la protection des \u00e9tablissements d\u2019enseignement, des \u00e9l\u00e8ves et des enseignants.<\/p>\n<p>Face aux participants \u00e0 la r\u00e9union, le Pr\u00e9sident Mohamed Bazoum a d\u2019abord fait remarquer que \u00ab cette question est d\u2019autant plus pr\u00e9occupante que dans les pays touch\u00e9s par la violence et l\u2019ins\u00e9curit\u00e9, pr\u00e9s de 75 millions d\u2019enfants ont vu leur \u00e9ducation perturb\u00e9e par les conflits et avec la pand\u00e9mie de la Covid-19, l\u2019\u00e9ducation a \u00e9t\u00e9 interrompue pour la quasi-totalit\u00e9 des enfants et jeunes du monde \u00bb.<\/p>\n<p>Face \u00e0 cette situation, a-t-il fait conna\u00eetre, \u00ab le Niger est r\u00e9solument d\u00e9termin\u00e9 \u00e0 renforcer la protection de l\u2019\u00e9ducation contre les attaques, notamment dans notre r\u00e9gion du Sahel o\u00f9 le nombre des \u00e9coles ferm\u00e9es du fait de la crise s\u00e9curitaire et des attaques contre les \u00e9coles perp\u00e9tr\u00e9es par les groupes terroristes a \u00e9t\u00e9 multipli\u00e9 par six depuis 2017, avec pr\u00e8s de cinq mille (5.000) \u00e9coles ferm\u00e9es, perturbant l\u2019\u00e9ducation de plus de sept cent mille (700.000) enfants et privant plus de vingt mille (20.000) enseignants de la possibilit\u00e9 d\u2019exercer leur m\u00e9tier \u00bb.<\/p>\n<p>Selon le Chef de l\u2019Etat nig\u00e9rien, \u00ab dans ces genres de conflits, les filles sont particuli\u00e8rement vuln\u00e9rables car elles ont deux fois moins de chances d\u2019\u00eatre scolaris\u00e9es que celles vivant dans les pays en paix et elles sont \u00e9galement plus expos\u00e9es aux risques de ne pas continuer leur \u00e9ducation avec la fermeture des \u00e9coles \u00bb.<\/p>\n<p>Le Pr\u00e9sident Mohamed Bazoum de faire savoir que \u00ab le Niger fait de la protection de l\u2019\u00e9ducation, notamment dans les zones touch\u00e9es par les conflits, une priorit\u00e9 de son mondat au Conseil de S\u00e9curit\u00e9 \u00bb, rappelant ainsi, que lors de la pr\u00e9sidence tournante du Conseil en septembre 2020, une d\u00e9claration pr\u00e9sidentielle sur la protection des \u00e9coles contre les attaques a \u00e9t\u00e9 adopt\u00e9e.<\/p>\n<p>Le Pr\u00e9sident nig\u00e9rien a \u00e9galement soulign\u00e9 que \u00ab renforcer le cadre normatif pour la protection de l\u2019\u00e9ducation facilitera la mise en place de politiques et de m\u00e9canismes de protection et de pr\u00e9vention plus efficaces \u00bb, pr\u00e9cisant que \u00ab c\u2019est pour cela que, conjointement avec la Norv\u00e8ge, nous \u0153uvrons pour l\u2019adoption d\u2019une r\u00e9solution du Conseil de S\u00e9curit\u00e9, la premi\u00e8re qui se focalisera principalement sur la protection de l\u2019\u00e9ducation dans les zones touch\u00e9es par les conflits, l\u2019ins\u00e9curit\u00e9 et les crises humanitaires \u00bb.<\/p>\n<p>\u00ab L\u2019\u00e9ducation est notre meilleure chance d\u2019asseoir les bases d\u2019une reprise post-pand\u00e9mique r\u00e9siliente et durable et tous les acteurs y compris le secteur priv\u00e9 ont un r\u00f4le dans le renforcement des m\u00e9canismes de financement p\u00e9renne, efficace et catalyseur \u00bb, a-t-il ajout\u00e9, insistant sur le fait que \u00ab la protection de l\u2019\u00e9ducation est une responsabilit\u00e9 collective que nous nous devrons d\u2019assumer et il s\u2019agit d\u2019une condition essentielle pour l\u2019atteinte des objectifs de d\u00e9veloppement durable, en particulier l\u2019objectif N\u00b04, mais \u00e9galement pour asseoir la paix et la s\u00e9curit\u00e9 auxquelles aspire la communaut\u00e9 internationale \u00bb.<\/p>\n<p>&nbsp;<\/p>\n","protected":false},"excerpt":{"rendered":"<p>Africa-Press &#8211; Niger.\u00a0 \u00a0Le Pr\u00e9sident de la R\u00e9publique, Chef de l\u2019Etat, Mohamed Bazoum a particip\u00e9, en d\u00e9but d\u2019apr\u00e8s-midi de ce jeudi 9 septembre 2021 par visioconf\u00e9rence, \u00e0 un sommet de haut niveau des Nations Unies organis\u00e9 \u00e0 l\u2019occasion de la journ\u00e9e internationale de la protection de l\u2019\u00e9ducation contre les attaques. Avec pour th\u00e8me \u00ab\u00a0Prot\u00e9ger l\u2019\u00e9ducation [&hellip;]<\/p>\n","protected":false},"author":82,"featured_media":11451,"comment_status":"open","ping_status":"closed","sticky":false,"template":"","format":"standard","meta":{"footnotes":""},"categories":[11,2,10],"tags":[55,60,29],"class_list":["post-11452","post","type-post","status-publish","format-standard","has-post-thumbnail","hentry","category-homepage-french","category-politique","category-toutes-les-actualites","tag-africa-press","tag-africa-press-niger","tag-niger"],"yoast_head":"<!-- This site is optimized with the Yoast SEO Premium plugin v26.1 (Yoast SEO v27.0) - https:\/\/yoast.com\/product\/yoast-seo-premium-wordpress\/ -->\n<title>Sommet sur la protection de l\u2019\u00e9ducation contre les attaques\u00a0: &quot;La protection de l\u2019\u00e9ducation est une condition essentielle pour l\u2019atteinte des objectifs de d\u00e9veloppement durable&quot; (Mohamed Bazoum) - niger<\/title>\n<meta name=\"description\" content=\", 9 septembre (ANP) - Le Pr\u00e9sident de la R\u00e9publique, Chef de l\u2019Etat, Mohamed Bazoum a particip\u00e9, en d\u00e9but d\u2019apr\u00e8s-midi d ...\" \/>\n<meta name=\"robots\" content=\"index, follow, max-snippet:-1, max-image-preview:large, max-video-preview:-1\" \/>\n<link rel=\"canonical\" href=\"https:\/\/www.africa-press.net\/niger\/politique\/sommet-sur-la-protection-de-leducation-contre-les-attaques-la-protection-de-leducation-est-une-condition-essentielle-pour-latteinte-des-objectifs-de-developpement-d\" \/>\n<meta property=\"og:locale\" content=\"fr_FR\" \/>\n<meta property=\"og:type\" content=\"article\" \/>\n<meta property=\"og:title\" content=\"Sommet sur la protection de l\u2019\u00e9ducation contre les attaques\u00a0: &quot;La protection de l\u2019\u00e9ducation est une condition essentielle pour l\u2019atteinte des objectifs de d\u00e9veloppement durable&quot; (Mohamed Bazoum)\" \/>\n<meta property=\"og:description\" content=\", 9 septembre (ANP) - Le Pr\u00e9sident de la R\u00e9publique, Chef de l\u2019Etat, Mohamed Bazoum a particip\u00e9, en d\u00e9but d\u2019apr\u00e8s-midi d ...\" \/>\n<meta property=\"og:url\" content=\"https:\/\/www.africa-press.net\/niger\/politique\/sommet-sur-la-protection-de-leducation-contre-les-attaques-la-protection-de-leducation-est-une-condition-essentielle-pour-latteinte-des-objectifs-de-developpement-d\" \/>\n<meta property=\"og:site_name\" content=\"niger\" \/>\n<meta property=\"article:published_time\" content=\"2021-09-09T18:36:15+00:00\" \/>\n<meta property=\"article:modified_time\" content=\"2021-09-09T18:46:41+00:00\" \/>\n<meta property=\"og:image\" content=\"https:\/\/static.africa-press.net\/niger\/sites\/40\/2021\/09\/img-613a463a6d389.jpg\" \/>\n\t<meta property=\"og:image:width\" content=\"960\" \/>\n\t<meta property=\"og:image:height\" content=\"640\" \/>\n\t<meta property=\"og:image:type\" content=\"image\/jpeg\" \/>\n<meta name=\"author\" content=\"cfeditorfr\" \/>\n<meta name=\"twitter:card\" content=\"summary_large_image\" \/>\n<meta name=\"twitter:label1\" content=\"\u00c9crit par\" \/>\n\t<meta name=\"twitter:data1\" content=\"cfeditorfr\" \/>\n\t<meta name=\"twitter:label2\" content=\"Dur\u00e9e de lecture estim\u00e9e\" \/>\n\t<meta name=\"twitter:data2\" content=\"3 minutes\" \/>\n<script type=\"application\/ld+json\" class=\"yoast-schema-graph\">{\"@context\":\"https:\/\/schema.org\",\"@graph\":[{\"@type\":\"Article\",\"@id\":\"https:\/\/www.africa-press.net\/niger\/politique\/sommet-sur-la-protection-de-leducation-contre-les-attaques-la-protection-de-leducation-est-une-condition-essentielle-pour-latteinte-des-objectifs-de-developpement-d#article\",\"isPartOf\":{\"@id\":\"https:\/\/www.africa-press.net\/niger\/politique\/sommet-sur-la-protection-de-leducation-contre-les-attaques-la-protection-de-leducation-est-une-condition-essentielle-pour-latteinte-des-objectifs-de-developpement-d\"},\"author\":{\"name\":\"cfeditorfr\",\"@id\":\"https:\/\/www.africa-press.net\/niger\/#\/schema\/person\/2b1cf3cd81a31e3cd26889ca66d677f1\"},\"headline\":\"Sommet sur la protection de l\u2019\u00e9ducation contre les attaques\u00a0: \u00ab\u00a0La protection de l\u2019\u00e9ducation est une condition essentielle pour l\u2019atteinte des objectifs de d\u00e9veloppement durable\u00a0\u00bb (Mohamed Bazoum)\",\"datePublished\":\"2021-09-09T18:36:15+00:00\",\"dateModified\":\"2021-09-09T18:46:41+00:00\",\"mainEntityOfPage\":{\"@id\":\"https:\/\/www.africa-press.net\/niger\/politique\/sommet-sur-la-protection-de-leducation-contre-les-attaques-la-protection-de-leducation-est-une-condition-essentielle-pour-latteinte-des-objectifs-de-developpement-d\"},\"wordCount\":651,\"commentCount\":0,\"image\":{\"@id\":\"https:\/\/www.africa-press.net\/niger\/politique\/sommet-sur-la-protection-de-leducation-contre-les-attaques-la-protection-de-leducation-est-une-condition-essentielle-pour-latteinte-des-objectifs-de-developpement-d#primaryimage\"},\"thumbnailUrl\":\"https:\/\/static.africa-press.net\/niger\/sites\/40\/2021\/09\/img-613a463a6d389.jpg\",\"keywords\":[\"Africa Press\",\"Africa Press-Niger\",\"Niger\"],\"articleSection\":[\"homepage-french\",\"Politique\",\"Toutes les actualit\u00e9s\"],\"inLanguage\":\"fr-FR\",\"potentialAction\":[{\"@type\":\"CommentAction\",\"name\":\"Comment\",\"target\":[\"https:\/\/www.africa-press.net\/niger\/politique\/sommet-sur-la-protection-de-leducation-contre-les-attaques-la-protection-de-leducation-est-une-condition-essentielle-pour-latteinte-des-objectifs-de-developpement-d#respond\"]}]},{\"@type\":\"WebPage\",\"@id\":\"https:\/\/www.africa-press.net\/niger\/politique\/sommet-sur-la-protection-de-leducation-contre-les-attaques-la-protection-de-leducation-est-une-condition-essentielle-pour-latteinte-des-objectifs-de-developpement-d\",\"url\":\"https:\/\/www.africa-press.net\/niger\/politique\/sommet-sur-la-protection-de-leducation-contre-les-attaques-la-protection-de-leducation-est-une-condition-essentielle-pour-latteinte-des-objectifs-de-developpement-d\",\"name\":\"Sommet sur la protection de l\u2019\u00e9ducation contre les attaques\u00a0: \\\"La protection de l\u2019\u00e9ducation est une condition essentielle pour l\u2019atteinte des objectifs de d\u00e9veloppement durable\\\" (Mohamed Bazoum) - niger\",\"isPartOf\":{\"@id\":\"https:\/\/www.africa-press.net\/niger\/#website\"},\"primaryImageOfPage\":{\"@id\":\"https:\/\/www.africa-press.net\/niger\/politique\/sommet-sur-la-protection-de-leducation-contre-les-attaques-la-protection-de-leducation-est-une-condition-essentielle-pour-latteinte-des-objectifs-de-developpement-d#primaryimage\"},\"image\":{\"@id\":\"https:\/\/www.africa-press.net\/niger\/politique\/sommet-sur-la-protection-de-leducation-contre-les-attaques-la-protection-de-leducation-est-une-condition-essentielle-pour-latteinte-des-objectifs-de-developpement-d#primaryimage\"},\"thumbnailUrl\":\"https:\/\/static.africa-press.net\/niger\/sites\/40\/2021\/09\/img-613a463a6d389.jpg\",\"datePublished\":\"2021-09-09T18:36:15+00:00\",\"dateModified\":\"2021-09-09T18:46:41+00:00\",\"author\":{\"@id\":\"https:\/\/www.africa-press.net\/niger\/#\/schema\/person\/2b1cf3cd81a31e3cd26889ca66d677f1\"},\"description\":\", 9 septembre (ANP) - Le Pr\u00e9sident de la R\u00e9publique, Chef de l\u2019Etat, Mohamed Bazoum a particip\u00e9, en d\u00e9but d\u2019apr\u00e8s-midi d ...\",\"breadcrumb\":{\"@id\":\"https:\/\/www.africa-press.net\/niger\/politique\/sommet-sur-la-protection-de-leducation-contre-les-attaques-la-protection-de-leducation-est-une-condition-essentielle-pour-latteinte-des-objectifs-de-developpement-d#breadcrumb\"},\"inLanguage\":\"fr-FR\",\"potentialAction\":[{\"@type\":\"ReadAction\",\"target\":[\"https:\/\/www.africa-press.net\/niger\/politique\/sommet-sur-la-protection-de-leducation-contre-les-attaques-la-protection-de-leducation-est-une-condition-essentielle-pour-latteinte-des-objectifs-de-developpement-d\"]}]},{\"@type\":\"ImageObject\",\"inLanguage\":\"fr-FR\",\"@id\":\"https:\/\/www.africa-press.net\/niger\/politique\/sommet-sur-la-protection-de-leducation-contre-les-attaques-la-protection-de-leducation-est-une-condition-essentielle-pour-latteinte-des-objectifs-de-developpement-d#primaryimage\",\"url\":\"https:\/\/static.africa-press.net\/niger\/sites\/40\/2021\/09\/img-613a463a6d389.jpg\",\"contentUrl\":\"https:\/\/static.africa-press.net\/niger\/sites\/40\/2021\/09\/img-613a463a6d389.jpg\",\"width\":960,\"height\":640,\"caption\":\"Sommet sur la protection de l\u2019\u00e9ducation contre les attaques\u00a0: \\\"La protection de l\u2019\u00e9ducation est une condition essentielle pour l\u2019atteinte des objectifs de d\u00e9veloppement durable\\\" (Mohamed Bazoum)\"},{\"@type\":\"BreadcrumbList\",\"@id\":\"https:\/\/www.africa-press.net\/niger\/politique\/sommet-sur-la-protection-de-leducation-contre-les-attaques-la-protection-de-leducation-est-une-condition-essentielle-pour-latteinte-des-objectifs-de-developpement-d#breadcrumb\",\"itemListElement\":[{\"@type\":\"ListItem\",\"position\":1,\"name\":\"Accueil\",\"item\":\"https:\/\/www.africa-press.net\/niger\/\"},{\"@type\":\"ListItem\",\"position\":2,\"name\":\"Sommet sur la protection de l\u2019\u00e9ducation contre les attaques\u00a0: &#8220;La protection de l\u2019\u00e9ducation est une condition essentielle pour l\u2019atteinte des objectifs de d\u00e9veloppement durable&#8221; (Mohamed Bazoum)\"}]},{\"@type\":\"WebSite\",\"@id\":\"https:\/\/www.africa-press.net\/niger\/#website\",\"url\":\"https:\/\/www.africa-press.net\/niger\/\",\"name\":\"niger\",\"description\":\"Just another Africa News Agency Sites site\",\"potentialAction\":[{\"@type\":\"SearchAction\",\"target\":{\"@type\":\"EntryPoint\",\"urlTemplate\":\"https:\/\/www.africa-press.net\/niger\/?s={search_term_string}\"},\"query-input\":{\"@type\":\"PropertyValueSpecification\",\"valueRequired\":true,\"valueName\":\"search_term_string\"}}],\"inLanguage\":\"fr-FR\"},{\"@type\":\"Person\",\"@id\":\"https:\/\/www.africa-press.net\/niger\/#\/schema\/person\/2b1cf3cd81a31e3cd26889ca66d677f1\",\"name\":\"cfeditorfr\"}]}<\/script>\n<!-- \/ Yoast SEO Premium plugin. -->","yoast_head_json":{"title":"Sommet sur la protection de l\u2019\u00e9ducation contre les attaques\u00a0: \"La protection de l\u2019\u00e9ducation est une condition essentielle pour l\u2019atteinte des objectifs de d\u00e9veloppement durable\" (Mohamed Bazoum) - niger","description":", 9 septembre (ANP) - Le Pr\u00e9sident de la R\u00e9publique, Chef de l\u2019Etat, Mohamed Bazoum a particip\u00e9, en d\u00e9but d\u2019apr\u00e8s-midi d ...","robots":{"index":"index","follow":"follow","max-snippet":"max-snippet:-1","max-image-preview":"max-image-preview:large","max-video-preview":"max-video-preview:-1"},"canonical":"https:\/\/www.africa-press.net\/niger\/politique\/sommet-sur-la-protection-de-leducation-contre-les-attaques-la-protection-de-leducation-est-une-condition-essentielle-pour-latteinte-des-objectifs-de-developpement-d","og_locale":"fr_FR","og_type":"article","og_title":"Sommet sur la protection de l\u2019\u00e9ducation contre les attaques\u00a0: \"La protection de l\u2019\u00e9ducation est une condition essentielle pour l\u2019atteinte des objectifs de d\u00e9veloppement durable\" (Mohamed Bazoum)","og_description":", 9 septembre (ANP) - Le Pr\u00e9sident de la R\u00e9publique, Chef de l\u2019Etat, Mohamed Bazoum a particip\u00e9, en d\u00e9but d\u2019apr\u00e8s-midi d ...","og_url":"https:\/\/www.africa-press.net\/niger\/politique\/sommet-sur-la-protection-de-leducation-contre-les-attaques-la-protection-de-leducation-est-une-condition-essentielle-pour-latteinte-des-objectifs-de-developpement-d","og_site_name":"niger","article_published_time":"2021-09-09T18:36:15+00:00","article_modified_time":"2021-09-09T18:46:41+00:00","og_image":[{"width":960,"height":640,"url":"https:\/\/static.africa-press.net\/niger\/sites\/40\/2021\/09\/img-613a463a6d389.jpg","type":"image\/jpeg"}],"author":"cfeditorfr","twitter_card":"summary_large_image","twitter_misc":{"\u00c9crit par":"cfeditorfr","Dur\u00e9e de lecture estim\u00e9e":"3 minutes"},"schema":{"@context":"https:\/\/schema.org","@graph":[{"@type":"Article","@id":"https:\/\/www.africa-press.net\/niger\/politique\/sommet-sur-la-protection-de-leducation-contre-les-attaques-la-protection-de-leducation-est-une-condition-essentielle-pour-latteinte-des-objectifs-de-developpement-d#article","isPartOf":{"@id":"https:\/\/www.africa-press.net\/niger\/politique\/sommet-sur-la-protection-de-leducation-contre-les-attaques-la-protection-de-leducation-est-une-condition-essentielle-pour-latteinte-des-objectifs-de-developpement-d"},"author":{"name":"cfeditorfr","@id":"https:\/\/www.africa-press.net\/niger\/#\/schema\/person\/2b1cf3cd81a31e3cd26889ca66d677f1"},"headline":"Sommet sur la protection de l\u2019\u00e9ducation contre les attaques\u00a0: \u00ab\u00a0La protection de l\u2019\u00e9ducation est une condition essentielle pour l\u2019atteinte des objectifs de d\u00e9veloppement durable\u00a0\u00bb (Mohamed Bazoum)","datePublished":"2021-09-09T18:36:15+00:00","dateModified":"2021-09-09T18:46:41+00:00","mainEntityOfPage":{"@id":"https:\/\/www.africa-press.net\/niger\/politique\/sommet-sur-la-protection-de-leducation-contre-les-attaques-la-protection-de-leducation-est-une-condition-essentielle-pour-latteinte-des-objectifs-de-developpement-d"},"wordCount":651,"commentCount":0,"image":{"@id":"https:\/\/www.africa-press.net\/niger\/politique\/sommet-sur-la-protection-de-leducation-contre-les-attaques-la-protection-de-leducation-est-une-condition-essentielle-pour-latteinte-des-objectifs-de-developpement-d#primaryimage"},"thumbnailUrl":"https:\/\/static.africa-press.net\/niger\/sites\/40\/2021\/09\/img-613a463a6d389.jpg","keywords":["Africa Press","Africa Press-Niger","Niger"],"articleSection":["homepage-french","Politique","Toutes les actualit\u00e9s"],"inLanguage":"fr-FR","potentialAction":[{"@type":"CommentAction","name":"Comment","target":["https:\/\/www.africa-press.net\/niger\/politique\/sommet-sur-la-protection-de-leducation-contre-les-attaques-la-protection-de-leducation-est-une-condition-essentielle-pour-latteinte-des-objectifs-de-developpement-d#respond"]}]},{"@type":"WebPage","@id":"https:\/\/www.africa-press.net\/niger\/politique\/sommet-sur-la-protection-de-leducation-contre-les-attaques-la-protection-de-leducation-est-une-condition-essentielle-pour-latteinte-des-objectifs-de-developpement-d","url":"https:\/\/www.africa-press.net\/niger\/politique\/sommet-sur-la-protection-de-leducation-contre-les-attaques-la-protection-de-leducation-est-une-condition-essentielle-pour-latteinte-des-objectifs-de-developpement-d","name":"Sommet sur la protection de l\u2019\u00e9ducation contre les attaques\u00a0: \"La protection de l\u2019\u00e9ducation est une condition essentielle pour l\u2019atteinte des objectifs de d\u00e9veloppement durable\" (Mohamed Bazoum) - niger","isPartOf":{"@id":"https:\/\/www.africa-press.net\/niger\/#website"},"primaryImageOfPage":{"@id":"https:\/\/www.africa-press.net\/niger\/politique\/sommet-sur-la-protection-de-leducation-contre-les-attaques-la-protection-de-leducation-est-une-condition-essentielle-pour-latteinte-des-objectifs-de-developpement-d#primaryimage"},"image":{"@id":"https:\/\/www.africa-press.net\/niger\/politique\/sommet-sur-la-protection-de-leducation-contre-les-attaques-la-protection-de-leducation-est-une-condition-essentielle-pour-latteinte-des-objectifs-de-developpement-d#primaryimage"},"thumbnailUrl":"https:\/\/static.africa-press.net\/niger\/sites\/40\/2021\/09\/img-613a463a6d389.jpg","datePublished":"2021-09-09T18:36:15+00:00","dateModified":"2021-09-09T18:46:41+00:00","author":{"@id":"https:\/\/www.africa-press.net\/niger\/#\/schema\/person\/2b1cf3cd81a31e3cd26889ca66d677f1"},"description":", 9 septembre (ANP) - Le Pr\u00e9sident de la R\u00e9publique, Chef de l\u2019Etat, Mohamed Bazoum a particip\u00e9, en d\u00e9but d\u2019apr\u00e8s-midi d ...","breadcrumb":{"@id":"https:\/\/www.africa-press.net\/niger\/politique\/sommet-sur-la-protection-de-leducation-contre-les-attaques-la-protection-de-leducation-est-une-condition-essentielle-pour-latteinte-des-objectifs-de-developpement-d#breadcrumb"},"inLanguage":"fr-FR","potentialAction":[{"@type":"ReadAction","target":["https:\/\/www.africa-press.net\/niger\/politique\/sommet-sur-la-protection-de-leducation-contre-les-attaques-la-protection-de-leducation-est-une-condition-essentielle-pour-latteinte-des-objectifs-de-developpement-d"]}]},{"@type":"ImageObject","inLanguage":"fr-FR","@id":"https:\/\/www.africa-press.net\/niger\/politique\/sommet-sur-la-protection-de-leducation-contre-les-attaques-la-protection-de-leducation-est-une-condition-essentielle-pour-latteinte-des-objectifs-de-developpement-d#primaryimage","url":"https:\/\/static.africa-press.net\/niger\/sites\/40\/2021\/09\/img-613a463a6d389.jpg","contentUrl":"https:\/\/static.africa-press.net\/niger\/sites\/40\/2021\/09\/img-613a463a6d389.jpg","width":960,"height":640,"caption":"Sommet sur la protection de l\u2019\u00e9ducation contre les attaques\u00a0: \"La protection de l\u2019\u00e9ducation est une condition essentielle pour l\u2019atteinte des objectifs de d\u00e9veloppement durable\" (Mohamed Bazoum)"},{"@type":"BreadcrumbList","@id":"https:\/\/www.africa-press.net\/niger\/politique\/sommet-sur-la-protection-de-leducation-contre-les-attaques-la-protection-de-leducation-est-une-condition-essentielle-pour-latteinte-des-objectifs-de-developpement-d#breadcrumb","itemListElement":[{"@type":"ListItem","position":1,"name":"Accueil","item":"https:\/\/www.africa-press.net\/niger\/"},{"@type":"ListItem","position":2,"name":"Sommet sur la protection de l\u2019\u00e9ducation contre les attaques\u00a0: &#8220;La protection de l\u2019\u00e9ducation est une condition essentielle pour l\u2019atteinte des objectifs de d\u00e9veloppement durable&#8221; (Mohamed Bazoum)"}]},{"@type":"WebSite","@id":"https:\/\/www.africa-press.net\/niger\/#website","url":"https:\/\/www.africa-press.net\/niger\/","name":"niger","description":"Just another Africa News Agency Sites site","potentialAction":[{"@type":"SearchAction","target":{"@type":"EntryPoint","urlTemplate":"https:\/\/www.africa-press.net\/niger\/?s={search_term_string}"},"query-input":{"@type":"PropertyValueSpecification","valueRequired":true,"valueName":"search_term_string"}}],"inLanguage":"fr-FR"},{"@type":"Person","@id":"https:\/\/www.africa-press.net\/niger\/#\/schema\/person\/2b1cf3cd81a31e3cd26889ca66d677f1","name":"cfeditorfr"}]}},"_links":{"self":[{"href":"https:\/\/www.africa-press.net\/niger\/wp-json\/wp\/v2\/posts\/11452","targetHints":{"allow":["GET"]}}],"collection":[{"href":"https:\/\/www.africa-press.net\/niger\/wp-json\/wp\/v2\/posts"}],"about":[{"href":"https:\/\/www.africa-press.net\/niger\/wp-json\/wp\/v2\/types\/post"}],"author":[{"embeddable":true,"href":"https:\/\/www.africa-press.net\/niger\/wp-json\/wp\/v2\/users\/82"}],"replies":[{"embeddable":true,"href":"https:\/\/www.africa-press.net\/niger\/wp-json\/wp\/v2\/comments?post=11452"}],"version-history":[{"count":0,"href":"https:\/\/www.africa-press.net\/niger\/wp-json\/wp\/v2\/posts\/11452\/revisions"}],"wp:featuredmedia":[{"embeddable":true,"href":"https:\/\/www.africa-press.net\/niger\/wp-json\/wp\/v2\/media\/11451"}],"wp:attachment":[{"href":"https:\/\/www.africa-press.net\/niger\/wp-json\/wp\/v2\/media?parent=11452"}],"wp:term":[{"taxonomy":"category","embeddable":true,"href":"https:\/\/www.africa-press.net\/niger\/wp-json\/wp\/v2\/categories?post=11452"},{"taxonomy":"post_tag","embeddable":true,"href":"https:\/\/www.africa-press.net\/niger\/wp-json\/wp\/v2\/tags?post=11452"}],"curies":[{"name":"wp","href":"https:\/\/api.w.org\/{rel}","templated":true}]}}