{"id":11461,"date":"2021-09-09T18:57:03","date_gmt":"2021-09-09T18:57:03","guid":{"rendered":"https:\/\/www.africa-press.net\/niger\/?p=11461"},"modified":"2021-09-09T18:47:00","modified_gmt":"2021-09-09T18:47:00","slug":"fin-de-la-visite-de-travail-du-ministre-de-la-sante-publique-dans-la-region-de-maradi-dr-idi-illiassou-mainassara-repart-satisfait-du-constat-sur-le-terrain","status":"publish","type":"post","link":"https:\/\/www.africa-press.net\/niger\/politique\/fin-de-la-visite-de-travail-du-ministre-de-la-sante-publique-dans-la-region-de-maradi-dr-idi-illiassou-mainassara-repart-satisfait-du-constat-sur-le-terrain","title":{"rendered":"Fin de la visite de travail du ministre de la Sant\u00e9 Publique dans la r\u00e9gion de Maradi : Dr Idi Illiassou Mainassara repart satisfait du constat sur le terrain"},"content":{"rendered":"<p><span style=\"color: #ff6600\"><strong><a href=\"https:\/\/www.africa-press.net\/\">Africa-Press<\/a> &#8211; <a href=\"https:\/\/www.africa-press.net\/niger\">Niger<\/a>. <\/strong><\/span>Le ministre de la Sant\u00e9 Publique, de la Population et des Affaires sociales, Dr Illiassou Idi Mainassara, a achev\u00e9 le mardi dernier 7 septembre sa visite de travail de deux jours dans la r\u00e9gion de Maradi. Durant cette mission le ministre a proc\u00e9d\u00e9 \u00e0 la r\u00e9ception de trois (3) centres de sant\u00e9 int\u00e9gr\u00e9 construits par le HCR sur financement de l\u2019Italie dans le village de Dan Dajin Makaou, Garin Kaka et Chadakori. Cette mission avait aussi pour objectif de faire le point de la mise en \u0153uvre des activit\u00e9s sur le terrain, de faire le suivi de la supervision par rapport \u00e0 la situation \u00e9pid\u00e9miologique, mais aussi par rapport au syst\u00e8me de sant\u00e9 en g\u00e9n\u00e9ral dans la r\u00e9gion.<\/p>\n<p>A l\u2019issue de cette mission, le Secr\u00e9taire g\u00e9n\u00e9ral du minist\u00e8re de la Sant\u00e9 Publique, de la Population et des Affaires sociales, Dr Ranaou Abach\u00e9 a donn\u00e9 la synth\u00e8se qui en d\u00e9coule. Concernant les ouvrages, il a indiqu\u00e9 que le ministre a \u00e9t\u00e9 \u00e9merveill\u00e9 par la qualit\u00e9 du travail, le suivi par le HCR et a f\u00e9licit\u00e9 l\u2019entreprise qui a effectu\u00e9 les travaux. \u00abLe ministre a lanc\u00e9 un appel aux populations et au personnel de sant\u00e9 pour faire de ces structures, leur propri\u00e9t\u00e9\u00bb, a-t-il dit.<\/p>\n<p>La mission minist\u00e9rielle a visit\u00e9 le centre de traitement de chol\u00e9ra de Tibiri o\u00f9 le ministre a appr\u00e9ci\u00e9 la qualit\u00e9 de la prise en charge des malades et surtout la forte implication des collectivit\u00e9s dans la gestion du chol\u00e9ra. Il a appr\u00e9ci\u00e9 l\u2019engagement et le dynamisme du personnel. A la Mission catholique de Tibiri, le Ministre de la Sant\u00e9 Publique, de la Population et des Affaires sociales a parrain\u00e9 la remise officielle d\u2019un don de l\u2019OMS \u00e0 cette institution. La direction r\u00e9gionale de la Sant\u00e9 Publique a aussi re\u00e7u un important lot de produits de l\u2019OMS devant contribuer \u00e0 la lutte contre le chol\u00e9ra, mais aussi du mat\u00e9riel pour le renforcement du syst\u00e8me de sant\u00e9.<\/p>\n<p>Le Secr\u00e9taire g\u00e9n\u00e9ral du Minist\u00e8re de la Sant\u00e9 publique a indiqu\u00e9 que Dr Illiassou Idi Mainassara a \u00e9galement visit\u00e9 le centre de traitement de chol\u00e9ra de Dan Issa o\u00f9 il a exprim\u00e9 sa satisfaction, vu la qualit\u00e9 du travail abattu, la bonne prise en charge des patients et l\u2019implication des autorit\u00e9s locales. En gros, le ministre est tr\u00e8s satisfait de la prise en charge des cas de chol\u00e9ra dans la r\u00e9gion de Maradi o\u00f9 les autorit\u00e9s administratives et coutumi\u00e8res, le personnel de sant\u00e9 et les partenaires se sont impliqu\u00e9s pour enrayer ce mal. Le ministre a \u00e9t\u00e9 \u00e9merveill\u00e9 par la qualit\u00e9 des services, la propret\u00e9 de l\u2019h\u00f4pital de r\u00e9f\u00e9rence de Maradi. Tous les services sont fonctionnels et bien entretenus.<\/p>\n<p>Du point de vue des ressources humaines, des efforts sont en train d\u2019\u00eatre faits avec le d\u00e9ploiement du personnel, toujours est-il que d\u2019autres efforts doivent \u00eatre d\u00e9ploy\u00e9s pour son renforcement au niveau de l\u2019h\u00f4pital de r\u00e9f\u00e9rence de Maradi.<\/p>\n<p>Le ministre de la Sant\u00e9 Publique, de la Population et des Affaires sociales, Dr Illiassou Idi Mainassara a donn\u00e9 des instructions qui vont aux collectivit\u00e9s, en termes de mobilisation du personnel auxiliaire, \u00e0 l\u2019endroit du personnel de sant\u00e9 pour qu\u2019il y ait plus de coh\u00e9sion dans le travail en \u00e9quipe afin de faire en sorte que l\u2019objectif de cette mission soit partag\u00e9. Les patrons des institutions telles que l\u2019OMS, l\u2019UNICEF, l\u2019UNHCR ont pris tour \u00e0 tour la parole, qui pour attirer l\u2019attention sur le renforcement de la surveillance de la COVID19 sur le terrain, bien que Maradi soit \u2018\u2019oubli\u00e9\u2019\u2019 par cette maladie, qui pour appr\u00e9cier positivement les services.<\/p>\n<p>Le ministre de la Sant\u00e9 Publique, de la Population et des Affaires sociales a ensuite \u00e9chang\u00e9 avec l\u2019ensemble des acteurs intervenant dans le domaine de la sant\u00e9, de la population et des affaires sociales. Au cours de cette rencontre le ministre a fait part des constats sur la probl\u00e9matique de l\u2019offre de soins dans les structures sanitaires publiques afin de trouver des solutions aux diff\u00e9rents probl\u00e8mes constat\u00e9s lors des diff\u00e9rentes inspections qui ont \u00e9t\u00e9 instruites. Il a indiqu\u00e9 que certains probl\u00e8mes sont d\u2019ordre g\u00e9n\u00e9ral, d\u2019autres sont sp\u00e9cifiques \u00e0 certaines structures. Dans un langage franc, le ministre de la Sant\u00e9 publique a \u00e9voqu\u00e9 plusieurs probl\u00e8mes, dans le but d\u2019am\u00e9liorer les services.<\/p>\n<p>De l\u2019accueil et les relations humaines, aux retards sans motifs, en passant par l\u2019insuffisance dans l\u2019organisation du travail, Dr Idi Illiassou Mainassara a attir\u00e9 l\u2019attention des agents de sant\u00e9 pour qu\u2019ils se ressaisissent. Il a fustig\u00e9 le disfonctionnement des structures p\u00e9riph\u00e9riques qui cr\u00e9e un engorgement au niveau des structures de r\u00e9f\u00e9rence.<\/p>\n<p>Le gouverneur de la r\u00e9gion de Maradi a pour sa part remerci\u00e9 les partenaires qui interviennent dans la r\u00e9gion pour les diff\u00e9rents dons fait \u00e0 l\u2019endroits des populations et bien d\u2019autres interventions.<\/p>\n<p><b>\u00a0<\/b><\/p>\n","protected":false},"excerpt":{"rendered":"<p>Africa-Press &#8211; Niger. Le ministre de la Sant\u00e9 Publique, de la Population et des Affaires sociales, Dr Illiassou Idi Mainassara, a achev\u00e9 le mardi dernier 7 septembre sa visite de travail de deux jours dans la r\u00e9gion de Maradi. Durant cette mission le ministre a proc\u00e9d\u00e9 \u00e0 la r\u00e9ception de trois (3) centres de sant\u00e9 [&hellip;]<\/p>\n","protected":false},"author":82,"featured_media":11460,"comment_status":"open","ping_status":"closed","sticky":false,"template":"","format":"standard","meta":{"footnotes":""},"categories":[11,2,10],"tags":[55,60,29],"class_list":["post-11461","post","type-post","status-publish","format-standard","has-post-thumbnail","hentry","category-homepage-french","category-politique","category-toutes-les-actualites","tag-africa-press","tag-africa-press-niger","tag-niger"],"yoast_head":"<!-- This site is optimized with the Yoast SEO Premium plugin v26.1 (Yoast SEO v27.0) - https:\/\/yoast.com\/product\/yoast-seo-premium-wordpress\/ -->\n<title>Fin de la visite de travail du ministre de la Sant\u00e9 Publique dans la r\u00e9gion de Maradi : Dr Idi Illiassou Mainassara repart satisfait du constat sur le terrain - niger<\/title>\n<meta name=\"description\" content=\"\ufeffLe ministre de la Sant\u00e9 Publique, de la Population et des Affaires sociales, Dr Illiassou Idi Mainassara, a achev\u00e9 le m ...\" \/>\n<meta name=\"robots\" content=\"index, follow, max-snippet:-1, max-image-preview:large, max-video-preview:-1\" \/>\n<link rel=\"canonical\" href=\"https:\/\/www.africa-press.net\/niger\/politique\/fin-de-la-visite-de-travail-du-ministre-de-la-sante-publique-dans-la-region-de-maradi-dr-idi-illiassou-mainassara-repart-satisfait-du-constat-sur-le-terrain\" \/>\n<meta property=\"og:locale\" content=\"fr_FR\" \/>\n<meta property=\"og:type\" content=\"article\" \/>\n<meta property=\"og:title\" content=\"Fin de la visite de travail du ministre de la Sant\u00e9 Publique dans la r\u00e9gion de Maradi : Dr Idi Illiassou Mainassara repart satisfait du constat sur le terrain\" \/>\n<meta property=\"og:description\" content=\"\ufeffLe ministre de la Sant\u00e9 Publique, de la Population et des Affaires sociales, Dr Illiassou Idi Mainassara, a achev\u00e9 le m ...\" \/>\n<meta property=\"og:url\" content=\"https:\/\/www.africa-press.net\/niger\/politique\/fin-de-la-visite-de-travail-du-ministre-de-la-sante-publique-dans-la-region-de-maradi-dr-idi-illiassou-mainassara-repart-satisfait-du-constat-sur-le-terrain\" \/>\n<meta property=\"og:site_name\" content=\"niger\" \/>\n<meta property=\"article:published_time\" content=\"2021-09-09T18:57:03+00:00\" \/>\n<meta property=\"og:image\" content=\"https:\/\/static.africa-press.net\/niger\/sites\/40\/2021\/09\/img-613a46acc3ab7.jpg\" \/>\n\t<meta property=\"og:image:width\" content=\"720\" \/>\n\t<meta property=\"og:image:height\" content=\"432\" \/>\n\t<meta property=\"og:image:type\" content=\"image\/jpeg\" \/>\n<meta name=\"author\" content=\"cfeditorfr\" \/>\n<meta name=\"twitter:card\" content=\"summary_large_image\" \/>\n<meta name=\"twitter:label1\" content=\"\u00c9crit par\" \/>\n\t<meta name=\"twitter:data1\" content=\"cfeditorfr\" \/>\n\t<meta name=\"twitter:label2\" content=\"Dur\u00e9e de lecture estim\u00e9e\" \/>\n\t<meta name=\"twitter:data2\" content=\"4 minutes\" \/>\n<script type=\"application\/ld+json\" class=\"yoast-schema-graph\">{\"@context\":\"https:\/\/schema.org\",\"@graph\":[{\"@type\":\"Article\",\"@id\":\"https:\/\/www.africa-press.net\/niger\/politique\/fin-de-la-visite-de-travail-du-ministre-de-la-sante-publique-dans-la-region-de-maradi-dr-idi-illiassou-mainassara-repart-satisfait-du-constat-sur-le-terrain#article\",\"isPartOf\":{\"@id\":\"https:\/\/www.africa-press.net\/niger\/politique\/fin-de-la-visite-de-travail-du-ministre-de-la-sante-publique-dans-la-region-de-maradi-dr-idi-illiassou-mainassara-repart-satisfait-du-constat-sur-le-terrain\"},\"author\":{\"name\":\"cfeditorfr\",\"@id\":\"https:\/\/www.africa-press.net\/niger\/#\/schema\/person\/2b1cf3cd81a31e3cd26889ca66d677f1\"},\"headline\":\"Fin de la visite de travail du ministre de la Sant\u00e9 Publique dans la r\u00e9gion de Maradi : Dr Idi Illiassou Mainassara repart satisfait du constat sur le terrain\",\"datePublished\":\"2021-09-09T18:57:03+00:00\",\"mainEntityOfPage\":{\"@id\":\"https:\/\/www.africa-press.net\/niger\/politique\/fin-de-la-visite-de-travail-du-ministre-de-la-sante-publique-dans-la-region-de-maradi-dr-idi-illiassou-mainassara-repart-satisfait-du-constat-sur-le-terrain\"},\"wordCount\":900,\"commentCount\":0,\"image\":{\"@id\":\"https:\/\/www.africa-press.net\/niger\/politique\/fin-de-la-visite-de-travail-du-ministre-de-la-sante-publique-dans-la-region-de-maradi-dr-idi-illiassou-mainassara-repart-satisfait-du-constat-sur-le-terrain#primaryimage\"},\"thumbnailUrl\":\"https:\/\/static.africa-press.net\/niger\/sites\/40\/2021\/09\/img-613a46acc3ab7.jpg\",\"keywords\":[\"Africa Press\",\"Africa Press-Niger\",\"Niger\"],\"articleSection\":[\"homepage-french\",\"Politique\",\"Toutes les actualit\u00e9s\"],\"inLanguage\":\"fr-FR\",\"potentialAction\":[{\"@type\":\"CommentAction\",\"name\":\"Comment\",\"target\":[\"https:\/\/www.africa-press.net\/niger\/politique\/fin-de-la-visite-de-travail-du-ministre-de-la-sante-publique-dans-la-region-de-maradi-dr-idi-illiassou-mainassara-repart-satisfait-du-constat-sur-le-terrain#respond\"]}]},{\"@type\":\"WebPage\",\"@id\":\"https:\/\/www.africa-press.net\/niger\/politique\/fin-de-la-visite-de-travail-du-ministre-de-la-sante-publique-dans-la-region-de-maradi-dr-idi-illiassou-mainassara-repart-satisfait-du-constat-sur-le-terrain\",\"url\":\"https:\/\/www.africa-press.net\/niger\/politique\/fin-de-la-visite-de-travail-du-ministre-de-la-sante-publique-dans-la-region-de-maradi-dr-idi-illiassou-mainassara-repart-satisfait-du-constat-sur-le-terrain\",\"name\":\"Fin de la visite de travail du ministre de la Sant\u00e9 Publique dans la r\u00e9gion de Maradi : Dr Idi Illiassou Mainassara repart satisfait du constat sur le terrain - niger\",\"isPartOf\":{\"@id\":\"https:\/\/www.africa-press.net\/niger\/#website\"},\"primaryImageOfPage\":{\"@id\":\"https:\/\/www.africa-press.net\/niger\/politique\/fin-de-la-visite-de-travail-du-ministre-de-la-sante-publique-dans-la-region-de-maradi-dr-idi-illiassou-mainassara-repart-satisfait-du-constat-sur-le-terrain#primaryimage\"},\"image\":{\"@id\":\"https:\/\/www.africa-press.net\/niger\/politique\/fin-de-la-visite-de-travail-du-ministre-de-la-sante-publique-dans-la-region-de-maradi-dr-idi-illiassou-mainassara-repart-satisfait-du-constat-sur-le-terrain#primaryimage\"},\"thumbnailUrl\":\"https:\/\/static.africa-press.net\/niger\/sites\/40\/2021\/09\/img-613a46acc3ab7.jpg\",\"datePublished\":\"2021-09-09T18:57:03+00:00\",\"author\":{\"@id\":\"https:\/\/www.africa-press.net\/niger\/#\/schema\/person\/2b1cf3cd81a31e3cd26889ca66d677f1\"},\"description\":\"\ufeffLe ministre de la Sant\u00e9 Publique, de la Population et des Affaires sociales, Dr Illiassou Idi Mainassara, a achev\u00e9 le m ...\",\"breadcrumb\":{\"@id\":\"https:\/\/www.africa-press.net\/niger\/politique\/fin-de-la-visite-de-travail-du-ministre-de-la-sante-publique-dans-la-region-de-maradi-dr-idi-illiassou-mainassara-repart-satisfait-du-constat-sur-le-terrain#breadcrumb\"},\"inLanguage\":\"fr-FR\",\"potentialAction\":[{\"@type\":\"ReadAction\",\"target\":[\"https:\/\/www.africa-press.net\/niger\/politique\/fin-de-la-visite-de-travail-du-ministre-de-la-sante-publique-dans-la-region-de-maradi-dr-idi-illiassou-mainassara-repart-satisfait-du-constat-sur-le-terrain\"]}]},{\"@type\":\"ImageObject\",\"inLanguage\":\"fr-FR\",\"@id\":\"https:\/\/www.africa-press.net\/niger\/politique\/fin-de-la-visite-de-travail-du-ministre-de-la-sante-publique-dans-la-region-de-maradi-dr-idi-illiassou-mainassara-repart-satisfait-du-constat-sur-le-terrain#primaryimage\",\"url\":\"https:\/\/static.africa-press.net\/niger\/sites\/40\/2021\/09\/img-613a46acc3ab7.jpg\",\"contentUrl\":\"https:\/\/static.africa-press.net\/niger\/sites\/40\/2021\/09\/img-613a46acc3ab7.jpg\",\"width\":720,\"height\":432,\"caption\":\"Fin de la visite de travail du ministre de la Sant\u00e9 Publique dans la r\u00e9gion de Maradi : Dr Idi Illiassou Mainassara repart satisfait du constat sur le terrain\"},{\"@type\":\"BreadcrumbList\",\"@id\":\"https:\/\/www.africa-press.net\/niger\/politique\/fin-de-la-visite-de-travail-du-ministre-de-la-sante-publique-dans-la-region-de-maradi-dr-idi-illiassou-mainassara-repart-satisfait-du-constat-sur-le-terrain#breadcrumb\",\"itemListElement\":[{\"@type\":\"ListItem\",\"position\":1,\"name\":\"Accueil\",\"item\":\"https:\/\/www.africa-press.net\/niger\/\"},{\"@type\":\"ListItem\",\"position\":2,\"name\":\"Fin de la visite de travail du ministre de la Sant\u00e9 Publique dans la r\u00e9gion de Maradi : Dr Idi Illiassou Mainassara repart satisfait du constat sur le terrain\"}]},{\"@type\":\"WebSite\",\"@id\":\"https:\/\/www.africa-press.net\/niger\/#website\",\"url\":\"https:\/\/www.africa-press.net\/niger\/\",\"name\":\"niger\",\"description\":\"Just another Africa News Agency Sites site\",\"potentialAction\":[{\"@type\":\"SearchAction\",\"target\":{\"@type\":\"EntryPoint\",\"urlTemplate\":\"https:\/\/www.africa-press.net\/niger\/?s={search_term_string}\"},\"query-input\":{\"@type\":\"PropertyValueSpecification\",\"valueRequired\":true,\"valueName\":\"search_term_string\"}}],\"inLanguage\":\"fr-FR\"},{\"@type\":\"Person\",\"@id\":\"https:\/\/www.africa-press.net\/niger\/#\/schema\/person\/2b1cf3cd81a31e3cd26889ca66d677f1\",\"name\":\"cfeditorfr\"}]}<\/script>\n<!-- \/ Yoast SEO Premium plugin. -->","yoast_head_json":{"title":"Fin de la visite de travail du ministre de la Sant\u00e9 Publique dans la r\u00e9gion de Maradi : Dr Idi Illiassou Mainassara repart satisfait du constat sur le terrain - niger","description":"\ufeffLe ministre de la Sant\u00e9 Publique, de la Population et des Affaires sociales, Dr Illiassou Idi Mainassara, a achev\u00e9 le m ...","robots":{"index":"index","follow":"follow","max-snippet":"max-snippet:-1","max-image-preview":"max-image-preview:large","max-video-preview":"max-video-preview:-1"},"canonical":"https:\/\/www.africa-press.net\/niger\/politique\/fin-de-la-visite-de-travail-du-ministre-de-la-sante-publique-dans-la-region-de-maradi-dr-idi-illiassou-mainassara-repart-satisfait-du-constat-sur-le-terrain","og_locale":"fr_FR","og_type":"article","og_title":"Fin de la visite de travail du ministre de la Sant\u00e9 Publique dans la r\u00e9gion de Maradi : Dr Idi Illiassou Mainassara repart satisfait du constat sur le terrain","og_description":"\ufeffLe ministre de la Sant\u00e9 Publique, de la Population et des Affaires sociales, Dr Illiassou Idi Mainassara, a achev\u00e9 le m ...","og_url":"https:\/\/www.africa-press.net\/niger\/politique\/fin-de-la-visite-de-travail-du-ministre-de-la-sante-publique-dans-la-region-de-maradi-dr-idi-illiassou-mainassara-repart-satisfait-du-constat-sur-le-terrain","og_site_name":"niger","article_published_time":"2021-09-09T18:57:03+00:00","og_image":[{"width":720,"height":432,"url":"https:\/\/static.africa-press.net\/niger\/sites\/40\/2021\/09\/img-613a46acc3ab7.jpg","type":"image\/jpeg"}],"author":"cfeditorfr","twitter_card":"summary_large_image","twitter_misc":{"\u00c9crit par":"cfeditorfr","Dur\u00e9e de lecture estim\u00e9e":"4 minutes"},"schema":{"@context":"https:\/\/schema.org","@graph":[{"@type":"Article","@id":"https:\/\/www.africa-press.net\/niger\/politique\/fin-de-la-visite-de-travail-du-ministre-de-la-sante-publique-dans-la-region-de-maradi-dr-idi-illiassou-mainassara-repart-satisfait-du-constat-sur-le-terrain#article","isPartOf":{"@id":"https:\/\/www.africa-press.net\/niger\/politique\/fin-de-la-visite-de-travail-du-ministre-de-la-sante-publique-dans-la-region-de-maradi-dr-idi-illiassou-mainassara-repart-satisfait-du-constat-sur-le-terrain"},"author":{"name":"cfeditorfr","@id":"https:\/\/www.africa-press.net\/niger\/#\/schema\/person\/2b1cf3cd81a31e3cd26889ca66d677f1"},"headline":"Fin de la visite de travail du ministre de la Sant\u00e9 Publique dans la r\u00e9gion de Maradi : Dr Idi Illiassou Mainassara repart satisfait du constat sur le terrain","datePublished":"2021-09-09T18:57:03+00:00","mainEntityOfPage":{"@id":"https:\/\/www.africa-press.net\/niger\/politique\/fin-de-la-visite-de-travail-du-ministre-de-la-sante-publique-dans-la-region-de-maradi-dr-idi-illiassou-mainassara-repart-satisfait-du-constat-sur-le-terrain"},"wordCount":900,"commentCount":0,"image":{"@id":"https:\/\/www.africa-press.net\/niger\/politique\/fin-de-la-visite-de-travail-du-ministre-de-la-sante-publique-dans-la-region-de-maradi-dr-idi-illiassou-mainassara-repart-satisfait-du-constat-sur-le-terrain#primaryimage"},"thumbnailUrl":"https:\/\/static.africa-press.net\/niger\/sites\/40\/2021\/09\/img-613a46acc3ab7.jpg","keywords":["Africa Press","Africa Press-Niger","Niger"],"articleSection":["homepage-french","Politique","Toutes les actualit\u00e9s"],"inLanguage":"fr-FR","potentialAction":[{"@type":"CommentAction","name":"Comment","target":["https:\/\/www.africa-press.net\/niger\/politique\/fin-de-la-visite-de-travail-du-ministre-de-la-sante-publique-dans-la-region-de-maradi-dr-idi-illiassou-mainassara-repart-satisfait-du-constat-sur-le-terrain#respond"]}]},{"@type":"WebPage","@id":"https:\/\/www.africa-press.net\/niger\/politique\/fin-de-la-visite-de-travail-du-ministre-de-la-sante-publique-dans-la-region-de-maradi-dr-idi-illiassou-mainassara-repart-satisfait-du-constat-sur-le-terrain","url":"https:\/\/www.africa-press.net\/niger\/politique\/fin-de-la-visite-de-travail-du-ministre-de-la-sante-publique-dans-la-region-de-maradi-dr-idi-illiassou-mainassara-repart-satisfait-du-constat-sur-le-terrain","name":"Fin de la visite de travail du ministre de la Sant\u00e9 Publique dans la r\u00e9gion de Maradi : Dr Idi Illiassou Mainassara repart satisfait du constat sur le terrain - niger","isPartOf":{"@id":"https:\/\/www.africa-press.net\/niger\/#website"},"primaryImageOfPage":{"@id":"https:\/\/www.africa-press.net\/niger\/politique\/fin-de-la-visite-de-travail-du-ministre-de-la-sante-publique-dans-la-region-de-maradi-dr-idi-illiassou-mainassara-repart-satisfait-du-constat-sur-le-terrain#primaryimage"},"image":{"@id":"https:\/\/www.africa-press.net\/niger\/politique\/fin-de-la-visite-de-travail-du-ministre-de-la-sante-publique-dans-la-region-de-maradi-dr-idi-illiassou-mainassara-repart-satisfait-du-constat-sur-le-terrain#primaryimage"},"thumbnailUrl":"https:\/\/static.africa-press.net\/niger\/sites\/40\/2021\/09\/img-613a46acc3ab7.jpg","datePublished":"2021-09-09T18:57:03+00:00","author":{"@id":"https:\/\/www.africa-press.net\/niger\/#\/schema\/person\/2b1cf3cd81a31e3cd26889ca66d677f1"},"description":"\ufeffLe ministre de la Sant\u00e9 Publique, de la Population et des Affaires sociales, Dr Illiassou Idi Mainassara, a achev\u00e9 le m ...","breadcrumb":{"@id":"https:\/\/www.africa-press.net\/niger\/politique\/fin-de-la-visite-de-travail-du-ministre-de-la-sante-publique-dans-la-region-de-maradi-dr-idi-illiassou-mainassara-repart-satisfait-du-constat-sur-le-terrain#breadcrumb"},"inLanguage":"fr-FR","potentialAction":[{"@type":"ReadAction","target":["https:\/\/www.africa-press.net\/niger\/politique\/fin-de-la-visite-de-travail-du-ministre-de-la-sante-publique-dans-la-region-de-maradi-dr-idi-illiassou-mainassara-repart-satisfait-du-constat-sur-le-terrain"]}]},{"@type":"ImageObject","inLanguage":"fr-FR","@id":"https:\/\/www.africa-press.net\/niger\/politique\/fin-de-la-visite-de-travail-du-ministre-de-la-sante-publique-dans-la-region-de-maradi-dr-idi-illiassou-mainassara-repart-satisfait-du-constat-sur-le-terrain#primaryimage","url":"https:\/\/static.africa-press.net\/niger\/sites\/40\/2021\/09\/img-613a46acc3ab7.jpg","contentUrl":"https:\/\/static.africa-press.net\/niger\/sites\/40\/2021\/09\/img-613a46acc3ab7.jpg","width":720,"height":432,"caption":"Fin de la visite de travail du ministre de la Sant\u00e9 Publique dans la r\u00e9gion de Maradi : Dr Idi Illiassou Mainassara repart satisfait du constat sur le terrain"},{"@type":"BreadcrumbList","@id":"https:\/\/www.africa-press.net\/niger\/politique\/fin-de-la-visite-de-travail-du-ministre-de-la-sante-publique-dans-la-region-de-maradi-dr-idi-illiassou-mainassara-repart-satisfait-du-constat-sur-le-terrain#breadcrumb","itemListElement":[{"@type":"ListItem","position":1,"name":"Accueil","item":"https:\/\/www.africa-press.net\/niger\/"},{"@type":"ListItem","position":2,"name":"Fin de la visite de travail du ministre de la Sant\u00e9 Publique dans la r\u00e9gion de Maradi : Dr Idi Illiassou Mainassara repart satisfait du constat sur le terrain"}]},{"@type":"WebSite","@id":"https:\/\/www.africa-press.net\/niger\/#website","url":"https:\/\/www.africa-press.net\/niger\/","name":"niger","description":"Just another Africa News Agency Sites site","potentialAction":[{"@type":"SearchAction","target":{"@type":"EntryPoint","urlTemplate":"https:\/\/www.africa-press.net\/niger\/?s={search_term_string}"},"query-input":{"@type":"PropertyValueSpecification","valueRequired":true,"valueName":"search_term_string"}}],"inLanguage":"fr-FR"},{"@type":"Person","@id":"https:\/\/www.africa-press.net\/niger\/#\/schema\/person\/2b1cf3cd81a31e3cd26889ca66d677f1","name":"cfeditorfr"}]}},"_links":{"self":[{"href":"https:\/\/www.africa-press.net\/niger\/wp-json\/wp\/v2\/posts\/11461","targetHints":{"allow":["GET"]}}],"collection":[{"href":"https:\/\/www.africa-press.net\/niger\/wp-json\/wp\/v2\/posts"}],"about":[{"href":"https:\/\/www.africa-press.net\/niger\/wp-json\/wp\/v2\/types\/post"}],"author":[{"embeddable":true,"href":"https:\/\/www.africa-press.net\/niger\/wp-json\/wp\/v2\/users\/82"}],"replies":[{"embeddable":true,"href":"https:\/\/www.africa-press.net\/niger\/wp-json\/wp\/v2\/comments?post=11461"}],"version-history":[{"count":0,"href":"https:\/\/www.africa-press.net\/niger\/wp-json\/wp\/v2\/posts\/11461\/revisions"}],"wp:featuredmedia":[{"embeddable":true,"href":"https:\/\/www.africa-press.net\/niger\/wp-json\/wp\/v2\/media\/11460"}],"wp:attachment":[{"href":"https:\/\/www.africa-press.net\/niger\/wp-json\/wp\/v2\/media?parent=11461"}],"wp:term":[{"taxonomy":"category","embeddable":true,"href":"https:\/\/www.africa-press.net\/niger\/wp-json\/wp\/v2\/categories?post=11461"},{"taxonomy":"post_tag","embeddable":true,"href":"https:\/\/www.africa-press.net\/niger\/wp-json\/wp\/v2\/tags?post=11461"}],"curies":[{"name":"wp","href":"https:\/\/api.w.org\/{rel}","templated":true}]}}