{"id":11467,"date":"2021-09-09T19:14:13","date_gmt":"2021-09-09T19:14:13","guid":{"rendered":"https:\/\/www.africa-press.net\/niger\/?p=11467"},"modified":"2021-09-09T18:47:12","modified_gmt":"2021-09-09T18:47:12","slug":"dosso-societe-plaidoyer-sur-lactualisation-des-cadres-juridiques-protegeant-les-femmes-et-les-filles-contre-les-violences","status":"publish","type":"post","link":"https:\/\/www.africa-press.net\/niger\/toutes-les-actualites\/dosso-societe-plaidoyer-sur-lactualisation-des-cadres-juridiques-protegeant-les-femmes-et-les-filles-contre-les-violences","title":{"rendered":"Dosso\/Soci\u00e9t\u00e9 : Plaidoyer sur l\u2019actualisation des cadres juridiques prot\u00e9geant les femmes et les filles contre les violences."},"content":{"rendered":"<p><span style=\"color: #ff6600\"><strong><a href=\"https:\/\/www.africa-press.net\/\">Africa-Press<\/a> &#8211; <a href=\"https:\/\/www.africa-press.net\/niger\">Niger<\/a>. <\/strong><\/span>Le M\u00e9diateur de la R\u00e9publique Me Ali Sirfi Ma\u00efga a pr\u00e9sid\u00e9, hier mercredi \u00e0 Dosso, la rencontre de plaidoyer sur les enjeux de l\u2019actualisation des cadres juridiques prot\u00e9geant les femmes et les filles des violences dans le cadre de la mise en \u0153uvre du programme Spotlight. La c\u00e9r\u00e9monie s\u2019est d\u00e9roul\u00e9e en pr\u00e9sence des d\u00e9put\u00e9s nationaux, du Secr\u00e9taire g\u00e9n\u00e9ral du gouvernorat de Dosso, , du pr\u00e9sident du Conseil r\u00e9gional de Dosso, des autorit\u00e9s administratives et coutumi\u00e8res et de nombreux invit\u00e9s de marque.<\/p>\n<p>Cette rencontre de plaidoyer de deux jours regroupe les \u00e9lus locaux, les chefs traditionnels, les leaders religieux, les repr\u00e9sentants des organisations de la soci\u00e9t\u00e9 civile et les cadres techniques. Elle vise \u00e0 am\u00e9liorer le cadre l\u00e9gal et r\u00e9glementaire et son application effective avec les conventions internationales ratifi\u00e9es en mati\u00e8re de lutte contre les violences faites aux femmes et aux filles.<\/p>\n<p>Dans le discours qu\u2019il a prononc\u00e9 \u00e0 l\u2019ouverture des travaux, le M\u00e9diateur de la R\u00e9publique Me Ali Sirfi Ma\u00efga a soulign\u00e9 que dans nos soci\u00e9t\u00e9s, des consid\u00e9rations et des pratiques retardataires emp\u00eachent \u00e0 la femme le plein \u00e9panouissement de sa personnalit\u00e9. Cette situation, a-t-il dit, concerne automatiquement la jeune fille dont les statistiques en ce qui concerne sa scolarit\u00e9, son devenir inqui\u00e8tent encore et ce, malgr\u00e9 les efforts des pouvoirs publics et des partenaires techniques et financiers.<\/p>\n<p>\u00abSi nous continuons \u00e0 ignorer ces rapports et ces constats, nous n\u2019aurions pas accompli notre devoir de constituer une nation prosp\u00e8re et industrieuse attach\u00e9e aux valeurs de civilisation qui fondent notre personnalit\u00e9\u00bb, a fait remarquer le M\u00e9diateur de la r\u00e9publique. Au Niger, a indiqu\u00e9 Me Ali Sirfi Ma\u00efga, l\u2019insuffisance de la protection des droits est surtout constat\u00e9e pour le cas de la femme et de la jeune fille, qui tr\u00e8s souvent est injustement soustraite du syst\u00e8me \u00e9ducatif avant m\u00eame la fin du cycle primaire.<\/p>\n<p>Il est alors temps martel\u00e9 le M\u00e9diateur de la R\u00e9publique, pour les pouvoirs publics \u00e0 tous les niveaux d\u2019agir dans le prolongement de cet engagement du Chef de l\u2019Etat et en synergie avec les partenaires au d\u00e9veloppement de notre pays. L\u2019action consiste d\u2019abord \u00e0 r\u00e9viser les lois et r\u00e8glements de la R\u00e9publique pour introduire plus d\u2019\u00e9galit\u00e9, de justice et de garantie en consolidant ainsi pour l\u2019avenir les droits de la femme et de la jeune fille. Il faut aussi cr\u00e9er les conditions d\u2019un changement de mentalit\u00e9 \u00e0 tous les niveaux. Le M\u00e9diateur de la R\u00e9publique a esp\u00e9r\u00e9 qu\u2019avec ces discussions et \u00e9changes, l\u2019on parviendra \u00e0 consolider dans le sens de l\u2019effectivit\u00e9 les droits de la femme et de la jeune fille.<\/p>\n<p>Auparavant, la repr\u00e9sentante du PNUD Mme Fati Alou a parl\u00e9 de l\u2019appui de son institution au M\u00e9diateur de la R\u00e9publique.<\/p>\n<p>Pour sa part, le Secr\u00e9taire g\u00e9n\u00e9ral du gouvernorat de Dosso M. Assoumana amadou s\u2019est longuement appesanti sur la situation de la femme et de la fille dans la r\u00e9gion de Dosso.<\/p>\n<p><b>\u00a0<\/b><\/p>\n","protected":false},"excerpt":{"rendered":"<p>Africa-Press &#8211; Niger. Le M\u00e9diateur de la R\u00e9publique Me Ali Sirfi Ma\u00efga a pr\u00e9sid\u00e9, hier mercredi \u00e0 Dosso, la rencontre de plaidoyer sur les enjeux de l\u2019actualisation des cadres juridiques prot\u00e9geant les femmes et les filles des violences dans le cadre de la mise en \u0153uvre du programme Spotlight. La c\u00e9r\u00e9monie s\u2019est d\u00e9roul\u00e9e en pr\u00e9sence [&hellip;]<\/p>\n","protected":false},"author":82,"featured_media":11466,"comment_status":"open","ping_status":"closed","sticky":false,"template":"","format":"standard","meta":{"footnotes":""},"categories":[21,11,10],"tags":[55,60,29],"class_list":["post-11467","post","type-post","status-publish","format-standard","has-post-thumbnail","hentry","category-communaute","category-homepage-french","category-toutes-les-actualites","tag-africa-press","tag-africa-press-niger","tag-niger"],"yoast_head":"<!-- This site is optimized with the Yoast SEO Premium plugin v26.1 (Yoast SEO v27.0) - https:\/\/yoast.com\/product\/yoast-seo-premium-wordpress\/ -->\n<title>Dosso\/Soci\u00e9t\u00e9 : Plaidoyer sur l\u2019actualisation des cadres juridiques prot\u00e9geant les femmes et les filles contre les violences. - niger<\/title>\n<meta name=\"description\" content=\"\ufeffLe M\u00e9diateur de la R\u00e9publique Me Ali Sirfi Ma\u00efga a pr\u00e9sid\u00e9, hier mercredi \u00e0 Dosso, la rencontre de plaidoyer sur les en ...\" \/>\n<meta name=\"robots\" content=\"index, follow, max-snippet:-1, max-image-preview:large, max-video-preview:-1\" \/>\n<link rel=\"canonical\" href=\"https:\/\/www.africa-press.net\/niger\/toutes-les-actualites\/dosso-societe-plaidoyer-sur-lactualisation-des-cadres-juridiques-protegeant-les-femmes-et-les-filles-contre-les-violences\" \/>\n<meta property=\"og:locale\" content=\"fr_FR\" \/>\n<meta property=\"og:type\" content=\"article\" \/>\n<meta property=\"og:title\" content=\"Dosso\/Soci\u00e9t\u00e9 : Plaidoyer sur l\u2019actualisation des cadres juridiques prot\u00e9geant les femmes et les filles contre les violences.\" \/>\n<meta property=\"og:description\" content=\"\ufeffLe M\u00e9diateur de la R\u00e9publique Me Ali Sirfi Ma\u00efga a pr\u00e9sid\u00e9, hier mercredi \u00e0 Dosso, la rencontre de plaidoyer sur les en ...\" \/>\n<meta property=\"og:url\" content=\"https:\/\/www.africa-press.net\/niger\/toutes-les-actualites\/dosso-societe-plaidoyer-sur-lactualisation-des-cadres-juridiques-protegeant-les-femmes-et-les-filles-contre-les-violences\" \/>\n<meta property=\"og:site_name\" content=\"niger\" \/>\n<meta property=\"article:published_time\" content=\"2021-09-09T19:14:13+00:00\" \/>\n<meta property=\"og:image\" content=\"https:\/\/static.africa-press.net\/niger\/sites\/40\/2021\/09\/img-613a46f29c956.jpg\" \/>\n\t<meta property=\"og:image:width\" content=\"720\" \/>\n\t<meta property=\"og:image:height\" content=\"388\" \/>\n\t<meta property=\"og:image:type\" content=\"image\/jpeg\" \/>\n<meta name=\"author\" content=\"cfeditorfr\" \/>\n<meta name=\"twitter:card\" content=\"summary_large_image\" \/>\n<meta name=\"twitter:label1\" content=\"\u00c9crit par\" \/>\n\t<meta name=\"twitter:data1\" content=\"cfeditorfr\" \/>\n\t<meta name=\"twitter:label2\" content=\"Dur\u00e9e de lecture estim\u00e9e\" \/>\n\t<meta name=\"twitter:data2\" content=\"3 minutes\" \/>\n<script type=\"application\/ld+json\" class=\"yoast-schema-graph\">{\"@context\":\"https:\/\/schema.org\",\"@graph\":[{\"@type\":\"Article\",\"@id\":\"https:\/\/www.africa-press.net\/niger\/toutes-les-actualites\/dosso-societe-plaidoyer-sur-lactualisation-des-cadres-juridiques-protegeant-les-femmes-et-les-filles-contre-les-violences#article\",\"isPartOf\":{\"@id\":\"https:\/\/www.africa-press.net\/niger\/toutes-les-actualites\/dosso-societe-plaidoyer-sur-lactualisation-des-cadres-juridiques-protegeant-les-femmes-et-les-filles-contre-les-violences\"},\"author\":{\"name\":\"cfeditorfr\",\"@id\":\"https:\/\/www.africa-press.net\/niger\/#\/schema\/person\/2b1cf3cd81a31e3cd26889ca66d677f1\"},\"headline\":\"Dosso\/Soci\u00e9t\u00e9 : Plaidoyer sur l\u2019actualisation des cadres juridiques prot\u00e9geant les femmes et les filles contre les violences.\",\"datePublished\":\"2021-09-09T19:14:13+00:00\",\"mainEntityOfPage\":{\"@id\":\"https:\/\/www.africa-press.net\/niger\/toutes-les-actualites\/dosso-societe-plaidoyer-sur-lactualisation-des-cadres-juridiques-protegeant-les-femmes-et-les-filles-contre-les-violences\"},\"wordCount\":566,\"commentCount\":0,\"image\":{\"@id\":\"https:\/\/www.africa-press.net\/niger\/toutes-les-actualites\/dosso-societe-plaidoyer-sur-lactualisation-des-cadres-juridiques-protegeant-les-femmes-et-les-filles-contre-les-violences#primaryimage\"},\"thumbnailUrl\":\"https:\/\/static.africa-press.net\/niger\/sites\/40\/2021\/09\/img-613a46f29c956.jpg\",\"keywords\":[\"Africa Press\",\"Africa Press-Niger\",\"Niger\"],\"articleSection\":[\"Communaut\u00e9\",\"homepage-french\",\"Toutes les actualit\u00e9s\"],\"inLanguage\":\"fr-FR\",\"potentialAction\":[{\"@type\":\"CommentAction\",\"name\":\"Comment\",\"target\":[\"https:\/\/www.africa-press.net\/niger\/toutes-les-actualites\/dosso-societe-plaidoyer-sur-lactualisation-des-cadres-juridiques-protegeant-les-femmes-et-les-filles-contre-les-violences#respond\"]}]},{\"@type\":\"WebPage\",\"@id\":\"https:\/\/www.africa-press.net\/niger\/toutes-les-actualites\/dosso-societe-plaidoyer-sur-lactualisation-des-cadres-juridiques-protegeant-les-femmes-et-les-filles-contre-les-violences\",\"url\":\"https:\/\/www.africa-press.net\/niger\/toutes-les-actualites\/dosso-societe-plaidoyer-sur-lactualisation-des-cadres-juridiques-protegeant-les-femmes-et-les-filles-contre-les-violences\",\"name\":\"Dosso\/Soci\u00e9t\u00e9 : Plaidoyer sur l\u2019actualisation des cadres juridiques prot\u00e9geant les femmes et les filles contre les violences. - niger\",\"isPartOf\":{\"@id\":\"https:\/\/www.africa-press.net\/niger\/#website\"},\"primaryImageOfPage\":{\"@id\":\"https:\/\/www.africa-press.net\/niger\/toutes-les-actualites\/dosso-societe-plaidoyer-sur-lactualisation-des-cadres-juridiques-protegeant-les-femmes-et-les-filles-contre-les-violences#primaryimage\"},\"image\":{\"@id\":\"https:\/\/www.africa-press.net\/niger\/toutes-les-actualites\/dosso-societe-plaidoyer-sur-lactualisation-des-cadres-juridiques-protegeant-les-femmes-et-les-filles-contre-les-violences#primaryimage\"},\"thumbnailUrl\":\"https:\/\/static.africa-press.net\/niger\/sites\/40\/2021\/09\/img-613a46f29c956.jpg\",\"datePublished\":\"2021-09-09T19:14:13+00:00\",\"author\":{\"@id\":\"https:\/\/www.africa-press.net\/niger\/#\/schema\/person\/2b1cf3cd81a31e3cd26889ca66d677f1\"},\"description\":\"\ufeffLe M\u00e9diateur de la R\u00e9publique Me Ali Sirfi Ma\u00efga a pr\u00e9sid\u00e9, hier mercredi \u00e0 Dosso, la rencontre de plaidoyer sur les en ...\",\"breadcrumb\":{\"@id\":\"https:\/\/www.africa-press.net\/niger\/toutes-les-actualites\/dosso-societe-plaidoyer-sur-lactualisation-des-cadres-juridiques-protegeant-les-femmes-et-les-filles-contre-les-violences#breadcrumb\"},\"inLanguage\":\"fr-FR\",\"potentialAction\":[{\"@type\":\"ReadAction\",\"target\":[\"https:\/\/www.africa-press.net\/niger\/toutes-les-actualites\/dosso-societe-plaidoyer-sur-lactualisation-des-cadres-juridiques-protegeant-les-femmes-et-les-filles-contre-les-violences\"]}]},{\"@type\":\"ImageObject\",\"inLanguage\":\"fr-FR\",\"@id\":\"https:\/\/www.africa-press.net\/niger\/toutes-les-actualites\/dosso-societe-plaidoyer-sur-lactualisation-des-cadres-juridiques-protegeant-les-femmes-et-les-filles-contre-les-violences#primaryimage\",\"url\":\"https:\/\/static.africa-press.net\/niger\/sites\/40\/2021\/09\/img-613a46f29c956.jpg\",\"contentUrl\":\"https:\/\/static.africa-press.net\/niger\/sites\/40\/2021\/09\/img-613a46f29c956.jpg\",\"width\":720,\"height\":388,\"caption\":\"Dosso\/Soci\u00e9t\u00e9 : Plaidoyer sur l\u2019actualisation des cadres juridiques prot\u00e9geant les femmes et les filles contre les violences.\"},{\"@type\":\"BreadcrumbList\",\"@id\":\"https:\/\/www.africa-press.net\/niger\/toutes-les-actualites\/dosso-societe-plaidoyer-sur-lactualisation-des-cadres-juridiques-protegeant-les-femmes-et-les-filles-contre-les-violences#breadcrumb\",\"itemListElement\":[{\"@type\":\"ListItem\",\"position\":1,\"name\":\"Accueil\",\"item\":\"https:\/\/www.africa-press.net\/niger\/\"},{\"@type\":\"ListItem\",\"position\":2,\"name\":\"Dosso\/Soci\u00e9t\u00e9 : Plaidoyer sur l\u2019actualisation des cadres juridiques prot\u00e9geant les femmes et les filles contre les violences.\"}]},{\"@type\":\"WebSite\",\"@id\":\"https:\/\/www.africa-press.net\/niger\/#website\",\"url\":\"https:\/\/www.africa-press.net\/niger\/\",\"name\":\"niger\",\"description\":\"Just another Africa News Agency Sites site\",\"potentialAction\":[{\"@type\":\"SearchAction\",\"target\":{\"@type\":\"EntryPoint\",\"urlTemplate\":\"https:\/\/www.africa-press.net\/niger\/?s={search_term_string}\"},\"query-input\":{\"@type\":\"PropertyValueSpecification\",\"valueRequired\":true,\"valueName\":\"search_term_string\"}}],\"inLanguage\":\"fr-FR\"},{\"@type\":\"Person\",\"@id\":\"https:\/\/www.africa-press.net\/niger\/#\/schema\/person\/2b1cf3cd81a31e3cd26889ca66d677f1\",\"name\":\"cfeditorfr\"}]}<\/script>\n<!-- \/ Yoast SEO Premium plugin. -->","yoast_head_json":{"title":"Dosso\/Soci\u00e9t\u00e9 : Plaidoyer sur l\u2019actualisation des cadres juridiques prot\u00e9geant les femmes et les filles contre les violences. - niger","description":"\ufeffLe M\u00e9diateur de la R\u00e9publique Me Ali Sirfi Ma\u00efga a pr\u00e9sid\u00e9, hier mercredi \u00e0 Dosso, la rencontre de plaidoyer sur les en ...","robots":{"index":"index","follow":"follow","max-snippet":"max-snippet:-1","max-image-preview":"max-image-preview:large","max-video-preview":"max-video-preview:-1"},"canonical":"https:\/\/www.africa-press.net\/niger\/toutes-les-actualites\/dosso-societe-plaidoyer-sur-lactualisation-des-cadres-juridiques-protegeant-les-femmes-et-les-filles-contre-les-violences","og_locale":"fr_FR","og_type":"article","og_title":"Dosso\/Soci\u00e9t\u00e9 : Plaidoyer sur l\u2019actualisation des cadres juridiques prot\u00e9geant les femmes et les filles contre les violences.","og_description":"\ufeffLe M\u00e9diateur de la R\u00e9publique Me Ali Sirfi Ma\u00efga a pr\u00e9sid\u00e9, hier mercredi \u00e0 Dosso, la rencontre de plaidoyer sur les en ...","og_url":"https:\/\/www.africa-press.net\/niger\/toutes-les-actualites\/dosso-societe-plaidoyer-sur-lactualisation-des-cadres-juridiques-protegeant-les-femmes-et-les-filles-contre-les-violences","og_site_name":"niger","article_published_time":"2021-09-09T19:14:13+00:00","og_image":[{"width":720,"height":388,"url":"https:\/\/static.africa-press.net\/niger\/sites\/40\/2021\/09\/img-613a46f29c956.jpg","type":"image\/jpeg"}],"author":"cfeditorfr","twitter_card":"summary_large_image","twitter_misc":{"\u00c9crit par":"cfeditorfr","Dur\u00e9e de lecture estim\u00e9e":"3 minutes"},"schema":{"@context":"https:\/\/schema.org","@graph":[{"@type":"Article","@id":"https:\/\/www.africa-press.net\/niger\/toutes-les-actualites\/dosso-societe-plaidoyer-sur-lactualisation-des-cadres-juridiques-protegeant-les-femmes-et-les-filles-contre-les-violences#article","isPartOf":{"@id":"https:\/\/www.africa-press.net\/niger\/toutes-les-actualites\/dosso-societe-plaidoyer-sur-lactualisation-des-cadres-juridiques-protegeant-les-femmes-et-les-filles-contre-les-violences"},"author":{"name":"cfeditorfr","@id":"https:\/\/www.africa-press.net\/niger\/#\/schema\/person\/2b1cf3cd81a31e3cd26889ca66d677f1"},"headline":"Dosso\/Soci\u00e9t\u00e9 : Plaidoyer sur l\u2019actualisation des cadres juridiques prot\u00e9geant les femmes et les filles contre les violences.","datePublished":"2021-09-09T19:14:13+00:00","mainEntityOfPage":{"@id":"https:\/\/www.africa-press.net\/niger\/toutes-les-actualites\/dosso-societe-plaidoyer-sur-lactualisation-des-cadres-juridiques-protegeant-les-femmes-et-les-filles-contre-les-violences"},"wordCount":566,"commentCount":0,"image":{"@id":"https:\/\/www.africa-press.net\/niger\/toutes-les-actualites\/dosso-societe-plaidoyer-sur-lactualisation-des-cadres-juridiques-protegeant-les-femmes-et-les-filles-contre-les-violences#primaryimage"},"thumbnailUrl":"https:\/\/static.africa-press.net\/niger\/sites\/40\/2021\/09\/img-613a46f29c956.jpg","keywords":["Africa Press","Africa Press-Niger","Niger"],"articleSection":["Communaut\u00e9","homepage-french","Toutes les actualit\u00e9s"],"inLanguage":"fr-FR","potentialAction":[{"@type":"CommentAction","name":"Comment","target":["https:\/\/www.africa-press.net\/niger\/toutes-les-actualites\/dosso-societe-plaidoyer-sur-lactualisation-des-cadres-juridiques-protegeant-les-femmes-et-les-filles-contre-les-violences#respond"]}]},{"@type":"WebPage","@id":"https:\/\/www.africa-press.net\/niger\/toutes-les-actualites\/dosso-societe-plaidoyer-sur-lactualisation-des-cadres-juridiques-protegeant-les-femmes-et-les-filles-contre-les-violences","url":"https:\/\/www.africa-press.net\/niger\/toutes-les-actualites\/dosso-societe-plaidoyer-sur-lactualisation-des-cadres-juridiques-protegeant-les-femmes-et-les-filles-contre-les-violences","name":"Dosso\/Soci\u00e9t\u00e9 : Plaidoyer sur l\u2019actualisation des cadres juridiques prot\u00e9geant les femmes et les filles contre les violences. - niger","isPartOf":{"@id":"https:\/\/www.africa-press.net\/niger\/#website"},"primaryImageOfPage":{"@id":"https:\/\/www.africa-press.net\/niger\/toutes-les-actualites\/dosso-societe-plaidoyer-sur-lactualisation-des-cadres-juridiques-protegeant-les-femmes-et-les-filles-contre-les-violences#primaryimage"},"image":{"@id":"https:\/\/www.africa-press.net\/niger\/toutes-les-actualites\/dosso-societe-plaidoyer-sur-lactualisation-des-cadres-juridiques-protegeant-les-femmes-et-les-filles-contre-les-violences#primaryimage"},"thumbnailUrl":"https:\/\/static.africa-press.net\/niger\/sites\/40\/2021\/09\/img-613a46f29c956.jpg","datePublished":"2021-09-09T19:14:13+00:00","author":{"@id":"https:\/\/www.africa-press.net\/niger\/#\/schema\/person\/2b1cf3cd81a31e3cd26889ca66d677f1"},"description":"\ufeffLe M\u00e9diateur de la R\u00e9publique Me Ali Sirfi Ma\u00efga a pr\u00e9sid\u00e9, hier mercredi \u00e0 Dosso, la rencontre de plaidoyer sur les en ...","breadcrumb":{"@id":"https:\/\/www.africa-press.net\/niger\/toutes-les-actualites\/dosso-societe-plaidoyer-sur-lactualisation-des-cadres-juridiques-protegeant-les-femmes-et-les-filles-contre-les-violences#breadcrumb"},"inLanguage":"fr-FR","potentialAction":[{"@type":"ReadAction","target":["https:\/\/www.africa-press.net\/niger\/toutes-les-actualites\/dosso-societe-plaidoyer-sur-lactualisation-des-cadres-juridiques-protegeant-les-femmes-et-les-filles-contre-les-violences"]}]},{"@type":"ImageObject","inLanguage":"fr-FR","@id":"https:\/\/www.africa-press.net\/niger\/toutes-les-actualites\/dosso-societe-plaidoyer-sur-lactualisation-des-cadres-juridiques-protegeant-les-femmes-et-les-filles-contre-les-violences#primaryimage","url":"https:\/\/static.africa-press.net\/niger\/sites\/40\/2021\/09\/img-613a46f29c956.jpg","contentUrl":"https:\/\/static.africa-press.net\/niger\/sites\/40\/2021\/09\/img-613a46f29c956.jpg","width":720,"height":388,"caption":"Dosso\/Soci\u00e9t\u00e9 : Plaidoyer sur l\u2019actualisation des cadres juridiques prot\u00e9geant les femmes et les filles contre les violences."},{"@type":"BreadcrumbList","@id":"https:\/\/www.africa-press.net\/niger\/toutes-les-actualites\/dosso-societe-plaidoyer-sur-lactualisation-des-cadres-juridiques-protegeant-les-femmes-et-les-filles-contre-les-violences#breadcrumb","itemListElement":[{"@type":"ListItem","position":1,"name":"Accueil","item":"https:\/\/www.africa-press.net\/niger\/"},{"@type":"ListItem","position":2,"name":"Dosso\/Soci\u00e9t\u00e9 : Plaidoyer sur l\u2019actualisation des cadres juridiques prot\u00e9geant les femmes et les filles contre les violences."}]},{"@type":"WebSite","@id":"https:\/\/www.africa-press.net\/niger\/#website","url":"https:\/\/www.africa-press.net\/niger\/","name":"niger","description":"Just another Africa News Agency Sites site","potentialAction":[{"@type":"SearchAction","target":{"@type":"EntryPoint","urlTemplate":"https:\/\/www.africa-press.net\/niger\/?s={search_term_string}"},"query-input":{"@type":"PropertyValueSpecification","valueRequired":true,"valueName":"search_term_string"}}],"inLanguage":"fr-FR"},{"@type":"Person","@id":"https:\/\/www.africa-press.net\/niger\/#\/schema\/person\/2b1cf3cd81a31e3cd26889ca66d677f1","name":"cfeditorfr"}]}},"_links":{"self":[{"href":"https:\/\/www.africa-press.net\/niger\/wp-json\/wp\/v2\/posts\/11467","targetHints":{"allow":["GET"]}}],"collection":[{"href":"https:\/\/www.africa-press.net\/niger\/wp-json\/wp\/v2\/posts"}],"about":[{"href":"https:\/\/www.africa-press.net\/niger\/wp-json\/wp\/v2\/types\/post"}],"author":[{"embeddable":true,"href":"https:\/\/www.africa-press.net\/niger\/wp-json\/wp\/v2\/users\/82"}],"replies":[{"embeddable":true,"href":"https:\/\/www.africa-press.net\/niger\/wp-json\/wp\/v2\/comments?post=11467"}],"version-history":[{"count":0,"href":"https:\/\/www.africa-press.net\/niger\/wp-json\/wp\/v2\/posts\/11467\/revisions"}],"wp:featuredmedia":[{"embeddable":true,"href":"https:\/\/www.africa-press.net\/niger\/wp-json\/wp\/v2\/media\/11466"}],"wp:attachment":[{"href":"https:\/\/www.africa-press.net\/niger\/wp-json\/wp\/v2\/media?parent=11467"}],"wp:term":[{"taxonomy":"category","embeddable":true,"href":"https:\/\/www.africa-press.net\/niger\/wp-json\/wp\/v2\/categories?post=11467"},{"taxonomy":"post_tag","embeddable":true,"href":"https:\/\/www.africa-press.net\/niger\/wp-json\/wp\/v2\/tags?post=11467"}],"curies":[{"name":"wp","href":"https:\/\/api.w.org\/{rel}","templated":true}]}}