{"id":11470,"date":"2021-09-09T19:21:48","date_gmt":"2021-09-09T19:21:48","guid":{"rendered":"https:\/\/www.africa-press.net\/niger\/?p=11470"},"modified":"2021-09-09T18:47:18","modified_gmt":"2021-09-09T18:47:18","slug":"situation-alimentaire-difficile-des-menages-les-plus-vulnerables-la-cedeao-met-a-la-disposition-du-gouvernement-malien-7372-tonnes-de-cereales","status":"publish","type":"post","link":"https:\/\/www.africa-press.net\/niger\/toutes-les-actualites\/situation-alimentaire-difficile-des-menages-les-plus-vulnerables-la-cedeao-met-a-la-disposition-du-gouvernement-malien-7372-tonnes-de-cereales","title":{"rendered":"Situation alimentaire difficile des m\u00e9nages les plus vuln\u00e9rables : La Cedeao met \u00e0 la disposition du Gouvernement malien 7372 tonnes de c\u00e9r\u00e9ales"},"content":{"rendered":"<p><span style=\"color: #ff6600\"><strong><a href=\"https:\/\/www.africa-press.net\/\">Africa-Press<\/a> &#8211; <a href=\"https:\/\/www.africa-press.net\/niger\">Niger<\/a>. <\/strong><\/span>A la suite de la requ\u00eate du Gouvernement malien en date du 18 mai 2021 sollicitant un appui en vivres, la Commission de la Cedeao a proc\u00e9d\u00e9, ce lundi 6 septembre 2021 \u00e0 Bamako, \u00e0 la remise officielle de 7372 tonnes de c\u00e9r\u00e9ales audit Gouvernement afin de l\u2019aider \u00e0 faire face \u00e0 la situation alimentaire difficile des m\u00e9nages les plus vuln\u00e9rables.<\/p>\n<p>Ces c\u00e9r\u00e9ales constitu\u00e9es de ma\u00efs, riz, mil et sorgho, ont \u00e9t\u00e9 pr\u00e9lev\u00e9es sur les stocks de la R\u00e9serve r\u00e9gionale de s\u00e9curit\u00e9 alimentaire de la Cedeao entrepos\u00e9s dans les magasins de l\u2019Office des produits vivriers du Mali (Opam) \u00e0 Bamako, Koutiala, Sikasso et S\u00e9gou.<\/p>\n<p>Selon l\u2019engagement pris par le Gouvernement malien et conform\u00e9ment aux r\u00e8gles de fonctionnement de la R\u00e9serve r\u00e9gionale de s\u00e9curit\u00e9 alimentaire, ce stock de 7372 tonnes de c\u00e9r\u00e9ales qui a \u00e9t\u00e9 remis par Monsieur S\u00e9kou Sangar\u00e9,Commissaire en charge de l\u2019Agriculture, de l\u2019Environnement et des Ressources en eau de la Cedeao \u00e0 Monsieur Redouwane Ag. Mohamed Ali, Ministre Commissaire \u00e0 la s\u00e9curit\u00e9 alimentaire du Mali, sera reconstitu\u00e9 \u00ab grain pour grain \u00bb par le Gouvernement du Mali afin de permettre \u00e0 la R\u00e9serve r\u00e9gionale de conserver sa capacit\u00e9 permanente d\u2019intervention au profit de tout Etat membre demandeur de vivres.<\/p>\n<p>En r\u00e9ceptionnant les vivres, le Ministre Commissaire \u00e0 la s\u00e9curit\u00e9 alimentaire, a exprim\u00e9 la reconnaissance du Mali \u00e0 la Commission de la Cedeao pour la solidarit\u00e9 r\u00e9gionale et rassur\u00e9 toutes les parties prenantes que cet appui vient \u00e0 point nomm\u00e9. Il contribuera \u00e0 renforcer les capacit\u00e9s d\u2019intervention du dispositif national de s\u00e9curit\u00e9 alimentaire et servira \u00e0 all\u00e9ger les besoins alimentaires des populations s\u00e9v\u00e8rement frapp\u00e9es par l\u2019ins\u00e9curit\u00e9 alimentaire.<\/p>\n<p>Cette intervention de la R\u00e9serve r\u00e9gionale entre dans le cadre de l\u2019op\u00e9rationnalisation de \u00abla Cedeao des Peuples\u00bb. Elle est la troisi\u00e8me du genre au profit des populations vuln\u00e9rables du Mali apr\u00e8s celles de 2019 et de 2020 ayant port\u00e9 respectivement sur 2 856 et 793 tonnes de c\u00e9r\u00e9ales.<\/p>\n<p>En rappel, l\u2019\u00e9valuation d\u00e9finitive de la situation alimentaire et nutritionnelle 2020-2021 du cadre harmonis\u00e9 indique que de juin \u00e0 ao\u00fbt 2021, plus de 1,3 million de personnes auront besoin d\u2019une assistance alimentaire dont plus de 1 million dans les r\u00e9gions du Centre et du Nord du pays.<\/p>\n<p>Cr\u00e9\u00e9e le 28 f\u00e9vrier 2013, \u00e0 Yamoussoukro en C\u00f4te d\u2019Ivoire, par les Chefs d\u2019Etat et de Gouvernement de la Cedeao, la R\u00e9serve r\u00e9gionale de s\u00e9curit\u00e9 alimentaire vise notamment \u00e0 compl\u00e9ter les efforts des Etats membres pour fournir une assistance alimentaire et nutritionnelle rapide et diversifi\u00e9e aux populations dans le besoin.<\/p>\n<p><b>\u00a0<\/b><\/p>\n","protected":false},"excerpt":{"rendered":"<p>Africa-Press &#8211; Niger. A la suite de la requ\u00eate du Gouvernement malien en date du 18 mai 2021 sollicitant un appui en vivres, la Commission de la Cedeao a proc\u00e9d\u00e9, ce lundi 6 septembre 2021 \u00e0 Bamako, \u00e0 la remise officielle de 7372 tonnes de c\u00e9r\u00e9ales audit Gouvernement afin de l\u2019aider \u00e0 faire face \u00e0 [&hellip;]<\/p>\n","protected":false},"author":82,"featured_media":11469,"comment_status":"open","ping_status":"closed","sticky":false,"template":"","format":"standard","meta":{"footnotes":""},"categories":[21,11,10],"tags":[55,60,29],"class_list":["post-11470","post","type-post","status-publish","format-standard","has-post-thumbnail","hentry","category-communaute","category-homepage-french","category-toutes-les-actualites","tag-africa-press","tag-africa-press-niger","tag-niger"],"yoast_head":"<!-- This site is optimized with the Yoast SEO Premium plugin v26.1 (Yoast SEO v27.0) - https:\/\/yoast.com\/product\/yoast-seo-premium-wordpress\/ -->\n<title>Situation alimentaire difficile des m\u00e9nages les plus vuln\u00e9rables : La Cedeao met \u00e0 la disposition du Gouvernement malien 7372 tonnes de c\u00e9r\u00e9ales - niger<\/title>\n<meta name=\"description\" content=\"\ufeffA la suite de la requ\u00eate du Gouvernement malien en date du 18 mai 2021 sollicitant un appui en vivres, la Commission de ...\" \/>\n<meta name=\"robots\" content=\"index, follow, max-snippet:-1, max-image-preview:large, max-video-preview:-1\" \/>\n<link rel=\"canonical\" href=\"https:\/\/www.africa-press.net\/niger\/toutes-les-actualites\/situation-alimentaire-difficile-des-menages-les-plus-vulnerables-la-cedeao-met-a-la-disposition-du-gouvernement-malien-7372-tonnes-de-cereales\" \/>\n<meta property=\"og:locale\" content=\"fr_FR\" \/>\n<meta property=\"og:type\" content=\"article\" \/>\n<meta property=\"og:title\" content=\"Situation alimentaire difficile des m\u00e9nages les plus vuln\u00e9rables : La Cedeao met \u00e0 la disposition du Gouvernement malien 7372 tonnes de c\u00e9r\u00e9ales\" \/>\n<meta property=\"og:description\" content=\"\ufeffA la suite de la requ\u00eate du Gouvernement malien en date du 18 mai 2021 sollicitant un appui en vivres, la Commission de ...\" \/>\n<meta property=\"og:url\" content=\"https:\/\/www.africa-press.net\/niger\/toutes-les-actualites\/situation-alimentaire-difficile-des-menages-les-plus-vulnerables-la-cedeao-met-a-la-disposition-du-gouvernement-malien-7372-tonnes-de-cereales\" \/>\n<meta property=\"og:site_name\" content=\"niger\" \/>\n<meta property=\"article:published_time\" content=\"2021-09-09T19:21:48+00:00\" \/>\n<meta property=\"og:image\" content=\"https:\/\/static.africa-press.net\/niger\/sites\/40\/2021\/09\/img-613a471501aa8.jpg\" \/>\n\t<meta property=\"og:image:width\" content=\"720\" \/>\n\t<meta property=\"og:image:height\" content=\"468\" \/>\n\t<meta property=\"og:image:type\" content=\"image\/jpeg\" \/>\n<meta name=\"author\" content=\"cfeditorfr\" \/>\n<meta name=\"twitter:card\" content=\"summary_large_image\" \/>\n<meta name=\"twitter:label1\" content=\"\u00c9crit par\" \/>\n\t<meta name=\"twitter:data1\" content=\"cfeditorfr\" \/>\n\t<meta name=\"twitter:label2\" content=\"Dur\u00e9e de lecture estim\u00e9e\" \/>\n\t<meta name=\"twitter:data2\" content=\"2 minutes\" \/>\n<script type=\"application\/ld+json\" class=\"yoast-schema-graph\">{\"@context\":\"https:\/\/schema.org\",\"@graph\":[{\"@type\":\"Article\",\"@id\":\"https:\/\/www.africa-press.net\/niger\/toutes-les-actualites\/situation-alimentaire-difficile-des-menages-les-plus-vulnerables-la-cedeao-met-a-la-disposition-du-gouvernement-malien-7372-tonnes-de-cereales#article\",\"isPartOf\":{\"@id\":\"https:\/\/www.africa-press.net\/niger\/toutes-les-actualites\/situation-alimentaire-difficile-des-menages-les-plus-vulnerables-la-cedeao-met-a-la-disposition-du-gouvernement-malien-7372-tonnes-de-cereales\"},\"author\":{\"name\":\"cfeditorfr\",\"@id\":\"https:\/\/www.africa-press.net\/niger\/#\/schema\/person\/2b1cf3cd81a31e3cd26889ca66d677f1\"},\"headline\":\"Situation alimentaire difficile des m\u00e9nages les plus vuln\u00e9rables : La Cedeao met \u00e0 la disposition du Gouvernement malien 7372 tonnes de c\u00e9r\u00e9ales\",\"datePublished\":\"2021-09-09T19:21:48+00:00\",\"mainEntityOfPage\":{\"@id\":\"https:\/\/www.africa-press.net\/niger\/toutes-les-actualites\/situation-alimentaire-difficile-des-menages-les-plus-vulnerables-la-cedeao-met-a-la-disposition-du-gouvernement-malien-7372-tonnes-de-cereales\"},\"wordCount\":476,\"commentCount\":0,\"image\":{\"@id\":\"https:\/\/www.africa-press.net\/niger\/toutes-les-actualites\/situation-alimentaire-difficile-des-menages-les-plus-vulnerables-la-cedeao-met-a-la-disposition-du-gouvernement-malien-7372-tonnes-de-cereales#primaryimage\"},\"thumbnailUrl\":\"https:\/\/static.africa-press.net\/niger\/sites\/40\/2021\/09\/img-613a471501aa8.jpg\",\"keywords\":[\"Africa Press\",\"Africa Press-Niger\",\"Niger\"],\"articleSection\":[\"Communaut\u00e9\",\"homepage-french\",\"Toutes les actualit\u00e9s\"],\"inLanguage\":\"fr-FR\",\"potentialAction\":[{\"@type\":\"CommentAction\",\"name\":\"Comment\",\"target\":[\"https:\/\/www.africa-press.net\/niger\/toutes-les-actualites\/situation-alimentaire-difficile-des-menages-les-plus-vulnerables-la-cedeao-met-a-la-disposition-du-gouvernement-malien-7372-tonnes-de-cereales#respond\"]}]},{\"@type\":\"WebPage\",\"@id\":\"https:\/\/www.africa-press.net\/niger\/toutes-les-actualites\/situation-alimentaire-difficile-des-menages-les-plus-vulnerables-la-cedeao-met-a-la-disposition-du-gouvernement-malien-7372-tonnes-de-cereales\",\"url\":\"https:\/\/www.africa-press.net\/niger\/toutes-les-actualites\/situation-alimentaire-difficile-des-menages-les-plus-vulnerables-la-cedeao-met-a-la-disposition-du-gouvernement-malien-7372-tonnes-de-cereales\",\"name\":\"Situation alimentaire difficile des m\u00e9nages les plus vuln\u00e9rables : La Cedeao met \u00e0 la disposition du Gouvernement malien 7372 tonnes de c\u00e9r\u00e9ales - niger\",\"isPartOf\":{\"@id\":\"https:\/\/www.africa-press.net\/niger\/#website\"},\"primaryImageOfPage\":{\"@id\":\"https:\/\/www.africa-press.net\/niger\/toutes-les-actualites\/situation-alimentaire-difficile-des-menages-les-plus-vulnerables-la-cedeao-met-a-la-disposition-du-gouvernement-malien-7372-tonnes-de-cereales#primaryimage\"},\"image\":{\"@id\":\"https:\/\/www.africa-press.net\/niger\/toutes-les-actualites\/situation-alimentaire-difficile-des-menages-les-plus-vulnerables-la-cedeao-met-a-la-disposition-du-gouvernement-malien-7372-tonnes-de-cereales#primaryimage\"},\"thumbnailUrl\":\"https:\/\/static.africa-press.net\/niger\/sites\/40\/2021\/09\/img-613a471501aa8.jpg\",\"datePublished\":\"2021-09-09T19:21:48+00:00\",\"author\":{\"@id\":\"https:\/\/www.africa-press.net\/niger\/#\/schema\/person\/2b1cf3cd81a31e3cd26889ca66d677f1\"},\"description\":\"\ufeffA la suite de la requ\u00eate du Gouvernement malien en date du 18 mai 2021 sollicitant un appui en vivres, la Commission de ...\",\"breadcrumb\":{\"@id\":\"https:\/\/www.africa-press.net\/niger\/toutes-les-actualites\/situation-alimentaire-difficile-des-menages-les-plus-vulnerables-la-cedeao-met-a-la-disposition-du-gouvernement-malien-7372-tonnes-de-cereales#breadcrumb\"},\"inLanguage\":\"fr-FR\",\"potentialAction\":[{\"@type\":\"ReadAction\",\"target\":[\"https:\/\/www.africa-press.net\/niger\/toutes-les-actualites\/situation-alimentaire-difficile-des-menages-les-plus-vulnerables-la-cedeao-met-a-la-disposition-du-gouvernement-malien-7372-tonnes-de-cereales\"]}]},{\"@type\":\"ImageObject\",\"inLanguage\":\"fr-FR\",\"@id\":\"https:\/\/www.africa-press.net\/niger\/toutes-les-actualites\/situation-alimentaire-difficile-des-menages-les-plus-vulnerables-la-cedeao-met-a-la-disposition-du-gouvernement-malien-7372-tonnes-de-cereales#primaryimage\",\"url\":\"https:\/\/static.africa-press.net\/niger\/sites\/40\/2021\/09\/img-613a471501aa8.jpg\",\"contentUrl\":\"https:\/\/static.africa-press.net\/niger\/sites\/40\/2021\/09\/img-613a471501aa8.jpg\",\"width\":720,\"height\":468,\"caption\":\"Situation alimentaire difficile des m\u00e9nages les plus vuln\u00e9rables : La Cedeao met \u00e0 la disposition du Gouvernement malien 7372 tonnes de c\u00e9r\u00e9ales\"},{\"@type\":\"BreadcrumbList\",\"@id\":\"https:\/\/www.africa-press.net\/niger\/toutes-les-actualites\/situation-alimentaire-difficile-des-menages-les-plus-vulnerables-la-cedeao-met-a-la-disposition-du-gouvernement-malien-7372-tonnes-de-cereales#breadcrumb\",\"itemListElement\":[{\"@type\":\"ListItem\",\"position\":1,\"name\":\"Accueil\",\"item\":\"https:\/\/www.africa-press.net\/niger\/\"},{\"@type\":\"ListItem\",\"position\":2,\"name\":\"Situation alimentaire difficile des m\u00e9nages les plus vuln\u00e9rables : La Cedeao met \u00e0 la disposition du Gouvernement malien 7372 tonnes de c\u00e9r\u00e9ales\"}]},{\"@type\":\"WebSite\",\"@id\":\"https:\/\/www.africa-press.net\/niger\/#website\",\"url\":\"https:\/\/www.africa-press.net\/niger\/\",\"name\":\"niger\",\"description\":\"Just another Africa News Agency Sites site\",\"potentialAction\":[{\"@type\":\"SearchAction\",\"target\":{\"@type\":\"EntryPoint\",\"urlTemplate\":\"https:\/\/www.africa-press.net\/niger\/?s={search_term_string}\"},\"query-input\":{\"@type\":\"PropertyValueSpecification\",\"valueRequired\":true,\"valueName\":\"search_term_string\"}}],\"inLanguage\":\"fr-FR\"},{\"@type\":\"Person\",\"@id\":\"https:\/\/www.africa-press.net\/niger\/#\/schema\/person\/2b1cf3cd81a31e3cd26889ca66d677f1\",\"name\":\"cfeditorfr\"}]}<\/script>\n<!-- \/ Yoast SEO Premium plugin. -->","yoast_head_json":{"title":"Situation alimentaire difficile des m\u00e9nages les plus vuln\u00e9rables : La Cedeao met \u00e0 la disposition du Gouvernement malien 7372 tonnes de c\u00e9r\u00e9ales - niger","description":"\ufeffA la suite de la requ\u00eate du Gouvernement malien en date du 18 mai 2021 sollicitant un appui en vivres, la Commission de ...","robots":{"index":"index","follow":"follow","max-snippet":"max-snippet:-1","max-image-preview":"max-image-preview:large","max-video-preview":"max-video-preview:-1"},"canonical":"https:\/\/www.africa-press.net\/niger\/toutes-les-actualites\/situation-alimentaire-difficile-des-menages-les-plus-vulnerables-la-cedeao-met-a-la-disposition-du-gouvernement-malien-7372-tonnes-de-cereales","og_locale":"fr_FR","og_type":"article","og_title":"Situation alimentaire difficile des m\u00e9nages les plus vuln\u00e9rables : La Cedeao met \u00e0 la disposition du Gouvernement malien 7372 tonnes de c\u00e9r\u00e9ales","og_description":"\ufeffA la suite de la requ\u00eate du Gouvernement malien en date du 18 mai 2021 sollicitant un appui en vivres, la Commission de ...","og_url":"https:\/\/www.africa-press.net\/niger\/toutes-les-actualites\/situation-alimentaire-difficile-des-menages-les-plus-vulnerables-la-cedeao-met-a-la-disposition-du-gouvernement-malien-7372-tonnes-de-cereales","og_site_name":"niger","article_published_time":"2021-09-09T19:21:48+00:00","og_image":[{"width":720,"height":468,"url":"https:\/\/static.africa-press.net\/niger\/sites\/40\/2021\/09\/img-613a471501aa8.jpg","type":"image\/jpeg"}],"author":"cfeditorfr","twitter_card":"summary_large_image","twitter_misc":{"\u00c9crit par":"cfeditorfr","Dur\u00e9e de lecture estim\u00e9e":"2 minutes"},"schema":{"@context":"https:\/\/schema.org","@graph":[{"@type":"Article","@id":"https:\/\/www.africa-press.net\/niger\/toutes-les-actualites\/situation-alimentaire-difficile-des-menages-les-plus-vulnerables-la-cedeao-met-a-la-disposition-du-gouvernement-malien-7372-tonnes-de-cereales#article","isPartOf":{"@id":"https:\/\/www.africa-press.net\/niger\/toutes-les-actualites\/situation-alimentaire-difficile-des-menages-les-plus-vulnerables-la-cedeao-met-a-la-disposition-du-gouvernement-malien-7372-tonnes-de-cereales"},"author":{"name":"cfeditorfr","@id":"https:\/\/www.africa-press.net\/niger\/#\/schema\/person\/2b1cf3cd81a31e3cd26889ca66d677f1"},"headline":"Situation alimentaire difficile des m\u00e9nages les plus vuln\u00e9rables : La Cedeao met \u00e0 la disposition du Gouvernement malien 7372 tonnes de c\u00e9r\u00e9ales","datePublished":"2021-09-09T19:21:48+00:00","mainEntityOfPage":{"@id":"https:\/\/www.africa-press.net\/niger\/toutes-les-actualites\/situation-alimentaire-difficile-des-menages-les-plus-vulnerables-la-cedeao-met-a-la-disposition-du-gouvernement-malien-7372-tonnes-de-cereales"},"wordCount":476,"commentCount":0,"image":{"@id":"https:\/\/www.africa-press.net\/niger\/toutes-les-actualites\/situation-alimentaire-difficile-des-menages-les-plus-vulnerables-la-cedeao-met-a-la-disposition-du-gouvernement-malien-7372-tonnes-de-cereales#primaryimage"},"thumbnailUrl":"https:\/\/static.africa-press.net\/niger\/sites\/40\/2021\/09\/img-613a471501aa8.jpg","keywords":["Africa Press","Africa Press-Niger","Niger"],"articleSection":["Communaut\u00e9","homepage-french","Toutes les actualit\u00e9s"],"inLanguage":"fr-FR","potentialAction":[{"@type":"CommentAction","name":"Comment","target":["https:\/\/www.africa-press.net\/niger\/toutes-les-actualites\/situation-alimentaire-difficile-des-menages-les-plus-vulnerables-la-cedeao-met-a-la-disposition-du-gouvernement-malien-7372-tonnes-de-cereales#respond"]}]},{"@type":"WebPage","@id":"https:\/\/www.africa-press.net\/niger\/toutes-les-actualites\/situation-alimentaire-difficile-des-menages-les-plus-vulnerables-la-cedeao-met-a-la-disposition-du-gouvernement-malien-7372-tonnes-de-cereales","url":"https:\/\/www.africa-press.net\/niger\/toutes-les-actualites\/situation-alimentaire-difficile-des-menages-les-plus-vulnerables-la-cedeao-met-a-la-disposition-du-gouvernement-malien-7372-tonnes-de-cereales","name":"Situation alimentaire difficile des m\u00e9nages les plus vuln\u00e9rables : La Cedeao met \u00e0 la disposition du Gouvernement malien 7372 tonnes de c\u00e9r\u00e9ales - niger","isPartOf":{"@id":"https:\/\/www.africa-press.net\/niger\/#website"},"primaryImageOfPage":{"@id":"https:\/\/www.africa-press.net\/niger\/toutes-les-actualites\/situation-alimentaire-difficile-des-menages-les-plus-vulnerables-la-cedeao-met-a-la-disposition-du-gouvernement-malien-7372-tonnes-de-cereales#primaryimage"},"image":{"@id":"https:\/\/www.africa-press.net\/niger\/toutes-les-actualites\/situation-alimentaire-difficile-des-menages-les-plus-vulnerables-la-cedeao-met-a-la-disposition-du-gouvernement-malien-7372-tonnes-de-cereales#primaryimage"},"thumbnailUrl":"https:\/\/static.africa-press.net\/niger\/sites\/40\/2021\/09\/img-613a471501aa8.jpg","datePublished":"2021-09-09T19:21:48+00:00","author":{"@id":"https:\/\/www.africa-press.net\/niger\/#\/schema\/person\/2b1cf3cd81a31e3cd26889ca66d677f1"},"description":"\ufeffA la suite de la requ\u00eate du Gouvernement malien en date du 18 mai 2021 sollicitant un appui en vivres, la Commission de ...","breadcrumb":{"@id":"https:\/\/www.africa-press.net\/niger\/toutes-les-actualites\/situation-alimentaire-difficile-des-menages-les-plus-vulnerables-la-cedeao-met-a-la-disposition-du-gouvernement-malien-7372-tonnes-de-cereales#breadcrumb"},"inLanguage":"fr-FR","potentialAction":[{"@type":"ReadAction","target":["https:\/\/www.africa-press.net\/niger\/toutes-les-actualites\/situation-alimentaire-difficile-des-menages-les-plus-vulnerables-la-cedeao-met-a-la-disposition-du-gouvernement-malien-7372-tonnes-de-cereales"]}]},{"@type":"ImageObject","inLanguage":"fr-FR","@id":"https:\/\/www.africa-press.net\/niger\/toutes-les-actualites\/situation-alimentaire-difficile-des-menages-les-plus-vulnerables-la-cedeao-met-a-la-disposition-du-gouvernement-malien-7372-tonnes-de-cereales#primaryimage","url":"https:\/\/static.africa-press.net\/niger\/sites\/40\/2021\/09\/img-613a471501aa8.jpg","contentUrl":"https:\/\/static.africa-press.net\/niger\/sites\/40\/2021\/09\/img-613a471501aa8.jpg","width":720,"height":468,"caption":"Situation alimentaire difficile des m\u00e9nages les plus vuln\u00e9rables : La Cedeao met \u00e0 la disposition du Gouvernement malien 7372 tonnes de c\u00e9r\u00e9ales"},{"@type":"BreadcrumbList","@id":"https:\/\/www.africa-press.net\/niger\/toutes-les-actualites\/situation-alimentaire-difficile-des-menages-les-plus-vulnerables-la-cedeao-met-a-la-disposition-du-gouvernement-malien-7372-tonnes-de-cereales#breadcrumb","itemListElement":[{"@type":"ListItem","position":1,"name":"Accueil","item":"https:\/\/www.africa-press.net\/niger\/"},{"@type":"ListItem","position":2,"name":"Situation alimentaire difficile des m\u00e9nages les plus vuln\u00e9rables : La Cedeao met \u00e0 la disposition du Gouvernement malien 7372 tonnes de c\u00e9r\u00e9ales"}]},{"@type":"WebSite","@id":"https:\/\/www.africa-press.net\/niger\/#website","url":"https:\/\/www.africa-press.net\/niger\/","name":"niger","description":"Just another Africa News Agency Sites site","potentialAction":[{"@type":"SearchAction","target":{"@type":"EntryPoint","urlTemplate":"https:\/\/www.africa-press.net\/niger\/?s={search_term_string}"},"query-input":{"@type":"PropertyValueSpecification","valueRequired":true,"valueName":"search_term_string"}}],"inLanguage":"fr-FR"},{"@type":"Person","@id":"https:\/\/www.africa-press.net\/niger\/#\/schema\/person\/2b1cf3cd81a31e3cd26889ca66d677f1","name":"cfeditorfr"}]}},"_links":{"self":[{"href":"https:\/\/www.africa-press.net\/niger\/wp-json\/wp\/v2\/posts\/11470","targetHints":{"allow":["GET"]}}],"collection":[{"href":"https:\/\/www.africa-press.net\/niger\/wp-json\/wp\/v2\/posts"}],"about":[{"href":"https:\/\/www.africa-press.net\/niger\/wp-json\/wp\/v2\/types\/post"}],"author":[{"embeddable":true,"href":"https:\/\/www.africa-press.net\/niger\/wp-json\/wp\/v2\/users\/82"}],"replies":[{"embeddable":true,"href":"https:\/\/www.africa-press.net\/niger\/wp-json\/wp\/v2\/comments?post=11470"}],"version-history":[{"count":0,"href":"https:\/\/www.africa-press.net\/niger\/wp-json\/wp\/v2\/posts\/11470\/revisions"}],"wp:featuredmedia":[{"embeddable":true,"href":"https:\/\/www.africa-press.net\/niger\/wp-json\/wp\/v2\/media\/11469"}],"wp:attachment":[{"href":"https:\/\/www.africa-press.net\/niger\/wp-json\/wp\/v2\/media?parent=11470"}],"wp:term":[{"taxonomy":"category","embeddable":true,"href":"https:\/\/www.africa-press.net\/niger\/wp-json\/wp\/v2\/categories?post=11470"},{"taxonomy":"post_tag","embeddable":true,"href":"https:\/\/www.africa-press.net\/niger\/wp-json\/wp\/v2\/tags?post=11470"}],"curies":[{"name":"wp","href":"https:\/\/api.w.org\/{rel}","templated":true}]}}