{"id":11479,"date":"2021-09-09T19:45:05","date_gmt":"2021-09-09T19:45:05","guid":{"rendered":"https:\/\/www.africa-press.net\/niger\/?p=11479"},"modified":"2021-09-09T18:47:40","modified_gmt":"2021-09-09T18:47:40","slug":"le-president-de-la-republique-recoit-une-delegation-de-la-plate-forme-paysanne-du-niger-et-du-roppa-la-plate-forme-annonce-la-tenue-de-la-semaine-du-paysan-du-22-au-26-novembre","status":"publish","type":"post","link":"https:\/\/www.africa-press.net\/niger\/politique\/le-president-de-la-republique-recoit-une-delegation-de-la-plate-forme-paysanne-du-niger-et-du-roppa-la-plate-forme-annonce-la-tenue-de-la-semaine-du-paysan-du-22-au-26-novembre","title":{"rendered":"Le Pr\u00e9sident de la R\u00e9publique re\u00e7oit une d\u00e9l\u00e9gation de la plate forme paysanne du Niger et du ROPPA : La plate-forme annonce la tenue de la semaine du paysan du 22 au 26 novembre"},"content":{"rendered":"<p><span style=\"color: #ff6600\"><strong><a href=\"https:\/\/www.africa-press.net\/\">Africa-Press<\/a> &#8211; <a href=\"https:\/\/www.africa-press.net\/niger\">Niger<\/a>. <\/strong><\/span>Le Pr\u00e9sident de la R\u00e9publique, Chef de l\u2019Etat, M. Mohamed Bazoum, a re\u00e7u hier dans l\u2019apr\u00e8s-midi, une d\u00e9l\u00e9gation compos\u00e9e des membres de la plate-forme paysanne du Niger et des repr\u00e9sentants du R\u00e9seau des Organisations Paysannes et de Producteurs de l\u2019Afrique de l\u2019Ouest (ROPPA). La d\u00e9l\u00e9gation est conduite par M. Jibo Bagna, pr\u00e9sident du conseil d\u2019administration de la plate-forme paysanne du Niger. L\u2019objet de la rencontre est d\u2019\u00e9changer sur plusieurs points relatifs \u00e0 la vie des paysans et du monde rural. L\u2019information capitale issue de cette entrevue est la reprise de l\u2019organisation de la Semaine du Paysan.<\/p>\n<p>A leur sortie d\u2019audience, le chef de la d\u00e9l\u00e9gation a d\u00e9clar\u00e9 qu\u2019ils ont discut\u00e9 de la reprise de l\u2019organisation de la semaine du paysan, qui se tenait autrefois chaque ann\u00e9e en l\u2019honneur du monde rural du Niger. Selon M. Jibo Bagna, le Pr\u00e9sident de la R\u00e9publique a marqu\u00e9 son accord pour pr\u00e9sider cette activit\u00e9 qui se tiendra du 22 au 26 novembre 2021 \u00e0 Niamey. \u00abIl est important qu\u2019au cours d\u2019une ann\u00e9e pleine le Chef de l\u2019Etat rencontre les acteurs du monde rural afin d\u2019\u00e9changer et recueillir leurs pr\u00e9occupations et donner \u00e9galement des orientations\u00bb, a estim\u00e9 le pr\u00e9sident de la Plate forme paysanne du Niger.<\/p>\n<p>Les responsables de la plate-forme paysanne ont aussi \u00e9chang\u00e9 avec le Chef de l\u2019Etat sur des questions d\u2019accessibilit\u00e9 aux engrais notamment. Pour M. Jibo Bagna, l\u2019assurance de la s\u00e9curit\u00e9 alimentaire inclut les engrais. C\u2019est pourquoi il a d\u00e9plor\u00e9 que le prix de l\u2019engrais ne soit pas aujourd\u2019hui \u00e0 la port\u00e9e des paysans. \u00abNous avons sollicit\u00e9 la cr\u00e9ation d\u2019un fond commun pour les engrais. \u00c7a nous permettra d\u2019en disposer en quantit\u00e9 et en qualit\u00e9 et \u00e0 temps\u00bb, a confi\u00e9 le pr\u00e9sident de la plate-forme paysanne avant d\u2019\u00e9voquer la question d\u2019assurance agricole. Compte tenu des effets li\u00e9s au changement climatique, M. Bagna estime qu\u2019il est n\u00e9cessaire que le Niger se dote d\u2019une assurance pour s\u00e9curiser les producteurs contre les catastrophes naturelles. \u00abA ce sujet, le Pr\u00e9sident de la R\u00e9publique a dit qu\u2019il doit avoir des \u00e9tudes d\u2019orientations pour prendre des options\u00bb, a-t-il expliqu\u00e9.<\/p>\n<p>La question du financement de l\u2019agriculture \u00e9tait \u00e9galement au c\u0153ur de la rencontre. Les organisations paysannes pensent que les producteurs doivent \u00eatre des actionnaires majoritaires de la Banque Agricole du Niger (BAGRI). D\u2019apr\u00e8s M. Jibo Bagna, le Chef de l\u2019Etat a donn\u00e9 des orientations sur l\u2019analyse qu\u2019il faut faire de cette Banque agricole du Niger.<\/p>\n<p>Enfin le pr\u00e9sident de la plate-forme paysanne a d\u00e9clar\u00e9 que les \u00e9changes ont \u00e9galement port\u00e9 sur les r\u00e9formes qui se dessinent au niveau de la CEDEAO. \u00abNous avons exprim\u00e9 notre souhait de voir le Niger soutenir qu\u2019il ait une commission qui va s\u2019occuper du secteur agricole et rural. Le Pr\u00e9sident de la R\u00e9publique nous a assur\u00e9 qu\u2019il soutiendra une telle d\u00e9cision en tant que Chef de l\u2019Etat lors de leurs prochaines rencontres. Nous sommes sortis satisfaits de l\u2019audience parce que le Pr\u00e9sident de la R\u00e9publique a montr\u00e9 son int\u00e9r\u00eat de rencontrer le monde paysan, constituant la base de la relance \u00e9conomique d\u2019un pays\u00bb, a conclu M. Jibo Bagna.<\/p>\n<p><b>\u00a0<\/b><\/p>\n","protected":false},"excerpt":{"rendered":"<p>Africa-Press &#8211; Niger. Le Pr\u00e9sident de la R\u00e9publique, Chef de l\u2019Etat, M. Mohamed Bazoum, a re\u00e7u hier dans l\u2019apr\u00e8s-midi, une d\u00e9l\u00e9gation compos\u00e9e des membres de la plate-forme paysanne du Niger et des repr\u00e9sentants du R\u00e9seau des Organisations Paysannes et de Producteurs de l\u2019Afrique de l\u2019Ouest (ROPPA). La d\u00e9l\u00e9gation est conduite par M. Jibo Bagna, pr\u00e9sident [&hellip;]<\/p>\n","protected":false},"author":82,"featured_media":11478,"comment_status":"open","ping_status":"closed","sticky":false,"template":"","format":"standard","meta":{"footnotes":""},"categories":[11,2,10],"tags":[55,60,29],"class_list":["post-11479","post","type-post","status-publish","format-standard","has-post-thumbnail","hentry","category-homepage-french","category-politique","category-toutes-les-actualites","tag-africa-press","tag-africa-press-niger","tag-niger"],"yoast_head":"<!-- This site is optimized with the Yoast SEO Premium plugin v26.1 (Yoast SEO v27.0) - https:\/\/yoast.com\/product\/yoast-seo-premium-wordpress\/ -->\n<title>Le Pr\u00e9sident de la R\u00e9publique re\u00e7oit une d\u00e9l\u00e9gation de la plate forme paysanne du Niger et du ROPPA : La plate-forme annonce la tenue de la semaine du paysan du 22 au 26 novembre - niger<\/title>\n<meta name=\"description\" content=\"\ufeffLe Pr\u00e9sident de la R\u00e9publique, Chef de l\u2019Etat, M. Mohamed Bazoum, a re\u00e7u hier dans l\u2019apr\u00e8s-midi, une d\u00e9l\u00e9gation compos\u00e9 ...\" \/>\n<meta name=\"robots\" content=\"index, follow, max-snippet:-1, max-image-preview:large, max-video-preview:-1\" \/>\n<link rel=\"canonical\" href=\"https:\/\/www.africa-press.net\/niger\/politique\/le-president-de-la-republique-recoit-une-delegation-de-la-plate-forme-paysanne-du-niger-et-du-roppa-la-plate-forme-annonce-la-tenue-de-la-semaine-du-paysan-du-22-au-26-novembre\" \/>\n<meta property=\"og:locale\" content=\"fr_FR\" \/>\n<meta property=\"og:type\" content=\"article\" \/>\n<meta property=\"og:title\" content=\"Le Pr\u00e9sident de la R\u00e9publique re\u00e7oit une d\u00e9l\u00e9gation de la plate forme paysanne du Niger et du ROPPA : La plate-forme annonce la tenue de la semaine du paysan du 22 au 26 novembre\" \/>\n<meta property=\"og:description\" content=\"\ufeffLe Pr\u00e9sident de la R\u00e9publique, Chef de l\u2019Etat, M. Mohamed Bazoum, a re\u00e7u hier dans l\u2019apr\u00e8s-midi, une d\u00e9l\u00e9gation compos\u00e9 ...\" \/>\n<meta property=\"og:url\" content=\"https:\/\/www.africa-press.net\/niger\/politique\/le-president-de-la-republique-recoit-une-delegation-de-la-plate-forme-paysanne-du-niger-et-du-roppa-la-plate-forme-annonce-la-tenue-de-la-semaine-du-paysan-du-22-au-26-novembre\" \/>\n<meta property=\"og:site_name\" content=\"niger\" \/>\n<meta property=\"article:published_time\" content=\"2021-09-09T19:45:05+00:00\" \/>\n<meta property=\"og:image\" content=\"https:\/\/static.africa-press.net\/niger\/sites\/40\/2021\/09\/img-613a479c6bcd8.jpg\" \/>\n\t<meta property=\"og:image:width\" content=\"720\" \/>\n\t<meta property=\"og:image:height\" content=\"420\" \/>\n\t<meta property=\"og:image:type\" content=\"image\/jpeg\" \/>\n<meta name=\"author\" content=\"cfeditorfr\" \/>\n<meta name=\"twitter:card\" content=\"summary_large_image\" \/>\n<meta name=\"twitter:label1\" content=\"\u00c9crit par\" \/>\n\t<meta name=\"twitter:data1\" content=\"cfeditorfr\" \/>\n\t<meta name=\"twitter:label2\" content=\"Dur\u00e9e de lecture estim\u00e9e\" \/>\n\t<meta name=\"twitter:data2\" content=\"3 minutes\" \/>\n<script type=\"application\/ld+json\" class=\"yoast-schema-graph\">{\"@context\":\"https:\/\/schema.org\",\"@graph\":[{\"@type\":\"Article\",\"@id\":\"https:\/\/www.africa-press.net\/niger\/politique\/le-president-de-la-republique-recoit-une-delegation-de-la-plate-forme-paysanne-du-niger-et-du-roppa-la-plate-forme-annonce-la-tenue-de-la-semaine-du-paysan-du-22-au-26-novembre#article\",\"isPartOf\":{\"@id\":\"https:\/\/www.africa-press.net\/niger\/politique\/le-president-de-la-republique-recoit-une-delegation-de-la-plate-forme-paysanne-du-niger-et-du-roppa-la-plate-forme-annonce-la-tenue-de-la-semaine-du-paysan-du-22-au-26-novembre\"},\"author\":{\"name\":\"cfeditorfr\",\"@id\":\"https:\/\/www.africa-press.net\/niger\/#\/schema\/person\/2b1cf3cd81a31e3cd26889ca66d677f1\"},\"headline\":\"Le Pr\u00e9sident de la R\u00e9publique re\u00e7oit une d\u00e9l\u00e9gation de la plate forme paysanne du Niger et du ROPPA : La plate-forme annonce la tenue de la semaine du paysan du 22 au 26 novembre\",\"datePublished\":\"2021-09-09T19:45:05+00:00\",\"mainEntityOfPage\":{\"@id\":\"https:\/\/www.africa-press.net\/niger\/politique\/le-president-de-la-republique-recoit-une-delegation-de-la-plate-forme-paysanne-du-niger-et-du-roppa-la-plate-forme-annonce-la-tenue-de-la-semaine-du-paysan-du-22-au-26-novembre\"},\"wordCount\":623,\"commentCount\":0,\"image\":{\"@id\":\"https:\/\/www.africa-press.net\/niger\/politique\/le-president-de-la-republique-recoit-une-delegation-de-la-plate-forme-paysanne-du-niger-et-du-roppa-la-plate-forme-annonce-la-tenue-de-la-semaine-du-paysan-du-22-au-26-novembre#primaryimage\"},\"thumbnailUrl\":\"https:\/\/static.africa-press.net\/niger\/sites\/40\/2021\/09\/img-613a479c6bcd8.jpg\",\"keywords\":[\"Africa Press\",\"Africa Press-Niger\",\"Niger\"],\"articleSection\":[\"homepage-french\",\"Politique\",\"Toutes les actualit\u00e9s\"],\"inLanguage\":\"fr-FR\",\"potentialAction\":[{\"@type\":\"CommentAction\",\"name\":\"Comment\",\"target\":[\"https:\/\/www.africa-press.net\/niger\/politique\/le-president-de-la-republique-recoit-une-delegation-de-la-plate-forme-paysanne-du-niger-et-du-roppa-la-plate-forme-annonce-la-tenue-de-la-semaine-du-paysan-du-22-au-26-novembre#respond\"]}]},{\"@type\":\"WebPage\",\"@id\":\"https:\/\/www.africa-press.net\/niger\/politique\/le-president-de-la-republique-recoit-une-delegation-de-la-plate-forme-paysanne-du-niger-et-du-roppa-la-plate-forme-annonce-la-tenue-de-la-semaine-du-paysan-du-22-au-26-novembre\",\"url\":\"https:\/\/www.africa-press.net\/niger\/politique\/le-president-de-la-republique-recoit-une-delegation-de-la-plate-forme-paysanne-du-niger-et-du-roppa-la-plate-forme-annonce-la-tenue-de-la-semaine-du-paysan-du-22-au-26-novembre\",\"name\":\"Le Pr\u00e9sident de la R\u00e9publique re\u00e7oit une d\u00e9l\u00e9gation de la plate forme paysanne du Niger et du ROPPA : La plate-forme annonce la tenue de la semaine du paysan du 22 au 26 novembre - niger\",\"isPartOf\":{\"@id\":\"https:\/\/www.africa-press.net\/niger\/#website\"},\"primaryImageOfPage\":{\"@id\":\"https:\/\/www.africa-press.net\/niger\/politique\/le-president-de-la-republique-recoit-une-delegation-de-la-plate-forme-paysanne-du-niger-et-du-roppa-la-plate-forme-annonce-la-tenue-de-la-semaine-du-paysan-du-22-au-26-novembre#primaryimage\"},\"image\":{\"@id\":\"https:\/\/www.africa-press.net\/niger\/politique\/le-president-de-la-republique-recoit-une-delegation-de-la-plate-forme-paysanne-du-niger-et-du-roppa-la-plate-forme-annonce-la-tenue-de-la-semaine-du-paysan-du-22-au-26-novembre#primaryimage\"},\"thumbnailUrl\":\"https:\/\/static.africa-press.net\/niger\/sites\/40\/2021\/09\/img-613a479c6bcd8.jpg\",\"datePublished\":\"2021-09-09T19:45:05+00:00\",\"author\":{\"@id\":\"https:\/\/www.africa-press.net\/niger\/#\/schema\/person\/2b1cf3cd81a31e3cd26889ca66d677f1\"},\"description\":\"\ufeffLe Pr\u00e9sident de la R\u00e9publique, Chef de l\u2019Etat, M. Mohamed Bazoum, a re\u00e7u hier dans l\u2019apr\u00e8s-midi, une d\u00e9l\u00e9gation compos\u00e9 ...\",\"breadcrumb\":{\"@id\":\"https:\/\/www.africa-press.net\/niger\/politique\/le-president-de-la-republique-recoit-une-delegation-de-la-plate-forme-paysanne-du-niger-et-du-roppa-la-plate-forme-annonce-la-tenue-de-la-semaine-du-paysan-du-22-au-26-novembre#breadcrumb\"},\"inLanguage\":\"fr-FR\",\"potentialAction\":[{\"@type\":\"ReadAction\",\"target\":[\"https:\/\/www.africa-press.net\/niger\/politique\/le-president-de-la-republique-recoit-une-delegation-de-la-plate-forme-paysanne-du-niger-et-du-roppa-la-plate-forme-annonce-la-tenue-de-la-semaine-du-paysan-du-22-au-26-novembre\"]}]},{\"@type\":\"ImageObject\",\"inLanguage\":\"fr-FR\",\"@id\":\"https:\/\/www.africa-press.net\/niger\/politique\/le-president-de-la-republique-recoit-une-delegation-de-la-plate-forme-paysanne-du-niger-et-du-roppa-la-plate-forme-annonce-la-tenue-de-la-semaine-du-paysan-du-22-au-26-novembre#primaryimage\",\"url\":\"https:\/\/static.africa-press.net\/niger\/sites\/40\/2021\/09\/img-613a479c6bcd8.jpg\",\"contentUrl\":\"https:\/\/static.africa-press.net\/niger\/sites\/40\/2021\/09\/img-613a479c6bcd8.jpg\",\"width\":720,\"height\":420,\"caption\":\"Le Pr\u00e9sident de la R\u00e9publique re\u00e7oit une d\u00e9l\u00e9gation de la plate forme paysanne du Niger et du ROPPA : La plate-forme annonce la tenue de la semaine du paysan du 22 au 26 novembre\"},{\"@type\":\"BreadcrumbList\",\"@id\":\"https:\/\/www.africa-press.net\/niger\/politique\/le-president-de-la-republique-recoit-une-delegation-de-la-plate-forme-paysanne-du-niger-et-du-roppa-la-plate-forme-annonce-la-tenue-de-la-semaine-du-paysan-du-22-au-26-novembre#breadcrumb\",\"itemListElement\":[{\"@type\":\"ListItem\",\"position\":1,\"name\":\"Accueil\",\"item\":\"https:\/\/www.africa-press.net\/niger\/\"},{\"@type\":\"ListItem\",\"position\":2,\"name\":\"Le Pr\u00e9sident de la R\u00e9publique re\u00e7oit une d\u00e9l\u00e9gation de la plate forme paysanne du Niger et du ROPPA : La plate-forme annonce la tenue de la semaine du paysan du 22 au 26 novembre\"}]},{\"@type\":\"WebSite\",\"@id\":\"https:\/\/www.africa-press.net\/niger\/#website\",\"url\":\"https:\/\/www.africa-press.net\/niger\/\",\"name\":\"niger\",\"description\":\"Just another Africa News Agency Sites site\",\"potentialAction\":[{\"@type\":\"SearchAction\",\"target\":{\"@type\":\"EntryPoint\",\"urlTemplate\":\"https:\/\/www.africa-press.net\/niger\/?s={search_term_string}\"},\"query-input\":{\"@type\":\"PropertyValueSpecification\",\"valueRequired\":true,\"valueName\":\"search_term_string\"}}],\"inLanguage\":\"fr-FR\"},{\"@type\":\"Person\",\"@id\":\"https:\/\/www.africa-press.net\/niger\/#\/schema\/person\/2b1cf3cd81a31e3cd26889ca66d677f1\",\"name\":\"cfeditorfr\"}]}<\/script>\n<!-- \/ Yoast SEO Premium plugin. -->","yoast_head_json":{"title":"Le Pr\u00e9sident de la R\u00e9publique re\u00e7oit une d\u00e9l\u00e9gation de la plate forme paysanne du Niger et du ROPPA : La plate-forme annonce la tenue de la semaine du paysan du 22 au 26 novembre - niger","description":"\ufeffLe Pr\u00e9sident de la R\u00e9publique, Chef de l\u2019Etat, M. Mohamed Bazoum, a re\u00e7u hier dans l\u2019apr\u00e8s-midi, une d\u00e9l\u00e9gation compos\u00e9 ...","robots":{"index":"index","follow":"follow","max-snippet":"max-snippet:-1","max-image-preview":"max-image-preview:large","max-video-preview":"max-video-preview:-1"},"canonical":"https:\/\/www.africa-press.net\/niger\/politique\/le-president-de-la-republique-recoit-une-delegation-de-la-plate-forme-paysanne-du-niger-et-du-roppa-la-plate-forme-annonce-la-tenue-de-la-semaine-du-paysan-du-22-au-26-novembre","og_locale":"fr_FR","og_type":"article","og_title":"Le Pr\u00e9sident de la R\u00e9publique re\u00e7oit une d\u00e9l\u00e9gation de la plate forme paysanne du Niger et du ROPPA : La plate-forme annonce la tenue de la semaine du paysan du 22 au 26 novembre","og_description":"\ufeffLe Pr\u00e9sident de la R\u00e9publique, Chef de l\u2019Etat, M. Mohamed Bazoum, a re\u00e7u hier dans l\u2019apr\u00e8s-midi, une d\u00e9l\u00e9gation compos\u00e9 ...","og_url":"https:\/\/www.africa-press.net\/niger\/politique\/le-president-de-la-republique-recoit-une-delegation-de-la-plate-forme-paysanne-du-niger-et-du-roppa-la-plate-forme-annonce-la-tenue-de-la-semaine-du-paysan-du-22-au-26-novembre","og_site_name":"niger","article_published_time":"2021-09-09T19:45:05+00:00","og_image":[{"width":720,"height":420,"url":"https:\/\/static.africa-press.net\/niger\/sites\/40\/2021\/09\/img-613a479c6bcd8.jpg","type":"image\/jpeg"}],"author":"cfeditorfr","twitter_card":"summary_large_image","twitter_misc":{"\u00c9crit par":"cfeditorfr","Dur\u00e9e de lecture estim\u00e9e":"3 minutes"},"schema":{"@context":"https:\/\/schema.org","@graph":[{"@type":"Article","@id":"https:\/\/www.africa-press.net\/niger\/politique\/le-president-de-la-republique-recoit-une-delegation-de-la-plate-forme-paysanne-du-niger-et-du-roppa-la-plate-forme-annonce-la-tenue-de-la-semaine-du-paysan-du-22-au-26-novembre#article","isPartOf":{"@id":"https:\/\/www.africa-press.net\/niger\/politique\/le-president-de-la-republique-recoit-une-delegation-de-la-plate-forme-paysanne-du-niger-et-du-roppa-la-plate-forme-annonce-la-tenue-de-la-semaine-du-paysan-du-22-au-26-novembre"},"author":{"name":"cfeditorfr","@id":"https:\/\/www.africa-press.net\/niger\/#\/schema\/person\/2b1cf3cd81a31e3cd26889ca66d677f1"},"headline":"Le Pr\u00e9sident de la R\u00e9publique re\u00e7oit une d\u00e9l\u00e9gation de la plate forme paysanne du Niger et du ROPPA : La plate-forme annonce la tenue de la semaine du paysan du 22 au 26 novembre","datePublished":"2021-09-09T19:45:05+00:00","mainEntityOfPage":{"@id":"https:\/\/www.africa-press.net\/niger\/politique\/le-president-de-la-republique-recoit-une-delegation-de-la-plate-forme-paysanne-du-niger-et-du-roppa-la-plate-forme-annonce-la-tenue-de-la-semaine-du-paysan-du-22-au-26-novembre"},"wordCount":623,"commentCount":0,"image":{"@id":"https:\/\/www.africa-press.net\/niger\/politique\/le-president-de-la-republique-recoit-une-delegation-de-la-plate-forme-paysanne-du-niger-et-du-roppa-la-plate-forme-annonce-la-tenue-de-la-semaine-du-paysan-du-22-au-26-novembre#primaryimage"},"thumbnailUrl":"https:\/\/static.africa-press.net\/niger\/sites\/40\/2021\/09\/img-613a479c6bcd8.jpg","keywords":["Africa Press","Africa Press-Niger","Niger"],"articleSection":["homepage-french","Politique","Toutes les actualit\u00e9s"],"inLanguage":"fr-FR","potentialAction":[{"@type":"CommentAction","name":"Comment","target":["https:\/\/www.africa-press.net\/niger\/politique\/le-president-de-la-republique-recoit-une-delegation-de-la-plate-forme-paysanne-du-niger-et-du-roppa-la-plate-forme-annonce-la-tenue-de-la-semaine-du-paysan-du-22-au-26-novembre#respond"]}]},{"@type":"WebPage","@id":"https:\/\/www.africa-press.net\/niger\/politique\/le-president-de-la-republique-recoit-une-delegation-de-la-plate-forme-paysanne-du-niger-et-du-roppa-la-plate-forme-annonce-la-tenue-de-la-semaine-du-paysan-du-22-au-26-novembre","url":"https:\/\/www.africa-press.net\/niger\/politique\/le-president-de-la-republique-recoit-une-delegation-de-la-plate-forme-paysanne-du-niger-et-du-roppa-la-plate-forme-annonce-la-tenue-de-la-semaine-du-paysan-du-22-au-26-novembre","name":"Le Pr\u00e9sident de la R\u00e9publique re\u00e7oit une d\u00e9l\u00e9gation de la plate forme paysanne du Niger et du ROPPA : La plate-forme annonce la tenue de la semaine du paysan du 22 au 26 novembre - niger","isPartOf":{"@id":"https:\/\/www.africa-press.net\/niger\/#website"},"primaryImageOfPage":{"@id":"https:\/\/www.africa-press.net\/niger\/politique\/le-president-de-la-republique-recoit-une-delegation-de-la-plate-forme-paysanne-du-niger-et-du-roppa-la-plate-forme-annonce-la-tenue-de-la-semaine-du-paysan-du-22-au-26-novembre#primaryimage"},"image":{"@id":"https:\/\/www.africa-press.net\/niger\/politique\/le-president-de-la-republique-recoit-une-delegation-de-la-plate-forme-paysanne-du-niger-et-du-roppa-la-plate-forme-annonce-la-tenue-de-la-semaine-du-paysan-du-22-au-26-novembre#primaryimage"},"thumbnailUrl":"https:\/\/static.africa-press.net\/niger\/sites\/40\/2021\/09\/img-613a479c6bcd8.jpg","datePublished":"2021-09-09T19:45:05+00:00","author":{"@id":"https:\/\/www.africa-press.net\/niger\/#\/schema\/person\/2b1cf3cd81a31e3cd26889ca66d677f1"},"description":"\ufeffLe Pr\u00e9sident de la R\u00e9publique, Chef de l\u2019Etat, M. Mohamed Bazoum, a re\u00e7u hier dans l\u2019apr\u00e8s-midi, une d\u00e9l\u00e9gation compos\u00e9 ...","breadcrumb":{"@id":"https:\/\/www.africa-press.net\/niger\/politique\/le-president-de-la-republique-recoit-une-delegation-de-la-plate-forme-paysanne-du-niger-et-du-roppa-la-plate-forme-annonce-la-tenue-de-la-semaine-du-paysan-du-22-au-26-novembre#breadcrumb"},"inLanguage":"fr-FR","potentialAction":[{"@type":"ReadAction","target":["https:\/\/www.africa-press.net\/niger\/politique\/le-president-de-la-republique-recoit-une-delegation-de-la-plate-forme-paysanne-du-niger-et-du-roppa-la-plate-forme-annonce-la-tenue-de-la-semaine-du-paysan-du-22-au-26-novembre"]}]},{"@type":"ImageObject","inLanguage":"fr-FR","@id":"https:\/\/www.africa-press.net\/niger\/politique\/le-president-de-la-republique-recoit-une-delegation-de-la-plate-forme-paysanne-du-niger-et-du-roppa-la-plate-forme-annonce-la-tenue-de-la-semaine-du-paysan-du-22-au-26-novembre#primaryimage","url":"https:\/\/static.africa-press.net\/niger\/sites\/40\/2021\/09\/img-613a479c6bcd8.jpg","contentUrl":"https:\/\/static.africa-press.net\/niger\/sites\/40\/2021\/09\/img-613a479c6bcd8.jpg","width":720,"height":420,"caption":"Le Pr\u00e9sident de la R\u00e9publique re\u00e7oit une d\u00e9l\u00e9gation de la plate forme paysanne du Niger et du ROPPA : La plate-forme annonce la tenue de la semaine du paysan du 22 au 26 novembre"},{"@type":"BreadcrumbList","@id":"https:\/\/www.africa-press.net\/niger\/politique\/le-president-de-la-republique-recoit-une-delegation-de-la-plate-forme-paysanne-du-niger-et-du-roppa-la-plate-forme-annonce-la-tenue-de-la-semaine-du-paysan-du-22-au-26-novembre#breadcrumb","itemListElement":[{"@type":"ListItem","position":1,"name":"Accueil","item":"https:\/\/www.africa-press.net\/niger\/"},{"@type":"ListItem","position":2,"name":"Le Pr\u00e9sident de la R\u00e9publique re\u00e7oit une d\u00e9l\u00e9gation de la plate forme paysanne du Niger et du ROPPA : La plate-forme annonce la tenue de la semaine du paysan du 22 au 26 novembre"}]},{"@type":"WebSite","@id":"https:\/\/www.africa-press.net\/niger\/#website","url":"https:\/\/www.africa-press.net\/niger\/","name":"niger","description":"Just another Africa News Agency Sites site","potentialAction":[{"@type":"SearchAction","target":{"@type":"EntryPoint","urlTemplate":"https:\/\/www.africa-press.net\/niger\/?s={search_term_string}"},"query-input":{"@type":"PropertyValueSpecification","valueRequired":true,"valueName":"search_term_string"}}],"inLanguage":"fr-FR"},{"@type":"Person","@id":"https:\/\/www.africa-press.net\/niger\/#\/schema\/person\/2b1cf3cd81a31e3cd26889ca66d677f1","name":"cfeditorfr"}]}},"_links":{"self":[{"href":"https:\/\/www.africa-press.net\/niger\/wp-json\/wp\/v2\/posts\/11479","targetHints":{"allow":["GET"]}}],"collection":[{"href":"https:\/\/www.africa-press.net\/niger\/wp-json\/wp\/v2\/posts"}],"about":[{"href":"https:\/\/www.africa-press.net\/niger\/wp-json\/wp\/v2\/types\/post"}],"author":[{"embeddable":true,"href":"https:\/\/www.africa-press.net\/niger\/wp-json\/wp\/v2\/users\/82"}],"replies":[{"embeddable":true,"href":"https:\/\/www.africa-press.net\/niger\/wp-json\/wp\/v2\/comments?post=11479"}],"version-history":[{"count":0,"href":"https:\/\/www.africa-press.net\/niger\/wp-json\/wp\/v2\/posts\/11479\/revisions"}],"wp:featuredmedia":[{"embeddable":true,"href":"https:\/\/www.africa-press.net\/niger\/wp-json\/wp\/v2\/media\/11478"}],"wp:attachment":[{"href":"https:\/\/www.africa-press.net\/niger\/wp-json\/wp\/v2\/media?parent=11479"}],"wp:term":[{"taxonomy":"category","embeddable":true,"href":"https:\/\/www.africa-press.net\/niger\/wp-json\/wp\/v2\/categories?post=11479"},{"taxonomy":"post_tag","embeddable":true,"href":"https:\/\/www.africa-press.net\/niger\/wp-json\/wp\/v2\/tags?post=11479"}],"curies":[{"name":"wp","href":"https:\/\/api.w.org\/{rel}","templated":true}]}}