{"id":11491,"date":"2021-09-09T20:17:37","date_gmt":"2021-09-09T20:17:37","guid":{"rendered":"https:\/\/www.africa-press.net\/niger\/?p=11491"},"modified":"2021-09-09T18:48:08","modified_gmt":"2021-09-09T18:48:08","slug":"nabil-ben-khatra-les-ecosystemes-contribuent-a-la-vie-economique-des-pays","status":"publish","type":"post","link":"https:\/\/www.africa-press.net\/niger\/toutes-les-actualites\/nabil-ben-khatra-les-ecosystemes-contribuent-a-la-vie-economique-des-pays","title":{"rendered":"Nabil Ben Khatra : \u00ab\u00a0Les \u00e9cosyst\u00e8mes contribuent \u00e0 la vie \u00e9conomique des pays\u00a0\u00bb"},"content":{"rendered":"<p><span style=\"color: #ff6600\"><strong><a href=\"https:\/\/www.africa-press.net\/\">Africa-Press<\/a> &#8211; <a href=\"https:\/\/www.africa-press.net\/niger\">Niger<\/a>. <\/strong><\/span>Lors du Congr\u00e8s mondial de la nature organis\u00e9 cette semaine \u00e0 Marseille, le secr\u00e9taire ex\u00e9cutif de l\u2019Observatoire du Sahara et du Sahel a d\u00e9voil\u00e9 ses donn\u00e9es sur les b\u00e9n\u00e9fices financiers que peuvent g\u00e9n\u00e9rer la pr\u00e9servation et la restauration des \u00e9cosyst\u00e8mes. L\u2019Afrique a tout \u00e0 y gagner.<\/p>\n<p>\u00ab\u00abEt si la protection de l\u2019environnement \u00e9tait avant tout un enjeu \u00e9conomique ? C\u2019est ce que tend \u00e0 d\u00e9montrer la \u00ab comptabilit\u00e9 \u00e9cosyst\u00e9mique du capital naturel \u00bb (CECN). Le concept, \u00e0 premi\u00e8re vue herm\u00e9tique, a de quoi \u00e9corcher la langue des novices, mais il pourrait bouleverser les sch\u00e9mas de pens\u00e9e des dirigeants.<\/p>\n<p>Il repose sur une r\u00e9alit\u00e9 simple : d\u00e9truire la nature amenuise de nombreuses sources de revenus des populations comme des \u00c9tats et amplifie les risques \u2013 et donc les co\u00fbts \u2013 de catastrophes environnementales et climatiques.<\/p>\n<p>Chiffrer la valeur des services rendus par les \u00e9cosyst\u00e8mes au moyen de donn\u00e9es satellites, physiques et socio\u00e9conomiques concr\u00e8tes permet au contraire d\u2019\u00e9valuer les b\u00e9n\u00e9fices de sa conservation et de son exploitation raisonn\u00e9e.<\/p>\n<p>\u00c0 l\u2019occasion du Congr\u00e8s mondial de la nature de l\u2019UICN (Union internationale pour la conservation de la nature) qui se tient \u00e0 Marseille du 3 au 11 septembre, l\u2019Observatoire du Sahara et du Sahel a pr\u00e9sent\u00e9 pour la premi\u00e8re fois le bilan d\u2019\u00e9tape des six projets qu\u2019il a men\u00e9s depuis un an en la mati\u00e8re.<\/p>\n<p>Ils portent sur des \u00e9cosyst\u00e8mes africains type, dans le cadre du programme Copernicea (Coop\u00e9ration r\u00e9gionale pour de nouveaux indicateurs de comptabilit\u00e9 \u00e9cosyst\u00e9mique en Afrique), qui se d\u00e9roule sur quatre ans au Maroc, en Tunisie, en Guin\u00e9e, au Niger, au S\u00e9n\u00e9gal et au Burkina Faso.<\/p>\n<p>Bas\u00e9es \u00e0 Tunis, les \u00e9quipes scientifiques de l\u2019Observatoire travaillent sur les enjeux li\u00e9s \u00e0 la biodiversit\u00e9, au changement climatique, \u00e0 la gestion de l\u2019eau et \u00e0 la d\u00e9sertification dans la zone.<\/p>\n<p>L\u2019Observatoire compte 33 \u00c9tats membres, dont 26 africains, auxquels s\u2019ajoutent des partenaires europ\u00e9ens et le Canada, mais aussi plus d\u2019une dizaine d\u2019organisations internationales et r\u00e9gionales.<\/p>\n<p>Son secr\u00e9taire ex\u00e9cutif, l\u2019ing\u00e9nieur agronome sp\u00e9cialiste en t\u00e9l\u00e9d\u00e9tection et en syst\u00e8mes d\u2019information g\u00e9ographique Nabil Ben Khatra, entend d\u00e9velopper ces projets pilotes \u00e0 de plus grandes \u00e9chelles sur le continent.<\/p>\n<p><b>Jeune Afrique : Vous avez pr\u00e9sent\u00e9 au Congr\u00e8s mondial de la nature les r\u00e9sultats de vos travaux sur la \u00ab comptabilit\u00e9 \u00e9cosyst\u00e9mique du capital naturel [CECN] \u00bb. Quel sont les objectifs de celle-ci ?<\/b><\/p>\n<p><b>Nabil Ben Khatra :<\/b><\/p>\n<p>Tout projet ou initiative de d\u00e9veloppement n\u00e9cessite de comptabiliser la rentabilit\u00e9 des programmes et investissements qu\u2019on souhaite mettre en \u0153uvre. La CECN consiste \u00e0 donner une valeur mon\u00e9taire aux investissements sur les \u00e9cosyst\u00e8mes, que ce soit pour les pr\u00e9server ou les restaurer.<\/p>\n<p>En donnant une valeur mon\u00e9taire aux services que rendent les \u00e9cosyst\u00e8mes, on peut \u00e9valuer ce que rapportera leur r\u00e9habilitation dans les dix prochaines ann\u00e9es.<\/p>\n<p>En donnant une valeur mon\u00e9taire aux services qu\u2019ils rendent, on peut \u00e9valuer ce que rapportera leur r\u00e9habilitation dans les dix prochaines ann\u00e9es. Les \u00e9cosyst\u00e8mes contribuent \u00e0 la vie \u00e9conomique des pays. Or nous avons tendance \u00e0 l\u2019oublier et \u00e0 prendre ces richesses pour acquises.<\/p>\n<p>C\u2019est tr\u00e8s important, car jusqu\u2019\u00e0 r\u00e9cemment, quand un ministre de l\u2019Environnement ou de l\u2019Agriculture pr\u00e9sentait son programme de travail, on avait l\u2019impression qu\u2019il d\u00e9fendait tel ou tel \u00e9cosyst\u00e8me par pure id\u00e9ologie.<\/p>\n<p>D\u00e9sormais, on donne des moyens chiffr\u00e9s au d\u00e9cideur pour prouver la rentabilit\u00e9 de la pr\u00e9servation d\u2019un site, sa valeur ajout\u00e9e et ses retomb\u00e9es financi\u00e8res.<\/p>\n<p>\u00c0 terme, des investissements cibl\u00e9s en faveur des \u00e9cosyst\u00e8mes ne co\u00fbtent pas plus cher, et sont plus int\u00e9ressants et durables. Notre avenir en d\u00e9pend.<\/p>\n<p><b>En quoi le continent africain est-il particuli\u00e8rement concern\u00e9 ?<\/b><\/p>\n<p>C\u2019est peut-\u00eatre celui o\u00f9 le d\u00e9veloppement \u00e9conomique et social de l\u2019homme est le plus \u00e9troitement li\u00e9 \u00e0 la nature et aux potentialit\u00e9s des \u00e9cosyst\u00e8mes.<\/p>\n","protected":false},"excerpt":{"rendered":"<p>Africa-Press &#8211; Niger. Lors du Congr\u00e8s mondial de la nature organis\u00e9 cette semaine \u00e0 Marseille, le secr\u00e9taire ex\u00e9cutif de l\u2019Observatoire du Sahara et du Sahel a d\u00e9voil\u00e9 ses donn\u00e9es sur les b\u00e9n\u00e9fices financiers que peuvent g\u00e9n\u00e9rer la pr\u00e9servation et la restauration des \u00e9cosyst\u00e8mes. L\u2019Afrique a tout \u00e0 y gagner. \u00ab\u00abEt si la protection de l\u2019environnement [&hellip;]<\/p>\n","protected":false},"author":82,"featured_media":11490,"comment_status":"open","ping_status":"closed","sticky":false,"template":"","format":"standard","meta":{"footnotes":""},"categories":[21,11,10],"tags":[55,60,29],"class_list":["post-11491","post","type-post","status-publish","format-standard","has-post-thumbnail","hentry","category-communaute","category-homepage-french","category-toutes-les-actualites","tag-africa-press","tag-africa-press-niger","tag-niger"],"yoast_head":"<!-- This site is optimized with the Yoast SEO Premium plugin v26.1 (Yoast SEO v27.0) - https:\/\/yoast.com\/product\/yoast-seo-premium-wordpress\/ -->\n<title>Nabil Ben Khatra : \u00ab\u00a0Les \u00e9cosyst\u00e8mes contribuent \u00e0 la vie \u00e9conomique des pays\u00a0\u00bb - niger<\/title>\n<meta name=\"description\" content=\"Lors du Congr\u00e8s mondial de la nature organis\u00e9 cette semaine \u00e0 Marseille, le secr\u00e9taire ex\u00e9cutif de l\u2019Observatoire du Sah ...\" \/>\n<meta name=\"robots\" content=\"index, follow, max-snippet:-1, max-image-preview:large, max-video-preview:-1\" \/>\n<link rel=\"canonical\" href=\"https:\/\/www.africa-press.net\/niger\/toutes-les-actualites\/nabil-ben-khatra-les-ecosystemes-contribuent-a-la-vie-economique-des-pays\" \/>\n<meta property=\"og:locale\" content=\"fr_FR\" \/>\n<meta property=\"og:type\" content=\"article\" \/>\n<meta property=\"og:title\" content=\"Nabil Ben Khatra : \u00ab\u00a0Les \u00e9cosyst\u00e8mes contribuent \u00e0 la vie \u00e9conomique des pays\u00a0\u00bb\" \/>\n<meta property=\"og:description\" content=\"Lors du Congr\u00e8s mondial de la nature organis\u00e9 cette semaine \u00e0 Marseille, le secr\u00e9taire ex\u00e9cutif de l\u2019Observatoire du Sah ...\" \/>\n<meta property=\"og:url\" content=\"https:\/\/www.africa-press.net\/niger\/toutes-les-actualites\/nabil-ben-khatra-les-ecosystemes-contribuent-a-la-vie-economique-des-pays\" \/>\n<meta property=\"og:site_name\" content=\"niger\" \/>\n<meta property=\"article:published_time\" content=\"2021-09-09T20:17:37+00:00\" \/>\n<meta property=\"og:image\" content=\"https:\/\/static.africa-press.net\/niger\/sites\/40\/2021\/09\/img-613a4871e4fc0.jpg\" \/>\n\t<meta property=\"og:image:width\" content=\"720\" \/>\n\t<meta property=\"og:image:height\" content=\"360\" \/>\n\t<meta property=\"og:image:type\" content=\"image\/jpeg\" \/>\n<meta name=\"author\" content=\"cfeditorfr\" \/>\n<meta name=\"twitter:card\" content=\"summary_large_image\" \/>\n<meta name=\"twitter:label1\" content=\"\u00c9crit par\" \/>\n\t<meta name=\"twitter:data1\" content=\"cfeditorfr\" \/>\n\t<meta name=\"twitter:label2\" content=\"Dur\u00e9e de lecture estim\u00e9e\" \/>\n\t<meta name=\"twitter:data2\" content=\"4 minutes\" \/>\n<script type=\"application\/ld+json\" class=\"yoast-schema-graph\">{\"@context\":\"https:\/\/schema.org\",\"@graph\":[{\"@type\":\"Article\",\"@id\":\"https:\/\/www.africa-press.net\/niger\/toutes-les-actualites\/nabil-ben-khatra-les-ecosystemes-contribuent-a-la-vie-economique-des-pays#article\",\"isPartOf\":{\"@id\":\"https:\/\/www.africa-press.net\/niger\/toutes-les-actualites\/nabil-ben-khatra-les-ecosystemes-contribuent-a-la-vie-economique-des-pays\"},\"author\":{\"name\":\"cfeditorfr\",\"@id\":\"https:\/\/www.africa-press.net\/niger\/#\/schema\/person\/2b1cf3cd81a31e3cd26889ca66d677f1\"},\"headline\":\"Nabil Ben Khatra : \u00ab\u00a0Les \u00e9cosyst\u00e8mes contribuent \u00e0 la vie \u00e9conomique des pays\u00a0\u00bb\",\"datePublished\":\"2021-09-09T20:17:37+00:00\",\"mainEntityOfPage\":{\"@id\":\"https:\/\/www.africa-press.net\/niger\/toutes-les-actualites\/nabil-ben-khatra-les-ecosystemes-contribuent-a-la-vie-economique-des-pays\"},\"wordCount\":716,\"commentCount\":0,\"image\":{\"@id\":\"https:\/\/www.africa-press.net\/niger\/toutes-les-actualites\/nabil-ben-khatra-les-ecosystemes-contribuent-a-la-vie-economique-des-pays#primaryimage\"},\"thumbnailUrl\":\"https:\/\/static.africa-press.net\/niger\/sites\/40\/2021\/09\/img-613a4871e4fc0.jpg\",\"keywords\":[\"Africa Press\",\"Africa Press-Niger\",\"Niger\"],\"articleSection\":[\"Communaut\u00e9\",\"homepage-french\",\"Toutes les actualit\u00e9s\"],\"inLanguage\":\"fr-FR\",\"potentialAction\":[{\"@type\":\"CommentAction\",\"name\":\"Comment\",\"target\":[\"https:\/\/www.africa-press.net\/niger\/toutes-les-actualites\/nabil-ben-khatra-les-ecosystemes-contribuent-a-la-vie-economique-des-pays#respond\"]}]},{\"@type\":\"WebPage\",\"@id\":\"https:\/\/www.africa-press.net\/niger\/toutes-les-actualites\/nabil-ben-khatra-les-ecosystemes-contribuent-a-la-vie-economique-des-pays\",\"url\":\"https:\/\/www.africa-press.net\/niger\/toutes-les-actualites\/nabil-ben-khatra-les-ecosystemes-contribuent-a-la-vie-economique-des-pays\",\"name\":\"Nabil Ben Khatra : \u00ab\u00a0Les \u00e9cosyst\u00e8mes contribuent \u00e0 la vie \u00e9conomique des pays\u00a0\u00bb - niger\",\"isPartOf\":{\"@id\":\"https:\/\/www.africa-press.net\/niger\/#website\"},\"primaryImageOfPage\":{\"@id\":\"https:\/\/www.africa-press.net\/niger\/toutes-les-actualites\/nabil-ben-khatra-les-ecosystemes-contribuent-a-la-vie-economique-des-pays#primaryimage\"},\"image\":{\"@id\":\"https:\/\/www.africa-press.net\/niger\/toutes-les-actualites\/nabil-ben-khatra-les-ecosystemes-contribuent-a-la-vie-economique-des-pays#primaryimage\"},\"thumbnailUrl\":\"https:\/\/static.africa-press.net\/niger\/sites\/40\/2021\/09\/img-613a4871e4fc0.jpg\",\"datePublished\":\"2021-09-09T20:17:37+00:00\",\"author\":{\"@id\":\"https:\/\/www.africa-press.net\/niger\/#\/schema\/person\/2b1cf3cd81a31e3cd26889ca66d677f1\"},\"description\":\"Lors du Congr\u00e8s mondial de la nature organis\u00e9 cette semaine \u00e0 Marseille, le secr\u00e9taire ex\u00e9cutif de l\u2019Observatoire du Sah ...\",\"breadcrumb\":{\"@id\":\"https:\/\/www.africa-press.net\/niger\/toutes-les-actualites\/nabil-ben-khatra-les-ecosystemes-contribuent-a-la-vie-economique-des-pays#breadcrumb\"},\"inLanguage\":\"fr-FR\",\"potentialAction\":[{\"@type\":\"ReadAction\",\"target\":[\"https:\/\/www.africa-press.net\/niger\/toutes-les-actualites\/nabil-ben-khatra-les-ecosystemes-contribuent-a-la-vie-economique-des-pays\"]}]},{\"@type\":\"ImageObject\",\"inLanguage\":\"fr-FR\",\"@id\":\"https:\/\/www.africa-press.net\/niger\/toutes-les-actualites\/nabil-ben-khatra-les-ecosystemes-contribuent-a-la-vie-economique-des-pays#primaryimage\",\"url\":\"https:\/\/static.africa-press.net\/niger\/sites\/40\/2021\/09\/img-613a4871e4fc0.jpg\",\"contentUrl\":\"https:\/\/static.africa-press.net\/niger\/sites\/40\/2021\/09\/img-613a4871e4fc0.jpg\",\"width\":720,\"height\":360,\"caption\":\"Nabil Ben Khatra : \u00ab\u00a0Les \u00e9cosyst\u00e8mes contribuent \u00e0 la vie \u00e9conomique des pays\u00a0\u00bb\"},{\"@type\":\"BreadcrumbList\",\"@id\":\"https:\/\/www.africa-press.net\/niger\/toutes-les-actualites\/nabil-ben-khatra-les-ecosystemes-contribuent-a-la-vie-economique-des-pays#breadcrumb\",\"itemListElement\":[{\"@type\":\"ListItem\",\"position\":1,\"name\":\"Accueil\",\"item\":\"https:\/\/www.africa-press.net\/niger\/\"},{\"@type\":\"ListItem\",\"position\":2,\"name\":\"Nabil Ben Khatra : \u00ab\u00a0Les \u00e9cosyst\u00e8mes contribuent \u00e0 la vie \u00e9conomique des pays\u00a0\u00bb\"}]},{\"@type\":\"WebSite\",\"@id\":\"https:\/\/www.africa-press.net\/niger\/#website\",\"url\":\"https:\/\/www.africa-press.net\/niger\/\",\"name\":\"niger\",\"description\":\"Just another Africa News Agency Sites site\",\"potentialAction\":[{\"@type\":\"SearchAction\",\"target\":{\"@type\":\"EntryPoint\",\"urlTemplate\":\"https:\/\/www.africa-press.net\/niger\/?s={search_term_string}\"},\"query-input\":{\"@type\":\"PropertyValueSpecification\",\"valueRequired\":true,\"valueName\":\"search_term_string\"}}],\"inLanguage\":\"fr-FR\"},{\"@type\":\"Person\",\"@id\":\"https:\/\/www.africa-press.net\/niger\/#\/schema\/person\/2b1cf3cd81a31e3cd26889ca66d677f1\",\"name\":\"cfeditorfr\"}]}<\/script>\n<!-- \/ Yoast SEO Premium plugin. -->","yoast_head_json":{"title":"Nabil Ben Khatra : \u00ab\u00a0Les \u00e9cosyst\u00e8mes contribuent \u00e0 la vie \u00e9conomique des pays\u00a0\u00bb - niger","description":"Lors du Congr\u00e8s mondial de la nature organis\u00e9 cette semaine \u00e0 Marseille, le secr\u00e9taire ex\u00e9cutif de l\u2019Observatoire du Sah ...","robots":{"index":"index","follow":"follow","max-snippet":"max-snippet:-1","max-image-preview":"max-image-preview:large","max-video-preview":"max-video-preview:-1"},"canonical":"https:\/\/www.africa-press.net\/niger\/toutes-les-actualites\/nabil-ben-khatra-les-ecosystemes-contribuent-a-la-vie-economique-des-pays","og_locale":"fr_FR","og_type":"article","og_title":"Nabil Ben Khatra : \u00ab\u00a0Les \u00e9cosyst\u00e8mes contribuent \u00e0 la vie \u00e9conomique des pays\u00a0\u00bb","og_description":"Lors du Congr\u00e8s mondial de la nature organis\u00e9 cette semaine \u00e0 Marseille, le secr\u00e9taire ex\u00e9cutif de l\u2019Observatoire du Sah ...","og_url":"https:\/\/www.africa-press.net\/niger\/toutes-les-actualites\/nabil-ben-khatra-les-ecosystemes-contribuent-a-la-vie-economique-des-pays","og_site_name":"niger","article_published_time":"2021-09-09T20:17:37+00:00","og_image":[{"width":720,"height":360,"url":"https:\/\/static.africa-press.net\/niger\/sites\/40\/2021\/09\/img-613a4871e4fc0.jpg","type":"image\/jpeg"}],"author":"cfeditorfr","twitter_card":"summary_large_image","twitter_misc":{"\u00c9crit par":"cfeditorfr","Dur\u00e9e de lecture estim\u00e9e":"4 minutes"},"schema":{"@context":"https:\/\/schema.org","@graph":[{"@type":"Article","@id":"https:\/\/www.africa-press.net\/niger\/toutes-les-actualites\/nabil-ben-khatra-les-ecosystemes-contribuent-a-la-vie-economique-des-pays#article","isPartOf":{"@id":"https:\/\/www.africa-press.net\/niger\/toutes-les-actualites\/nabil-ben-khatra-les-ecosystemes-contribuent-a-la-vie-economique-des-pays"},"author":{"name":"cfeditorfr","@id":"https:\/\/www.africa-press.net\/niger\/#\/schema\/person\/2b1cf3cd81a31e3cd26889ca66d677f1"},"headline":"Nabil Ben Khatra : \u00ab\u00a0Les \u00e9cosyst\u00e8mes contribuent \u00e0 la vie \u00e9conomique des pays\u00a0\u00bb","datePublished":"2021-09-09T20:17:37+00:00","mainEntityOfPage":{"@id":"https:\/\/www.africa-press.net\/niger\/toutes-les-actualites\/nabil-ben-khatra-les-ecosystemes-contribuent-a-la-vie-economique-des-pays"},"wordCount":716,"commentCount":0,"image":{"@id":"https:\/\/www.africa-press.net\/niger\/toutes-les-actualites\/nabil-ben-khatra-les-ecosystemes-contribuent-a-la-vie-economique-des-pays#primaryimage"},"thumbnailUrl":"https:\/\/static.africa-press.net\/niger\/sites\/40\/2021\/09\/img-613a4871e4fc0.jpg","keywords":["Africa Press","Africa Press-Niger","Niger"],"articleSection":["Communaut\u00e9","homepage-french","Toutes les actualit\u00e9s"],"inLanguage":"fr-FR","potentialAction":[{"@type":"CommentAction","name":"Comment","target":["https:\/\/www.africa-press.net\/niger\/toutes-les-actualites\/nabil-ben-khatra-les-ecosystemes-contribuent-a-la-vie-economique-des-pays#respond"]}]},{"@type":"WebPage","@id":"https:\/\/www.africa-press.net\/niger\/toutes-les-actualites\/nabil-ben-khatra-les-ecosystemes-contribuent-a-la-vie-economique-des-pays","url":"https:\/\/www.africa-press.net\/niger\/toutes-les-actualites\/nabil-ben-khatra-les-ecosystemes-contribuent-a-la-vie-economique-des-pays","name":"Nabil Ben Khatra : \u00ab\u00a0Les \u00e9cosyst\u00e8mes contribuent \u00e0 la vie \u00e9conomique des pays\u00a0\u00bb - niger","isPartOf":{"@id":"https:\/\/www.africa-press.net\/niger\/#website"},"primaryImageOfPage":{"@id":"https:\/\/www.africa-press.net\/niger\/toutes-les-actualites\/nabil-ben-khatra-les-ecosystemes-contribuent-a-la-vie-economique-des-pays#primaryimage"},"image":{"@id":"https:\/\/www.africa-press.net\/niger\/toutes-les-actualites\/nabil-ben-khatra-les-ecosystemes-contribuent-a-la-vie-economique-des-pays#primaryimage"},"thumbnailUrl":"https:\/\/static.africa-press.net\/niger\/sites\/40\/2021\/09\/img-613a4871e4fc0.jpg","datePublished":"2021-09-09T20:17:37+00:00","author":{"@id":"https:\/\/www.africa-press.net\/niger\/#\/schema\/person\/2b1cf3cd81a31e3cd26889ca66d677f1"},"description":"Lors du Congr\u00e8s mondial de la nature organis\u00e9 cette semaine \u00e0 Marseille, le secr\u00e9taire ex\u00e9cutif de l\u2019Observatoire du Sah ...","breadcrumb":{"@id":"https:\/\/www.africa-press.net\/niger\/toutes-les-actualites\/nabil-ben-khatra-les-ecosystemes-contribuent-a-la-vie-economique-des-pays#breadcrumb"},"inLanguage":"fr-FR","potentialAction":[{"@type":"ReadAction","target":["https:\/\/www.africa-press.net\/niger\/toutes-les-actualites\/nabil-ben-khatra-les-ecosystemes-contribuent-a-la-vie-economique-des-pays"]}]},{"@type":"ImageObject","inLanguage":"fr-FR","@id":"https:\/\/www.africa-press.net\/niger\/toutes-les-actualites\/nabil-ben-khatra-les-ecosystemes-contribuent-a-la-vie-economique-des-pays#primaryimage","url":"https:\/\/static.africa-press.net\/niger\/sites\/40\/2021\/09\/img-613a4871e4fc0.jpg","contentUrl":"https:\/\/static.africa-press.net\/niger\/sites\/40\/2021\/09\/img-613a4871e4fc0.jpg","width":720,"height":360,"caption":"Nabil Ben Khatra : \u00ab\u00a0Les \u00e9cosyst\u00e8mes contribuent \u00e0 la vie \u00e9conomique des pays\u00a0\u00bb"},{"@type":"BreadcrumbList","@id":"https:\/\/www.africa-press.net\/niger\/toutes-les-actualites\/nabil-ben-khatra-les-ecosystemes-contribuent-a-la-vie-economique-des-pays#breadcrumb","itemListElement":[{"@type":"ListItem","position":1,"name":"Accueil","item":"https:\/\/www.africa-press.net\/niger\/"},{"@type":"ListItem","position":2,"name":"Nabil Ben Khatra : \u00ab\u00a0Les \u00e9cosyst\u00e8mes contribuent \u00e0 la vie \u00e9conomique des pays\u00a0\u00bb"}]},{"@type":"WebSite","@id":"https:\/\/www.africa-press.net\/niger\/#website","url":"https:\/\/www.africa-press.net\/niger\/","name":"niger","description":"Just another Africa News Agency Sites site","potentialAction":[{"@type":"SearchAction","target":{"@type":"EntryPoint","urlTemplate":"https:\/\/www.africa-press.net\/niger\/?s={search_term_string}"},"query-input":{"@type":"PropertyValueSpecification","valueRequired":true,"valueName":"search_term_string"}}],"inLanguage":"fr-FR"},{"@type":"Person","@id":"https:\/\/www.africa-press.net\/niger\/#\/schema\/person\/2b1cf3cd81a31e3cd26889ca66d677f1","name":"cfeditorfr"}]}},"_links":{"self":[{"href":"https:\/\/www.africa-press.net\/niger\/wp-json\/wp\/v2\/posts\/11491","targetHints":{"allow":["GET"]}}],"collection":[{"href":"https:\/\/www.africa-press.net\/niger\/wp-json\/wp\/v2\/posts"}],"about":[{"href":"https:\/\/www.africa-press.net\/niger\/wp-json\/wp\/v2\/types\/post"}],"author":[{"embeddable":true,"href":"https:\/\/www.africa-press.net\/niger\/wp-json\/wp\/v2\/users\/82"}],"replies":[{"embeddable":true,"href":"https:\/\/www.africa-press.net\/niger\/wp-json\/wp\/v2\/comments?post=11491"}],"version-history":[{"count":0,"href":"https:\/\/www.africa-press.net\/niger\/wp-json\/wp\/v2\/posts\/11491\/revisions"}],"wp:featuredmedia":[{"embeddable":true,"href":"https:\/\/www.africa-press.net\/niger\/wp-json\/wp\/v2\/media\/11490"}],"wp:attachment":[{"href":"https:\/\/www.africa-press.net\/niger\/wp-json\/wp\/v2\/media?parent=11491"}],"wp:term":[{"taxonomy":"category","embeddable":true,"href":"https:\/\/www.africa-press.net\/niger\/wp-json\/wp\/v2\/categories?post=11491"},{"taxonomy":"post_tag","embeddable":true,"href":"https:\/\/www.africa-press.net\/niger\/wp-json\/wp\/v2\/tags?post=11491"}],"curies":[{"name":"wp","href":"https:\/\/api.w.org\/{rel}","templated":true}]}}