{"id":11575,"date":"2021-09-11T14:19:25","date_gmt":"2021-09-11T14:19:25","guid":{"rendered":"https:\/\/www.africa-press.net\/niger\/?p=11575"},"modified":"2021-09-11T20:17:58","modified_gmt":"2021-09-11T20:17:58","slug":"le-ministre-de-la-sante-publique-en-mission-de-travail-dans-la-region-effectue-plusieurs-visites-a-zinder","status":"publish","type":"post","link":"https:\/\/www.africa-press.net\/niger\/toutes-les-actualites\/le-ministre-de-la-sante-publique-en-mission-de-travail-dans-la-region-effectue-plusieurs-visites-a-zinder","title":{"rendered":"Le Ministre de la Sant\u00e9 Publique en mission de travail dans la r\u00e9gion effectue plusieurs visites \u00e0 Zinder"},"content":{"rendered":"<p><span style=\"color: #ff6600\"><strong><a href=\"https:\/\/www.africa-press.net\/\">Africa-Press<\/a> &#8211; <a href=\"https:\/\/www.africa-press.net\/niger\">Niger<\/a>.\u00a0 <\/strong><\/span>Le Ministre de la Sant\u00e9 Publique, Dr Illiassou Idi Ma\u00efnassara, en mission de travail de trois jours dans la r\u00e9gion de Zinder, a effectu\u00e9 plusieurs visites au niveau des structures sanitaires dans un contexte d\u2019\u00e9pid\u00e9mie de chol\u00e9ra et de Covid 19 avant de pr\u00e9sider une r\u00e9union de synth\u00e8se.<\/p>\n<p>L\u2019objectif g\u00e9n\u00e9ral de la mission est d\u2019am\u00e9liorer la qualit\u00e9 des prestations des soins et services offerts dans les structures sanitaires \u00e0 tous les niveaux de la pyramide.<\/p>\n<p>C\u2019est qu\u2019il s\u2019est rendu \u00e0 l\u2019H\u00f4pital national de Zinder en compagnie du Gouverneur de la r\u00e9gion o\u00f9 il a visit\u00e9 le Service de Radiologie qui vient d\u2019\u00eatre dot\u00e9 de nouveaux appareils en voie d\u2019installation.<\/p>\n<p>Au niveau du Centre M\u00e8re et Enfant, le Ministre Illiassou Idi Minassara a visit\u00e9 la salle des urgences.<\/p>\n<p>La visite du Ministre s\u2019est poursuivie au niveau de l\u2019union des aveugles du Niger antenne de Zinder qui abrite un centre socio-\u00e9conomique de formation cr\u00e9\u00e9 cette ann\u00e9e avec l\u2019appui des partenaires au profit des enfants des personnes aveugles.<\/p>\n<p>Le complexe scolaire Lamimou Daouda Ousman, un centre cr\u00e9\u00e9 en 2004 qui prend en charge les enfants issus des familles d\u00e9favoris\u00e9es du quartier Kara kara a \u00e9galement re\u00e7u la visite du Ministre Illiassou Mainassara. Ce nouveau Centre de formation professionnelle offre l\u2019occasion aux jeunes d\u2019apprendre la menuiserie m\u00e9tallique, la m\u00e9canique moto, l\u2019\u00e9lectricit\u00e9 b\u00e2timent et l\u2019\u00e9lectronique.<\/p>\n<p>Au cours de sa tourn\u00e9e dans les formations sanitaires, le Ministre de la Sant\u00e9 publique et sa d\u00e9l\u00e9gation ont eu l\u2019occasion d\u2019appr\u00e9cier les conditions de travail du personnel de la sant\u00e9 en visitant la Case de Sant\u00e9 de Malam Amar et de l\u2019h\u00f4pital de District de Mirriah.<\/p>\n<p>Au terme de toutes ces visites, le Ministre en Charge de la Sant\u00e9 publique a pr\u00e9sid\u00e9 une r\u00e9union de Synth\u00e8se avec tous les acteurs du secteur de la Sant\u00e9.<\/p>\n<p>Cette rencontre a permis \u00e0 ces derniers d\u2019\u00e9changer sur les difficult\u00e9s que rencontrent les agents de sant\u00e9, les dysfonctionnements des services des soins, leur fonctionnement et leurs besoins pour am\u00e9liorer leurs prestations au profit des populations.<\/p>\n<p>Le Dr. Idi Illiassou Mainassara a attir\u00e9 l\u2019attention du personnel de la Sant\u00e9 de la r\u00e9gion de Zinder sur le respect de l\u2019\u00e9thique et de la d\u00e9ontologie pour assurer les soins de qualit\u00e9 \u00e0 la population.<\/p>\n<p>Il a f\u00e9licit\u00e9 le personnel de la Sant\u00e9 pour les efforts quotidiens qu\u2019il d\u00e9ploie en faveur des patients malgr\u00e9 les conditions de travail souvent difficiles.<\/p>\n<p>La repr\u00e9sentante de l\u2019OMS au Niger, Dr. Agna Blanche et le Repr\u00e9sentant de l\u2019UNICEF, le Dr. Kon\u00e9 Moniba qui accompagnent le Ministre de la Sant\u00e9 Publique dans ce d\u00e9placement, ont r\u00e9it\u00e9r\u00e9 l\u2019engagement de leurs Institutions \u00e0 soutenir le Minist\u00e8re de la Sant\u00e9 Publique pour des soins de qualit\u00e9.<\/p>\n","protected":false},"excerpt":{"rendered":"<p>Africa-Press &#8211; Niger.\u00a0 Le Ministre de la Sant\u00e9 Publique, Dr Illiassou Idi Ma\u00efnassara, en mission de travail de trois jours dans la r\u00e9gion de Zinder, a effectu\u00e9 plusieurs visites au niveau des structures sanitaires dans un contexte d\u2019\u00e9pid\u00e9mie de chol\u00e9ra et de Covid 19 avant de pr\u00e9sider une r\u00e9union de synth\u00e8se. L\u2019objectif g\u00e9n\u00e9ral de la [&hellip;]<\/p>\n","protected":false},"author":82,"featured_media":11574,"comment_status":"open","ping_status":"closed","sticky":false,"template":"","format":"standard","meta":{"footnotes":""},"categories":[21,11,20,10],"tags":[55,60,29],"class_list":["post-11575","post","type-post","status-publish","format-standard","has-post-thumbnail","hentry","category-communaute","category-homepage-french","category-top-nouvelles","category-toutes-les-actualites","tag-africa-press","tag-africa-press-niger","tag-niger"],"yoast_head":"<!-- This site is optimized with the Yoast SEO Premium plugin v26.1 (Yoast SEO v27.0) - https:\/\/yoast.com\/product\/yoast-seo-premium-wordpress\/ -->\n<title>Le Ministre de la Sant\u00e9 Publique en mission de travail dans la r\u00e9gion effectue plusieurs visites \u00e0 Zinder - niger<\/title>\n<meta name=\"description\" content=\", 11 Sept (ANP).Le Ministre de la Sant\u00e9 Publique, Dr Illiassou Idi Ma\u00efnassara, en mission de travail de trois jours dans ...\" \/>\n<meta name=\"robots\" content=\"index, follow, max-snippet:-1, max-image-preview:large, max-video-preview:-1\" \/>\n<link rel=\"canonical\" href=\"https:\/\/www.africa-press.net\/niger\/toutes-les-actualites\/le-ministre-de-la-sante-publique-en-mission-de-travail-dans-la-region-effectue-plusieurs-visites-a-zinder\" \/>\n<meta property=\"og:locale\" content=\"fr_FR\" \/>\n<meta property=\"og:type\" content=\"article\" \/>\n<meta property=\"og:title\" content=\"Le Ministre de la Sant\u00e9 Publique en mission de travail dans la r\u00e9gion effectue plusieurs visites \u00e0 Zinder\" \/>\n<meta property=\"og:description\" content=\", 11 Sept (ANP).Le Ministre de la Sant\u00e9 Publique, Dr Illiassou Idi Ma\u00efnassara, en mission de travail de trois jours dans ...\" \/>\n<meta property=\"og:url\" content=\"https:\/\/www.africa-press.net\/niger\/toutes-les-actualites\/le-ministre-de-la-sante-publique-en-mission-de-travail-dans-la-region-effectue-plusieurs-visites-a-zinder\" \/>\n<meta property=\"og:site_name\" content=\"niger\" \/>\n<meta property=\"article:published_time\" content=\"2021-09-11T14:19:25+00:00\" \/>\n<meta property=\"article:modified_time\" content=\"2021-09-11T20:17:58+00:00\" \/>\n<meta property=\"og:image\" content=\"https:\/\/static.africa-press.net\/niger\/sites\/40\/2021\/09\/img-613cb75d51228.jpg\" \/>\n\t<meta property=\"og:image:width\" content=\"795\" \/>\n\t<meta property=\"og:image:height\" content=\"447\" \/>\n\t<meta property=\"og:image:type\" content=\"image\/jpeg\" \/>\n<meta name=\"author\" content=\"cfeditorfr\" \/>\n<meta name=\"twitter:card\" content=\"summary_large_image\" \/>\n<meta name=\"twitter:label1\" content=\"\u00c9crit par\" \/>\n\t<meta name=\"twitter:data1\" content=\"cfeditorfr\" \/>\n\t<meta name=\"twitter:label2\" content=\"Dur\u00e9e de lecture estim\u00e9e\" \/>\n\t<meta name=\"twitter:data2\" content=\"2 minutes\" \/>\n<script type=\"application\/ld+json\" class=\"yoast-schema-graph\">{\"@context\":\"https:\/\/schema.org\",\"@graph\":[{\"@type\":\"Article\",\"@id\":\"https:\/\/www.africa-press.net\/niger\/toutes-les-actualites\/le-ministre-de-la-sante-publique-en-mission-de-travail-dans-la-region-effectue-plusieurs-visites-a-zinder#article\",\"isPartOf\":{\"@id\":\"https:\/\/www.africa-press.net\/niger\/toutes-les-actualites\/le-ministre-de-la-sante-publique-en-mission-de-travail-dans-la-region-effectue-plusieurs-visites-a-zinder\"},\"author\":{\"name\":\"cfeditorfr\",\"@id\":\"https:\/\/www.africa-press.net\/niger\/#\/schema\/person\/2b1cf3cd81a31e3cd26889ca66d677f1\"},\"headline\":\"Le Ministre de la Sant\u00e9 Publique en mission de travail dans la r\u00e9gion effectue plusieurs visites \u00e0 Zinder\",\"datePublished\":\"2021-09-11T14:19:25+00:00\",\"dateModified\":\"2021-09-11T20:17:58+00:00\",\"mainEntityOfPage\":{\"@id\":\"https:\/\/www.africa-press.net\/niger\/toutes-les-actualites\/le-ministre-de-la-sante-publique-en-mission-de-travail-dans-la-region-effectue-plusieurs-visites-a-zinder\"},\"wordCount\":522,\"commentCount\":0,\"image\":{\"@id\":\"https:\/\/www.africa-press.net\/niger\/toutes-les-actualites\/le-ministre-de-la-sante-publique-en-mission-de-travail-dans-la-region-effectue-plusieurs-visites-a-zinder#primaryimage\"},\"thumbnailUrl\":\"https:\/\/static.africa-press.net\/niger\/sites\/40\/2021\/09\/img-613cb75d51228.jpg\",\"keywords\":[\"Africa Press\",\"Africa Press-Niger\",\"Niger\"],\"articleSection\":[\"Communaut\u00e9\",\"homepage-french\",\"Top Nouvelles\",\"Toutes les actualit\u00e9s\"],\"inLanguage\":\"fr-FR\",\"potentialAction\":[{\"@type\":\"CommentAction\",\"name\":\"Comment\",\"target\":[\"https:\/\/www.africa-press.net\/niger\/toutes-les-actualites\/le-ministre-de-la-sante-publique-en-mission-de-travail-dans-la-region-effectue-plusieurs-visites-a-zinder#respond\"]}]},{\"@type\":\"WebPage\",\"@id\":\"https:\/\/www.africa-press.net\/niger\/toutes-les-actualites\/le-ministre-de-la-sante-publique-en-mission-de-travail-dans-la-region-effectue-plusieurs-visites-a-zinder\",\"url\":\"https:\/\/www.africa-press.net\/niger\/toutes-les-actualites\/le-ministre-de-la-sante-publique-en-mission-de-travail-dans-la-region-effectue-plusieurs-visites-a-zinder\",\"name\":\"Le Ministre de la Sant\u00e9 Publique en mission de travail dans la r\u00e9gion effectue plusieurs visites \u00e0 Zinder - niger\",\"isPartOf\":{\"@id\":\"https:\/\/www.africa-press.net\/niger\/#website\"},\"primaryImageOfPage\":{\"@id\":\"https:\/\/www.africa-press.net\/niger\/toutes-les-actualites\/le-ministre-de-la-sante-publique-en-mission-de-travail-dans-la-region-effectue-plusieurs-visites-a-zinder#primaryimage\"},\"image\":{\"@id\":\"https:\/\/www.africa-press.net\/niger\/toutes-les-actualites\/le-ministre-de-la-sante-publique-en-mission-de-travail-dans-la-region-effectue-plusieurs-visites-a-zinder#primaryimage\"},\"thumbnailUrl\":\"https:\/\/static.africa-press.net\/niger\/sites\/40\/2021\/09\/img-613cb75d51228.jpg\",\"datePublished\":\"2021-09-11T14:19:25+00:00\",\"dateModified\":\"2021-09-11T20:17:58+00:00\",\"author\":{\"@id\":\"https:\/\/www.africa-press.net\/niger\/#\/schema\/person\/2b1cf3cd81a31e3cd26889ca66d677f1\"},\"description\":\", 11 Sept (ANP).Le Ministre de la Sant\u00e9 Publique, Dr Illiassou Idi Ma\u00efnassara, en mission de travail de trois jours dans ...\",\"breadcrumb\":{\"@id\":\"https:\/\/www.africa-press.net\/niger\/toutes-les-actualites\/le-ministre-de-la-sante-publique-en-mission-de-travail-dans-la-region-effectue-plusieurs-visites-a-zinder#breadcrumb\"},\"inLanguage\":\"fr-FR\",\"potentialAction\":[{\"@type\":\"ReadAction\",\"target\":[\"https:\/\/www.africa-press.net\/niger\/toutes-les-actualites\/le-ministre-de-la-sante-publique-en-mission-de-travail-dans-la-region-effectue-plusieurs-visites-a-zinder\"]}]},{\"@type\":\"ImageObject\",\"inLanguage\":\"fr-FR\",\"@id\":\"https:\/\/www.africa-press.net\/niger\/toutes-les-actualites\/le-ministre-de-la-sante-publique-en-mission-de-travail-dans-la-region-effectue-plusieurs-visites-a-zinder#primaryimage\",\"url\":\"https:\/\/static.africa-press.net\/niger\/sites\/40\/2021\/09\/img-613cb75d51228.jpg\",\"contentUrl\":\"https:\/\/static.africa-press.net\/niger\/sites\/40\/2021\/09\/img-613cb75d51228.jpg\",\"width\":795,\"height\":447,\"caption\":\"Le Ministre de la Sant\u00e9 Publique en mission de travail dans la r\u00e9gion effectue plusieurs visites \u00e0 Zinder\"},{\"@type\":\"BreadcrumbList\",\"@id\":\"https:\/\/www.africa-press.net\/niger\/toutes-les-actualites\/le-ministre-de-la-sante-publique-en-mission-de-travail-dans-la-region-effectue-plusieurs-visites-a-zinder#breadcrumb\",\"itemListElement\":[{\"@type\":\"ListItem\",\"position\":1,\"name\":\"Accueil\",\"item\":\"https:\/\/www.africa-press.net\/niger\/\"},{\"@type\":\"ListItem\",\"position\":2,\"name\":\"Le Ministre de la Sant\u00e9 Publique en mission de travail dans la r\u00e9gion effectue plusieurs visites \u00e0 Zinder\"}]},{\"@type\":\"WebSite\",\"@id\":\"https:\/\/www.africa-press.net\/niger\/#website\",\"url\":\"https:\/\/www.africa-press.net\/niger\/\",\"name\":\"niger\",\"description\":\"Just another Africa News Agency Sites site\",\"potentialAction\":[{\"@type\":\"SearchAction\",\"target\":{\"@type\":\"EntryPoint\",\"urlTemplate\":\"https:\/\/www.africa-press.net\/niger\/?s={search_term_string}\"},\"query-input\":{\"@type\":\"PropertyValueSpecification\",\"valueRequired\":true,\"valueName\":\"search_term_string\"}}],\"inLanguage\":\"fr-FR\"},{\"@type\":\"Person\",\"@id\":\"https:\/\/www.africa-press.net\/niger\/#\/schema\/person\/2b1cf3cd81a31e3cd26889ca66d677f1\",\"name\":\"cfeditorfr\"}]}<\/script>\n<!-- \/ Yoast SEO Premium plugin. -->","yoast_head_json":{"title":"Le Ministre de la Sant\u00e9 Publique en mission de travail dans la r\u00e9gion effectue plusieurs visites \u00e0 Zinder - niger","description":", 11 Sept (ANP).Le Ministre de la Sant\u00e9 Publique, Dr Illiassou Idi Ma\u00efnassara, en mission de travail de trois jours dans ...","robots":{"index":"index","follow":"follow","max-snippet":"max-snippet:-1","max-image-preview":"max-image-preview:large","max-video-preview":"max-video-preview:-1"},"canonical":"https:\/\/www.africa-press.net\/niger\/toutes-les-actualites\/le-ministre-de-la-sante-publique-en-mission-de-travail-dans-la-region-effectue-plusieurs-visites-a-zinder","og_locale":"fr_FR","og_type":"article","og_title":"Le Ministre de la Sant\u00e9 Publique en mission de travail dans la r\u00e9gion effectue plusieurs visites \u00e0 Zinder","og_description":", 11 Sept (ANP).Le Ministre de la Sant\u00e9 Publique, Dr Illiassou Idi Ma\u00efnassara, en mission de travail de trois jours dans ...","og_url":"https:\/\/www.africa-press.net\/niger\/toutes-les-actualites\/le-ministre-de-la-sante-publique-en-mission-de-travail-dans-la-region-effectue-plusieurs-visites-a-zinder","og_site_name":"niger","article_published_time":"2021-09-11T14:19:25+00:00","article_modified_time":"2021-09-11T20:17:58+00:00","og_image":[{"width":795,"height":447,"url":"https:\/\/static.africa-press.net\/niger\/sites\/40\/2021\/09\/img-613cb75d51228.jpg","type":"image\/jpeg"}],"author":"cfeditorfr","twitter_card":"summary_large_image","twitter_misc":{"\u00c9crit par":"cfeditorfr","Dur\u00e9e de lecture estim\u00e9e":"2 minutes"},"schema":{"@context":"https:\/\/schema.org","@graph":[{"@type":"Article","@id":"https:\/\/www.africa-press.net\/niger\/toutes-les-actualites\/le-ministre-de-la-sante-publique-en-mission-de-travail-dans-la-region-effectue-plusieurs-visites-a-zinder#article","isPartOf":{"@id":"https:\/\/www.africa-press.net\/niger\/toutes-les-actualites\/le-ministre-de-la-sante-publique-en-mission-de-travail-dans-la-region-effectue-plusieurs-visites-a-zinder"},"author":{"name":"cfeditorfr","@id":"https:\/\/www.africa-press.net\/niger\/#\/schema\/person\/2b1cf3cd81a31e3cd26889ca66d677f1"},"headline":"Le Ministre de la Sant\u00e9 Publique en mission de travail dans la r\u00e9gion effectue plusieurs visites \u00e0 Zinder","datePublished":"2021-09-11T14:19:25+00:00","dateModified":"2021-09-11T20:17:58+00:00","mainEntityOfPage":{"@id":"https:\/\/www.africa-press.net\/niger\/toutes-les-actualites\/le-ministre-de-la-sante-publique-en-mission-de-travail-dans-la-region-effectue-plusieurs-visites-a-zinder"},"wordCount":522,"commentCount":0,"image":{"@id":"https:\/\/www.africa-press.net\/niger\/toutes-les-actualites\/le-ministre-de-la-sante-publique-en-mission-de-travail-dans-la-region-effectue-plusieurs-visites-a-zinder#primaryimage"},"thumbnailUrl":"https:\/\/static.africa-press.net\/niger\/sites\/40\/2021\/09\/img-613cb75d51228.jpg","keywords":["Africa Press","Africa Press-Niger","Niger"],"articleSection":["Communaut\u00e9","homepage-french","Top Nouvelles","Toutes les actualit\u00e9s"],"inLanguage":"fr-FR","potentialAction":[{"@type":"CommentAction","name":"Comment","target":["https:\/\/www.africa-press.net\/niger\/toutes-les-actualites\/le-ministre-de-la-sante-publique-en-mission-de-travail-dans-la-region-effectue-plusieurs-visites-a-zinder#respond"]}]},{"@type":"WebPage","@id":"https:\/\/www.africa-press.net\/niger\/toutes-les-actualites\/le-ministre-de-la-sante-publique-en-mission-de-travail-dans-la-region-effectue-plusieurs-visites-a-zinder","url":"https:\/\/www.africa-press.net\/niger\/toutes-les-actualites\/le-ministre-de-la-sante-publique-en-mission-de-travail-dans-la-region-effectue-plusieurs-visites-a-zinder","name":"Le Ministre de la Sant\u00e9 Publique en mission de travail dans la r\u00e9gion effectue plusieurs visites \u00e0 Zinder - niger","isPartOf":{"@id":"https:\/\/www.africa-press.net\/niger\/#website"},"primaryImageOfPage":{"@id":"https:\/\/www.africa-press.net\/niger\/toutes-les-actualites\/le-ministre-de-la-sante-publique-en-mission-de-travail-dans-la-region-effectue-plusieurs-visites-a-zinder#primaryimage"},"image":{"@id":"https:\/\/www.africa-press.net\/niger\/toutes-les-actualites\/le-ministre-de-la-sante-publique-en-mission-de-travail-dans-la-region-effectue-plusieurs-visites-a-zinder#primaryimage"},"thumbnailUrl":"https:\/\/static.africa-press.net\/niger\/sites\/40\/2021\/09\/img-613cb75d51228.jpg","datePublished":"2021-09-11T14:19:25+00:00","dateModified":"2021-09-11T20:17:58+00:00","author":{"@id":"https:\/\/www.africa-press.net\/niger\/#\/schema\/person\/2b1cf3cd81a31e3cd26889ca66d677f1"},"description":", 11 Sept (ANP).Le Ministre de la Sant\u00e9 Publique, Dr Illiassou Idi Ma\u00efnassara, en mission de travail de trois jours dans ...","breadcrumb":{"@id":"https:\/\/www.africa-press.net\/niger\/toutes-les-actualites\/le-ministre-de-la-sante-publique-en-mission-de-travail-dans-la-region-effectue-plusieurs-visites-a-zinder#breadcrumb"},"inLanguage":"fr-FR","potentialAction":[{"@type":"ReadAction","target":["https:\/\/www.africa-press.net\/niger\/toutes-les-actualites\/le-ministre-de-la-sante-publique-en-mission-de-travail-dans-la-region-effectue-plusieurs-visites-a-zinder"]}]},{"@type":"ImageObject","inLanguage":"fr-FR","@id":"https:\/\/www.africa-press.net\/niger\/toutes-les-actualites\/le-ministre-de-la-sante-publique-en-mission-de-travail-dans-la-region-effectue-plusieurs-visites-a-zinder#primaryimage","url":"https:\/\/static.africa-press.net\/niger\/sites\/40\/2021\/09\/img-613cb75d51228.jpg","contentUrl":"https:\/\/static.africa-press.net\/niger\/sites\/40\/2021\/09\/img-613cb75d51228.jpg","width":795,"height":447,"caption":"Le Ministre de la Sant\u00e9 Publique en mission de travail dans la r\u00e9gion effectue plusieurs visites \u00e0 Zinder"},{"@type":"BreadcrumbList","@id":"https:\/\/www.africa-press.net\/niger\/toutes-les-actualites\/le-ministre-de-la-sante-publique-en-mission-de-travail-dans-la-region-effectue-plusieurs-visites-a-zinder#breadcrumb","itemListElement":[{"@type":"ListItem","position":1,"name":"Accueil","item":"https:\/\/www.africa-press.net\/niger\/"},{"@type":"ListItem","position":2,"name":"Le Ministre de la Sant\u00e9 Publique en mission de travail dans la r\u00e9gion effectue plusieurs visites \u00e0 Zinder"}]},{"@type":"WebSite","@id":"https:\/\/www.africa-press.net\/niger\/#website","url":"https:\/\/www.africa-press.net\/niger\/","name":"niger","description":"Just another Africa News Agency Sites site","potentialAction":[{"@type":"SearchAction","target":{"@type":"EntryPoint","urlTemplate":"https:\/\/www.africa-press.net\/niger\/?s={search_term_string}"},"query-input":{"@type":"PropertyValueSpecification","valueRequired":true,"valueName":"search_term_string"}}],"inLanguage":"fr-FR"},{"@type":"Person","@id":"https:\/\/www.africa-press.net\/niger\/#\/schema\/person\/2b1cf3cd81a31e3cd26889ca66d677f1","name":"cfeditorfr"}]}},"_links":{"self":[{"href":"https:\/\/www.africa-press.net\/niger\/wp-json\/wp\/v2\/posts\/11575","targetHints":{"allow":["GET"]}}],"collection":[{"href":"https:\/\/www.africa-press.net\/niger\/wp-json\/wp\/v2\/posts"}],"about":[{"href":"https:\/\/www.africa-press.net\/niger\/wp-json\/wp\/v2\/types\/post"}],"author":[{"embeddable":true,"href":"https:\/\/www.africa-press.net\/niger\/wp-json\/wp\/v2\/users\/82"}],"replies":[{"embeddable":true,"href":"https:\/\/www.africa-press.net\/niger\/wp-json\/wp\/v2\/comments?post=11575"}],"version-history":[{"count":0,"href":"https:\/\/www.africa-press.net\/niger\/wp-json\/wp\/v2\/posts\/11575\/revisions"}],"wp:featuredmedia":[{"embeddable":true,"href":"https:\/\/www.africa-press.net\/niger\/wp-json\/wp\/v2\/media\/11574"}],"wp:attachment":[{"href":"https:\/\/www.africa-press.net\/niger\/wp-json\/wp\/v2\/media?parent=11575"}],"wp:term":[{"taxonomy":"category","embeddable":true,"href":"https:\/\/www.africa-press.net\/niger\/wp-json\/wp\/v2\/categories?post=11575"},{"taxonomy":"post_tag","embeddable":true,"href":"https:\/\/www.africa-press.net\/niger\/wp-json\/wp\/v2\/tags?post=11575"}],"curies":[{"name":"wp","href":"https:\/\/api.w.org\/{rel}","templated":true}]}}