{"id":11623,"date":"2021-09-12T17:27:29","date_gmt":"2021-09-12T17:27:29","guid":{"rendered":"https:\/\/www.africa-press.net\/niger\/politique\/region-de-tillaberi-le-president-bazoum-echange-avec-les-populations-de-lanzourou-victimes-des-exactions-des-terroristes"},"modified":"2021-09-13T20:07:56","modified_gmt":"2021-09-13T20:07:56","slug":"region-de-tillaberi-le-president-bazoum-echange-avec-les-populations-de-lanzourou-victimes-des-exactions-des-terroristes","status":"publish","type":"post","link":"https:\/\/www.africa-press.net\/niger\/politique\/region-de-tillaberi-le-president-bazoum-echange-avec-les-populations-de-lanzourou-victimes-des-exactions-des-terroristes","title":{"rendered":"R\u00e9gion de Tillab\u00e9ri : Le Pr\u00e9sident Bazoum \u00e9change avec les populations de l\u2019Anzourou victimes des exactions des terroristes"},"content":{"rendered":"<p><span style=\"color: #ff6600\"><strong><a href=\"https:\/\/www.africa-press.net\/\">Africa-Press<\/a> &#8211; <a href=\"https:\/\/www.africa-press.net\/niger\">Niger<\/a>. <\/strong><\/span>En visite de travail dans la r\u00e9gion de Tillab\u00e9ri depuis le vendredi 10 septembre 2021, le Pr\u00e9sident de la R\u00e9publique, Mohamed Bazoum, s\u2019est rendu ce samedi 11septembre 2021, \u00e0 Sarakoira, dans la commune rurale d\u2019Anzourou o\u00f9 il a \u00e9chang\u00e9 avec les populations victimes des exactions des terroristes.<\/p>\n<p>Apr\u00e8s avoir remerci\u00e9 la population pour l\u2019accueil qui lui a \u00e9t\u00e9 r\u00e9serv\u00e9, le Pr\u00e9sident de la R\u00e9publique leur a d\u2019abord exprim\u00e9 \u2018\u2019la solidarit\u00e9 de tous les nig\u00e9riens et le soutien de l\u2019Etat, suite \u00e0 la situation sp\u00e9ciale tr\u00e8s difficile qu\u2019ils vivent\u2019\u2019 avant de leur indiquer que \u2018\u2019la meilleure fa\u00e7on de leur t\u00e9moigner cela, \u00e9tait de venir les rencontrer, les \u00e9couter et am\u00e9liorer ce qui a \u00e9t\u00e9 fait, notamment les mesures prises par le Gouvernement relativement au retour des toutes les populations d\u00e9plac\u00e9es dans leurs villages\u2019\u2019.<\/p>\n<p>\u2018\u2019Compte tenu du contexte, beaucoup reste \u00e0 faire\u2019\u2019 a reconnu le Pr\u00e9sident Bazoum devant ces populations tout en fondant l\u2019espoir que cette visite lui donnera \u2018\u2019l\u2019opportunit\u00e9 de prendre la mesure de la situation et de bien comprendre les solutions qu\u2019il faut y apporter et les mettre en \u0153uvre sans tarder\u2019\u2019.<\/p>\n<p>Le Chef de l\u2019Etat a, par ailleurs, expliqu\u00e9 que \u2018\u2019le probl\u00e8me de l\u2019Anzourou est d\u00fb \u00e0 celui d\u2019Inat\u00e8s, localit\u00e9 o\u00f9 les terroristes s\u2019introduisent pour op\u00e9rer\u2019\u2019. Pour cela, \u2018\u2019toutes les instructions issues du Conseil r\u00e9gional de S\u00e9curit\u00e9 tenu le vendredi seront appliqu\u00e9es\u2019\u2019 a-t-il rassur\u00e9. .<\/p>\n<p>Le Pr\u00e9sident Bazoum les a \u00e9galement rassur\u00e9s du fait que l\u2019Etat acc\u00e9dera \u00e0 la demande de la population de l\u2019Anzourou qui a sollicit\u00e9 une \u2018\u2019augmentation des effectifs des FDS et plus d\u2019efforts pour les aider sur les plans alimentaire et de l\u2019\u00e9ducation\u2019\u2019.<\/p>\n<p>Quant \u00e0 la question de la mesure de l\u2019interdiction de circulation des motos, le Pr\u00e9sident Bazoum a notifi\u00e9 que \u2018\u2019cette mesure sera appliqu\u00e9e l\u00e0 o\u00f9 la demande sera faite, \u00e0 l\u2019exception de l\u2019Anzourou\u2019\u2019.<\/p>\n<p>Auparavant le Maire et le chef de Canton de Sarakoira ont tour \u00e0 tour pris la parole pour souhaiter la bienvenue au Pr\u00e9sident de la R\u00e9publique, sa d\u00e9l\u00e9gation et le Gouvernement, tout en les remerciant pour les multiples efforts qu\u2019ils ne cessent de d\u00e9ployer dans le cadre de la s\u00e9curisation de l\u2019Anzourou.<\/p>\n","protected":false},"excerpt":{"rendered":"<p>Africa-Press &#8211; Niger. En visite de travail dans la r\u00e9gion de Tillab\u00e9ri depuis le vendredi 10 septembre 2021, le Pr\u00e9sident de la R\u00e9publique, Mohamed Bazoum, s\u2019est rendu ce samedi 11septembre 2021, \u00e0 Sarakoira, dans la commune rurale d\u2019Anzourou o\u00f9 il a \u00e9chang\u00e9 avec les populations victimes des exactions des terroristes. Apr\u00e8s avoir remerci\u00e9 la population [&hellip;]<\/p>\n","protected":false},"author":82,"featured_media":11622,"comment_status":"open","ping_status":"closed","sticky":false,"template":"","format":"standard","meta":{"footnotes":""},"categories":[11,2,20,10],"tags":[55,60,530,29,529],"class_list":["post-11623","post","type-post","status-publish","format-standard","has-post-thumbnail","hentry","category-homepage-french","category-politique","category-top-nouvelles","category-toutes-les-actualites","tag-africa-press","tag-africa-press-niger","tag-lanzourou","tag-niger","tag-terroristes"],"yoast_head":"<!-- This site is optimized with the Yoast SEO Premium plugin v26.1 (Yoast SEO v27.0) - https:\/\/yoast.com\/product\/yoast-seo-premium-wordpress\/ -->\n<title>R\u00e9gion de Tillab\u00e9ri : Le Pr\u00e9sident Bazoum \u00e9change avec les populations de l\u2019Anzourou victimes des exactions des terroristes - niger<\/title>\n<meta name=\"description\" content=\"En visite de travail dans la r\u00e9gion de Tillab\u00e9ri depuis le vendredi 10 septembre 2021, le Pr\u00e9sident de la R\u00e9publique, Mo ...\" \/>\n<meta name=\"robots\" content=\"index, follow, max-snippet:-1, max-image-preview:large, max-video-preview:-1\" \/>\n<link rel=\"canonical\" href=\"https:\/\/www.africa-press.net\/niger\/politique\/region-de-tillaberi-le-president-bazoum-echange-avec-les-populations-de-lanzourou-victimes-des-exactions-des-terroristes\" \/>\n<meta property=\"og:locale\" content=\"fr_FR\" \/>\n<meta property=\"og:type\" content=\"article\" \/>\n<meta property=\"og:title\" content=\"R\u00e9gion de Tillab\u00e9ri : Le Pr\u00e9sident Bazoum \u00e9change avec les populations de l\u2019Anzourou victimes des exactions des terroristes\" \/>\n<meta property=\"og:description\" content=\"En visite de travail dans la r\u00e9gion de Tillab\u00e9ri depuis le vendredi 10 septembre 2021, le Pr\u00e9sident de la R\u00e9publique, Mo ...\" \/>\n<meta property=\"og:url\" content=\"https:\/\/www.africa-press.net\/niger\/politique\/region-de-tillaberi-le-president-bazoum-echange-avec-les-populations-de-lanzourou-victimes-des-exactions-des-terroristes\" \/>\n<meta property=\"og:site_name\" content=\"niger\" \/>\n<meta property=\"article:published_time\" content=\"2021-09-12T17:27:29+00:00\" \/>\n<meta property=\"article:modified_time\" content=\"2021-09-13T20:07:56+00:00\" \/>\n<meta property=\"og:image\" content=\"https:\/\/static.africa-press.net\/niger\/sites\/40\/2021\/09\/img-613e39406b21f.jpg\" \/>\n\t<meta property=\"og:image:width\" content=\"720\" \/>\n\t<meta property=\"og:image:height\" content=\"587\" \/>\n\t<meta property=\"og:image:type\" content=\"image\/jpeg\" \/>\n<meta name=\"author\" content=\"cfeditorfr\" \/>\n<meta name=\"twitter:card\" content=\"summary_large_image\" \/>\n<meta name=\"twitter:label1\" content=\"\u00c9crit par\" \/>\n\t<meta name=\"twitter:data1\" content=\"cfeditorfr\" \/>\n\t<meta name=\"twitter:label2\" content=\"Dur\u00e9e de lecture estim\u00e9e\" \/>\n\t<meta name=\"twitter:data2\" content=\"2 minutes\" \/>\n<script type=\"application\/ld+json\" class=\"yoast-schema-graph\">{\"@context\":\"https:\/\/schema.org\",\"@graph\":[{\"@type\":\"Article\",\"@id\":\"https:\/\/www.africa-press.net\/niger\/politique\/region-de-tillaberi-le-president-bazoum-echange-avec-les-populations-de-lanzourou-victimes-des-exactions-des-terroristes#article\",\"isPartOf\":{\"@id\":\"https:\/\/www.africa-press.net\/niger\/politique\/region-de-tillaberi-le-president-bazoum-echange-avec-les-populations-de-lanzourou-victimes-des-exactions-des-terroristes\"},\"author\":{\"name\":\"cfeditorfr\",\"@id\":\"https:\/\/www.africa-press.net\/niger\/#\/schema\/person\/2b1cf3cd81a31e3cd26889ca66d677f1\"},\"headline\":\"R\u00e9gion de Tillab\u00e9ri : Le Pr\u00e9sident Bazoum \u00e9change avec les populations de l\u2019Anzourou victimes des exactions des terroristes\",\"datePublished\":\"2021-09-12T17:27:29+00:00\",\"dateModified\":\"2021-09-13T20:07:56+00:00\",\"mainEntityOfPage\":{\"@id\":\"https:\/\/www.africa-press.net\/niger\/politique\/region-de-tillaberi-le-president-bazoum-echange-avec-les-populations-de-lanzourou-victimes-des-exactions-des-terroristes\"},\"wordCount\":421,\"commentCount\":0,\"image\":{\"@id\":\"https:\/\/www.africa-press.net\/niger\/politique\/region-de-tillaberi-le-president-bazoum-echange-avec-les-populations-de-lanzourou-victimes-des-exactions-des-terroristes#primaryimage\"},\"thumbnailUrl\":\"https:\/\/static.africa-press.net\/niger\/sites\/40\/2021\/09\/img-613e39406b21f.jpg\",\"keywords\":[\"Africa Press\",\"Africa Press-Niger\",\"l\u2019Anzourou\",\"Niger\",\"terroristes\"],\"articleSection\":[\"homepage-french\",\"Politique\",\"Top Nouvelles\",\"Toutes les actualit\u00e9s\"],\"inLanguage\":\"fr-FR\",\"potentialAction\":[{\"@type\":\"CommentAction\",\"name\":\"Comment\",\"target\":[\"https:\/\/www.africa-press.net\/niger\/politique\/region-de-tillaberi-le-president-bazoum-echange-avec-les-populations-de-lanzourou-victimes-des-exactions-des-terroristes#respond\"]}]},{\"@type\":\"WebPage\",\"@id\":\"https:\/\/www.africa-press.net\/niger\/politique\/region-de-tillaberi-le-president-bazoum-echange-avec-les-populations-de-lanzourou-victimes-des-exactions-des-terroristes\",\"url\":\"https:\/\/www.africa-press.net\/niger\/politique\/region-de-tillaberi-le-president-bazoum-echange-avec-les-populations-de-lanzourou-victimes-des-exactions-des-terroristes\",\"name\":\"R\u00e9gion de Tillab\u00e9ri : Le Pr\u00e9sident Bazoum \u00e9change avec les populations de l\u2019Anzourou victimes des exactions des terroristes - niger\",\"isPartOf\":{\"@id\":\"https:\/\/www.africa-press.net\/niger\/#website\"},\"primaryImageOfPage\":{\"@id\":\"https:\/\/www.africa-press.net\/niger\/politique\/region-de-tillaberi-le-president-bazoum-echange-avec-les-populations-de-lanzourou-victimes-des-exactions-des-terroristes#primaryimage\"},\"image\":{\"@id\":\"https:\/\/www.africa-press.net\/niger\/politique\/region-de-tillaberi-le-president-bazoum-echange-avec-les-populations-de-lanzourou-victimes-des-exactions-des-terroristes#primaryimage\"},\"thumbnailUrl\":\"https:\/\/static.africa-press.net\/niger\/sites\/40\/2021\/09\/img-613e39406b21f.jpg\",\"datePublished\":\"2021-09-12T17:27:29+00:00\",\"dateModified\":\"2021-09-13T20:07:56+00:00\",\"author\":{\"@id\":\"https:\/\/www.africa-press.net\/niger\/#\/schema\/person\/2b1cf3cd81a31e3cd26889ca66d677f1\"},\"description\":\"En visite de travail dans la r\u00e9gion de Tillab\u00e9ri depuis le vendredi 10 septembre 2021, le Pr\u00e9sident de la R\u00e9publique, Mo ...\",\"breadcrumb\":{\"@id\":\"https:\/\/www.africa-press.net\/niger\/politique\/region-de-tillaberi-le-president-bazoum-echange-avec-les-populations-de-lanzourou-victimes-des-exactions-des-terroristes#breadcrumb\"},\"inLanguage\":\"fr-FR\",\"potentialAction\":[{\"@type\":\"ReadAction\",\"target\":[\"https:\/\/www.africa-press.net\/niger\/politique\/region-de-tillaberi-le-president-bazoum-echange-avec-les-populations-de-lanzourou-victimes-des-exactions-des-terroristes\"]}]},{\"@type\":\"ImageObject\",\"inLanguage\":\"fr-FR\",\"@id\":\"https:\/\/www.africa-press.net\/niger\/politique\/region-de-tillaberi-le-president-bazoum-echange-avec-les-populations-de-lanzourou-victimes-des-exactions-des-terroristes#primaryimage\",\"url\":\"https:\/\/static.africa-press.net\/niger\/sites\/40\/2021\/09\/img-613e39406b21f.jpg\",\"contentUrl\":\"https:\/\/static.africa-press.net\/niger\/sites\/40\/2021\/09\/img-613e39406b21f.jpg\",\"width\":720,\"height\":587,\"caption\":\"R\u00e9gion de Tillab\u00e9ri : Le Pr\u00e9sident Bazoum \u00e9change avec les populations de l\u2019Anzourou victimes des exactions des terroristes\"},{\"@type\":\"BreadcrumbList\",\"@id\":\"https:\/\/www.africa-press.net\/niger\/politique\/region-de-tillaberi-le-president-bazoum-echange-avec-les-populations-de-lanzourou-victimes-des-exactions-des-terroristes#breadcrumb\",\"itemListElement\":[{\"@type\":\"ListItem\",\"position\":1,\"name\":\"Accueil\",\"item\":\"https:\/\/www.africa-press.net\/niger\/\"},{\"@type\":\"ListItem\",\"position\":2,\"name\":\"R\u00e9gion de Tillab\u00e9ri : Le Pr\u00e9sident Bazoum \u00e9change avec les populations de l\u2019Anzourou victimes des exactions des terroristes\"}]},{\"@type\":\"WebSite\",\"@id\":\"https:\/\/www.africa-press.net\/niger\/#website\",\"url\":\"https:\/\/www.africa-press.net\/niger\/\",\"name\":\"niger\",\"description\":\"Just another Africa News Agency Sites site\",\"potentialAction\":[{\"@type\":\"SearchAction\",\"target\":{\"@type\":\"EntryPoint\",\"urlTemplate\":\"https:\/\/www.africa-press.net\/niger\/?s={search_term_string}\"},\"query-input\":{\"@type\":\"PropertyValueSpecification\",\"valueRequired\":true,\"valueName\":\"search_term_string\"}}],\"inLanguage\":\"fr-FR\"},{\"@type\":\"Person\",\"@id\":\"https:\/\/www.africa-press.net\/niger\/#\/schema\/person\/2b1cf3cd81a31e3cd26889ca66d677f1\",\"name\":\"cfeditorfr\"}]}<\/script>\n<!-- \/ Yoast SEO Premium plugin. -->","yoast_head_json":{"title":"R\u00e9gion de Tillab\u00e9ri : Le Pr\u00e9sident Bazoum \u00e9change avec les populations de l\u2019Anzourou victimes des exactions des terroristes - niger","description":"En visite de travail dans la r\u00e9gion de Tillab\u00e9ri depuis le vendredi 10 septembre 2021, le Pr\u00e9sident de la R\u00e9publique, Mo ...","robots":{"index":"index","follow":"follow","max-snippet":"max-snippet:-1","max-image-preview":"max-image-preview:large","max-video-preview":"max-video-preview:-1"},"canonical":"https:\/\/www.africa-press.net\/niger\/politique\/region-de-tillaberi-le-president-bazoum-echange-avec-les-populations-de-lanzourou-victimes-des-exactions-des-terroristes","og_locale":"fr_FR","og_type":"article","og_title":"R\u00e9gion de Tillab\u00e9ri : Le Pr\u00e9sident Bazoum \u00e9change avec les populations de l\u2019Anzourou victimes des exactions des terroristes","og_description":"En visite de travail dans la r\u00e9gion de Tillab\u00e9ri depuis le vendredi 10 septembre 2021, le Pr\u00e9sident de la R\u00e9publique, Mo ...","og_url":"https:\/\/www.africa-press.net\/niger\/politique\/region-de-tillaberi-le-president-bazoum-echange-avec-les-populations-de-lanzourou-victimes-des-exactions-des-terroristes","og_site_name":"niger","article_published_time":"2021-09-12T17:27:29+00:00","article_modified_time":"2021-09-13T20:07:56+00:00","og_image":[{"width":720,"height":587,"url":"https:\/\/static.africa-press.net\/niger\/sites\/40\/2021\/09\/img-613e39406b21f.jpg","type":"image\/jpeg"}],"author":"cfeditorfr","twitter_card":"summary_large_image","twitter_misc":{"\u00c9crit par":"cfeditorfr","Dur\u00e9e de lecture estim\u00e9e":"2 minutes"},"schema":{"@context":"https:\/\/schema.org","@graph":[{"@type":"Article","@id":"https:\/\/www.africa-press.net\/niger\/politique\/region-de-tillaberi-le-president-bazoum-echange-avec-les-populations-de-lanzourou-victimes-des-exactions-des-terroristes#article","isPartOf":{"@id":"https:\/\/www.africa-press.net\/niger\/politique\/region-de-tillaberi-le-president-bazoum-echange-avec-les-populations-de-lanzourou-victimes-des-exactions-des-terroristes"},"author":{"name":"cfeditorfr","@id":"https:\/\/www.africa-press.net\/niger\/#\/schema\/person\/2b1cf3cd81a31e3cd26889ca66d677f1"},"headline":"R\u00e9gion de Tillab\u00e9ri : Le Pr\u00e9sident Bazoum \u00e9change avec les populations de l\u2019Anzourou victimes des exactions des terroristes","datePublished":"2021-09-12T17:27:29+00:00","dateModified":"2021-09-13T20:07:56+00:00","mainEntityOfPage":{"@id":"https:\/\/www.africa-press.net\/niger\/politique\/region-de-tillaberi-le-president-bazoum-echange-avec-les-populations-de-lanzourou-victimes-des-exactions-des-terroristes"},"wordCount":421,"commentCount":0,"image":{"@id":"https:\/\/www.africa-press.net\/niger\/politique\/region-de-tillaberi-le-president-bazoum-echange-avec-les-populations-de-lanzourou-victimes-des-exactions-des-terroristes#primaryimage"},"thumbnailUrl":"https:\/\/static.africa-press.net\/niger\/sites\/40\/2021\/09\/img-613e39406b21f.jpg","keywords":["Africa Press","Africa Press-Niger","l\u2019Anzourou","Niger","terroristes"],"articleSection":["homepage-french","Politique","Top Nouvelles","Toutes les actualit\u00e9s"],"inLanguage":"fr-FR","potentialAction":[{"@type":"CommentAction","name":"Comment","target":["https:\/\/www.africa-press.net\/niger\/politique\/region-de-tillaberi-le-president-bazoum-echange-avec-les-populations-de-lanzourou-victimes-des-exactions-des-terroristes#respond"]}]},{"@type":"WebPage","@id":"https:\/\/www.africa-press.net\/niger\/politique\/region-de-tillaberi-le-president-bazoum-echange-avec-les-populations-de-lanzourou-victimes-des-exactions-des-terroristes","url":"https:\/\/www.africa-press.net\/niger\/politique\/region-de-tillaberi-le-president-bazoum-echange-avec-les-populations-de-lanzourou-victimes-des-exactions-des-terroristes","name":"R\u00e9gion de Tillab\u00e9ri : Le Pr\u00e9sident Bazoum \u00e9change avec les populations de l\u2019Anzourou victimes des exactions des terroristes - niger","isPartOf":{"@id":"https:\/\/www.africa-press.net\/niger\/#website"},"primaryImageOfPage":{"@id":"https:\/\/www.africa-press.net\/niger\/politique\/region-de-tillaberi-le-president-bazoum-echange-avec-les-populations-de-lanzourou-victimes-des-exactions-des-terroristes#primaryimage"},"image":{"@id":"https:\/\/www.africa-press.net\/niger\/politique\/region-de-tillaberi-le-president-bazoum-echange-avec-les-populations-de-lanzourou-victimes-des-exactions-des-terroristes#primaryimage"},"thumbnailUrl":"https:\/\/static.africa-press.net\/niger\/sites\/40\/2021\/09\/img-613e39406b21f.jpg","datePublished":"2021-09-12T17:27:29+00:00","dateModified":"2021-09-13T20:07:56+00:00","author":{"@id":"https:\/\/www.africa-press.net\/niger\/#\/schema\/person\/2b1cf3cd81a31e3cd26889ca66d677f1"},"description":"En visite de travail dans la r\u00e9gion de Tillab\u00e9ri depuis le vendredi 10 septembre 2021, le Pr\u00e9sident de la R\u00e9publique, Mo ...","breadcrumb":{"@id":"https:\/\/www.africa-press.net\/niger\/politique\/region-de-tillaberi-le-president-bazoum-echange-avec-les-populations-de-lanzourou-victimes-des-exactions-des-terroristes#breadcrumb"},"inLanguage":"fr-FR","potentialAction":[{"@type":"ReadAction","target":["https:\/\/www.africa-press.net\/niger\/politique\/region-de-tillaberi-le-president-bazoum-echange-avec-les-populations-de-lanzourou-victimes-des-exactions-des-terroristes"]}]},{"@type":"ImageObject","inLanguage":"fr-FR","@id":"https:\/\/www.africa-press.net\/niger\/politique\/region-de-tillaberi-le-president-bazoum-echange-avec-les-populations-de-lanzourou-victimes-des-exactions-des-terroristes#primaryimage","url":"https:\/\/static.africa-press.net\/niger\/sites\/40\/2021\/09\/img-613e39406b21f.jpg","contentUrl":"https:\/\/static.africa-press.net\/niger\/sites\/40\/2021\/09\/img-613e39406b21f.jpg","width":720,"height":587,"caption":"R\u00e9gion de Tillab\u00e9ri : Le Pr\u00e9sident Bazoum \u00e9change avec les populations de l\u2019Anzourou victimes des exactions des terroristes"},{"@type":"BreadcrumbList","@id":"https:\/\/www.africa-press.net\/niger\/politique\/region-de-tillaberi-le-president-bazoum-echange-avec-les-populations-de-lanzourou-victimes-des-exactions-des-terroristes#breadcrumb","itemListElement":[{"@type":"ListItem","position":1,"name":"Accueil","item":"https:\/\/www.africa-press.net\/niger\/"},{"@type":"ListItem","position":2,"name":"R\u00e9gion de Tillab\u00e9ri : Le Pr\u00e9sident Bazoum \u00e9change avec les populations de l\u2019Anzourou victimes des exactions des terroristes"}]},{"@type":"WebSite","@id":"https:\/\/www.africa-press.net\/niger\/#website","url":"https:\/\/www.africa-press.net\/niger\/","name":"niger","description":"Just another Africa News Agency Sites site","potentialAction":[{"@type":"SearchAction","target":{"@type":"EntryPoint","urlTemplate":"https:\/\/www.africa-press.net\/niger\/?s={search_term_string}"},"query-input":{"@type":"PropertyValueSpecification","valueRequired":true,"valueName":"search_term_string"}}],"inLanguage":"fr-FR"},{"@type":"Person","@id":"https:\/\/www.africa-press.net\/niger\/#\/schema\/person\/2b1cf3cd81a31e3cd26889ca66d677f1","name":"cfeditorfr"}]}},"_links":{"self":[{"href":"https:\/\/www.africa-press.net\/niger\/wp-json\/wp\/v2\/posts\/11623","targetHints":{"allow":["GET"]}}],"collection":[{"href":"https:\/\/www.africa-press.net\/niger\/wp-json\/wp\/v2\/posts"}],"about":[{"href":"https:\/\/www.africa-press.net\/niger\/wp-json\/wp\/v2\/types\/post"}],"author":[{"embeddable":true,"href":"https:\/\/www.africa-press.net\/niger\/wp-json\/wp\/v2\/users\/82"}],"replies":[{"embeddable":true,"href":"https:\/\/www.africa-press.net\/niger\/wp-json\/wp\/v2\/comments?post=11623"}],"version-history":[{"count":0,"href":"https:\/\/www.africa-press.net\/niger\/wp-json\/wp\/v2\/posts\/11623\/revisions"}],"wp:featuredmedia":[{"embeddable":true,"href":"https:\/\/www.africa-press.net\/niger\/wp-json\/wp\/v2\/media\/11622"}],"wp:attachment":[{"href":"https:\/\/www.africa-press.net\/niger\/wp-json\/wp\/v2\/media?parent=11623"}],"wp:term":[{"taxonomy":"category","embeddable":true,"href":"https:\/\/www.africa-press.net\/niger\/wp-json\/wp\/v2\/categories?post=11623"},{"taxonomy":"post_tag","embeddable":true,"href":"https:\/\/www.africa-press.net\/niger\/wp-json\/wp\/v2\/tags?post=11623"}],"curies":[{"name":"wp","href":"https:\/\/api.w.org\/{rel}","templated":true}]}}