{"id":11629,"date":"2021-09-13T13:48:41","date_gmt":"2021-09-13T13:48:41","guid":{"rendered":"https:\/\/www.africa-press.net\/niger\/politique\/ne-pas-dormir-assez-a-des-consequences-a-long-terme-avertissent-les-chercheurs"},"modified":"2021-09-13T14:04:38","modified_gmt":"2021-09-13T14:04:38","slug":"ne-pas-dormir-assez-a-des-consequences-a-long-terme-avertissent-les-chercheurs","status":"publish","type":"post","link":"https:\/\/www.africa-press.net\/niger\/toutes-les-actualites\/ne-pas-dormir-assez-a-des-consequences-a-long-terme-avertissent-les-chercheurs","title":{"rendered":"Ne pas dormir assez a des cons\u00e9quences \u00e0 long terme, avertissent les chercheurs"},"content":{"rendered":"<p><span style=\"color: #ff6600\"><strong><a href=\"https:\/\/www.africa-press.net\/\">Africa-Press<\/a> &#8211; <a href=\"https:\/\/www.africa-press.net\/niger\">Niger<\/a>. <\/strong><\/span>Dormir ne serait-ce que quelques heures de moins peut d\u00e9t\u00e9riorer les r\u00e9actions comportementales et neuronales d\u2019une personne, pr\u00e9vient une \u00e9tude polonaise. De plus, un manque de sommeil sur de longues p\u00e9riodes ne se rattrapera pas facilement, selon les chercheurs.<\/p>\n<p>Selon les r\u00e9sultats d&rsquo;une \u00e9tude men\u00e9e par des scientifiques polonais, le corps a besoin de plus d&rsquo;une semaine de repos pour r\u00e9cup\u00e9rer apr\u00e8s dix jours de privation r\u00e9guli\u00e8re de sommeil.<\/p>\n<p>Le d\u00e9ficit de sommeil a un impact n\u00e9gatif sur les fonctions physiologiques et a pour cons\u00e9quence une d\u00e9t\u00e9rioration des comp\u00e9tences cognitives, de l&rsquo;attention et de la m\u00e9moire, ainsi que le d\u00e9veloppement de probl\u00e8mes cardiovasculaire et nerveux.<\/p>\n<p><b>\u00abR\u00e9duire m\u00eame l\u00e9g\u00e8rement son sommeil (de quelques heures seulement) peut avoir un impact significatif sur le fonctionnement comportemental et neuronal\u00bb, constatent les chercheurs.<\/b><\/p>\n<p>Mais de combien de temps pr\u00e9cis\u00e9ment a besoin une personne pour se r\u00e9tablir compl\u00e8tement apr\u00e8s une privation de sommeil r\u00e9guli\u00e8re? Dans le cadre de l\u2019exp\u00e9rimentation des scientifiques de l&rsquo;universit\u00e9 Jagellon de Cracovie, un groupe d\u2019adultes \u00e2g\u00e9s d\u2019entre 46 et 55 ans en bonne sant\u00e9 a peu dormi pendant dix jours, apr\u00e8s quoi ils dormaient autant qu\u2019ils le voulaient pendant sept jours.<\/p>\n<p>Les participants de l\u2019\u00e9tude, parue dans Plos One, restaient dans leur environnement habituel et portaient des capteurs qui surveillaient leur sommeil et leur activit\u00e9. Chaque jour, ils subissaient d\u2019ailleurs une \u00e9lectro-enc\u00e9phalographie pour \u00e9valuer l&rsquo;activit\u00e9 c\u00e9r\u00e9brale et passaient des tests examinant leurs vitesse et pr\u00e9cision de r\u00e9action.<\/p>\n<p>R\u00e9sultat: apr\u00e8s une semaine de sommeil illimit\u00e9, seule la vitesse de la r\u00e9action s&rsquo;\u00e9tait r\u00e9tablie alors que tous les autres param\u00e8tres \u00e9taient encore loin de la norme.<\/p>\n<p><b>Le manque de sommeil per\u00e7u comme \u00abune norme\u00bb<\/b><\/p>\n<p>Si \u00abl\u2019on consid\u00e8re le manque de sommeil comme une norme\u00bb, les auteurs de l\u2019\u00e9tude pr\u00e9viennent que \u00ables cons\u00e9quences neuro-comportementales de la privation partielle et chronique de sommeil ne peut pas \u00eatre rattrap\u00e9e facilement et prendra plus de temps qu\u2019on ne le croit\u00bb.<\/p>\n<p>Selon l\u2019Institut national du sommeil et de la vigilance (INSV), les Fran\u00e7ais dormaient 6h41 pendant la semaine et 7h33 le week-end en 2020. Par rapport \u00e0 il y a 30 ans, c\u2019est 1h30 de moins. Parmi les facteurs explicatifs figurent l\u2019augmentation du temps de transport, les loisirs nocturnes ou encore l\u2019omnipr\u00e9sence des \u00e9crans.<\/p>\n<p>Une enqu\u00eate Ifop r\u00e9alis\u00e9e pendant la crise sanitaire pointe que les probl\u00e8mes de sommeil ont connu un essor chez les Fran\u00e7ais. Se concentrant sur une p\u00e9riode pr\u00e9cise, 67% des Fran\u00e7ais y ont \u00e9t\u00e9 confront\u00e9s en l\u2019espace des huit derniers jours et 29% sont insatisfaits de leur sommeil, selon cette \u00e9tude publi\u00e9e en avril 2021.<\/p>\n<p><b>La bonne dur\u00e9e<\/b><\/p>\n<p>Alors que les m\u00e9decins s\u2019accordent sur la n\u00e9cessit\u00e9 de dormir entre sept et neuf heures (pour les adultes), le Pr Pierre Philip, chef du service universitaire de M\u00e9decine du sommeil de l\u2019universit\u00e9 de Bordeaux, trouve que la bonne quantit\u00e9 de sommeil est de sept heures sept jours par semaine.<\/p>\n<p>En cela, dormir trop sans en avoir besoin peut avoir un effet nocif pour notre vigilance diurne, pointe le pr\u00e9sident de l\u2019INSV, Marc Rey. Il faut \u00abfaire la diff\u00e9rence entre le fait de dormir plus que la moyenne, parce que le corps le demande, et rester au lit alors qu\u2019on a d\u00e9j\u00e0 son quota de sommeil\u00bb, expliquait-t-il \u00e0 CNews.<\/p>\n","protected":false},"excerpt":{"rendered":"<p>Africa-Press &#8211; Niger. Dormir ne serait-ce que quelques heures de moins peut d\u00e9t\u00e9riorer les r\u00e9actions comportementales et neuronales d\u2019une personne, pr\u00e9vient une \u00e9tude polonaise. De plus, un manque de sommeil sur de longues p\u00e9riodes ne se rattrapera pas facilement, selon les chercheurs. Selon les r\u00e9sultats d&rsquo;une \u00e9tude men\u00e9e par des scientifiques polonais, le corps a [&hellip;]<\/p>\n","protected":false},"author":82,"featured_media":11628,"comment_status":"open","ping_status":"closed","sticky":false,"template":"","format":"standard","meta":{"footnotes":""},"categories":[22,11,10],"tags":[55,60,533,532,29],"class_list":["post-11629","post","type-post","status-publish","format-standard","has-post-thumbnail","hentry","category-divers","category-homepage-french","category-toutes-les-actualites","tag-africa-press","tag-africa-press-niger","tag-avertissent","tag-consequences","tag-niger"],"yoast_head":"<!-- This site is optimized with the Yoast SEO Premium plugin v26.1 (Yoast SEO v27.0) - https:\/\/yoast.com\/product\/yoast-seo-premium-wordpress\/ -->\n<title>Ne pas dormir assez a des cons\u00e9quences \u00e0 long terme, avertissent les chercheurs - niger<\/title>\n<meta name=\"description\" content=\"Dormir ne serait-ce que quelques heures de moins peut d\u00e9t\u00e9riorer les r\u00e9actions comportementales et neuronales d\u2019une pers ...\" \/>\n<meta name=\"robots\" content=\"index, follow, max-snippet:-1, max-image-preview:large, max-video-preview:-1\" \/>\n<link rel=\"canonical\" href=\"https:\/\/www.africa-press.net\/niger\/toutes-les-actualites\/ne-pas-dormir-assez-a-des-consequences-a-long-terme-avertissent-les-chercheurs\" \/>\n<meta property=\"og:locale\" content=\"fr_FR\" \/>\n<meta property=\"og:type\" content=\"article\" \/>\n<meta property=\"og:title\" content=\"Ne pas dormir assez a des cons\u00e9quences \u00e0 long terme, avertissent les chercheurs\" \/>\n<meta property=\"og:description\" content=\"Dormir ne serait-ce que quelques heures de moins peut d\u00e9t\u00e9riorer les r\u00e9actions comportementales et neuronales d\u2019une pers ...\" \/>\n<meta property=\"og:url\" content=\"https:\/\/www.africa-press.net\/niger\/toutes-les-actualites\/ne-pas-dormir-assez-a-des-consequences-a-long-terme-avertissent-les-chercheurs\" \/>\n<meta property=\"og:site_name\" content=\"niger\" \/>\n<meta property=\"article:published_time\" content=\"2021-09-13T13:48:41+00:00\" \/>\n<meta property=\"article:modified_time\" content=\"2021-09-13T14:04:38+00:00\" \/>\n<meta property=\"og:image\" content=\"https:\/\/static.africa-press.net\/niger\/sites\/40\/2021\/09\/img-613f5a589f471.jpg\" \/>\n\t<meta property=\"og:image:width\" content=\"720\" \/>\n\t<meta property=\"og:image:height\" content=\"382\" \/>\n\t<meta property=\"og:image:type\" content=\"image\/jpeg\" \/>\n<meta name=\"author\" content=\"cfeditorfr\" \/>\n<meta name=\"twitter:card\" content=\"summary_large_image\" \/>\n<meta name=\"twitter:label1\" content=\"\u00c9crit par\" \/>\n\t<meta name=\"twitter:data1\" content=\"cfeditorfr\" \/>\n\t<meta name=\"twitter:label2\" content=\"Dur\u00e9e de lecture estim\u00e9e\" \/>\n\t<meta name=\"twitter:data2\" content=\"3 minutes\" \/>\n<script type=\"application\/ld+json\" class=\"yoast-schema-graph\">{\"@context\":\"https:\/\/schema.org\",\"@graph\":[{\"@type\":\"Article\",\"@id\":\"https:\/\/www.africa-press.net\/niger\/toutes-les-actualites\/ne-pas-dormir-assez-a-des-consequences-a-long-terme-avertissent-les-chercheurs#article\",\"isPartOf\":{\"@id\":\"https:\/\/www.africa-press.net\/niger\/toutes-les-actualites\/ne-pas-dormir-assez-a-des-consequences-a-long-terme-avertissent-les-chercheurs\"},\"author\":{\"name\":\"cfeditorfr\",\"@id\":\"https:\/\/www.africa-press.net\/niger\/#\/schema\/person\/2b1cf3cd81a31e3cd26889ca66d677f1\"},\"headline\":\"Ne pas dormir assez a des cons\u00e9quences \u00e0 long terme, avertissent les chercheurs\",\"datePublished\":\"2021-09-13T13:48:41+00:00\",\"dateModified\":\"2021-09-13T14:04:38+00:00\",\"mainEntityOfPage\":{\"@id\":\"https:\/\/www.africa-press.net\/niger\/toutes-les-actualites\/ne-pas-dormir-assez-a-des-consequences-a-long-terme-avertissent-les-chercheurs\"},\"wordCount\":631,\"commentCount\":0,\"image\":{\"@id\":\"https:\/\/www.africa-press.net\/niger\/toutes-les-actualites\/ne-pas-dormir-assez-a-des-consequences-a-long-terme-avertissent-les-chercheurs#primaryimage\"},\"thumbnailUrl\":\"https:\/\/static.africa-press.net\/niger\/sites\/40\/2021\/09\/img-613f5a589f471.jpg\",\"keywords\":[\"Africa Press\",\"Africa Press-Niger\",\"avertissent\",\"cons\u00e9quences\",\"Niger\"],\"articleSection\":[\"Divers\",\"homepage-french\",\"Toutes les actualit\u00e9s\"],\"inLanguage\":\"fr-FR\",\"potentialAction\":[{\"@type\":\"CommentAction\",\"name\":\"Comment\",\"target\":[\"https:\/\/www.africa-press.net\/niger\/toutes-les-actualites\/ne-pas-dormir-assez-a-des-consequences-a-long-terme-avertissent-les-chercheurs#respond\"]}]},{\"@type\":\"WebPage\",\"@id\":\"https:\/\/www.africa-press.net\/niger\/toutes-les-actualites\/ne-pas-dormir-assez-a-des-consequences-a-long-terme-avertissent-les-chercheurs\",\"url\":\"https:\/\/www.africa-press.net\/niger\/toutes-les-actualites\/ne-pas-dormir-assez-a-des-consequences-a-long-terme-avertissent-les-chercheurs\",\"name\":\"Ne pas dormir assez a des cons\u00e9quences \u00e0 long terme, avertissent les chercheurs - niger\",\"isPartOf\":{\"@id\":\"https:\/\/www.africa-press.net\/niger\/#website\"},\"primaryImageOfPage\":{\"@id\":\"https:\/\/www.africa-press.net\/niger\/toutes-les-actualites\/ne-pas-dormir-assez-a-des-consequences-a-long-terme-avertissent-les-chercheurs#primaryimage\"},\"image\":{\"@id\":\"https:\/\/www.africa-press.net\/niger\/toutes-les-actualites\/ne-pas-dormir-assez-a-des-consequences-a-long-terme-avertissent-les-chercheurs#primaryimage\"},\"thumbnailUrl\":\"https:\/\/static.africa-press.net\/niger\/sites\/40\/2021\/09\/img-613f5a589f471.jpg\",\"datePublished\":\"2021-09-13T13:48:41+00:00\",\"dateModified\":\"2021-09-13T14:04:38+00:00\",\"author\":{\"@id\":\"https:\/\/www.africa-press.net\/niger\/#\/schema\/person\/2b1cf3cd81a31e3cd26889ca66d677f1\"},\"description\":\"Dormir ne serait-ce que quelques heures de moins peut d\u00e9t\u00e9riorer les r\u00e9actions comportementales et neuronales d\u2019une pers ...\",\"breadcrumb\":{\"@id\":\"https:\/\/www.africa-press.net\/niger\/toutes-les-actualites\/ne-pas-dormir-assez-a-des-consequences-a-long-terme-avertissent-les-chercheurs#breadcrumb\"},\"inLanguage\":\"fr-FR\",\"potentialAction\":[{\"@type\":\"ReadAction\",\"target\":[\"https:\/\/www.africa-press.net\/niger\/toutes-les-actualites\/ne-pas-dormir-assez-a-des-consequences-a-long-terme-avertissent-les-chercheurs\"]}]},{\"@type\":\"ImageObject\",\"inLanguage\":\"fr-FR\",\"@id\":\"https:\/\/www.africa-press.net\/niger\/toutes-les-actualites\/ne-pas-dormir-assez-a-des-consequences-a-long-terme-avertissent-les-chercheurs#primaryimage\",\"url\":\"https:\/\/static.africa-press.net\/niger\/sites\/40\/2021\/09\/img-613f5a589f471.jpg\",\"contentUrl\":\"https:\/\/static.africa-press.net\/niger\/sites\/40\/2021\/09\/img-613f5a589f471.jpg\",\"width\":720,\"height\":382,\"caption\":\"Ne pas dormir assez a des cons\u00e9quences \u00e0 long terme, avertissent les chercheurs\"},{\"@type\":\"BreadcrumbList\",\"@id\":\"https:\/\/www.africa-press.net\/niger\/toutes-les-actualites\/ne-pas-dormir-assez-a-des-consequences-a-long-terme-avertissent-les-chercheurs#breadcrumb\",\"itemListElement\":[{\"@type\":\"ListItem\",\"position\":1,\"name\":\"Accueil\",\"item\":\"https:\/\/www.africa-press.net\/niger\/\"},{\"@type\":\"ListItem\",\"position\":2,\"name\":\"Ne pas dormir assez a des cons\u00e9quences \u00e0 long terme, avertissent les chercheurs\"}]},{\"@type\":\"WebSite\",\"@id\":\"https:\/\/www.africa-press.net\/niger\/#website\",\"url\":\"https:\/\/www.africa-press.net\/niger\/\",\"name\":\"niger\",\"description\":\"Just another Africa News Agency Sites site\",\"potentialAction\":[{\"@type\":\"SearchAction\",\"target\":{\"@type\":\"EntryPoint\",\"urlTemplate\":\"https:\/\/www.africa-press.net\/niger\/?s={search_term_string}\"},\"query-input\":{\"@type\":\"PropertyValueSpecification\",\"valueRequired\":true,\"valueName\":\"search_term_string\"}}],\"inLanguage\":\"fr-FR\"},{\"@type\":\"Person\",\"@id\":\"https:\/\/www.africa-press.net\/niger\/#\/schema\/person\/2b1cf3cd81a31e3cd26889ca66d677f1\",\"name\":\"cfeditorfr\"}]}<\/script>\n<!-- \/ Yoast SEO Premium plugin. -->","yoast_head_json":{"title":"Ne pas dormir assez a des cons\u00e9quences \u00e0 long terme, avertissent les chercheurs - niger","description":"Dormir ne serait-ce que quelques heures de moins peut d\u00e9t\u00e9riorer les r\u00e9actions comportementales et neuronales d\u2019une pers ...","robots":{"index":"index","follow":"follow","max-snippet":"max-snippet:-1","max-image-preview":"max-image-preview:large","max-video-preview":"max-video-preview:-1"},"canonical":"https:\/\/www.africa-press.net\/niger\/toutes-les-actualites\/ne-pas-dormir-assez-a-des-consequences-a-long-terme-avertissent-les-chercheurs","og_locale":"fr_FR","og_type":"article","og_title":"Ne pas dormir assez a des cons\u00e9quences \u00e0 long terme, avertissent les chercheurs","og_description":"Dormir ne serait-ce que quelques heures de moins peut d\u00e9t\u00e9riorer les r\u00e9actions comportementales et neuronales d\u2019une pers ...","og_url":"https:\/\/www.africa-press.net\/niger\/toutes-les-actualites\/ne-pas-dormir-assez-a-des-consequences-a-long-terme-avertissent-les-chercheurs","og_site_name":"niger","article_published_time":"2021-09-13T13:48:41+00:00","article_modified_time":"2021-09-13T14:04:38+00:00","og_image":[{"width":720,"height":382,"url":"https:\/\/static.africa-press.net\/niger\/sites\/40\/2021\/09\/img-613f5a589f471.jpg","type":"image\/jpeg"}],"author":"cfeditorfr","twitter_card":"summary_large_image","twitter_misc":{"\u00c9crit par":"cfeditorfr","Dur\u00e9e de lecture estim\u00e9e":"3 minutes"},"schema":{"@context":"https:\/\/schema.org","@graph":[{"@type":"Article","@id":"https:\/\/www.africa-press.net\/niger\/toutes-les-actualites\/ne-pas-dormir-assez-a-des-consequences-a-long-terme-avertissent-les-chercheurs#article","isPartOf":{"@id":"https:\/\/www.africa-press.net\/niger\/toutes-les-actualites\/ne-pas-dormir-assez-a-des-consequences-a-long-terme-avertissent-les-chercheurs"},"author":{"name":"cfeditorfr","@id":"https:\/\/www.africa-press.net\/niger\/#\/schema\/person\/2b1cf3cd81a31e3cd26889ca66d677f1"},"headline":"Ne pas dormir assez a des cons\u00e9quences \u00e0 long terme, avertissent les chercheurs","datePublished":"2021-09-13T13:48:41+00:00","dateModified":"2021-09-13T14:04:38+00:00","mainEntityOfPage":{"@id":"https:\/\/www.africa-press.net\/niger\/toutes-les-actualites\/ne-pas-dormir-assez-a-des-consequences-a-long-terme-avertissent-les-chercheurs"},"wordCount":631,"commentCount":0,"image":{"@id":"https:\/\/www.africa-press.net\/niger\/toutes-les-actualites\/ne-pas-dormir-assez-a-des-consequences-a-long-terme-avertissent-les-chercheurs#primaryimage"},"thumbnailUrl":"https:\/\/static.africa-press.net\/niger\/sites\/40\/2021\/09\/img-613f5a589f471.jpg","keywords":["Africa Press","Africa Press-Niger","avertissent","cons\u00e9quences","Niger"],"articleSection":["Divers","homepage-french","Toutes les actualit\u00e9s"],"inLanguage":"fr-FR","potentialAction":[{"@type":"CommentAction","name":"Comment","target":["https:\/\/www.africa-press.net\/niger\/toutes-les-actualites\/ne-pas-dormir-assez-a-des-consequences-a-long-terme-avertissent-les-chercheurs#respond"]}]},{"@type":"WebPage","@id":"https:\/\/www.africa-press.net\/niger\/toutes-les-actualites\/ne-pas-dormir-assez-a-des-consequences-a-long-terme-avertissent-les-chercheurs","url":"https:\/\/www.africa-press.net\/niger\/toutes-les-actualites\/ne-pas-dormir-assez-a-des-consequences-a-long-terme-avertissent-les-chercheurs","name":"Ne pas dormir assez a des cons\u00e9quences \u00e0 long terme, avertissent les chercheurs - niger","isPartOf":{"@id":"https:\/\/www.africa-press.net\/niger\/#website"},"primaryImageOfPage":{"@id":"https:\/\/www.africa-press.net\/niger\/toutes-les-actualites\/ne-pas-dormir-assez-a-des-consequences-a-long-terme-avertissent-les-chercheurs#primaryimage"},"image":{"@id":"https:\/\/www.africa-press.net\/niger\/toutes-les-actualites\/ne-pas-dormir-assez-a-des-consequences-a-long-terme-avertissent-les-chercheurs#primaryimage"},"thumbnailUrl":"https:\/\/static.africa-press.net\/niger\/sites\/40\/2021\/09\/img-613f5a589f471.jpg","datePublished":"2021-09-13T13:48:41+00:00","dateModified":"2021-09-13T14:04:38+00:00","author":{"@id":"https:\/\/www.africa-press.net\/niger\/#\/schema\/person\/2b1cf3cd81a31e3cd26889ca66d677f1"},"description":"Dormir ne serait-ce que quelques heures de moins peut d\u00e9t\u00e9riorer les r\u00e9actions comportementales et neuronales d\u2019une pers ...","breadcrumb":{"@id":"https:\/\/www.africa-press.net\/niger\/toutes-les-actualites\/ne-pas-dormir-assez-a-des-consequences-a-long-terme-avertissent-les-chercheurs#breadcrumb"},"inLanguage":"fr-FR","potentialAction":[{"@type":"ReadAction","target":["https:\/\/www.africa-press.net\/niger\/toutes-les-actualites\/ne-pas-dormir-assez-a-des-consequences-a-long-terme-avertissent-les-chercheurs"]}]},{"@type":"ImageObject","inLanguage":"fr-FR","@id":"https:\/\/www.africa-press.net\/niger\/toutes-les-actualites\/ne-pas-dormir-assez-a-des-consequences-a-long-terme-avertissent-les-chercheurs#primaryimage","url":"https:\/\/static.africa-press.net\/niger\/sites\/40\/2021\/09\/img-613f5a589f471.jpg","contentUrl":"https:\/\/static.africa-press.net\/niger\/sites\/40\/2021\/09\/img-613f5a589f471.jpg","width":720,"height":382,"caption":"Ne pas dormir assez a des cons\u00e9quences \u00e0 long terme, avertissent les chercheurs"},{"@type":"BreadcrumbList","@id":"https:\/\/www.africa-press.net\/niger\/toutes-les-actualites\/ne-pas-dormir-assez-a-des-consequences-a-long-terme-avertissent-les-chercheurs#breadcrumb","itemListElement":[{"@type":"ListItem","position":1,"name":"Accueil","item":"https:\/\/www.africa-press.net\/niger\/"},{"@type":"ListItem","position":2,"name":"Ne pas dormir assez a des cons\u00e9quences \u00e0 long terme, avertissent les chercheurs"}]},{"@type":"WebSite","@id":"https:\/\/www.africa-press.net\/niger\/#website","url":"https:\/\/www.africa-press.net\/niger\/","name":"niger","description":"Just another Africa News Agency Sites site","potentialAction":[{"@type":"SearchAction","target":{"@type":"EntryPoint","urlTemplate":"https:\/\/www.africa-press.net\/niger\/?s={search_term_string}"},"query-input":{"@type":"PropertyValueSpecification","valueRequired":true,"valueName":"search_term_string"}}],"inLanguage":"fr-FR"},{"@type":"Person","@id":"https:\/\/www.africa-press.net\/niger\/#\/schema\/person\/2b1cf3cd81a31e3cd26889ca66d677f1","name":"cfeditorfr"}]}},"_links":{"self":[{"href":"https:\/\/www.africa-press.net\/niger\/wp-json\/wp\/v2\/posts\/11629","targetHints":{"allow":["GET"]}}],"collection":[{"href":"https:\/\/www.africa-press.net\/niger\/wp-json\/wp\/v2\/posts"}],"about":[{"href":"https:\/\/www.africa-press.net\/niger\/wp-json\/wp\/v2\/types\/post"}],"author":[{"embeddable":true,"href":"https:\/\/www.africa-press.net\/niger\/wp-json\/wp\/v2\/users\/82"}],"replies":[{"embeddable":true,"href":"https:\/\/www.africa-press.net\/niger\/wp-json\/wp\/v2\/comments?post=11629"}],"version-history":[{"count":0,"href":"https:\/\/www.africa-press.net\/niger\/wp-json\/wp\/v2\/posts\/11629\/revisions"}],"wp:featuredmedia":[{"embeddable":true,"href":"https:\/\/www.africa-press.net\/niger\/wp-json\/wp\/v2\/media\/11628"}],"wp:attachment":[{"href":"https:\/\/www.africa-press.net\/niger\/wp-json\/wp\/v2\/media?parent=11629"}],"wp:term":[{"taxonomy":"category","embeddable":true,"href":"https:\/\/www.africa-press.net\/niger\/wp-json\/wp\/v2\/categories?post=11629"},{"taxonomy":"post_tag","embeddable":true,"href":"https:\/\/www.africa-press.net\/niger\/wp-json\/wp\/v2\/tags?post=11629"}],"curies":[{"name":"wp","href":"https:\/\/api.w.org\/{rel}","templated":true}]}}