{"id":11669,"date":"2021-09-13T17:19:18","date_gmt":"2021-09-13T17:19:18","guid":{"rendered":"https:\/\/www.africa-press.net\/niger\/?p=11669"},"modified":"2021-09-13T20:06:11","modified_gmt":"2021-09-13T20:06:11","slug":"au-cabinet-du-premier-ministre-le-chef-du-gouvernement-recoit-une-delegation-de-la-cedeao-et-lambassadeur-de-la-republique-du-cote-divoire-aupres-du-niger","status":"publish","type":"post","link":"https:\/\/www.africa-press.net\/niger\/politique\/au-cabinet-du-premier-ministre-le-chef-du-gouvernement-recoit-une-delegation-de-la-cedeao-et-lambassadeur-de-la-republique-du-cote-divoire-aupres-du-niger","title":{"rendered":"Au Cabinet du Premier ministre : Le Chef du gouvernement re\u00e7oit une d\u00e9l\u00e9gation de la CEDEAO et l\u2019ambassadeur de la R\u00e9publique du C\u00f4te-d\u2019Ivoire aupr\u00e8s du Niger"},"content":{"rendered":"<p><span style=\"color: #ff6600\"><strong><a href=\"https:\/\/www.africa-press.net\/\">Africa-Press<\/a> &#8211; <a href=\"https:\/\/www.africa-press.net\/niger\">Niger<\/a>. <\/strong><\/span>Le Premier ministre, Chef du gouvernement, M. Ouhoumoudou Mahamadou a accord\u00e9 vendredi 10 septembre deux audiences. C\u2019est ainsi qu\u2019il a successivement re\u00e7u une d\u00e9l\u00e9gation de la Commission de la CEDEAO conduite par le Commissaire charg\u00e9 de l\u2019Agriculture, de l\u2019environnement et des ressources en eau \u00e0 la Commission de la CEDEAO, M. S\u00e9kou Sangar\u00e9 et l\u2019ambassadeur de la R\u00e9publique de C\u00f4te-d\u2019Ivoire aupr\u00e8s du Niger avec r\u00e9sidence au Burkina-Faso, SE Kapi\u00e9l\u00e9tien Soro, en fin de mission.<\/p>\n<p>A l\u2019issue de la premi\u00e8re audience, le Commissaire en charge de l\u2019Agriculture, de l\u2019Environnement et des Ressource en Eau, s\u2019est r\u00e9joui d\u2019avoir \u00e9t\u00e9 re\u00e7u par le Chef du gouvernement \u00e0 qui il a transmis les salutations du Pr\u00e9sident de la Commission de la CEDEAO, M. Jean-Claude Kassi Brou pour tout ce que le Niger entreprend sous le leadership du Pr\u00e9sident de la R\u00e9publique du Niger pour am\u00e9liorer non seulement le bien-\u00eatre de la population nig\u00e9rienne mais \u00e9galement pour contribuer \u00e0 la mise en \u0153uvre de fa\u00e7on efficace des politiques r\u00e9gionales qui sont d\u00e9finies et adopt\u00e9es par nos institutions. Dans ce domaine particulier, le Chef de la d\u00e9l\u00e9gation de la Commission de la CEDEAO a salu\u00e9 le respect des engagements du Niger \u00e0 reconstituer le stock de la r\u00e9serve r\u00e9gionale de s\u00e9curit\u00e9 alimentaire qui a \u00e9t\u00e9 mis \u00e0 la disposition du Niger en 2018 et 2019 pour faire face au d\u00e9fi de l\u2019ins\u00e9curit\u00e9 alimentaire suite au d\u00e9placement des civils mais aussi au contexte de l\u2019ins\u00e9curit\u00e9 et aux inondation que le Niger a connues.<\/p>\n<p>M. S\u00e9kou Sangar\u00e9 a dit aussi avoir \u00e9voqu\u00e9 avec le Premier ministre l\u2019engagement de la CEDEAO non seulement de remettre les 7.599 tonnes de c\u00e9r\u00e9ales que le Niger a demand\u00e9 pour assister les populations, cette ann\u00e9e. \u00abMais nous sommes \u00e9galement d\u00e9termin\u00e9s \u00e0 aller \u00e9galement au-del\u00e0 du cours termes que nous menons actuellement pour d\u00e9velopper au niveau r\u00e9gional un programme de r\u00e9silience avec le syst\u00e8me hydro alimentaire qui va apporter au total dans les ann\u00e9es \u00e0 venir un financement d\u2019un milliard 300 millions de dollars pour les 15 pays membres parmi lesquels sont \u00e9ligibles, d\u00e8s cette ann\u00e9e, le Niger, le Burkina-Faso, le Mali et le Togo\u00bb, a-t-il assur\u00e9.<\/p>\n<p>M. S\u00e9kou Sangar\u00e9 s\u2019est r\u00e9joui d\u2019avoir travaill\u00e9 avec ses coll\u00e8gues du Minist\u00e8re en charge de l\u2019Agriculture du Niger pour pr\u00e9parer le volet de la R\u00e9publique du Niger. \u00abLes n\u00e9gociations vont commencer \u00e0 partir du 20 septembre avec la Banque Mondiale. Nous esp\u00e9rons que le financement sera approuv\u00e9 par le Conseil d\u2019Administration de la Banque mondiale au plus tard le 29 Octobre pour permettre au Niger et aux trois autres pays \u00e9ligibles de d\u00e9marrer des actions concr\u00e8tes sur le terrain\u00bb, a-t-il ajout\u00e9. Par ailleurs, le Commissaire charg\u00e9 de l\u2019Agriculture, de l\u2019Environnement et des Ressources en Eau a dit avoir indiqu\u00e9 au Chef du gouvernement qu\u2019en rapport avec le Minist\u00e8re en charge de l\u2019Elevage du Niger \u00abla Commission va d\u00e9marrer ce lundi au Niger la mise en \u0153uvre de deux sous projets dont le premier porte sur l\u2019am\u00e9lioration de la production de \u2018\u2019Kilichi\u2019\u2019 et le deuxi\u00e8me est relatif \u00e0 l\u2019am\u00e9lioration du commerce du b\u00e9tail-viande \u00e0 l\u2019export dans deux grandes corridors d\u2019exportation du cheptel du Niger.<\/p>\n<p>Le Commissaire de la CEDEAO a exprim\u00e9 la n\u00e9cessit\u00e9 de travailler avec le Minist\u00e8re de l\u2019Hydraulique et de l\u2019Assainissement pour r\u00e9aliser de forages \u00e0 Maradi. \u00abNous avons sollicit\u00e9 l\u2019appui du gouvernement pour obtenir des exon\u00e9rations de la part du Minist\u00e8re des Finances aussi bien \u00e0 la faveur de l\u2019entreprise en charge de ces travaux et \u00e9galement les fournisseurs qui attendent des exon\u00e9rations comme nous l\u2019avons souhait\u00e9 pour pouvoir transporter pr\u00e8s de 2000 tonnes de c\u00e9r\u00e9ales que nous avons achet\u00e9es dans la r\u00e9gion aupr\u00e8s de nos producteurs qui seront stock\u00e9es \u00e0 l\u2019OPVN\u00bb, a-t-il plaid\u00e9.<\/p>\n<p>De son c\u00f4t\u00e9, l\u2019ambassadeur de la R\u00e9publique du C\u00f4te-d\u2019Ivoire aupr\u00e8s du Niger avec r\u00e9sidence au Burkina-Faso, SE Kapi\u00e9l\u00e9tien Soro, a rappel\u00e9 que c\u2019est une tradition lorsqu\u2019un diplomate est en fin de mission de venir faire ses au-revoir aux autorit\u00e9s du pays. A cet effet, le diplomate ivoirien a remerci\u00e9 les autorit\u00e9s du Niger pour leur<\/p>\n<p>accompagnement dans l\u2019accomplissement de sa mission pendant tout son s\u00e9jour au Niger. \u00abNous avons aussi exprim\u00e9 toute l\u2019amiti\u00e9 de la C\u00f4te-d\u2019Ivoire avec le Niger. Nous avons relev\u00e9 l\u2019excellente relation entre les deux pays\u00bb, a-t-il relev\u00e9. L\u2019ambassadeur de la R\u00e9publique du C\u00f4te-d\u2019Ivoire aupr\u00e8s du Niger a fait remarquer une parfaite int\u00e9gration de la communaut\u00e9 ivoirienne au Niger, tout comme celle du Niger en C\u00f4te-d\u2019Ivoire. \u00abNous souhaitons travailler ensemble pour la poursuite et le renforcement de cette bonne coop\u00e9ration entre nos deux pays\u00bb, a conclu SE Kapi\u00e9l\u00e9tien Soro.<\/p>\n<p><b>\u00a0<\/b><\/p>\n","protected":false},"excerpt":{"rendered":"<p>Africa-Press &#8211; Niger. Le Premier ministre, Chef du gouvernement, M. Ouhoumoudou Mahamadou a accord\u00e9 vendredi 10 septembre deux audiences. C\u2019est ainsi qu\u2019il a successivement re\u00e7u une d\u00e9l\u00e9gation de la Commission de la CEDEAO conduite par le Commissaire charg\u00e9 de l\u2019Agriculture, de l\u2019environnement et des ressources en eau \u00e0 la Commission de la CEDEAO, M. S\u00e9kou [&hellip;]<\/p>\n","protected":false},"author":82,"featured_media":11668,"comment_status":"open","ping_status":"closed","sticky":false,"template":"","format":"standard","meta":{"footnotes":""},"categories":[11,2,20,10],"tags":[55,60,29],"class_list":["post-11669","post","type-post","status-publish","format-standard","has-post-thumbnail","hentry","category-homepage-french","category-politique","category-top-nouvelles","category-toutes-les-actualites","tag-africa-press","tag-africa-press-niger","tag-niger"],"yoast_head":"<!-- This site is optimized with the Yoast SEO Premium plugin v26.1 (Yoast SEO v27.0) - https:\/\/yoast.com\/product\/yoast-seo-premium-wordpress\/ -->\n<title>Au Cabinet du Premier ministre : Le Chef du gouvernement re\u00e7oit une d\u00e9l\u00e9gation de la CEDEAO et l\u2019ambassadeur de la R\u00e9publique du C\u00f4te-d\u2019Ivoire aupr\u00e8s du Niger - niger<\/title>\n<meta name=\"description\" content=\"\ufeffLe Premier ministre, Chef du gouvernement, M. Ouhoumoudou Mahamadou a accord\u00e9 vendredi 10 septembre deux audiences. C\u2019e ...\" \/>\n<meta name=\"robots\" content=\"index, follow, max-snippet:-1, max-image-preview:large, max-video-preview:-1\" \/>\n<link rel=\"canonical\" href=\"https:\/\/www.africa-press.net\/niger\/politique\/au-cabinet-du-premier-ministre-le-chef-du-gouvernement-recoit-une-delegation-de-la-cedeao-et-lambassadeur-de-la-republique-du-cote-divoire-aupres-du-niger\" \/>\n<meta property=\"og:locale\" content=\"fr_FR\" \/>\n<meta property=\"og:type\" content=\"article\" \/>\n<meta property=\"og:title\" content=\"Au Cabinet du Premier ministre : Le Chef du gouvernement re\u00e7oit une d\u00e9l\u00e9gation de la CEDEAO et l\u2019ambassadeur de la R\u00e9publique du C\u00f4te-d\u2019Ivoire aupr\u00e8s du Niger\" \/>\n<meta property=\"og:description\" content=\"\ufeffLe Premier ministre, Chef du gouvernement, M. Ouhoumoudou Mahamadou a accord\u00e9 vendredi 10 septembre deux audiences. C\u2019e ...\" \/>\n<meta property=\"og:url\" content=\"https:\/\/www.africa-press.net\/niger\/politique\/au-cabinet-du-premier-ministre-le-chef-du-gouvernement-recoit-une-delegation-de-la-cedeao-et-lambassadeur-de-la-republique-du-cote-divoire-aupres-du-niger\" \/>\n<meta property=\"og:site_name\" content=\"niger\" \/>\n<meta property=\"article:published_time\" content=\"2021-09-13T17:19:18+00:00\" \/>\n<meta property=\"article:modified_time\" content=\"2021-09-13T20:06:11+00:00\" \/>\n<meta property=\"og:image\" content=\"https:\/\/static.africa-press.net\/niger\/sites\/40\/2021\/09\/img-613f7a348eb74.jpg\" \/>\n\t<meta property=\"og:image:width\" content=\"720\" \/>\n\t<meta property=\"og:image:height\" content=\"430\" \/>\n\t<meta property=\"og:image:type\" content=\"image\/jpeg\" \/>\n<meta name=\"author\" content=\"cfeditorfr\" \/>\n<meta name=\"twitter:card\" content=\"summary_large_image\" \/>\n<meta name=\"twitter:label1\" content=\"\u00c9crit par\" \/>\n\t<meta name=\"twitter:data1\" content=\"cfeditorfr\" \/>\n\t<meta name=\"twitter:label2\" content=\"Dur\u00e9e de lecture estim\u00e9e\" \/>\n\t<meta name=\"twitter:data2\" content=\"4 minutes\" \/>\n<script type=\"application\/ld+json\" class=\"yoast-schema-graph\">{\"@context\":\"https:\/\/schema.org\",\"@graph\":[{\"@type\":\"Article\",\"@id\":\"https:\/\/www.africa-press.net\/niger\/politique\/au-cabinet-du-premier-ministre-le-chef-du-gouvernement-recoit-une-delegation-de-la-cedeao-et-lambassadeur-de-la-republique-du-cote-divoire-aupres-du-niger#article\",\"isPartOf\":{\"@id\":\"https:\/\/www.africa-press.net\/niger\/politique\/au-cabinet-du-premier-ministre-le-chef-du-gouvernement-recoit-une-delegation-de-la-cedeao-et-lambassadeur-de-la-republique-du-cote-divoire-aupres-du-niger\"},\"author\":{\"name\":\"cfeditorfr\",\"@id\":\"https:\/\/www.africa-press.net\/niger\/#\/schema\/person\/2b1cf3cd81a31e3cd26889ca66d677f1\"},\"headline\":\"Au Cabinet du Premier ministre : Le Chef du gouvernement re\u00e7oit une d\u00e9l\u00e9gation de la CEDEAO et l\u2019ambassadeur de la R\u00e9publique du C\u00f4te-d\u2019Ivoire aupr\u00e8s du Niger\",\"datePublished\":\"2021-09-13T17:19:18+00:00\",\"dateModified\":\"2021-09-13T20:06:11+00:00\",\"mainEntityOfPage\":{\"@id\":\"https:\/\/www.africa-press.net\/niger\/politique\/au-cabinet-du-premier-ministre-le-chef-du-gouvernement-recoit-une-delegation-de-la-cedeao-et-lambassadeur-de-la-republique-du-cote-divoire-aupres-du-niger\"},\"wordCount\":901,\"commentCount\":0,\"image\":{\"@id\":\"https:\/\/www.africa-press.net\/niger\/politique\/au-cabinet-du-premier-ministre-le-chef-du-gouvernement-recoit-une-delegation-de-la-cedeao-et-lambassadeur-de-la-republique-du-cote-divoire-aupres-du-niger#primaryimage\"},\"thumbnailUrl\":\"https:\/\/static.africa-press.net\/niger\/sites\/40\/2021\/09\/img-613f7a348eb74.jpg\",\"keywords\":[\"Africa Press\",\"Africa Press-Niger\",\"Niger\"],\"articleSection\":[\"homepage-french\",\"Politique\",\"Top Nouvelles\",\"Toutes les actualit\u00e9s\"],\"inLanguage\":\"fr-FR\",\"potentialAction\":[{\"@type\":\"CommentAction\",\"name\":\"Comment\",\"target\":[\"https:\/\/www.africa-press.net\/niger\/politique\/au-cabinet-du-premier-ministre-le-chef-du-gouvernement-recoit-une-delegation-de-la-cedeao-et-lambassadeur-de-la-republique-du-cote-divoire-aupres-du-niger#respond\"]}]},{\"@type\":\"WebPage\",\"@id\":\"https:\/\/www.africa-press.net\/niger\/politique\/au-cabinet-du-premier-ministre-le-chef-du-gouvernement-recoit-une-delegation-de-la-cedeao-et-lambassadeur-de-la-republique-du-cote-divoire-aupres-du-niger\",\"url\":\"https:\/\/www.africa-press.net\/niger\/politique\/au-cabinet-du-premier-ministre-le-chef-du-gouvernement-recoit-une-delegation-de-la-cedeao-et-lambassadeur-de-la-republique-du-cote-divoire-aupres-du-niger\",\"name\":\"Au Cabinet du Premier ministre : Le Chef du gouvernement re\u00e7oit une d\u00e9l\u00e9gation de la CEDEAO et l\u2019ambassadeur de la R\u00e9publique du C\u00f4te-d\u2019Ivoire aupr\u00e8s du Niger - niger\",\"isPartOf\":{\"@id\":\"https:\/\/www.africa-press.net\/niger\/#website\"},\"primaryImageOfPage\":{\"@id\":\"https:\/\/www.africa-press.net\/niger\/politique\/au-cabinet-du-premier-ministre-le-chef-du-gouvernement-recoit-une-delegation-de-la-cedeao-et-lambassadeur-de-la-republique-du-cote-divoire-aupres-du-niger#primaryimage\"},\"image\":{\"@id\":\"https:\/\/www.africa-press.net\/niger\/politique\/au-cabinet-du-premier-ministre-le-chef-du-gouvernement-recoit-une-delegation-de-la-cedeao-et-lambassadeur-de-la-republique-du-cote-divoire-aupres-du-niger#primaryimage\"},\"thumbnailUrl\":\"https:\/\/static.africa-press.net\/niger\/sites\/40\/2021\/09\/img-613f7a348eb74.jpg\",\"datePublished\":\"2021-09-13T17:19:18+00:00\",\"dateModified\":\"2021-09-13T20:06:11+00:00\",\"author\":{\"@id\":\"https:\/\/www.africa-press.net\/niger\/#\/schema\/person\/2b1cf3cd81a31e3cd26889ca66d677f1\"},\"description\":\"\ufeffLe Premier ministre, Chef du gouvernement, M. Ouhoumoudou Mahamadou a accord\u00e9 vendredi 10 septembre deux audiences. C\u2019e ...\",\"breadcrumb\":{\"@id\":\"https:\/\/www.africa-press.net\/niger\/politique\/au-cabinet-du-premier-ministre-le-chef-du-gouvernement-recoit-une-delegation-de-la-cedeao-et-lambassadeur-de-la-republique-du-cote-divoire-aupres-du-niger#breadcrumb\"},\"inLanguage\":\"fr-FR\",\"potentialAction\":[{\"@type\":\"ReadAction\",\"target\":[\"https:\/\/www.africa-press.net\/niger\/politique\/au-cabinet-du-premier-ministre-le-chef-du-gouvernement-recoit-une-delegation-de-la-cedeao-et-lambassadeur-de-la-republique-du-cote-divoire-aupres-du-niger\"]}]},{\"@type\":\"ImageObject\",\"inLanguage\":\"fr-FR\",\"@id\":\"https:\/\/www.africa-press.net\/niger\/politique\/au-cabinet-du-premier-ministre-le-chef-du-gouvernement-recoit-une-delegation-de-la-cedeao-et-lambassadeur-de-la-republique-du-cote-divoire-aupres-du-niger#primaryimage\",\"url\":\"https:\/\/static.africa-press.net\/niger\/sites\/40\/2021\/09\/img-613f7a348eb74.jpg\",\"contentUrl\":\"https:\/\/static.africa-press.net\/niger\/sites\/40\/2021\/09\/img-613f7a348eb74.jpg\",\"width\":720,\"height\":430,\"caption\":\"Au Cabinet du Premier ministre : Le Chef du gouvernement re\u00e7oit une d\u00e9l\u00e9gation de la CEDEAO et l\u2019ambassadeur de la R\u00e9publique du C\u00f4te-d\u2019Ivoire aupr\u00e8s du Niger\"},{\"@type\":\"BreadcrumbList\",\"@id\":\"https:\/\/www.africa-press.net\/niger\/politique\/au-cabinet-du-premier-ministre-le-chef-du-gouvernement-recoit-une-delegation-de-la-cedeao-et-lambassadeur-de-la-republique-du-cote-divoire-aupres-du-niger#breadcrumb\",\"itemListElement\":[{\"@type\":\"ListItem\",\"position\":1,\"name\":\"Accueil\",\"item\":\"https:\/\/www.africa-press.net\/niger\/\"},{\"@type\":\"ListItem\",\"position\":2,\"name\":\"Au Cabinet du Premier ministre : Le Chef du gouvernement re\u00e7oit une d\u00e9l\u00e9gation de la CEDEAO et l\u2019ambassadeur de la R\u00e9publique du C\u00f4te-d\u2019Ivoire aupr\u00e8s du Niger\"}]},{\"@type\":\"WebSite\",\"@id\":\"https:\/\/www.africa-press.net\/niger\/#website\",\"url\":\"https:\/\/www.africa-press.net\/niger\/\",\"name\":\"niger\",\"description\":\"Just another Africa News Agency Sites site\",\"potentialAction\":[{\"@type\":\"SearchAction\",\"target\":{\"@type\":\"EntryPoint\",\"urlTemplate\":\"https:\/\/www.africa-press.net\/niger\/?s={search_term_string}\"},\"query-input\":{\"@type\":\"PropertyValueSpecification\",\"valueRequired\":true,\"valueName\":\"search_term_string\"}}],\"inLanguage\":\"fr-FR\"},{\"@type\":\"Person\",\"@id\":\"https:\/\/www.africa-press.net\/niger\/#\/schema\/person\/2b1cf3cd81a31e3cd26889ca66d677f1\",\"name\":\"cfeditorfr\"}]}<\/script>\n<!-- \/ Yoast SEO Premium plugin. -->","yoast_head_json":{"title":"Au Cabinet du Premier ministre : Le Chef du gouvernement re\u00e7oit une d\u00e9l\u00e9gation de la CEDEAO et l\u2019ambassadeur de la R\u00e9publique du C\u00f4te-d\u2019Ivoire aupr\u00e8s du Niger - niger","description":"\ufeffLe Premier ministre, Chef du gouvernement, M. Ouhoumoudou Mahamadou a accord\u00e9 vendredi 10 septembre deux audiences. C\u2019e ...","robots":{"index":"index","follow":"follow","max-snippet":"max-snippet:-1","max-image-preview":"max-image-preview:large","max-video-preview":"max-video-preview:-1"},"canonical":"https:\/\/www.africa-press.net\/niger\/politique\/au-cabinet-du-premier-ministre-le-chef-du-gouvernement-recoit-une-delegation-de-la-cedeao-et-lambassadeur-de-la-republique-du-cote-divoire-aupres-du-niger","og_locale":"fr_FR","og_type":"article","og_title":"Au Cabinet du Premier ministre : Le Chef du gouvernement re\u00e7oit une d\u00e9l\u00e9gation de la CEDEAO et l\u2019ambassadeur de la R\u00e9publique du C\u00f4te-d\u2019Ivoire aupr\u00e8s du Niger","og_description":"\ufeffLe Premier ministre, Chef du gouvernement, M. Ouhoumoudou Mahamadou a accord\u00e9 vendredi 10 septembre deux audiences. C\u2019e ...","og_url":"https:\/\/www.africa-press.net\/niger\/politique\/au-cabinet-du-premier-ministre-le-chef-du-gouvernement-recoit-une-delegation-de-la-cedeao-et-lambassadeur-de-la-republique-du-cote-divoire-aupres-du-niger","og_site_name":"niger","article_published_time":"2021-09-13T17:19:18+00:00","article_modified_time":"2021-09-13T20:06:11+00:00","og_image":[{"width":720,"height":430,"url":"https:\/\/static.africa-press.net\/niger\/sites\/40\/2021\/09\/img-613f7a348eb74.jpg","type":"image\/jpeg"}],"author":"cfeditorfr","twitter_card":"summary_large_image","twitter_misc":{"\u00c9crit par":"cfeditorfr","Dur\u00e9e de lecture estim\u00e9e":"4 minutes"},"schema":{"@context":"https:\/\/schema.org","@graph":[{"@type":"Article","@id":"https:\/\/www.africa-press.net\/niger\/politique\/au-cabinet-du-premier-ministre-le-chef-du-gouvernement-recoit-une-delegation-de-la-cedeao-et-lambassadeur-de-la-republique-du-cote-divoire-aupres-du-niger#article","isPartOf":{"@id":"https:\/\/www.africa-press.net\/niger\/politique\/au-cabinet-du-premier-ministre-le-chef-du-gouvernement-recoit-une-delegation-de-la-cedeao-et-lambassadeur-de-la-republique-du-cote-divoire-aupres-du-niger"},"author":{"name":"cfeditorfr","@id":"https:\/\/www.africa-press.net\/niger\/#\/schema\/person\/2b1cf3cd81a31e3cd26889ca66d677f1"},"headline":"Au Cabinet du Premier ministre : Le Chef du gouvernement re\u00e7oit une d\u00e9l\u00e9gation de la CEDEAO et l\u2019ambassadeur de la R\u00e9publique du C\u00f4te-d\u2019Ivoire aupr\u00e8s du Niger","datePublished":"2021-09-13T17:19:18+00:00","dateModified":"2021-09-13T20:06:11+00:00","mainEntityOfPage":{"@id":"https:\/\/www.africa-press.net\/niger\/politique\/au-cabinet-du-premier-ministre-le-chef-du-gouvernement-recoit-une-delegation-de-la-cedeao-et-lambassadeur-de-la-republique-du-cote-divoire-aupres-du-niger"},"wordCount":901,"commentCount":0,"image":{"@id":"https:\/\/www.africa-press.net\/niger\/politique\/au-cabinet-du-premier-ministre-le-chef-du-gouvernement-recoit-une-delegation-de-la-cedeao-et-lambassadeur-de-la-republique-du-cote-divoire-aupres-du-niger#primaryimage"},"thumbnailUrl":"https:\/\/static.africa-press.net\/niger\/sites\/40\/2021\/09\/img-613f7a348eb74.jpg","keywords":["Africa Press","Africa Press-Niger","Niger"],"articleSection":["homepage-french","Politique","Top Nouvelles","Toutes les actualit\u00e9s"],"inLanguage":"fr-FR","potentialAction":[{"@type":"CommentAction","name":"Comment","target":["https:\/\/www.africa-press.net\/niger\/politique\/au-cabinet-du-premier-ministre-le-chef-du-gouvernement-recoit-une-delegation-de-la-cedeao-et-lambassadeur-de-la-republique-du-cote-divoire-aupres-du-niger#respond"]}]},{"@type":"WebPage","@id":"https:\/\/www.africa-press.net\/niger\/politique\/au-cabinet-du-premier-ministre-le-chef-du-gouvernement-recoit-une-delegation-de-la-cedeao-et-lambassadeur-de-la-republique-du-cote-divoire-aupres-du-niger","url":"https:\/\/www.africa-press.net\/niger\/politique\/au-cabinet-du-premier-ministre-le-chef-du-gouvernement-recoit-une-delegation-de-la-cedeao-et-lambassadeur-de-la-republique-du-cote-divoire-aupres-du-niger","name":"Au Cabinet du Premier ministre : Le Chef du gouvernement re\u00e7oit une d\u00e9l\u00e9gation de la CEDEAO et l\u2019ambassadeur de la R\u00e9publique du C\u00f4te-d\u2019Ivoire aupr\u00e8s du Niger - niger","isPartOf":{"@id":"https:\/\/www.africa-press.net\/niger\/#website"},"primaryImageOfPage":{"@id":"https:\/\/www.africa-press.net\/niger\/politique\/au-cabinet-du-premier-ministre-le-chef-du-gouvernement-recoit-une-delegation-de-la-cedeao-et-lambassadeur-de-la-republique-du-cote-divoire-aupres-du-niger#primaryimage"},"image":{"@id":"https:\/\/www.africa-press.net\/niger\/politique\/au-cabinet-du-premier-ministre-le-chef-du-gouvernement-recoit-une-delegation-de-la-cedeao-et-lambassadeur-de-la-republique-du-cote-divoire-aupres-du-niger#primaryimage"},"thumbnailUrl":"https:\/\/static.africa-press.net\/niger\/sites\/40\/2021\/09\/img-613f7a348eb74.jpg","datePublished":"2021-09-13T17:19:18+00:00","dateModified":"2021-09-13T20:06:11+00:00","author":{"@id":"https:\/\/www.africa-press.net\/niger\/#\/schema\/person\/2b1cf3cd81a31e3cd26889ca66d677f1"},"description":"\ufeffLe Premier ministre, Chef du gouvernement, M. Ouhoumoudou Mahamadou a accord\u00e9 vendredi 10 septembre deux audiences. C\u2019e ...","breadcrumb":{"@id":"https:\/\/www.africa-press.net\/niger\/politique\/au-cabinet-du-premier-ministre-le-chef-du-gouvernement-recoit-une-delegation-de-la-cedeao-et-lambassadeur-de-la-republique-du-cote-divoire-aupres-du-niger#breadcrumb"},"inLanguage":"fr-FR","potentialAction":[{"@type":"ReadAction","target":["https:\/\/www.africa-press.net\/niger\/politique\/au-cabinet-du-premier-ministre-le-chef-du-gouvernement-recoit-une-delegation-de-la-cedeao-et-lambassadeur-de-la-republique-du-cote-divoire-aupres-du-niger"]}]},{"@type":"ImageObject","inLanguage":"fr-FR","@id":"https:\/\/www.africa-press.net\/niger\/politique\/au-cabinet-du-premier-ministre-le-chef-du-gouvernement-recoit-une-delegation-de-la-cedeao-et-lambassadeur-de-la-republique-du-cote-divoire-aupres-du-niger#primaryimage","url":"https:\/\/static.africa-press.net\/niger\/sites\/40\/2021\/09\/img-613f7a348eb74.jpg","contentUrl":"https:\/\/static.africa-press.net\/niger\/sites\/40\/2021\/09\/img-613f7a348eb74.jpg","width":720,"height":430,"caption":"Au Cabinet du Premier ministre : Le Chef du gouvernement re\u00e7oit une d\u00e9l\u00e9gation de la CEDEAO et l\u2019ambassadeur de la R\u00e9publique du C\u00f4te-d\u2019Ivoire aupr\u00e8s du Niger"},{"@type":"BreadcrumbList","@id":"https:\/\/www.africa-press.net\/niger\/politique\/au-cabinet-du-premier-ministre-le-chef-du-gouvernement-recoit-une-delegation-de-la-cedeao-et-lambassadeur-de-la-republique-du-cote-divoire-aupres-du-niger#breadcrumb","itemListElement":[{"@type":"ListItem","position":1,"name":"Accueil","item":"https:\/\/www.africa-press.net\/niger\/"},{"@type":"ListItem","position":2,"name":"Au Cabinet du Premier ministre : Le Chef du gouvernement re\u00e7oit une d\u00e9l\u00e9gation de la CEDEAO et l\u2019ambassadeur de la R\u00e9publique du C\u00f4te-d\u2019Ivoire aupr\u00e8s du Niger"}]},{"@type":"WebSite","@id":"https:\/\/www.africa-press.net\/niger\/#website","url":"https:\/\/www.africa-press.net\/niger\/","name":"niger","description":"Just another Africa News Agency Sites site","potentialAction":[{"@type":"SearchAction","target":{"@type":"EntryPoint","urlTemplate":"https:\/\/www.africa-press.net\/niger\/?s={search_term_string}"},"query-input":{"@type":"PropertyValueSpecification","valueRequired":true,"valueName":"search_term_string"}}],"inLanguage":"fr-FR"},{"@type":"Person","@id":"https:\/\/www.africa-press.net\/niger\/#\/schema\/person\/2b1cf3cd81a31e3cd26889ca66d677f1","name":"cfeditorfr"}]}},"_links":{"self":[{"href":"https:\/\/www.africa-press.net\/niger\/wp-json\/wp\/v2\/posts\/11669","targetHints":{"allow":["GET"]}}],"collection":[{"href":"https:\/\/www.africa-press.net\/niger\/wp-json\/wp\/v2\/posts"}],"about":[{"href":"https:\/\/www.africa-press.net\/niger\/wp-json\/wp\/v2\/types\/post"}],"author":[{"embeddable":true,"href":"https:\/\/www.africa-press.net\/niger\/wp-json\/wp\/v2\/users\/82"}],"replies":[{"embeddable":true,"href":"https:\/\/www.africa-press.net\/niger\/wp-json\/wp\/v2\/comments?post=11669"}],"version-history":[{"count":0,"href":"https:\/\/www.africa-press.net\/niger\/wp-json\/wp\/v2\/posts\/11669\/revisions"}],"wp:featuredmedia":[{"embeddable":true,"href":"https:\/\/www.africa-press.net\/niger\/wp-json\/wp\/v2\/media\/11668"}],"wp:attachment":[{"href":"https:\/\/www.africa-press.net\/niger\/wp-json\/wp\/v2\/media?parent=11669"}],"wp:term":[{"taxonomy":"category","embeddable":true,"href":"https:\/\/www.africa-press.net\/niger\/wp-json\/wp\/v2\/categories?post=11669"},{"taxonomy":"post_tag","embeddable":true,"href":"https:\/\/www.africa-press.net\/niger\/wp-json\/wp\/v2\/tags?post=11669"}],"curies":[{"name":"wp","href":"https:\/\/api.w.org\/{rel}","templated":true}]}}