{"id":11672,"date":"2021-09-13T17:24:55","date_gmt":"2021-09-13T17:24:55","guid":{"rendered":"https:\/\/www.africa-press.net\/niger\/?p=11672"},"modified":"2021-09-13T20:06:20","modified_gmt":"2021-09-13T20:06:20","slug":"meeting-populaire-a-sarakoira-a-loccasion-de-la-mission-de-travail-du-president-de-la-republique-dans-la-region-de-tillaberi-je-me-ferai-un-devoir-sacre-de-menquerir-regulier","status":"publish","type":"post","link":"https:\/\/www.africa-press.net\/niger\/politique\/meeting-populaire-a-sarakoira-a-loccasion-de-la-mission-de-travail-du-president-de-la-republique-dans-la-region-de-tillaberi-je-me-ferai-un-devoir-sacre-de-menquerir-regulier","title":{"rendered":"Meeting populaire \u00e0 Sarakoira \u00e0 l\u2019occasion de la Mission de travail du Pr\u00e9sident de la R\u00e9publique dans la R\u00e9gion de Tillab\u00e9ri : \u00abJe me ferai un devoir sacr\u00e9 de m\u2019enqu\u00e9rir r\u00e9guli\u00e8rement de la situation de l\u2019Anzourou de fa\u00e7on \u00e0 cr\u00e9er les conditions d\u2019une vie confortable pour les populations\u00bb, a promis SE Mohamed Bazoum."},"content":{"rendered":"<p><span style=\"color: #ff6600\"><strong><a href=\"https:\/\/www.africa-press.net\/\">Africa-Press<\/a> &#8211; <a href=\"https:\/\/www.africa-press.net\/niger\">Niger<\/a>. <\/strong><\/span>Durant sa mission de travail dans la r\u00e9gion de Tillab\u00e9ri, le Pr\u00e9sident de la R\u00e9publique SE Mohamed Bazoum \u00e0 la t\u00eate d\u2019une forte d\u00e9l\u00e9gation s\u2019est rendu le samedi 11 septembre \u00e0 Sarakoira dans la Commune rurale d\u2019Anzourou en proie des attaques terroristes. Le Chef de l\u2019Etat \u00e9tait all\u00e9 rassurer les populations du soutien du peuple du Niger et des autorit\u00e9s qui \u0153uvrent inlassablement pour s\u00e9curiser la zone et ramener la paix sur l\u2019ensemble de la r\u00e9gion de Tillab\u00e9ri et du pays en g\u00e9n\u00e9ral. Les populations \u00e9taient sorties massivement dans une ambiance empreinte des vives \u00e9motions pour r\u00e9server un accueil exceptionnel au Chef de l\u2019Etat et la d\u00e9l\u00e9gation qui l\u2019accompagne. Cette visite du Chef de l\u2019Etat ravive davantage l\u2019espoir chez toutes les populations qui sont conscientes de l\u2019appui constant des autorit\u00e9s toujours \u00e0 pied d\u2019\u0153uvre pour r\u00e9pondre \u00e0 leurs sollicitations.<\/p>\n<p>Au cours du meeting populaire anim\u00e9 \u00e0 Sarakoira, les diff\u00e9rents intervenants qui se sont succ\u00e9d\u00e9 sur la tribune \u00e0 savoir le maire d\u2019Anzourou, le Chef de canton, les repr\u00e9sentants des populations ont de prime abord remerci\u00e9 le Chef de l\u2019Etat pour tout ce que le gouvernement est en train de faire pour les populations de la commune rurale de l\u2019Anzourou et surtout pour avoir personnellement effectu\u00e9 le d\u00e9placement en vue de s\u2019enqu\u00e9rir de leur situation. Ils ont, par la m\u00eame occasion, transmis au Chef de l\u2019Etat les dol\u00e9ances des populations de la Commune.<\/p>\n<p>Ces dol\u00e9ances sont entre autres le renforcement du dispositif s\u00e9curitaire particuli\u00e8rement l\u2019augmentation du nombre des \u00e9l\u00e9ments qui sont d\u00e9ploy\u00e9s dans la zone ; la r\u00e9ouverture des \u00e9coles et des centres des Sant\u00e9, l\u2019assistance en vivres aux populations sachant que des villages n\u2019ont pas sem\u00e9 en raison des attaques terroristes. Si dans les autres localit\u00e9s de la r\u00e9gion, la lev\u00e9e de l\u2019interdiction de circuler \u00e0 moto a \u00e9t\u00e9 favorablement applaudie, il n\u2019en est pas le cas dans la commune rurale d\u2019Anzourou. Les repr\u00e9sentants des populations ont \u00e0 l\u2019unanimit\u00e9 demand\u00e9 au Chef de l\u2019Etat le maintien de l\u2019interdiction de circulation \u00e0 moto dans la commune par peur d\u2019\u00eatre \u00e0 nouveau attaqu\u00e9s par les terroristes.<\/p>\n<p>Apr\u00e8s avoir entendu et suivi l\u2019appr\u00e9ciation des uns et des autres, le Pr\u00e9sident de la R\u00e9publique a pris la parole pour rendre un hommage aux populations de l\u2019Anzourou pour l\u2019accueil chaleureux qui lui a \u00e9t\u00e9 r\u00e9serv\u00e9. A cet effet, le Chef de l\u2019Etat s\u2019est dit conscient de la situation difficile que ces populations traversent depuis quelques ann\u00e9es. M. Mohamed Bazoum a not\u00e9 que la situation s\u2019est compliqu\u00e9e il y a de cela quelques mois avec les meurtres qui sont enregistr\u00e9s dans certains villages. Il a rappel\u00e9 que les populations des villages victimes \u00e9taient contraintes de se d\u00e9placer en masse sur le Chef-lieu de la r\u00e9gion. \u00abJe suis venu vous exprimer la solidarit\u00e9 de tous les Nig\u00e9riens et apporter le soutien de l\u2019Etat\u00bb, a d\u00e9clar\u00e9 le Chef de l\u2019Etat devant les populations d\u2019Anzourou.<\/p>\n<p>Le Pr\u00e9sident de la R\u00e9publique a soulign\u00e9 que la meilleure fa\u00e7on de t\u00e9moigner du soutien de l\u2019Etat est d\u2019effectuer le d\u00e9placement de Sarakoira pour rencontrer les populations, les \u00e9couter et am\u00e9liorer les efforts consentis par l\u2019Etat. D\u2019apr\u00e8s lui, les repr\u00e9sentants des populations se sont r\u00e9jouis des mesures prises ayant permis le retour des toutes les populations d\u00e9plac\u00e9es dans leurs villages respectifs. Pour le Chef de l\u2019Etat, nous sommes en face d\u2019une situation en passe d\u2019\u00eatre totalement ma\u00eetris\u00e9e. En outre, le Pr\u00e9sident Bazoum a soulign\u00e9 que le d\u00e9placement de Sarakoira offre des opportunit\u00e9s \u00e0 la d\u00e9l\u00e9gation qui l\u2019accompagne comprenant le gouverneur, le pr\u00e9fet ainsi que les responsables des FDS de faire une analyse approfondie de la situation et de proposer des solutions appropri\u00e9es. Par ailleurs, le Chef de l\u2019Etat a mentionn\u00e9 avoir pris des mesures ayant apport\u00e9 des r\u00e9sultats satisfaisants. Ainsi, a-t-il annonc\u00e9, l\u2019Etat va multiplier les actions contribuant \u00e0 normaliser la situation. SE Mohamed Bazouma notifi\u00e9 que le probl\u00e8me de l\u2019Anzourou est exacerb\u00e9 par celui d\u2019Inates qui constitue en partie la porte d\u2019entr\u00e9e des terroristes qui progressent pour commettre leurs forfaitures.<\/p>\n<p>Des engagements tous azimuts pour r\u00e9pondre aux attentes des<\/p>\n<p>populations<\/p>\n<p>Le Chef de l\u2019Etat a indiqu\u00e9 que les terroristes op\u00e9rant dans la zone ont \u00e9t\u00e9 identifi\u00e9s et seront recherch\u00e9s et neurtalis\u00e9s.<\/p>\n<p>Revenant sur les dol\u00e9ances formul\u00e9es par les repr\u00e9sentants des populations, le pr\u00e9sident de la R\u00e9publique a rassur\u00e9 avoir not\u00e9 l\u2019insuffisance de l\u2019effectif des FDS et a pris bonne note pour l\u2019am\u00e9lioration du maillage territorial. Il a, par ailleurs, confi\u00e9 que la question s\u00e9curitaire dans la zone n\u00e9cessite d\u2019\u00eatre trait\u00e9e en amont en fermant la porte d\u2019entr\u00e9e \u00e0 partir d\u2019Inates. Il a aussi relev\u00e9 un autre probl\u00e8me qu\u2018est celui du voisinage de la commune d\u2019Anzourou avec celle de Tondikiwindi o\u00f9 s\u00e9vissent \u00e9galement les exactions terroristes. Le Chef de l\u2019Etat s\u2019est engag\u00e9 \u00e0 am\u00e9liorer la situation des populations de l\u2019Anzourou qui est une cons\u00e9quence de ce qui se passe \u00e0 Inates en v\u00e9rit\u00e9. Il a \u00e9galement d\u00e9plor\u00e9 la fermeture des \u00e9coles et des centres de sant\u00e9 qui, pr\u00e9cise-t-il, est le r\u00e9sultat de la d\u00e9t\u00e9rioration de la s\u00e9curit\u00e9 dans la zone.<\/p>\n<p>En ce qui concerne le probl\u00e8me relatif \u00e0 la s\u00e9curitaire alimentaire, le Chef de l\u2019Etat a salu\u00e9 les initiatives entreprises par les populations pour assister ceux qui n\u2019ont pas pu cultiver dans leurs villages en vu d\u2019en disposer des espaces qu\u2019ils ont mis en valeur. Il s\u2019est f\u00e9licit\u00e9 de l\u2019\u00e9lan de la solidarit\u00e9 ayant caract\u00e9ris\u00e9 ces initiatives. \u00abC\u2019est le devoir de l\u2019Etat de les aider, nous allons les aider\u00bb, dixit SE. Mohamed Bazoum. Il a \u00e9galement promis de suivre avec int\u00e9r\u00eat et toute l\u2019attention requise l\u2019ensemble de probl\u00e8mes soulev\u00e9s par les intervenants lors de la c\u00e9r\u00e9monie. \u00abJe me ferai un devoir sacr\u00e9 de m\u2019enqu\u00e9rir r\u00e9guli\u00e8rement de la situation de l\u2019Anzourou, de fa\u00e7on \u00e0 cr\u00e9er les conditions d\u2019une vie confortable pour les populations\u00bb a promis SE Mohamed Bazoum.<\/p>\n<p>Parlant de la lev\u00e9e de l\u2019interdiction de la circulation des motos, il a rappel\u00e9 que c\u2019est une promesse de la campagne \u00e9lectorale qu\u2019il a d\u00e9cid\u00e9 de mettre en \u0153uvre afin d\u2019honorer ses engagements. Cette d\u00e9cision a \u00e9t\u00e9 prise \u00e0 l\u2019issue des concertations avec le ministre de l\u2019Int\u00e9rieur, le gouverneur, les autorit\u00e9s administratives et coutumi\u00e8res. Au regard de l\u2019inqui\u00e9tude manifest\u00e9e par les populations, cette d\u00e9cision ne sera pas mise en \u0153uvre \u00e0 l\u2019Anzourou. Il a rassur\u00e9 l\u2019assistance qu\u2019aucune moto ne circulera \u00e0 Anzourou. Ce qui sera valable pour les populations de Goroual qui ont formul\u00e9 la m\u00eame demande. \u00abCette mesure ne sera pas appliqu\u00e9e partout o\u00f9 les populations estiment qu\u2019elle est pr\u00e9judiciable\u00bb, a-t-il promis. Et c\u2019est pourquoi, il a \u00e9t\u00e9 donn\u00e9 un d\u00e9lai d\u2019un mois pour \u00e9valuer les effets de cette mesure, au treme duquel l\u2019Etat serait pr\u00eat \u00e0 la remettre en cause sur l\u2019ensemble de la r\u00e9gion. En attendant, l\u2019application de la mesure est fonction des instructions qui seront donn\u00e9es \u00e0 l\u2019issue de l\u2019\u00e9valuation.<\/p>\n<p>Le Pr\u00e9sident de la R\u00e9publique a r\u00e9it\u00e9r\u00e9 son engagement \u00e0 r\u00e9soudre les probl\u00e8mes sus \u00e9voqu\u00e9s par les repr\u00e9sentants des populations par ordre d\u2019urgence notamment les probl\u00e8mes s\u00e9curitaires, alimentaires, celui de l\u2019\u00e9ducation et de la sant\u00e9. Quant aux probl\u00e8mes de d\u00e9veloppement, il estime qu\u2019ils viendront apr\u00e8s. \u00abIl serait difficile aujourd\u2019hui de r\u00e9aliser une route, l\u2019essentiel est de r\u00e9pondre aux probl\u00e8mes les plus urgents\u00bb, a-t-il estim\u00e9. \u00abApr\u00e8s, nous cr\u00e9erons les conditions d\u2019investissement qui sont n\u00e9cessaires pour le rel\u00e8vement et le d\u00e9veloppement de la commune\u00bb a indiqu\u00e9 le Chef de l\u2019Etat. Il a inform\u00e9 l\u2019assistance de la r\u00e9union qu\u2019il a pr\u00e9sid\u00e9e la veille dans l\u2019apr\u00e8s-midi ayant enregistr\u00e9 la pr\u00e9sence des responsables des FDS qui ont suivi avec int\u00e9r\u00eat l\u2019intervention des uns et des autres. La r\u00e9union a permis de passer en revue la situation de chaque d\u00e9partement de la r\u00e9gion de Tillab\u00e9ri. A l\u2019issue de la rencontre, il a \u00e9t\u00e9 formul\u00e9 des recommandations et des instructions ont \u00e9t\u00e9 \u00e9galement donn\u00e9es. Ces instructions, pr\u00e9cise SE Mohamed Bazoum, seront appliqu\u00e9es sur l\u2019ensemble de la r\u00e9gion de Tillab\u00e9ri. \u00abEn ce qui vous concerne, nous sommes venus sp\u00e9cialement chez vous, parce que vous \u00eates un symbole de la souffrance et de la r\u00e9silience au terrorisme. Et nous allons faire du symbole que vous \u00eates un bon exemple\u00bb a conclu le Pr\u00e9sident de la R\u00e9publique.<\/p>\n<p><b>\u00a0<\/b><\/p>\n","protected":false},"excerpt":{"rendered":"<p>Africa-Press &#8211; Niger. Durant sa mission de travail dans la r\u00e9gion de Tillab\u00e9ri, le Pr\u00e9sident de la R\u00e9publique SE Mohamed Bazoum \u00e0 la t\u00eate d\u2019une forte d\u00e9l\u00e9gation s\u2019est rendu le samedi 11 septembre \u00e0 Sarakoira dans la Commune rurale d\u2019Anzourou en proie des attaques terroristes. Le Chef de l\u2019Etat \u00e9tait all\u00e9 rassurer les populations du [&hellip;]<\/p>\n","protected":false},"author":82,"featured_media":11671,"comment_status":"open","ping_status":"closed","sticky":false,"template":"","format":"standard","meta":{"footnotes":""},"categories":[11,2,10],"tags":[55,60,29],"class_list":["post-11672","post","type-post","status-publish","format-standard","has-post-thumbnail","hentry","category-homepage-french","category-politique","category-toutes-les-actualites","tag-africa-press","tag-africa-press-niger","tag-niger"],"yoast_head":"<!-- This site is optimized with the Yoast SEO Premium plugin v26.1 (Yoast SEO v27.0) - https:\/\/yoast.com\/product\/yoast-seo-premium-wordpress\/ -->\n<title>Meeting populaire \u00e0 Sarakoira \u00e0 l\u2019occasion de la Mission de travail du Pr\u00e9sident de la R\u00e9publique dans la R\u00e9gion de Tillab\u00e9ri : \u00abJe me ferai un devoir sacr\u00e9 de m\u2019enqu\u00e9rir r\u00e9guli\u00e8rement de la situation de l\u2019Anzourou de fa\u00e7on \u00e0 cr\u00e9er les conditions d\u2019une vie confortable pour les populations\u00bb, a promis SE Mohamed Bazoum. - niger<\/title>\n<meta name=\"description\" content=\"\ufeffDurant sa mission de travail dans la r\u00e9gion de Tillab\u00e9ri, le Pr\u00e9sident de la R\u00e9publique SE Mohamed Bazoum \u00e0 la t\u00eate d\u2019u ...\" \/>\n<meta name=\"robots\" content=\"index, follow, max-snippet:-1, max-image-preview:large, max-video-preview:-1\" \/>\n<link rel=\"canonical\" href=\"https:\/\/www.africa-press.net\/niger\/politique\/meeting-populaire-a-sarakoira-a-loccasion-de-la-mission-de-travail-du-president-de-la-republique-dans-la-region-de-tillaberi-je-me-ferai-un-devoir-sacre-de-menquerir-regulier\" \/>\n<meta property=\"og:locale\" content=\"fr_FR\" \/>\n<meta property=\"og:type\" content=\"article\" \/>\n<meta property=\"og:title\" content=\"Meeting populaire \u00e0 Sarakoira \u00e0 l\u2019occasion de la Mission de travail du Pr\u00e9sident de la R\u00e9publique dans la R\u00e9gion de Tillab\u00e9ri : \u00abJe me ferai un devoir sacr\u00e9 de m\u2019enqu\u00e9rir r\u00e9guli\u00e8rement de la situation de l\u2019Anzourou de fa\u00e7on \u00e0 cr\u00e9er les conditions d\u2019une vie confortable pour les populations\u00bb, a promis SE Mohamed Bazoum.\" \/>\n<meta property=\"og:description\" content=\"\ufeffDurant sa mission de travail dans la r\u00e9gion de Tillab\u00e9ri, le Pr\u00e9sident de la R\u00e9publique SE Mohamed Bazoum \u00e0 la t\u00eate d\u2019u ...\" \/>\n<meta property=\"og:url\" content=\"https:\/\/www.africa-press.net\/niger\/politique\/meeting-populaire-a-sarakoira-a-loccasion-de-la-mission-de-travail-du-president-de-la-republique-dans-la-region-de-tillaberi-je-me-ferai-un-devoir-sacre-de-menquerir-regulier\" \/>\n<meta property=\"og:site_name\" content=\"niger\" \/>\n<meta property=\"article:published_time\" content=\"2021-09-13T17:24:55+00:00\" \/>\n<meta property=\"article:modified_time\" content=\"2021-09-13T20:06:20+00:00\" \/>\n<meta property=\"og:image\" content=\"https:\/\/static.africa-press.net\/niger\/sites\/40\/2021\/09\/img-613f7a5bf2a15.jpg\" \/>\n\t<meta property=\"og:image:width\" content=\"720\" \/>\n\t<meta property=\"og:image:height\" content=\"412\" \/>\n\t<meta property=\"og:image:type\" content=\"image\/jpeg\" \/>\n<meta name=\"author\" content=\"cfeditorfr\" \/>\n<meta name=\"twitter:card\" content=\"summary_large_image\" \/>\n<meta name=\"twitter:label1\" content=\"\u00c9crit par\" \/>\n\t<meta name=\"twitter:data1\" content=\"cfeditorfr\" \/>\n\t<meta name=\"twitter:label2\" content=\"Dur\u00e9e de lecture estim\u00e9e\" \/>\n\t<meta name=\"twitter:data2\" content=\"8 minutes\" \/>\n<script type=\"application\/ld+json\" class=\"yoast-schema-graph\">{\"@context\":\"https:\/\/schema.org\",\"@graph\":[{\"@type\":\"Article\",\"@id\":\"https:\/\/www.africa-press.net\/niger\/politique\/meeting-populaire-a-sarakoira-a-loccasion-de-la-mission-de-travail-du-president-de-la-republique-dans-la-region-de-tillaberi-je-me-ferai-un-devoir-sacre-de-menquerir-regulier#article\",\"isPartOf\":{\"@id\":\"https:\/\/www.africa-press.net\/niger\/politique\/meeting-populaire-a-sarakoira-a-loccasion-de-la-mission-de-travail-du-president-de-la-republique-dans-la-region-de-tillaberi-je-me-ferai-un-devoir-sacre-de-menquerir-regulier\"},\"author\":{\"name\":\"cfeditorfr\",\"@id\":\"https:\/\/www.africa-press.net\/niger\/#\/schema\/person\/2b1cf3cd81a31e3cd26889ca66d677f1\"},\"headline\":\"Meeting populaire \u00e0 Sarakoira \u00e0 l\u2019occasion de la Mission de travail du Pr\u00e9sident de la R\u00e9publique dans la R\u00e9gion de Tillab\u00e9ri : \u00abJe me ferai un devoir sacr\u00e9 de m\u2019enqu\u00e9rir r\u00e9guli\u00e8rement de la situation de l\u2019Anzourou de fa\u00e7on \u00e0 cr\u00e9er les conditions d\u2019une vie confortable pour les populations\u00bb, a promis SE Mohamed Bazoum.\",\"datePublished\":\"2021-09-13T17:24:55+00:00\",\"dateModified\":\"2021-09-13T20:06:20+00:00\",\"mainEntityOfPage\":{\"@id\":\"https:\/\/www.africa-press.net\/niger\/politique\/meeting-populaire-a-sarakoira-a-loccasion-de-la-mission-de-travail-du-president-de-la-republique-dans-la-region-de-tillaberi-je-me-ferai-un-devoir-sacre-de-menquerir-regulier\"},\"wordCount\":1648,\"commentCount\":0,\"image\":{\"@id\":\"https:\/\/www.africa-press.net\/niger\/politique\/meeting-populaire-a-sarakoira-a-loccasion-de-la-mission-de-travail-du-president-de-la-republique-dans-la-region-de-tillaberi-je-me-ferai-un-devoir-sacre-de-menquerir-regulier#primaryimage\"},\"thumbnailUrl\":\"https:\/\/static.africa-press.net\/niger\/sites\/40\/2021\/09\/img-613f7a5bf2a15.jpg\",\"keywords\":[\"Africa Press\",\"Africa Press-Niger\",\"Niger\"],\"articleSection\":[\"homepage-french\",\"Politique\",\"Toutes les actualit\u00e9s\"],\"inLanguage\":\"fr-FR\",\"potentialAction\":[{\"@type\":\"CommentAction\",\"name\":\"Comment\",\"target\":[\"https:\/\/www.africa-press.net\/niger\/politique\/meeting-populaire-a-sarakoira-a-loccasion-de-la-mission-de-travail-du-president-de-la-republique-dans-la-region-de-tillaberi-je-me-ferai-un-devoir-sacre-de-menquerir-regulier#respond\"]}]},{\"@type\":\"WebPage\",\"@id\":\"https:\/\/www.africa-press.net\/niger\/politique\/meeting-populaire-a-sarakoira-a-loccasion-de-la-mission-de-travail-du-president-de-la-republique-dans-la-region-de-tillaberi-je-me-ferai-un-devoir-sacre-de-menquerir-regulier\",\"url\":\"https:\/\/www.africa-press.net\/niger\/politique\/meeting-populaire-a-sarakoira-a-loccasion-de-la-mission-de-travail-du-president-de-la-republique-dans-la-region-de-tillaberi-je-me-ferai-un-devoir-sacre-de-menquerir-regulier\",\"name\":\"Meeting populaire \u00e0 Sarakoira \u00e0 l\u2019occasion de la Mission de travail du Pr\u00e9sident de la R\u00e9publique dans la R\u00e9gion de Tillab\u00e9ri : \u00abJe me ferai un devoir sacr\u00e9 de m\u2019enqu\u00e9rir r\u00e9guli\u00e8rement de la situation de l\u2019Anzourou de fa\u00e7on \u00e0 cr\u00e9er les conditions d\u2019une vie confortable pour les populations\u00bb, a promis SE Mohamed Bazoum. - niger\",\"isPartOf\":{\"@id\":\"https:\/\/www.africa-press.net\/niger\/#website\"},\"primaryImageOfPage\":{\"@id\":\"https:\/\/www.africa-press.net\/niger\/politique\/meeting-populaire-a-sarakoira-a-loccasion-de-la-mission-de-travail-du-president-de-la-republique-dans-la-region-de-tillaberi-je-me-ferai-un-devoir-sacre-de-menquerir-regulier#primaryimage\"},\"image\":{\"@id\":\"https:\/\/www.africa-press.net\/niger\/politique\/meeting-populaire-a-sarakoira-a-loccasion-de-la-mission-de-travail-du-president-de-la-republique-dans-la-region-de-tillaberi-je-me-ferai-un-devoir-sacre-de-menquerir-regulier#primaryimage\"},\"thumbnailUrl\":\"https:\/\/static.africa-press.net\/niger\/sites\/40\/2021\/09\/img-613f7a5bf2a15.jpg\",\"datePublished\":\"2021-09-13T17:24:55+00:00\",\"dateModified\":\"2021-09-13T20:06:20+00:00\",\"author\":{\"@id\":\"https:\/\/www.africa-press.net\/niger\/#\/schema\/person\/2b1cf3cd81a31e3cd26889ca66d677f1\"},\"description\":\"\ufeffDurant sa mission de travail dans la r\u00e9gion de Tillab\u00e9ri, le Pr\u00e9sident de la R\u00e9publique SE Mohamed Bazoum \u00e0 la t\u00eate d\u2019u ...\",\"breadcrumb\":{\"@id\":\"https:\/\/www.africa-press.net\/niger\/politique\/meeting-populaire-a-sarakoira-a-loccasion-de-la-mission-de-travail-du-president-de-la-republique-dans-la-region-de-tillaberi-je-me-ferai-un-devoir-sacre-de-menquerir-regulier#breadcrumb\"},\"inLanguage\":\"fr-FR\",\"potentialAction\":[{\"@type\":\"ReadAction\",\"target\":[\"https:\/\/www.africa-press.net\/niger\/politique\/meeting-populaire-a-sarakoira-a-loccasion-de-la-mission-de-travail-du-president-de-la-republique-dans-la-region-de-tillaberi-je-me-ferai-un-devoir-sacre-de-menquerir-regulier\"]}]},{\"@type\":\"ImageObject\",\"inLanguage\":\"fr-FR\",\"@id\":\"https:\/\/www.africa-press.net\/niger\/politique\/meeting-populaire-a-sarakoira-a-loccasion-de-la-mission-de-travail-du-president-de-la-republique-dans-la-region-de-tillaberi-je-me-ferai-un-devoir-sacre-de-menquerir-regulier#primaryimage\",\"url\":\"https:\/\/static.africa-press.net\/niger\/sites\/40\/2021\/09\/img-613f7a5bf2a15.jpg\",\"contentUrl\":\"https:\/\/static.africa-press.net\/niger\/sites\/40\/2021\/09\/img-613f7a5bf2a15.jpg\",\"width\":720,\"height\":412,\"caption\":\"Meeting populaire \u00e0 Sarakoira \u00e0 l\u2019occasion de la Mission de travail du Pr\u00e9sident de la R\u00e9publique dans la R\u00e9gion de Tillab\u00e9ri : \u00abJe me ferai un devoir sacr\u00e9 de m\u2019enqu\u00e9rir r\u00e9guli\u00e8rement de la situation de l\u2019Anzourou de fa\u00e7on \u00e0 cr\u00e9er les conditions d\u2019une vie confortable pour les populations\u00bb, a promis SE Mohamed Bazoum.\"},{\"@type\":\"BreadcrumbList\",\"@id\":\"https:\/\/www.africa-press.net\/niger\/politique\/meeting-populaire-a-sarakoira-a-loccasion-de-la-mission-de-travail-du-president-de-la-republique-dans-la-region-de-tillaberi-je-me-ferai-un-devoir-sacre-de-menquerir-regulier#breadcrumb\",\"itemListElement\":[{\"@type\":\"ListItem\",\"position\":1,\"name\":\"Accueil\",\"item\":\"https:\/\/www.africa-press.net\/niger\/\"},{\"@type\":\"ListItem\",\"position\":2,\"name\":\"Meeting populaire \u00e0 Sarakoira \u00e0 l\u2019occasion de la Mission de travail du Pr\u00e9sident de la R\u00e9publique dans la R\u00e9gion de Tillab\u00e9ri : \u00abJe me ferai un devoir sacr\u00e9 de m\u2019enqu\u00e9rir r\u00e9guli\u00e8rement de la situation de l\u2019Anzourou de fa\u00e7on \u00e0 cr\u00e9er les conditions d\u2019une vie confortable pour les populations\u00bb, a promis SE Mohamed Bazoum.\"}]},{\"@type\":\"WebSite\",\"@id\":\"https:\/\/www.africa-press.net\/niger\/#website\",\"url\":\"https:\/\/www.africa-press.net\/niger\/\",\"name\":\"niger\",\"description\":\"Just another Africa News Agency Sites site\",\"potentialAction\":[{\"@type\":\"SearchAction\",\"target\":{\"@type\":\"EntryPoint\",\"urlTemplate\":\"https:\/\/www.africa-press.net\/niger\/?s={search_term_string}\"},\"query-input\":{\"@type\":\"PropertyValueSpecification\",\"valueRequired\":true,\"valueName\":\"search_term_string\"}}],\"inLanguage\":\"fr-FR\"},{\"@type\":\"Person\",\"@id\":\"https:\/\/www.africa-press.net\/niger\/#\/schema\/person\/2b1cf3cd81a31e3cd26889ca66d677f1\",\"name\":\"cfeditorfr\"}]}<\/script>\n<!-- \/ Yoast SEO Premium plugin. -->","yoast_head_json":{"title":"Meeting populaire \u00e0 Sarakoira \u00e0 l\u2019occasion de la Mission de travail du Pr\u00e9sident de la R\u00e9publique dans la R\u00e9gion de Tillab\u00e9ri : \u00abJe me ferai un devoir sacr\u00e9 de m\u2019enqu\u00e9rir r\u00e9guli\u00e8rement de la situation de l\u2019Anzourou de fa\u00e7on \u00e0 cr\u00e9er les conditions d\u2019une vie confortable pour les populations\u00bb, a promis SE Mohamed Bazoum. - niger","description":"\ufeffDurant sa mission de travail dans la r\u00e9gion de Tillab\u00e9ri, le Pr\u00e9sident de la R\u00e9publique SE Mohamed Bazoum \u00e0 la t\u00eate d\u2019u ...","robots":{"index":"index","follow":"follow","max-snippet":"max-snippet:-1","max-image-preview":"max-image-preview:large","max-video-preview":"max-video-preview:-1"},"canonical":"https:\/\/www.africa-press.net\/niger\/politique\/meeting-populaire-a-sarakoira-a-loccasion-de-la-mission-de-travail-du-president-de-la-republique-dans-la-region-de-tillaberi-je-me-ferai-un-devoir-sacre-de-menquerir-regulier","og_locale":"fr_FR","og_type":"article","og_title":"Meeting populaire \u00e0 Sarakoira \u00e0 l\u2019occasion de la Mission de travail du Pr\u00e9sident de la R\u00e9publique dans la R\u00e9gion de Tillab\u00e9ri : \u00abJe me ferai un devoir sacr\u00e9 de m\u2019enqu\u00e9rir r\u00e9guli\u00e8rement de la situation de l\u2019Anzourou de fa\u00e7on \u00e0 cr\u00e9er les conditions d\u2019une vie confortable pour les populations\u00bb, a promis SE Mohamed Bazoum.","og_description":"\ufeffDurant sa mission de travail dans la r\u00e9gion de Tillab\u00e9ri, le Pr\u00e9sident de la R\u00e9publique SE Mohamed Bazoum \u00e0 la t\u00eate d\u2019u ...","og_url":"https:\/\/www.africa-press.net\/niger\/politique\/meeting-populaire-a-sarakoira-a-loccasion-de-la-mission-de-travail-du-president-de-la-republique-dans-la-region-de-tillaberi-je-me-ferai-un-devoir-sacre-de-menquerir-regulier","og_site_name":"niger","article_published_time":"2021-09-13T17:24:55+00:00","article_modified_time":"2021-09-13T20:06:20+00:00","og_image":[{"width":720,"height":412,"url":"https:\/\/static.africa-press.net\/niger\/sites\/40\/2021\/09\/img-613f7a5bf2a15.jpg","type":"image\/jpeg"}],"author":"cfeditorfr","twitter_card":"summary_large_image","twitter_misc":{"\u00c9crit par":"cfeditorfr","Dur\u00e9e de lecture estim\u00e9e":"8 minutes"},"schema":{"@context":"https:\/\/schema.org","@graph":[{"@type":"Article","@id":"https:\/\/www.africa-press.net\/niger\/politique\/meeting-populaire-a-sarakoira-a-loccasion-de-la-mission-de-travail-du-president-de-la-republique-dans-la-region-de-tillaberi-je-me-ferai-un-devoir-sacre-de-menquerir-regulier#article","isPartOf":{"@id":"https:\/\/www.africa-press.net\/niger\/politique\/meeting-populaire-a-sarakoira-a-loccasion-de-la-mission-de-travail-du-president-de-la-republique-dans-la-region-de-tillaberi-je-me-ferai-un-devoir-sacre-de-menquerir-regulier"},"author":{"name":"cfeditorfr","@id":"https:\/\/www.africa-press.net\/niger\/#\/schema\/person\/2b1cf3cd81a31e3cd26889ca66d677f1"},"headline":"Meeting populaire \u00e0 Sarakoira \u00e0 l\u2019occasion de la Mission de travail du Pr\u00e9sident de la R\u00e9publique dans la R\u00e9gion de Tillab\u00e9ri : \u00abJe me ferai un devoir sacr\u00e9 de m\u2019enqu\u00e9rir r\u00e9guli\u00e8rement de la situation de l\u2019Anzourou de fa\u00e7on \u00e0 cr\u00e9er les conditions d\u2019une vie confortable pour les populations\u00bb, a promis SE Mohamed Bazoum.","datePublished":"2021-09-13T17:24:55+00:00","dateModified":"2021-09-13T20:06:20+00:00","mainEntityOfPage":{"@id":"https:\/\/www.africa-press.net\/niger\/politique\/meeting-populaire-a-sarakoira-a-loccasion-de-la-mission-de-travail-du-president-de-la-republique-dans-la-region-de-tillaberi-je-me-ferai-un-devoir-sacre-de-menquerir-regulier"},"wordCount":1648,"commentCount":0,"image":{"@id":"https:\/\/www.africa-press.net\/niger\/politique\/meeting-populaire-a-sarakoira-a-loccasion-de-la-mission-de-travail-du-president-de-la-republique-dans-la-region-de-tillaberi-je-me-ferai-un-devoir-sacre-de-menquerir-regulier#primaryimage"},"thumbnailUrl":"https:\/\/static.africa-press.net\/niger\/sites\/40\/2021\/09\/img-613f7a5bf2a15.jpg","keywords":["Africa Press","Africa Press-Niger","Niger"],"articleSection":["homepage-french","Politique","Toutes les actualit\u00e9s"],"inLanguage":"fr-FR","potentialAction":[{"@type":"CommentAction","name":"Comment","target":["https:\/\/www.africa-press.net\/niger\/politique\/meeting-populaire-a-sarakoira-a-loccasion-de-la-mission-de-travail-du-president-de-la-republique-dans-la-region-de-tillaberi-je-me-ferai-un-devoir-sacre-de-menquerir-regulier#respond"]}]},{"@type":"WebPage","@id":"https:\/\/www.africa-press.net\/niger\/politique\/meeting-populaire-a-sarakoira-a-loccasion-de-la-mission-de-travail-du-president-de-la-republique-dans-la-region-de-tillaberi-je-me-ferai-un-devoir-sacre-de-menquerir-regulier","url":"https:\/\/www.africa-press.net\/niger\/politique\/meeting-populaire-a-sarakoira-a-loccasion-de-la-mission-de-travail-du-president-de-la-republique-dans-la-region-de-tillaberi-je-me-ferai-un-devoir-sacre-de-menquerir-regulier","name":"Meeting populaire \u00e0 Sarakoira \u00e0 l\u2019occasion de la Mission de travail du Pr\u00e9sident de la R\u00e9publique dans la R\u00e9gion de Tillab\u00e9ri : \u00abJe me ferai un devoir sacr\u00e9 de m\u2019enqu\u00e9rir r\u00e9guli\u00e8rement de la situation de l\u2019Anzourou de fa\u00e7on \u00e0 cr\u00e9er les conditions d\u2019une vie confortable pour les populations\u00bb, a promis SE Mohamed Bazoum. - niger","isPartOf":{"@id":"https:\/\/www.africa-press.net\/niger\/#website"},"primaryImageOfPage":{"@id":"https:\/\/www.africa-press.net\/niger\/politique\/meeting-populaire-a-sarakoira-a-loccasion-de-la-mission-de-travail-du-president-de-la-republique-dans-la-region-de-tillaberi-je-me-ferai-un-devoir-sacre-de-menquerir-regulier#primaryimage"},"image":{"@id":"https:\/\/www.africa-press.net\/niger\/politique\/meeting-populaire-a-sarakoira-a-loccasion-de-la-mission-de-travail-du-president-de-la-republique-dans-la-region-de-tillaberi-je-me-ferai-un-devoir-sacre-de-menquerir-regulier#primaryimage"},"thumbnailUrl":"https:\/\/static.africa-press.net\/niger\/sites\/40\/2021\/09\/img-613f7a5bf2a15.jpg","datePublished":"2021-09-13T17:24:55+00:00","dateModified":"2021-09-13T20:06:20+00:00","author":{"@id":"https:\/\/www.africa-press.net\/niger\/#\/schema\/person\/2b1cf3cd81a31e3cd26889ca66d677f1"},"description":"\ufeffDurant sa mission de travail dans la r\u00e9gion de Tillab\u00e9ri, le Pr\u00e9sident de la R\u00e9publique SE Mohamed Bazoum \u00e0 la t\u00eate d\u2019u ...","breadcrumb":{"@id":"https:\/\/www.africa-press.net\/niger\/politique\/meeting-populaire-a-sarakoira-a-loccasion-de-la-mission-de-travail-du-president-de-la-republique-dans-la-region-de-tillaberi-je-me-ferai-un-devoir-sacre-de-menquerir-regulier#breadcrumb"},"inLanguage":"fr-FR","potentialAction":[{"@type":"ReadAction","target":["https:\/\/www.africa-press.net\/niger\/politique\/meeting-populaire-a-sarakoira-a-loccasion-de-la-mission-de-travail-du-president-de-la-republique-dans-la-region-de-tillaberi-je-me-ferai-un-devoir-sacre-de-menquerir-regulier"]}]},{"@type":"ImageObject","inLanguage":"fr-FR","@id":"https:\/\/www.africa-press.net\/niger\/politique\/meeting-populaire-a-sarakoira-a-loccasion-de-la-mission-de-travail-du-president-de-la-republique-dans-la-region-de-tillaberi-je-me-ferai-un-devoir-sacre-de-menquerir-regulier#primaryimage","url":"https:\/\/static.africa-press.net\/niger\/sites\/40\/2021\/09\/img-613f7a5bf2a15.jpg","contentUrl":"https:\/\/static.africa-press.net\/niger\/sites\/40\/2021\/09\/img-613f7a5bf2a15.jpg","width":720,"height":412,"caption":"Meeting populaire \u00e0 Sarakoira \u00e0 l\u2019occasion de la Mission de travail du Pr\u00e9sident de la R\u00e9publique dans la R\u00e9gion de Tillab\u00e9ri : \u00abJe me ferai un devoir sacr\u00e9 de m\u2019enqu\u00e9rir r\u00e9guli\u00e8rement de la situation de l\u2019Anzourou de fa\u00e7on \u00e0 cr\u00e9er les conditions d\u2019une vie confortable pour les populations\u00bb, a promis SE Mohamed Bazoum."},{"@type":"BreadcrumbList","@id":"https:\/\/www.africa-press.net\/niger\/politique\/meeting-populaire-a-sarakoira-a-loccasion-de-la-mission-de-travail-du-president-de-la-republique-dans-la-region-de-tillaberi-je-me-ferai-un-devoir-sacre-de-menquerir-regulier#breadcrumb","itemListElement":[{"@type":"ListItem","position":1,"name":"Accueil","item":"https:\/\/www.africa-press.net\/niger\/"},{"@type":"ListItem","position":2,"name":"Meeting populaire \u00e0 Sarakoira \u00e0 l\u2019occasion de la Mission de travail du Pr\u00e9sident de la R\u00e9publique dans la R\u00e9gion de Tillab\u00e9ri : \u00abJe me ferai un devoir sacr\u00e9 de m\u2019enqu\u00e9rir r\u00e9guli\u00e8rement de la situation de l\u2019Anzourou de fa\u00e7on \u00e0 cr\u00e9er les conditions d\u2019une vie confortable pour les populations\u00bb, a promis SE Mohamed Bazoum."}]},{"@type":"WebSite","@id":"https:\/\/www.africa-press.net\/niger\/#website","url":"https:\/\/www.africa-press.net\/niger\/","name":"niger","description":"Just another Africa News Agency Sites site","potentialAction":[{"@type":"SearchAction","target":{"@type":"EntryPoint","urlTemplate":"https:\/\/www.africa-press.net\/niger\/?s={search_term_string}"},"query-input":{"@type":"PropertyValueSpecification","valueRequired":true,"valueName":"search_term_string"}}],"inLanguage":"fr-FR"},{"@type":"Person","@id":"https:\/\/www.africa-press.net\/niger\/#\/schema\/person\/2b1cf3cd81a31e3cd26889ca66d677f1","name":"cfeditorfr"}]}},"_links":{"self":[{"href":"https:\/\/www.africa-press.net\/niger\/wp-json\/wp\/v2\/posts\/11672","targetHints":{"allow":["GET"]}}],"collection":[{"href":"https:\/\/www.africa-press.net\/niger\/wp-json\/wp\/v2\/posts"}],"about":[{"href":"https:\/\/www.africa-press.net\/niger\/wp-json\/wp\/v2\/types\/post"}],"author":[{"embeddable":true,"href":"https:\/\/www.africa-press.net\/niger\/wp-json\/wp\/v2\/users\/82"}],"replies":[{"embeddable":true,"href":"https:\/\/www.africa-press.net\/niger\/wp-json\/wp\/v2\/comments?post=11672"}],"version-history":[{"count":0,"href":"https:\/\/www.africa-press.net\/niger\/wp-json\/wp\/v2\/posts\/11672\/revisions"}],"wp:featuredmedia":[{"embeddable":true,"href":"https:\/\/www.africa-press.net\/niger\/wp-json\/wp\/v2\/media\/11671"}],"wp:attachment":[{"href":"https:\/\/www.africa-press.net\/niger\/wp-json\/wp\/v2\/media?parent=11672"}],"wp:term":[{"taxonomy":"category","embeddable":true,"href":"https:\/\/www.africa-press.net\/niger\/wp-json\/wp\/v2\/categories?post=11672"},{"taxonomy":"post_tag","embeddable":true,"href":"https:\/\/www.africa-press.net\/niger\/wp-json\/wp\/v2\/tags?post=11672"}],"curies":[{"name":"wp","href":"https:\/\/api.w.org\/{rel}","templated":true}]}}