{"id":11755,"date":"2021-09-14T18:04:16","date_gmt":"2021-09-14T18:04:16","guid":{"rendered":"https:\/\/www.africa-press.net\/niger\/?p=11755"},"modified":"2021-09-14T16:46:29","modified_gmt":"2021-09-14T16:46:29","slug":"tillaberi-la-garde-nationale-du-niger-dayorou-dotee-dun-vehicule-4x4-par-le-hcr","status":"publish","type":"post","link":"https:\/\/www.africa-press.net\/niger\/toutes-les-actualites\/tillaberi-la-garde-nationale-du-niger-dayorou-dotee-dun-vehicule-4x4-par-le-hcr","title":{"rendered":"Tillab\u00e9ri : La Garde Nationale du Niger d\u2019Ayorou dot\u00e9e d\u2019un v\u00e9hicule 4\u00d74 par le HCR"},"content":{"rendered":"<p><span style=\"color: #ff6600\"><strong><a href=\"https:\/\/www.africa-press.net\/\">Africa-Press<\/a> &#8211; <a href=\"https:\/\/www.africa-press.net\/niger\">Niger<\/a>. <\/strong><\/span>Le gouverneur de la r\u00e9gion M. Ibrahim Tidjani Katiella a r\u00e9ceptionn\u00e9, le jeudi 9 septembre 2021 au gouvernorat, un v\u00e9hicule 4\u00d74 offert par le Haut-Commissariat aux R\u00e9fugi\u00e9s (HCR) \u00e0 la Garde Nationale du Niger d\u2019Ayorou. C\u2019\u00e9tait en pr\u00e9sence des autorit\u00e9s administratives, des responsables des forces de d\u00e9fense et de s\u00e9curit\u00e9 et de plusieurs invit\u00e9s.<\/p>\n<p>D\u2019une valeur de 32.062 dollars US, ce v\u00e9hicule 4\u00d74 sera mis en remplacement d\u2019un v\u00e9hicule \u00e0 Ayorou, dans le cadre du partenariat entre le HCR et les autorit\u00e9s du Niger.<\/p>\n<p>\u00abCe v\u00e9hicule destin\u00e9 \u00e0 la Garde nationale est selon le gouverneur de la r\u00e9gion un geste qui vient \u00e0 point nomm\u00e9 car, a-t-il expliqu\u00e9, cette unit\u00e9 a grandement besoin de moyens roulants pour accompagner les efforts de l\u2019Etat. Et le HCR a toujours accompagn\u00e9 la r\u00e9gion pour que les missions destin\u00e9es aux r\u00e9fugi\u00e9s et aux d\u00e9plac\u00e9s internes puissent \u00eatre men\u00e9es dans les meilleures conditions\u00bb. M. Ibrahim Tidjani Katiella a, au nom des plus hautes autorit\u00e9s, r\u00e9it\u00e9r\u00e9 ses remerciements au HCR pour les efforts d\u00e9ploy\u00e9s dans la r\u00e9gion. Le gouverneur de Tillab\u00e9ri a \u00e9galement salu\u00e9 la d\u00e9termination du HCR \u00e0 accompagner la r\u00e9gion et l\u2019a rassur\u00e9 que le v\u00e9hicule ainsi r\u00e9ceptionn\u00e9 sera utilis\u00e9 \u00e0 bon escient et qu\u2019il profitera aux FDS.<\/p>\n<p>\u00abApr\u00e8s Abala, Ouallam et Tillab\u00e9ri ville, ce 4\u00e8me v\u00e9hicule ira \u00e0 Ayorou afin de vous aider \u00e0 faire les escortes pour non seulement les Nations-Unies mais aussi tous les syst\u00e8mes des humanitaires qui sont dans la r\u00e9gion\u00bb a indiqu\u00e9 le Repr\u00e9sentant adjoint du HCR au Niger, M. Mamady Kourouma, au nom du Repr\u00e9sentant du HCR au Niger, de la Coordinatrice humanitaire et au nom de tout le syst\u00e8me des Nations-Unies au Niger.<\/p>\n<p>Le HCR intervient dans 4 d\u00e9partements de la r\u00e9gion de Tillab\u00e9ri notamment \u00e0 Abala et \u00e0 Ouallam avec successivement 16.443 et 8.230 personnes d\u00e9plac\u00e9es, mais aussi \u00e0 Ayorou avec 12.018 d\u00e9plac\u00e9s internes et des r\u00e9fugi\u00e9s maliens et enfin \u00e0 Goth\u00e8ye avec 5.951 d\u00e9plac\u00e9s du Burkina Faso.<\/p>\n<p><b>Mahalmoudou Tour\u00e9 Ma\u00efmouna ANP\/ONEP Tillab\u00e9ri<\/b><\/p>\n","protected":false},"excerpt":{"rendered":"<p>Africa-Press &#8211; Niger. Le gouverneur de la r\u00e9gion M. Ibrahim Tidjani Katiella a r\u00e9ceptionn\u00e9, le jeudi 9 septembre 2021 au gouvernorat, un v\u00e9hicule 4\u00d74 offert par le Haut-Commissariat aux R\u00e9fugi\u00e9s (HCR) \u00e0 la Garde Nationale du Niger d\u2019Ayorou. C\u2019\u00e9tait en pr\u00e9sence des autorit\u00e9s administratives, des responsables des forces de d\u00e9fense et de s\u00e9curit\u00e9 et de [&hellip;]<\/p>\n","protected":false},"author":82,"featured_media":11754,"comment_status":"open","ping_status":"closed","sticky":false,"template":"","format":"standard","meta":{"footnotes":""},"categories":[21,11,10],"tags":[55,60,29],"class_list":["post-11755","post","type-post","status-publish","format-standard","has-post-thumbnail","hentry","category-communaute","category-homepage-french","category-toutes-les-actualites","tag-africa-press","tag-africa-press-niger","tag-niger"],"yoast_head":"<!-- This site is optimized with the Yoast SEO Premium plugin v26.1 (Yoast SEO v27.0) - https:\/\/yoast.com\/product\/yoast-seo-premium-wordpress\/ -->\n<title>Tillab\u00e9ri : La Garde Nationale du Niger d\u2019Ayorou dot\u00e9e d\u2019un v\u00e9hicule 4\u00d74 par le HCR - niger<\/title>\n<meta name=\"description\" content=\"\ufeffLe gouverneur de la r\u00e9gion M. Ibrahim Tidjani Katiella a r\u00e9ceptionn\u00e9, le jeudi 9 septembre 2021 au gouvernorat, un v\u00e9hi ...\" \/>\n<meta name=\"robots\" content=\"index, follow, max-snippet:-1, max-image-preview:large, max-video-preview:-1\" \/>\n<link rel=\"canonical\" href=\"https:\/\/www.africa-press.net\/niger\/toutes-les-actualites\/tillaberi-la-garde-nationale-du-niger-dayorou-dotee-dun-vehicule-4x4-par-le-hcr\" \/>\n<meta property=\"og:locale\" content=\"fr_FR\" \/>\n<meta property=\"og:type\" content=\"article\" \/>\n<meta property=\"og:title\" content=\"Tillab\u00e9ri : La Garde Nationale du Niger d\u2019Ayorou dot\u00e9e d\u2019un v\u00e9hicule 4\u00d74 par le HCR\" \/>\n<meta property=\"og:description\" content=\"\ufeffLe gouverneur de la r\u00e9gion M. Ibrahim Tidjani Katiella a r\u00e9ceptionn\u00e9, le jeudi 9 septembre 2021 au gouvernorat, un v\u00e9hi ...\" \/>\n<meta property=\"og:url\" content=\"https:\/\/www.africa-press.net\/niger\/toutes-les-actualites\/tillaberi-la-garde-nationale-du-niger-dayorou-dotee-dun-vehicule-4x4-par-le-hcr\" \/>\n<meta property=\"og:site_name\" content=\"niger\" \/>\n<meta property=\"article:published_time\" content=\"2021-09-14T18:04:16+00:00\" \/>\n<meta property=\"og:image\" content=\"https:\/\/static.africa-press.net\/niger\/sites\/40\/2021\/09\/img-6140d1cc61db8.jpg\" \/>\n\t<meta property=\"og:image:width\" content=\"720\" \/>\n\t<meta property=\"og:image:height\" content=\"468\" \/>\n\t<meta property=\"og:image:type\" content=\"image\/jpeg\" \/>\n<meta name=\"author\" content=\"cfeditorfr\" \/>\n<meta name=\"twitter:card\" content=\"summary_large_image\" \/>\n<meta name=\"twitter:label1\" content=\"\u00c9crit par\" \/>\n\t<meta name=\"twitter:data1\" content=\"cfeditorfr\" \/>\n\t<meta name=\"twitter:label2\" content=\"Dur\u00e9e de lecture estim\u00e9e\" \/>\n\t<meta name=\"twitter:data2\" content=\"2 minutes\" \/>\n<script type=\"application\/ld+json\" class=\"yoast-schema-graph\">{\"@context\":\"https:\/\/schema.org\",\"@graph\":[{\"@type\":\"Article\",\"@id\":\"https:\/\/www.africa-press.net\/niger\/toutes-les-actualites\/tillaberi-la-garde-nationale-du-niger-dayorou-dotee-dun-vehicule-4x4-par-le-hcr#article\",\"isPartOf\":{\"@id\":\"https:\/\/www.africa-press.net\/niger\/toutes-les-actualites\/tillaberi-la-garde-nationale-du-niger-dayorou-dotee-dun-vehicule-4x4-par-le-hcr\"},\"author\":{\"name\":\"cfeditorfr\",\"@id\":\"https:\/\/www.africa-press.net\/niger\/#\/schema\/person\/2b1cf3cd81a31e3cd26889ca66d677f1\"},\"headline\":\"Tillab\u00e9ri : La Garde Nationale du Niger d\u2019Ayorou dot\u00e9e d\u2019un v\u00e9hicule 4\u00d74 par le HCR\",\"datePublished\":\"2021-09-14T18:04:16+00:00\",\"mainEntityOfPage\":{\"@id\":\"https:\/\/www.africa-press.net\/niger\/toutes-les-actualites\/tillaberi-la-garde-nationale-du-niger-dayorou-dotee-dun-vehicule-4x4-par-le-hcr\"},\"wordCount\":389,\"commentCount\":0,\"image\":{\"@id\":\"https:\/\/www.africa-press.net\/niger\/toutes-les-actualites\/tillaberi-la-garde-nationale-du-niger-dayorou-dotee-dun-vehicule-4x4-par-le-hcr#primaryimage\"},\"thumbnailUrl\":\"https:\/\/static.africa-press.net\/niger\/sites\/40\/2021\/09\/img-6140d1cc61db8.jpg\",\"keywords\":[\"Africa Press\",\"Africa Press-Niger\",\"Niger\"],\"articleSection\":[\"Communaut\u00e9\",\"homepage-french\",\"Toutes les actualit\u00e9s\"],\"inLanguage\":\"fr-FR\",\"potentialAction\":[{\"@type\":\"CommentAction\",\"name\":\"Comment\",\"target\":[\"https:\/\/www.africa-press.net\/niger\/toutes-les-actualites\/tillaberi-la-garde-nationale-du-niger-dayorou-dotee-dun-vehicule-4x4-par-le-hcr#respond\"]}]},{\"@type\":\"WebPage\",\"@id\":\"https:\/\/www.africa-press.net\/niger\/toutes-les-actualites\/tillaberi-la-garde-nationale-du-niger-dayorou-dotee-dun-vehicule-4x4-par-le-hcr\",\"url\":\"https:\/\/www.africa-press.net\/niger\/toutes-les-actualites\/tillaberi-la-garde-nationale-du-niger-dayorou-dotee-dun-vehicule-4x4-par-le-hcr\",\"name\":\"Tillab\u00e9ri : La Garde Nationale du Niger d\u2019Ayorou dot\u00e9e d\u2019un v\u00e9hicule 4\u00d74 par le HCR - niger\",\"isPartOf\":{\"@id\":\"https:\/\/www.africa-press.net\/niger\/#website\"},\"primaryImageOfPage\":{\"@id\":\"https:\/\/www.africa-press.net\/niger\/toutes-les-actualites\/tillaberi-la-garde-nationale-du-niger-dayorou-dotee-dun-vehicule-4x4-par-le-hcr#primaryimage\"},\"image\":{\"@id\":\"https:\/\/www.africa-press.net\/niger\/toutes-les-actualites\/tillaberi-la-garde-nationale-du-niger-dayorou-dotee-dun-vehicule-4x4-par-le-hcr#primaryimage\"},\"thumbnailUrl\":\"https:\/\/static.africa-press.net\/niger\/sites\/40\/2021\/09\/img-6140d1cc61db8.jpg\",\"datePublished\":\"2021-09-14T18:04:16+00:00\",\"author\":{\"@id\":\"https:\/\/www.africa-press.net\/niger\/#\/schema\/person\/2b1cf3cd81a31e3cd26889ca66d677f1\"},\"description\":\"\ufeffLe gouverneur de la r\u00e9gion M. Ibrahim Tidjani Katiella a r\u00e9ceptionn\u00e9, le jeudi 9 septembre 2021 au gouvernorat, un v\u00e9hi ...\",\"breadcrumb\":{\"@id\":\"https:\/\/www.africa-press.net\/niger\/toutes-les-actualites\/tillaberi-la-garde-nationale-du-niger-dayorou-dotee-dun-vehicule-4x4-par-le-hcr#breadcrumb\"},\"inLanguage\":\"fr-FR\",\"potentialAction\":[{\"@type\":\"ReadAction\",\"target\":[\"https:\/\/www.africa-press.net\/niger\/toutes-les-actualites\/tillaberi-la-garde-nationale-du-niger-dayorou-dotee-dun-vehicule-4x4-par-le-hcr\"]}]},{\"@type\":\"ImageObject\",\"inLanguage\":\"fr-FR\",\"@id\":\"https:\/\/www.africa-press.net\/niger\/toutes-les-actualites\/tillaberi-la-garde-nationale-du-niger-dayorou-dotee-dun-vehicule-4x4-par-le-hcr#primaryimage\",\"url\":\"https:\/\/static.africa-press.net\/niger\/sites\/40\/2021\/09\/img-6140d1cc61db8.jpg\",\"contentUrl\":\"https:\/\/static.africa-press.net\/niger\/sites\/40\/2021\/09\/img-6140d1cc61db8.jpg\",\"width\":720,\"height\":468,\"caption\":\"Tillab\u00e9ri : La Garde Nationale du Niger d\u2019Ayorou dot\u00e9e d\u2019un v\u00e9hicule 4\u00d74 par le HCR\"},{\"@type\":\"BreadcrumbList\",\"@id\":\"https:\/\/www.africa-press.net\/niger\/toutes-les-actualites\/tillaberi-la-garde-nationale-du-niger-dayorou-dotee-dun-vehicule-4x4-par-le-hcr#breadcrumb\",\"itemListElement\":[{\"@type\":\"ListItem\",\"position\":1,\"name\":\"Accueil\",\"item\":\"https:\/\/www.africa-press.net\/niger\/\"},{\"@type\":\"ListItem\",\"position\":2,\"name\":\"Tillab\u00e9ri : La Garde Nationale du Niger d\u2019Ayorou dot\u00e9e d\u2019un v\u00e9hicule 4\u00d74 par le HCR\"}]},{\"@type\":\"WebSite\",\"@id\":\"https:\/\/www.africa-press.net\/niger\/#website\",\"url\":\"https:\/\/www.africa-press.net\/niger\/\",\"name\":\"niger\",\"description\":\"Just another Africa News Agency Sites site\",\"potentialAction\":[{\"@type\":\"SearchAction\",\"target\":{\"@type\":\"EntryPoint\",\"urlTemplate\":\"https:\/\/www.africa-press.net\/niger\/?s={search_term_string}\"},\"query-input\":{\"@type\":\"PropertyValueSpecification\",\"valueRequired\":true,\"valueName\":\"search_term_string\"}}],\"inLanguage\":\"fr-FR\"},{\"@type\":\"Person\",\"@id\":\"https:\/\/www.africa-press.net\/niger\/#\/schema\/person\/2b1cf3cd81a31e3cd26889ca66d677f1\",\"name\":\"cfeditorfr\"}]}<\/script>\n<!-- \/ Yoast SEO Premium plugin. -->","yoast_head_json":{"title":"Tillab\u00e9ri : La Garde Nationale du Niger d\u2019Ayorou dot\u00e9e d\u2019un v\u00e9hicule 4\u00d74 par le HCR - niger","description":"\ufeffLe gouverneur de la r\u00e9gion M. Ibrahim Tidjani Katiella a r\u00e9ceptionn\u00e9, le jeudi 9 septembre 2021 au gouvernorat, un v\u00e9hi ...","robots":{"index":"index","follow":"follow","max-snippet":"max-snippet:-1","max-image-preview":"max-image-preview:large","max-video-preview":"max-video-preview:-1"},"canonical":"https:\/\/www.africa-press.net\/niger\/toutes-les-actualites\/tillaberi-la-garde-nationale-du-niger-dayorou-dotee-dun-vehicule-4x4-par-le-hcr","og_locale":"fr_FR","og_type":"article","og_title":"Tillab\u00e9ri : La Garde Nationale du Niger d\u2019Ayorou dot\u00e9e d\u2019un v\u00e9hicule 4\u00d74 par le HCR","og_description":"\ufeffLe gouverneur de la r\u00e9gion M. Ibrahim Tidjani Katiella a r\u00e9ceptionn\u00e9, le jeudi 9 septembre 2021 au gouvernorat, un v\u00e9hi ...","og_url":"https:\/\/www.africa-press.net\/niger\/toutes-les-actualites\/tillaberi-la-garde-nationale-du-niger-dayorou-dotee-dun-vehicule-4x4-par-le-hcr","og_site_name":"niger","article_published_time":"2021-09-14T18:04:16+00:00","og_image":[{"width":720,"height":468,"url":"https:\/\/static.africa-press.net\/niger\/sites\/40\/2021\/09\/img-6140d1cc61db8.jpg","type":"image\/jpeg"}],"author":"cfeditorfr","twitter_card":"summary_large_image","twitter_misc":{"\u00c9crit par":"cfeditorfr","Dur\u00e9e de lecture estim\u00e9e":"2 minutes"},"schema":{"@context":"https:\/\/schema.org","@graph":[{"@type":"Article","@id":"https:\/\/www.africa-press.net\/niger\/toutes-les-actualites\/tillaberi-la-garde-nationale-du-niger-dayorou-dotee-dun-vehicule-4x4-par-le-hcr#article","isPartOf":{"@id":"https:\/\/www.africa-press.net\/niger\/toutes-les-actualites\/tillaberi-la-garde-nationale-du-niger-dayorou-dotee-dun-vehicule-4x4-par-le-hcr"},"author":{"name":"cfeditorfr","@id":"https:\/\/www.africa-press.net\/niger\/#\/schema\/person\/2b1cf3cd81a31e3cd26889ca66d677f1"},"headline":"Tillab\u00e9ri : La Garde Nationale du Niger d\u2019Ayorou dot\u00e9e d\u2019un v\u00e9hicule 4\u00d74 par le HCR","datePublished":"2021-09-14T18:04:16+00:00","mainEntityOfPage":{"@id":"https:\/\/www.africa-press.net\/niger\/toutes-les-actualites\/tillaberi-la-garde-nationale-du-niger-dayorou-dotee-dun-vehicule-4x4-par-le-hcr"},"wordCount":389,"commentCount":0,"image":{"@id":"https:\/\/www.africa-press.net\/niger\/toutes-les-actualites\/tillaberi-la-garde-nationale-du-niger-dayorou-dotee-dun-vehicule-4x4-par-le-hcr#primaryimage"},"thumbnailUrl":"https:\/\/static.africa-press.net\/niger\/sites\/40\/2021\/09\/img-6140d1cc61db8.jpg","keywords":["Africa Press","Africa Press-Niger","Niger"],"articleSection":["Communaut\u00e9","homepage-french","Toutes les actualit\u00e9s"],"inLanguage":"fr-FR","potentialAction":[{"@type":"CommentAction","name":"Comment","target":["https:\/\/www.africa-press.net\/niger\/toutes-les-actualites\/tillaberi-la-garde-nationale-du-niger-dayorou-dotee-dun-vehicule-4x4-par-le-hcr#respond"]}]},{"@type":"WebPage","@id":"https:\/\/www.africa-press.net\/niger\/toutes-les-actualites\/tillaberi-la-garde-nationale-du-niger-dayorou-dotee-dun-vehicule-4x4-par-le-hcr","url":"https:\/\/www.africa-press.net\/niger\/toutes-les-actualites\/tillaberi-la-garde-nationale-du-niger-dayorou-dotee-dun-vehicule-4x4-par-le-hcr","name":"Tillab\u00e9ri : La Garde Nationale du Niger d\u2019Ayorou dot\u00e9e d\u2019un v\u00e9hicule 4\u00d74 par le HCR - niger","isPartOf":{"@id":"https:\/\/www.africa-press.net\/niger\/#website"},"primaryImageOfPage":{"@id":"https:\/\/www.africa-press.net\/niger\/toutes-les-actualites\/tillaberi-la-garde-nationale-du-niger-dayorou-dotee-dun-vehicule-4x4-par-le-hcr#primaryimage"},"image":{"@id":"https:\/\/www.africa-press.net\/niger\/toutes-les-actualites\/tillaberi-la-garde-nationale-du-niger-dayorou-dotee-dun-vehicule-4x4-par-le-hcr#primaryimage"},"thumbnailUrl":"https:\/\/static.africa-press.net\/niger\/sites\/40\/2021\/09\/img-6140d1cc61db8.jpg","datePublished":"2021-09-14T18:04:16+00:00","author":{"@id":"https:\/\/www.africa-press.net\/niger\/#\/schema\/person\/2b1cf3cd81a31e3cd26889ca66d677f1"},"description":"\ufeffLe gouverneur de la r\u00e9gion M. Ibrahim Tidjani Katiella a r\u00e9ceptionn\u00e9, le jeudi 9 septembre 2021 au gouvernorat, un v\u00e9hi ...","breadcrumb":{"@id":"https:\/\/www.africa-press.net\/niger\/toutes-les-actualites\/tillaberi-la-garde-nationale-du-niger-dayorou-dotee-dun-vehicule-4x4-par-le-hcr#breadcrumb"},"inLanguage":"fr-FR","potentialAction":[{"@type":"ReadAction","target":["https:\/\/www.africa-press.net\/niger\/toutes-les-actualites\/tillaberi-la-garde-nationale-du-niger-dayorou-dotee-dun-vehicule-4x4-par-le-hcr"]}]},{"@type":"ImageObject","inLanguage":"fr-FR","@id":"https:\/\/www.africa-press.net\/niger\/toutes-les-actualites\/tillaberi-la-garde-nationale-du-niger-dayorou-dotee-dun-vehicule-4x4-par-le-hcr#primaryimage","url":"https:\/\/static.africa-press.net\/niger\/sites\/40\/2021\/09\/img-6140d1cc61db8.jpg","contentUrl":"https:\/\/static.africa-press.net\/niger\/sites\/40\/2021\/09\/img-6140d1cc61db8.jpg","width":720,"height":468,"caption":"Tillab\u00e9ri : La Garde Nationale du Niger d\u2019Ayorou dot\u00e9e d\u2019un v\u00e9hicule 4\u00d74 par le HCR"},{"@type":"BreadcrumbList","@id":"https:\/\/www.africa-press.net\/niger\/toutes-les-actualites\/tillaberi-la-garde-nationale-du-niger-dayorou-dotee-dun-vehicule-4x4-par-le-hcr#breadcrumb","itemListElement":[{"@type":"ListItem","position":1,"name":"Accueil","item":"https:\/\/www.africa-press.net\/niger\/"},{"@type":"ListItem","position":2,"name":"Tillab\u00e9ri : La Garde Nationale du Niger d\u2019Ayorou dot\u00e9e d\u2019un v\u00e9hicule 4\u00d74 par le HCR"}]},{"@type":"WebSite","@id":"https:\/\/www.africa-press.net\/niger\/#website","url":"https:\/\/www.africa-press.net\/niger\/","name":"niger","description":"Just another Africa News Agency Sites site","potentialAction":[{"@type":"SearchAction","target":{"@type":"EntryPoint","urlTemplate":"https:\/\/www.africa-press.net\/niger\/?s={search_term_string}"},"query-input":{"@type":"PropertyValueSpecification","valueRequired":true,"valueName":"search_term_string"}}],"inLanguage":"fr-FR"},{"@type":"Person","@id":"https:\/\/www.africa-press.net\/niger\/#\/schema\/person\/2b1cf3cd81a31e3cd26889ca66d677f1","name":"cfeditorfr"}]}},"_links":{"self":[{"href":"https:\/\/www.africa-press.net\/niger\/wp-json\/wp\/v2\/posts\/11755","targetHints":{"allow":["GET"]}}],"collection":[{"href":"https:\/\/www.africa-press.net\/niger\/wp-json\/wp\/v2\/posts"}],"about":[{"href":"https:\/\/www.africa-press.net\/niger\/wp-json\/wp\/v2\/types\/post"}],"author":[{"embeddable":true,"href":"https:\/\/www.africa-press.net\/niger\/wp-json\/wp\/v2\/users\/82"}],"replies":[{"embeddable":true,"href":"https:\/\/www.africa-press.net\/niger\/wp-json\/wp\/v2\/comments?post=11755"}],"version-history":[{"count":0,"href":"https:\/\/www.africa-press.net\/niger\/wp-json\/wp\/v2\/posts\/11755\/revisions"}],"wp:featuredmedia":[{"embeddable":true,"href":"https:\/\/www.africa-press.net\/niger\/wp-json\/wp\/v2\/media\/11754"}],"wp:attachment":[{"href":"https:\/\/www.africa-press.net\/niger\/wp-json\/wp\/v2\/media?parent=11755"}],"wp:term":[{"taxonomy":"category","embeddable":true,"href":"https:\/\/www.africa-press.net\/niger\/wp-json\/wp\/v2\/categories?post=11755"},{"taxonomy":"post_tag","embeddable":true,"href":"https:\/\/www.africa-press.net\/niger\/wp-json\/wp\/v2\/tags?post=11755"}],"curies":[{"name":"wp","href":"https:\/\/api.w.org\/{rel}","templated":true}]}}