{"id":11761,"date":"2021-09-14T18:22:30","date_gmt":"2021-09-14T18:22:30","guid":{"rendered":"https:\/\/www.africa-press.net\/niger\/?p=11761"},"modified":"2021-09-14T16:47:42","modified_gmt":"2021-09-14T16:47:42","slug":"atelier-de-renforcement-de-capacites-des-collaborateurs-du-mediateur-de-la-republique-une-formation-pour-mieux-servir-les-usagers","status":"publish","type":"post","link":"https:\/\/www.africa-press.net\/niger\/politique\/atelier-de-renforcement-de-capacites-des-collaborateurs-du-mediateur-de-la-republique-une-formation-pour-mieux-servir-les-usagers","title":{"rendered":"Atelier de renforcement de capacit\u00e9s des collaborateurs du M\u00e9diateur de la R\u00e9publique : Une formation pour mieux servir les usagers"},"content":{"rendered":"<p><span style=\"color: #ff6600\"><strong><a href=\"https:\/\/www.africa-press.net\/\">Africa-Press<\/a> &#8211; <a href=\"https:\/\/www.africa-press.net\/niger\">Niger<\/a>. <\/strong><\/span>Le M\u00e9diateur de la R\u00e9publique du Niger, Me Ali Sirfi Maiga, a pr\u00e9sid\u00e9 hier matin \u00e0 Niamey, la c\u00e9r\u00e9monie d\u2019ouverture d\u2019un atelier de renforcement des capacit\u00e9s de ses collaborateurs sur les normes et proc\u00e9dures de traitement des dossiers de r\u00e9clamations et d\u2019\u00e9laboration de la charte citoyenne. Organis\u00e9 avec l\u2019appui du projet USAID-SHIGA dans le but d\u2019apporter un appui institutionnel, cet atelier de six jours b\u00e9n\u00e9ficiera de l\u2019expertise de deux consultants internationaux venus du S\u00e9n\u00e9gal et du Canada.<\/p>\n<p>Proc\u00e9dant \u00e0 l\u2019ouverture des travaux, le M\u00e9diateur de la R\u00e9publique du Niger a soulign\u00e9 que l\u2019am\u00e9lioration de la performance de l\u2019institution et le renforcement de la capacit\u00e9 des collaborateurs sont les pr\u00e9occupations les plus constantes de son institution. A cet effet, Me Ali Sirfi Maiga a indiqu\u00e9 que la d\u00e9marche consiste \u00e0 renforcer les comp\u00e9tences des collaborateurs du M\u00e9diateur de la R\u00e9publique, notamment l\u2019aptitude \u00e0 rester moderne et efficace d\u2019une part et \u00e0 tenir compte des attentes des citoyens d\u2019autre part, et aussi de l\u2019objectif d\u2019am\u00e9lioration de la qualit\u00e9 du lien entre les autorit\u00e9s publiques et les citoyens qui est au c\u0153ur du r\u00f4le de l\u2019institution.<\/p>\n<p>Pour Me Ali Sirfi Maiga, cette t\u00e2che est une exigence si capitale qui appelle de la part du M\u00e9diateur de la R\u00e9publique et de ses collaborateurs de se hisser au niveau de l\u2019enjeu par une plus grande professionnalisation des performances, des d\u00e9lais de traitement plus courts et une mise \u00e0 niveau de son cadre d\u2019intervention, de ses moyens et ressources en ad\u00e9quation avec les standards internationaux les plus en vigueur. \u00abC\u2019est l\u00e0, le c\u0153ur de notre mission et nous entendons l\u2019impulser en nous appuyant sur nos collaborateurs si d\u00e9vou\u00e9s \u00e0 la t\u00e2che. Je devrais dire \u00e0 leur sacerdoce car, servir la paix, l\u2019Etat de droit et la concorde nationale rel\u00e8ve d\u2019un sacerdoce\u00bb, a-t-il fait savoir<\/p>\n<p>Pour sa part, la directrice pays FSCV-SHIGA Mme Chavanne Peercy a notifi\u00e9 que l\u2019objectif du projet SHIGA consiste \u00e0 appuyer les politiques publiques de d\u00e9veloppement \u00e9conomique et social par le renforcement de capacit\u00e9s des institutions \u00e9tatiques et des structures de la soci\u00e9t\u00e9 civile d\u2019une part et la cr\u00e9ation des espaces de dialogue constructif d\u2019une part. Elle a ajout\u00e9 que le programme SHIGA et le M\u00e9diateur de la R\u00e9publique du Niger entretiennent des liens de partenariat sur la base desquels SHIGA appuie le M\u00e9diateur pour la mise en \u0153uvre de ses activit\u00e9s.<\/p>\n<p>Elle a enfin pr\u00e9cis\u00e9 que la premi\u00e8re activit\u00e9 va consister \u00e0 l\u2019\u00e9laboration de la charte citoyenne de l\u2019institution du M\u00e9diateur de la R\u00e9publique, un engagement dans le but de mieux servir le citoyen ou l\u2019usager. La seconde activit\u00e9 est une formation sur les proc\u00e9dures de traitement et de gestion des dossiers de plainte et manuel de proc\u00e9dure.<\/p>\n<p><b>Farida Ibrahim Assoumane(onep)<\/b><\/p>\n","protected":false},"excerpt":{"rendered":"<p>Africa-Press &#8211; Niger. Le M\u00e9diateur de la R\u00e9publique du Niger, Me Ali Sirfi Maiga, a pr\u00e9sid\u00e9 hier matin \u00e0 Niamey, la c\u00e9r\u00e9monie d\u2019ouverture d\u2019un atelier de renforcement des capacit\u00e9s de ses collaborateurs sur les normes et proc\u00e9dures de traitement des dossiers de r\u00e9clamations et d\u2019\u00e9laboration de la charte citoyenne. Organis\u00e9 avec l\u2019appui du projet USAID-SHIGA [&hellip;]<\/p>\n","protected":false},"author":82,"featured_media":11760,"comment_status":"open","ping_status":"closed","sticky":false,"template":"","format":"standard","meta":{"footnotes":""},"categories":[11,2,20,10],"tags":[55,60,29],"class_list":["post-11761","post","type-post","status-publish","format-standard","has-post-thumbnail","hentry","category-homepage-french","category-politique","category-top-nouvelles","category-toutes-les-actualites","tag-africa-press","tag-africa-press-niger","tag-niger"],"yoast_head":"<!-- This site is optimized with the Yoast SEO Premium plugin v26.1 (Yoast SEO v27.0) - https:\/\/yoast.com\/product\/yoast-seo-premium-wordpress\/ -->\n<title>Atelier de renforcement de capacit\u00e9s des collaborateurs du M\u00e9diateur de la R\u00e9publique : Une formation pour mieux servir les usagers - niger<\/title>\n<meta name=\"description\" content=\"\ufeffLe M\u00e9diateur de la R\u00e9publique du Niger, Me Ali Sirfi Maiga, a pr\u00e9sid\u00e9 hier matin \u00e0 Niamey, la c\u00e9r\u00e9monie d\u2019ouverture d\u2019u ...\" \/>\n<meta name=\"robots\" content=\"index, follow, max-snippet:-1, max-image-preview:large, max-video-preview:-1\" \/>\n<link rel=\"canonical\" href=\"https:\/\/www.africa-press.net\/niger\/politique\/atelier-de-renforcement-de-capacites-des-collaborateurs-du-mediateur-de-la-republique-une-formation-pour-mieux-servir-les-usagers\" \/>\n<meta property=\"og:locale\" content=\"fr_FR\" \/>\n<meta property=\"og:type\" content=\"article\" \/>\n<meta property=\"og:title\" content=\"Atelier de renforcement de capacit\u00e9s des collaborateurs du M\u00e9diateur de la R\u00e9publique : Une formation pour mieux servir les usagers\" \/>\n<meta property=\"og:description\" content=\"\ufeffLe M\u00e9diateur de la R\u00e9publique du Niger, Me Ali Sirfi Maiga, a pr\u00e9sid\u00e9 hier matin \u00e0 Niamey, la c\u00e9r\u00e9monie d\u2019ouverture d\u2019u ...\" \/>\n<meta property=\"og:url\" content=\"https:\/\/www.africa-press.net\/niger\/politique\/atelier-de-renforcement-de-capacites-des-collaborateurs-du-mediateur-de-la-republique-une-formation-pour-mieux-servir-les-usagers\" \/>\n<meta property=\"og:site_name\" content=\"niger\" \/>\n<meta property=\"article:published_time\" content=\"2021-09-14T18:22:30+00:00\" \/>\n<meta property=\"og:image\" content=\"https:\/\/static.africa-press.net\/niger\/sites\/40\/2021\/09\/img-6140d21424187.jpg\" \/>\n\t<meta property=\"og:image:width\" content=\"720\" \/>\n\t<meta property=\"og:image:height\" content=\"401\" \/>\n\t<meta property=\"og:image:type\" content=\"image\/jpeg\" \/>\n<meta name=\"author\" content=\"cfeditorfr\" \/>\n<meta name=\"twitter:card\" content=\"summary_large_image\" \/>\n<meta name=\"twitter:label1\" content=\"\u00c9crit par\" \/>\n\t<meta name=\"twitter:data1\" content=\"cfeditorfr\" \/>\n\t<meta name=\"twitter:label2\" content=\"Dur\u00e9e de lecture estim\u00e9e\" \/>\n\t<meta name=\"twitter:data2\" content=\"3 minutes\" \/>\n<script type=\"application\/ld+json\" class=\"yoast-schema-graph\">{\"@context\":\"https:\/\/schema.org\",\"@graph\":[{\"@type\":\"Article\",\"@id\":\"https:\/\/www.africa-press.net\/niger\/politique\/atelier-de-renforcement-de-capacites-des-collaborateurs-du-mediateur-de-la-republique-une-formation-pour-mieux-servir-les-usagers#article\",\"isPartOf\":{\"@id\":\"https:\/\/www.africa-press.net\/niger\/politique\/atelier-de-renforcement-de-capacites-des-collaborateurs-du-mediateur-de-la-republique-une-formation-pour-mieux-servir-les-usagers\"},\"author\":{\"name\":\"cfeditorfr\",\"@id\":\"https:\/\/www.africa-press.net\/niger\/#\/schema\/person\/2b1cf3cd81a31e3cd26889ca66d677f1\"},\"headline\":\"Atelier de renforcement de capacit\u00e9s des collaborateurs du M\u00e9diateur de la R\u00e9publique : Une formation pour mieux servir les usagers\",\"datePublished\":\"2021-09-14T18:22:30+00:00\",\"mainEntityOfPage\":{\"@id\":\"https:\/\/www.africa-press.net\/niger\/politique\/atelier-de-renforcement-de-capacites-des-collaborateurs-du-mediateur-de-la-republique-une-formation-pour-mieux-servir-les-usagers\"},\"wordCount\":541,\"commentCount\":0,\"image\":{\"@id\":\"https:\/\/www.africa-press.net\/niger\/politique\/atelier-de-renforcement-de-capacites-des-collaborateurs-du-mediateur-de-la-republique-une-formation-pour-mieux-servir-les-usagers#primaryimage\"},\"thumbnailUrl\":\"https:\/\/static.africa-press.net\/niger\/sites\/40\/2021\/09\/img-6140d21424187.jpg\",\"keywords\":[\"Africa Press\",\"Africa Press-Niger\",\"Niger\"],\"articleSection\":[\"homepage-french\",\"Politique\",\"Top Nouvelles\",\"Toutes les actualit\u00e9s\"],\"inLanguage\":\"fr-FR\",\"potentialAction\":[{\"@type\":\"CommentAction\",\"name\":\"Comment\",\"target\":[\"https:\/\/www.africa-press.net\/niger\/politique\/atelier-de-renforcement-de-capacites-des-collaborateurs-du-mediateur-de-la-republique-une-formation-pour-mieux-servir-les-usagers#respond\"]}]},{\"@type\":\"WebPage\",\"@id\":\"https:\/\/www.africa-press.net\/niger\/politique\/atelier-de-renforcement-de-capacites-des-collaborateurs-du-mediateur-de-la-republique-une-formation-pour-mieux-servir-les-usagers\",\"url\":\"https:\/\/www.africa-press.net\/niger\/politique\/atelier-de-renforcement-de-capacites-des-collaborateurs-du-mediateur-de-la-republique-une-formation-pour-mieux-servir-les-usagers\",\"name\":\"Atelier de renforcement de capacit\u00e9s des collaborateurs du M\u00e9diateur de la R\u00e9publique : Une formation pour mieux servir les usagers - niger\",\"isPartOf\":{\"@id\":\"https:\/\/www.africa-press.net\/niger\/#website\"},\"primaryImageOfPage\":{\"@id\":\"https:\/\/www.africa-press.net\/niger\/politique\/atelier-de-renforcement-de-capacites-des-collaborateurs-du-mediateur-de-la-republique-une-formation-pour-mieux-servir-les-usagers#primaryimage\"},\"image\":{\"@id\":\"https:\/\/www.africa-press.net\/niger\/politique\/atelier-de-renforcement-de-capacites-des-collaborateurs-du-mediateur-de-la-republique-une-formation-pour-mieux-servir-les-usagers#primaryimage\"},\"thumbnailUrl\":\"https:\/\/static.africa-press.net\/niger\/sites\/40\/2021\/09\/img-6140d21424187.jpg\",\"datePublished\":\"2021-09-14T18:22:30+00:00\",\"author\":{\"@id\":\"https:\/\/www.africa-press.net\/niger\/#\/schema\/person\/2b1cf3cd81a31e3cd26889ca66d677f1\"},\"description\":\"\ufeffLe M\u00e9diateur de la R\u00e9publique du Niger, Me Ali Sirfi Maiga, a pr\u00e9sid\u00e9 hier matin \u00e0 Niamey, la c\u00e9r\u00e9monie d\u2019ouverture d\u2019u ...\",\"breadcrumb\":{\"@id\":\"https:\/\/www.africa-press.net\/niger\/politique\/atelier-de-renforcement-de-capacites-des-collaborateurs-du-mediateur-de-la-republique-une-formation-pour-mieux-servir-les-usagers#breadcrumb\"},\"inLanguage\":\"fr-FR\",\"potentialAction\":[{\"@type\":\"ReadAction\",\"target\":[\"https:\/\/www.africa-press.net\/niger\/politique\/atelier-de-renforcement-de-capacites-des-collaborateurs-du-mediateur-de-la-republique-une-formation-pour-mieux-servir-les-usagers\"]}]},{\"@type\":\"ImageObject\",\"inLanguage\":\"fr-FR\",\"@id\":\"https:\/\/www.africa-press.net\/niger\/politique\/atelier-de-renforcement-de-capacites-des-collaborateurs-du-mediateur-de-la-republique-une-formation-pour-mieux-servir-les-usagers#primaryimage\",\"url\":\"https:\/\/static.africa-press.net\/niger\/sites\/40\/2021\/09\/img-6140d21424187.jpg\",\"contentUrl\":\"https:\/\/static.africa-press.net\/niger\/sites\/40\/2021\/09\/img-6140d21424187.jpg\",\"width\":720,\"height\":401,\"caption\":\"Atelier de renforcement de capacit\u00e9s des collaborateurs du M\u00e9diateur de la R\u00e9publique : Une formation pour mieux servir les usagers\"},{\"@type\":\"BreadcrumbList\",\"@id\":\"https:\/\/www.africa-press.net\/niger\/politique\/atelier-de-renforcement-de-capacites-des-collaborateurs-du-mediateur-de-la-republique-une-formation-pour-mieux-servir-les-usagers#breadcrumb\",\"itemListElement\":[{\"@type\":\"ListItem\",\"position\":1,\"name\":\"Accueil\",\"item\":\"https:\/\/www.africa-press.net\/niger\/\"},{\"@type\":\"ListItem\",\"position\":2,\"name\":\"Atelier de renforcement de capacit\u00e9s des collaborateurs du M\u00e9diateur de la R\u00e9publique : Une formation pour mieux servir les usagers\"}]},{\"@type\":\"WebSite\",\"@id\":\"https:\/\/www.africa-press.net\/niger\/#website\",\"url\":\"https:\/\/www.africa-press.net\/niger\/\",\"name\":\"niger\",\"description\":\"Just another Africa News Agency Sites site\",\"potentialAction\":[{\"@type\":\"SearchAction\",\"target\":{\"@type\":\"EntryPoint\",\"urlTemplate\":\"https:\/\/www.africa-press.net\/niger\/?s={search_term_string}\"},\"query-input\":{\"@type\":\"PropertyValueSpecification\",\"valueRequired\":true,\"valueName\":\"search_term_string\"}}],\"inLanguage\":\"fr-FR\"},{\"@type\":\"Person\",\"@id\":\"https:\/\/www.africa-press.net\/niger\/#\/schema\/person\/2b1cf3cd81a31e3cd26889ca66d677f1\",\"name\":\"cfeditorfr\"}]}<\/script>\n<!-- \/ Yoast SEO Premium plugin. -->","yoast_head_json":{"title":"Atelier de renforcement de capacit\u00e9s des collaborateurs du M\u00e9diateur de la R\u00e9publique : Une formation pour mieux servir les usagers - niger","description":"\ufeffLe M\u00e9diateur de la R\u00e9publique du Niger, Me Ali Sirfi Maiga, a pr\u00e9sid\u00e9 hier matin \u00e0 Niamey, la c\u00e9r\u00e9monie d\u2019ouverture d\u2019u ...","robots":{"index":"index","follow":"follow","max-snippet":"max-snippet:-1","max-image-preview":"max-image-preview:large","max-video-preview":"max-video-preview:-1"},"canonical":"https:\/\/www.africa-press.net\/niger\/politique\/atelier-de-renforcement-de-capacites-des-collaborateurs-du-mediateur-de-la-republique-une-formation-pour-mieux-servir-les-usagers","og_locale":"fr_FR","og_type":"article","og_title":"Atelier de renforcement de capacit\u00e9s des collaborateurs du M\u00e9diateur de la R\u00e9publique : Une formation pour mieux servir les usagers","og_description":"\ufeffLe M\u00e9diateur de la R\u00e9publique du Niger, Me Ali Sirfi Maiga, a pr\u00e9sid\u00e9 hier matin \u00e0 Niamey, la c\u00e9r\u00e9monie d\u2019ouverture d\u2019u ...","og_url":"https:\/\/www.africa-press.net\/niger\/politique\/atelier-de-renforcement-de-capacites-des-collaborateurs-du-mediateur-de-la-republique-une-formation-pour-mieux-servir-les-usagers","og_site_name":"niger","article_published_time":"2021-09-14T18:22:30+00:00","og_image":[{"width":720,"height":401,"url":"https:\/\/static.africa-press.net\/niger\/sites\/40\/2021\/09\/img-6140d21424187.jpg","type":"image\/jpeg"}],"author":"cfeditorfr","twitter_card":"summary_large_image","twitter_misc":{"\u00c9crit par":"cfeditorfr","Dur\u00e9e de lecture estim\u00e9e":"3 minutes"},"schema":{"@context":"https:\/\/schema.org","@graph":[{"@type":"Article","@id":"https:\/\/www.africa-press.net\/niger\/politique\/atelier-de-renforcement-de-capacites-des-collaborateurs-du-mediateur-de-la-republique-une-formation-pour-mieux-servir-les-usagers#article","isPartOf":{"@id":"https:\/\/www.africa-press.net\/niger\/politique\/atelier-de-renforcement-de-capacites-des-collaborateurs-du-mediateur-de-la-republique-une-formation-pour-mieux-servir-les-usagers"},"author":{"name":"cfeditorfr","@id":"https:\/\/www.africa-press.net\/niger\/#\/schema\/person\/2b1cf3cd81a31e3cd26889ca66d677f1"},"headline":"Atelier de renforcement de capacit\u00e9s des collaborateurs du M\u00e9diateur de la R\u00e9publique : Une formation pour mieux servir les usagers","datePublished":"2021-09-14T18:22:30+00:00","mainEntityOfPage":{"@id":"https:\/\/www.africa-press.net\/niger\/politique\/atelier-de-renforcement-de-capacites-des-collaborateurs-du-mediateur-de-la-republique-une-formation-pour-mieux-servir-les-usagers"},"wordCount":541,"commentCount":0,"image":{"@id":"https:\/\/www.africa-press.net\/niger\/politique\/atelier-de-renforcement-de-capacites-des-collaborateurs-du-mediateur-de-la-republique-une-formation-pour-mieux-servir-les-usagers#primaryimage"},"thumbnailUrl":"https:\/\/static.africa-press.net\/niger\/sites\/40\/2021\/09\/img-6140d21424187.jpg","keywords":["Africa Press","Africa Press-Niger","Niger"],"articleSection":["homepage-french","Politique","Top Nouvelles","Toutes les actualit\u00e9s"],"inLanguage":"fr-FR","potentialAction":[{"@type":"CommentAction","name":"Comment","target":["https:\/\/www.africa-press.net\/niger\/politique\/atelier-de-renforcement-de-capacites-des-collaborateurs-du-mediateur-de-la-republique-une-formation-pour-mieux-servir-les-usagers#respond"]}]},{"@type":"WebPage","@id":"https:\/\/www.africa-press.net\/niger\/politique\/atelier-de-renforcement-de-capacites-des-collaborateurs-du-mediateur-de-la-republique-une-formation-pour-mieux-servir-les-usagers","url":"https:\/\/www.africa-press.net\/niger\/politique\/atelier-de-renforcement-de-capacites-des-collaborateurs-du-mediateur-de-la-republique-une-formation-pour-mieux-servir-les-usagers","name":"Atelier de renforcement de capacit\u00e9s des collaborateurs du M\u00e9diateur de la R\u00e9publique : Une formation pour mieux servir les usagers - niger","isPartOf":{"@id":"https:\/\/www.africa-press.net\/niger\/#website"},"primaryImageOfPage":{"@id":"https:\/\/www.africa-press.net\/niger\/politique\/atelier-de-renforcement-de-capacites-des-collaborateurs-du-mediateur-de-la-republique-une-formation-pour-mieux-servir-les-usagers#primaryimage"},"image":{"@id":"https:\/\/www.africa-press.net\/niger\/politique\/atelier-de-renforcement-de-capacites-des-collaborateurs-du-mediateur-de-la-republique-une-formation-pour-mieux-servir-les-usagers#primaryimage"},"thumbnailUrl":"https:\/\/static.africa-press.net\/niger\/sites\/40\/2021\/09\/img-6140d21424187.jpg","datePublished":"2021-09-14T18:22:30+00:00","author":{"@id":"https:\/\/www.africa-press.net\/niger\/#\/schema\/person\/2b1cf3cd81a31e3cd26889ca66d677f1"},"description":"\ufeffLe M\u00e9diateur de la R\u00e9publique du Niger, Me Ali Sirfi Maiga, a pr\u00e9sid\u00e9 hier matin \u00e0 Niamey, la c\u00e9r\u00e9monie d\u2019ouverture d\u2019u ...","breadcrumb":{"@id":"https:\/\/www.africa-press.net\/niger\/politique\/atelier-de-renforcement-de-capacites-des-collaborateurs-du-mediateur-de-la-republique-une-formation-pour-mieux-servir-les-usagers#breadcrumb"},"inLanguage":"fr-FR","potentialAction":[{"@type":"ReadAction","target":["https:\/\/www.africa-press.net\/niger\/politique\/atelier-de-renforcement-de-capacites-des-collaborateurs-du-mediateur-de-la-republique-une-formation-pour-mieux-servir-les-usagers"]}]},{"@type":"ImageObject","inLanguage":"fr-FR","@id":"https:\/\/www.africa-press.net\/niger\/politique\/atelier-de-renforcement-de-capacites-des-collaborateurs-du-mediateur-de-la-republique-une-formation-pour-mieux-servir-les-usagers#primaryimage","url":"https:\/\/static.africa-press.net\/niger\/sites\/40\/2021\/09\/img-6140d21424187.jpg","contentUrl":"https:\/\/static.africa-press.net\/niger\/sites\/40\/2021\/09\/img-6140d21424187.jpg","width":720,"height":401,"caption":"Atelier de renforcement de capacit\u00e9s des collaborateurs du M\u00e9diateur de la R\u00e9publique : Une formation pour mieux servir les usagers"},{"@type":"BreadcrumbList","@id":"https:\/\/www.africa-press.net\/niger\/politique\/atelier-de-renforcement-de-capacites-des-collaborateurs-du-mediateur-de-la-republique-une-formation-pour-mieux-servir-les-usagers#breadcrumb","itemListElement":[{"@type":"ListItem","position":1,"name":"Accueil","item":"https:\/\/www.africa-press.net\/niger\/"},{"@type":"ListItem","position":2,"name":"Atelier de renforcement de capacit\u00e9s des collaborateurs du M\u00e9diateur de la R\u00e9publique : Une formation pour mieux servir les usagers"}]},{"@type":"WebSite","@id":"https:\/\/www.africa-press.net\/niger\/#website","url":"https:\/\/www.africa-press.net\/niger\/","name":"niger","description":"Just another Africa News Agency Sites site","potentialAction":[{"@type":"SearchAction","target":{"@type":"EntryPoint","urlTemplate":"https:\/\/www.africa-press.net\/niger\/?s={search_term_string}"},"query-input":{"@type":"PropertyValueSpecification","valueRequired":true,"valueName":"search_term_string"}}],"inLanguage":"fr-FR"},{"@type":"Person","@id":"https:\/\/www.africa-press.net\/niger\/#\/schema\/person\/2b1cf3cd81a31e3cd26889ca66d677f1","name":"cfeditorfr"}]}},"_links":{"self":[{"href":"https:\/\/www.africa-press.net\/niger\/wp-json\/wp\/v2\/posts\/11761","targetHints":{"allow":["GET"]}}],"collection":[{"href":"https:\/\/www.africa-press.net\/niger\/wp-json\/wp\/v2\/posts"}],"about":[{"href":"https:\/\/www.africa-press.net\/niger\/wp-json\/wp\/v2\/types\/post"}],"author":[{"embeddable":true,"href":"https:\/\/www.africa-press.net\/niger\/wp-json\/wp\/v2\/users\/82"}],"replies":[{"embeddable":true,"href":"https:\/\/www.africa-press.net\/niger\/wp-json\/wp\/v2\/comments?post=11761"}],"version-history":[{"count":0,"href":"https:\/\/www.africa-press.net\/niger\/wp-json\/wp\/v2\/posts\/11761\/revisions"}],"wp:featuredmedia":[{"embeddable":true,"href":"https:\/\/www.africa-press.net\/niger\/wp-json\/wp\/v2\/media\/11760"}],"wp:attachment":[{"href":"https:\/\/www.africa-press.net\/niger\/wp-json\/wp\/v2\/media?parent=11761"}],"wp:term":[{"taxonomy":"category","embeddable":true,"href":"https:\/\/www.africa-press.net\/niger\/wp-json\/wp\/v2\/categories?post=11761"},{"taxonomy":"post_tag","embeddable":true,"href":"https:\/\/www.africa-press.net\/niger\/wp-json\/wp\/v2\/tags?post=11761"}],"curies":[{"name":"wp","href":"https:\/\/api.w.org\/{rel}","templated":true}]}}