{"id":11797,"date":"2021-09-15T14:56:20","date_gmt":"2021-09-15T14:56:20","guid":{"rendered":"https:\/\/www.africa-press.net\/niger\/?p=11797"},"modified":"2021-09-15T21:49:20","modified_gmt":"2021-09-15T21:49:20","slug":"le-niger-plaide-pour-laccompagnement-de-la-sfi-dans-son-secteur-prive-pm","status":"publish","type":"post","link":"https:\/\/www.africa-press.net\/niger\/economie\/le-niger-plaide-pour-laccompagnement-de-la-sfi-dans-son-secteur-prive-pm","title":{"rendered":"Le Niger plaide pour l\u2019accompagnement de la SFI dans son secteur priv\u00e9 (PM)"},"content":{"rendered":"<p><span style=\"color: #ff6600\"><strong><a href=\"https:\/\/www.africa-press.net\/\">Africa-Press<\/a> &#8211; <a href=\"https:\/\/www.africa-press.net\/niger\">Niger<\/a>.\u00a0 <\/strong><\/span>\u00a0Le Premier Ministre du Niger, M. Ouhoumoudou Mahamadou, a exhort\u00e9 l\u2019accompagnement technique et financier de la soci\u00e9t\u00e9 financi\u00e8re internationale (SFI, Branche du groupe de la Banque mondiale sp\u00e9cialis\u00e9e dans les appuis au secteur priv\u00e9) en faveur de son pays.<\/p>\n<p>Ce plaidoyer du Chef du Gouvernement nig\u00e9rien est intervenu lors d\u2019une s\u00e9ance de travail qu\u2019il a pr\u00e9sid\u00e9e ce mardi 14 septembre 2021 \u00e0 son Cabinet entre une d\u00e9l\u00e9gation du Gouvernement nig\u00e9rien et une d\u00e9l\u00e9gation du partenaire financier.<\/p>\n<p>La d\u00e9l\u00e9gation de la SFI, souligne-t-on, est conduite par le vice-pr\u00e9sident de ladite soci\u00e9t\u00e9 pour la R\u00e9gion de l\u2019Afrique, M. Sergio Pimenta, en mission de trois (3) jours au Niger.<\/p>\n<p>Selon le Premier ministre du Niger, cette visite du responsable du SFI se situe dans le contexte o\u00f9 le Niger vient d\u2019adopter la d\u00e9claration de politique g\u00e9n\u00e9rale du Gouvernement, alors que le plan de d\u00e9veloppement \u00e9conomique et social (PDES 2021-2026) est en train d\u2019\u00eatre \u00e9labor\u00e9.<\/p>\n<p>Ce document, une fois termin\u00e9, explique Ouhoumoudou Mahamadou, sera pr\u00e9sent\u00e9 aux bailleurs de fonds au d\u00e9but de l\u2019ann\u00e9e 2022.<\/p>\n<p>\u00ab C\u2019est donc une occasion idoine pour passer en revue les priorit\u00e9s de notre pays afin que ces priorit\u00e9s soient, d\u2019une part, incorpor\u00e9es et pr\u00e9cis\u00e9es dans le plan de d\u00e9veloppement \u00e9conomique et social, mais aussi que la SFI puisse nous accompagner \u00e0 les am\u00e9liorer davantage, \u00e0 les pr\u00e9senter aux bailleurs de fonds et \u00e0 nous accompagner dans le financement de ces priorit\u00e9s, en particulier celles qui concernent le secteur priv\u00e9 \u00bb, a souhait\u00e9 le responsable gouvernemental nig\u00e9rien.<\/p>\n<p>Pour son d\u00e9veloppement \u00e9conomique et social, le Gouvernement du Niger table beaucoup sur l\u2019intervention de cette branche sp\u00e9cialis\u00e9e du groupe de la Banque Mondiale, a aussi insist\u00e9 le Ministre du Plan du Niger, M. Abdou Rabiou.<\/p>\n<p>Le membre du Gouvernement nig\u00e9rien a, au cours de cette r\u00e9union, exprim\u00e9 le besoin d\u2019une assistance multiple et multiforme de la SFI en faveur du secteur priv\u00e9 nig\u00e9rien.<\/p>\n<p>C\u2019est ainsi que dans le domaine minier, Abdou Rabiou a souhait\u00e9 des actions coordonn\u00e9es et compl\u00e9mentaires de la SFI et de la Banque Mondiale. A ce sujet, a-t-il indiqu\u00e9, \u00ab la Banque Mondiale pourrait aider \u00e0 organiser le secteur \u00bb et la SFI pourrait axer ses interventions \u00ab sur le d\u00e9veloppement des zones industrielles \u00bb.<\/p>\n<p>Dans le secteur de l\u2019\u00e9nergie, Abdou Rabiou pr\u00e9cise que \u00ab notre pays plaide pour la n\u00e9cessit\u00e9 d\u2019une transition \u00e9nerg\u00e9tique juste au travers d\u2019un mix \u00e9nerg\u00e9tique int\u00e9grant aussi bien l\u2019\u00e9nergie renouvelable que les autres sources d\u2019\u00e9nergie dont dispose le pays \u00bb.<\/p>\n<p>Le Ministre nig\u00e9rien au Plan a \u00e9galement exhort\u00e9 l\u2019assistance de la SFI en faveur des secteurs de l\u2019agriculture et de l\u2019\u00e9levage de son pays.<\/p>\n<p>Dans ces domaines, a-t-il laiss\u00e9 entendre, il est vivement souhait\u00e9 de voir ces secteurs (ainsi que leurs chaines de valeur) \u00e9merger comme un pilier du d\u00e9veloppement du secteur priv\u00e9.<\/p>\n<p>Il aussi manifest\u00e9 les sollicitudes de son pays aupr\u00e8s de ce partenaire dans d\u2019autres domaines, comme ceux relatifs \u00e0 l\u2019abattoir de Maradi, au d\u00e9veloppement du secteur num\u00e9rique, de l\u2019habitat social, de la cr\u00e9ation de Zones industrielles dans les r\u00e9gions du Niger, etc.<\/p>\n<p>Mais il a aussi et surtout insist\u00e9 sur le financement des petites et moyennes entreprises.<\/p>\n<p>A ce sujet, il souligne qu\u2019il \u00ab peut \u00eatre requis un besoin d\u2019une assistance de la SFI en mati\u00e8re de cr\u00e9ation et d\u2019accompagnement ( dans un premier temps) d\u2019entreprises capables de soutenir l\u2019\u00e9conomie du Niger dans les secteurs cl\u00e9s \u00bb.<\/p>\n<p>\u00ab L\u2019Etat pouvant envisager la mise en place d\u2019un fonds de capital risque (m\u00eame hybride) pour encourager le processus \u00bb, a-t-il poursuivi.<\/p>\n<p>\u00ab Le Niger exprime officiellement une requ\u00eate pour un diagnostic de son secteur priv\u00e9 \u00bb, a lanc\u00e9 celui qui est en charge du plan dans le gouvernement nig\u00e9rien.<\/p>\n<p>Apr\u00e8s avoir \u00e9cout\u00e9 les interventions du Premier ministre et du Ministre du Plan, en plus d\u2019autres interventions compl\u00e9mentaires des membres de la d\u00e9l\u00e9gation nig\u00e9rienne, le vice-pr\u00e9sident de la SFI pour la R\u00e9gion de l\u2019Afrique, M. Sergio Primenta a rassur\u00e9 ses interlocuteurs que le Niger rev\u00eat une importance capitale pour son institution, avant d\u2019ajouter que \u00ab nous avons la capacit\u00e9 de vous accompagner \u00bb.<\/p>\n<p>Selon le responsable des institutions de Bretton Woods, la plupart de requ\u00eates \u00e9mises par le Gouvernement nig\u00e9rien sont \u00ab tr\u00e8s faciles \u00bb \u00e0 r\u00e9aliser, tout en rassurant que \u00ab j\u2019ai d\u00e9j\u00e0 demand\u00e9 aux \u00e9quipes d\u2019aligner les ressources pour commencer avant la fin de cette ann\u00e9e \u00bb.<\/p>\n<p>Peu apr\u00e8s la fin de cette s\u00e9ance de travail, M. Sergio Pimanta a proc\u00e9d\u00e9 \u00e0 l\u2019inauguration du tout nouveau si\u00e8ge de la repr\u00e9sentation de la SFI au Niger, en pr\u00e9sence du Ministre du Plan Abdou Rabiou, des repr\u00e9sentants des organisations socioprofessionnelles du secteur priv\u00e9s et des responsables des entreprises priv\u00e9es nig\u00e9riennes.<\/p>\n<p>&nbsp;<\/p>\n","protected":false},"excerpt":{"rendered":"<p>Africa-Press &#8211; Niger.\u00a0 \u00a0Le Premier Ministre du Niger, M. Ouhoumoudou Mahamadou, a exhort\u00e9 l\u2019accompagnement technique et financier de la soci\u00e9t\u00e9 financi\u00e8re internationale (SFI, Branche du groupe de la Banque mondiale sp\u00e9cialis\u00e9e dans les appuis au secteur priv\u00e9) en faveur de son pays. Ce plaidoyer du Chef du Gouvernement nig\u00e9rien est intervenu lors d\u2019une s\u00e9ance de [&hellip;]<\/p>\n","protected":false},"author":82,"featured_media":11796,"comment_status":"open","ping_status":"closed","sticky":false,"template":"","format":"standard","meta":{"footnotes":""},"categories":[3,11,10],"tags":[55,60,29],"class_list":["post-11797","post","type-post","status-publish","format-standard","has-post-thumbnail","hentry","category-economie","category-homepage-french","category-toutes-les-actualites","tag-africa-press","tag-africa-press-niger","tag-niger"],"yoast_head":"<!-- This site is optimized with the Yoast SEO Premium plugin v26.1 (Yoast SEO v27.0) - https:\/\/yoast.com\/product\/yoast-seo-premium-wordpress\/ -->\n<title>Le Niger plaide pour l\u2019accompagnement de la SFI dans son secteur priv\u00e9 (PM) - niger<\/title>\n<meta name=\"description\" content=\", 15 Septembre (ANP) - Le Premier Ministre du Niger, M. Ouhoumoudou Mahamadou, a exhort\u00e9 l\u2019accompagnement technique et f ...\" \/>\n<meta name=\"robots\" content=\"index, follow, max-snippet:-1, max-image-preview:large, max-video-preview:-1\" \/>\n<link rel=\"canonical\" href=\"https:\/\/www.africa-press.net\/niger\/economie\/le-niger-plaide-pour-laccompagnement-de-la-sfi-dans-son-secteur-prive-pm\" \/>\n<meta property=\"og:locale\" content=\"fr_FR\" \/>\n<meta property=\"og:type\" content=\"article\" \/>\n<meta property=\"og:title\" content=\"Le Niger plaide pour l\u2019accompagnement de la SFI dans son secteur priv\u00e9 (PM)\" \/>\n<meta property=\"og:description\" content=\", 15 Septembre (ANP) - Le Premier Ministre du Niger, M. Ouhoumoudou Mahamadou, a exhort\u00e9 l\u2019accompagnement technique et f ...\" \/>\n<meta property=\"og:url\" content=\"https:\/\/www.africa-press.net\/niger\/economie\/le-niger-plaide-pour-laccompagnement-de-la-sfi-dans-son-secteur-prive-pm\" \/>\n<meta property=\"og:site_name\" content=\"niger\" \/>\n<meta property=\"article:published_time\" content=\"2021-09-15T14:56:20+00:00\" \/>\n<meta property=\"article:modified_time\" content=\"2021-09-15T21:49:20+00:00\" \/>\n<meta property=\"og:image\" content=\"https:\/\/static.africa-press.net\/niger\/sites\/40\/2021\/09\/img-614205c8141d1.jpg\" \/>\n\t<meta property=\"og:image:width\" content=\"1080\" \/>\n\t<meta property=\"og:image:height\" content=\"720\" \/>\n\t<meta property=\"og:image:type\" content=\"image\/jpeg\" \/>\n<meta name=\"author\" content=\"cfeditorfr\" \/>\n<meta name=\"twitter:card\" content=\"summary_large_image\" \/>\n<meta name=\"twitter:label1\" content=\"\u00c9crit par\" \/>\n\t<meta name=\"twitter:data1\" content=\"cfeditorfr\" \/>\n\t<meta name=\"twitter:label2\" content=\"Dur\u00e9e de lecture estim\u00e9e\" \/>\n\t<meta name=\"twitter:data2\" content=\"4 minutes\" \/>\n<script type=\"application\/ld+json\" class=\"yoast-schema-graph\">{\"@context\":\"https:\/\/schema.org\",\"@graph\":[{\"@type\":\"Article\",\"@id\":\"https:\/\/www.africa-press.net\/niger\/economie\/le-niger-plaide-pour-laccompagnement-de-la-sfi-dans-son-secteur-prive-pm#article\",\"isPartOf\":{\"@id\":\"https:\/\/www.africa-press.net\/niger\/economie\/le-niger-plaide-pour-laccompagnement-de-la-sfi-dans-son-secteur-prive-pm\"},\"author\":{\"name\":\"cfeditorfr\",\"@id\":\"https:\/\/www.africa-press.net\/niger\/#\/schema\/person\/2b1cf3cd81a31e3cd26889ca66d677f1\"},\"headline\":\"Le Niger plaide pour l\u2019accompagnement de la SFI dans son secteur priv\u00e9 (PM)\",\"datePublished\":\"2021-09-15T14:56:20+00:00\",\"dateModified\":\"2021-09-15T21:49:20+00:00\",\"mainEntityOfPage\":{\"@id\":\"https:\/\/www.africa-press.net\/niger\/economie\/le-niger-plaide-pour-laccompagnement-de-la-sfi-dans-son-secteur-prive-pm\"},\"wordCount\":873,\"commentCount\":0,\"image\":{\"@id\":\"https:\/\/www.africa-press.net\/niger\/economie\/le-niger-plaide-pour-laccompagnement-de-la-sfi-dans-son-secteur-prive-pm#primaryimage\"},\"thumbnailUrl\":\"https:\/\/static.africa-press.net\/niger\/sites\/40\/2021\/09\/img-614205c8141d1.jpg\",\"keywords\":[\"Africa Press\",\"Africa Press-Niger\",\"Niger\"],\"articleSection\":[\"\u00c9conomie\",\"homepage-french\",\"Toutes les actualit\u00e9s\"],\"inLanguage\":\"fr-FR\",\"potentialAction\":[{\"@type\":\"CommentAction\",\"name\":\"Comment\",\"target\":[\"https:\/\/www.africa-press.net\/niger\/economie\/le-niger-plaide-pour-laccompagnement-de-la-sfi-dans-son-secteur-prive-pm#respond\"]}]},{\"@type\":\"WebPage\",\"@id\":\"https:\/\/www.africa-press.net\/niger\/economie\/le-niger-plaide-pour-laccompagnement-de-la-sfi-dans-son-secteur-prive-pm\",\"url\":\"https:\/\/www.africa-press.net\/niger\/economie\/le-niger-plaide-pour-laccompagnement-de-la-sfi-dans-son-secteur-prive-pm\",\"name\":\"Le Niger plaide pour l\u2019accompagnement de la SFI dans son secteur priv\u00e9 (PM) - niger\",\"isPartOf\":{\"@id\":\"https:\/\/www.africa-press.net\/niger\/#website\"},\"primaryImageOfPage\":{\"@id\":\"https:\/\/www.africa-press.net\/niger\/economie\/le-niger-plaide-pour-laccompagnement-de-la-sfi-dans-son-secteur-prive-pm#primaryimage\"},\"image\":{\"@id\":\"https:\/\/www.africa-press.net\/niger\/economie\/le-niger-plaide-pour-laccompagnement-de-la-sfi-dans-son-secteur-prive-pm#primaryimage\"},\"thumbnailUrl\":\"https:\/\/static.africa-press.net\/niger\/sites\/40\/2021\/09\/img-614205c8141d1.jpg\",\"datePublished\":\"2021-09-15T14:56:20+00:00\",\"dateModified\":\"2021-09-15T21:49:20+00:00\",\"author\":{\"@id\":\"https:\/\/www.africa-press.net\/niger\/#\/schema\/person\/2b1cf3cd81a31e3cd26889ca66d677f1\"},\"description\":\", 15 Septembre (ANP) - Le Premier Ministre du Niger, M. Ouhoumoudou Mahamadou, a exhort\u00e9 l\u2019accompagnement technique et f ...\",\"breadcrumb\":{\"@id\":\"https:\/\/www.africa-press.net\/niger\/economie\/le-niger-plaide-pour-laccompagnement-de-la-sfi-dans-son-secteur-prive-pm#breadcrumb\"},\"inLanguage\":\"fr-FR\",\"potentialAction\":[{\"@type\":\"ReadAction\",\"target\":[\"https:\/\/www.africa-press.net\/niger\/economie\/le-niger-plaide-pour-laccompagnement-de-la-sfi-dans-son-secteur-prive-pm\"]}]},{\"@type\":\"ImageObject\",\"inLanguage\":\"fr-FR\",\"@id\":\"https:\/\/www.africa-press.net\/niger\/economie\/le-niger-plaide-pour-laccompagnement-de-la-sfi-dans-son-secteur-prive-pm#primaryimage\",\"url\":\"https:\/\/static.africa-press.net\/niger\/sites\/40\/2021\/09\/img-614205c8141d1.jpg\",\"contentUrl\":\"https:\/\/static.africa-press.net\/niger\/sites\/40\/2021\/09\/img-614205c8141d1.jpg\",\"width\":1080,\"height\":720,\"caption\":\"Le Niger plaide pour l\u2019accompagnement de la SFI dans son secteur priv\u00e9 (PM)\"},{\"@type\":\"BreadcrumbList\",\"@id\":\"https:\/\/www.africa-press.net\/niger\/economie\/le-niger-plaide-pour-laccompagnement-de-la-sfi-dans-son-secteur-prive-pm#breadcrumb\",\"itemListElement\":[{\"@type\":\"ListItem\",\"position\":1,\"name\":\"Accueil\",\"item\":\"https:\/\/www.africa-press.net\/niger\/\"},{\"@type\":\"ListItem\",\"position\":2,\"name\":\"Le Niger plaide pour l\u2019accompagnement de la SFI dans son secteur priv\u00e9 (PM)\"}]},{\"@type\":\"WebSite\",\"@id\":\"https:\/\/www.africa-press.net\/niger\/#website\",\"url\":\"https:\/\/www.africa-press.net\/niger\/\",\"name\":\"niger\",\"description\":\"Just another Africa News Agency Sites site\",\"potentialAction\":[{\"@type\":\"SearchAction\",\"target\":{\"@type\":\"EntryPoint\",\"urlTemplate\":\"https:\/\/www.africa-press.net\/niger\/?s={search_term_string}\"},\"query-input\":{\"@type\":\"PropertyValueSpecification\",\"valueRequired\":true,\"valueName\":\"search_term_string\"}}],\"inLanguage\":\"fr-FR\"},{\"@type\":\"Person\",\"@id\":\"https:\/\/www.africa-press.net\/niger\/#\/schema\/person\/2b1cf3cd81a31e3cd26889ca66d677f1\",\"name\":\"cfeditorfr\"}]}<\/script>\n<!-- \/ Yoast SEO Premium plugin. -->","yoast_head_json":{"title":"Le Niger plaide pour l\u2019accompagnement de la SFI dans son secteur priv\u00e9 (PM) - niger","description":", 15 Septembre (ANP) - Le Premier Ministre du Niger, M. Ouhoumoudou Mahamadou, a exhort\u00e9 l\u2019accompagnement technique et f ...","robots":{"index":"index","follow":"follow","max-snippet":"max-snippet:-1","max-image-preview":"max-image-preview:large","max-video-preview":"max-video-preview:-1"},"canonical":"https:\/\/www.africa-press.net\/niger\/economie\/le-niger-plaide-pour-laccompagnement-de-la-sfi-dans-son-secteur-prive-pm","og_locale":"fr_FR","og_type":"article","og_title":"Le Niger plaide pour l\u2019accompagnement de la SFI dans son secteur priv\u00e9 (PM)","og_description":", 15 Septembre (ANP) - Le Premier Ministre du Niger, M. Ouhoumoudou Mahamadou, a exhort\u00e9 l\u2019accompagnement technique et f ...","og_url":"https:\/\/www.africa-press.net\/niger\/economie\/le-niger-plaide-pour-laccompagnement-de-la-sfi-dans-son-secteur-prive-pm","og_site_name":"niger","article_published_time":"2021-09-15T14:56:20+00:00","article_modified_time":"2021-09-15T21:49:20+00:00","og_image":[{"width":1080,"height":720,"url":"https:\/\/static.africa-press.net\/niger\/sites\/40\/2021\/09\/img-614205c8141d1.jpg","type":"image\/jpeg"}],"author":"cfeditorfr","twitter_card":"summary_large_image","twitter_misc":{"\u00c9crit par":"cfeditorfr","Dur\u00e9e de lecture estim\u00e9e":"4 minutes"},"schema":{"@context":"https:\/\/schema.org","@graph":[{"@type":"Article","@id":"https:\/\/www.africa-press.net\/niger\/economie\/le-niger-plaide-pour-laccompagnement-de-la-sfi-dans-son-secteur-prive-pm#article","isPartOf":{"@id":"https:\/\/www.africa-press.net\/niger\/economie\/le-niger-plaide-pour-laccompagnement-de-la-sfi-dans-son-secteur-prive-pm"},"author":{"name":"cfeditorfr","@id":"https:\/\/www.africa-press.net\/niger\/#\/schema\/person\/2b1cf3cd81a31e3cd26889ca66d677f1"},"headline":"Le Niger plaide pour l\u2019accompagnement de la SFI dans son secteur priv\u00e9 (PM)","datePublished":"2021-09-15T14:56:20+00:00","dateModified":"2021-09-15T21:49:20+00:00","mainEntityOfPage":{"@id":"https:\/\/www.africa-press.net\/niger\/economie\/le-niger-plaide-pour-laccompagnement-de-la-sfi-dans-son-secteur-prive-pm"},"wordCount":873,"commentCount":0,"image":{"@id":"https:\/\/www.africa-press.net\/niger\/economie\/le-niger-plaide-pour-laccompagnement-de-la-sfi-dans-son-secteur-prive-pm#primaryimage"},"thumbnailUrl":"https:\/\/static.africa-press.net\/niger\/sites\/40\/2021\/09\/img-614205c8141d1.jpg","keywords":["Africa Press","Africa Press-Niger","Niger"],"articleSection":["\u00c9conomie","homepage-french","Toutes les actualit\u00e9s"],"inLanguage":"fr-FR","potentialAction":[{"@type":"CommentAction","name":"Comment","target":["https:\/\/www.africa-press.net\/niger\/economie\/le-niger-plaide-pour-laccompagnement-de-la-sfi-dans-son-secteur-prive-pm#respond"]}]},{"@type":"WebPage","@id":"https:\/\/www.africa-press.net\/niger\/economie\/le-niger-plaide-pour-laccompagnement-de-la-sfi-dans-son-secteur-prive-pm","url":"https:\/\/www.africa-press.net\/niger\/economie\/le-niger-plaide-pour-laccompagnement-de-la-sfi-dans-son-secteur-prive-pm","name":"Le Niger plaide pour l\u2019accompagnement de la SFI dans son secteur priv\u00e9 (PM) - niger","isPartOf":{"@id":"https:\/\/www.africa-press.net\/niger\/#website"},"primaryImageOfPage":{"@id":"https:\/\/www.africa-press.net\/niger\/economie\/le-niger-plaide-pour-laccompagnement-de-la-sfi-dans-son-secteur-prive-pm#primaryimage"},"image":{"@id":"https:\/\/www.africa-press.net\/niger\/economie\/le-niger-plaide-pour-laccompagnement-de-la-sfi-dans-son-secteur-prive-pm#primaryimage"},"thumbnailUrl":"https:\/\/static.africa-press.net\/niger\/sites\/40\/2021\/09\/img-614205c8141d1.jpg","datePublished":"2021-09-15T14:56:20+00:00","dateModified":"2021-09-15T21:49:20+00:00","author":{"@id":"https:\/\/www.africa-press.net\/niger\/#\/schema\/person\/2b1cf3cd81a31e3cd26889ca66d677f1"},"description":", 15 Septembre (ANP) - Le Premier Ministre du Niger, M. Ouhoumoudou Mahamadou, a exhort\u00e9 l\u2019accompagnement technique et f ...","breadcrumb":{"@id":"https:\/\/www.africa-press.net\/niger\/economie\/le-niger-plaide-pour-laccompagnement-de-la-sfi-dans-son-secteur-prive-pm#breadcrumb"},"inLanguage":"fr-FR","potentialAction":[{"@type":"ReadAction","target":["https:\/\/www.africa-press.net\/niger\/economie\/le-niger-plaide-pour-laccompagnement-de-la-sfi-dans-son-secteur-prive-pm"]}]},{"@type":"ImageObject","inLanguage":"fr-FR","@id":"https:\/\/www.africa-press.net\/niger\/economie\/le-niger-plaide-pour-laccompagnement-de-la-sfi-dans-son-secteur-prive-pm#primaryimage","url":"https:\/\/static.africa-press.net\/niger\/sites\/40\/2021\/09\/img-614205c8141d1.jpg","contentUrl":"https:\/\/static.africa-press.net\/niger\/sites\/40\/2021\/09\/img-614205c8141d1.jpg","width":1080,"height":720,"caption":"Le Niger plaide pour l\u2019accompagnement de la SFI dans son secteur priv\u00e9 (PM)"},{"@type":"BreadcrumbList","@id":"https:\/\/www.africa-press.net\/niger\/economie\/le-niger-plaide-pour-laccompagnement-de-la-sfi-dans-son-secteur-prive-pm#breadcrumb","itemListElement":[{"@type":"ListItem","position":1,"name":"Accueil","item":"https:\/\/www.africa-press.net\/niger\/"},{"@type":"ListItem","position":2,"name":"Le Niger plaide pour l\u2019accompagnement de la SFI dans son secteur priv\u00e9 (PM)"}]},{"@type":"WebSite","@id":"https:\/\/www.africa-press.net\/niger\/#website","url":"https:\/\/www.africa-press.net\/niger\/","name":"niger","description":"Just another Africa News Agency Sites site","potentialAction":[{"@type":"SearchAction","target":{"@type":"EntryPoint","urlTemplate":"https:\/\/www.africa-press.net\/niger\/?s={search_term_string}"},"query-input":{"@type":"PropertyValueSpecification","valueRequired":true,"valueName":"search_term_string"}}],"inLanguage":"fr-FR"},{"@type":"Person","@id":"https:\/\/www.africa-press.net\/niger\/#\/schema\/person\/2b1cf3cd81a31e3cd26889ca66d677f1","name":"cfeditorfr"}]}},"_links":{"self":[{"href":"https:\/\/www.africa-press.net\/niger\/wp-json\/wp\/v2\/posts\/11797","targetHints":{"allow":["GET"]}}],"collection":[{"href":"https:\/\/www.africa-press.net\/niger\/wp-json\/wp\/v2\/posts"}],"about":[{"href":"https:\/\/www.africa-press.net\/niger\/wp-json\/wp\/v2\/types\/post"}],"author":[{"embeddable":true,"href":"https:\/\/www.africa-press.net\/niger\/wp-json\/wp\/v2\/users\/82"}],"replies":[{"embeddable":true,"href":"https:\/\/www.africa-press.net\/niger\/wp-json\/wp\/v2\/comments?post=11797"}],"version-history":[{"count":0,"href":"https:\/\/www.africa-press.net\/niger\/wp-json\/wp\/v2\/posts\/11797\/revisions"}],"wp:featuredmedia":[{"embeddable":true,"href":"https:\/\/www.africa-press.net\/niger\/wp-json\/wp\/v2\/media\/11796"}],"wp:attachment":[{"href":"https:\/\/www.africa-press.net\/niger\/wp-json\/wp\/v2\/media?parent=11797"}],"wp:term":[{"taxonomy":"category","embeddable":true,"href":"https:\/\/www.africa-press.net\/niger\/wp-json\/wp\/v2\/categories?post=11797"},{"taxonomy":"post_tag","embeddable":true,"href":"https:\/\/www.africa-press.net\/niger\/wp-json\/wp\/v2\/tags?post=11797"}],"curies":[{"name":"wp","href":"https:\/\/api.w.org\/{rel}","templated":true}]}}