{"id":11803,"date":"2021-09-15T15:13:17","date_gmt":"2021-09-15T15:13:17","guid":{"rendered":"https:\/\/www.africa-press.net\/niger\/?p=11803"},"modified":"2021-09-15T21:49:42","modified_gmt":"2021-09-15T21:49:42","slug":"le-niger-abritera-du-16-au-18-septembre-un-forum-sur-les-investissements-pakistanais-au-niger","status":"publish","type":"post","link":"https:\/\/www.africa-press.net\/niger\/politique\/le-niger-abritera-du-16-au-18-septembre-un-forum-sur-les-investissements-pakistanais-au-niger","title":{"rendered":"Le Niger abritera du 16 au 18 septembre un forum sur les investissements pakistanais au Niger"},"content":{"rendered":"<p><span style=\"color: #ff6600\"><strong><a href=\"https:\/\/www.africa-press.net\/\">Africa-Press<\/a> &#8211; <a href=\"https:\/\/www.africa-press.net\/niger\">Niger<\/a>.\u00a0 <\/strong><\/span>Niamey va abriter du 16 au 18 septembre 2021 un forum sur les investissements et affaires de la R\u00e9publique islamique du Pakistan au Niger.<\/p>\n<p>Au cours de ce forum plusieurs th\u00e8mes relatifs \u00e0 la coop\u00e9ration entre le Pakistan et le Niger seront d\u00e9velopp\u00e9s.<\/p>\n<p>Il s\u2019agit, entre autres, des th\u00e8mes comme la coop\u00e9ration industrielle entre le Pakistan et le Niger : Opportunit\u00e9s, d\u00e9fis et orientations strat\u00e9giques, le cadre g\u00e9n\u00e9ral d\u2019investissement au Niger, le Support et la facilitation des investissements pakistanais au Niger et les Investissements dans le domaine de l\u2019industrie l\u00e9g\u00e8re.<\/p>\n<p>Les participants \u00e0 ce forum suivront \u00e9galement des pr\u00e9sentations sur la promotion de l\u2019entreprenariat des jeunes, les axes strat\u00e9giques de la coop\u00e9ration entre les deux pays, les investissements dans les domaines de la sant\u00e9, de l\u2019agriculture, de l\u2019\u00e9levage, et de l\u2019\u00e9ducation.<\/p>\n<p>Selon l\u2019Ambassadeur du Pakistan au Niger, au sortir d\u2019une audience que lui accord\u00e9e, le 26 ao\u00fbt dernier, le Premier nig\u00e9rien Ouhoumoudou Mahamadou, ce sont quelque 60 \u00e0 70 investisseurs pakistanais qui vont venir au Niger dans le cadre de ce forum d\u2019investissements et d\u2019affaires.<\/p>\n<p>Ces investisseurs travaillent dans beaucoup de domaines, notamment l\u2019agro-industrie ; l\u2019agriculture ; les produits pharmaceutiques ; la production d\u2019habillement et de chaussures et bien d\u2019autres, indique-t-on.<\/p>\n","protected":false},"excerpt":{"rendered":"<p>Africa-Press &#8211; Niger.\u00a0 Niamey va abriter du 16 au 18 septembre 2021 un forum sur les investissements et affaires de la R\u00e9publique islamique du Pakistan au Niger. Au cours de ce forum plusieurs th\u00e8mes relatifs \u00e0 la coop\u00e9ration entre le Pakistan et le Niger seront d\u00e9velopp\u00e9s. Il s\u2019agit, entre autres, des th\u00e8mes comme la coop\u00e9ration [&hellip;]<\/p>\n","protected":false},"author":82,"featured_media":11802,"comment_status":"open","ping_status":"closed","sticky":false,"template":"","format":"standard","meta":{"footnotes":""},"categories":[11,2,20,10],"tags":[55,60,29],"class_list":["post-11803","post","type-post","status-publish","format-standard","has-post-thumbnail","hentry","category-homepage-french","category-politique","category-top-nouvelles","category-toutes-les-actualites","tag-africa-press","tag-africa-press-niger","tag-niger"],"yoast_head":"<!-- This site is optimized with the Yoast SEO Premium plugin v26.1 (Yoast SEO v27.0) - https:\/\/yoast.com\/product\/yoast-seo-premium-wordpress\/ -->\n<title>Le Niger abritera du 16 au 18 septembre un forum sur les investissements pakistanais au Niger - niger<\/title>\n<meta name=\"description\" content=\", 15 sept (ANP-Niamey va abriter du 16 au 18 septembre 2021 un forum sur les investissements et affaires de la R\u00e9publiqu ...\" \/>\n<meta name=\"robots\" content=\"index, follow, max-snippet:-1, max-image-preview:large, max-video-preview:-1\" \/>\n<link rel=\"canonical\" href=\"https:\/\/www.africa-press.net\/niger\/politique\/le-niger-abritera-du-16-au-18-septembre-un-forum-sur-les-investissements-pakistanais-au-niger\" \/>\n<meta property=\"og:locale\" content=\"fr_FR\" \/>\n<meta property=\"og:type\" content=\"article\" \/>\n<meta property=\"og:title\" content=\"Le Niger abritera du 16 au 18 septembre un forum sur les investissements pakistanais au Niger\" \/>\n<meta property=\"og:description\" content=\", 15 sept (ANP-Niamey va abriter du 16 au 18 septembre 2021 un forum sur les investissements et affaires de la R\u00e9publiqu ...\" \/>\n<meta property=\"og:url\" content=\"https:\/\/www.africa-press.net\/niger\/politique\/le-niger-abritera-du-16-au-18-septembre-un-forum-sur-les-investissements-pakistanais-au-niger\" \/>\n<meta property=\"og:site_name\" content=\"niger\" \/>\n<meta property=\"article:published_time\" content=\"2021-09-15T15:13:17+00:00\" \/>\n<meta property=\"article:modified_time\" content=\"2021-09-15T21:49:42+00:00\" \/>\n<meta property=\"og:image\" content=\"https:\/\/static.africa-press.net\/niger\/sites\/40\/2021\/09\/img-61420602a87e4.jpg\" \/>\n\t<meta property=\"og:image:width\" content=\"720\" \/>\n\t<meta property=\"og:image:height\" content=\"509\" \/>\n\t<meta property=\"og:image:type\" content=\"image\/jpeg\" \/>\n<meta name=\"author\" content=\"cfeditorfr\" \/>\n<meta name=\"twitter:card\" content=\"summary_large_image\" \/>\n<meta name=\"twitter:label1\" content=\"\u00c9crit par\" \/>\n\t<meta name=\"twitter:data1\" content=\"cfeditorfr\" \/>\n\t<meta name=\"twitter:label2\" content=\"Dur\u00e9e de lecture estim\u00e9e\" \/>\n\t<meta name=\"twitter:data2\" content=\"1 minute\" \/>\n<script type=\"application\/ld+json\" class=\"yoast-schema-graph\">{\"@context\":\"https:\/\/schema.org\",\"@graph\":[{\"@type\":\"Article\",\"@id\":\"https:\/\/www.africa-press.net\/niger\/politique\/le-niger-abritera-du-16-au-18-septembre-un-forum-sur-les-investissements-pakistanais-au-niger#article\",\"isPartOf\":{\"@id\":\"https:\/\/www.africa-press.net\/niger\/politique\/le-niger-abritera-du-16-au-18-septembre-un-forum-sur-les-investissements-pakistanais-au-niger\"},\"author\":{\"name\":\"cfeditorfr\",\"@id\":\"https:\/\/www.africa-press.net\/niger\/#\/schema\/person\/2b1cf3cd81a31e3cd26889ca66d677f1\"},\"headline\":\"Le Niger abritera du 16 au 18 septembre un forum sur les investissements pakistanais au Niger\",\"datePublished\":\"2021-09-15T15:13:17+00:00\",\"dateModified\":\"2021-09-15T21:49:42+00:00\",\"mainEntityOfPage\":{\"@id\":\"https:\/\/www.africa-press.net\/niger\/politique\/le-niger-abritera-du-16-au-18-septembre-un-forum-sur-les-investissements-pakistanais-au-niger\"},\"wordCount\":240,\"commentCount\":0,\"image\":{\"@id\":\"https:\/\/www.africa-press.net\/niger\/politique\/le-niger-abritera-du-16-au-18-septembre-un-forum-sur-les-investissements-pakistanais-au-niger#primaryimage\"},\"thumbnailUrl\":\"https:\/\/static.africa-press.net\/niger\/sites\/40\/2021\/09\/img-61420602a87e4.jpg\",\"keywords\":[\"Africa Press\",\"Africa Press-Niger\",\"Niger\"],\"articleSection\":[\"homepage-french\",\"Politique\",\"Top Nouvelles\",\"Toutes les actualit\u00e9s\"],\"inLanguage\":\"fr-FR\",\"potentialAction\":[{\"@type\":\"CommentAction\",\"name\":\"Comment\",\"target\":[\"https:\/\/www.africa-press.net\/niger\/politique\/le-niger-abritera-du-16-au-18-septembre-un-forum-sur-les-investissements-pakistanais-au-niger#respond\"]}]},{\"@type\":\"WebPage\",\"@id\":\"https:\/\/www.africa-press.net\/niger\/politique\/le-niger-abritera-du-16-au-18-septembre-un-forum-sur-les-investissements-pakistanais-au-niger\",\"url\":\"https:\/\/www.africa-press.net\/niger\/politique\/le-niger-abritera-du-16-au-18-septembre-un-forum-sur-les-investissements-pakistanais-au-niger\",\"name\":\"Le Niger abritera du 16 au 18 septembre un forum sur les investissements pakistanais au Niger - niger\",\"isPartOf\":{\"@id\":\"https:\/\/www.africa-press.net\/niger\/#website\"},\"primaryImageOfPage\":{\"@id\":\"https:\/\/www.africa-press.net\/niger\/politique\/le-niger-abritera-du-16-au-18-septembre-un-forum-sur-les-investissements-pakistanais-au-niger#primaryimage\"},\"image\":{\"@id\":\"https:\/\/www.africa-press.net\/niger\/politique\/le-niger-abritera-du-16-au-18-septembre-un-forum-sur-les-investissements-pakistanais-au-niger#primaryimage\"},\"thumbnailUrl\":\"https:\/\/static.africa-press.net\/niger\/sites\/40\/2021\/09\/img-61420602a87e4.jpg\",\"datePublished\":\"2021-09-15T15:13:17+00:00\",\"dateModified\":\"2021-09-15T21:49:42+00:00\",\"author\":{\"@id\":\"https:\/\/www.africa-press.net\/niger\/#\/schema\/person\/2b1cf3cd81a31e3cd26889ca66d677f1\"},\"description\":\", 15 sept (ANP-Niamey va abriter du 16 au 18 septembre 2021 un forum sur les investissements et affaires de la R\u00e9publiqu ...\",\"breadcrumb\":{\"@id\":\"https:\/\/www.africa-press.net\/niger\/politique\/le-niger-abritera-du-16-au-18-septembre-un-forum-sur-les-investissements-pakistanais-au-niger#breadcrumb\"},\"inLanguage\":\"fr-FR\",\"potentialAction\":[{\"@type\":\"ReadAction\",\"target\":[\"https:\/\/www.africa-press.net\/niger\/politique\/le-niger-abritera-du-16-au-18-septembre-un-forum-sur-les-investissements-pakistanais-au-niger\"]}]},{\"@type\":\"ImageObject\",\"inLanguage\":\"fr-FR\",\"@id\":\"https:\/\/www.africa-press.net\/niger\/politique\/le-niger-abritera-du-16-au-18-septembre-un-forum-sur-les-investissements-pakistanais-au-niger#primaryimage\",\"url\":\"https:\/\/static.africa-press.net\/niger\/sites\/40\/2021\/09\/img-61420602a87e4.jpg\",\"contentUrl\":\"https:\/\/static.africa-press.net\/niger\/sites\/40\/2021\/09\/img-61420602a87e4.jpg\",\"width\":720,\"height\":509,\"caption\":\"Le Niger abritera du 16 au 18 septembre un forum sur les investissements pakistanais au Niger\"},{\"@type\":\"BreadcrumbList\",\"@id\":\"https:\/\/www.africa-press.net\/niger\/politique\/le-niger-abritera-du-16-au-18-septembre-un-forum-sur-les-investissements-pakistanais-au-niger#breadcrumb\",\"itemListElement\":[{\"@type\":\"ListItem\",\"position\":1,\"name\":\"Accueil\",\"item\":\"https:\/\/www.africa-press.net\/niger\/\"},{\"@type\":\"ListItem\",\"position\":2,\"name\":\"Le Niger abritera du 16 au 18 septembre un forum sur les investissements pakistanais au Niger\"}]},{\"@type\":\"WebSite\",\"@id\":\"https:\/\/www.africa-press.net\/niger\/#website\",\"url\":\"https:\/\/www.africa-press.net\/niger\/\",\"name\":\"niger\",\"description\":\"Just another Africa News Agency Sites site\",\"potentialAction\":[{\"@type\":\"SearchAction\",\"target\":{\"@type\":\"EntryPoint\",\"urlTemplate\":\"https:\/\/www.africa-press.net\/niger\/?s={search_term_string}\"},\"query-input\":{\"@type\":\"PropertyValueSpecification\",\"valueRequired\":true,\"valueName\":\"search_term_string\"}}],\"inLanguage\":\"fr-FR\"},{\"@type\":\"Person\",\"@id\":\"https:\/\/www.africa-press.net\/niger\/#\/schema\/person\/2b1cf3cd81a31e3cd26889ca66d677f1\",\"name\":\"cfeditorfr\"}]}<\/script>\n<!-- \/ Yoast SEO Premium plugin. -->","yoast_head_json":{"title":"Le Niger abritera du 16 au 18 septembre un forum sur les investissements pakistanais au Niger - niger","description":", 15 sept (ANP-Niamey va abriter du 16 au 18 septembre 2021 un forum sur les investissements et affaires de la R\u00e9publiqu ...","robots":{"index":"index","follow":"follow","max-snippet":"max-snippet:-1","max-image-preview":"max-image-preview:large","max-video-preview":"max-video-preview:-1"},"canonical":"https:\/\/www.africa-press.net\/niger\/politique\/le-niger-abritera-du-16-au-18-septembre-un-forum-sur-les-investissements-pakistanais-au-niger","og_locale":"fr_FR","og_type":"article","og_title":"Le Niger abritera du 16 au 18 septembre un forum sur les investissements pakistanais au Niger","og_description":", 15 sept (ANP-Niamey va abriter du 16 au 18 septembre 2021 un forum sur les investissements et affaires de la R\u00e9publiqu ...","og_url":"https:\/\/www.africa-press.net\/niger\/politique\/le-niger-abritera-du-16-au-18-septembre-un-forum-sur-les-investissements-pakistanais-au-niger","og_site_name":"niger","article_published_time":"2021-09-15T15:13:17+00:00","article_modified_time":"2021-09-15T21:49:42+00:00","og_image":[{"width":720,"height":509,"url":"https:\/\/static.africa-press.net\/niger\/sites\/40\/2021\/09\/img-61420602a87e4.jpg","type":"image\/jpeg"}],"author":"cfeditorfr","twitter_card":"summary_large_image","twitter_misc":{"\u00c9crit par":"cfeditorfr","Dur\u00e9e de lecture estim\u00e9e":"1 minute"},"schema":{"@context":"https:\/\/schema.org","@graph":[{"@type":"Article","@id":"https:\/\/www.africa-press.net\/niger\/politique\/le-niger-abritera-du-16-au-18-septembre-un-forum-sur-les-investissements-pakistanais-au-niger#article","isPartOf":{"@id":"https:\/\/www.africa-press.net\/niger\/politique\/le-niger-abritera-du-16-au-18-septembre-un-forum-sur-les-investissements-pakistanais-au-niger"},"author":{"name":"cfeditorfr","@id":"https:\/\/www.africa-press.net\/niger\/#\/schema\/person\/2b1cf3cd81a31e3cd26889ca66d677f1"},"headline":"Le Niger abritera du 16 au 18 septembre un forum sur les investissements pakistanais au Niger","datePublished":"2021-09-15T15:13:17+00:00","dateModified":"2021-09-15T21:49:42+00:00","mainEntityOfPage":{"@id":"https:\/\/www.africa-press.net\/niger\/politique\/le-niger-abritera-du-16-au-18-septembre-un-forum-sur-les-investissements-pakistanais-au-niger"},"wordCount":240,"commentCount":0,"image":{"@id":"https:\/\/www.africa-press.net\/niger\/politique\/le-niger-abritera-du-16-au-18-septembre-un-forum-sur-les-investissements-pakistanais-au-niger#primaryimage"},"thumbnailUrl":"https:\/\/static.africa-press.net\/niger\/sites\/40\/2021\/09\/img-61420602a87e4.jpg","keywords":["Africa Press","Africa Press-Niger","Niger"],"articleSection":["homepage-french","Politique","Top Nouvelles","Toutes les actualit\u00e9s"],"inLanguage":"fr-FR","potentialAction":[{"@type":"CommentAction","name":"Comment","target":["https:\/\/www.africa-press.net\/niger\/politique\/le-niger-abritera-du-16-au-18-septembre-un-forum-sur-les-investissements-pakistanais-au-niger#respond"]}]},{"@type":"WebPage","@id":"https:\/\/www.africa-press.net\/niger\/politique\/le-niger-abritera-du-16-au-18-septembre-un-forum-sur-les-investissements-pakistanais-au-niger","url":"https:\/\/www.africa-press.net\/niger\/politique\/le-niger-abritera-du-16-au-18-septembre-un-forum-sur-les-investissements-pakistanais-au-niger","name":"Le Niger abritera du 16 au 18 septembre un forum sur les investissements pakistanais au Niger - niger","isPartOf":{"@id":"https:\/\/www.africa-press.net\/niger\/#website"},"primaryImageOfPage":{"@id":"https:\/\/www.africa-press.net\/niger\/politique\/le-niger-abritera-du-16-au-18-septembre-un-forum-sur-les-investissements-pakistanais-au-niger#primaryimage"},"image":{"@id":"https:\/\/www.africa-press.net\/niger\/politique\/le-niger-abritera-du-16-au-18-septembre-un-forum-sur-les-investissements-pakistanais-au-niger#primaryimage"},"thumbnailUrl":"https:\/\/static.africa-press.net\/niger\/sites\/40\/2021\/09\/img-61420602a87e4.jpg","datePublished":"2021-09-15T15:13:17+00:00","dateModified":"2021-09-15T21:49:42+00:00","author":{"@id":"https:\/\/www.africa-press.net\/niger\/#\/schema\/person\/2b1cf3cd81a31e3cd26889ca66d677f1"},"description":", 15 sept (ANP-Niamey va abriter du 16 au 18 septembre 2021 un forum sur les investissements et affaires de la R\u00e9publiqu ...","breadcrumb":{"@id":"https:\/\/www.africa-press.net\/niger\/politique\/le-niger-abritera-du-16-au-18-septembre-un-forum-sur-les-investissements-pakistanais-au-niger#breadcrumb"},"inLanguage":"fr-FR","potentialAction":[{"@type":"ReadAction","target":["https:\/\/www.africa-press.net\/niger\/politique\/le-niger-abritera-du-16-au-18-septembre-un-forum-sur-les-investissements-pakistanais-au-niger"]}]},{"@type":"ImageObject","inLanguage":"fr-FR","@id":"https:\/\/www.africa-press.net\/niger\/politique\/le-niger-abritera-du-16-au-18-septembre-un-forum-sur-les-investissements-pakistanais-au-niger#primaryimage","url":"https:\/\/static.africa-press.net\/niger\/sites\/40\/2021\/09\/img-61420602a87e4.jpg","contentUrl":"https:\/\/static.africa-press.net\/niger\/sites\/40\/2021\/09\/img-61420602a87e4.jpg","width":720,"height":509,"caption":"Le Niger abritera du 16 au 18 septembre un forum sur les investissements pakistanais au Niger"},{"@type":"BreadcrumbList","@id":"https:\/\/www.africa-press.net\/niger\/politique\/le-niger-abritera-du-16-au-18-septembre-un-forum-sur-les-investissements-pakistanais-au-niger#breadcrumb","itemListElement":[{"@type":"ListItem","position":1,"name":"Accueil","item":"https:\/\/www.africa-press.net\/niger\/"},{"@type":"ListItem","position":2,"name":"Le Niger abritera du 16 au 18 septembre un forum sur les investissements pakistanais au Niger"}]},{"@type":"WebSite","@id":"https:\/\/www.africa-press.net\/niger\/#website","url":"https:\/\/www.africa-press.net\/niger\/","name":"niger","description":"Just another Africa News Agency Sites site","potentialAction":[{"@type":"SearchAction","target":{"@type":"EntryPoint","urlTemplate":"https:\/\/www.africa-press.net\/niger\/?s={search_term_string}"},"query-input":{"@type":"PropertyValueSpecification","valueRequired":true,"valueName":"search_term_string"}}],"inLanguage":"fr-FR"},{"@type":"Person","@id":"https:\/\/www.africa-press.net\/niger\/#\/schema\/person\/2b1cf3cd81a31e3cd26889ca66d677f1","name":"cfeditorfr"}]}},"_links":{"self":[{"href":"https:\/\/www.africa-press.net\/niger\/wp-json\/wp\/v2\/posts\/11803","targetHints":{"allow":["GET"]}}],"collection":[{"href":"https:\/\/www.africa-press.net\/niger\/wp-json\/wp\/v2\/posts"}],"about":[{"href":"https:\/\/www.africa-press.net\/niger\/wp-json\/wp\/v2\/types\/post"}],"author":[{"embeddable":true,"href":"https:\/\/www.africa-press.net\/niger\/wp-json\/wp\/v2\/users\/82"}],"replies":[{"embeddable":true,"href":"https:\/\/www.africa-press.net\/niger\/wp-json\/wp\/v2\/comments?post=11803"}],"version-history":[{"count":0,"href":"https:\/\/www.africa-press.net\/niger\/wp-json\/wp\/v2\/posts\/11803\/revisions"}],"wp:featuredmedia":[{"embeddable":true,"href":"https:\/\/www.africa-press.net\/niger\/wp-json\/wp\/v2\/media\/11802"}],"wp:attachment":[{"href":"https:\/\/www.africa-press.net\/niger\/wp-json\/wp\/v2\/media?parent=11803"}],"wp:term":[{"taxonomy":"category","embeddable":true,"href":"https:\/\/www.africa-press.net\/niger\/wp-json\/wp\/v2\/categories?post=11803"},{"taxonomy":"post_tag","embeddable":true,"href":"https:\/\/www.africa-press.net\/niger\/wp-json\/wp\/v2\/tags?post=11803"}],"curies":[{"name":"wp","href":"https:\/\/api.w.org\/{rel}","templated":true}]}}