{"id":11821,"date":"2021-09-15T15:59:51","date_gmt":"2021-09-15T15:59:51","guid":{"rendered":"https:\/\/www.africa-press.net\/niger\/?p=11821"},"modified":"2021-09-15T21:50:20","modified_gmt":"2021-09-15T21:50:20","slug":"securisation-de-la-zone-pastorale-dans-la-region-de-maradi-un-forum-reunit-agriculteurs-et-eleveurs-a-gadabeidji","status":"publish","type":"post","link":"https:\/\/www.africa-press.net\/niger\/toutes-les-actualites\/securisation-de-la-zone-pastorale-dans-la-region-de-maradi-un-forum-reunit-agriculteurs-et-eleveurs-a-gadabeidji","title":{"rendered":"S\u00e9curisation de la zone pastorale dans la r\u00e9gion de Maradi : Un forum r\u00e9unit agriculteurs et \u00e9leveurs \u00e0 Gadabeidji"},"content":{"rendered":"<p><span style=\"color: #ff6600\"><strong><a href=\"https:\/\/www.africa-press.net\/\">Africa-Press<\/a> &#8211; <a href=\"https:\/\/www.africa-press.net\/niger\">Niger<\/a>. <\/strong><\/span>Le d\u00e9partement de Bermo est une zone \u00e0 vocation pastorale. L\u2019\u00e9levage qui constitue la principale activit\u00e9 des populations est confront\u00e9 \u00e0 la d\u00e9gradation des p\u00e2turages et \u00e0 la r\u00e9duction des espaces pastoraux. Cette situation est accentu\u00e9e par la cr\u00e9ation et l\u2019extension des terres de culture au-del\u00e0 de la limite nord des cultures, ce qui augmente les risques de tension, donc de conflits entre \u00e9leveurs et agriculteurs.<\/p>\n<p>C\u2019est conscient de cet \u00e9tat de fait que l\u2019Association pour la Redynamisation de l\u2019Elevage au Niger (AREN), appuy\u00e9e par CARE International au Niger, a organis\u00e9 le 13 septembre 2021 \u00e0 Gadabeidji (D\u00e9partement de Bermo), un forum afin d\u2019accompagner les efforts d\u00e9ploy\u00e9s par les pouvoirs publics pour sauvegarder les espaces pastoraux. C\u2019est le gouverneur de la r\u00e9gion de Maradi, M. Zakari Oumarou qui a pr\u00e9sid\u00e9 les travaux de ce forum.<\/p>\n<p>Le secr\u00e9taire ex\u00e9cutif de AREN, M. Boureima Dodo a indiqu\u00e9 que malgr\u00e9 l\u2019adoption de l\u2019ordonnance du 20 mai 2010, relative au pastoralisme et d\u2019autres initiatives qui consacrent la reconnaissance politique du pastoralisme, la gestion et le contr\u00f4le des ressources pastorales se posent aujourd\u2019hui avec acuit\u00e9. \u00abLes diff\u00e9rentes politiques de gestion des espaces prot\u00e9g\u00e9s n\u2019ont pas abouti \u00e0 freiner la mont\u00e9e du front agricole dans la zone pastorale. Des menaces s\u00e9rieuses p\u00e8sent sur la conservation de ces espaces et les tendances de d\u00e9gradation sont inqui\u00e9tantes\u00bb, a-t-il soutenu. Pour lui, il s\u2019agit \u00e0 travers ce forum d\u2019engager des actions de pr\u00e9servation de la zone de p\u00e2turage du front agricole, de pr\u00e9venir les risques de conflits entre op\u00e9rateurs ruraux et pr\u00e9server ainsi le reste de la zone. Il a remerci\u00e9 les autorit\u00e9s administratives, municipales et les services techniques d\u00e9concentr\u00e9s pour leur disponibilit\u00e9 qui n\u2019a jamais fait d\u00e9faut en toutes circonstances.<\/p>\n<p>Pour le Directeur de la Qualit\u00e9 des Programmes CARE Niger-Burkina, M. Mabrouk ABDALLAH, ce forum intervient au moment o\u00f9 le projet de d\u00e9cret du document de la Politique fonci\u00e8re rurale du Niger vient d\u2019\u00eatre adopt\u00e9 en conseil des ministres. L\u2019objectif vis\u00e9, poursuit-il, est d\u2019assurer de meilleures perspectives \u00e0 l\u2019am\u00e9nagement du territoire, la protection de l\u2019environnement, la s\u00e9curisation fonci\u00e8re, la pr\u00e9vention et la gestion des conflits et le d\u00e9veloppement rural.<\/p>\n<p>Dans son discours d\u2019ouverture des travaux, le gouverneur de la r\u00e9gion de Maradi a indiqu\u00e9 que le forum de Gadabeidji doit permettre \u00e0 tous les acteurs parties prenantes de s\u2019impr\u00e9gner de l\u2019\u00e9tat actuel d\u2019occupation par les champs des cultures, afin de discuter, d\u2019\u00e9changer et de prendre des d\u00e9cisions concert\u00e9es et consensuelles sous forme de r\u00e9solutions et engagements. \u00abLa tenue de ce forum reste et demeure un cadre privil\u00e9gi\u00e9 d\u2019\u00e9change et de partage pour une prise de d\u00e9cision concert\u00e9e et consensuelle de tous les acteurs que vous \u00eates : autorit\u00e9s administratives, chefferie traditionnelle, collectivit\u00e9s territoriales, services techniques, soci\u00e9t\u00e9s civiles et communaut\u00e9s rurale\u00bb a estim\u00e9 M. Zakari Oumarou.<\/p>\n<p>Les travaux de ce forum ont \u00e9t\u00e9 sanctionn\u00e9s par des appels \u00e0 l\u2019endroit de l\u2019Etat, des autorit\u00e9s administratives, des PTF ainsi qu\u2019\u00e0 l\u2019endroit des chefs traditionnels, et ce, dans le but de mettre un terme \u00e0 l\u2019occupation ill\u00e9gale des terres pastorales.<\/p>\n<p><b>\u00a0<\/b><\/p>\n","protected":false},"excerpt":{"rendered":"<p>Africa-Press &#8211; Niger. Le d\u00e9partement de Bermo est une zone \u00e0 vocation pastorale. L\u2019\u00e9levage qui constitue la principale activit\u00e9 des populations est confront\u00e9 \u00e0 la d\u00e9gradation des p\u00e2turages et \u00e0 la r\u00e9duction des espaces pastoraux. Cette situation est accentu\u00e9e par la cr\u00e9ation et l\u2019extension des terres de culture au-del\u00e0 de la limite nord des cultures, [&hellip;]<\/p>\n","protected":false},"author":82,"featured_media":11820,"comment_status":"open","ping_status":"closed","sticky":false,"template":"","format":"standard","meta":{"footnotes":""},"categories":[21,11,10],"tags":[55,60,29],"class_list":["post-11821","post","type-post","status-publish","format-standard","has-post-thumbnail","hentry","category-communaute","category-homepage-french","category-toutes-les-actualites","tag-africa-press","tag-africa-press-niger","tag-niger"],"yoast_head":"<!-- This site is optimized with the Yoast SEO Premium plugin v26.1 (Yoast SEO v27.0) - https:\/\/yoast.com\/product\/yoast-seo-premium-wordpress\/ -->\n<title>S\u00e9curisation de la zone pastorale dans la r\u00e9gion de Maradi : Un forum r\u00e9unit agriculteurs et \u00e9leveurs \u00e0 Gadabeidji - niger<\/title>\n<meta name=\"description\" content=\"\ufeffLe d\u00e9partement de Bermo est une zone \u00e0 vocation pastorale. L\u2019\u00e9levage qui constitue la principale activit\u00e9 des populatio ...\" \/>\n<meta name=\"robots\" content=\"index, follow, max-snippet:-1, max-image-preview:large, max-video-preview:-1\" \/>\n<link rel=\"canonical\" href=\"https:\/\/www.africa-press.net\/niger\/toutes-les-actualites\/securisation-de-la-zone-pastorale-dans-la-region-de-maradi-un-forum-reunit-agriculteurs-et-eleveurs-a-gadabeidji\" \/>\n<meta property=\"og:locale\" content=\"fr_FR\" \/>\n<meta property=\"og:type\" content=\"article\" \/>\n<meta property=\"og:title\" content=\"S\u00e9curisation de la zone pastorale dans la r\u00e9gion de Maradi : Un forum r\u00e9unit agriculteurs et \u00e9leveurs \u00e0 Gadabeidji\" \/>\n<meta property=\"og:description\" content=\"\ufeffLe d\u00e9partement de Bermo est une zone \u00e0 vocation pastorale. L\u2019\u00e9levage qui constitue la principale activit\u00e9 des populatio ...\" \/>\n<meta property=\"og:url\" content=\"https:\/\/www.africa-press.net\/niger\/toutes-les-actualites\/securisation-de-la-zone-pastorale-dans-la-region-de-maradi-un-forum-reunit-agriculteurs-et-eleveurs-a-gadabeidji\" \/>\n<meta property=\"og:site_name\" content=\"niger\" \/>\n<meta property=\"article:published_time\" content=\"2021-09-15T15:59:51+00:00\" \/>\n<meta property=\"article:modified_time\" content=\"2021-09-15T21:50:20+00:00\" \/>\n<meta property=\"og:image\" content=\"https:\/\/static.africa-press.net\/niger\/sites\/40\/2021\/09\/img-614206d8b3344.jpg\" \/>\n\t<meta property=\"og:image:width\" content=\"720\" \/>\n\t<meta property=\"og:image:height\" content=\"432\" \/>\n\t<meta property=\"og:image:type\" content=\"image\/jpeg\" \/>\n<meta name=\"author\" content=\"cfeditorfr\" \/>\n<meta name=\"twitter:card\" content=\"summary_large_image\" \/>\n<meta name=\"twitter:label1\" content=\"\u00c9crit par\" \/>\n\t<meta name=\"twitter:data1\" content=\"cfeditorfr\" \/>\n\t<meta name=\"twitter:label2\" content=\"Dur\u00e9e de lecture estim\u00e9e\" \/>\n\t<meta name=\"twitter:data2\" content=\"3 minutes\" \/>\n<script type=\"application\/ld+json\" class=\"yoast-schema-graph\">{\"@context\":\"https:\/\/schema.org\",\"@graph\":[{\"@type\":\"Article\",\"@id\":\"https:\/\/www.africa-press.net\/niger\/toutes-les-actualites\/securisation-de-la-zone-pastorale-dans-la-region-de-maradi-un-forum-reunit-agriculteurs-et-eleveurs-a-gadabeidji#article\",\"isPartOf\":{\"@id\":\"https:\/\/www.africa-press.net\/niger\/toutes-les-actualites\/securisation-de-la-zone-pastorale-dans-la-region-de-maradi-un-forum-reunit-agriculteurs-et-eleveurs-a-gadabeidji\"},\"author\":{\"name\":\"cfeditorfr\",\"@id\":\"https:\/\/www.africa-press.net\/niger\/#\/schema\/person\/2b1cf3cd81a31e3cd26889ca66d677f1\"},\"headline\":\"S\u00e9curisation de la zone pastorale dans la r\u00e9gion de Maradi : Un forum r\u00e9unit agriculteurs et \u00e9leveurs \u00e0 Gadabeidji\",\"datePublished\":\"2021-09-15T15:59:51+00:00\",\"dateModified\":\"2021-09-15T21:50:20+00:00\",\"mainEntityOfPage\":{\"@id\":\"https:\/\/www.africa-press.net\/niger\/toutes-les-actualites\/securisation-de-la-zone-pastorale-dans-la-region-de-maradi-un-forum-reunit-agriculteurs-et-eleveurs-a-gadabeidji\"},\"wordCount\":591,\"commentCount\":0,\"image\":{\"@id\":\"https:\/\/www.africa-press.net\/niger\/toutes-les-actualites\/securisation-de-la-zone-pastorale-dans-la-region-de-maradi-un-forum-reunit-agriculteurs-et-eleveurs-a-gadabeidji#primaryimage\"},\"thumbnailUrl\":\"https:\/\/static.africa-press.net\/niger\/sites\/40\/2021\/09\/img-614206d8b3344.jpg\",\"keywords\":[\"Africa Press\",\"Africa Press-Niger\",\"Niger\"],\"articleSection\":[\"Communaut\u00e9\",\"homepage-french\",\"Toutes les actualit\u00e9s\"],\"inLanguage\":\"fr-FR\",\"potentialAction\":[{\"@type\":\"CommentAction\",\"name\":\"Comment\",\"target\":[\"https:\/\/www.africa-press.net\/niger\/toutes-les-actualites\/securisation-de-la-zone-pastorale-dans-la-region-de-maradi-un-forum-reunit-agriculteurs-et-eleveurs-a-gadabeidji#respond\"]}]},{\"@type\":\"WebPage\",\"@id\":\"https:\/\/www.africa-press.net\/niger\/toutes-les-actualites\/securisation-de-la-zone-pastorale-dans-la-region-de-maradi-un-forum-reunit-agriculteurs-et-eleveurs-a-gadabeidji\",\"url\":\"https:\/\/www.africa-press.net\/niger\/toutes-les-actualites\/securisation-de-la-zone-pastorale-dans-la-region-de-maradi-un-forum-reunit-agriculteurs-et-eleveurs-a-gadabeidji\",\"name\":\"S\u00e9curisation de la zone pastorale dans la r\u00e9gion de Maradi : Un forum r\u00e9unit agriculteurs et \u00e9leveurs \u00e0 Gadabeidji - niger\",\"isPartOf\":{\"@id\":\"https:\/\/www.africa-press.net\/niger\/#website\"},\"primaryImageOfPage\":{\"@id\":\"https:\/\/www.africa-press.net\/niger\/toutes-les-actualites\/securisation-de-la-zone-pastorale-dans-la-region-de-maradi-un-forum-reunit-agriculteurs-et-eleveurs-a-gadabeidji#primaryimage\"},\"image\":{\"@id\":\"https:\/\/www.africa-press.net\/niger\/toutes-les-actualites\/securisation-de-la-zone-pastorale-dans-la-region-de-maradi-un-forum-reunit-agriculteurs-et-eleveurs-a-gadabeidji#primaryimage\"},\"thumbnailUrl\":\"https:\/\/static.africa-press.net\/niger\/sites\/40\/2021\/09\/img-614206d8b3344.jpg\",\"datePublished\":\"2021-09-15T15:59:51+00:00\",\"dateModified\":\"2021-09-15T21:50:20+00:00\",\"author\":{\"@id\":\"https:\/\/www.africa-press.net\/niger\/#\/schema\/person\/2b1cf3cd81a31e3cd26889ca66d677f1\"},\"description\":\"\ufeffLe d\u00e9partement de Bermo est une zone \u00e0 vocation pastorale. L\u2019\u00e9levage qui constitue la principale activit\u00e9 des populatio ...\",\"breadcrumb\":{\"@id\":\"https:\/\/www.africa-press.net\/niger\/toutes-les-actualites\/securisation-de-la-zone-pastorale-dans-la-region-de-maradi-un-forum-reunit-agriculteurs-et-eleveurs-a-gadabeidji#breadcrumb\"},\"inLanguage\":\"fr-FR\",\"potentialAction\":[{\"@type\":\"ReadAction\",\"target\":[\"https:\/\/www.africa-press.net\/niger\/toutes-les-actualites\/securisation-de-la-zone-pastorale-dans-la-region-de-maradi-un-forum-reunit-agriculteurs-et-eleveurs-a-gadabeidji\"]}]},{\"@type\":\"ImageObject\",\"inLanguage\":\"fr-FR\",\"@id\":\"https:\/\/www.africa-press.net\/niger\/toutes-les-actualites\/securisation-de-la-zone-pastorale-dans-la-region-de-maradi-un-forum-reunit-agriculteurs-et-eleveurs-a-gadabeidji#primaryimage\",\"url\":\"https:\/\/static.africa-press.net\/niger\/sites\/40\/2021\/09\/img-614206d8b3344.jpg\",\"contentUrl\":\"https:\/\/static.africa-press.net\/niger\/sites\/40\/2021\/09\/img-614206d8b3344.jpg\",\"width\":720,\"height\":432,\"caption\":\"S\u00e9curisation de la zone pastorale dans la r\u00e9gion de Maradi : Un forum r\u00e9unit agriculteurs et \u00e9leveurs \u00e0 Gadabeidji\"},{\"@type\":\"BreadcrumbList\",\"@id\":\"https:\/\/www.africa-press.net\/niger\/toutes-les-actualites\/securisation-de-la-zone-pastorale-dans-la-region-de-maradi-un-forum-reunit-agriculteurs-et-eleveurs-a-gadabeidji#breadcrumb\",\"itemListElement\":[{\"@type\":\"ListItem\",\"position\":1,\"name\":\"Accueil\",\"item\":\"https:\/\/www.africa-press.net\/niger\/\"},{\"@type\":\"ListItem\",\"position\":2,\"name\":\"S\u00e9curisation de la zone pastorale dans la r\u00e9gion de Maradi : Un forum r\u00e9unit agriculteurs et \u00e9leveurs \u00e0 Gadabeidji\"}]},{\"@type\":\"WebSite\",\"@id\":\"https:\/\/www.africa-press.net\/niger\/#website\",\"url\":\"https:\/\/www.africa-press.net\/niger\/\",\"name\":\"niger\",\"description\":\"Just another Africa News Agency Sites site\",\"potentialAction\":[{\"@type\":\"SearchAction\",\"target\":{\"@type\":\"EntryPoint\",\"urlTemplate\":\"https:\/\/www.africa-press.net\/niger\/?s={search_term_string}\"},\"query-input\":{\"@type\":\"PropertyValueSpecification\",\"valueRequired\":true,\"valueName\":\"search_term_string\"}}],\"inLanguage\":\"fr-FR\"},{\"@type\":\"Person\",\"@id\":\"https:\/\/www.africa-press.net\/niger\/#\/schema\/person\/2b1cf3cd81a31e3cd26889ca66d677f1\",\"name\":\"cfeditorfr\"}]}<\/script>\n<!-- \/ Yoast SEO Premium plugin. -->","yoast_head_json":{"title":"S\u00e9curisation de la zone pastorale dans la r\u00e9gion de Maradi : Un forum r\u00e9unit agriculteurs et \u00e9leveurs \u00e0 Gadabeidji - niger","description":"\ufeffLe d\u00e9partement de Bermo est une zone \u00e0 vocation pastorale. L\u2019\u00e9levage qui constitue la principale activit\u00e9 des populatio ...","robots":{"index":"index","follow":"follow","max-snippet":"max-snippet:-1","max-image-preview":"max-image-preview:large","max-video-preview":"max-video-preview:-1"},"canonical":"https:\/\/www.africa-press.net\/niger\/toutes-les-actualites\/securisation-de-la-zone-pastorale-dans-la-region-de-maradi-un-forum-reunit-agriculteurs-et-eleveurs-a-gadabeidji","og_locale":"fr_FR","og_type":"article","og_title":"S\u00e9curisation de la zone pastorale dans la r\u00e9gion de Maradi : Un forum r\u00e9unit agriculteurs et \u00e9leveurs \u00e0 Gadabeidji","og_description":"\ufeffLe d\u00e9partement de Bermo est une zone \u00e0 vocation pastorale. L\u2019\u00e9levage qui constitue la principale activit\u00e9 des populatio ...","og_url":"https:\/\/www.africa-press.net\/niger\/toutes-les-actualites\/securisation-de-la-zone-pastorale-dans-la-region-de-maradi-un-forum-reunit-agriculteurs-et-eleveurs-a-gadabeidji","og_site_name":"niger","article_published_time":"2021-09-15T15:59:51+00:00","article_modified_time":"2021-09-15T21:50:20+00:00","og_image":[{"width":720,"height":432,"url":"https:\/\/static.africa-press.net\/niger\/sites\/40\/2021\/09\/img-614206d8b3344.jpg","type":"image\/jpeg"}],"author":"cfeditorfr","twitter_card":"summary_large_image","twitter_misc":{"\u00c9crit par":"cfeditorfr","Dur\u00e9e de lecture estim\u00e9e":"3 minutes"},"schema":{"@context":"https:\/\/schema.org","@graph":[{"@type":"Article","@id":"https:\/\/www.africa-press.net\/niger\/toutes-les-actualites\/securisation-de-la-zone-pastorale-dans-la-region-de-maradi-un-forum-reunit-agriculteurs-et-eleveurs-a-gadabeidji#article","isPartOf":{"@id":"https:\/\/www.africa-press.net\/niger\/toutes-les-actualites\/securisation-de-la-zone-pastorale-dans-la-region-de-maradi-un-forum-reunit-agriculteurs-et-eleveurs-a-gadabeidji"},"author":{"name":"cfeditorfr","@id":"https:\/\/www.africa-press.net\/niger\/#\/schema\/person\/2b1cf3cd81a31e3cd26889ca66d677f1"},"headline":"S\u00e9curisation de la zone pastorale dans la r\u00e9gion de Maradi : Un forum r\u00e9unit agriculteurs et \u00e9leveurs \u00e0 Gadabeidji","datePublished":"2021-09-15T15:59:51+00:00","dateModified":"2021-09-15T21:50:20+00:00","mainEntityOfPage":{"@id":"https:\/\/www.africa-press.net\/niger\/toutes-les-actualites\/securisation-de-la-zone-pastorale-dans-la-region-de-maradi-un-forum-reunit-agriculteurs-et-eleveurs-a-gadabeidji"},"wordCount":591,"commentCount":0,"image":{"@id":"https:\/\/www.africa-press.net\/niger\/toutes-les-actualites\/securisation-de-la-zone-pastorale-dans-la-region-de-maradi-un-forum-reunit-agriculteurs-et-eleveurs-a-gadabeidji#primaryimage"},"thumbnailUrl":"https:\/\/static.africa-press.net\/niger\/sites\/40\/2021\/09\/img-614206d8b3344.jpg","keywords":["Africa Press","Africa Press-Niger","Niger"],"articleSection":["Communaut\u00e9","homepage-french","Toutes les actualit\u00e9s"],"inLanguage":"fr-FR","potentialAction":[{"@type":"CommentAction","name":"Comment","target":["https:\/\/www.africa-press.net\/niger\/toutes-les-actualites\/securisation-de-la-zone-pastorale-dans-la-region-de-maradi-un-forum-reunit-agriculteurs-et-eleveurs-a-gadabeidji#respond"]}]},{"@type":"WebPage","@id":"https:\/\/www.africa-press.net\/niger\/toutes-les-actualites\/securisation-de-la-zone-pastorale-dans-la-region-de-maradi-un-forum-reunit-agriculteurs-et-eleveurs-a-gadabeidji","url":"https:\/\/www.africa-press.net\/niger\/toutes-les-actualites\/securisation-de-la-zone-pastorale-dans-la-region-de-maradi-un-forum-reunit-agriculteurs-et-eleveurs-a-gadabeidji","name":"S\u00e9curisation de la zone pastorale dans la r\u00e9gion de Maradi : Un forum r\u00e9unit agriculteurs et \u00e9leveurs \u00e0 Gadabeidji - niger","isPartOf":{"@id":"https:\/\/www.africa-press.net\/niger\/#website"},"primaryImageOfPage":{"@id":"https:\/\/www.africa-press.net\/niger\/toutes-les-actualites\/securisation-de-la-zone-pastorale-dans-la-region-de-maradi-un-forum-reunit-agriculteurs-et-eleveurs-a-gadabeidji#primaryimage"},"image":{"@id":"https:\/\/www.africa-press.net\/niger\/toutes-les-actualites\/securisation-de-la-zone-pastorale-dans-la-region-de-maradi-un-forum-reunit-agriculteurs-et-eleveurs-a-gadabeidji#primaryimage"},"thumbnailUrl":"https:\/\/static.africa-press.net\/niger\/sites\/40\/2021\/09\/img-614206d8b3344.jpg","datePublished":"2021-09-15T15:59:51+00:00","dateModified":"2021-09-15T21:50:20+00:00","author":{"@id":"https:\/\/www.africa-press.net\/niger\/#\/schema\/person\/2b1cf3cd81a31e3cd26889ca66d677f1"},"description":"\ufeffLe d\u00e9partement de Bermo est une zone \u00e0 vocation pastorale. L\u2019\u00e9levage qui constitue la principale activit\u00e9 des populatio ...","breadcrumb":{"@id":"https:\/\/www.africa-press.net\/niger\/toutes-les-actualites\/securisation-de-la-zone-pastorale-dans-la-region-de-maradi-un-forum-reunit-agriculteurs-et-eleveurs-a-gadabeidji#breadcrumb"},"inLanguage":"fr-FR","potentialAction":[{"@type":"ReadAction","target":["https:\/\/www.africa-press.net\/niger\/toutes-les-actualites\/securisation-de-la-zone-pastorale-dans-la-region-de-maradi-un-forum-reunit-agriculteurs-et-eleveurs-a-gadabeidji"]}]},{"@type":"ImageObject","inLanguage":"fr-FR","@id":"https:\/\/www.africa-press.net\/niger\/toutes-les-actualites\/securisation-de-la-zone-pastorale-dans-la-region-de-maradi-un-forum-reunit-agriculteurs-et-eleveurs-a-gadabeidji#primaryimage","url":"https:\/\/static.africa-press.net\/niger\/sites\/40\/2021\/09\/img-614206d8b3344.jpg","contentUrl":"https:\/\/static.africa-press.net\/niger\/sites\/40\/2021\/09\/img-614206d8b3344.jpg","width":720,"height":432,"caption":"S\u00e9curisation de la zone pastorale dans la r\u00e9gion de Maradi : Un forum r\u00e9unit agriculteurs et \u00e9leveurs \u00e0 Gadabeidji"},{"@type":"BreadcrumbList","@id":"https:\/\/www.africa-press.net\/niger\/toutes-les-actualites\/securisation-de-la-zone-pastorale-dans-la-region-de-maradi-un-forum-reunit-agriculteurs-et-eleveurs-a-gadabeidji#breadcrumb","itemListElement":[{"@type":"ListItem","position":1,"name":"Accueil","item":"https:\/\/www.africa-press.net\/niger\/"},{"@type":"ListItem","position":2,"name":"S\u00e9curisation de la zone pastorale dans la r\u00e9gion de Maradi : Un forum r\u00e9unit agriculteurs et \u00e9leveurs \u00e0 Gadabeidji"}]},{"@type":"WebSite","@id":"https:\/\/www.africa-press.net\/niger\/#website","url":"https:\/\/www.africa-press.net\/niger\/","name":"niger","description":"Just another Africa News Agency Sites site","potentialAction":[{"@type":"SearchAction","target":{"@type":"EntryPoint","urlTemplate":"https:\/\/www.africa-press.net\/niger\/?s={search_term_string}"},"query-input":{"@type":"PropertyValueSpecification","valueRequired":true,"valueName":"search_term_string"}}],"inLanguage":"fr-FR"},{"@type":"Person","@id":"https:\/\/www.africa-press.net\/niger\/#\/schema\/person\/2b1cf3cd81a31e3cd26889ca66d677f1","name":"cfeditorfr"}]}},"_links":{"self":[{"href":"https:\/\/www.africa-press.net\/niger\/wp-json\/wp\/v2\/posts\/11821","targetHints":{"allow":["GET"]}}],"collection":[{"href":"https:\/\/www.africa-press.net\/niger\/wp-json\/wp\/v2\/posts"}],"about":[{"href":"https:\/\/www.africa-press.net\/niger\/wp-json\/wp\/v2\/types\/post"}],"author":[{"embeddable":true,"href":"https:\/\/www.africa-press.net\/niger\/wp-json\/wp\/v2\/users\/82"}],"replies":[{"embeddable":true,"href":"https:\/\/www.africa-press.net\/niger\/wp-json\/wp\/v2\/comments?post=11821"}],"version-history":[{"count":0,"href":"https:\/\/www.africa-press.net\/niger\/wp-json\/wp\/v2\/posts\/11821\/revisions"}],"wp:featuredmedia":[{"embeddable":true,"href":"https:\/\/www.africa-press.net\/niger\/wp-json\/wp\/v2\/media\/11820"}],"wp:attachment":[{"href":"https:\/\/www.africa-press.net\/niger\/wp-json\/wp\/v2\/media?parent=11821"}],"wp:term":[{"taxonomy":"category","embeddable":true,"href":"https:\/\/www.africa-press.net\/niger\/wp-json\/wp\/v2\/categories?post=11821"},{"taxonomy":"post_tag","embeddable":true,"href":"https:\/\/www.africa-press.net\/niger\/wp-json\/wp\/v2\/tags?post=11821"}],"curies":[{"name":"wp","href":"https:\/\/api.w.org\/{rel}","templated":true}]}}