{"id":11836,"date":"2021-09-15T16:37:41","date_gmt":"2021-09-15T16:37:41","guid":{"rendered":"https:\/\/www.africa-press.net\/niger\/?p=11836"},"modified":"2021-09-15T21:51:09","modified_gmt":"2021-09-15T21:51:09","slug":"visite-de-lambassadeur-de-turquie-au-niger-a-lhotel-de-ville-de-niamey-des-echanges-sur-la-cooperation-decentralisee-entre-la-ville-de-niamey-et-les-villes-turques-en-vue","status":"publish","type":"post","link":"https:\/\/www.africa-press.net\/niger\/politique\/visite-de-lambassadeur-de-turquie-au-niger-a-lhotel-de-ville-de-niamey-des-echanges-sur-la-cooperation-decentralisee-entre-la-ville-de-niamey-et-les-villes-turques-en-vue","title":{"rendered":"Visite de l\u2019ambassadeur de Turquie au Niger \u00e0 l\u2019H\u00f4tel de Ville de Niamey : Des \u00e9changes sur la coop\u00e9ration d\u00e9centralis\u00e9e entre la Ville de Niamey et les villes Turques en vue"},"content":{"rendered":"<p><span style=\"color: #ff6600\"><strong><a href=\"https:\/\/www.africa-press.net\/\">Africa-Press<\/a> &#8211; <a href=\"https:\/\/www.africa-press.net\/niger\">Niger<\/a>. <\/strong><\/span>Le pr\u00e9sident du Conseil de Ville de Niamey, le d\u00e9put\u00e9 maire M. Oumarou Moumouni Dogari a rencontr\u00e9 hier matin \u00e0 l\u2019H\u00f4tel de Ville de Niamey, l\u2019ambassadeur de la R\u00e9publique de Turquie au Niger, SE. Mustafa T\u00fcrker ARI. Il s\u2019agit pour les deux personnalit\u00e9s d\u2019\u00e9changer sur l\u2019excellente relation d\u2019amiti\u00e9 et de coop\u00e9ration entre la Ville de Niamey et d\u2019autres villes de la Turquie.<\/p>\n<p>La Turquie entretient de bonnes relations avec le Niger et cette relation s\u2019est davantage renforc\u00e9e ces derni\u00e8res ann\u00e9es gr\u00e2ce \u00e0 des initiatives entreprises de part et d\u2019autres encourag\u00e9es par les autorit\u00e9s de deux pays. En plus, cette relation a \u00e9t\u00e9 marqu\u00e9e par la r\u00e9alisation de plusieurs projets notamment des infrastructures dans notre pays dont certains sont en cours. C\u2019est pourquoi lors de ces \u00e9changes avec le diplomate turc, le maire central de la Ville de Niamey a estim\u00e9 que cette visite de l\u2019ambassadeur Turque est tout \u00e0 fait naturelle aux yeux des autorit\u00e9s de la Ville de Niamey. C\u2019est ainsi qu\u2019il rappel\u00e9 l\u2019accueil chaleureux r\u00e9serv\u00e9 \u00e0 la d\u00e9l\u00e9gation de la Ville de Niamey lors de sa visite en Turquie en 2012. Ce qui a permis de nouer plusieurs contacts. Le pr\u00e9sident du Conseil de Ville de Niamey a dit que Niamey compte entreprendre d\u2019autres projets b\u00e9n\u00e9fiques dans le but de consolider ces bonnes relations entre nos deux pays.<\/p>\n<p>Abondant dans le m\u00eame sens, l\u2019ambassadeur de la R\u00e9publique de Turquie au Niger, SE. Mustafa T\u00fcrker ARI a dit que les relations entre son pays et le Niger sont multiformes et multidimensionnelles. Selon lui, l\u2019ambassade est un pont, un trait d\u2019union entre \u00abnos institutions mais aussi entre nos deux pays fr\u00e8res\u00bb. \u00abJ\u2019ai plusieurs fois visit\u00e9 l\u2019H\u00f4tel de Ville de Niamey. Je joue le r\u00f4le de facilitateur de l\u2019ambassade de la Turquie dans la promotion des activit\u00e9s sociales, culturelles et \u00e9conomiques ici m\u00eame \u00e0 Niamey\u00bb, a-t-il confi\u00e9. A ce sujet, SE. Mustafa T\u00fcrker ARI a dit avoir particip\u00e9 personnellement et physiquement \u00e0 des activit\u00e9s comme \u00e0 des s\u00e9ances de salubrit\u00e9 tout comme celles en rapport avec plusieurs institutions nig\u00e9ro turques tels que l\u2019Ecole de l\u2019Amiti\u00e9 Nig\u00e9ro-Turque ou l\u2019H\u00f4pital d\u2019Amiti\u00e9 Niger-Turquie. Par ailleurs,<\/p>\n<p>l\u2019ambassadeur de la R\u00e9publique de Turquie au Niger a dit que les contacts entre Niamey et Ankara ne se sont jamais interrompus malgr\u00e9 la pand\u00e9mie de la Covid-19.<\/p>\n<p><b>\u00a0<\/b><\/p>\n","protected":false},"excerpt":{"rendered":"<p>Africa-Press &#8211; Niger. Le pr\u00e9sident du Conseil de Ville de Niamey, le d\u00e9put\u00e9 maire M. Oumarou Moumouni Dogari a rencontr\u00e9 hier matin \u00e0 l\u2019H\u00f4tel de Ville de Niamey, l\u2019ambassadeur de la R\u00e9publique de Turquie au Niger, SE. Mustafa T\u00fcrker ARI. Il s\u2019agit pour les deux personnalit\u00e9s d\u2019\u00e9changer sur l\u2019excellente relation d\u2019amiti\u00e9 et de coop\u00e9ration entre [&hellip;]<\/p>\n","protected":false},"author":82,"featured_media":11835,"comment_status":"open","ping_status":"closed","sticky":false,"template":"","format":"standard","meta":{"footnotes":""},"categories":[11,2,20,10],"tags":[55,60,29],"class_list":["post-11836","post","type-post","status-publish","format-standard","has-post-thumbnail","hentry","category-homepage-french","category-politique","category-top-nouvelles","category-toutes-les-actualites","tag-africa-press","tag-africa-press-niger","tag-niger"],"yoast_head":"<!-- This site is optimized with the Yoast SEO Premium plugin v26.1 (Yoast SEO v27.0) - https:\/\/yoast.com\/product\/yoast-seo-premium-wordpress\/ -->\n<title>Visite de l\u2019ambassadeur de Turquie au Niger \u00e0 l\u2019H\u00f4tel de Ville de Niamey : Des \u00e9changes sur la coop\u00e9ration d\u00e9centralis\u00e9e entre la Ville de Niamey et les villes Turques en vue - niger<\/title>\n<meta name=\"description\" content=\"\ufeffLe pr\u00e9sident du Conseil de Ville de Niamey, le d\u00e9put\u00e9 maire M. Oumarou Moumouni Dogari a rencontr\u00e9 hier matin \u00e0 l\u2019H\u00f4tel ...\" \/>\n<meta name=\"robots\" content=\"index, follow, max-snippet:-1, max-image-preview:large, max-video-preview:-1\" \/>\n<link rel=\"canonical\" href=\"https:\/\/www.africa-press.net\/niger\/politique\/visite-de-lambassadeur-de-turquie-au-niger-a-lhotel-de-ville-de-niamey-des-echanges-sur-la-cooperation-decentralisee-entre-la-ville-de-niamey-et-les-villes-turques-en-vue\" \/>\n<meta property=\"og:locale\" content=\"fr_FR\" \/>\n<meta property=\"og:type\" content=\"article\" \/>\n<meta property=\"og:title\" content=\"Visite de l\u2019ambassadeur de Turquie au Niger \u00e0 l\u2019H\u00f4tel de Ville de Niamey : Des \u00e9changes sur la coop\u00e9ration d\u00e9centralis\u00e9e entre la Ville de Niamey et les villes Turques en vue\" \/>\n<meta property=\"og:description\" content=\"\ufeffLe pr\u00e9sident du Conseil de Ville de Niamey, le d\u00e9put\u00e9 maire M. Oumarou Moumouni Dogari a rencontr\u00e9 hier matin \u00e0 l\u2019H\u00f4tel ...\" \/>\n<meta property=\"og:url\" content=\"https:\/\/www.africa-press.net\/niger\/politique\/visite-de-lambassadeur-de-turquie-au-niger-a-lhotel-de-ville-de-niamey-des-echanges-sur-la-cooperation-decentralisee-entre-la-ville-de-niamey-et-les-villes-turques-en-vue\" \/>\n<meta property=\"og:site_name\" content=\"niger\" \/>\n<meta property=\"article:published_time\" content=\"2021-09-15T16:37:41+00:00\" \/>\n<meta property=\"article:modified_time\" content=\"2021-09-15T21:51:09+00:00\" \/>\n<meta property=\"og:image\" content=\"https:\/\/static.africa-press.net\/niger\/sites\/40\/2021\/09\/img-6142078223c19.jpg\" \/>\n\t<meta property=\"og:image:width\" content=\"720\" \/>\n\t<meta property=\"og:image:height\" content=\"427\" \/>\n\t<meta property=\"og:image:type\" content=\"image\/jpeg\" \/>\n<meta name=\"author\" content=\"cfeditorfr\" \/>\n<meta name=\"twitter:card\" content=\"summary_large_image\" \/>\n<meta name=\"twitter:label1\" content=\"\u00c9crit par\" \/>\n\t<meta name=\"twitter:data1\" content=\"cfeditorfr\" \/>\n\t<meta name=\"twitter:label2\" content=\"Dur\u00e9e de lecture estim\u00e9e\" \/>\n\t<meta name=\"twitter:data2\" content=\"2 minutes\" \/>\n<script type=\"application\/ld+json\" class=\"yoast-schema-graph\">{\"@context\":\"https:\/\/schema.org\",\"@graph\":[{\"@type\":\"Article\",\"@id\":\"https:\/\/www.africa-press.net\/niger\/politique\/visite-de-lambassadeur-de-turquie-au-niger-a-lhotel-de-ville-de-niamey-des-echanges-sur-la-cooperation-decentralisee-entre-la-ville-de-niamey-et-les-villes-turques-en-vue#article\",\"isPartOf\":{\"@id\":\"https:\/\/www.africa-press.net\/niger\/politique\/visite-de-lambassadeur-de-turquie-au-niger-a-lhotel-de-ville-de-niamey-des-echanges-sur-la-cooperation-decentralisee-entre-la-ville-de-niamey-et-les-villes-turques-en-vue\"},\"author\":{\"name\":\"cfeditorfr\",\"@id\":\"https:\/\/www.africa-press.net\/niger\/#\/schema\/person\/2b1cf3cd81a31e3cd26889ca66d677f1\"},\"headline\":\"Visite de l\u2019ambassadeur de Turquie au Niger \u00e0 l\u2019H\u00f4tel de Ville de Niamey : Des \u00e9changes sur la coop\u00e9ration d\u00e9centralis\u00e9e entre la Ville de Niamey et les villes Turques en vue\",\"datePublished\":\"2021-09-15T16:37:41+00:00\",\"dateModified\":\"2021-09-15T21:51:09+00:00\",\"mainEntityOfPage\":{\"@id\":\"https:\/\/www.africa-press.net\/niger\/politique\/visite-de-lambassadeur-de-turquie-au-niger-a-lhotel-de-ville-de-niamey-des-echanges-sur-la-cooperation-decentralisee-entre-la-ville-de-niamey-et-les-villes-turques-en-vue\"},\"wordCount\":473,\"commentCount\":0,\"image\":{\"@id\":\"https:\/\/www.africa-press.net\/niger\/politique\/visite-de-lambassadeur-de-turquie-au-niger-a-lhotel-de-ville-de-niamey-des-echanges-sur-la-cooperation-decentralisee-entre-la-ville-de-niamey-et-les-villes-turques-en-vue#primaryimage\"},\"thumbnailUrl\":\"https:\/\/static.africa-press.net\/niger\/sites\/40\/2021\/09\/img-6142078223c19.jpg\",\"keywords\":[\"Africa Press\",\"Africa Press-Niger\",\"Niger\"],\"articleSection\":[\"homepage-french\",\"Politique\",\"Top Nouvelles\",\"Toutes les actualit\u00e9s\"],\"inLanguage\":\"fr-FR\",\"potentialAction\":[{\"@type\":\"CommentAction\",\"name\":\"Comment\",\"target\":[\"https:\/\/www.africa-press.net\/niger\/politique\/visite-de-lambassadeur-de-turquie-au-niger-a-lhotel-de-ville-de-niamey-des-echanges-sur-la-cooperation-decentralisee-entre-la-ville-de-niamey-et-les-villes-turques-en-vue#respond\"]}]},{\"@type\":\"WebPage\",\"@id\":\"https:\/\/www.africa-press.net\/niger\/politique\/visite-de-lambassadeur-de-turquie-au-niger-a-lhotel-de-ville-de-niamey-des-echanges-sur-la-cooperation-decentralisee-entre-la-ville-de-niamey-et-les-villes-turques-en-vue\",\"url\":\"https:\/\/www.africa-press.net\/niger\/politique\/visite-de-lambassadeur-de-turquie-au-niger-a-lhotel-de-ville-de-niamey-des-echanges-sur-la-cooperation-decentralisee-entre-la-ville-de-niamey-et-les-villes-turques-en-vue\",\"name\":\"Visite de l\u2019ambassadeur de Turquie au Niger \u00e0 l\u2019H\u00f4tel de Ville de Niamey : Des \u00e9changes sur la coop\u00e9ration d\u00e9centralis\u00e9e entre la Ville de Niamey et les villes Turques en vue - niger\",\"isPartOf\":{\"@id\":\"https:\/\/www.africa-press.net\/niger\/#website\"},\"primaryImageOfPage\":{\"@id\":\"https:\/\/www.africa-press.net\/niger\/politique\/visite-de-lambassadeur-de-turquie-au-niger-a-lhotel-de-ville-de-niamey-des-echanges-sur-la-cooperation-decentralisee-entre-la-ville-de-niamey-et-les-villes-turques-en-vue#primaryimage\"},\"image\":{\"@id\":\"https:\/\/www.africa-press.net\/niger\/politique\/visite-de-lambassadeur-de-turquie-au-niger-a-lhotel-de-ville-de-niamey-des-echanges-sur-la-cooperation-decentralisee-entre-la-ville-de-niamey-et-les-villes-turques-en-vue#primaryimage\"},\"thumbnailUrl\":\"https:\/\/static.africa-press.net\/niger\/sites\/40\/2021\/09\/img-6142078223c19.jpg\",\"datePublished\":\"2021-09-15T16:37:41+00:00\",\"dateModified\":\"2021-09-15T21:51:09+00:00\",\"author\":{\"@id\":\"https:\/\/www.africa-press.net\/niger\/#\/schema\/person\/2b1cf3cd81a31e3cd26889ca66d677f1\"},\"description\":\"\ufeffLe pr\u00e9sident du Conseil de Ville de Niamey, le d\u00e9put\u00e9 maire M. Oumarou Moumouni Dogari a rencontr\u00e9 hier matin \u00e0 l\u2019H\u00f4tel ...\",\"breadcrumb\":{\"@id\":\"https:\/\/www.africa-press.net\/niger\/politique\/visite-de-lambassadeur-de-turquie-au-niger-a-lhotel-de-ville-de-niamey-des-echanges-sur-la-cooperation-decentralisee-entre-la-ville-de-niamey-et-les-villes-turques-en-vue#breadcrumb\"},\"inLanguage\":\"fr-FR\",\"potentialAction\":[{\"@type\":\"ReadAction\",\"target\":[\"https:\/\/www.africa-press.net\/niger\/politique\/visite-de-lambassadeur-de-turquie-au-niger-a-lhotel-de-ville-de-niamey-des-echanges-sur-la-cooperation-decentralisee-entre-la-ville-de-niamey-et-les-villes-turques-en-vue\"]}]},{\"@type\":\"ImageObject\",\"inLanguage\":\"fr-FR\",\"@id\":\"https:\/\/www.africa-press.net\/niger\/politique\/visite-de-lambassadeur-de-turquie-au-niger-a-lhotel-de-ville-de-niamey-des-echanges-sur-la-cooperation-decentralisee-entre-la-ville-de-niamey-et-les-villes-turques-en-vue#primaryimage\",\"url\":\"https:\/\/static.africa-press.net\/niger\/sites\/40\/2021\/09\/img-6142078223c19.jpg\",\"contentUrl\":\"https:\/\/static.africa-press.net\/niger\/sites\/40\/2021\/09\/img-6142078223c19.jpg\",\"width\":720,\"height\":427,\"caption\":\"Visite de l\u2019ambassadeur de Turquie au Niger \u00e0 l\u2019H\u00f4tel de Ville de Niamey : Des \u00e9changes sur la coop\u00e9ration d\u00e9centralis\u00e9e entre la Ville de Niamey et les villes Turques en vue\"},{\"@type\":\"BreadcrumbList\",\"@id\":\"https:\/\/www.africa-press.net\/niger\/politique\/visite-de-lambassadeur-de-turquie-au-niger-a-lhotel-de-ville-de-niamey-des-echanges-sur-la-cooperation-decentralisee-entre-la-ville-de-niamey-et-les-villes-turques-en-vue#breadcrumb\",\"itemListElement\":[{\"@type\":\"ListItem\",\"position\":1,\"name\":\"Accueil\",\"item\":\"https:\/\/www.africa-press.net\/niger\/\"},{\"@type\":\"ListItem\",\"position\":2,\"name\":\"Visite de l\u2019ambassadeur de Turquie au Niger \u00e0 l\u2019H\u00f4tel de Ville de Niamey : Des \u00e9changes sur la coop\u00e9ration d\u00e9centralis\u00e9e entre la Ville de Niamey et les villes Turques en vue\"}]},{\"@type\":\"WebSite\",\"@id\":\"https:\/\/www.africa-press.net\/niger\/#website\",\"url\":\"https:\/\/www.africa-press.net\/niger\/\",\"name\":\"niger\",\"description\":\"Just another Africa News Agency Sites site\",\"potentialAction\":[{\"@type\":\"SearchAction\",\"target\":{\"@type\":\"EntryPoint\",\"urlTemplate\":\"https:\/\/www.africa-press.net\/niger\/?s={search_term_string}\"},\"query-input\":{\"@type\":\"PropertyValueSpecification\",\"valueRequired\":true,\"valueName\":\"search_term_string\"}}],\"inLanguage\":\"fr-FR\"},{\"@type\":\"Person\",\"@id\":\"https:\/\/www.africa-press.net\/niger\/#\/schema\/person\/2b1cf3cd81a31e3cd26889ca66d677f1\",\"name\":\"cfeditorfr\"}]}<\/script>\n<!-- \/ Yoast SEO Premium plugin. -->","yoast_head_json":{"title":"Visite de l\u2019ambassadeur de Turquie au Niger \u00e0 l\u2019H\u00f4tel de Ville de Niamey : Des \u00e9changes sur la coop\u00e9ration d\u00e9centralis\u00e9e entre la Ville de Niamey et les villes Turques en vue - niger","description":"\ufeffLe pr\u00e9sident du Conseil de Ville de Niamey, le d\u00e9put\u00e9 maire M. Oumarou Moumouni Dogari a rencontr\u00e9 hier matin \u00e0 l\u2019H\u00f4tel ...","robots":{"index":"index","follow":"follow","max-snippet":"max-snippet:-1","max-image-preview":"max-image-preview:large","max-video-preview":"max-video-preview:-1"},"canonical":"https:\/\/www.africa-press.net\/niger\/politique\/visite-de-lambassadeur-de-turquie-au-niger-a-lhotel-de-ville-de-niamey-des-echanges-sur-la-cooperation-decentralisee-entre-la-ville-de-niamey-et-les-villes-turques-en-vue","og_locale":"fr_FR","og_type":"article","og_title":"Visite de l\u2019ambassadeur de Turquie au Niger \u00e0 l\u2019H\u00f4tel de Ville de Niamey : Des \u00e9changes sur la coop\u00e9ration d\u00e9centralis\u00e9e entre la Ville de Niamey et les villes Turques en vue","og_description":"\ufeffLe pr\u00e9sident du Conseil de Ville de Niamey, le d\u00e9put\u00e9 maire M. Oumarou Moumouni Dogari a rencontr\u00e9 hier matin \u00e0 l\u2019H\u00f4tel ...","og_url":"https:\/\/www.africa-press.net\/niger\/politique\/visite-de-lambassadeur-de-turquie-au-niger-a-lhotel-de-ville-de-niamey-des-echanges-sur-la-cooperation-decentralisee-entre-la-ville-de-niamey-et-les-villes-turques-en-vue","og_site_name":"niger","article_published_time":"2021-09-15T16:37:41+00:00","article_modified_time":"2021-09-15T21:51:09+00:00","og_image":[{"width":720,"height":427,"url":"https:\/\/static.africa-press.net\/niger\/sites\/40\/2021\/09\/img-6142078223c19.jpg","type":"image\/jpeg"}],"author":"cfeditorfr","twitter_card":"summary_large_image","twitter_misc":{"\u00c9crit par":"cfeditorfr","Dur\u00e9e de lecture estim\u00e9e":"2 minutes"},"schema":{"@context":"https:\/\/schema.org","@graph":[{"@type":"Article","@id":"https:\/\/www.africa-press.net\/niger\/politique\/visite-de-lambassadeur-de-turquie-au-niger-a-lhotel-de-ville-de-niamey-des-echanges-sur-la-cooperation-decentralisee-entre-la-ville-de-niamey-et-les-villes-turques-en-vue#article","isPartOf":{"@id":"https:\/\/www.africa-press.net\/niger\/politique\/visite-de-lambassadeur-de-turquie-au-niger-a-lhotel-de-ville-de-niamey-des-echanges-sur-la-cooperation-decentralisee-entre-la-ville-de-niamey-et-les-villes-turques-en-vue"},"author":{"name":"cfeditorfr","@id":"https:\/\/www.africa-press.net\/niger\/#\/schema\/person\/2b1cf3cd81a31e3cd26889ca66d677f1"},"headline":"Visite de l\u2019ambassadeur de Turquie au Niger \u00e0 l\u2019H\u00f4tel de Ville de Niamey : Des \u00e9changes sur la coop\u00e9ration d\u00e9centralis\u00e9e entre la Ville de Niamey et les villes Turques en vue","datePublished":"2021-09-15T16:37:41+00:00","dateModified":"2021-09-15T21:51:09+00:00","mainEntityOfPage":{"@id":"https:\/\/www.africa-press.net\/niger\/politique\/visite-de-lambassadeur-de-turquie-au-niger-a-lhotel-de-ville-de-niamey-des-echanges-sur-la-cooperation-decentralisee-entre-la-ville-de-niamey-et-les-villes-turques-en-vue"},"wordCount":473,"commentCount":0,"image":{"@id":"https:\/\/www.africa-press.net\/niger\/politique\/visite-de-lambassadeur-de-turquie-au-niger-a-lhotel-de-ville-de-niamey-des-echanges-sur-la-cooperation-decentralisee-entre-la-ville-de-niamey-et-les-villes-turques-en-vue#primaryimage"},"thumbnailUrl":"https:\/\/static.africa-press.net\/niger\/sites\/40\/2021\/09\/img-6142078223c19.jpg","keywords":["Africa Press","Africa Press-Niger","Niger"],"articleSection":["homepage-french","Politique","Top Nouvelles","Toutes les actualit\u00e9s"],"inLanguage":"fr-FR","potentialAction":[{"@type":"CommentAction","name":"Comment","target":["https:\/\/www.africa-press.net\/niger\/politique\/visite-de-lambassadeur-de-turquie-au-niger-a-lhotel-de-ville-de-niamey-des-echanges-sur-la-cooperation-decentralisee-entre-la-ville-de-niamey-et-les-villes-turques-en-vue#respond"]}]},{"@type":"WebPage","@id":"https:\/\/www.africa-press.net\/niger\/politique\/visite-de-lambassadeur-de-turquie-au-niger-a-lhotel-de-ville-de-niamey-des-echanges-sur-la-cooperation-decentralisee-entre-la-ville-de-niamey-et-les-villes-turques-en-vue","url":"https:\/\/www.africa-press.net\/niger\/politique\/visite-de-lambassadeur-de-turquie-au-niger-a-lhotel-de-ville-de-niamey-des-echanges-sur-la-cooperation-decentralisee-entre-la-ville-de-niamey-et-les-villes-turques-en-vue","name":"Visite de l\u2019ambassadeur de Turquie au Niger \u00e0 l\u2019H\u00f4tel de Ville de Niamey : Des \u00e9changes sur la coop\u00e9ration d\u00e9centralis\u00e9e entre la Ville de Niamey et les villes Turques en vue - niger","isPartOf":{"@id":"https:\/\/www.africa-press.net\/niger\/#website"},"primaryImageOfPage":{"@id":"https:\/\/www.africa-press.net\/niger\/politique\/visite-de-lambassadeur-de-turquie-au-niger-a-lhotel-de-ville-de-niamey-des-echanges-sur-la-cooperation-decentralisee-entre-la-ville-de-niamey-et-les-villes-turques-en-vue#primaryimage"},"image":{"@id":"https:\/\/www.africa-press.net\/niger\/politique\/visite-de-lambassadeur-de-turquie-au-niger-a-lhotel-de-ville-de-niamey-des-echanges-sur-la-cooperation-decentralisee-entre-la-ville-de-niamey-et-les-villes-turques-en-vue#primaryimage"},"thumbnailUrl":"https:\/\/static.africa-press.net\/niger\/sites\/40\/2021\/09\/img-6142078223c19.jpg","datePublished":"2021-09-15T16:37:41+00:00","dateModified":"2021-09-15T21:51:09+00:00","author":{"@id":"https:\/\/www.africa-press.net\/niger\/#\/schema\/person\/2b1cf3cd81a31e3cd26889ca66d677f1"},"description":"\ufeffLe pr\u00e9sident du Conseil de Ville de Niamey, le d\u00e9put\u00e9 maire M. Oumarou Moumouni Dogari a rencontr\u00e9 hier matin \u00e0 l\u2019H\u00f4tel ...","breadcrumb":{"@id":"https:\/\/www.africa-press.net\/niger\/politique\/visite-de-lambassadeur-de-turquie-au-niger-a-lhotel-de-ville-de-niamey-des-echanges-sur-la-cooperation-decentralisee-entre-la-ville-de-niamey-et-les-villes-turques-en-vue#breadcrumb"},"inLanguage":"fr-FR","potentialAction":[{"@type":"ReadAction","target":["https:\/\/www.africa-press.net\/niger\/politique\/visite-de-lambassadeur-de-turquie-au-niger-a-lhotel-de-ville-de-niamey-des-echanges-sur-la-cooperation-decentralisee-entre-la-ville-de-niamey-et-les-villes-turques-en-vue"]}]},{"@type":"ImageObject","inLanguage":"fr-FR","@id":"https:\/\/www.africa-press.net\/niger\/politique\/visite-de-lambassadeur-de-turquie-au-niger-a-lhotel-de-ville-de-niamey-des-echanges-sur-la-cooperation-decentralisee-entre-la-ville-de-niamey-et-les-villes-turques-en-vue#primaryimage","url":"https:\/\/static.africa-press.net\/niger\/sites\/40\/2021\/09\/img-6142078223c19.jpg","contentUrl":"https:\/\/static.africa-press.net\/niger\/sites\/40\/2021\/09\/img-6142078223c19.jpg","width":720,"height":427,"caption":"Visite de l\u2019ambassadeur de Turquie au Niger \u00e0 l\u2019H\u00f4tel de Ville de Niamey : Des \u00e9changes sur la coop\u00e9ration d\u00e9centralis\u00e9e entre la Ville de Niamey et les villes Turques en vue"},{"@type":"BreadcrumbList","@id":"https:\/\/www.africa-press.net\/niger\/politique\/visite-de-lambassadeur-de-turquie-au-niger-a-lhotel-de-ville-de-niamey-des-echanges-sur-la-cooperation-decentralisee-entre-la-ville-de-niamey-et-les-villes-turques-en-vue#breadcrumb","itemListElement":[{"@type":"ListItem","position":1,"name":"Accueil","item":"https:\/\/www.africa-press.net\/niger\/"},{"@type":"ListItem","position":2,"name":"Visite de l\u2019ambassadeur de Turquie au Niger \u00e0 l\u2019H\u00f4tel de Ville de Niamey : Des \u00e9changes sur la coop\u00e9ration d\u00e9centralis\u00e9e entre la Ville de Niamey et les villes Turques en vue"}]},{"@type":"WebSite","@id":"https:\/\/www.africa-press.net\/niger\/#website","url":"https:\/\/www.africa-press.net\/niger\/","name":"niger","description":"Just another Africa News Agency Sites site","potentialAction":[{"@type":"SearchAction","target":{"@type":"EntryPoint","urlTemplate":"https:\/\/www.africa-press.net\/niger\/?s={search_term_string}"},"query-input":{"@type":"PropertyValueSpecification","valueRequired":true,"valueName":"search_term_string"}}],"inLanguage":"fr-FR"},{"@type":"Person","@id":"https:\/\/www.africa-press.net\/niger\/#\/schema\/person\/2b1cf3cd81a31e3cd26889ca66d677f1","name":"cfeditorfr"}]}},"_links":{"self":[{"href":"https:\/\/www.africa-press.net\/niger\/wp-json\/wp\/v2\/posts\/11836","targetHints":{"allow":["GET"]}}],"collection":[{"href":"https:\/\/www.africa-press.net\/niger\/wp-json\/wp\/v2\/posts"}],"about":[{"href":"https:\/\/www.africa-press.net\/niger\/wp-json\/wp\/v2\/types\/post"}],"author":[{"embeddable":true,"href":"https:\/\/www.africa-press.net\/niger\/wp-json\/wp\/v2\/users\/82"}],"replies":[{"embeddable":true,"href":"https:\/\/www.africa-press.net\/niger\/wp-json\/wp\/v2\/comments?post=11836"}],"version-history":[{"count":0,"href":"https:\/\/www.africa-press.net\/niger\/wp-json\/wp\/v2\/posts\/11836\/revisions"}],"wp:featuredmedia":[{"embeddable":true,"href":"https:\/\/www.africa-press.net\/niger\/wp-json\/wp\/v2\/media\/11835"}],"wp:attachment":[{"href":"https:\/\/www.africa-press.net\/niger\/wp-json\/wp\/v2\/media?parent=11836"}],"wp:term":[{"taxonomy":"category","embeddable":true,"href":"https:\/\/www.africa-press.net\/niger\/wp-json\/wp\/v2\/categories?post=11836"},{"taxonomy":"post_tag","embeddable":true,"href":"https:\/\/www.africa-press.net\/niger\/wp-json\/wp\/v2\/tags?post=11836"}],"curies":[{"name":"wp","href":"https:\/\/api.w.org\/{rel}","templated":true}]}}