{"id":11839,"date":"2021-09-15T16:41:14","date_gmt":"2021-09-15T16:41:14","guid":{"rendered":"https:\/\/www.africa-press.net\/niger\/?p=11839"},"modified":"2021-10-03T20:21:36","modified_gmt":"2021-10-03T20:21:36","slug":"au-cabinet-du-premier-ministre-le-chef-du-gouvernement-preside-une-reunion-de-travail-avec-une-delegation-de-la-societe-financiere-internationale-sfi","status":"publish","type":"post","link":"https:\/\/www.africa-press.net\/niger\/dossiers\/au-cabinet-du-premier-ministre-le-chef-du-gouvernement-preside-une-reunion-de-travail-avec-une-delegation-de-la-societe-financiere-internationale-sfi","title":{"rendered":"Au cabinet du Premier Ministre : Le Chef du gouvernement pr\u00e9side une r\u00e9union de travail avec une d\u00e9l\u00e9gation de la Soci\u00e9t\u00e9 financi\u00e8re internationale (SFI)"},"content":{"rendered":"<p><span style=\"color: #ff6600\"><strong><a href=\"https:\/\/www.africa-press.net\/\">Africa-Press<\/a> &#8211; <a href=\"https:\/\/www.africa-press.net\/niger\">Niger<\/a>. <\/strong><\/span>Le Premier Ministre Ouhoumoudou Mahamadou a pr\u00e9sid\u00e9 hier dans l\u2019apr\u00e8s-midi, une r\u00e9union de travail entre le gouvernement et une d\u00e9l\u00e9gation de la Soci\u00e9t\u00e9 financi\u00e8re internationale (SFI) conduite par son vice-pr\u00e9sident pour l\u2019Afrique, M. Sergio Pimenta. Cette rencontre a permis \u00e0 la partie nig\u00e9rienne d\u2019exposer ses priorit\u00e9s et ses attentes \u00e0 l\u2019endroit de la SFI qui dispose d\u2019une forte capacit\u00e9 de mobilisation des ressources techniques et financi\u00e8res. La d\u00e9l\u00e9gation nig\u00e9rienne \u00e0 cette rencontre est compos\u00e9e d\u2019une quinzaine de membres du Gouvernement et de cadres de l\u2019administration. Suites aux \u00e9changes fructueux, les deux (2) parties ont convenu de nombreuses actions concr\u00e8tes \u00e0 mener.<\/p>\n<p>Pour le Premier Ministre,<\/p>\n<p>M. Ouhoumoudou Mahamadou, cette visite de la d\u00e9l\u00e9gation de la Soci\u00e9t\u00e9 financi\u00e8re internationale (SFI) au Niger d\u00e9montre toute l\u2019importance que cette structure financi\u00e8re accorde \u00e0 notre pays. \u00abC\u2019est dire que la SFI accorde un grand int\u00e9r\u00eat au d\u00e9veloppement \u00e9conomique et social du Niger en particulier et des pays du Sahel\u00bb en g\u00e9n\u00e9ral, ajoute-t-il. Le Chef du Gouvernement rappelle que depuis la mise en \u0153uvre de la feuille de route adopt\u00e9e par les deux (2) parties il y\u2019a de cela quelques ann\u00e9es, le Niger a b\u00e9n\u00e9fici\u00e9 de lignes de cr\u00e9dits pour accompagner les op\u00e9rateurs \u00e9conomiques. C\u2019est aussi cela, estime-t-il, qui a conduit \u00e0 l\u2019ouverture du bureau de la SFI `au Niger \u00abpour renforcer davantage la proximit\u00e9\u00bb.<\/p>\n<p>La visite du Vice-pr\u00e9sident de la SFI pour l\u2019Afrique intervient dans un contexte o\u00f9, en plus de l\u2019adoption de la D\u00e9claration de Politique G\u00e9n\u00e9rale du Gouvernement, la pr\u00e9paration du nouveau Plan de D\u00e9veloppement Economique et Social (PDES) est \u00e0 un stade avanc\u00e9. \u00abC\u2019est donc une occasion idoine pour passer en revue les priorit\u00e9s de notre pays afin qu\u2019elles soient d\u2019une part incorpor\u00e9es et pr\u00e9cis\u00e9es dans le plan de d\u00e9veloppement \u00e9conomique et social, mais aussi pour que la SFI puisse nous accompagner \u00e0 les am\u00e9liorer davantage, \u00e0 les pr\u00e9senter pour une meilleure d\u00e9fense et \u00e0 nous accompagner dans le financement de ce projet, en particulier le financement du secteur priv\u00e9\u00bb, pr\u00e9cise SE Ouhoumoudou Mahamadou. Il a par ailleurs d\u00e9clar\u00e9 que parmi les sept priorit\u00e9s contenues dans la D\u00e9claration de politique g\u00e9n\u00e9rale du Gouvernement, la bonne Gouvernance, la promotion du monde rural, la promotion du secteur priv\u00e9 et le d\u00e9veloppement des infrastructures sont des th\u00e8mes qui int\u00e9ressent profond\u00e9ment les deux parties.<\/p>\n<p>A la suite de la pr\u00e9sentation des priorit\u00e9s du Gouvernement par le ministre du Plan d\u00e9l\u00e9gu\u00e9 par ses paires pour l\u2019occasion, des \u00e9changes constructifs ont eu lieu entre les membres des d\u00e9l\u00e9gations pr\u00e9sentes.<\/p>\n<p>Le Vice-pr\u00e9sident de la SFI pour l\u2019Afrique qui a eu un entretien en t\u00eate-\u00e0-t\u00eate avec le Premier Ministre quelques instants avant la r\u00e9union, a r\u00e9affirm\u00e9 la volont\u00e9 de sa structure \u00e0 accompagner le gouvernement \u00e0 r\u00e9aliser son ambition de transformer le pays et d\u2019en faire un pays prosp\u00e8re, comme souhait\u00e9 par les autorit\u00e9s.<\/p>\n<p>A la fin des \u00e9changes, le Premier mi nistre Ouhoumoudou Mahamadou et ses invit\u00e9s se sont transport\u00e9s sur le site du nouveau si\u00e8ge de la SFI pour proc\u00e9der \u00e0 son inauguration.<\/p>\n<p><b>\u00a0<\/b><\/p>\n","protected":false},"excerpt":{"rendered":"<p>Africa-Press &#8211; Niger. Le Premier Ministre Ouhoumoudou Mahamadou a pr\u00e9sid\u00e9 hier dans l\u2019apr\u00e8s-midi, une r\u00e9union de travail entre le gouvernement et une d\u00e9l\u00e9gation de la Soci\u00e9t\u00e9 financi\u00e8re internationale (SFI) conduite par son vice-pr\u00e9sident pour l\u2019Afrique, M. Sergio Pimenta. Cette rencontre a permis \u00e0 la partie nig\u00e9rienne d\u2019exposer ses priorit\u00e9s et ses attentes \u00e0 l\u2019endroit de [&hellip;]<\/p>\n","protected":false},"author":82,"featured_media":11838,"comment_status":"open","ping_status":"closed","sticky":false,"template":"","format":"standard","meta":{"footnotes":""},"categories":[7,11,2,10],"tags":[55,60,29],"class_list":["post-11839","post","type-post","status-publish","format-standard","has-post-thumbnail","hentry","category-dossiers","category-homepage-french","category-politique","category-toutes-les-actualites","tag-africa-press","tag-africa-press-niger","tag-niger"],"yoast_head":"<!-- This site is optimized with the Yoast SEO Premium plugin v26.1 (Yoast SEO v27.0) - https:\/\/yoast.com\/product\/yoast-seo-premium-wordpress\/ -->\n<title>Au cabinet du Premier Ministre : Le Chef du gouvernement pr\u00e9side une r\u00e9union de travail avec une d\u00e9l\u00e9gation de la Soci\u00e9t\u00e9 financi\u00e8re internationale (SFI) - niger<\/title>\n<meta name=\"description\" content=\"\ufeffLe Premier Ministre Ouhoumoudou Mahamadou a pr\u00e9sid\u00e9 hier dans l\u2019apr\u00e8s-midi, une r\u00e9union de travail entre le gouvernemen ...\" \/>\n<meta name=\"robots\" content=\"index, follow, max-snippet:-1, max-image-preview:large, max-video-preview:-1\" \/>\n<link rel=\"canonical\" href=\"https:\/\/www.africa-press.net\/niger\/dossiers\/au-cabinet-du-premier-ministre-le-chef-du-gouvernement-preside-une-reunion-de-travail-avec-une-delegation-de-la-societe-financiere-internationale-sfi\" \/>\n<meta property=\"og:locale\" content=\"fr_FR\" \/>\n<meta property=\"og:type\" content=\"article\" \/>\n<meta property=\"og:title\" content=\"Au cabinet du Premier Ministre : Le Chef du gouvernement pr\u00e9side une r\u00e9union de travail avec une d\u00e9l\u00e9gation de la Soci\u00e9t\u00e9 financi\u00e8re internationale (SFI)\" \/>\n<meta property=\"og:description\" content=\"\ufeffLe Premier Ministre Ouhoumoudou Mahamadou a pr\u00e9sid\u00e9 hier dans l\u2019apr\u00e8s-midi, une r\u00e9union de travail entre le gouvernemen ...\" \/>\n<meta property=\"og:url\" content=\"https:\/\/www.africa-press.net\/niger\/dossiers\/au-cabinet-du-premier-ministre-le-chef-du-gouvernement-preside-une-reunion-de-travail-avec-une-delegation-de-la-societe-financiere-internationale-sfi\" \/>\n<meta property=\"og:site_name\" content=\"niger\" \/>\n<meta property=\"article:published_time\" content=\"2021-09-15T16:41:14+00:00\" \/>\n<meta property=\"article:modified_time\" content=\"2021-10-03T20:21:36+00:00\" \/>\n<meta property=\"og:image\" content=\"https:\/\/static.africa-press.net\/niger\/sites\/40\/2021\/09\/img-614207a3c195d.jpg\" \/>\n\t<meta property=\"og:image:width\" content=\"720\" \/>\n\t<meta property=\"og:image:height\" content=\"425\" \/>\n\t<meta property=\"og:image:type\" content=\"image\/jpeg\" \/>\n<meta name=\"author\" content=\"cfeditorfr\" \/>\n<meta name=\"twitter:card\" content=\"summary_large_image\" \/>\n<meta name=\"twitter:label1\" content=\"\u00c9crit par\" \/>\n\t<meta name=\"twitter:data1\" content=\"cfeditorfr\" \/>\n\t<meta name=\"twitter:label2\" content=\"Dur\u00e9e de lecture estim\u00e9e\" \/>\n\t<meta name=\"twitter:data2\" content=\"3 minutes\" \/>\n<script type=\"application\/ld+json\" class=\"yoast-schema-graph\">{\"@context\":\"https:\/\/schema.org\",\"@graph\":[{\"@type\":\"Article\",\"@id\":\"https:\/\/www.africa-press.net\/niger\/dossiers\/au-cabinet-du-premier-ministre-le-chef-du-gouvernement-preside-une-reunion-de-travail-avec-une-delegation-de-la-societe-financiere-internationale-sfi#article\",\"isPartOf\":{\"@id\":\"https:\/\/www.africa-press.net\/niger\/dossiers\/au-cabinet-du-premier-ministre-le-chef-du-gouvernement-preside-une-reunion-de-travail-avec-une-delegation-de-la-societe-financiere-internationale-sfi\"},\"author\":{\"name\":\"cfeditorfr\",\"@id\":\"https:\/\/www.africa-press.net\/niger\/#\/schema\/person\/2b1cf3cd81a31e3cd26889ca66d677f1\"},\"headline\":\"Au cabinet du Premier Ministre : Le Chef du gouvernement pr\u00e9side une r\u00e9union de travail avec une d\u00e9l\u00e9gation de la Soci\u00e9t\u00e9 financi\u00e8re internationale (SFI)\",\"datePublished\":\"2021-09-15T16:41:14+00:00\",\"dateModified\":\"2021-10-03T20:21:36+00:00\",\"mainEntityOfPage\":{\"@id\":\"https:\/\/www.africa-press.net\/niger\/dossiers\/au-cabinet-du-premier-ministre-le-chef-du-gouvernement-preside-une-reunion-de-travail-avec-une-delegation-de-la-societe-financiere-internationale-sfi\"},\"wordCount\":610,\"commentCount\":0,\"image\":{\"@id\":\"https:\/\/www.africa-press.net\/niger\/dossiers\/au-cabinet-du-premier-ministre-le-chef-du-gouvernement-preside-une-reunion-de-travail-avec-une-delegation-de-la-societe-financiere-internationale-sfi#primaryimage\"},\"thumbnailUrl\":\"https:\/\/static.africa-press.net\/niger\/sites\/40\/2021\/09\/img-614207a3c195d.jpg\",\"keywords\":[\"Africa Press\",\"Africa Press-Niger\",\"Niger\"],\"articleSection\":[\"Dossiers\",\"homepage-french\",\"Politique\",\"Toutes les actualit\u00e9s\"],\"inLanguage\":\"fr-FR\",\"potentialAction\":[{\"@type\":\"CommentAction\",\"name\":\"Comment\",\"target\":[\"https:\/\/www.africa-press.net\/niger\/dossiers\/au-cabinet-du-premier-ministre-le-chef-du-gouvernement-preside-une-reunion-de-travail-avec-une-delegation-de-la-societe-financiere-internationale-sfi#respond\"]}]},{\"@type\":\"WebPage\",\"@id\":\"https:\/\/www.africa-press.net\/niger\/dossiers\/au-cabinet-du-premier-ministre-le-chef-du-gouvernement-preside-une-reunion-de-travail-avec-une-delegation-de-la-societe-financiere-internationale-sfi\",\"url\":\"https:\/\/www.africa-press.net\/niger\/dossiers\/au-cabinet-du-premier-ministre-le-chef-du-gouvernement-preside-une-reunion-de-travail-avec-une-delegation-de-la-societe-financiere-internationale-sfi\",\"name\":\"Au cabinet du Premier Ministre : Le Chef du gouvernement pr\u00e9side une r\u00e9union de travail avec une d\u00e9l\u00e9gation de la Soci\u00e9t\u00e9 financi\u00e8re internationale (SFI) - niger\",\"isPartOf\":{\"@id\":\"https:\/\/www.africa-press.net\/niger\/#website\"},\"primaryImageOfPage\":{\"@id\":\"https:\/\/www.africa-press.net\/niger\/dossiers\/au-cabinet-du-premier-ministre-le-chef-du-gouvernement-preside-une-reunion-de-travail-avec-une-delegation-de-la-societe-financiere-internationale-sfi#primaryimage\"},\"image\":{\"@id\":\"https:\/\/www.africa-press.net\/niger\/dossiers\/au-cabinet-du-premier-ministre-le-chef-du-gouvernement-preside-une-reunion-de-travail-avec-une-delegation-de-la-societe-financiere-internationale-sfi#primaryimage\"},\"thumbnailUrl\":\"https:\/\/static.africa-press.net\/niger\/sites\/40\/2021\/09\/img-614207a3c195d.jpg\",\"datePublished\":\"2021-09-15T16:41:14+00:00\",\"dateModified\":\"2021-10-03T20:21:36+00:00\",\"author\":{\"@id\":\"https:\/\/www.africa-press.net\/niger\/#\/schema\/person\/2b1cf3cd81a31e3cd26889ca66d677f1\"},\"description\":\"\ufeffLe Premier Ministre Ouhoumoudou Mahamadou a pr\u00e9sid\u00e9 hier dans l\u2019apr\u00e8s-midi, une r\u00e9union de travail entre le gouvernemen ...\",\"breadcrumb\":{\"@id\":\"https:\/\/www.africa-press.net\/niger\/dossiers\/au-cabinet-du-premier-ministre-le-chef-du-gouvernement-preside-une-reunion-de-travail-avec-une-delegation-de-la-societe-financiere-internationale-sfi#breadcrumb\"},\"inLanguage\":\"fr-FR\",\"potentialAction\":[{\"@type\":\"ReadAction\",\"target\":[\"https:\/\/www.africa-press.net\/niger\/dossiers\/au-cabinet-du-premier-ministre-le-chef-du-gouvernement-preside-une-reunion-de-travail-avec-une-delegation-de-la-societe-financiere-internationale-sfi\"]}]},{\"@type\":\"ImageObject\",\"inLanguage\":\"fr-FR\",\"@id\":\"https:\/\/www.africa-press.net\/niger\/dossiers\/au-cabinet-du-premier-ministre-le-chef-du-gouvernement-preside-une-reunion-de-travail-avec-une-delegation-de-la-societe-financiere-internationale-sfi#primaryimage\",\"url\":\"https:\/\/static.africa-press.net\/niger\/sites\/40\/2021\/09\/img-614207a3c195d.jpg\",\"contentUrl\":\"https:\/\/static.africa-press.net\/niger\/sites\/40\/2021\/09\/img-614207a3c195d.jpg\",\"width\":720,\"height\":425,\"caption\":\"Au cabinet du Premier Ministre : Le Chef du gouvernement pr\u00e9side une r\u00e9union de travail avec une d\u00e9l\u00e9gation de la Soci\u00e9t\u00e9 financi\u00e8re internationale (SFI)\"},{\"@type\":\"BreadcrumbList\",\"@id\":\"https:\/\/www.africa-press.net\/niger\/dossiers\/au-cabinet-du-premier-ministre-le-chef-du-gouvernement-preside-une-reunion-de-travail-avec-une-delegation-de-la-societe-financiere-internationale-sfi#breadcrumb\",\"itemListElement\":[{\"@type\":\"ListItem\",\"position\":1,\"name\":\"Accueil\",\"item\":\"https:\/\/www.africa-press.net\/niger\/\"},{\"@type\":\"ListItem\",\"position\":2,\"name\":\"Au cabinet du Premier Ministre : Le Chef du gouvernement pr\u00e9side une r\u00e9union de travail avec une d\u00e9l\u00e9gation de la Soci\u00e9t\u00e9 financi\u00e8re internationale (SFI)\"}]},{\"@type\":\"WebSite\",\"@id\":\"https:\/\/www.africa-press.net\/niger\/#website\",\"url\":\"https:\/\/www.africa-press.net\/niger\/\",\"name\":\"niger\",\"description\":\"Just another Africa News Agency Sites site\",\"potentialAction\":[{\"@type\":\"SearchAction\",\"target\":{\"@type\":\"EntryPoint\",\"urlTemplate\":\"https:\/\/www.africa-press.net\/niger\/?s={search_term_string}\"},\"query-input\":{\"@type\":\"PropertyValueSpecification\",\"valueRequired\":true,\"valueName\":\"search_term_string\"}}],\"inLanguage\":\"fr-FR\"},{\"@type\":\"Person\",\"@id\":\"https:\/\/www.africa-press.net\/niger\/#\/schema\/person\/2b1cf3cd81a31e3cd26889ca66d677f1\",\"name\":\"cfeditorfr\"}]}<\/script>\n<!-- \/ Yoast SEO Premium plugin. -->","yoast_head_json":{"title":"Au cabinet du Premier Ministre : Le Chef du gouvernement pr\u00e9side une r\u00e9union de travail avec une d\u00e9l\u00e9gation de la Soci\u00e9t\u00e9 financi\u00e8re internationale (SFI) - niger","description":"\ufeffLe Premier Ministre Ouhoumoudou Mahamadou a pr\u00e9sid\u00e9 hier dans l\u2019apr\u00e8s-midi, une r\u00e9union de travail entre le gouvernemen ...","robots":{"index":"index","follow":"follow","max-snippet":"max-snippet:-1","max-image-preview":"max-image-preview:large","max-video-preview":"max-video-preview:-1"},"canonical":"https:\/\/www.africa-press.net\/niger\/dossiers\/au-cabinet-du-premier-ministre-le-chef-du-gouvernement-preside-une-reunion-de-travail-avec-une-delegation-de-la-societe-financiere-internationale-sfi","og_locale":"fr_FR","og_type":"article","og_title":"Au cabinet du Premier Ministre : Le Chef du gouvernement pr\u00e9side une r\u00e9union de travail avec une d\u00e9l\u00e9gation de la Soci\u00e9t\u00e9 financi\u00e8re internationale (SFI)","og_description":"\ufeffLe Premier Ministre Ouhoumoudou Mahamadou a pr\u00e9sid\u00e9 hier dans l\u2019apr\u00e8s-midi, une r\u00e9union de travail entre le gouvernemen ...","og_url":"https:\/\/www.africa-press.net\/niger\/dossiers\/au-cabinet-du-premier-ministre-le-chef-du-gouvernement-preside-une-reunion-de-travail-avec-une-delegation-de-la-societe-financiere-internationale-sfi","og_site_name":"niger","article_published_time":"2021-09-15T16:41:14+00:00","article_modified_time":"2021-10-03T20:21:36+00:00","og_image":[{"width":720,"height":425,"url":"https:\/\/static.africa-press.net\/niger\/sites\/40\/2021\/09\/img-614207a3c195d.jpg","type":"image\/jpeg"}],"author":"cfeditorfr","twitter_card":"summary_large_image","twitter_misc":{"\u00c9crit par":"cfeditorfr","Dur\u00e9e de lecture estim\u00e9e":"3 minutes"},"schema":{"@context":"https:\/\/schema.org","@graph":[{"@type":"Article","@id":"https:\/\/www.africa-press.net\/niger\/dossiers\/au-cabinet-du-premier-ministre-le-chef-du-gouvernement-preside-une-reunion-de-travail-avec-une-delegation-de-la-societe-financiere-internationale-sfi#article","isPartOf":{"@id":"https:\/\/www.africa-press.net\/niger\/dossiers\/au-cabinet-du-premier-ministre-le-chef-du-gouvernement-preside-une-reunion-de-travail-avec-une-delegation-de-la-societe-financiere-internationale-sfi"},"author":{"name":"cfeditorfr","@id":"https:\/\/www.africa-press.net\/niger\/#\/schema\/person\/2b1cf3cd81a31e3cd26889ca66d677f1"},"headline":"Au cabinet du Premier Ministre : Le Chef du gouvernement pr\u00e9side une r\u00e9union de travail avec une d\u00e9l\u00e9gation de la Soci\u00e9t\u00e9 financi\u00e8re internationale (SFI)","datePublished":"2021-09-15T16:41:14+00:00","dateModified":"2021-10-03T20:21:36+00:00","mainEntityOfPage":{"@id":"https:\/\/www.africa-press.net\/niger\/dossiers\/au-cabinet-du-premier-ministre-le-chef-du-gouvernement-preside-une-reunion-de-travail-avec-une-delegation-de-la-societe-financiere-internationale-sfi"},"wordCount":610,"commentCount":0,"image":{"@id":"https:\/\/www.africa-press.net\/niger\/dossiers\/au-cabinet-du-premier-ministre-le-chef-du-gouvernement-preside-une-reunion-de-travail-avec-une-delegation-de-la-societe-financiere-internationale-sfi#primaryimage"},"thumbnailUrl":"https:\/\/static.africa-press.net\/niger\/sites\/40\/2021\/09\/img-614207a3c195d.jpg","keywords":["Africa Press","Africa Press-Niger","Niger"],"articleSection":["Dossiers","homepage-french","Politique","Toutes les actualit\u00e9s"],"inLanguage":"fr-FR","potentialAction":[{"@type":"CommentAction","name":"Comment","target":["https:\/\/www.africa-press.net\/niger\/dossiers\/au-cabinet-du-premier-ministre-le-chef-du-gouvernement-preside-une-reunion-de-travail-avec-une-delegation-de-la-societe-financiere-internationale-sfi#respond"]}]},{"@type":"WebPage","@id":"https:\/\/www.africa-press.net\/niger\/dossiers\/au-cabinet-du-premier-ministre-le-chef-du-gouvernement-preside-une-reunion-de-travail-avec-une-delegation-de-la-societe-financiere-internationale-sfi","url":"https:\/\/www.africa-press.net\/niger\/dossiers\/au-cabinet-du-premier-ministre-le-chef-du-gouvernement-preside-une-reunion-de-travail-avec-une-delegation-de-la-societe-financiere-internationale-sfi","name":"Au cabinet du Premier Ministre : Le Chef du gouvernement pr\u00e9side une r\u00e9union de travail avec une d\u00e9l\u00e9gation de la Soci\u00e9t\u00e9 financi\u00e8re internationale (SFI) - niger","isPartOf":{"@id":"https:\/\/www.africa-press.net\/niger\/#website"},"primaryImageOfPage":{"@id":"https:\/\/www.africa-press.net\/niger\/dossiers\/au-cabinet-du-premier-ministre-le-chef-du-gouvernement-preside-une-reunion-de-travail-avec-une-delegation-de-la-societe-financiere-internationale-sfi#primaryimage"},"image":{"@id":"https:\/\/www.africa-press.net\/niger\/dossiers\/au-cabinet-du-premier-ministre-le-chef-du-gouvernement-preside-une-reunion-de-travail-avec-une-delegation-de-la-societe-financiere-internationale-sfi#primaryimage"},"thumbnailUrl":"https:\/\/static.africa-press.net\/niger\/sites\/40\/2021\/09\/img-614207a3c195d.jpg","datePublished":"2021-09-15T16:41:14+00:00","dateModified":"2021-10-03T20:21:36+00:00","author":{"@id":"https:\/\/www.africa-press.net\/niger\/#\/schema\/person\/2b1cf3cd81a31e3cd26889ca66d677f1"},"description":"\ufeffLe Premier Ministre Ouhoumoudou Mahamadou a pr\u00e9sid\u00e9 hier dans l\u2019apr\u00e8s-midi, une r\u00e9union de travail entre le gouvernemen ...","breadcrumb":{"@id":"https:\/\/www.africa-press.net\/niger\/dossiers\/au-cabinet-du-premier-ministre-le-chef-du-gouvernement-preside-une-reunion-de-travail-avec-une-delegation-de-la-societe-financiere-internationale-sfi#breadcrumb"},"inLanguage":"fr-FR","potentialAction":[{"@type":"ReadAction","target":["https:\/\/www.africa-press.net\/niger\/dossiers\/au-cabinet-du-premier-ministre-le-chef-du-gouvernement-preside-une-reunion-de-travail-avec-une-delegation-de-la-societe-financiere-internationale-sfi"]}]},{"@type":"ImageObject","inLanguage":"fr-FR","@id":"https:\/\/www.africa-press.net\/niger\/dossiers\/au-cabinet-du-premier-ministre-le-chef-du-gouvernement-preside-une-reunion-de-travail-avec-une-delegation-de-la-societe-financiere-internationale-sfi#primaryimage","url":"https:\/\/static.africa-press.net\/niger\/sites\/40\/2021\/09\/img-614207a3c195d.jpg","contentUrl":"https:\/\/static.africa-press.net\/niger\/sites\/40\/2021\/09\/img-614207a3c195d.jpg","width":720,"height":425,"caption":"Au cabinet du Premier Ministre : Le Chef du gouvernement pr\u00e9side une r\u00e9union de travail avec une d\u00e9l\u00e9gation de la Soci\u00e9t\u00e9 financi\u00e8re internationale (SFI)"},{"@type":"BreadcrumbList","@id":"https:\/\/www.africa-press.net\/niger\/dossiers\/au-cabinet-du-premier-ministre-le-chef-du-gouvernement-preside-une-reunion-de-travail-avec-une-delegation-de-la-societe-financiere-internationale-sfi#breadcrumb","itemListElement":[{"@type":"ListItem","position":1,"name":"Accueil","item":"https:\/\/www.africa-press.net\/niger\/"},{"@type":"ListItem","position":2,"name":"Au cabinet du Premier Ministre : Le Chef du gouvernement pr\u00e9side une r\u00e9union de travail avec une d\u00e9l\u00e9gation de la Soci\u00e9t\u00e9 financi\u00e8re internationale (SFI)"}]},{"@type":"WebSite","@id":"https:\/\/www.africa-press.net\/niger\/#website","url":"https:\/\/www.africa-press.net\/niger\/","name":"niger","description":"Just another Africa News Agency Sites site","potentialAction":[{"@type":"SearchAction","target":{"@type":"EntryPoint","urlTemplate":"https:\/\/www.africa-press.net\/niger\/?s={search_term_string}"},"query-input":{"@type":"PropertyValueSpecification","valueRequired":true,"valueName":"search_term_string"}}],"inLanguage":"fr-FR"},{"@type":"Person","@id":"https:\/\/www.africa-press.net\/niger\/#\/schema\/person\/2b1cf3cd81a31e3cd26889ca66d677f1","name":"cfeditorfr"}]}},"_links":{"self":[{"href":"https:\/\/www.africa-press.net\/niger\/wp-json\/wp\/v2\/posts\/11839","targetHints":{"allow":["GET"]}}],"collection":[{"href":"https:\/\/www.africa-press.net\/niger\/wp-json\/wp\/v2\/posts"}],"about":[{"href":"https:\/\/www.africa-press.net\/niger\/wp-json\/wp\/v2\/types\/post"}],"author":[{"embeddable":true,"href":"https:\/\/www.africa-press.net\/niger\/wp-json\/wp\/v2\/users\/82"}],"replies":[{"embeddable":true,"href":"https:\/\/www.africa-press.net\/niger\/wp-json\/wp\/v2\/comments?post=11839"}],"version-history":[{"count":0,"href":"https:\/\/www.africa-press.net\/niger\/wp-json\/wp\/v2\/posts\/11839\/revisions"}],"wp:featuredmedia":[{"embeddable":true,"href":"https:\/\/www.africa-press.net\/niger\/wp-json\/wp\/v2\/media\/11838"}],"wp:attachment":[{"href":"https:\/\/www.africa-press.net\/niger\/wp-json\/wp\/v2\/media?parent=11839"}],"wp:term":[{"taxonomy":"category","embeddable":true,"href":"https:\/\/www.africa-press.net\/niger\/wp-json\/wp\/v2\/categories?post=11839"},{"taxonomy":"post_tag","embeddable":true,"href":"https:\/\/www.africa-press.net\/niger\/wp-json\/wp\/v2\/tags?post=11839"}],"curies":[{"name":"wp","href":"https:\/\/api.w.org\/{rel}","templated":true}]}}