{"id":11875,"date":"2021-09-16T15:48:07","date_gmt":"2021-09-16T15:48:07","guid":{"rendered":"https:\/\/www.africa-press.net\/niger\/politique\/le-chef-de-daech-au-grand-sahara-abattu-par-les-forces-francaises"},"modified":"2021-09-17T17:58:00","modified_gmt":"2021-09-17T17:58:00","slug":"le-chef-de-daech-au-grand-sahara-abattu-par-les-forces-francaises","status":"publish","type":"post","link":"https:\/\/www.africa-press.net\/niger\/politique\/le-chef-de-daech-au-grand-sahara-abattu-par-les-forces-francaises","title":{"rendered":"Le chef de Daech au Grand Sahara abattu par les forces fran\u00e7aises"},"content":{"rendered":"<p><span style=\"color: #ff6600\"><strong><a href=\"https:\/\/www.africa-press.net\/\">Africa-Press<\/a> &#8211; <a href=\"https:\/\/www.africa-press.net\/niger\">Niger<\/a>. <\/strong><\/span>Adnan Abou Walid al Sahraoui, chef du groupe Daech* au Grand Sahara, a \u00e9t\u00e9 abattu par les forces fran\u00e7aises, a annonc\u00e9 ce jeudi la pr\u00e9sidence fran\u00e7aise sur Twitter.<\/p>\n<p>\u00abIl s&rsquo;agit d&rsquo;un nouveau succ\u00e8s majeur dans le combat que nous menons contre les groupes terroristes au Sahel\u00bb, a tweet\u00e9 Emmanuel Macron.<\/p>\n<p>Adnan Abou Walid al Sahraoui, chef du groupe terroriste \u00c9tat islamique au Grand Sahara a \u00e9t\u00e9 neutralis\u00e9 par les forces fran\u00e7aises. Il s\u2019agit d\u2019un nouveau succ\u00e8s majeur dans le combat que nous menons contre les groupes terroristes au Sahel.<\/p>\n<p>\u2014 Emmanuel Macron (@EmmanuelMacron) September 15, 2021<\/p>\n<p>Adnan Abou Walid al Sahraoui \u00e9tait le chef historique de la lutte djihadiste et de la branche de Daech* au Sahel, il \u00e9tait responsable d&rsquo;attaques meurtri\u00e8res au Niger, au Mali et au Burkina Faso, visant les populations et les forces de s\u00e9curit\u00e9 de la r\u00e9gion.<\/p>\n<p>La Nation pense ce soir \u00e0 tous ses h\u00e9ros morts pour la France au Sahel dans les op\u00e9rations Serval et Barkhane, aux familles endeuill\u00e9es, \u00e0 tous ses bless\u00e9s. Leur sacrifice n\u2019est pas vain. Avec nos partenaires africains, europ\u00e9ens et am\u00e9ricains, nous poursuivrons ce combat.<\/p>\n<p>&nbsp;<\/p>\n<p>L&rsquo;organisation avait pris pour cible des soldats am\u00e9ricains dans une attaque meurtri\u00e8re en 2017. Le 9 ao\u00fbt 2020, au Niger, Adnan Abou Walid al Sahraoui avait personnellement ordonn\u00e9 l&rsquo;assassinat de six travailleurs humanitaires fran\u00e7ais et de leurs guides et chauffeur nig\u00e9riens.<\/p>\n<p>Emmanuel Macron a annonc\u00e9 en juin la fin prochaine de l&rsquo;op\u00e9ration Barkhane, o\u00f9 les troupes fran\u00e7aises engag\u00e9es depuis 2013 dans la lutte contre les groupes djihadistes vont laisser la place \u00e0 une \u00abcoalition internationale\u00bb dont la composition reste \u00e0 d\u00e9terminer.<\/p>\n<p>&nbsp;<\/p>\n","protected":false},"excerpt":{"rendered":"<p>Africa-Press &#8211; Niger. Adnan Abou Walid al Sahraoui, chef du groupe Daech* au Grand Sahara, a \u00e9t\u00e9 abattu par les forces fran\u00e7aises, a annonc\u00e9 ce jeudi la pr\u00e9sidence fran\u00e7aise sur Twitter. \u00abIl s&rsquo;agit d&rsquo;un nouveau succ\u00e8s majeur dans le combat que nous menons contre les groupes terroristes au Sahel\u00bb, a tweet\u00e9 Emmanuel Macron. Adnan Abou [&hellip;]<\/p>\n","protected":false},"author":82,"featured_media":11874,"comment_status":"open","ping_status":"closed","sticky":false,"template":"","format":"standard","meta":{"footnotes":""},"categories":[11,2,10],"tags":[55,60,29],"class_list":["post-11875","post","type-post","status-publish","format-standard","has-post-thumbnail","hentry","category-homepage-french","category-politique","category-toutes-les-actualites","tag-africa-press","tag-africa-press-niger","tag-niger"],"yoast_head":"<!-- This site is optimized with the Yoast SEO Premium plugin v26.1 (Yoast SEO v27.0) - https:\/\/yoast.com\/product\/yoast-seo-premium-wordpress\/ -->\n<title>Le chef de Daech au Grand Sahara abattu par les forces fran\u00e7aises - niger<\/title>\n<meta name=\"description\" content=\"Adnan Abou Walid al Sahraoui, chef du groupe Daech* au Grand Sahara, a \u00e9t\u00e9 abattu par les forces fran\u00e7aises, a annonc\u00e9 c ...\" \/>\n<meta name=\"robots\" content=\"index, follow, max-snippet:-1, max-image-preview:large, max-video-preview:-1\" \/>\n<link rel=\"canonical\" href=\"https:\/\/www.africa-press.net\/niger\/politique\/le-chef-de-daech-au-grand-sahara-abattu-par-les-forces-francaises\" \/>\n<meta property=\"og:locale\" content=\"fr_FR\" \/>\n<meta property=\"og:type\" content=\"article\" \/>\n<meta property=\"og:title\" content=\"Le chef de Daech au Grand Sahara abattu par les forces fran\u00e7aises\" \/>\n<meta property=\"og:description\" content=\"Adnan Abou Walid al Sahraoui, chef du groupe Daech* au Grand Sahara, a \u00e9t\u00e9 abattu par les forces fran\u00e7aises, a annonc\u00e9 c ...\" \/>\n<meta property=\"og:url\" content=\"https:\/\/www.africa-press.net\/niger\/politique\/le-chef-de-daech-au-grand-sahara-abattu-par-les-forces-francaises\" \/>\n<meta property=\"og:site_name\" content=\"niger\" \/>\n<meta property=\"article:published_time\" content=\"2021-09-16T15:48:07+00:00\" \/>\n<meta property=\"article:modified_time\" content=\"2021-09-17T17:58:00+00:00\" \/>\n<meta property=\"og:image\" content=\"https:\/\/static.africa-press.net\/niger\/sites\/40\/2021\/09\/img-614366ef6180a.jpg\" \/>\n\t<meta property=\"og:image:width\" content=\"720\" \/>\n\t<meta property=\"og:image:height\" content=\"382\" \/>\n\t<meta property=\"og:image:type\" content=\"image\/jpeg\" \/>\n<meta name=\"author\" content=\"cfeditorfr\" \/>\n<meta name=\"twitter:card\" content=\"summary_large_image\" \/>\n<meta name=\"twitter:label1\" content=\"\u00c9crit par\" \/>\n\t<meta name=\"twitter:data1\" content=\"cfeditorfr\" \/>\n\t<meta name=\"twitter:label2\" content=\"Dur\u00e9e de lecture estim\u00e9e\" \/>\n\t<meta name=\"twitter:data2\" content=\"2 minutes\" \/>\n<script type=\"application\/ld+json\" class=\"yoast-schema-graph\">{\"@context\":\"https:\/\/schema.org\",\"@graph\":[{\"@type\":\"Article\",\"@id\":\"https:\/\/www.africa-press.net\/niger\/politique\/le-chef-de-daech-au-grand-sahara-abattu-par-les-forces-francaises#article\",\"isPartOf\":{\"@id\":\"https:\/\/www.africa-press.net\/niger\/politique\/le-chef-de-daech-au-grand-sahara-abattu-par-les-forces-francaises\"},\"author\":{\"name\":\"cfeditorfr\",\"@id\":\"https:\/\/www.africa-press.net\/niger\/#\/schema\/person\/2b1cf3cd81a31e3cd26889ca66d677f1\"},\"headline\":\"Le chef de Daech au Grand Sahara abattu par les forces fran\u00e7aises\",\"datePublished\":\"2021-09-16T15:48:07+00:00\",\"dateModified\":\"2021-09-17T17:58:00+00:00\",\"mainEntityOfPage\":{\"@id\":\"https:\/\/www.africa-press.net\/niger\/politique\/le-chef-de-daech-au-grand-sahara-abattu-par-les-forces-francaises\"},\"wordCount\":306,\"commentCount\":0,\"image\":{\"@id\":\"https:\/\/www.africa-press.net\/niger\/politique\/le-chef-de-daech-au-grand-sahara-abattu-par-les-forces-francaises#primaryimage\"},\"thumbnailUrl\":\"https:\/\/static.africa-press.net\/niger\/sites\/40\/2021\/09\/img-614366ef6180a.jpg\",\"keywords\":[\"Africa Press\",\"Africa Press-Niger\",\"Niger\"],\"articleSection\":[\"homepage-french\",\"Politique\",\"Toutes les actualit\u00e9s\"],\"inLanguage\":\"fr-FR\",\"potentialAction\":[{\"@type\":\"CommentAction\",\"name\":\"Comment\",\"target\":[\"https:\/\/www.africa-press.net\/niger\/politique\/le-chef-de-daech-au-grand-sahara-abattu-par-les-forces-francaises#respond\"]}]},{\"@type\":\"WebPage\",\"@id\":\"https:\/\/www.africa-press.net\/niger\/politique\/le-chef-de-daech-au-grand-sahara-abattu-par-les-forces-francaises\",\"url\":\"https:\/\/www.africa-press.net\/niger\/politique\/le-chef-de-daech-au-grand-sahara-abattu-par-les-forces-francaises\",\"name\":\"Le chef de Daech au Grand Sahara abattu par les forces fran\u00e7aises - niger\",\"isPartOf\":{\"@id\":\"https:\/\/www.africa-press.net\/niger\/#website\"},\"primaryImageOfPage\":{\"@id\":\"https:\/\/www.africa-press.net\/niger\/politique\/le-chef-de-daech-au-grand-sahara-abattu-par-les-forces-francaises#primaryimage\"},\"image\":{\"@id\":\"https:\/\/www.africa-press.net\/niger\/politique\/le-chef-de-daech-au-grand-sahara-abattu-par-les-forces-francaises#primaryimage\"},\"thumbnailUrl\":\"https:\/\/static.africa-press.net\/niger\/sites\/40\/2021\/09\/img-614366ef6180a.jpg\",\"datePublished\":\"2021-09-16T15:48:07+00:00\",\"dateModified\":\"2021-09-17T17:58:00+00:00\",\"author\":{\"@id\":\"https:\/\/www.africa-press.net\/niger\/#\/schema\/person\/2b1cf3cd81a31e3cd26889ca66d677f1\"},\"description\":\"Adnan Abou Walid al Sahraoui, chef du groupe Daech* au Grand Sahara, a \u00e9t\u00e9 abattu par les forces fran\u00e7aises, a annonc\u00e9 c ...\",\"breadcrumb\":{\"@id\":\"https:\/\/www.africa-press.net\/niger\/politique\/le-chef-de-daech-au-grand-sahara-abattu-par-les-forces-francaises#breadcrumb\"},\"inLanguage\":\"fr-FR\",\"potentialAction\":[{\"@type\":\"ReadAction\",\"target\":[\"https:\/\/www.africa-press.net\/niger\/politique\/le-chef-de-daech-au-grand-sahara-abattu-par-les-forces-francaises\"]}]},{\"@type\":\"ImageObject\",\"inLanguage\":\"fr-FR\",\"@id\":\"https:\/\/www.africa-press.net\/niger\/politique\/le-chef-de-daech-au-grand-sahara-abattu-par-les-forces-francaises#primaryimage\",\"url\":\"https:\/\/static.africa-press.net\/niger\/sites\/40\/2021\/09\/img-614366ef6180a.jpg\",\"contentUrl\":\"https:\/\/static.africa-press.net\/niger\/sites\/40\/2021\/09\/img-614366ef6180a.jpg\",\"width\":720,\"height\":382,\"caption\":\"Le chef de Daech au Grand Sahara abattu par les forces fran\u00e7aises\"},{\"@type\":\"BreadcrumbList\",\"@id\":\"https:\/\/www.africa-press.net\/niger\/politique\/le-chef-de-daech-au-grand-sahara-abattu-par-les-forces-francaises#breadcrumb\",\"itemListElement\":[{\"@type\":\"ListItem\",\"position\":1,\"name\":\"Accueil\",\"item\":\"https:\/\/www.africa-press.net\/niger\/\"},{\"@type\":\"ListItem\",\"position\":2,\"name\":\"Le chef de Daech au Grand Sahara abattu par les forces fran\u00e7aises\"}]},{\"@type\":\"WebSite\",\"@id\":\"https:\/\/www.africa-press.net\/niger\/#website\",\"url\":\"https:\/\/www.africa-press.net\/niger\/\",\"name\":\"niger\",\"description\":\"Just another Africa News Agency Sites site\",\"potentialAction\":[{\"@type\":\"SearchAction\",\"target\":{\"@type\":\"EntryPoint\",\"urlTemplate\":\"https:\/\/www.africa-press.net\/niger\/?s={search_term_string}\"},\"query-input\":{\"@type\":\"PropertyValueSpecification\",\"valueRequired\":true,\"valueName\":\"search_term_string\"}}],\"inLanguage\":\"fr-FR\"},{\"@type\":\"Person\",\"@id\":\"https:\/\/www.africa-press.net\/niger\/#\/schema\/person\/2b1cf3cd81a31e3cd26889ca66d677f1\",\"name\":\"cfeditorfr\"}]}<\/script>\n<!-- \/ Yoast SEO Premium plugin. -->","yoast_head_json":{"title":"Le chef de Daech au Grand Sahara abattu par les forces fran\u00e7aises - niger","description":"Adnan Abou Walid al Sahraoui, chef du groupe Daech* au Grand Sahara, a \u00e9t\u00e9 abattu par les forces fran\u00e7aises, a annonc\u00e9 c ...","robots":{"index":"index","follow":"follow","max-snippet":"max-snippet:-1","max-image-preview":"max-image-preview:large","max-video-preview":"max-video-preview:-1"},"canonical":"https:\/\/www.africa-press.net\/niger\/politique\/le-chef-de-daech-au-grand-sahara-abattu-par-les-forces-francaises","og_locale":"fr_FR","og_type":"article","og_title":"Le chef de Daech au Grand Sahara abattu par les forces fran\u00e7aises","og_description":"Adnan Abou Walid al Sahraoui, chef du groupe Daech* au Grand Sahara, a \u00e9t\u00e9 abattu par les forces fran\u00e7aises, a annonc\u00e9 c ...","og_url":"https:\/\/www.africa-press.net\/niger\/politique\/le-chef-de-daech-au-grand-sahara-abattu-par-les-forces-francaises","og_site_name":"niger","article_published_time":"2021-09-16T15:48:07+00:00","article_modified_time":"2021-09-17T17:58:00+00:00","og_image":[{"width":720,"height":382,"url":"https:\/\/static.africa-press.net\/niger\/sites\/40\/2021\/09\/img-614366ef6180a.jpg","type":"image\/jpeg"}],"author":"cfeditorfr","twitter_card":"summary_large_image","twitter_misc":{"\u00c9crit par":"cfeditorfr","Dur\u00e9e de lecture estim\u00e9e":"2 minutes"},"schema":{"@context":"https:\/\/schema.org","@graph":[{"@type":"Article","@id":"https:\/\/www.africa-press.net\/niger\/politique\/le-chef-de-daech-au-grand-sahara-abattu-par-les-forces-francaises#article","isPartOf":{"@id":"https:\/\/www.africa-press.net\/niger\/politique\/le-chef-de-daech-au-grand-sahara-abattu-par-les-forces-francaises"},"author":{"name":"cfeditorfr","@id":"https:\/\/www.africa-press.net\/niger\/#\/schema\/person\/2b1cf3cd81a31e3cd26889ca66d677f1"},"headline":"Le chef de Daech au Grand Sahara abattu par les forces fran\u00e7aises","datePublished":"2021-09-16T15:48:07+00:00","dateModified":"2021-09-17T17:58:00+00:00","mainEntityOfPage":{"@id":"https:\/\/www.africa-press.net\/niger\/politique\/le-chef-de-daech-au-grand-sahara-abattu-par-les-forces-francaises"},"wordCount":306,"commentCount":0,"image":{"@id":"https:\/\/www.africa-press.net\/niger\/politique\/le-chef-de-daech-au-grand-sahara-abattu-par-les-forces-francaises#primaryimage"},"thumbnailUrl":"https:\/\/static.africa-press.net\/niger\/sites\/40\/2021\/09\/img-614366ef6180a.jpg","keywords":["Africa Press","Africa Press-Niger","Niger"],"articleSection":["homepage-french","Politique","Toutes les actualit\u00e9s"],"inLanguage":"fr-FR","potentialAction":[{"@type":"CommentAction","name":"Comment","target":["https:\/\/www.africa-press.net\/niger\/politique\/le-chef-de-daech-au-grand-sahara-abattu-par-les-forces-francaises#respond"]}]},{"@type":"WebPage","@id":"https:\/\/www.africa-press.net\/niger\/politique\/le-chef-de-daech-au-grand-sahara-abattu-par-les-forces-francaises","url":"https:\/\/www.africa-press.net\/niger\/politique\/le-chef-de-daech-au-grand-sahara-abattu-par-les-forces-francaises","name":"Le chef de Daech au Grand Sahara abattu par les forces fran\u00e7aises - niger","isPartOf":{"@id":"https:\/\/www.africa-press.net\/niger\/#website"},"primaryImageOfPage":{"@id":"https:\/\/www.africa-press.net\/niger\/politique\/le-chef-de-daech-au-grand-sahara-abattu-par-les-forces-francaises#primaryimage"},"image":{"@id":"https:\/\/www.africa-press.net\/niger\/politique\/le-chef-de-daech-au-grand-sahara-abattu-par-les-forces-francaises#primaryimage"},"thumbnailUrl":"https:\/\/static.africa-press.net\/niger\/sites\/40\/2021\/09\/img-614366ef6180a.jpg","datePublished":"2021-09-16T15:48:07+00:00","dateModified":"2021-09-17T17:58:00+00:00","author":{"@id":"https:\/\/www.africa-press.net\/niger\/#\/schema\/person\/2b1cf3cd81a31e3cd26889ca66d677f1"},"description":"Adnan Abou Walid al Sahraoui, chef du groupe Daech* au Grand Sahara, a \u00e9t\u00e9 abattu par les forces fran\u00e7aises, a annonc\u00e9 c ...","breadcrumb":{"@id":"https:\/\/www.africa-press.net\/niger\/politique\/le-chef-de-daech-au-grand-sahara-abattu-par-les-forces-francaises#breadcrumb"},"inLanguage":"fr-FR","potentialAction":[{"@type":"ReadAction","target":["https:\/\/www.africa-press.net\/niger\/politique\/le-chef-de-daech-au-grand-sahara-abattu-par-les-forces-francaises"]}]},{"@type":"ImageObject","inLanguage":"fr-FR","@id":"https:\/\/www.africa-press.net\/niger\/politique\/le-chef-de-daech-au-grand-sahara-abattu-par-les-forces-francaises#primaryimage","url":"https:\/\/static.africa-press.net\/niger\/sites\/40\/2021\/09\/img-614366ef6180a.jpg","contentUrl":"https:\/\/static.africa-press.net\/niger\/sites\/40\/2021\/09\/img-614366ef6180a.jpg","width":720,"height":382,"caption":"Le chef de Daech au Grand Sahara abattu par les forces fran\u00e7aises"},{"@type":"BreadcrumbList","@id":"https:\/\/www.africa-press.net\/niger\/politique\/le-chef-de-daech-au-grand-sahara-abattu-par-les-forces-francaises#breadcrumb","itemListElement":[{"@type":"ListItem","position":1,"name":"Accueil","item":"https:\/\/www.africa-press.net\/niger\/"},{"@type":"ListItem","position":2,"name":"Le chef de Daech au Grand Sahara abattu par les forces fran\u00e7aises"}]},{"@type":"WebSite","@id":"https:\/\/www.africa-press.net\/niger\/#website","url":"https:\/\/www.africa-press.net\/niger\/","name":"niger","description":"Just another Africa News Agency Sites site","potentialAction":[{"@type":"SearchAction","target":{"@type":"EntryPoint","urlTemplate":"https:\/\/www.africa-press.net\/niger\/?s={search_term_string}"},"query-input":{"@type":"PropertyValueSpecification","valueRequired":true,"valueName":"search_term_string"}}],"inLanguage":"fr-FR"},{"@type":"Person","@id":"https:\/\/www.africa-press.net\/niger\/#\/schema\/person\/2b1cf3cd81a31e3cd26889ca66d677f1","name":"cfeditorfr"}]}},"_links":{"self":[{"href":"https:\/\/www.africa-press.net\/niger\/wp-json\/wp\/v2\/posts\/11875","targetHints":{"allow":["GET"]}}],"collection":[{"href":"https:\/\/www.africa-press.net\/niger\/wp-json\/wp\/v2\/posts"}],"about":[{"href":"https:\/\/www.africa-press.net\/niger\/wp-json\/wp\/v2\/types\/post"}],"author":[{"embeddable":true,"href":"https:\/\/www.africa-press.net\/niger\/wp-json\/wp\/v2\/users\/82"}],"replies":[{"embeddable":true,"href":"https:\/\/www.africa-press.net\/niger\/wp-json\/wp\/v2\/comments?post=11875"}],"version-history":[{"count":0,"href":"https:\/\/www.africa-press.net\/niger\/wp-json\/wp\/v2\/posts\/11875\/revisions"}],"wp:featuredmedia":[{"embeddable":true,"href":"https:\/\/www.africa-press.net\/niger\/wp-json\/wp\/v2\/media\/11874"}],"wp:attachment":[{"href":"https:\/\/www.africa-press.net\/niger\/wp-json\/wp\/v2\/media?parent=11875"}],"wp:term":[{"taxonomy":"category","embeddable":true,"href":"https:\/\/www.africa-press.net\/niger\/wp-json\/wp\/v2\/categories?post=11875"},{"taxonomy":"post_tag","embeddable":true,"href":"https:\/\/www.africa-press.net\/niger\/wp-json\/wp\/v2\/tags?post=11875"}],"curies":[{"name":"wp","href":"https:\/\/api.w.org\/{rel}","templated":true}]}}