{"id":11878,"date":"2021-09-16T15:56:54","date_gmt":"2021-09-16T15:56:54","guid":{"rendered":"https:\/\/www.africa-press.net\/niger\/?p=11878"},"modified":"2021-09-17T17:58:15","modified_gmt":"2021-09-17T17:58:15","slug":"lancement-a-niamey-du-3eme-forum-des-mines-et-du-petrole-de-la-cedeao-ecomof-2021","status":"publish","type":"post","link":"https:\/\/www.africa-press.net\/niger\/politique\/lancement-a-niamey-du-3eme-forum-des-mines-et-du-petrole-de-la-cedeao-ecomof-2021","title":{"rendered":"Lancement \u00e0 Niamey du 3\u00e8me forum\u00a0des mines et du p\u00e9trole de la CEDEAO (ECOMOF 2021)"},"content":{"rendered":"<p><span style=\"color: #ff6600\"><strong><a href=\"https:\/\/www.africa-press.net\/\">Africa-Press<\/a> &#8211; <a href=\"https:\/\/www.africa-press.net\/niger\">Niger<\/a>.\u00a0 <\/strong><\/span>\u00a0Le Ministre du p\u00e9trole, de l\u2019\u00e9nergie et des \u00e9nergies renouvelables du Niger, M. Mahamane Sani Mahamadou a pr\u00e9sid\u00e9, ce mercredi 15 Septembre \u00e0 Niamey, la c\u00e9r\u00e9monie de lancement de la 3\u00e8me \u00e9dition du forum de la Communaut\u00e9 Economique Des Etats de l\u2019Afrique de l\u2019Ouest (CEDEAO) sur les mines et le p\u00e9trole (ECOMOF- Ecowas mines and oil forum, en anglais).<\/p>\n<p>Cet \u00e9v\u00e9nement est organis\u00e9 conjointement par le minist\u00e8re charg\u00e9 du p\u00e9trole et celui des mines du Niger, la commission de la CEDEAO et la firme \u00e9v\u00e9nementielle internationale AME-TRADE.<\/p>\n<p>L\u2019ECOMOF, note-ton, vise \u00e0 promouvoir les secteurs minier et p\u00e9trolier afin de permettre une meilleure contribution des industries extractives au d\u00e9veloppement \u00e9conomique et social des pays de la CEDEAO.<\/p>\n<p>\u00ab\u00a0Il est une occasion pour le Niger en particulier, et les pays de l\u2019Afrique de l\u2019Ouest en g\u00e9n\u00e9ral, de mettre en \u00e9vidence leurs potentiels dans les secteurs des industries extractives gr\u00e2ce au partage d\u2019exp\u00e9riences et de savoir-faire, mais aussi par la cr\u00e9ation de nouveaux partenariats et r\u00e9seaux\u00a0\u00bb, a comment\u00e9 le ministre nig\u00e9rien du p\u00e9trole.<\/p>\n<p>Selon lui, le choix du Niger pour accueillir cette 3\u00e8me \u00e9dition de l\u2019ECOMOF n\u2019est pas fortuit.<\/p>\n<p>\u00ab\u00a0En effet, le sous-sol nig\u00e9rien renferme d\u2019importantes ressources mini\u00e8re et p\u00e9troli\u00e8re, notamment l\u2019uranium, l\u2019or, le fer, les terres rares, le phosphate, le charbon, le p\u00e9trole, le gaz naturel, etc.\u00a0\u00bb, a expliqu\u00e9 le responsable du portefeuille du p\u00e9trole dans le gouvernement nig\u00e9rien.<\/p>\n<p>Aussi, a-t-il ajout\u00e9, \u00ab\u00a0pour mieux exploiter ces ressources, le Niger a \u00e9labor\u00e9 et met en \u0153uvre une politique mini\u00e8re et p\u00e9troli\u00e8re favorable \u00e0 l\u2019am\u00e9lioration de la comp\u00e9titivit\u00e9 et la diversification des investisseurs, tout en pr\u00e9servant les normes environnementales et le d\u00e9veloppement communautaire local\u00a0\u00bb.<\/p>\n<p>Poursuivant son explication, le Ministre Mahamane Sani a soutenu que le Niger est aussi producteur de p\u00e9trole depuis 2011, et le pays compte multiplier sa capacit\u00e9 de production de 20 000 \u00e0 110 000 barils\/jour \u00e0 l\u2019horizon 2023, gr\u00e2ce notamment \u00e0 la construction du pipeline export Niger-Benin long de 1982km, le plus long d&rsquo;Afrique.<\/p>\n<p>\u00ab\u00a0Cette infrastructure contribuera \u00e0 mettre sur le march\u00e9 les d\u00e9couvertes r\u00e9alis\u00e9es sur le bloc d\u2019Agadem, ainsi que les nouvelles d\u00e9couvertes sur les blocs p\u00e9troliers de Kafra, Bilma, R3&amp;R4, etc.\u00a0\u00bb, a-t-il fait savoir.<\/p>\n<p>Le th\u00e8me de cette 3\u00e8me \u00e9dition de l\u2019ECOMOF, pr\u00e9cise-t-on, est : \u00ab\u00a0int\u00e9grer les industries mini\u00e8res et p\u00e9troli\u00e8res dans le d\u00e9veloppement des cha\u00eenes de valeur r\u00e9gionales\u2019\u2019.<\/p>\n<p>Ce th\u00e8me, indique le Ministre nig\u00e9rien du P\u00e9trole, \u00ab\u00a0nous interpelle sur l\u2019imp\u00e9rieuse n\u00e9cessit\u00e9 de faire des secteurs minier et p\u00e9trolier des piliers de nos \u00e9conomies\u00a0\u00bb.<\/p>\n<p>Pour ce faire, a affirm\u00e9 l\u2018officiel nig\u00e9rien, \u00ab\u00a0il est plus urgent que nos pays d\u00e9veloppent des politiques qui attirent les investisseurs, tout en cr\u00e9ant les conditions d\u2019une plus grande participation des secteurs minier et p\u00e9trolier aux recettes des Etats\u00a0\u00bb.<\/p>\n<p>Selon lui, le Niger a fait le choix d\u2019am\u00e9liorer la connaissance et la promotion de son potentiel minier et p\u00e9trolier ; de moderniser les cadastres minier et p\u00e9trolier ; de cr\u00e9er plus d\u2019industries utilisant la mati\u00e8re premi\u00e8re p\u00e9trochimique.<\/p>\n<p>\u00ab\u00a0Toutes les actions en faveur de ces deux domaines devront permettre, d\u2019une part, de porter le poids du secteur p\u00e9trolier \u00e0 25% du PIB, 45% des recettes fiscales, 68% des exportations et 12% des emplois formels et, dans l\u2019autre, c&rsquo;est-\u00e0-dire le secteur minier, de faire passer les couvertures g\u00e9ologique et g\u00e9ophysique respectivement de 13 \u00e0 22% et de 20 \u00e0 31%\u00a0\u00bb, a-t-il, par ailleurs, soulign\u00e9.<\/p>\n<p>\u00ab\u00a0C\u2019est dire que les domaines minier et p\u00e9trolier auront un bel avenir au Niger\u00a0\u00bb, s&rsquo;est-il r\u00e9joui.<\/p>\n<p>Intervenant \u00e0 son tour, la Ministre des Mines Mme Ousseini Hadizatou Yacouba a d\u00e9clar\u00e9 que \u00ab\u00a0ce forum repr\u00e9sente une plateforme r\u00e9gionale d\u2019\u00e9changes qui nous donnera l\u2019occasion de mettre en \u00e9vidence le potentiel du Niger en particulier et de l\u2019Afrique de l\u2019Ouest en g\u00e9n\u00e9ral, dans les secteurs des industries extractives\u00a0\u00bb.<\/p>\n<p>Pour le Commissaire de la CEDEAO charg\u00e9 de l\u2019Energie et des Mines, le nig\u00e9rien S\u00e9dikou Douka, \u00ab\u00a0les secteurs minier et p\u00e9trolier occupent une place de choix dans les politiques et strat\u00e9gies \u00e9nerg\u00e9tiques et industrielles de notre communaut\u00e9, compte tenu des vastes opportunit\u00e9s qu\u2019ils offrent\u00a0\u00bb.<\/p>\n<p>En effet, a-t-il d\u00e9clar\u00e9, \u00ab\u00a0notre r\u00e9gion regorge d\u2019importantes ressources p\u00e9troli\u00e8res et mini\u00e8res\u00a0\u00bb, pr\u00e9cisant que \u00ab\u00a0l\u2019Afrique de l\u2019Ouest repr\u00e9sente 30% des r\u00e9serves prouv\u00e9es de p\u00e9trole et 30% des r\u00e9serves prouv\u00e9es de gaz naturel de l\u2019Afrique. La R\u00e9gion poss\u00e8de \u00e9galement 40% des ressources mondiales de Bauxite, d\u2019Uranium (dont le Niger est un des grands producteurs mondiaux) et d\u2019importants gisements de fer de classe mondiale, repr\u00e9sente environ 4% des ressources mondiales de fer, sans oublier l\u2019or, le Mangan\u00e8se, le Nickel, le Phosphate, le Diamant, etc.\u00a0\u00bb.<\/p>\n<p>\u00ab\u00a0Cette abondance de ressources mini\u00e8res et p\u00e9troli\u00e8res place l\u2019Afrique de l\u2019ouest au c\u0153ur des enjeux g\u00e9ostrat\u00e9giques mondiaux\u00a0\u00bb, a-t-il comment\u00e9.<\/p>\n<p>Le forum proprement dit se tiendra du 1er au 3 d\u00e9cembre 2021 \u00e0 Niamey. La 1\u00e8re \u00e9dition s\u2019est tenue \u00e0 Accra (Ghana) en 2015 et la seconde session \u00e0 Abidjan (C\u00f4te d\u2019Ivoire) en 2018.<\/p>\n","protected":false},"excerpt":{"rendered":"<p>Africa-Press &#8211; Niger.\u00a0 \u00a0Le Ministre du p\u00e9trole, de l\u2019\u00e9nergie et des \u00e9nergies renouvelables du Niger, M. Mahamane Sani Mahamadou a pr\u00e9sid\u00e9, ce mercredi 15 Septembre \u00e0 Niamey, la c\u00e9r\u00e9monie de lancement de la 3\u00e8me \u00e9dition du forum de la Communaut\u00e9 Economique Des Etats de l\u2019Afrique de l\u2019Ouest (CEDEAO) sur les mines et le p\u00e9trole (ECOMOF- [&hellip;]<\/p>\n","protected":false},"author":82,"featured_media":11877,"comment_status":"open","ping_status":"closed","sticky":false,"template":"","format":"standard","meta":{"footnotes":""},"categories":[11,2,10],"tags":[55,60,29],"class_list":["post-11878","post","type-post","status-publish","format-standard","has-post-thumbnail","hentry","category-homepage-french","category-politique","category-toutes-les-actualites","tag-africa-press","tag-africa-press-niger","tag-niger"],"yoast_head":"<!-- This site is optimized with the Yoast SEO Premium plugin v26.1 (Yoast SEO v27.0) - https:\/\/yoast.com\/product\/yoast-seo-premium-wordpress\/ -->\n<title>Lancement \u00e0 Niamey du 3\u00e8me forum\u00a0des mines et du p\u00e9trole de la CEDEAO (ECOMOF 2021) - niger<\/title>\n<meta name=\"description\" content=\", 15 Septembre (ANP) - Le Ministre du p\u00e9trole, de l\u2019\u00e9nergie et des \u00e9nergies renouvelables du Niger, M. Mahamane Sani Mah ...\" \/>\n<meta name=\"robots\" content=\"index, follow, max-snippet:-1, max-image-preview:large, max-video-preview:-1\" \/>\n<link rel=\"canonical\" href=\"https:\/\/www.africa-press.net\/niger\/politique\/lancement-a-niamey-du-3eme-forum-des-mines-et-du-petrole-de-la-cedeao-ecomof-2021\" \/>\n<meta property=\"og:locale\" content=\"fr_FR\" \/>\n<meta property=\"og:type\" content=\"article\" \/>\n<meta property=\"og:title\" content=\"Lancement \u00e0 Niamey du 3\u00e8me forum\u00a0des mines et du p\u00e9trole de la CEDEAO (ECOMOF 2021)\" \/>\n<meta property=\"og:description\" content=\", 15 Septembre (ANP) - Le Ministre du p\u00e9trole, de l\u2019\u00e9nergie et des \u00e9nergies renouvelables du Niger, M. Mahamane Sani Mah ...\" \/>\n<meta property=\"og:url\" content=\"https:\/\/www.africa-press.net\/niger\/politique\/lancement-a-niamey-du-3eme-forum-des-mines-et-du-petrole-de-la-cedeao-ecomof-2021\" \/>\n<meta property=\"og:site_name\" content=\"niger\" \/>\n<meta property=\"article:published_time\" content=\"2021-09-16T15:56:54+00:00\" \/>\n<meta property=\"article:modified_time\" content=\"2021-09-17T17:58:15+00:00\" \/>\n<meta property=\"og:image\" content=\"https:\/\/static.africa-press.net\/niger\/sites\/40\/2021\/09\/img-61436717dc12c.jpg\" \/>\n\t<meta property=\"og:image:width\" content=\"1920\" \/>\n\t<meta property=\"og:image:height\" content=\"1280\" \/>\n\t<meta property=\"og:image:type\" content=\"image\/jpeg\" \/>\n<meta name=\"author\" content=\"cfeditorfr\" \/>\n<meta name=\"twitter:card\" content=\"summary_large_image\" \/>\n<meta name=\"twitter:label1\" content=\"\u00c9crit par\" \/>\n\t<meta name=\"twitter:data1\" content=\"cfeditorfr\" \/>\n\t<meta name=\"twitter:label2\" content=\"Dur\u00e9e de lecture estim\u00e9e\" \/>\n\t<meta name=\"twitter:data2\" content=\"4 minutes\" \/>\n<script type=\"application\/ld+json\" class=\"yoast-schema-graph\">{\"@context\":\"https:\/\/schema.org\",\"@graph\":[{\"@type\":\"Article\",\"@id\":\"https:\/\/www.africa-press.net\/niger\/politique\/lancement-a-niamey-du-3eme-forum-des-mines-et-du-petrole-de-la-cedeao-ecomof-2021#article\",\"isPartOf\":{\"@id\":\"https:\/\/www.africa-press.net\/niger\/politique\/lancement-a-niamey-du-3eme-forum-des-mines-et-du-petrole-de-la-cedeao-ecomof-2021\"},\"author\":{\"name\":\"cfeditorfr\",\"@id\":\"https:\/\/www.africa-press.net\/niger\/#\/schema\/person\/2b1cf3cd81a31e3cd26889ca66d677f1\"},\"headline\":\"Lancement \u00e0 Niamey du 3\u00e8me forum\u00a0des mines et du p\u00e9trole de la CEDEAO (ECOMOF 2021)\",\"datePublished\":\"2021-09-16T15:56:54+00:00\",\"dateModified\":\"2021-09-17T17:58:15+00:00\",\"mainEntityOfPage\":{\"@id\":\"https:\/\/www.africa-press.net\/niger\/politique\/lancement-a-niamey-du-3eme-forum-des-mines-et-du-petrole-de-la-cedeao-ecomof-2021\"},\"wordCount\":924,\"commentCount\":0,\"image\":{\"@id\":\"https:\/\/www.africa-press.net\/niger\/politique\/lancement-a-niamey-du-3eme-forum-des-mines-et-du-petrole-de-la-cedeao-ecomof-2021#primaryimage\"},\"thumbnailUrl\":\"https:\/\/static.africa-press.net\/niger\/sites\/40\/2021\/09\/img-61436717dc12c.jpg\",\"keywords\":[\"Africa Press\",\"Africa Press-Niger\",\"Niger\"],\"articleSection\":[\"homepage-french\",\"Politique\",\"Toutes les actualit\u00e9s\"],\"inLanguage\":\"fr-FR\",\"potentialAction\":[{\"@type\":\"CommentAction\",\"name\":\"Comment\",\"target\":[\"https:\/\/www.africa-press.net\/niger\/politique\/lancement-a-niamey-du-3eme-forum-des-mines-et-du-petrole-de-la-cedeao-ecomof-2021#respond\"]}]},{\"@type\":\"WebPage\",\"@id\":\"https:\/\/www.africa-press.net\/niger\/politique\/lancement-a-niamey-du-3eme-forum-des-mines-et-du-petrole-de-la-cedeao-ecomof-2021\",\"url\":\"https:\/\/www.africa-press.net\/niger\/politique\/lancement-a-niamey-du-3eme-forum-des-mines-et-du-petrole-de-la-cedeao-ecomof-2021\",\"name\":\"Lancement \u00e0 Niamey du 3\u00e8me forum\u00a0des mines et du p\u00e9trole de la CEDEAO (ECOMOF 2021) - niger\",\"isPartOf\":{\"@id\":\"https:\/\/www.africa-press.net\/niger\/#website\"},\"primaryImageOfPage\":{\"@id\":\"https:\/\/www.africa-press.net\/niger\/politique\/lancement-a-niamey-du-3eme-forum-des-mines-et-du-petrole-de-la-cedeao-ecomof-2021#primaryimage\"},\"image\":{\"@id\":\"https:\/\/www.africa-press.net\/niger\/politique\/lancement-a-niamey-du-3eme-forum-des-mines-et-du-petrole-de-la-cedeao-ecomof-2021#primaryimage\"},\"thumbnailUrl\":\"https:\/\/static.africa-press.net\/niger\/sites\/40\/2021\/09\/img-61436717dc12c.jpg\",\"datePublished\":\"2021-09-16T15:56:54+00:00\",\"dateModified\":\"2021-09-17T17:58:15+00:00\",\"author\":{\"@id\":\"https:\/\/www.africa-press.net\/niger\/#\/schema\/person\/2b1cf3cd81a31e3cd26889ca66d677f1\"},\"description\":\", 15 Septembre (ANP) - Le Ministre du p\u00e9trole, de l\u2019\u00e9nergie et des \u00e9nergies renouvelables du Niger, M. Mahamane Sani Mah ...\",\"breadcrumb\":{\"@id\":\"https:\/\/www.africa-press.net\/niger\/politique\/lancement-a-niamey-du-3eme-forum-des-mines-et-du-petrole-de-la-cedeao-ecomof-2021#breadcrumb\"},\"inLanguage\":\"fr-FR\",\"potentialAction\":[{\"@type\":\"ReadAction\",\"target\":[\"https:\/\/www.africa-press.net\/niger\/politique\/lancement-a-niamey-du-3eme-forum-des-mines-et-du-petrole-de-la-cedeao-ecomof-2021\"]}]},{\"@type\":\"ImageObject\",\"inLanguage\":\"fr-FR\",\"@id\":\"https:\/\/www.africa-press.net\/niger\/politique\/lancement-a-niamey-du-3eme-forum-des-mines-et-du-petrole-de-la-cedeao-ecomof-2021#primaryimage\",\"url\":\"https:\/\/static.africa-press.net\/niger\/sites\/40\/2021\/09\/img-61436717dc12c.jpg\",\"contentUrl\":\"https:\/\/static.africa-press.net\/niger\/sites\/40\/2021\/09\/img-61436717dc12c.jpg\",\"width\":1920,\"height\":1280,\"caption\":\"Lancement \u00e0 Niamey du 3\u00e8me forum\u00a0des mines et du p\u00e9trole de la CEDEAO (ECOMOF 2021)\"},{\"@type\":\"BreadcrumbList\",\"@id\":\"https:\/\/www.africa-press.net\/niger\/politique\/lancement-a-niamey-du-3eme-forum-des-mines-et-du-petrole-de-la-cedeao-ecomof-2021#breadcrumb\",\"itemListElement\":[{\"@type\":\"ListItem\",\"position\":1,\"name\":\"Accueil\",\"item\":\"https:\/\/www.africa-press.net\/niger\/\"},{\"@type\":\"ListItem\",\"position\":2,\"name\":\"Lancement \u00e0 Niamey du 3\u00e8me forum\u00a0des mines et du p\u00e9trole de la CEDEAO (ECOMOF 2021)\"}]},{\"@type\":\"WebSite\",\"@id\":\"https:\/\/www.africa-press.net\/niger\/#website\",\"url\":\"https:\/\/www.africa-press.net\/niger\/\",\"name\":\"niger\",\"description\":\"Just another Africa News Agency Sites site\",\"potentialAction\":[{\"@type\":\"SearchAction\",\"target\":{\"@type\":\"EntryPoint\",\"urlTemplate\":\"https:\/\/www.africa-press.net\/niger\/?s={search_term_string}\"},\"query-input\":{\"@type\":\"PropertyValueSpecification\",\"valueRequired\":true,\"valueName\":\"search_term_string\"}}],\"inLanguage\":\"fr-FR\"},{\"@type\":\"Person\",\"@id\":\"https:\/\/www.africa-press.net\/niger\/#\/schema\/person\/2b1cf3cd81a31e3cd26889ca66d677f1\",\"name\":\"cfeditorfr\"}]}<\/script>\n<!-- \/ Yoast SEO Premium plugin. -->","yoast_head_json":{"title":"Lancement \u00e0 Niamey du 3\u00e8me forum\u00a0des mines et du p\u00e9trole de la CEDEAO (ECOMOF 2021) - niger","description":", 15 Septembre (ANP) - Le Ministre du p\u00e9trole, de l\u2019\u00e9nergie et des \u00e9nergies renouvelables du Niger, M. Mahamane Sani Mah ...","robots":{"index":"index","follow":"follow","max-snippet":"max-snippet:-1","max-image-preview":"max-image-preview:large","max-video-preview":"max-video-preview:-1"},"canonical":"https:\/\/www.africa-press.net\/niger\/politique\/lancement-a-niamey-du-3eme-forum-des-mines-et-du-petrole-de-la-cedeao-ecomof-2021","og_locale":"fr_FR","og_type":"article","og_title":"Lancement \u00e0 Niamey du 3\u00e8me forum\u00a0des mines et du p\u00e9trole de la CEDEAO (ECOMOF 2021)","og_description":", 15 Septembre (ANP) - Le Ministre du p\u00e9trole, de l\u2019\u00e9nergie et des \u00e9nergies renouvelables du Niger, M. Mahamane Sani Mah ...","og_url":"https:\/\/www.africa-press.net\/niger\/politique\/lancement-a-niamey-du-3eme-forum-des-mines-et-du-petrole-de-la-cedeao-ecomof-2021","og_site_name":"niger","article_published_time":"2021-09-16T15:56:54+00:00","article_modified_time":"2021-09-17T17:58:15+00:00","og_image":[{"width":1920,"height":1280,"url":"https:\/\/static.africa-press.net\/niger\/sites\/40\/2021\/09\/img-61436717dc12c.jpg","type":"image\/jpeg"}],"author":"cfeditorfr","twitter_card":"summary_large_image","twitter_misc":{"\u00c9crit par":"cfeditorfr","Dur\u00e9e de lecture estim\u00e9e":"4 minutes"},"schema":{"@context":"https:\/\/schema.org","@graph":[{"@type":"Article","@id":"https:\/\/www.africa-press.net\/niger\/politique\/lancement-a-niamey-du-3eme-forum-des-mines-et-du-petrole-de-la-cedeao-ecomof-2021#article","isPartOf":{"@id":"https:\/\/www.africa-press.net\/niger\/politique\/lancement-a-niamey-du-3eme-forum-des-mines-et-du-petrole-de-la-cedeao-ecomof-2021"},"author":{"name":"cfeditorfr","@id":"https:\/\/www.africa-press.net\/niger\/#\/schema\/person\/2b1cf3cd81a31e3cd26889ca66d677f1"},"headline":"Lancement \u00e0 Niamey du 3\u00e8me forum\u00a0des mines et du p\u00e9trole de la CEDEAO (ECOMOF 2021)","datePublished":"2021-09-16T15:56:54+00:00","dateModified":"2021-09-17T17:58:15+00:00","mainEntityOfPage":{"@id":"https:\/\/www.africa-press.net\/niger\/politique\/lancement-a-niamey-du-3eme-forum-des-mines-et-du-petrole-de-la-cedeao-ecomof-2021"},"wordCount":924,"commentCount":0,"image":{"@id":"https:\/\/www.africa-press.net\/niger\/politique\/lancement-a-niamey-du-3eme-forum-des-mines-et-du-petrole-de-la-cedeao-ecomof-2021#primaryimage"},"thumbnailUrl":"https:\/\/static.africa-press.net\/niger\/sites\/40\/2021\/09\/img-61436717dc12c.jpg","keywords":["Africa Press","Africa Press-Niger","Niger"],"articleSection":["homepage-french","Politique","Toutes les actualit\u00e9s"],"inLanguage":"fr-FR","potentialAction":[{"@type":"CommentAction","name":"Comment","target":["https:\/\/www.africa-press.net\/niger\/politique\/lancement-a-niamey-du-3eme-forum-des-mines-et-du-petrole-de-la-cedeao-ecomof-2021#respond"]}]},{"@type":"WebPage","@id":"https:\/\/www.africa-press.net\/niger\/politique\/lancement-a-niamey-du-3eme-forum-des-mines-et-du-petrole-de-la-cedeao-ecomof-2021","url":"https:\/\/www.africa-press.net\/niger\/politique\/lancement-a-niamey-du-3eme-forum-des-mines-et-du-petrole-de-la-cedeao-ecomof-2021","name":"Lancement \u00e0 Niamey du 3\u00e8me forum\u00a0des mines et du p\u00e9trole de la CEDEAO (ECOMOF 2021) - niger","isPartOf":{"@id":"https:\/\/www.africa-press.net\/niger\/#website"},"primaryImageOfPage":{"@id":"https:\/\/www.africa-press.net\/niger\/politique\/lancement-a-niamey-du-3eme-forum-des-mines-et-du-petrole-de-la-cedeao-ecomof-2021#primaryimage"},"image":{"@id":"https:\/\/www.africa-press.net\/niger\/politique\/lancement-a-niamey-du-3eme-forum-des-mines-et-du-petrole-de-la-cedeao-ecomof-2021#primaryimage"},"thumbnailUrl":"https:\/\/static.africa-press.net\/niger\/sites\/40\/2021\/09\/img-61436717dc12c.jpg","datePublished":"2021-09-16T15:56:54+00:00","dateModified":"2021-09-17T17:58:15+00:00","author":{"@id":"https:\/\/www.africa-press.net\/niger\/#\/schema\/person\/2b1cf3cd81a31e3cd26889ca66d677f1"},"description":", 15 Septembre (ANP) - Le Ministre du p\u00e9trole, de l\u2019\u00e9nergie et des \u00e9nergies renouvelables du Niger, M. Mahamane Sani Mah ...","breadcrumb":{"@id":"https:\/\/www.africa-press.net\/niger\/politique\/lancement-a-niamey-du-3eme-forum-des-mines-et-du-petrole-de-la-cedeao-ecomof-2021#breadcrumb"},"inLanguage":"fr-FR","potentialAction":[{"@type":"ReadAction","target":["https:\/\/www.africa-press.net\/niger\/politique\/lancement-a-niamey-du-3eme-forum-des-mines-et-du-petrole-de-la-cedeao-ecomof-2021"]}]},{"@type":"ImageObject","inLanguage":"fr-FR","@id":"https:\/\/www.africa-press.net\/niger\/politique\/lancement-a-niamey-du-3eme-forum-des-mines-et-du-petrole-de-la-cedeao-ecomof-2021#primaryimage","url":"https:\/\/static.africa-press.net\/niger\/sites\/40\/2021\/09\/img-61436717dc12c.jpg","contentUrl":"https:\/\/static.africa-press.net\/niger\/sites\/40\/2021\/09\/img-61436717dc12c.jpg","width":1920,"height":1280,"caption":"Lancement \u00e0 Niamey du 3\u00e8me forum\u00a0des mines et du p\u00e9trole de la CEDEAO (ECOMOF 2021)"},{"@type":"BreadcrumbList","@id":"https:\/\/www.africa-press.net\/niger\/politique\/lancement-a-niamey-du-3eme-forum-des-mines-et-du-petrole-de-la-cedeao-ecomof-2021#breadcrumb","itemListElement":[{"@type":"ListItem","position":1,"name":"Accueil","item":"https:\/\/www.africa-press.net\/niger\/"},{"@type":"ListItem","position":2,"name":"Lancement \u00e0 Niamey du 3\u00e8me forum\u00a0des mines et du p\u00e9trole de la CEDEAO (ECOMOF 2021)"}]},{"@type":"WebSite","@id":"https:\/\/www.africa-press.net\/niger\/#website","url":"https:\/\/www.africa-press.net\/niger\/","name":"niger","description":"Just another Africa News Agency Sites site","potentialAction":[{"@type":"SearchAction","target":{"@type":"EntryPoint","urlTemplate":"https:\/\/www.africa-press.net\/niger\/?s={search_term_string}"},"query-input":{"@type":"PropertyValueSpecification","valueRequired":true,"valueName":"search_term_string"}}],"inLanguage":"fr-FR"},{"@type":"Person","@id":"https:\/\/www.africa-press.net\/niger\/#\/schema\/person\/2b1cf3cd81a31e3cd26889ca66d677f1","name":"cfeditorfr"}]}},"_links":{"self":[{"href":"https:\/\/www.africa-press.net\/niger\/wp-json\/wp\/v2\/posts\/11878","targetHints":{"allow":["GET"]}}],"collection":[{"href":"https:\/\/www.africa-press.net\/niger\/wp-json\/wp\/v2\/posts"}],"about":[{"href":"https:\/\/www.africa-press.net\/niger\/wp-json\/wp\/v2\/types\/post"}],"author":[{"embeddable":true,"href":"https:\/\/www.africa-press.net\/niger\/wp-json\/wp\/v2\/users\/82"}],"replies":[{"embeddable":true,"href":"https:\/\/www.africa-press.net\/niger\/wp-json\/wp\/v2\/comments?post=11878"}],"version-history":[{"count":0,"href":"https:\/\/www.africa-press.net\/niger\/wp-json\/wp\/v2\/posts\/11878\/revisions"}],"wp:featuredmedia":[{"embeddable":true,"href":"https:\/\/www.africa-press.net\/niger\/wp-json\/wp\/v2\/media\/11877"}],"wp:attachment":[{"href":"https:\/\/www.africa-press.net\/niger\/wp-json\/wp\/v2\/media?parent=11878"}],"wp:term":[{"taxonomy":"category","embeddable":true,"href":"https:\/\/www.africa-press.net\/niger\/wp-json\/wp\/v2\/categories?post=11878"},{"taxonomy":"post_tag","embeddable":true,"href":"https:\/\/www.africa-press.net\/niger\/wp-json\/wp\/v2\/tags?post=11878"}],"curies":[{"name":"wp","href":"https:\/\/api.w.org\/{rel}","templated":true}]}}