{"id":11884,"date":"2021-09-16T16:11:00","date_gmt":"2021-09-16T16:11:00","guid":{"rendered":"https:\/\/www.africa-press.net\/niger\/?p=11884"},"modified":"2021-09-16T15:49:13","modified_gmt":"2021-09-16T15:49:13","slug":"tillaberi-abrite-la-1ere-reunion-du-comite-technique-regional","status":"publish","type":"post","link":"https:\/\/www.africa-press.net\/niger\/politique\/tillaberi-abrite-la-1ere-reunion-du-comite-technique-regional","title":{"rendered":"Tillab\u00e9ri abrite la 1\u00e8re r\u00e9union du Comit\u00e9 Technique R\u00e9gional"},"content":{"rendered":"<p><span style=\"color: #ff6600\"><strong><a href=\"https:\/\/www.africa-press.net\/\">Africa-Press<\/a> &#8211; <a href=\"https:\/\/www.africa-press.net\/niger\">Niger<\/a>. <\/strong><\/span>\u00e9ri, 16 Sept (ANP) &#8211; Le Gouverneur de la r\u00e9gion, M. Ibrahim Tidjani Katiella a pr\u00e9sid\u00e9, le mercredi 15 septembre 2021 dans la salle de r\u00e9union du gouvernorat, la 1\u00e8re r\u00e9union du Comit\u00e9 Technique R\u00e9gional.<\/p>\n<p>C\u2019\u00e9tait en pr\u00e9sence des pr\u00e9fets des D\u00e9partements de la r\u00e9gion, les directeurs r\u00e9gionaux, les responsables des Forces de D\u00e9fense et de S\u00e9curit\u00e9 (FDS) et les cadres techniques du Programme des Nations-Unies pour le D\u00e9veloppement.<\/p>\n<p>S\u2019inscrivant dans le cadre de la mise en \u0153uvre du Projet Facilit\u00e9 de Stabilisation dans la R\u00e9gion du Liptako Gourma, cette r\u00e9union du Comit\u00e9 Technique R\u00e9gional de Tillab\u00e9ri a pour objectif d\u2019informer et de sensibiliser les parties prenantes sur le mode op\u00e9ratoire du projet stabilisation acc\u00e9l\u00e9r\u00e9e, de vulgariser les outils et les d\u00e9marches op\u00e9rationnelles dans l\u2019identification du choix des sites prioritaires et de d\u00e9velopper les techniques de priorisations des choix et la d\u00e9marche s\u00e9lective des activit\u00e9s.<\/p>\n<p>\u2018\u2019Pour consolider la situation \u00e0 laquelle la r\u00e9gion est confront\u00e9e notamment les actes de terrorisme et leurs cons\u00e9quences et \u00e0 l\u2019instar de la r\u00e9gion de Diffa, l\u2019Etat du Niger, en partenariat avec le PNUD mettra en \u0153uvre un projet de stabilisation dans la r\u00e9gion de Tillab\u00e9ri, dont les objectifs poursuivis sont entre autres, de faire un diagnostic de la situation socio\u00e9conomique des zones d\u2019intervention ; de cr\u00e9er les conditions d\u2019un retour d\u00e9finitif de la s\u00e9curit\u00e9 \u00e0 travers la construction des infrastructures ; d\u2019am\u00e9liorer l\u2019encadrement des jeunes et des femmes dans les secteurs cl\u00e9s de d\u00e9veloppement ; de renforcer les capacit\u00e9s des leaders communautaires, notamment les jeunes et les femmes, \u00e0 promouvoir les initiatives locales en vue de rehausser leurs revenus\u2019\u2019, a d\u00e9clar\u00e9, le Gouverneur de la r\u00e9gion, M. Ibrahim Tidjani Katiella en proc\u00e9dant \u00e0 l\u2019ouverture de cette r\u00e9union.<\/p>\n<p>\u2018\u2019Les objectifs assign\u00e9s \u00e0 ce projet cadrent parfaitement avec les id\u00e9aux des plus hautes autorit\u00e9s qui ont fait de la consolidation et de la p\u00e9rennisation de la paix, de la s\u00e9curit\u00e9, une priorit\u00e9\u2019\u2019 a-t-il fait savoir.<\/p>\n<p>\u2018\u2019Pour la mise en \u0153uvre de ce projet, un comit\u00e9 technique a \u00e9t\u00e9 cr\u00e9\u00e9 dont la mission est, entre autres, la supervision de la mise en \u0153uvre des d\u00e9cisions du comit\u00e9 de pilotage ; de porter \u00e0 l\u2019attention du comit\u00e9 de pilotage, les principaux probl\u00e8mes et d\u00e9fis, et d\u2019examiner les outils de mise en \u0153uvre du projet\u2019 a expliqu\u00e9 le gouverneur de Tillab\u00e9ri.<\/p>\n<p>Le Gouverneur de la r\u00e9gion a, enfin, remerci\u00e9 tous les partenaires techniques et financiers qui accompagnent la r\u00e9gion dans la recherche des solutions aux probl\u00e8mes de d\u00e9veloppement auxquels sont confront\u00e9es les populations et le PNUD pour ses appuis financiers et techniques.<\/p>\n<p>Quant \u00e0 la Repr\u00e9sentante du PNUD, par ailleurs cheffe du Projet Stabilisation, Mme Aziza Elbachir, elle a indiqu\u00e9 que, \u2018\u2019il incombe aujourd\u2019hui \u00e0 tous les acteurs de fournir des efforts pour accompagner l\u2019Etat \u00e0 cr\u00e9er et maintenir les conditions de la stabilit\u00e9 et du d\u00e9veloppement, et de faire sortir les populations affect\u00e9es du cadre vicieux dans lequel elles sont plong\u00e9es\u2019\u2019.<\/p>\n<p>Elle a, par ailleurs, notifi\u00e9 que \u2018\u2019ce travail pour lequel ils s\u2019engagent aujourd\u2019hui requiert la participation de tous dans ce processus qui permettra d\u2019assoir la stabilit\u00e9 n\u00e9cessaire \u00e0 la mise en \u0153uvre des priorit\u00e9s telles que transcrites dans la D\u00e9claration de Politique G\u00e9n\u00e9rale du Gouvernement\u2019\u2019.<\/p>\n<p>\u2018\u2019La satisfaction des populations sera le t\u00e9moignage de la r\u00e9ussite de cette initiative\u2019\u2019, car, a-t-elle expliqu\u00e9, \u2018\u2019c\u2019est tout d\u2019abord un engagement personnel et un engagement institutionnel plus large \u00e0 \u00eatre aupr\u00e8s de l\u2019Etat et \u00e0 l\u2019accompagner dans son r\u00f4le r\u00e9galien de protection de la population et de ses biens, et de lui permettre de vivre pleinement dans le bien \u00eatre qui lui est cher\u2019\u2019.<\/p>\n<p>Rappelons qu\u2019\u00e0 l\u2019ordre du jour de cette rencontre initi\u00e9e par le PNUD, il y a, entre autres, une pr\u00e9sentation des objectifs de la r\u00e9union et des r\u00e9sultats attendus ; et une pr\u00e9sentation du m\u00e9canisme de stabilisation.<\/p>\n","protected":false},"excerpt":{"rendered":"<p>Africa-Press &#8211; Niger. \u00e9ri, 16 Sept (ANP) &#8211; Le Gouverneur de la r\u00e9gion, M. Ibrahim Tidjani Katiella a pr\u00e9sid\u00e9, le mercredi 15 septembre 2021 dans la salle de r\u00e9union du gouvernorat, la 1\u00e8re r\u00e9union du Comit\u00e9 Technique R\u00e9gional. C\u2019\u00e9tait en pr\u00e9sence des pr\u00e9fets des D\u00e9partements de la r\u00e9gion, les directeurs r\u00e9gionaux, les responsables des Forces [&hellip;]<\/p>\n","protected":false},"author":82,"featured_media":11883,"comment_status":"open","ping_status":"closed","sticky":false,"template":"","format":"standard","meta":{"footnotes":""},"categories":[11,2,10],"tags":[55,60,29],"class_list":["post-11884","post","type-post","status-publish","format-standard","has-post-thumbnail","hentry","category-homepage-french","category-politique","category-toutes-les-actualites","tag-africa-press","tag-africa-press-niger","tag-niger"],"yoast_head":"<!-- This site is optimized with the Yoast SEO Premium plugin v26.1 (Yoast SEO v27.0) - https:\/\/yoast.com\/product\/yoast-seo-premium-wordpress\/ -->\n<title>Tillab\u00e9ri abrite la 1\u00e8re r\u00e9union du Comit\u00e9 Technique R\u00e9gional - niger<\/title>\n<meta name=\"description\" content=\"\u00e9ri, 16 Sept (ANP) - Le Gouverneur de la r\u00e9gion, M. Ibrahim Tidjani Katiella a pr\u00e9sid\u00e9, le mercredi 15 septembre 2021 da ...\" \/>\n<meta name=\"robots\" content=\"index, follow, max-snippet:-1, max-image-preview:large, max-video-preview:-1\" \/>\n<link rel=\"canonical\" href=\"https:\/\/www.africa-press.net\/niger\/politique\/tillaberi-abrite-la-1ere-reunion-du-comite-technique-regional\" \/>\n<meta property=\"og:locale\" content=\"fr_FR\" \/>\n<meta property=\"og:type\" content=\"article\" \/>\n<meta property=\"og:title\" content=\"Tillab\u00e9ri abrite la 1\u00e8re r\u00e9union du Comit\u00e9 Technique R\u00e9gional\" \/>\n<meta property=\"og:description\" content=\"\u00e9ri, 16 Sept (ANP) - Le Gouverneur de la r\u00e9gion, M. Ibrahim Tidjani Katiella a pr\u00e9sid\u00e9, le mercredi 15 septembre 2021 da ...\" \/>\n<meta property=\"og:url\" content=\"https:\/\/www.africa-press.net\/niger\/politique\/tillaberi-abrite-la-1ere-reunion-du-comite-technique-regional\" \/>\n<meta property=\"og:site_name\" content=\"niger\" \/>\n<meta property=\"article:published_time\" content=\"2021-09-16T16:11:00+00:00\" \/>\n<meta property=\"og:image\" content=\"https:\/\/static.africa-press.net\/niger\/sites\/40\/2021\/09\/img-6143675e5b6db.jpg\" \/>\n\t<meta property=\"og:image:width\" content=\"992\" \/>\n\t<meta property=\"og:image:height\" content=\"744\" \/>\n\t<meta property=\"og:image:type\" content=\"image\/jpeg\" \/>\n<meta name=\"author\" content=\"cfeditorfr\" \/>\n<meta name=\"twitter:card\" content=\"summary_large_image\" \/>\n<meta name=\"twitter:label1\" content=\"\u00c9crit par\" \/>\n\t<meta name=\"twitter:data1\" content=\"cfeditorfr\" \/>\n\t<meta name=\"twitter:label2\" content=\"Dur\u00e9e de lecture estim\u00e9e\" \/>\n\t<meta name=\"twitter:data2\" content=\"4 minutes\" \/>\n<script type=\"application\/ld+json\" class=\"yoast-schema-graph\">{\"@context\":\"https:\/\/schema.org\",\"@graph\":[{\"@type\":\"Article\",\"@id\":\"https:\/\/www.africa-press.net\/niger\/politique\/tillaberi-abrite-la-1ere-reunion-du-comite-technique-regional#article\",\"isPartOf\":{\"@id\":\"https:\/\/www.africa-press.net\/niger\/politique\/tillaberi-abrite-la-1ere-reunion-du-comite-technique-regional\"},\"author\":{\"name\":\"cfeditorfr\",\"@id\":\"https:\/\/www.africa-press.net\/niger\/#\/schema\/person\/2b1cf3cd81a31e3cd26889ca66d677f1\"},\"headline\":\"Tillab\u00e9ri abrite la 1\u00e8re r\u00e9union du Comit\u00e9 Technique R\u00e9gional\",\"datePublished\":\"2021-09-16T16:11:00+00:00\",\"mainEntityOfPage\":{\"@id\":\"https:\/\/www.africa-press.net\/niger\/politique\/tillaberi-abrite-la-1ere-reunion-du-comite-technique-regional\"},\"wordCount\":725,\"commentCount\":0,\"image\":{\"@id\":\"https:\/\/www.africa-press.net\/niger\/politique\/tillaberi-abrite-la-1ere-reunion-du-comite-technique-regional#primaryimage\"},\"thumbnailUrl\":\"https:\/\/static.africa-press.net\/niger\/sites\/40\/2021\/09\/img-6143675e5b6db.jpg\",\"keywords\":[\"Africa Press\",\"Africa Press-Niger\",\"Niger\"],\"articleSection\":[\"homepage-french\",\"Politique\",\"Toutes les actualit\u00e9s\"],\"inLanguage\":\"fr-FR\",\"potentialAction\":[{\"@type\":\"CommentAction\",\"name\":\"Comment\",\"target\":[\"https:\/\/www.africa-press.net\/niger\/politique\/tillaberi-abrite-la-1ere-reunion-du-comite-technique-regional#respond\"]}]},{\"@type\":\"WebPage\",\"@id\":\"https:\/\/www.africa-press.net\/niger\/politique\/tillaberi-abrite-la-1ere-reunion-du-comite-technique-regional\",\"url\":\"https:\/\/www.africa-press.net\/niger\/politique\/tillaberi-abrite-la-1ere-reunion-du-comite-technique-regional\",\"name\":\"Tillab\u00e9ri abrite la 1\u00e8re r\u00e9union du Comit\u00e9 Technique R\u00e9gional - niger\",\"isPartOf\":{\"@id\":\"https:\/\/www.africa-press.net\/niger\/#website\"},\"primaryImageOfPage\":{\"@id\":\"https:\/\/www.africa-press.net\/niger\/politique\/tillaberi-abrite-la-1ere-reunion-du-comite-technique-regional#primaryimage\"},\"image\":{\"@id\":\"https:\/\/www.africa-press.net\/niger\/politique\/tillaberi-abrite-la-1ere-reunion-du-comite-technique-regional#primaryimage\"},\"thumbnailUrl\":\"https:\/\/static.africa-press.net\/niger\/sites\/40\/2021\/09\/img-6143675e5b6db.jpg\",\"datePublished\":\"2021-09-16T16:11:00+00:00\",\"author\":{\"@id\":\"https:\/\/www.africa-press.net\/niger\/#\/schema\/person\/2b1cf3cd81a31e3cd26889ca66d677f1\"},\"description\":\"\u00e9ri, 16 Sept (ANP) - Le Gouverneur de la r\u00e9gion, M. Ibrahim Tidjani Katiella a pr\u00e9sid\u00e9, le mercredi 15 septembre 2021 da ...\",\"breadcrumb\":{\"@id\":\"https:\/\/www.africa-press.net\/niger\/politique\/tillaberi-abrite-la-1ere-reunion-du-comite-technique-regional#breadcrumb\"},\"inLanguage\":\"fr-FR\",\"potentialAction\":[{\"@type\":\"ReadAction\",\"target\":[\"https:\/\/www.africa-press.net\/niger\/politique\/tillaberi-abrite-la-1ere-reunion-du-comite-technique-regional\"]}]},{\"@type\":\"ImageObject\",\"inLanguage\":\"fr-FR\",\"@id\":\"https:\/\/www.africa-press.net\/niger\/politique\/tillaberi-abrite-la-1ere-reunion-du-comite-technique-regional#primaryimage\",\"url\":\"https:\/\/static.africa-press.net\/niger\/sites\/40\/2021\/09\/img-6143675e5b6db.jpg\",\"contentUrl\":\"https:\/\/static.africa-press.net\/niger\/sites\/40\/2021\/09\/img-6143675e5b6db.jpg\",\"width\":992,\"height\":744,\"caption\":\"Tillab\u00e9ri abrite la 1\u00e8re r\u00e9union du Comit\u00e9 Technique R\u00e9gional\"},{\"@type\":\"BreadcrumbList\",\"@id\":\"https:\/\/www.africa-press.net\/niger\/politique\/tillaberi-abrite-la-1ere-reunion-du-comite-technique-regional#breadcrumb\",\"itemListElement\":[{\"@type\":\"ListItem\",\"position\":1,\"name\":\"Accueil\",\"item\":\"https:\/\/www.africa-press.net\/niger\/\"},{\"@type\":\"ListItem\",\"position\":2,\"name\":\"Tillab\u00e9ri abrite la 1\u00e8re r\u00e9union du Comit\u00e9 Technique R\u00e9gional\"}]},{\"@type\":\"WebSite\",\"@id\":\"https:\/\/www.africa-press.net\/niger\/#website\",\"url\":\"https:\/\/www.africa-press.net\/niger\/\",\"name\":\"niger\",\"description\":\"Just another Africa News Agency Sites site\",\"potentialAction\":[{\"@type\":\"SearchAction\",\"target\":{\"@type\":\"EntryPoint\",\"urlTemplate\":\"https:\/\/www.africa-press.net\/niger\/?s={search_term_string}\"},\"query-input\":{\"@type\":\"PropertyValueSpecification\",\"valueRequired\":true,\"valueName\":\"search_term_string\"}}],\"inLanguage\":\"fr-FR\"},{\"@type\":\"Person\",\"@id\":\"https:\/\/www.africa-press.net\/niger\/#\/schema\/person\/2b1cf3cd81a31e3cd26889ca66d677f1\",\"name\":\"cfeditorfr\"}]}<\/script>\n<!-- \/ Yoast SEO Premium plugin. -->","yoast_head_json":{"title":"Tillab\u00e9ri abrite la 1\u00e8re r\u00e9union du Comit\u00e9 Technique R\u00e9gional - niger","description":"\u00e9ri, 16 Sept (ANP) - Le Gouverneur de la r\u00e9gion, M. Ibrahim Tidjani Katiella a pr\u00e9sid\u00e9, le mercredi 15 septembre 2021 da ...","robots":{"index":"index","follow":"follow","max-snippet":"max-snippet:-1","max-image-preview":"max-image-preview:large","max-video-preview":"max-video-preview:-1"},"canonical":"https:\/\/www.africa-press.net\/niger\/politique\/tillaberi-abrite-la-1ere-reunion-du-comite-technique-regional","og_locale":"fr_FR","og_type":"article","og_title":"Tillab\u00e9ri abrite la 1\u00e8re r\u00e9union du Comit\u00e9 Technique R\u00e9gional","og_description":"\u00e9ri, 16 Sept (ANP) - Le Gouverneur de la r\u00e9gion, M. Ibrahim Tidjani Katiella a pr\u00e9sid\u00e9, le mercredi 15 septembre 2021 da ...","og_url":"https:\/\/www.africa-press.net\/niger\/politique\/tillaberi-abrite-la-1ere-reunion-du-comite-technique-regional","og_site_name":"niger","article_published_time":"2021-09-16T16:11:00+00:00","og_image":[{"width":992,"height":744,"url":"https:\/\/static.africa-press.net\/niger\/sites\/40\/2021\/09\/img-6143675e5b6db.jpg","type":"image\/jpeg"}],"author":"cfeditorfr","twitter_card":"summary_large_image","twitter_misc":{"\u00c9crit par":"cfeditorfr","Dur\u00e9e de lecture estim\u00e9e":"4 minutes"},"schema":{"@context":"https:\/\/schema.org","@graph":[{"@type":"Article","@id":"https:\/\/www.africa-press.net\/niger\/politique\/tillaberi-abrite-la-1ere-reunion-du-comite-technique-regional#article","isPartOf":{"@id":"https:\/\/www.africa-press.net\/niger\/politique\/tillaberi-abrite-la-1ere-reunion-du-comite-technique-regional"},"author":{"name":"cfeditorfr","@id":"https:\/\/www.africa-press.net\/niger\/#\/schema\/person\/2b1cf3cd81a31e3cd26889ca66d677f1"},"headline":"Tillab\u00e9ri abrite la 1\u00e8re r\u00e9union du Comit\u00e9 Technique R\u00e9gional","datePublished":"2021-09-16T16:11:00+00:00","mainEntityOfPage":{"@id":"https:\/\/www.africa-press.net\/niger\/politique\/tillaberi-abrite-la-1ere-reunion-du-comite-technique-regional"},"wordCount":725,"commentCount":0,"image":{"@id":"https:\/\/www.africa-press.net\/niger\/politique\/tillaberi-abrite-la-1ere-reunion-du-comite-technique-regional#primaryimage"},"thumbnailUrl":"https:\/\/static.africa-press.net\/niger\/sites\/40\/2021\/09\/img-6143675e5b6db.jpg","keywords":["Africa Press","Africa Press-Niger","Niger"],"articleSection":["homepage-french","Politique","Toutes les actualit\u00e9s"],"inLanguage":"fr-FR","potentialAction":[{"@type":"CommentAction","name":"Comment","target":["https:\/\/www.africa-press.net\/niger\/politique\/tillaberi-abrite-la-1ere-reunion-du-comite-technique-regional#respond"]}]},{"@type":"WebPage","@id":"https:\/\/www.africa-press.net\/niger\/politique\/tillaberi-abrite-la-1ere-reunion-du-comite-technique-regional","url":"https:\/\/www.africa-press.net\/niger\/politique\/tillaberi-abrite-la-1ere-reunion-du-comite-technique-regional","name":"Tillab\u00e9ri abrite la 1\u00e8re r\u00e9union du Comit\u00e9 Technique R\u00e9gional - niger","isPartOf":{"@id":"https:\/\/www.africa-press.net\/niger\/#website"},"primaryImageOfPage":{"@id":"https:\/\/www.africa-press.net\/niger\/politique\/tillaberi-abrite-la-1ere-reunion-du-comite-technique-regional#primaryimage"},"image":{"@id":"https:\/\/www.africa-press.net\/niger\/politique\/tillaberi-abrite-la-1ere-reunion-du-comite-technique-regional#primaryimage"},"thumbnailUrl":"https:\/\/static.africa-press.net\/niger\/sites\/40\/2021\/09\/img-6143675e5b6db.jpg","datePublished":"2021-09-16T16:11:00+00:00","author":{"@id":"https:\/\/www.africa-press.net\/niger\/#\/schema\/person\/2b1cf3cd81a31e3cd26889ca66d677f1"},"description":"\u00e9ri, 16 Sept (ANP) - Le Gouverneur de la r\u00e9gion, M. Ibrahim Tidjani Katiella a pr\u00e9sid\u00e9, le mercredi 15 septembre 2021 da ...","breadcrumb":{"@id":"https:\/\/www.africa-press.net\/niger\/politique\/tillaberi-abrite-la-1ere-reunion-du-comite-technique-regional#breadcrumb"},"inLanguage":"fr-FR","potentialAction":[{"@type":"ReadAction","target":["https:\/\/www.africa-press.net\/niger\/politique\/tillaberi-abrite-la-1ere-reunion-du-comite-technique-regional"]}]},{"@type":"ImageObject","inLanguage":"fr-FR","@id":"https:\/\/www.africa-press.net\/niger\/politique\/tillaberi-abrite-la-1ere-reunion-du-comite-technique-regional#primaryimage","url":"https:\/\/static.africa-press.net\/niger\/sites\/40\/2021\/09\/img-6143675e5b6db.jpg","contentUrl":"https:\/\/static.africa-press.net\/niger\/sites\/40\/2021\/09\/img-6143675e5b6db.jpg","width":992,"height":744,"caption":"Tillab\u00e9ri abrite la 1\u00e8re r\u00e9union du Comit\u00e9 Technique R\u00e9gional"},{"@type":"BreadcrumbList","@id":"https:\/\/www.africa-press.net\/niger\/politique\/tillaberi-abrite-la-1ere-reunion-du-comite-technique-regional#breadcrumb","itemListElement":[{"@type":"ListItem","position":1,"name":"Accueil","item":"https:\/\/www.africa-press.net\/niger\/"},{"@type":"ListItem","position":2,"name":"Tillab\u00e9ri abrite la 1\u00e8re r\u00e9union du Comit\u00e9 Technique R\u00e9gional"}]},{"@type":"WebSite","@id":"https:\/\/www.africa-press.net\/niger\/#website","url":"https:\/\/www.africa-press.net\/niger\/","name":"niger","description":"Just another Africa News Agency Sites site","potentialAction":[{"@type":"SearchAction","target":{"@type":"EntryPoint","urlTemplate":"https:\/\/www.africa-press.net\/niger\/?s={search_term_string}"},"query-input":{"@type":"PropertyValueSpecification","valueRequired":true,"valueName":"search_term_string"}}],"inLanguage":"fr-FR"},{"@type":"Person","@id":"https:\/\/www.africa-press.net\/niger\/#\/schema\/person\/2b1cf3cd81a31e3cd26889ca66d677f1","name":"cfeditorfr"}]}},"_links":{"self":[{"href":"https:\/\/www.africa-press.net\/niger\/wp-json\/wp\/v2\/posts\/11884","targetHints":{"allow":["GET"]}}],"collection":[{"href":"https:\/\/www.africa-press.net\/niger\/wp-json\/wp\/v2\/posts"}],"about":[{"href":"https:\/\/www.africa-press.net\/niger\/wp-json\/wp\/v2\/types\/post"}],"author":[{"embeddable":true,"href":"https:\/\/www.africa-press.net\/niger\/wp-json\/wp\/v2\/users\/82"}],"replies":[{"embeddable":true,"href":"https:\/\/www.africa-press.net\/niger\/wp-json\/wp\/v2\/comments?post=11884"}],"version-history":[{"count":0,"href":"https:\/\/www.africa-press.net\/niger\/wp-json\/wp\/v2\/posts\/11884\/revisions"}],"wp:featuredmedia":[{"embeddable":true,"href":"https:\/\/www.africa-press.net\/niger\/wp-json\/wp\/v2\/media\/11883"}],"wp:attachment":[{"href":"https:\/\/www.africa-press.net\/niger\/wp-json\/wp\/v2\/media?parent=11884"}],"wp:term":[{"taxonomy":"category","embeddable":true,"href":"https:\/\/www.africa-press.net\/niger\/wp-json\/wp\/v2\/categories?post=11884"},{"taxonomy":"post_tag","embeddable":true,"href":"https:\/\/www.africa-press.net\/niger\/wp-json\/wp\/v2\/tags?post=11884"}],"curies":[{"name":"wp","href":"https:\/\/api.w.org\/{rel}","templated":true}]}}