{"id":11893,"date":"2021-09-16T16:37:55","date_gmt":"2021-09-16T16:37:55","guid":{"rendered":"https:\/\/www.africa-press.net\/niger\/?p=11893"},"modified":"2021-09-17T17:58:50","modified_gmt":"2021-09-17T17:58:50","slug":"region-dagadez-les-terres-salees-dingall-accueillent-ledition-2021-de-la-fete-annuelle-des-eleveurs-nomades-du-niger-denommee-cure-salee","status":"publish","type":"post","link":"https:\/\/www.africa-press.net\/niger\/culture-et-art\/region-dagadez-les-terres-salees-dingall-accueillent-ledition-2021-de-la-fete-annuelle-des-eleveurs-nomades-du-niger-denommee-cure-salee","title":{"rendered":"R\u00e9gion d\u2019Agadez : Les terres sal\u00e9es d\u2019In\u2019Gall accueillent l\u2019\u00e9dition 2021 de la f\u00eate annuelle\u00a0 des \u00e9leveurs nomades du Niger d\u00e9nomm\u00e9e \u2018\u2019cure sal\u00e9e\u2019\u2019"},"content":{"rendered":"<p><span style=\"color: #ff6600\"><strong><a href=\"https:\/\/www.africa-press.net\/\">Africa-Press<\/a> &#8211; <a href=\"https:\/\/www.africa-press.net\/niger\">Niger<\/a>. <\/strong><\/span>In\u2019Gall qui accueille la cure sal\u00e9e ou f\u00eate annuelle des \u00e9leveurs nomades du Niger, la 56\u00e8me \u00e9dition cette ann\u00e9e, sous le parrainage du Pr\u00e9sident Bazoum Mohamed, est une ville dont l\u2019histoire, si riche, est intimement li\u00e9e \u00e0 celle d\u2019Agadez.<\/p>\n<p>Autrefois, la cure sal\u00e9e \u00e9tait pour les nomades, l\u2019occasion de pr\u00e9parer les transactions avec la Taghlam (caravane de sel), mais surtout de s\u2019entretenir et de traiter avec d\u2019autres caravaniers venus d\u2019horizons nord africains. Des si\u00e8cles durant le rassemblement des \u00e9leveurs avait servi de cadre non seulement de retrouvailles et d\u2019\u00e9changes, mais surtout de r\u00e8glement des conflits.<\/p>\n<p>La cure sal\u00e9e avait deux dimension essentielles : le d\u00e9placement des troupeaux vers le nord appel\u00e9 transhumance, et la dimension politique qui donnait \u00e0 l\u2019\u00e9poque l\u2019occasion d\u2019une grande rencontre dite \u2018\u2019Amanen\u2019\u2019 o\u00f9 les nomades r\u00e9unis autour du sultan r\u00e9glaient les conflits qui existaient entre les diff\u00e9rentes conf\u00e9d\u00e9rations touaregs qui renouvelaient leur all\u00e9geance \u00e0 l\u2019autorit\u00e9 du Sultan.<\/p>\n<p>Cette dimension de la f\u00eate a \u00e9t\u00e9 depuis la nuit des temps la plus importante car elle permettait de r\u00e9gler les probl\u00e8mes essentiels des populations nomades. L\u2019administration coloniale trouva une occasion rare pour rencontrer les chefs de tribus. Elle imprima \u00e0 la rencontre une autre dimension cette fois-ci politique et l\u2019administration nig\u00e9rienne, \u00e0 travers la cr\u00e9ation d\u2019un minist\u00e8re charg\u00e9 des affaires sahariennes et nomades confi\u00e9 \u00e0 un touareg, M. Mouddour Zakara prit le relais.<\/p>\n<p>Apr\u00e8s le renversement du r\u00e9gime de Diori Hamani, la junte militaire arriv\u00e9e au pouvoir s\u2019est aussi servi de la cure sal\u00e9e \u00e0 des fins politiques.<\/p>\n<p>La petite palmeraie de In\u2019 Gall, lieu de rassemblement annuel de la Cure Sal\u00e9e ou Tinekert est situ\u00e9e \u00e0 160 km au sud-ouest d\u2019Agadez. \u00c0 mi-chemin entre Agadez et Tahoua, elle se trouve dans la d\u00e9pression p\u00e9riph\u00e9rique de la falaise de Tiguidit.<\/p>\n<p>Dans cette zone le temps a fait son \u0153uvre et sous des climats pluvieux, des alluvions se sont d\u00e9pos\u00e9s aujourd&rsquo;hui pour devenir des argiles color\u00e9es qui font la beaut\u00e9 des plaines aux horizons infinis sur lesquels se d\u00e9tachent des buttes de gr\u00e8s, sentinelles avanc\u00e9es de la falaise de Tiguidit , des lits de kori et des bancs de sables merveilleux, secrets, insolites , lieux enchanteurs ou f\u00e9eriques qui se sont r\u00e9v\u00e9l\u00e9s en de fabuleux tr\u00e9sors touristiques.<\/p>\n<p>In \u2018Gall est une terre de contrastes entre les koris, les lits de sable et les plaines o\u00f9 le vent arrache une fine poussi\u00e8re qui souvent tourbillonne en se d\u00e9pla\u00e7ant rapidement \u00e0 la verticale vers le ciel jusqu\u2019\u00e0 150 m\u00e8tres de hauteur.<\/p>\n<p>La ville des Ighallawas, blottie entre une palmeraie et une ceinture verte, se laisse d\u00e9couvrir dans toute sa splendeur et ses myst\u00e8res. Le brassage des populations du sud et du nord donne davantage \u00e0 la localit\u00e9 son clich\u00e9 pass\u00e9 et pr\u00e9sent.<\/p>\n<p>Elle est anim\u00e9e et ses ruelles invitent les visiteurs \u00e0 la d\u00e9couverte. Comme si le village s&rsquo;est organis\u00e9 dans une unit\u00e9 solidaire pour se prot\u00e9ger des razzias d\u2019une \u00e9poque r\u00e9volue, le vieux noyau urbain conserve ses concessions \u00e9troitement serr\u00e9es, ses ruelles \u00e9troites qui forment un v\u00e9ritable labyrinthe difficilement accessibles aux visiteurs dans les anciens quartiers de Agafaye, Akoubla, Agazirb\u00e9r\u00e9, Tazaikoyo, Iguiwantalak, Bourgou, Langoussoun Ben\u00e9, Ataram, et T\u00e9guef Koyo..<\/p>\n<p>\u00c0 la crois\u00e9e des grandes routes caravani\u00e8res, In\u2019 Gall, tel un mirage surgi des grands espaces d\u00e9sertiques, a \u00e9t\u00e9 b\u00e2tie en contrebas de la colline Awalawal. Aujourd\u2019hui la perle de l\u2019Irhazer wan-n- Agadez tente de donner un sens \u00e0 son destin.<\/p>\n<p>Gr\u00e2ce au florissant commerce caravanier, In\u2019Gall fut une plaque tournante des activit\u00e9s socio-\u00e9conomiques de Tahoua, Agadez d\u2019une part, et Assamaka, Tamanrasset et Arlit d\u2019autre part. Le commerce des dattes, de sel et des produits pastoraux a \u00e9t\u00e9 florissant \u00e0 un moment donn\u00e9 de l\u2019histoire.<\/p>\n<p>Les populations locales parlent le Tasawaq, tr\u00e8s sp\u00e9cifique \u00e0 base de Songhay, Arabe et Tamasheq.<\/p>\n<p>Selon Pr A. Aboubacar, in \u2018\u2019Agadez et sa r\u00e9gion \u2018\u2019, c\u2019est sous le r\u00e8gne d\u2019Askia Mohamed que s\u2019install\u00e8rent, dans le sud-ouest de l\u2019A\u00efr, notamment \u00e0 In\u2019 Gall et \u00e0 Agadez, des colonies songhay pour consolider la conqu\u00eate, mais surtout pour renforcer la route caravani\u00e8re Gao-Egypte.<\/p>\n","protected":false},"excerpt":{"rendered":"<p>Africa-Press &#8211; Niger. In\u2019Gall qui accueille la cure sal\u00e9e ou f\u00eate annuelle des \u00e9leveurs nomades du Niger, la 56\u00e8me \u00e9dition cette ann\u00e9e, sous le parrainage du Pr\u00e9sident Bazoum Mohamed, est une ville dont l\u2019histoire, si riche, est intimement li\u00e9e \u00e0 celle d\u2019Agadez. Autrefois, la cure sal\u00e9e \u00e9tait pour les nomades, l\u2019occasion de pr\u00e9parer les transactions [&hellip;]<\/p>\n","protected":false},"author":82,"featured_media":11892,"comment_status":"open","ping_status":"closed","sticky":false,"template":"","format":"standard","meta":{"footnotes":""},"categories":[5,11,10],"tags":[55,60,29],"class_list":["post-11893","post","type-post","status-publish","format-standard","has-post-thumbnail","hentry","category-culture-et-art","category-homepage-french","category-toutes-les-actualites","tag-africa-press","tag-africa-press-niger","tag-niger"],"yoast_head":"<!-- This site is optimized with the Yoast SEO Premium plugin v26.1 (Yoast SEO v27.0) - https:\/\/yoast.com\/product\/yoast-seo-premium-wordpress\/ -->\n<title>R\u00e9gion d\u2019Agadez : Les terres sal\u00e9es d\u2019In\u2019Gall accueillent l\u2019\u00e9dition 2021 de la f\u00eate annuelle\u00a0 des \u00e9leveurs nomades du Niger d\u00e9nomm\u00e9e \u2018\u2019cure sal\u00e9e\u2019\u2019 - niger<\/title>\n<meta name=\"description\" content=\"In\u2019Gall qui accueille la cure sal\u00e9e ou f\u00eate annuelle des \u00e9leveurs nomades du Niger, la 56\u00e8me \u00e9dition cette ann\u00e9e, sous l ...\" \/>\n<meta name=\"robots\" content=\"index, follow, max-snippet:-1, max-image-preview:large, max-video-preview:-1\" \/>\n<link rel=\"canonical\" href=\"https:\/\/www.africa-press.net\/niger\/culture-et-art\/region-dagadez-les-terres-salees-dingall-accueillent-ledition-2021-de-la-fete-annuelle-des-eleveurs-nomades-du-niger-denommee-cure-salee\" \/>\n<meta property=\"og:locale\" content=\"fr_FR\" \/>\n<meta property=\"og:type\" content=\"article\" \/>\n<meta property=\"og:title\" content=\"R\u00e9gion d\u2019Agadez : Les terres sal\u00e9es d\u2019In\u2019Gall accueillent l\u2019\u00e9dition 2021 de la f\u00eate annuelle\u00a0 des \u00e9leveurs nomades du Niger d\u00e9nomm\u00e9e \u2018\u2019cure sal\u00e9e\u2019\u2019\" \/>\n<meta property=\"og:description\" content=\"In\u2019Gall qui accueille la cure sal\u00e9e ou f\u00eate annuelle des \u00e9leveurs nomades du Niger, la 56\u00e8me \u00e9dition cette ann\u00e9e, sous l ...\" \/>\n<meta property=\"og:url\" content=\"https:\/\/www.africa-press.net\/niger\/culture-et-art\/region-dagadez-les-terres-salees-dingall-accueillent-ledition-2021-de-la-fete-annuelle-des-eleveurs-nomades-du-niger-denommee-cure-salee\" \/>\n<meta property=\"og:site_name\" content=\"niger\" \/>\n<meta property=\"article:published_time\" content=\"2021-09-16T16:37:55+00:00\" \/>\n<meta property=\"article:modified_time\" content=\"2021-09-17T17:58:50+00:00\" \/>\n<meta property=\"og:image\" content=\"https:\/\/static.africa-press.net\/niger\/sites\/40\/2021\/09\/img-614367d1884f9.jpg\" \/>\n\t<meta property=\"og:image:width\" content=\"1080\" \/>\n\t<meta property=\"og:image:height\" content=\"567\" \/>\n\t<meta property=\"og:image:type\" content=\"image\/jpeg\" \/>\n<meta name=\"author\" content=\"cfeditorfr\" \/>\n<meta name=\"twitter:card\" content=\"summary_large_image\" \/>\n<meta name=\"twitter:label1\" content=\"\u00c9crit par\" \/>\n\t<meta name=\"twitter:data1\" content=\"cfeditorfr\" \/>\n\t<meta name=\"twitter:label2\" content=\"Dur\u00e9e de lecture estim\u00e9e\" \/>\n\t<meta name=\"twitter:data2\" content=\"4 minutes\" \/>\n<script type=\"application\/ld+json\" class=\"yoast-schema-graph\">{\"@context\":\"https:\/\/schema.org\",\"@graph\":[{\"@type\":\"Article\",\"@id\":\"https:\/\/www.africa-press.net\/niger\/culture-et-art\/region-dagadez-les-terres-salees-dingall-accueillent-ledition-2021-de-la-fete-annuelle-des-eleveurs-nomades-du-niger-denommee-cure-salee#article\",\"isPartOf\":{\"@id\":\"https:\/\/www.africa-press.net\/niger\/culture-et-art\/region-dagadez-les-terres-salees-dingall-accueillent-ledition-2021-de-la-fete-annuelle-des-eleveurs-nomades-du-niger-denommee-cure-salee\"},\"author\":{\"name\":\"cfeditorfr\",\"@id\":\"https:\/\/www.africa-press.net\/niger\/#\/schema\/person\/2b1cf3cd81a31e3cd26889ca66d677f1\"},\"headline\":\"R\u00e9gion d\u2019Agadez : Les terres sal\u00e9es d\u2019In\u2019Gall accueillent l\u2019\u00e9dition 2021 de la f\u00eate annuelle\u00a0 des \u00e9leveurs nomades du Niger d\u00e9nomm\u00e9e \u2018\u2019cure sal\u00e9e\u2019\u2019\",\"datePublished\":\"2021-09-16T16:37:55+00:00\",\"dateModified\":\"2021-09-17T17:58:50+00:00\",\"mainEntityOfPage\":{\"@id\":\"https:\/\/www.africa-press.net\/niger\/culture-et-art\/region-dagadez-les-terres-salees-dingall-accueillent-ledition-2021-de-la-fete-annuelle-des-eleveurs-nomades-du-niger-denommee-cure-salee\"},\"wordCount\":776,\"commentCount\":0,\"image\":{\"@id\":\"https:\/\/www.africa-press.net\/niger\/culture-et-art\/region-dagadez-les-terres-salees-dingall-accueillent-ledition-2021-de-la-fete-annuelle-des-eleveurs-nomades-du-niger-denommee-cure-salee#primaryimage\"},\"thumbnailUrl\":\"https:\/\/static.africa-press.net\/niger\/sites\/40\/2021\/09\/img-614367d1884f9.jpg\",\"keywords\":[\"Africa Press\",\"Africa Press-Niger\",\"Niger\"],\"articleSection\":[\"Culture et Art\",\"homepage-french\",\"Toutes les actualit\u00e9s\"],\"inLanguage\":\"fr-FR\",\"potentialAction\":[{\"@type\":\"CommentAction\",\"name\":\"Comment\",\"target\":[\"https:\/\/www.africa-press.net\/niger\/culture-et-art\/region-dagadez-les-terres-salees-dingall-accueillent-ledition-2021-de-la-fete-annuelle-des-eleveurs-nomades-du-niger-denommee-cure-salee#respond\"]}]},{\"@type\":\"WebPage\",\"@id\":\"https:\/\/www.africa-press.net\/niger\/culture-et-art\/region-dagadez-les-terres-salees-dingall-accueillent-ledition-2021-de-la-fete-annuelle-des-eleveurs-nomades-du-niger-denommee-cure-salee\",\"url\":\"https:\/\/www.africa-press.net\/niger\/culture-et-art\/region-dagadez-les-terres-salees-dingall-accueillent-ledition-2021-de-la-fete-annuelle-des-eleveurs-nomades-du-niger-denommee-cure-salee\",\"name\":\"R\u00e9gion d\u2019Agadez : Les terres sal\u00e9es d\u2019In\u2019Gall accueillent l\u2019\u00e9dition 2021 de la f\u00eate annuelle\u00a0 des \u00e9leveurs nomades du Niger d\u00e9nomm\u00e9e \u2018\u2019cure sal\u00e9e\u2019\u2019 - niger\",\"isPartOf\":{\"@id\":\"https:\/\/www.africa-press.net\/niger\/#website\"},\"primaryImageOfPage\":{\"@id\":\"https:\/\/www.africa-press.net\/niger\/culture-et-art\/region-dagadez-les-terres-salees-dingall-accueillent-ledition-2021-de-la-fete-annuelle-des-eleveurs-nomades-du-niger-denommee-cure-salee#primaryimage\"},\"image\":{\"@id\":\"https:\/\/www.africa-press.net\/niger\/culture-et-art\/region-dagadez-les-terres-salees-dingall-accueillent-ledition-2021-de-la-fete-annuelle-des-eleveurs-nomades-du-niger-denommee-cure-salee#primaryimage\"},\"thumbnailUrl\":\"https:\/\/static.africa-press.net\/niger\/sites\/40\/2021\/09\/img-614367d1884f9.jpg\",\"datePublished\":\"2021-09-16T16:37:55+00:00\",\"dateModified\":\"2021-09-17T17:58:50+00:00\",\"author\":{\"@id\":\"https:\/\/www.africa-press.net\/niger\/#\/schema\/person\/2b1cf3cd81a31e3cd26889ca66d677f1\"},\"description\":\"In\u2019Gall qui accueille la cure sal\u00e9e ou f\u00eate annuelle des \u00e9leveurs nomades du Niger, la 56\u00e8me \u00e9dition cette ann\u00e9e, sous l ...\",\"breadcrumb\":{\"@id\":\"https:\/\/www.africa-press.net\/niger\/culture-et-art\/region-dagadez-les-terres-salees-dingall-accueillent-ledition-2021-de-la-fete-annuelle-des-eleveurs-nomades-du-niger-denommee-cure-salee#breadcrumb\"},\"inLanguage\":\"fr-FR\",\"potentialAction\":[{\"@type\":\"ReadAction\",\"target\":[\"https:\/\/www.africa-press.net\/niger\/culture-et-art\/region-dagadez-les-terres-salees-dingall-accueillent-ledition-2021-de-la-fete-annuelle-des-eleveurs-nomades-du-niger-denommee-cure-salee\"]}]},{\"@type\":\"ImageObject\",\"inLanguage\":\"fr-FR\",\"@id\":\"https:\/\/www.africa-press.net\/niger\/culture-et-art\/region-dagadez-les-terres-salees-dingall-accueillent-ledition-2021-de-la-fete-annuelle-des-eleveurs-nomades-du-niger-denommee-cure-salee#primaryimage\",\"url\":\"https:\/\/static.africa-press.net\/niger\/sites\/40\/2021\/09\/img-614367d1884f9.jpg\",\"contentUrl\":\"https:\/\/static.africa-press.net\/niger\/sites\/40\/2021\/09\/img-614367d1884f9.jpg\",\"width\":1080,\"height\":567,\"caption\":\"R\u00e9gion d\u2019Agadez : Les terres sal\u00e9es d\u2019In\u2019Gall accueillent l\u2019\u00e9dition 2021 de la f\u00eate annuelle\u00a0 des \u00e9leveurs nomades du Niger d\u00e9nomm\u00e9e \u2018\u2019cure sal\u00e9e\u2019\u2019\"},{\"@type\":\"BreadcrumbList\",\"@id\":\"https:\/\/www.africa-press.net\/niger\/culture-et-art\/region-dagadez-les-terres-salees-dingall-accueillent-ledition-2021-de-la-fete-annuelle-des-eleveurs-nomades-du-niger-denommee-cure-salee#breadcrumb\",\"itemListElement\":[{\"@type\":\"ListItem\",\"position\":1,\"name\":\"Accueil\",\"item\":\"https:\/\/www.africa-press.net\/niger\/\"},{\"@type\":\"ListItem\",\"position\":2,\"name\":\"R\u00e9gion d\u2019Agadez : Les terres sal\u00e9es d\u2019In\u2019Gall accueillent l\u2019\u00e9dition 2021 de la f\u00eate annuelle\u00a0 des \u00e9leveurs nomades du Niger d\u00e9nomm\u00e9e \u2018\u2019cure sal\u00e9e\u2019\u2019\"}]},{\"@type\":\"WebSite\",\"@id\":\"https:\/\/www.africa-press.net\/niger\/#website\",\"url\":\"https:\/\/www.africa-press.net\/niger\/\",\"name\":\"niger\",\"description\":\"Just another Africa News Agency Sites site\",\"potentialAction\":[{\"@type\":\"SearchAction\",\"target\":{\"@type\":\"EntryPoint\",\"urlTemplate\":\"https:\/\/www.africa-press.net\/niger\/?s={search_term_string}\"},\"query-input\":{\"@type\":\"PropertyValueSpecification\",\"valueRequired\":true,\"valueName\":\"search_term_string\"}}],\"inLanguage\":\"fr-FR\"},{\"@type\":\"Person\",\"@id\":\"https:\/\/www.africa-press.net\/niger\/#\/schema\/person\/2b1cf3cd81a31e3cd26889ca66d677f1\",\"name\":\"cfeditorfr\"}]}<\/script>\n<!-- \/ Yoast SEO Premium plugin. -->","yoast_head_json":{"title":"R\u00e9gion d\u2019Agadez : Les terres sal\u00e9es d\u2019In\u2019Gall accueillent l\u2019\u00e9dition 2021 de la f\u00eate annuelle\u00a0 des \u00e9leveurs nomades du Niger d\u00e9nomm\u00e9e \u2018\u2019cure sal\u00e9e\u2019\u2019 - niger","description":"In\u2019Gall qui accueille la cure sal\u00e9e ou f\u00eate annuelle des \u00e9leveurs nomades du Niger, la 56\u00e8me \u00e9dition cette ann\u00e9e, sous l ...","robots":{"index":"index","follow":"follow","max-snippet":"max-snippet:-1","max-image-preview":"max-image-preview:large","max-video-preview":"max-video-preview:-1"},"canonical":"https:\/\/www.africa-press.net\/niger\/culture-et-art\/region-dagadez-les-terres-salees-dingall-accueillent-ledition-2021-de-la-fete-annuelle-des-eleveurs-nomades-du-niger-denommee-cure-salee","og_locale":"fr_FR","og_type":"article","og_title":"R\u00e9gion d\u2019Agadez : Les terres sal\u00e9es d\u2019In\u2019Gall accueillent l\u2019\u00e9dition 2021 de la f\u00eate annuelle\u00a0 des \u00e9leveurs nomades du Niger d\u00e9nomm\u00e9e \u2018\u2019cure sal\u00e9e\u2019\u2019","og_description":"In\u2019Gall qui accueille la cure sal\u00e9e ou f\u00eate annuelle des \u00e9leveurs nomades du Niger, la 56\u00e8me \u00e9dition cette ann\u00e9e, sous l ...","og_url":"https:\/\/www.africa-press.net\/niger\/culture-et-art\/region-dagadez-les-terres-salees-dingall-accueillent-ledition-2021-de-la-fete-annuelle-des-eleveurs-nomades-du-niger-denommee-cure-salee","og_site_name":"niger","article_published_time":"2021-09-16T16:37:55+00:00","article_modified_time":"2021-09-17T17:58:50+00:00","og_image":[{"width":1080,"height":567,"url":"https:\/\/static.africa-press.net\/niger\/sites\/40\/2021\/09\/img-614367d1884f9.jpg","type":"image\/jpeg"}],"author":"cfeditorfr","twitter_card":"summary_large_image","twitter_misc":{"\u00c9crit par":"cfeditorfr","Dur\u00e9e de lecture estim\u00e9e":"4 minutes"},"schema":{"@context":"https:\/\/schema.org","@graph":[{"@type":"Article","@id":"https:\/\/www.africa-press.net\/niger\/culture-et-art\/region-dagadez-les-terres-salees-dingall-accueillent-ledition-2021-de-la-fete-annuelle-des-eleveurs-nomades-du-niger-denommee-cure-salee#article","isPartOf":{"@id":"https:\/\/www.africa-press.net\/niger\/culture-et-art\/region-dagadez-les-terres-salees-dingall-accueillent-ledition-2021-de-la-fete-annuelle-des-eleveurs-nomades-du-niger-denommee-cure-salee"},"author":{"name":"cfeditorfr","@id":"https:\/\/www.africa-press.net\/niger\/#\/schema\/person\/2b1cf3cd81a31e3cd26889ca66d677f1"},"headline":"R\u00e9gion d\u2019Agadez : Les terres sal\u00e9es d\u2019In\u2019Gall accueillent l\u2019\u00e9dition 2021 de la f\u00eate annuelle\u00a0 des \u00e9leveurs nomades du Niger d\u00e9nomm\u00e9e \u2018\u2019cure sal\u00e9e\u2019\u2019","datePublished":"2021-09-16T16:37:55+00:00","dateModified":"2021-09-17T17:58:50+00:00","mainEntityOfPage":{"@id":"https:\/\/www.africa-press.net\/niger\/culture-et-art\/region-dagadez-les-terres-salees-dingall-accueillent-ledition-2021-de-la-fete-annuelle-des-eleveurs-nomades-du-niger-denommee-cure-salee"},"wordCount":776,"commentCount":0,"image":{"@id":"https:\/\/www.africa-press.net\/niger\/culture-et-art\/region-dagadez-les-terres-salees-dingall-accueillent-ledition-2021-de-la-fete-annuelle-des-eleveurs-nomades-du-niger-denommee-cure-salee#primaryimage"},"thumbnailUrl":"https:\/\/static.africa-press.net\/niger\/sites\/40\/2021\/09\/img-614367d1884f9.jpg","keywords":["Africa Press","Africa Press-Niger","Niger"],"articleSection":["Culture et Art","homepage-french","Toutes les actualit\u00e9s"],"inLanguage":"fr-FR","potentialAction":[{"@type":"CommentAction","name":"Comment","target":["https:\/\/www.africa-press.net\/niger\/culture-et-art\/region-dagadez-les-terres-salees-dingall-accueillent-ledition-2021-de-la-fete-annuelle-des-eleveurs-nomades-du-niger-denommee-cure-salee#respond"]}]},{"@type":"WebPage","@id":"https:\/\/www.africa-press.net\/niger\/culture-et-art\/region-dagadez-les-terres-salees-dingall-accueillent-ledition-2021-de-la-fete-annuelle-des-eleveurs-nomades-du-niger-denommee-cure-salee","url":"https:\/\/www.africa-press.net\/niger\/culture-et-art\/region-dagadez-les-terres-salees-dingall-accueillent-ledition-2021-de-la-fete-annuelle-des-eleveurs-nomades-du-niger-denommee-cure-salee","name":"R\u00e9gion d\u2019Agadez : Les terres sal\u00e9es d\u2019In\u2019Gall accueillent l\u2019\u00e9dition 2021 de la f\u00eate annuelle\u00a0 des \u00e9leveurs nomades du Niger d\u00e9nomm\u00e9e \u2018\u2019cure sal\u00e9e\u2019\u2019 - niger","isPartOf":{"@id":"https:\/\/www.africa-press.net\/niger\/#website"},"primaryImageOfPage":{"@id":"https:\/\/www.africa-press.net\/niger\/culture-et-art\/region-dagadez-les-terres-salees-dingall-accueillent-ledition-2021-de-la-fete-annuelle-des-eleveurs-nomades-du-niger-denommee-cure-salee#primaryimage"},"image":{"@id":"https:\/\/www.africa-press.net\/niger\/culture-et-art\/region-dagadez-les-terres-salees-dingall-accueillent-ledition-2021-de-la-fete-annuelle-des-eleveurs-nomades-du-niger-denommee-cure-salee#primaryimage"},"thumbnailUrl":"https:\/\/static.africa-press.net\/niger\/sites\/40\/2021\/09\/img-614367d1884f9.jpg","datePublished":"2021-09-16T16:37:55+00:00","dateModified":"2021-09-17T17:58:50+00:00","author":{"@id":"https:\/\/www.africa-press.net\/niger\/#\/schema\/person\/2b1cf3cd81a31e3cd26889ca66d677f1"},"description":"In\u2019Gall qui accueille la cure sal\u00e9e ou f\u00eate annuelle des \u00e9leveurs nomades du Niger, la 56\u00e8me \u00e9dition cette ann\u00e9e, sous l ...","breadcrumb":{"@id":"https:\/\/www.africa-press.net\/niger\/culture-et-art\/region-dagadez-les-terres-salees-dingall-accueillent-ledition-2021-de-la-fete-annuelle-des-eleveurs-nomades-du-niger-denommee-cure-salee#breadcrumb"},"inLanguage":"fr-FR","potentialAction":[{"@type":"ReadAction","target":["https:\/\/www.africa-press.net\/niger\/culture-et-art\/region-dagadez-les-terres-salees-dingall-accueillent-ledition-2021-de-la-fete-annuelle-des-eleveurs-nomades-du-niger-denommee-cure-salee"]}]},{"@type":"ImageObject","inLanguage":"fr-FR","@id":"https:\/\/www.africa-press.net\/niger\/culture-et-art\/region-dagadez-les-terres-salees-dingall-accueillent-ledition-2021-de-la-fete-annuelle-des-eleveurs-nomades-du-niger-denommee-cure-salee#primaryimage","url":"https:\/\/static.africa-press.net\/niger\/sites\/40\/2021\/09\/img-614367d1884f9.jpg","contentUrl":"https:\/\/static.africa-press.net\/niger\/sites\/40\/2021\/09\/img-614367d1884f9.jpg","width":1080,"height":567,"caption":"R\u00e9gion d\u2019Agadez : Les terres sal\u00e9es d\u2019In\u2019Gall accueillent l\u2019\u00e9dition 2021 de la f\u00eate annuelle\u00a0 des \u00e9leveurs nomades du Niger d\u00e9nomm\u00e9e \u2018\u2019cure sal\u00e9e\u2019\u2019"},{"@type":"BreadcrumbList","@id":"https:\/\/www.africa-press.net\/niger\/culture-et-art\/region-dagadez-les-terres-salees-dingall-accueillent-ledition-2021-de-la-fete-annuelle-des-eleveurs-nomades-du-niger-denommee-cure-salee#breadcrumb","itemListElement":[{"@type":"ListItem","position":1,"name":"Accueil","item":"https:\/\/www.africa-press.net\/niger\/"},{"@type":"ListItem","position":2,"name":"R\u00e9gion d\u2019Agadez : Les terres sal\u00e9es d\u2019In\u2019Gall accueillent l\u2019\u00e9dition 2021 de la f\u00eate annuelle\u00a0 des \u00e9leveurs nomades du Niger d\u00e9nomm\u00e9e \u2018\u2019cure sal\u00e9e\u2019\u2019"}]},{"@type":"WebSite","@id":"https:\/\/www.africa-press.net\/niger\/#website","url":"https:\/\/www.africa-press.net\/niger\/","name":"niger","description":"Just another Africa News Agency Sites site","potentialAction":[{"@type":"SearchAction","target":{"@type":"EntryPoint","urlTemplate":"https:\/\/www.africa-press.net\/niger\/?s={search_term_string}"},"query-input":{"@type":"PropertyValueSpecification","valueRequired":true,"valueName":"search_term_string"}}],"inLanguage":"fr-FR"},{"@type":"Person","@id":"https:\/\/www.africa-press.net\/niger\/#\/schema\/person\/2b1cf3cd81a31e3cd26889ca66d677f1","name":"cfeditorfr"}]}},"_links":{"self":[{"href":"https:\/\/www.africa-press.net\/niger\/wp-json\/wp\/v2\/posts\/11893","targetHints":{"allow":["GET"]}}],"collection":[{"href":"https:\/\/www.africa-press.net\/niger\/wp-json\/wp\/v2\/posts"}],"about":[{"href":"https:\/\/www.africa-press.net\/niger\/wp-json\/wp\/v2\/types\/post"}],"author":[{"embeddable":true,"href":"https:\/\/www.africa-press.net\/niger\/wp-json\/wp\/v2\/users\/82"}],"replies":[{"embeddable":true,"href":"https:\/\/www.africa-press.net\/niger\/wp-json\/wp\/v2\/comments?post=11893"}],"version-history":[{"count":0,"href":"https:\/\/www.africa-press.net\/niger\/wp-json\/wp\/v2\/posts\/11893\/revisions"}],"wp:featuredmedia":[{"embeddable":true,"href":"https:\/\/www.africa-press.net\/niger\/wp-json\/wp\/v2\/media\/11892"}],"wp:attachment":[{"href":"https:\/\/www.africa-press.net\/niger\/wp-json\/wp\/v2\/media?parent=11893"}],"wp:term":[{"taxonomy":"category","embeddable":true,"href":"https:\/\/www.africa-press.net\/niger\/wp-json\/wp\/v2\/categories?post=11893"},{"taxonomy":"post_tag","embeddable":true,"href":"https:\/\/www.africa-press.net\/niger\/wp-json\/wp\/v2\/tags?post=11893"}],"curies":[{"name":"wp","href":"https:\/\/api.w.org\/{rel}","templated":true}]}}