{"id":11899,"date":"2021-09-16T16:52:12","date_gmt":"2021-09-16T16:52:12","guid":{"rendered":"https:\/\/www.africa-press.net\/niger\/?p=11899"},"modified":"2021-09-17T17:59:09","modified_gmt":"2021-09-17T17:59:09","slug":"le-niger-vante-ses-potentiels-au-forum-des-investisseurs-pakistan-niger","status":"publish","type":"post","link":"https:\/\/www.africa-press.net\/niger\/politique\/le-niger-vante-ses-potentiels-au-forum-des-investisseurs-pakistan-niger","title":{"rendered":"Le Niger vante ses potentiels au forum des investisseurs Pakistan \u2013Niger"},"content":{"rendered":"<p><span style=\"color: #ff6600\"><strong><a href=\"https:\/\/www.africa-press.net\/\">Africa-Press<\/a> &#8211; <a href=\"https:\/\/www.africa-press.net\/niger\">Niger<\/a>. <\/strong><\/span>Le Niger a expos\u00e9 ses potentiels dans les domaines agro-sylvo-pastoraux et miniers \u00e0 l\u2019ouverture du premier forum des investisseurs Niger \u2013Pakistan, ce jeudi 16 septembre 2021 \u00e0 Niamey.<\/p>\n<p>En lan\u00e7ant les travaux de ce forum, le chef de gouvernement nig\u00e9rien, M. Ouhoumoudou Mahamadou a d\u00e9clar\u00e9 que \u2018\u2019notre pays regorge d\u2019immenses potentialit\u00e9s d\u2019investissement notamment dans le d\u00e9veloppement des cha\u00eenes de valeur agro-sylvo-pastorales ; la production des produits pharmaceutiques de base ; la m\u00e9canisation de l\u2019agriculture ; la production de l\u2019\u00e9nergie ; l\u2019exploitation des gisements p\u00e9troliers et miniers\u2019\u2019.<\/p>\n<p>\u2018\u2019De plus, la position g\u00e9ographique unique de Niger, pays charnier entre l\u2019Afrique au sud du Sahara et le Maghreb lui conf\u00e8re un avantage certain dans la perspective de la zone de libre-\u00e9change continental (ZLecaf)\u2019\u2019, a indiqu\u00e9 le Premier Ministre Ouhoumoudou.<\/p>\n<p>C\u2019est pour cela que le Niger a entrepris, selon le Premier Ministre, un certain nombre de r\u00e9formes devant permettre une facilitation et une r\u00e9duction des proc\u00e9dures de cr\u00e9ation d\u2019entreprises ou la mise en place d\u2019un bureau d\u2019information sur les cr\u00e9dits.<\/p>\n<p>Les autres mesures incitatives portent sur la facilitation d\u2019acc\u00e8s aux financements ; la facilitation des proc\u00e9dures de paiement d\u2019imp\u00f4ts ; la modernisation de proc\u00e9dure douani\u00e8re ; l\u2019adoption de la loi sur le partenariat public-priv\u00e9 ; l\u2019adoption d\u2019un code minier et p\u00e9trolier ainsi qu\u2019une loi d\u2019\u00e9laboration d\u2019un projet de loi sur le cadre juridique et institutionnel de gouvernance de la zone \u00e9conomique sp\u00e9ciale.<\/p>\n<p>Ces potentialit\u00e9s ont \u00e9t\u00e9 d\u2019ailleurs expos\u00e9es par l\u2019Ambassadeur du Pakistan au Niger, M. Ahmed Ali sirohey dans son mot de bienvenue qui a, d\u2019ailleurs, demand\u00e9 \u00e0 ses \u2018\u2019conf\u00e8res investisseurs de saisir l\u2019opportunit\u00e9 pour installer leurs industries au Niger\u2019\u2019.<\/p>\n<p>Pour sa part, le Ministre f\u00e9d\u00e9ral du Pakistan, chef de la d\u00e9l\u00e9gation, M. Pir Noor Ul Har Qadri a exprim\u00e9 \u2018\u2019la disponibilit\u00e9 de son pays \u00e0 appuyer le Niger dans tous les domaines\u2019\u2019 tout en rassurant qu\u2019il y\u2019a dans sa d\u00e9l\u00e9gation \u2018\u2019des leaders dans les domaines de l\u2019agriculture, de la sant\u00e9, de la gestion de l\u2019eau, de la construction, et de la riziculture\u2019\u2019.<\/p>\n<p>Il a, par l\u2019ensuite, rassur\u00e9 que \u2018\u2019les op\u00e9rateurs \u00e9conomiques du Niger peuvent b\u00e9n\u00e9ficier des politiques simples d\u2019investissements du Pakistan\u2019\u2019.<\/p>\n<p>\u2018\u2019Nous avons beaucoup d\u2019opportunit\u00e9s \u00e0 cause de notre position g\u00e9ographique et strat\u00e9gique\u2019\u2019 a-t-il soulign\u00e9.<\/p>\n<p>Le chef de la d\u00e9l\u00e9gation pakistanaise a, enfin, annonc\u00e9 leur disponibilit\u00e9 \u00e0 partager leurs exp\u00e9riences dans la lutte contre la d\u00e9sertification et la pauvret\u00e9.<\/p>\n","protected":false},"excerpt":{"rendered":"<p>Africa-Press &#8211; Niger. Le Niger a expos\u00e9 ses potentiels dans les domaines agro-sylvo-pastoraux et miniers \u00e0 l\u2019ouverture du premier forum des investisseurs Niger \u2013Pakistan, ce jeudi 16 septembre 2021 \u00e0 Niamey. En lan\u00e7ant les travaux de ce forum, le chef de gouvernement nig\u00e9rien, M. Ouhoumoudou Mahamadou a d\u00e9clar\u00e9 que \u2018\u2019notre pays regorge d\u2019immenses potentialit\u00e9s d\u2019investissement [&hellip;]<\/p>\n","protected":false},"author":82,"featured_media":11898,"comment_status":"open","ping_status":"closed","sticky":false,"template":"","format":"standard","meta":{"footnotes":""},"categories":[11,2,20,10],"tags":[55,60,29],"class_list":["post-11899","post","type-post","status-publish","format-standard","has-post-thumbnail","hentry","category-homepage-french","category-politique","category-top-nouvelles","category-toutes-les-actualites","tag-africa-press","tag-africa-press-niger","tag-niger"],"yoast_head":"<!-- This site is optimized with the Yoast SEO Premium plugin v26.1 (Yoast SEO v27.0) - https:\/\/yoast.com\/product\/yoast-seo-premium-wordpress\/ -->\n<title>Le Niger vante ses potentiels au forum des investisseurs Pakistan \u2013Niger - niger<\/title>\n<meta name=\"description\" content=\", 16 Sept(ANP)- Le Niger a expos\u00e9 ses potentiels dans les domaines agro-sylvo-pastoraux et miniers \u00e0 l\u2019ouverture du prem ...\" \/>\n<meta name=\"robots\" content=\"index, follow, max-snippet:-1, max-image-preview:large, max-video-preview:-1\" \/>\n<link rel=\"canonical\" href=\"https:\/\/www.africa-press.net\/niger\/politique\/le-niger-vante-ses-potentiels-au-forum-des-investisseurs-pakistan-niger\" \/>\n<meta property=\"og:locale\" content=\"fr_FR\" \/>\n<meta property=\"og:type\" content=\"article\" \/>\n<meta property=\"og:title\" content=\"Le Niger vante ses potentiels au forum des investisseurs Pakistan \u2013Niger\" \/>\n<meta property=\"og:description\" content=\", 16 Sept(ANP)- Le Niger a expos\u00e9 ses potentiels dans les domaines agro-sylvo-pastoraux et miniers \u00e0 l\u2019ouverture du prem ...\" \/>\n<meta property=\"og:url\" content=\"https:\/\/www.africa-press.net\/niger\/politique\/le-niger-vante-ses-potentiels-au-forum-des-investisseurs-pakistan-niger\" \/>\n<meta property=\"og:site_name\" content=\"niger\" \/>\n<meta property=\"article:published_time\" content=\"2021-09-16T16:52:12+00:00\" \/>\n<meta property=\"article:modified_time\" content=\"2021-09-17T17:59:09+00:00\" \/>\n<meta property=\"og:image\" content=\"https:\/\/static.africa-press.net\/niger\/sites\/40\/2021\/09\/img-6143681e3445b.jpg\" \/>\n\t<meta property=\"og:image:width\" content=\"1920\" \/>\n\t<meta property=\"og:image:height\" content=\"1280\" \/>\n\t<meta property=\"og:image:type\" content=\"image\/jpeg\" \/>\n<meta name=\"author\" content=\"cfeditorfr\" \/>\n<meta name=\"twitter:card\" content=\"summary_large_image\" \/>\n<meta name=\"twitter:label1\" content=\"\u00c9crit par\" \/>\n\t<meta name=\"twitter:data1\" content=\"cfeditorfr\" \/>\n\t<meta name=\"twitter:label2\" content=\"Dur\u00e9e de lecture estim\u00e9e\" \/>\n\t<meta name=\"twitter:data2\" content=\"2 minutes\" \/>\n<script type=\"application\/ld+json\" class=\"yoast-schema-graph\">{\"@context\":\"https:\/\/schema.org\",\"@graph\":[{\"@type\":\"Article\",\"@id\":\"https:\/\/www.africa-press.net\/niger\/politique\/le-niger-vante-ses-potentiels-au-forum-des-investisseurs-pakistan-niger#article\",\"isPartOf\":{\"@id\":\"https:\/\/www.africa-press.net\/niger\/politique\/le-niger-vante-ses-potentiels-au-forum-des-investisseurs-pakistan-niger\"},\"author\":{\"name\":\"cfeditorfr\",\"@id\":\"https:\/\/www.africa-press.net\/niger\/#\/schema\/person\/2b1cf3cd81a31e3cd26889ca66d677f1\"},\"headline\":\"Le Niger vante ses potentiels au forum des investisseurs Pakistan \u2013Niger\",\"datePublished\":\"2021-09-16T16:52:12+00:00\",\"dateModified\":\"2021-09-17T17:59:09+00:00\",\"mainEntityOfPage\":{\"@id\":\"https:\/\/www.africa-press.net\/niger\/politique\/le-niger-vante-ses-potentiels-au-forum-des-investisseurs-pakistan-niger\"},\"wordCount\":456,\"commentCount\":0,\"image\":{\"@id\":\"https:\/\/www.africa-press.net\/niger\/politique\/le-niger-vante-ses-potentiels-au-forum-des-investisseurs-pakistan-niger#primaryimage\"},\"thumbnailUrl\":\"https:\/\/static.africa-press.net\/niger\/sites\/40\/2021\/09\/img-6143681e3445b.jpg\",\"keywords\":[\"Africa Press\",\"Africa Press-Niger\",\"Niger\"],\"articleSection\":[\"homepage-french\",\"Politique\",\"Top Nouvelles\",\"Toutes les actualit\u00e9s\"],\"inLanguage\":\"fr-FR\",\"potentialAction\":[{\"@type\":\"CommentAction\",\"name\":\"Comment\",\"target\":[\"https:\/\/www.africa-press.net\/niger\/politique\/le-niger-vante-ses-potentiels-au-forum-des-investisseurs-pakistan-niger#respond\"]}]},{\"@type\":\"WebPage\",\"@id\":\"https:\/\/www.africa-press.net\/niger\/politique\/le-niger-vante-ses-potentiels-au-forum-des-investisseurs-pakistan-niger\",\"url\":\"https:\/\/www.africa-press.net\/niger\/politique\/le-niger-vante-ses-potentiels-au-forum-des-investisseurs-pakistan-niger\",\"name\":\"Le Niger vante ses potentiels au forum des investisseurs Pakistan \u2013Niger - niger\",\"isPartOf\":{\"@id\":\"https:\/\/www.africa-press.net\/niger\/#website\"},\"primaryImageOfPage\":{\"@id\":\"https:\/\/www.africa-press.net\/niger\/politique\/le-niger-vante-ses-potentiels-au-forum-des-investisseurs-pakistan-niger#primaryimage\"},\"image\":{\"@id\":\"https:\/\/www.africa-press.net\/niger\/politique\/le-niger-vante-ses-potentiels-au-forum-des-investisseurs-pakistan-niger#primaryimage\"},\"thumbnailUrl\":\"https:\/\/static.africa-press.net\/niger\/sites\/40\/2021\/09\/img-6143681e3445b.jpg\",\"datePublished\":\"2021-09-16T16:52:12+00:00\",\"dateModified\":\"2021-09-17T17:59:09+00:00\",\"author\":{\"@id\":\"https:\/\/www.africa-press.net\/niger\/#\/schema\/person\/2b1cf3cd81a31e3cd26889ca66d677f1\"},\"description\":\", 16 Sept(ANP)- Le Niger a expos\u00e9 ses potentiels dans les domaines agro-sylvo-pastoraux et miniers \u00e0 l\u2019ouverture du prem ...\",\"breadcrumb\":{\"@id\":\"https:\/\/www.africa-press.net\/niger\/politique\/le-niger-vante-ses-potentiels-au-forum-des-investisseurs-pakistan-niger#breadcrumb\"},\"inLanguage\":\"fr-FR\",\"potentialAction\":[{\"@type\":\"ReadAction\",\"target\":[\"https:\/\/www.africa-press.net\/niger\/politique\/le-niger-vante-ses-potentiels-au-forum-des-investisseurs-pakistan-niger\"]}]},{\"@type\":\"ImageObject\",\"inLanguage\":\"fr-FR\",\"@id\":\"https:\/\/www.africa-press.net\/niger\/politique\/le-niger-vante-ses-potentiels-au-forum-des-investisseurs-pakistan-niger#primaryimage\",\"url\":\"https:\/\/static.africa-press.net\/niger\/sites\/40\/2021\/09\/img-6143681e3445b.jpg\",\"contentUrl\":\"https:\/\/static.africa-press.net\/niger\/sites\/40\/2021\/09\/img-6143681e3445b.jpg\",\"width\":1920,\"height\":1280,\"caption\":\"Le Niger vante ses potentiels au forum des investisseurs Pakistan \u2013Niger\"},{\"@type\":\"BreadcrumbList\",\"@id\":\"https:\/\/www.africa-press.net\/niger\/politique\/le-niger-vante-ses-potentiels-au-forum-des-investisseurs-pakistan-niger#breadcrumb\",\"itemListElement\":[{\"@type\":\"ListItem\",\"position\":1,\"name\":\"Accueil\",\"item\":\"https:\/\/www.africa-press.net\/niger\/\"},{\"@type\":\"ListItem\",\"position\":2,\"name\":\"Le Niger vante ses potentiels au forum des investisseurs Pakistan \u2013Niger\"}]},{\"@type\":\"WebSite\",\"@id\":\"https:\/\/www.africa-press.net\/niger\/#website\",\"url\":\"https:\/\/www.africa-press.net\/niger\/\",\"name\":\"niger\",\"description\":\"Just another Africa News Agency Sites site\",\"potentialAction\":[{\"@type\":\"SearchAction\",\"target\":{\"@type\":\"EntryPoint\",\"urlTemplate\":\"https:\/\/www.africa-press.net\/niger\/?s={search_term_string}\"},\"query-input\":{\"@type\":\"PropertyValueSpecification\",\"valueRequired\":true,\"valueName\":\"search_term_string\"}}],\"inLanguage\":\"fr-FR\"},{\"@type\":\"Person\",\"@id\":\"https:\/\/www.africa-press.net\/niger\/#\/schema\/person\/2b1cf3cd81a31e3cd26889ca66d677f1\",\"name\":\"cfeditorfr\"}]}<\/script>\n<!-- \/ Yoast SEO Premium plugin. -->","yoast_head_json":{"title":"Le Niger vante ses potentiels au forum des investisseurs Pakistan \u2013Niger - niger","description":", 16 Sept(ANP)- Le Niger a expos\u00e9 ses potentiels dans les domaines agro-sylvo-pastoraux et miniers \u00e0 l\u2019ouverture du prem ...","robots":{"index":"index","follow":"follow","max-snippet":"max-snippet:-1","max-image-preview":"max-image-preview:large","max-video-preview":"max-video-preview:-1"},"canonical":"https:\/\/www.africa-press.net\/niger\/politique\/le-niger-vante-ses-potentiels-au-forum-des-investisseurs-pakistan-niger","og_locale":"fr_FR","og_type":"article","og_title":"Le Niger vante ses potentiels au forum des investisseurs Pakistan \u2013Niger","og_description":", 16 Sept(ANP)- Le Niger a expos\u00e9 ses potentiels dans les domaines agro-sylvo-pastoraux et miniers \u00e0 l\u2019ouverture du prem ...","og_url":"https:\/\/www.africa-press.net\/niger\/politique\/le-niger-vante-ses-potentiels-au-forum-des-investisseurs-pakistan-niger","og_site_name":"niger","article_published_time":"2021-09-16T16:52:12+00:00","article_modified_time":"2021-09-17T17:59:09+00:00","og_image":[{"width":1920,"height":1280,"url":"https:\/\/static.africa-press.net\/niger\/sites\/40\/2021\/09\/img-6143681e3445b.jpg","type":"image\/jpeg"}],"author":"cfeditorfr","twitter_card":"summary_large_image","twitter_misc":{"\u00c9crit par":"cfeditorfr","Dur\u00e9e de lecture estim\u00e9e":"2 minutes"},"schema":{"@context":"https:\/\/schema.org","@graph":[{"@type":"Article","@id":"https:\/\/www.africa-press.net\/niger\/politique\/le-niger-vante-ses-potentiels-au-forum-des-investisseurs-pakistan-niger#article","isPartOf":{"@id":"https:\/\/www.africa-press.net\/niger\/politique\/le-niger-vante-ses-potentiels-au-forum-des-investisseurs-pakistan-niger"},"author":{"name":"cfeditorfr","@id":"https:\/\/www.africa-press.net\/niger\/#\/schema\/person\/2b1cf3cd81a31e3cd26889ca66d677f1"},"headline":"Le Niger vante ses potentiels au forum des investisseurs Pakistan \u2013Niger","datePublished":"2021-09-16T16:52:12+00:00","dateModified":"2021-09-17T17:59:09+00:00","mainEntityOfPage":{"@id":"https:\/\/www.africa-press.net\/niger\/politique\/le-niger-vante-ses-potentiels-au-forum-des-investisseurs-pakistan-niger"},"wordCount":456,"commentCount":0,"image":{"@id":"https:\/\/www.africa-press.net\/niger\/politique\/le-niger-vante-ses-potentiels-au-forum-des-investisseurs-pakistan-niger#primaryimage"},"thumbnailUrl":"https:\/\/static.africa-press.net\/niger\/sites\/40\/2021\/09\/img-6143681e3445b.jpg","keywords":["Africa Press","Africa Press-Niger","Niger"],"articleSection":["homepage-french","Politique","Top Nouvelles","Toutes les actualit\u00e9s"],"inLanguage":"fr-FR","potentialAction":[{"@type":"CommentAction","name":"Comment","target":["https:\/\/www.africa-press.net\/niger\/politique\/le-niger-vante-ses-potentiels-au-forum-des-investisseurs-pakistan-niger#respond"]}]},{"@type":"WebPage","@id":"https:\/\/www.africa-press.net\/niger\/politique\/le-niger-vante-ses-potentiels-au-forum-des-investisseurs-pakistan-niger","url":"https:\/\/www.africa-press.net\/niger\/politique\/le-niger-vante-ses-potentiels-au-forum-des-investisseurs-pakistan-niger","name":"Le Niger vante ses potentiels au forum des investisseurs Pakistan \u2013Niger - niger","isPartOf":{"@id":"https:\/\/www.africa-press.net\/niger\/#website"},"primaryImageOfPage":{"@id":"https:\/\/www.africa-press.net\/niger\/politique\/le-niger-vante-ses-potentiels-au-forum-des-investisseurs-pakistan-niger#primaryimage"},"image":{"@id":"https:\/\/www.africa-press.net\/niger\/politique\/le-niger-vante-ses-potentiels-au-forum-des-investisseurs-pakistan-niger#primaryimage"},"thumbnailUrl":"https:\/\/static.africa-press.net\/niger\/sites\/40\/2021\/09\/img-6143681e3445b.jpg","datePublished":"2021-09-16T16:52:12+00:00","dateModified":"2021-09-17T17:59:09+00:00","author":{"@id":"https:\/\/www.africa-press.net\/niger\/#\/schema\/person\/2b1cf3cd81a31e3cd26889ca66d677f1"},"description":", 16 Sept(ANP)- Le Niger a expos\u00e9 ses potentiels dans les domaines agro-sylvo-pastoraux et miniers \u00e0 l\u2019ouverture du prem ...","breadcrumb":{"@id":"https:\/\/www.africa-press.net\/niger\/politique\/le-niger-vante-ses-potentiels-au-forum-des-investisseurs-pakistan-niger#breadcrumb"},"inLanguage":"fr-FR","potentialAction":[{"@type":"ReadAction","target":["https:\/\/www.africa-press.net\/niger\/politique\/le-niger-vante-ses-potentiels-au-forum-des-investisseurs-pakistan-niger"]}]},{"@type":"ImageObject","inLanguage":"fr-FR","@id":"https:\/\/www.africa-press.net\/niger\/politique\/le-niger-vante-ses-potentiels-au-forum-des-investisseurs-pakistan-niger#primaryimage","url":"https:\/\/static.africa-press.net\/niger\/sites\/40\/2021\/09\/img-6143681e3445b.jpg","contentUrl":"https:\/\/static.africa-press.net\/niger\/sites\/40\/2021\/09\/img-6143681e3445b.jpg","width":1920,"height":1280,"caption":"Le Niger vante ses potentiels au forum des investisseurs Pakistan \u2013Niger"},{"@type":"BreadcrumbList","@id":"https:\/\/www.africa-press.net\/niger\/politique\/le-niger-vante-ses-potentiels-au-forum-des-investisseurs-pakistan-niger#breadcrumb","itemListElement":[{"@type":"ListItem","position":1,"name":"Accueil","item":"https:\/\/www.africa-press.net\/niger\/"},{"@type":"ListItem","position":2,"name":"Le Niger vante ses potentiels au forum des investisseurs Pakistan \u2013Niger"}]},{"@type":"WebSite","@id":"https:\/\/www.africa-press.net\/niger\/#website","url":"https:\/\/www.africa-press.net\/niger\/","name":"niger","description":"Just another Africa News Agency Sites site","potentialAction":[{"@type":"SearchAction","target":{"@type":"EntryPoint","urlTemplate":"https:\/\/www.africa-press.net\/niger\/?s={search_term_string}"},"query-input":{"@type":"PropertyValueSpecification","valueRequired":true,"valueName":"search_term_string"}}],"inLanguage":"fr-FR"},{"@type":"Person","@id":"https:\/\/www.africa-press.net\/niger\/#\/schema\/person\/2b1cf3cd81a31e3cd26889ca66d677f1","name":"cfeditorfr"}]}},"_links":{"self":[{"href":"https:\/\/www.africa-press.net\/niger\/wp-json\/wp\/v2\/posts\/11899","targetHints":{"allow":["GET"]}}],"collection":[{"href":"https:\/\/www.africa-press.net\/niger\/wp-json\/wp\/v2\/posts"}],"about":[{"href":"https:\/\/www.africa-press.net\/niger\/wp-json\/wp\/v2\/types\/post"}],"author":[{"embeddable":true,"href":"https:\/\/www.africa-press.net\/niger\/wp-json\/wp\/v2\/users\/82"}],"replies":[{"embeddable":true,"href":"https:\/\/www.africa-press.net\/niger\/wp-json\/wp\/v2\/comments?post=11899"}],"version-history":[{"count":0,"href":"https:\/\/www.africa-press.net\/niger\/wp-json\/wp\/v2\/posts\/11899\/revisions"}],"wp:featuredmedia":[{"embeddable":true,"href":"https:\/\/www.africa-press.net\/niger\/wp-json\/wp\/v2\/media\/11898"}],"wp:attachment":[{"href":"https:\/\/www.africa-press.net\/niger\/wp-json\/wp\/v2\/media?parent=11899"}],"wp:term":[{"taxonomy":"category","embeddable":true,"href":"https:\/\/www.africa-press.net\/niger\/wp-json\/wp\/v2\/categories?post=11899"},{"taxonomy":"post_tag","embeddable":true,"href":"https:\/\/www.africa-press.net\/niger\/wp-json\/wp\/v2\/tags?post=11899"}],"curies":[{"name":"wp","href":"https:\/\/api.w.org\/{rel}","templated":true}]}}