{"id":11902,"date":"2021-09-16T17:00:50","date_gmt":"2021-09-16T17:00:50","guid":{"rendered":"https:\/\/www.africa-press.net\/niger\/?p=11902"},"modified":"2021-09-17T17:59:17","modified_gmt":"2021-09-17T17:59:17","slug":"1ere-edition-de-la-journee-internationale-de-la-culture-toubou-a-niamey","status":"publish","type":"post","link":"https:\/\/www.africa-press.net\/niger\/culture-et-art\/1ere-edition-de-la-journee-internationale-de-la-culture-toubou-a-niamey","title":{"rendered":"1\u00e9re Edition de la journ\u00e9e  Internationale de la culture Toubou \u00e0 Niamey"},"content":{"rendered":"<p><span style=\"color: #ff6600\"><strong><a href=\"https:\/\/www.africa-press.net\/\">Africa-Press<\/a> &#8211; <a href=\"https:\/\/www.africa-press.net\/niger\">Niger<\/a>. <\/strong><\/span>La 1\u00e9re \u00e9dition de la journ\u00e9e internationale de la culture Toubou (Nomade du Sahara) s\u2019est ouverte ce mercredi 15 septembre 2021, au centre technique de la FENIFOOT \u00e0 Niamey.<\/p>\n<p>La c\u00e9r\u00e9monie riche en sonorit\u00e9s et couleurs a \u00e9t\u00e9 marqu\u00e9e par l\u2019exhibition de la richesse culturelle de cette communaut\u00e9 vivant au Sahara central, \u00e0 cheval entre le Niger, le Tchad et la Libye.<\/p>\n<p>Les danses, les chansons, l\u2019habitat ou les recettes culinaires expriment la legerit\u00e9, la souplesse et le raffinement qu\u2019exigent un environnement (d\u00e9sert) et un mode de vie nomade.<\/p>\n<p>Le tchegu\u00e9ni (guitare, bicorde) qu&rsquo;accompagne le berger dans son nomadisme perp\u00e9tuel est un outil d\u2019expression et de \u2018\u2019d\u00e9sisolement\u2019\u2019 dans l\u2019immensit\u00e9 d\u00e9sertique.<\/p>\n<p>Le son, \u00e0 la fois langoureux et b\u00e9gayant de l&rsquo;instrument arrache des frissons \u00e0 la limite d\u2019extase aupr\u00e8s du joueur.<\/p>\n<p>Aux c\u00f4t\u00e9s de cet instrument solo, le \u2018\u2019NAGARA\u2019\u2019 est un tambour battu en groupe, exigeant de l\u2019\u00e9nergie et de la virtuosit\u00e9.<\/p>\n<p>Son rugissement est accompagn\u00e9 des pas de danse \u00e0 la fois de gr\u00e2ce et d\u2019\u00e9nergie ex\u00e9cut\u00e9s par des danseuses et des danseurs autour du tambour.<\/p>\n<p>Quant au Kidi, port\u00e9 autour du cou, il est ex\u00e9cut\u00e9 par un maitre chanteur qu\u2019il le bat des deux mains.<\/p>\n<p>Le mugissement du tambour est accompagn\u00e9 de chansons m\u00e9lodieuses du maitre de la parole \u00e0 la fois po\u00e8te, g\u00e9n\u00e9alogiste et troubadour.<\/p>\n<p>Outre ces talents artistiques, la communaut\u00e9 Toubou a d\u00e9velopp\u00e9 un savoir vivre autour du chameau, ce vaisseau du Sahara.<\/p>\n<p>Le public de Niamey a eu droit au \u2018\u2019rite\u2019\u2019 de harnachement d\u2019un chameau et \u00e0 la s\u00e9ance de \u2018\u2019monture\u2019\u2019.<\/p>\n<p>Par ailleurs, des mets typiquement Sahariens (\u00e9nerg\u00e9tique, faciles \u00e0 cuisiner et \u00e0 conserver) et des habitats (mobiles, adapt\u00e9s au nomadisme et \u00e0 la rigueur du climat) ont \u00e9t\u00e9 expos\u00e9s.<\/p>\n<p>La communaut\u00e9 Toubou du Niger, du Tchad et de la Libye compte pour un demi-million de membres, selon des sources.<\/p>\n","protected":false},"excerpt":{"rendered":"<p>Africa-Press &#8211; Niger. La 1\u00e9re \u00e9dition de la journ\u00e9e internationale de la culture Toubou (Nomade du Sahara) s\u2019est ouverte ce mercredi 15 septembre 2021, au centre technique de la FENIFOOT \u00e0 Niamey. La c\u00e9r\u00e9monie riche en sonorit\u00e9s et couleurs a \u00e9t\u00e9 marqu\u00e9e par l\u2019exhibition de la richesse culturelle de cette communaut\u00e9 vivant au Sahara central, [&hellip;]<\/p>\n","protected":false},"author":82,"featured_media":11901,"comment_status":"open","ping_status":"closed","sticky":false,"template":"","format":"standard","meta":{"footnotes":""},"categories":[5,11,10],"tags":[55,60,29],"class_list":["post-11902","post","type-post","status-publish","format-standard","has-post-thumbnail","hentry","category-culture-et-art","category-homepage-french","category-toutes-les-actualites","tag-africa-press","tag-africa-press-niger","tag-niger"],"yoast_head":"<!-- This site is optimized with the Yoast SEO Premium plugin v26.1 (Yoast SEO v27.0) - https:\/\/yoast.com\/product\/yoast-seo-premium-wordpress\/ -->\n<title>1\u00e9re Edition de la journ\u00e9e Internationale de la culture Toubou \u00e0 Niamey - niger<\/title>\n<meta name=\"description\" content=\"La 1\u00e9re \u00e9dition de la journ\u00e9e internationale de la culture Toubou (Nomade du Sahara) s\u2019est ouverte ce mercredi 15 septem ...\" \/>\n<meta name=\"robots\" content=\"index, follow, max-snippet:-1, max-image-preview:large, max-video-preview:-1\" \/>\n<link rel=\"canonical\" href=\"https:\/\/www.africa-press.net\/niger\/culture-et-art\/1ere-edition-de-la-journee-internationale-de-la-culture-toubou-a-niamey\" \/>\n<meta property=\"og:locale\" content=\"fr_FR\" \/>\n<meta property=\"og:type\" content=\"article\" \/>\n<meta property=\"og:title\" content=\"1\u00e9re Edition de la journ\u00e9e Internationale de la culture Toubou \u00e0 Niamey\" \/>\n<meta property=\"og:description\" content=\"La 1\u00e9re \u00e9dition de la journ\u00e9e internationale de la culture Toubou (Nomade du Sahara) s\u2019est ouverte ce mercredi 15 septem ...\" \/>\n<meta property=\"og:url\" content=\"https:\/\/www.africa-press.net\/niger\/culture-et-art\/1ere-edition-de-la-journee-internationale-de-la-culture-toubou-a-niamey\" \/>\n<meta property=\"og:site_name\" content=\"niger\" \/>\n<meta property=\"article:published_time\" content=\"2021-09-16T17:00:50+00:00\" \/>\n<meta property=\"article:modified_time\" content=\"2021-09-17T17:59:17+00:00\" \/>\n<meta property=\"og:image\" content=\"https:\/\/static.africa-press.net\/niger\/sites\/40\/2021\/09\/img-61436845dc959.jpg\" \/>\n\t<meta property=\"og:image:width\" content=\"720\" \/>\n\t<meta property=\"og:image:height\" content=\"478\" \/>\n\t<meta property=\"og:image:type\" content=\"image\/jpeg\" \/>\n<meta name=\"author\" content=\"cfeditorfr\" \/>\n<meta name=\"twitter:card\" content=\"summary_large_image\" \/>\n<meta name=\"twitter:label1\" content=\"\u00c9crit par\" \/>\n\t<meta name=\"twitter:data1\" content=\"cfeditorfr\" \/>\n\t<meta name=\"twitter:label2\" content=\"Dur\u00e9e de lecture estim\u00e9e\" \/>\n\t<meta name=\"twitter:data2\" content=\"2 minutes\" \/>\n<script type=\"application\/ld+json\" class=\"yoast-schema-graph\">{\"@context\":\"https:\/\/schema.org\",\"@graph\":[{\"@type\":\"Article\",\"@id\":\"https:\/\/www.africa-press.net\/niger\/culture-et-art\/1ere-edition-de-la-journee-internationale-de-la-culture-toubou-a-niamey#article\",\"isPartOf\":{\"@id\":\"https:\/\/www.africa-press.net\/niger\/culture-et-art\/1ere-edition-de-la-journee-internationale-de-la-culture-toubou-a-niamey\"},\"author\":{\"name\":\"cfeditorfr\",\"@id\":\"https:\/\/www.africa-press.net\/niger\/#\/schema\/person\/2b1cf3cd81a31e3cd26889ca66d677f1\"},\"headline\":\"1\u00e9re Edition de la journ\u00e9e Internationale de la culture Toubou \u00e0 Niamey\",\"datePublished\":\"2021-09-16T17:00:50+00:00\",\"dateModified\":\"2021-09-17T17:59:17+00:00\",\"mainEntityOfPage\":{\"@id\":\"https:\/\/www.africa-press.net\/niger\/culture-et-art\/1ere-edition-de-la-journee-internationale-de-la-culture-toubou-a-niamey\"},\"wordCount\":347,\"commentCount\":0,\"image\":{\"@id\":\"https:\/\/www.africa-press.net\/niger\/culture-et-art\/1ere-edition-de-la-journee-internationale-de-la-culture-toubou-a-niamey#primaryimage\"},\"thumbnailUrl\":\"https:\/\/static.africa-press.net\/niger\/sites\/40\/2021\/09\/img-61436845dc959.jpg\",\"keywords\":[\"Africa Press\",\"Africa Press-Niger\",\"Niger\"],\"articleSection\":[\"Culture et Art\",\"homepage-french\",\"Toutes les actualit\u00e9s\"],\"inLanguage\":\"fr-FR\",\"potentialAction\":[{\"@type\":\"CommentAction\",\"name\":\"Comment\",\"target\":[\"https:\/\/www.africa-press.net\/niger\/culture-et-art\/1ere-edition-de-la-journee-internationale-de-la-culture-toubou-a-niamey#respond\"]}]},{\"@type\":\"WebPage\",\"@id\":\"https:\/\/www.africa-press.net\/niger\/culture-et-art\/1ere-edition-de-la-journee-internationale-de-la-culture-toubou-a-niamey\",\"url\":\"https:\/\/www.africa-press.net\/niger\/culture-et-art\/1ere-edition-de-la-journee-internationale-de-la-culture-toubou-a-niamey\",\"name\":\"1\u00e9re Edition de la journ\u00e9e Internationale de la culture Toubou \u00e0 Niamey - niger\",\"isPartOf\":{\"@id\":\"https:\/\/www.africa-press.net\/niger\/#website\"},\"primaryImageOfPage\":{\"@id\":\"https:\/\/www.africa-press.net\/niger\/culture-et-art\/1ere-edition-de-la-journee-internationale-de-la-culture-toubou-a-niamey#primaryimage\"},\"image\":{\"@id\":\"https:\/\/www.africa-press.net\/niger\/culture-et-art\/1ere-edition-de-la-journee-internationale-de-la-culture-toubou-a-niamey#primaryimage\"},\"thumbnailUrl\":\"https:\/\/static.africa-press.net\/niger\/sites\/40\/2021\/09\/img-61436845dc959.jpg\",\"datePublished\":\"2021-09-16T17:00:50+00:00\",\"dateModified\":\"2021-09-17T17:59:17+00:00\",\"author\":{\"@id\":\"https:\/\/www.africa-press.net\/niger\/#\/schema\/person\/2b1cf3cd81a31e3cd26889ca66d677f1\"},\"description\":\"La 1\u00e9re \u00e9dition de la journ\u00e9e internationale de la culture Toubou (Nomade du Sahara) s\u2019est ouverte ce mercredi 15 septem ...\",\"breadcrumb\":{\"@id\":\"https:\/\/www.africa-press.net\/niger\/culture-et-art\/1ere-edition-de-la-journee-internationale-de-la-culture-toubou-a-niamey#breadcrumb\"},\"inLanguage\":\"fr-FR\",\"potentialAction\":[{\"@type\":\"ReadAction\",\"target\":[\"https:\/\/www.africa-press.net\/niger\/culture-et-art\/1ere-edition-de-la-journee-internationale-de-la-culture-toubou-a-niamey\"]}]},{\"@type\":\"ImageObject\",\"inLanguage\":\"fr-FR\",\"@id\":\"https:\/\/www.africa-press.net\/niger\/culture-et-art\/1ere-edition-de-la-journee-internationale-de-la-culture-toubou-a-niamey#primaryimage\",\"url\":\"https:\/\/static.africa-press.net\/niger\/sites\/40\/2021\/09\/img-61436845dc959.jpg\",\"contentUrl\":\"https:\/\/static.africa-press.net\/niger\/sites\/40\/2021\/09\/img-61436845dc959.jpg\",\"width\":720,\"height\":478,\"caption\":\"1\u00e9re Edition de la journ\u00e9e Internationale de la culture Toubou \u00e0 Niamey\"},{\"@type\":\"BreadcrumbList\",\"@id\":\"https:\/\/www.africa-press.net\/niger\/culture-et-art\/1ere-edition-de-la-journee-internationale-de-la-culture-toubou-a-niamey#breadcrumb\",\"itemListElement\":[{\"@type\":\"ListItem\",\"position\":1,\"name\":\"Accueil\",\"item\":\"https:\/\/www.africa-press.net\/niger\/\"},{\"@type\":\"ListItem\",\"position\":2,\"name\":\"1\u00e9re Edition de la journ\u00e9e Internationale de la culture Toubou \u00e0 Niamey\"}]},{\"@type\":\"WebSite\",\"@id\":\"https:\/\/www.africa-press.net\/niger\/#website\",\"url\":\"https:\/\/www.africa-press.net\/niger\/\",\"name\":\"niger\",\"description\":\"Just another Africa News Agency Sites site\",\"potentialAction\":[{\"@type\":\"SearchAction\",\"target\":{\"@type\":\"EntryPoint\",\"urlTemplate\":\"https:\/\/www.africa-press.net\/niger\/?s={search_term_string}\"},\"query-input\":{\"@type\":\"PropertyValueSpecification\",\"valueRequired\":true,\"valueName\":\"search_term_string\"}}],\"inLanguage\":\"fr-FR\"},{\"@type\":\"Person\",\"@id\":\"https:\/\/www.africa-press.net\/niger\/#\/schema\/person\/2b1cf3cd81a31e3cd26889ca66d677f1\",\"name\":\"cfeditorfr\"}]}<\/script>\n<!-- \/ Yoast SEO Premium plugin. -->","yoast_head_json":{"title":"1\u00e9re Edition de la journ\u00e9e Internationale de la culture Toubou \u00e0 Niamey - niger","description":"La 1\u00e9re \u00e9dition de la journ\u00e9e internationale de la culture Toubou (Nomade du Sahara) s\u2019est ouverte ce mercredi 15 septem ...","robots":{"index":"index","follow":"follow","max-snippet":"max-snippet:-1","max-image-preview":"max-image-preview:large","max-video-preview":"max-video-preview:-1"},"canonical":"https:\/\/www.africa-press.net\/niger\/culture-et-art\/1ere-edition-de-la-journee-internationale-de-la-culture-toubou-a-niamey","og_locale":"fr_FR","og_type":"article","og_title":"1\u00e9re Edition de la journ\u00e9e Internationale de la culture Toubou \u00e0 Niamey","og_description":"La 1\u00e9re \u00e9dition de la journ\u00e9e internationale de la culture Toubou (Nomade du Sahara) s\u2019est ouverte ce mercredi 15 septem ...","og_url":"https:\/\/www.africa-press.net\/niger\/culture-et-art\/1ere-edition-de-la-journee-internationale-de-la-culture-toubou-a-niamey","og_site_name":"niger","article_published_time":"2021-09-16T17:00:50+00:00","article_modified_time":"2021-09-17T17:59:17+00:00","og_image":[{"width":720,"height":478,"url":"https:\/\/static.africa-press.net\/niger\/sites\/40\/2021\/09\/img-61436845dc959.jpg","type":"image\/jpeg"}],"author":"cfeditorfr","twitter_card":"summary_large_image","twitter_misc":{"\u00c9crit par":"cfeditorfr","Dur\u00e9e de lecture estim\u00e9e":"2 minutes"},"schema":{"@context":"https:\/\/schema.org","@graph":[{"@type":"Article","@id":"https:\/\/www.africa-press.net\/niger\/culture-et-art\/1ere-edition-de-la-journee-internationale-de-la-culture-toubou-a-niamey#article","isPartOf":{"@id":"https:\/\/www.africa-press.net\/niger\/culture-et-art\/1ere-edition-de-la-journee-internationale-de-la-culture-toubou-a-niamey"},"author":{"name":"cfeditorfr","@id":"https:\/\/www.africa-press.net\/niger\/#\/schema\/person\/2b1cf3cd81a31e3cd26889ca66d677f1"},"headline":"1\u00e9re Edition de la journ\u00e9e Internationale de la culture Toubou \u00e0 Niamey","datePublished":"2021-09-16T17:00:50+00:00","dateModified":"2021-09-17T17:59:17+00:00","mainEntityOfPage":{"@id":"https:\/\/www.africa-press.net\/niger\/culture-et-art\/1ere-edition-de-la-journee-internationale-de-la-culture-toubou-a-niamey"},"wordCount":347,"commentCount":0,"image":{"@id":"https:\/\/www.africa-press.net\/niger\/culture-et-art\/1ere-edition-de-la-journee-internationale-de-la-culture-toubou-a-niamey#primaryimage"},"thumbnailUrl":"https:\/\/static.africa-press.net\/niger\/sites\/40\/2021\/09\/img-61436845dc959.jpg","keywords":["Africa Press","Africa Press-Niger","Niger"],"articleSection":["Culture et Art","homepage-french","Toutes les actualit\u00e9s"],"inLanguage":"fr-FR","potentialAction":[{"@type":"CommentAction","name":"Comment","target":["https:\/\/www.africa-press.net\/niger\/culture-et-art\/1ere-edition-de-la-journee-internationale-de-la-culture-toubou-a-niamey#respond"]}]},{"@type":"WebPage","@id":"https:\/\/www.africa-press.net\/niger\/culture-et-art\/1ere-edition-de-la-journee-internationale-de-la-culture-toubou-a-niamey","url":"https:\/\/www.africa-press.net\/niger\/culture-et-art\/1ere-edition-de-la-journee-internationale-de-la-culture-toubou-a-niamey","name":"1\u00e9re Edition de la journ\u00e9e Internationale de la culture Toubou \u00e0 Niamey - niger","isPartOf":{"@id":"https:\/\/www.africa-press.net\/niger\/#website"},"primaryImageOfPage":{"@id":"https:\/\/www.africa-press.net\/niger\/culture-et-art\/1ere-edition-de-la-journee-internationale-de-la-culture-toubou-a-niamey#primaryimage"},"image":{"@id":"https:\/\/www.africa-press.net\/niger\/culture-et-art\/1ere-edition-de-la-journee-internationale-de-la-culture-toubou-a-niamey#primaryimage"},"thumbnailUrl":"https:\/\/static.africa-press.net\/niger\/sites\/40\/2021\/09\/img-61436845dc959.jpg","datePublished":"2021-09-16T17:00:50+00:00","dateModified":"2021-09-17T17:59:17+00:00","author":{"@id":"https:\/\/www.africa-press.net\/niger\/#\/schema\/person\/2b1cf3cd81a31e3cd26889ca66d677f1"},"description":"La 1\u00e9re \u00e9dition de la journ\u00e9e internationale de la culture Toubou (Nomade du Sahara) s\u2019est ouverte ce mercredi 15 septem ...","breadcrumb":{"@id":"https:\/\/www.africa-press.net\/niger\/culture-et-art\/1ere-edition-de-la-journee-internationale-de-la-culture-toubou-a-niamey#breadcrumb"},"inLanguage":"fr-FR","potentialAction":[{"@type":"ReadAction","target":["https:\/\/www.africa-press.net\/niger\/culture-et-art\/1ere-edition-de-la-journee-internationale-de-la-culture-toubou-a-niamey"]}]},{"@type":"ImageObject","inLanguage":"fr-FR","@id":"https:\/\/www.africa-press.net\/niger\/culture-et-art\/1ere-edition-de-la-journee-internationale-de-la-culture-toubou-a-niamey#primaryimage","url":"https:\/\/static.africa-press.net\/niger\/sites\/40\/2021\/09\/img-61436845dc959.jpg","contentUrl":"https:\/\/static.africa-press.net\/niger\/sites\/40\/2021\/09\/img-61436845dc959.jpg","width":720,"height":478,"caption":"1\u00e9re Edition de la journ\u00e9e Internationale de la culture Toubou \u00e0 Niamey"},{"@type":"BreadcrumbList","@id":"https:\/\/www.africa-press.net\/niger\/culture-et-art\/1ere-edition-de-la-journee-internationale-de-la-culture-toubou-a-niamey#breadcrumb","itemListElement":[{"@type":"ListItem","position":1,"name":"Accueil","item":"https:\/\/www.africa-press.net\/niger\/"},{"@type":"ListItem","position":2,"name":"1\u00e9re Edition de la journ\u00e9e Internationale de la culture Toubou \u00e0 Niamey"}]},{"@type":"WebSite","@id":"https:\/\/www.africa-press.net\/niger\/#website","url":"https:\/\/www.africa-press.net\/niger\/","name":"niger","description":"Just another Africa News Agency Sites site","potentialAction":[{"@type":"SearchAction","target":{"@type":"EntryPoint","urlTemplate":"https:\/\/www.africa-press.net\/niger\/?s={search_term_string}"},"query-input":{"@type":"PropertyValueSpecification","valueRequired":true,"valueName":"search_term_string"}}],"inLanguage":"fr-FR"},{"@type":"Person","@id":"https:\/\/www.africa-press.net\/niger\/#\/schema\/person\/2b1cf3cd81a31e3cd26889ca66d677f1","name":"cfeditorfr"}]}},"_links":{"self":[{"href":"https:\/\/www.africa-press.net\/niger\/wp-json\/wp\/v2\/posts\/11902","targetHints":{"allow":["GET"]}}],"collection":[{"href":"https:\/\/www.africa-press.net\/niger\/wp-json\/wp\/v2\/posts"}],"about":[{"href":"https:\/\/www.africa-press.net\/niger\/wp-json\/wp\/v2\/types\/post"}],"author":[{"embeddable":true,"href":"https:\/\/www.africa-press.net\/niger\/wp-json\/wp\/v2\/users\/82"}],"replies":[{"embeddable":true,"href":"https:\/\/www.africa-press.net\/niger\/wp-json\/wp\/v2\/comments?post=11902"}],"version-history":[{"count":0,"href":"https:\/\/www.africa-press.net\/niger\/wp-json\/wp\/v2\/posts\/11902\/revisions"}],"wp:featuredmedia":[{"embeddable":true,"href":"https:\/\/www.africa-press.net\/niger\/wp-json\/wp\/v2\/media\/11901"}],"wp:attachment":[{"href":"https:\/\/www.africa-press.net\/niger\/wp-json\/wp\/v2\/media?parent=11902"}],"wp:term":[{"taxonomy":"category","embeddable":true,"href":"https:\/\/www.africa-press.net\/niger\/wp-json\/wp\/v2\/categories?post=11902"},{"taxonomy":"post_tag","embeddable":true,"href":"https:\/\/www.africa-press.net\/niger\/wp-json\/wp\/v2\/tags?post=11902"}],"curies":[{"name":"wp","href":"https:\/\/api.w.org\/{rel}","templated":true}]}}