{"id":11918,"date":"2021-09-16T17:36:54","date_gmt":"2021-09-16T17:36:54","guid":{"rendered":"https:\/\/www.africa-press.net\/niger\/?p=11918"},"modified":"2021-09-17T17:59:56","modified_gmt":"2021-09-17T17:59:56","slug":"3eme-edition-du-forum-et-exposition-de-la-cedeao-sur-les-secteurs-des-mines-et-du-petrole-mettre-les-industries-minieres-et-petrolieres-au-coeur-du-developpement-de-la-region","status":"publish","type":"post","link":"https:\/\/www.africa-press.net\/niger\/culture-et-art\/3eme-edition-du-forum-et-exposition-de-la-cedeao-sur-les-secteurs-des-mines-et-du-petrole-mettre-les-industries-minieres-et-petrolieres-au-coeur-du-developpement-de-la-region","title":{"rendered":"3\u00e8me \u00e9dition du Forum et Exposition de la CEDEAO sur les secteurs des Mines et du P\u00e9trole : Mettre les industries mini\u00e8res et p\u00e9troli\u00e8res au c\u0153ur du d\u00e9veloppement de la r\u00e9gion"},"content":{"rendered":"<p><span style=\"color: #ff6600\"><strong><a href=\"https:\/\/www.africa-press.net\/\">Africa-Press<\/a> &#8211; <a href=\"https:\/\/www.africa-press.net\/niger\">Niger<\/a>. <\/strong><\/span>Le ministre du P\u00e9trole, de l\u2019Energie et des Energies renouvelables, M. Mahamane Sani Mahamadou a pr\u00e9sid\u00e9 hier matin au Centre Mahatma Gandhi de Niamey, le lancement officiel des activit\u00e9s de la 3\u00e8me \u00e9dition du Forum et Exposition de la CEDEAO sur les secteurs des Mines et du P\u00e9trole (ECOMOF 2021) que notre pays aura le plaisir d\u2019accueillir du 1er au 3 D\u00e9cembre prochain. Cette \u00e9dition plac\u00e9e sous le signe \u00abInt\u00e9grer les industries mini\u00e8res et p\u00e9troli\u00e8res dans le d\u00e9veloppement des chaines de valeurs r\u00e9gionales\u00bb, est co-organis\u00e9e par le Niger, \u00e0 travers les Minist\u00e8res en charge des Mines et du P\u00e9trole et la Commission de la CEDEAO, en collaboration avec AmeTrade.<\/p>\n<p>Ce forum a pour but de promouvoir et d\u00e9velopper le potentiel minier et p\u00e9trolier des \u00c9tats membres, d\u2019aider \u00e0 assurer l\u2019int\u00e9gration socio-\u00e9conomique de la r\u00e9gion ouest-africaine, d\u2019harmoniser les instruments juridiques, r\u00e9glementaires et fiscaux, de catalyser et d\u00e9velopper l\u2019exploitation mini\u00e8re artisanale et \u00e0 petite \u00e9chelle, de fonder, d\u00e9velopper et organiser des bases de donn\u00e9es g\u00e9ologiques, mini\u00e8res et p\u00e9troli\u00e8res pour les \u00c9tats membres, de d\u00e9velopper les ressources humaines et cr\u00e9er un r\u00e9seau d\u2019experts, d\u2019utiliser les industries mini\u00e8re et p\u00e9troli\u00e8re pour d\u00e9velopper l\u2019infrastructure communautaire, d\u2019ajouter de la valeur aux produits miniers et p\u00e9troliers, renforcer le commerce de ces produits, de promouvoir la responsabilit\u00e9 sociale des entreprises et sensibiliser les parties prenantes aux probl\u00e8mes de d\u00e9veloppement de leurs communaut\u00e9s locales.<\/p>\n<p>La CEDEAO organise chaque deux an, un Forum\/exposition sur les Mines et le P\u00e9trole(ECOMOF) en vue de promouvoir une contribution durable du secteur extractif \u00e0 la croissance \u00e9conomique et au d\u00e9veloppement social de la communaut\u00e9. Apr\u00e8s la premi\u00e8re \u00e9dition tenue \u00e0 Accra (Ghana) en 2015 et la deuxi\u00e8me \u00e9dition \u00e0 Abidjan (C\u00f4te-d\u2019Ivoire) en 2018, c\u2019est au tour du Niamey d\u2019abriter la troisi\u00e8me \u00e9dition de l\u2019ECOMOF qui se tiendra du 1er au 3 d\u00e9cembre 2021, avec un d\u00e9calage d\u2019un an, du fait de la pand\u00e9mie de la Covid-19 qui a emp\u00each\u00e9 la tenue en 2020.<\/p>\n<p>Pour le ministre du P\u00e9trole, de l\u2019Energie et des Energies renouvelables, M. Mahamane Sani Mahamadou leader aussi de l\u2019ECOMOF, le th\u00e8me de cette 3\u00e8me \u00e9dition de l\u2019ECOMOF, \u00e0 savoir \u00abInt\u00e9grer les industries mini\u00e8res et p\u00e9troli\u00e8res dans le d\u00e9veloppement des chaines de valeurs r\u00e9gionales\u00bb, interpelle sur l\u2019imp\u00e9rieuse n\u00e9cessit\u00e9 de faire des secteurs minier et p\u00e9trolier des piliers de nos \u00e9conomies. Pour ce faire, il est plus qu\u2019urgent, estime-t-il, que \u00abnos pays d\u00e9veloppent des politiques qui attirent les investisseurs, tout en cr\u00e9ant les conditions d\u2019une plus grande participation des secteurs minier et p\u00e9trolier aux recettes des Etats\u00bb. \u00abAu Niger, nous avons fait le choix d\u2019am\u00e9liorer la connaissance et la promotion du potentiel minier et p\u00e9trolier; de moderniser les cadastres minier et p\u00e9trolier; de cr\u00e9er plus d\u2019industries utilisant la mati\u00e8re premi\u00e8re p\u00e9trochimique\u00bb, a pr\u00e9cis\u00e9 M. Mahamane Sani Mahamadou.<\/p>\n<p>Selon le ministre en charge du P\u00e9trole, toutes les actions en faveur de ces deux domaines devront permettre, d\u2019une part, de porter le poids de ce secteur \u00e0 25% du PIB, 45% des recettes fiscales, 68% des exportations et 12% des emplois formels. En e qui concerne le secteur minier, ces mesures permettront de faire passer les couvertures g\u00e9ologique et g\u00e9ophysique respectivement de 13 \u00e0 22% et de 20 \u00e0 31%. \u00abC\u2019est dire que les domaines minier et p\u00e9trolier auront un bel avenir au Niger\u00bb, a-t-il estim\u00e9.<\/p>\n<p>Pour le ministre en charge du P\u00e9trole, l\u2019ECOMOF se veut comme l\u2019interface de la grande contribution que les ressources mini\u00e8res et p\u00e9troli\u00e8res pourraient apporter \u00e0 la consommation et au d\u00e9veloppement du continent africain, \u00e0 travers l\u2019industrialisation et la coop\u00e9ration r\u00e9gionale. \u00abC\u2019est \u00e0 travers l\u2019industrialisation durable que l\u2019Afrique pourra de fa\u00e7on significative, comme toutes les nations industrielles du monde, consommer son \u00e9conomie, atteindre un niveau de d\u00e9veloppement acceptable et \u00e9radiquer la pauvret\u00e9\u00bb, a-t-il d\u00e9clar\u00e9.<\/p>\n<p>Dans son mot de bienvenue, la ministre des Mines, Mme Ousseini Hadizatou Yacouba a expliqu\u00e9 que ce forum repr\u00e9sente une plateforme r\u00e9gionale d\u2019\u00e9change qui donnera l\u2019occasion aux acteurs de mettre en \u00e9vidence le potentiel du Niger en particulier et de l\u2019Afrique de l\u2019ouest en g\u00e9n\u00e9rale, dans les secteurs des industries extractives. L\u2019objectif \u00e9tant de partager l\u2019exp\u00e9rience, le savoir et le savoir-faire et de cr\u00e9er de nouveaux partenariats et des r\u00e9seaux. Des experts de soci\u00e9t\u00e9s africaines de p\u00e9trole, de gaz et des mines, des entreprises nationales et internationales, les gouvernements, le secteur priv\u00e9 ainsi que la nouvelle g\u00e9n\u00e9ration de potentiels investisseurs exploreront des id\u00e9es novatrices \u00e0 l\u2019occasion de ce forum. Pour Mme Ousseini Hadizatou Yacouba, les discussions sur l\u2019\u00e9volution des activit\u00e9s mini\u00e8res et p\u00e9troli\u00e8res permettront de r\u00e9pertorier les d\u00e9fis \u00e0 relever et de r\u00e9fl\u00e9chir sur des strat\u00e9gies coh\u00e9rentes pour la promotion et le d\u00e9veloppement du durable des ressources mini\u00e8res et p\u00e9troli\u00e8res dans l\u2019espace communautaire. \u00abLa tenue de l\u2019ECOMOF aidera \u00e0 renforcer la coop\u00e9ration entre les Etats membres en mati\u00e8re de gestion des ressources extractives, de promouvoir un environnement favorable aux investissements et d\u2019\u0153uvrer pour une bonne int\u00e9gration sous r\u00e9gionale\u00bb, a-t-elle pr\u00e9cis\u00e9.<\/p>\n<p>Pour sa part, le Commissaire Energie et Mines de la Commission de la CEDEAO, M. S\u00e9diko Douka a reconnu que plusieurs d\u00e9fis se posent dans le secteur des ressources extractives de l\u2019Afrique de l\u2019Ouest. Il cite entre autres une faiblesse des cadres r\u00e8glementaires et des moyens de suivi et de contr\u00f4le des activit\u00e9s extractives, un faible niveau de contenu local se traduisant par une faible implication des op\u00e9rateurs locaux dans la production des biens et services, une faible contribution \u00e0 la richesse nationale, une faible r\u00e9partition \u00e9quitable des revenus entravant un d\u00e9veloppement local et r\u00e9gional et une insuffisance des ressources humaines particuli\u00e8res dans les n\u00e9gociations des contrats complexes. Pour faire face \u00e0 ces d\u00e9fis, plusieurs actions ont \u00e9t\u00e9 men\u00e9es dans l\u2019espace CEDEAO dont l\u2019adoption de la politique de d\u00e9veloppement des ressources min\u00e9rales de la CEDEAO et l\u2019adoption de la Directive sur l\u2019harmonisation des principes directeurs et des politiques dans le secteur notamment dans le secteur minier. Puis dans le secteur p\u00e9trolier, M. S\u00e9diko Douka a entre autre not\u00e9 l\u2019adoption de la politique de d\u00e9veloppement des hydrocarbures de la CEDEAO et l\u2019adoption d\u2019un programme r\u00e9gional de facilitation de l\u2019approvisionnement en produits p\u00e9troliers.<\/p>\n<p><b>\u00a0<\/b><\/p>\n","protected":false},"excerpt":{"rendered":"<p>Africa-Press &#8211; Niger. Le ministre du P\u00e9trole, de l\u2019Energie et des Energies renouvelables, M. Mahamane Sani Mahamadou a pr\u00e9sid\u00e9 hier matin au Centre Mahatma Gandhi de Niamey, le lancement officiel des activit\u00e9s de la 3\u00e8me \u00e9dition du Forum et Exposition de la CEDEAO sur les secteurs des Mines et du P\u00e9trole (ECOMOF 2021) que notre [&hellip;]<\/p>\n","protected":false},"author":82,"featured_media":11917,"comment_status":"open","ping_status":"closed","sticky":false,"template":"","format":"standard","meta":{"footnotes":""},"categories":[5,11,10],"tags":[55,60,29],"class_list":["post-11918","post","type-post","status-publish","format-standard","has-post-thumbnail","hentry","category-culture-et-art","category-homepage-french","category-toutes-les-actualites","tag-africa-press","tag-africa-press-niger","tag-niger"],"yoast_head":"<!-- This site is optimized with the Yoast SEO Premium plugin v26.1 (Yoast SEO v27.0) - https:\/\/yoast.com\/product\/yoast-seo-premium-wordpress\/ -->\n<title>3\u00e8me \u00e9dition du Forum et Exposition de la CEDEAO sur les secteurs des Mines et du P\u00e9trole : Mettre les industries mini\u00e8res et p\u00e9troli\u00e8res au c\u0153ur du d\u00e9veloppement de la r\u00e9gion - niger<\/title>\n<meta name=\"description\" content=\"\ufeffLe ministre du P\u00e9trole, de l\u2019Energie et des Energies renouvelables, M. Mahamane Sani Mahamadou a pr\u00e9sid\u00e9 hier matin au ...\" \/>\n<meta name=\"robots\" content=\"index, follow, max-snippet:-1, max-image-preview:large, max-video-preview:-1\" \/>\n<link rel=\"canonical\" href=\"https:\/\/www.africa-press.net\/niger\/culture-et-art\/3eme-edition-du-forum-et-exposition-de-la-cedeao-sur-les-secteurs-des-mines-et-du-petrole-mettre-les-industries-minieres-et-petrolieres-au-coeur-du-developpement-de-la-region\" \/>\n<meta property=\"og:locale\" content=\"fr_FR\" \/>\n<meta property=\"og:type\" content=\"article\" \/>\n<meta property=\"og:title\" content=\"3\u00e8me \u00e9dition du Forum et Exposition de la CEDEAO sur les secteurs des Mines et du P\u00e9trole : Mettre les industries mini\u00e8res et p\u00e9troli\u00e8res au c\u0153ur du d\u00e9veloppement de la r\u00e9gion\" \/>\n<meta property=\"og:description\" content=\"\ufeffLe ministre du P\u00e9trole, de l\u2019Energie et des Energies renouvelables, M. Mahamane Sani Mahamadou a pr\u00e9sid\u00e9 hier matin au ...\" \/>\n<meta property=\"og:url\" content=\"https:\/\/www.africa-press.net\/niger\/culture-et-art\/3eme-edition-du-forum-et-exposition-de-la-cedeao-sur-les-secteurs-des-mines-et-du-petrole-mettre-les-industries-minieres-et-petrolieres-au-coeur-du-developpement-de-la-region\" \/>\n<meta property=\"og:site_name\" content=\"niger\" \/>\n<meta property=\"article:published_time\" content=\"2021-09-16T17:36:54+00:00\" \/>\n<meta property=\"article:modified_time\" content=\"2021-09-17T17:59:56+00:00\" \/>\n<meta property=\"og:image\" content=\"https:\/\/static.africa-press.net\/niger\/sites\/40\/2021\/09\/img-614369399ab43.jpg\" \/>\n\t<meta property=\"og:image:width\" content=\"720\" \/>\n\t<meta property=\"og:image:height\" content=\"401\" \/>\n\t<meta property=\"og:image:type\" content=\"image\/jpeg\" \/>\n<meta name=\"author\" content=\"cfeditorfr\" \/>\n<meta name=\"twitter:card\" content=\"summary_large_image\" \/>\n<meta name=\"twitter:label1\" content=\"\u00c9crit par\" \/>\n\t<meta name=\"twitter:data1\" content=\"cfeditorfr\" \/>\n\t<meta name=\"twitter:label2\" content=\"Dur\u00e9e de lecture estim\u00e9e\" \/>\n\t<meta name=\"twitter:data2\" content=\"6 minutes\" \/>\n<script type=\"application\/ld+json\" class=\"yoast-schema-graph\">{\"@context\":\"https:\/\/schema.org\",\"@graph\":[{\"@type\":\"Article\",\"@id\":\"https:\/\/www.africa-press.net\/niger\/culture-et-art\/3eme-edition-du-forum-et-exposition-de-la-cedeao-sur-les-secteurs-des-mines-et-du-petrole-mettre-les-industries-minieres-et-petrolieres-au-coeur-du-developpement-de-la-region#article\",\"isPartOf\":{\"@id\":\"https:\/\/www.africa-press.net\/niger\/culture-et-art\/3eme-edition-du-forum-et-exposition-de-la-cedeao-sur-les-secteurs-des-mines-et-du-petrole-mettre-les-industries-minieres-et-petrolieres-au-coeur-du-developpement-de-la-region\"},\"author\":{\"name\":\"cfeditorfr\",\"@id\":\"https:\/\/www.africa-press.net\/niger\/#\/schema\/person\/2b1cf3cd81a31e3cd26889ca66d677f1\"},\"headline\":\"3\u00e8me \u00e9dition du Forum et Exposition de la CEDEAO sur les secteurs des Mines et du P\u00e9trole : Mettre les industries mini\u00e8res et p\u00e9troli\u00e8res au c\u0153ur du d\u00e9veloppement de la r\u00e9gion\",\"datePublished\":\"2021-09-16T17:36:54+00:00\",\"dateModified\":\"2021-09-17T17:59:56+00:00\",\"mainEntityOfPage\":{\"@id\":\"https:\/\/www.africa-press.net\/niger\/culture-et-art\/3eme-edition-du-forum-et-exposition-de-la-cedeao-sur-les-secteurs-des-mines-et-du-petrole-mettre-les-industries-minieres-et-petrolieres-au-coeur-du-developpement-de-la-region\"},\"wordCount\":1195,\"commentCount\":0,\"image\":{\"@id\":\"https:\/\/www.africa-press.net\/niger\/culture-et-art\/3eme-edition-du-forum-et-exposition-de-la-cedeao-sur-les-secteurs-des-mines-et-du-petrole-mettre-les-industries-minieres-et-petrolieres-au-coeur-du-developpement-de-la-region#primaryimage\"},\"thumbnailUrl\":\"https:\/\/static.africa-press.net\/niger\/sites\/40\/2021\/09\/img-614369399ab43.jpg\",\"keywords\":[\"Africa Press\",\"Africa Press-Niger\",\"Niger\"],\"articleSection\":[\"Culture et Art\",\"homepage-french\",\"Toutes les actualit\u00e9s\"],\"inLanguage\":\"fr-FR\",\"potentialAction\":[{\"@type\":\"CommentAction\",\"name\":\"Comment\",\"target\":[\"https:\/\/www.africa-press.net\/niger\/culture-et-art\/3eme-edition-du-forum-et-exposition-de-la-cedeao-sur-les-secteurs-des-mines-et-du-petrole-mettre-les-industries-minieres-et-petrolieres-au-coeur-du-developpement-de-la-region#respond\"]}]},{\"@type\":\"WebPage\",\"@id\":\"https:\/\/www.africa-press.net\/niger\/culture-et-art\/3eme-edition-du-forum-et-exposition-de-la-cedeao-sur-les-secteurs-des-mines-et-du-petrole-mettre-les-industries-minieres-et-petrolieres-au-coeur-du-developpement-de-la-region\",\"url\":\"https:\/\/www.africa-press.net\/niger\/culture-et-art\/3eme-edition-du-forum-et-exposition-de-la-cedeao-sur-les-secteurs-des-mines-et-du-petrole-mettre-les-industries-minieres-et-petrolieres-au-coeur-du-developpement-de-la-region\",\"name\":\"3\u00e8me \u00e9dition du Forum et Exposition de la CEDEAO sur les secteurs des Mines et du P\u00e9trole : Mettre les industries mini\u00e8res et p\u00e9troli\u00e8res au c\u0153ur du d\u00e9veloppement de la r\u00e9gion - niger\",\"isPartOf\":{\"@id\":\"https:\/\/www.africa-press.net\/niger\/#website\"},\"primaryImageOfPage\":{\"@id\":\"https:\/\/www.africa-press.net\/niger\/culture-et-art\/3eme-edition-du-forum-et-exposition-de-la-cedeao-sur-les-secteurs-des-mines-et-du-petrole-mettre-les-industries-minieres-et-petrolieres-au-coeur-du-developpement-de-la-region#primaryimage\"},\"image\":{\"@id\":\"https:\/\/www.africa-press.net\/niger\/culture-et-art\/3eme-edition-du-forum-et-exposition-de-la-cedeao-sur-les-secteurs-des-mines-et-du-petrole-mettre-les-industries-minieres-et-petrolieres-au-coeur-du-developpement-de-la-region#primaryimage\"},\"thumbnailUrl\":\"https:\/\/static.africa-press.net\/niger\/sites\/40\/2021\/09\/img-614369399ab43.jpg\",\"datePublished\":\"2021-09-16T17:36:54+00:00\",\"dateModified\":\"2021-09-17T17:59:56+00:00\",\"author\":{\"@id\":\"https:\/\/www.africa-press.net\/niger\/#\/schema\/person\/2b1cf3cd81a31e3cd26889ca66d677f1\"},\"description\":\"\ufeffLe ministre du P\u00e9trole, de l\u2019Energie et des Energies renouvelables, M. Mahamane Sani Mahamadou a pr\u00e9sid\u00e9 hier matin au ...\",\"breadcrumb\":{\"@id\":\"https:\/\/www.africa-press.net\/niger\/culture-et-art\/3eme-edition-du-forum-et-exposition-de-la-cedeao-sur-les-secteurs-des-mines-et-du-petrole-mettre-les-industries-minieres-et-petrolieres-au-coeur-du-developpement-de-la-region#breadcrumb\"},\"inLanguage\":\"fr-FR\",\"potentialAction\":[{\"@type\":\"ReadAction\",\"target\":[\"https:\/\/www.africa-press.net\/niger\/culture-et-art\/3eme-edition-du-forum-et-exposition-de-la-cedeao-sur-les-secteurs-des-mines-et-du-petrole-mettre-les-industries-minieres-et-petrolieres-au-coeur-du-developpement-de-la-region\"]}]},{\"@type\":\"ImageObject\",\"inLanguage\":\"fr-FR\",\"@id\":\"https:\/\/www.africa-press.net\/niger\/culture-et-art\/3eme-edition-du-forum-et-exposition-de-la-cedeao-sur-les-secteurs-des-mines-et-du-petrole-mettre-les-industries-minieres-et-petrolieres-au-coeur-du-developpement-de-la-region#primaryimage\",\"url\":\"https:\/\/static.africa-press.net\/niger\/sites\/40\/2021\/09\/img-614369399ab43.jpg\",\"contentUrl\":\"https:\/\/static.africa-press.net\/niger\/sites\/40\/2021\/09\/img-614369399ab43.jpg\",\"width\":720,\"height\":401,\"caption\":\"3\u00e8me \u00e9dition du Forum et Exposition de la CEDEAO sur les secteurs des Mines et du P\u00e9trole : Mettre les industries mini\u00e8res et p\u00e9troli\u00e8res au c\u0153ur du d\u00e9veloppement de la r\u00e9gion\"},{\"@type\":\"BreadcrumbList\",\"@id\":\"https:\/\/www.africa-press.net\/niger\/culture-et-art\/3eme-edition-du-forum-et-exposition-de-la-cedeao-sur-les-secteurs-des-mines-et-du-petrole-mettre-les-industries-minieres-et-petrolieres-au-coeur-du-developpement-de-la-region#breadcrumb\",\"itemListElement\":[{\"@type\":\"ListItem\",\"position\":1,\"name\":\"Accueil\",\"item\":\"https:\/\/www.africa-press.net\/niger\/\"},{\"@type\":\"ListItem\",\"position\":2,\"name\":\"3\u00e8me \u00e9dition du Forum et Exposition de la CEDEAO sur les secteurs des Mines et du P\u00e9trole : Mettre les industries mini\u00e8res et p\u00e9troli\u00e8res au c\u0153ur du d\u00e9veloppement de la r\u00e9gion\"}]},{\"@type\":\"WebSite\",\"@id\":\"https:\/\/www.africa-press.net\/niger\/#website\",\"url\":\"https:\/\/www.africa-press.net\/niger\/\",\"name\":\"niger\",\"description\":\"Just another Africa News Agency Sites site\",\"potentialAction\":[{\"@type\":\"SearchAction\",\"target\":{\"@type\":\"EntryPoint\",\"urlTemplate\":\"https:\/\/www.africa-press.net\/niger\/?s={search_term_string}\"},\"query-input\":{\"@type\":\"PropertyValueSpecification\",\"valueRequired\":true,\"valueName\":\"search_term_string\"}}],\"inLanguage\":\"fr-FR\"},{\"@type\":\"Person\",\"@id\":\"https:\/\/www.africa-press.net\/niger\/#\/schema\/person\/2b1cf3cd81a31e3cd26889ca66d677f1\",\"name\":\"cfeditorfr\"}]}<\/script>\n<!-- \/ Yoast SEO Premium plugin. -->","yoast_head_json":{"title":"3\u00e8me \u00e9dition du Forum et Exposition de la CEDEAO sur les secteurs des Mines et du P\u00e9trole : Mettre les industries mini\u00e8res et p\u00e9troli\u00e8res au c\u0153ur du d\u00e9veloppement de la r\u00e9gion - niger","description":"\ufeffLe ministre du P\u00e9trole, de l\u2019Energie et des Energies renouvelables, M. Mahamane Sani Mahamadou a pr\u00e9sid\u00e9 hier matin au ...","robots":{"index":"index","follow":"follow","max-snippet":"max-snippet:-1","max-image-preview":"max-image-preview:large","max-video-preview":"max-video-preview:-1"},"canonical":"https:\/\/www.africa-press.net\/niger\/culture-et-art\/3eme-edition-du-forum-et-exposition-de-la-cedeao-sur-les-secteurs-des-mines-et-du-petrole-mettre-les-industries-minieres-et-petrolieres-au-coeur-du-developpement-de-la-region","og_locale":"fr_FR","og_type":"article","og_title":"3\u00e8me \u00e9dition du Forum et Exposition de la CEDEAO sur les secteurs des Mines et du P\u00e9trole : Mettre les industries mini\u00e8res et p\u00e9troli\u00e8res au c\u0153ur du d\u00e9veloppement de la r\u00e9gion","og_description":"\ufeffLe ministre du P\u00e9trole, de l\u2019Energie et des Energies renouvelables, M. Mahamane Sani Mahamadou a pr\u00e9sid\u00e9 hier matin au ...","og_url":"https:\/\/www.africa-press.net\/niger\/culture-et-art\/3eme-edition-du-forum-et-exposition-de-la-cedeao-sur-les-secteurs-des-mines-et-du-petrole-mettre-les-industries-minieres-et-petrolieres-au-coeur-du-developpement-de-la-region","og_site_name":"niger","article_published_time":"2021-09-16T17:36:54+00:00","article_modified_time":"2021-09-17T17:59:56+00:00","og_image":[{"width":720,"height":401,"url":"https:\/\/static.africa-press.net\/niger\/sites\/40\/2021\/09\/img-614369399ab43.jpg","type":"image\/jpeg"}],"author":"cfeditorfr","twitter_card":"summary_large_image","twitter_misc":{"\u00c9crit par":"cfeditorfr","Dur\u00e9e de lecture estim\u00e9e":"6 minutes"},"schema":{"@context":"https:\/\/schema.org","@graph":[{"@type":"Article","@id":"https:\/\/www.africa-press.net\/niger\/culture-et-art\/3eme-edition-du-forum-et-exposition-de-la-cedeao-sur-les-secteurs-des-mines-et-du-petrole-mettre-les-industries-minieres-et-petrolieres-au-coeur-du-developpement-de-la-region#article","isPartOf":{"@id":"https:\/\/www.africa-press.net\/niger\/culture-et-art\/3eme-edition-du-forum-et-exposition-de-la-cedeao-sur-les-secteurs-des-mines-et-du-petrole-mettre-les-industries-minieres-et-petrolieres-au-coeur-du-developpement-de-la-region"},"author":{"name":"cfeditorfr","@id":"https:\/\/www.africa-press.net\/niger\/#\/schema\/person\/2b1cf3cd81a31e3cd26889ca66d677f1"},"headline":"3\u00e8me \u00e9dition du Forum et Exposition de la CEDEAO sur les secteurs des Mines et du P\u00e9trole : Mettre les industries mini\u00e8res et p\u00e9troli\u00e8res au c\u0153ur du d\u00e9veloppement de la r\u00e9gion","datePublished":"2021-09-16T17:36:54+00:00","dateModified":"2021-09-17T17:59:56+00:00","mainEntityOfPage":{"@id":"https:\/\/www.africa-press.net\/niger\/culture-et-art\/3eme-edition-du-forum-et-exposition-de-la-cedeao-sur-les-secteurs-des-mines-et-du-petrole-mettre-les-industries-minieres-et-petrolieres-au-coeur-du-developpement-de-la-region"},"wordCount":1195,"commentCount":0,"image":{"@id":"https:\/\/www.africa-press.net\/niger\/culture-et-art\/3eme-edition-du-forum-et-exposition-de-la-cedeao-sur-les-secteurs-des-mines-et-du-petrole-mettre-les-industries-minieres-et-petrolieres-au-coeur-du-developpement-de-la-region#primaryimage"},"thumbnailUrl":"https:\/\/static.africa-press.net\/niger\/sites\/40\/2021\/09\/img-614369399ab43.jpg","keywords":["Africa Press","Africa Press-Niger","Niger"],"articleSection":["Culture et Art","homepage-french","Toutes les actualit\u00e9s"],"inLanguage":"fr-FR","potentialAction":[{"@type":"CommentAction","name":"Comment","target":["https:\/\/www.africa-press.net\/niger\/culture-et-art\/3eme-edition-du-forum-et-exposition-de-la-cedeao-sur-les-secteurs-des-mines-et-du-petrole-mettre-les-industries-minieres-et-petrolieres-au-coeur-du-developpement-de-la-region#respond"]}]},{"@type":"WebPage","@id":"https:\/\/www.africa-press.net\/niger\/culture-et-art\/3eme-edition-du-forum-et-exposition-de-la-cedeao-sur-les-secteurs-des-mines-et-du-petrole-mettre-les-industries-minieres-et-petrolieres-au-coeur-du-developpement-de-la-region","url":"https:\/\/www.africa-press.net\/niger\/culture-et-art\/3eme-edition-du-forum-et-exposition-de-la-cedeao-sur-les-secteurs-des-mines-et-du-petrole-mettre-les-industries-minieres-et-petrolieres-au-coeur-du-developpement-de-la-region","name":"3\u00e8me \u00e9dition du Forum et Exposition de la CEDEAO sur les secteurs des Mines et du P\u00e9trole : Mettre les industries mini\u00e8res et p\u00e9troli\u00e8res au c\u0153ur du d\u00e9veloppement de la r\u00e9gion - niger","isPartOf":{"@id":"https:\/\/www.africa-press.net\/niger\/#website"},"primaryImageOfPage":{"@id":"https:\/\/www.africa-press.net\/niger\/culture-et-art\/3eme-edition-du-forum-et-exposition-de-la-cedeao-sur-les-secteurs-des-mines-et-du-petrole-mettre-les-industries-minieres-et-petrolieres-au-coeur-du-developpement-de-la-region#primaryimage"},"image":{"@id":"https:\/\/www.africa-press.net\/niger\/culture-et-art\/3eme-edition-du-forum-et-exposition-de-la-cedeao-sur-les-secteurs-des-mines-et-du-petrole-mettre-les-industries-minieres-et-petrolieres-au-coeur-du-developpement-de-la-region#primaryimage"},"thumbnailUrl":"https:\/\/static.africa-press.net\/niger\/sites\/40\/2021\/09\/img-614369399ab43.jpg","datePublished":"2021-09-16T17:36:54+00:00","dateModified":"2021-09-17T17:59:56+00:00","author":{"@id":"https:\/\/www.africa-press.net\/niger\/#\/schema\/person\/2b1cf3cd81a31e3cd26889ca66d677f1"},"description":"\ufeffLe ministre du P\u00e9trole, de l\u2019Energie et des Energies renouvelables, M. Mahamane Sani Mahamadou a pr\u00e9sid\u00e9 hier matin au ...","breadcrumb":{"@id":"https:\/\/www.africa-press.net\/niger\/culture-et-art\/3eme-edition-du-forum-et-exposition-de-la-cedeao-sur-les-secteurs-des-mines-et-du-petrole-mettre-les-industries-minieres-et-petrolieres-au-coeur-du-developpement-de-la-region#breadcrumb"},"inLanguage":"fr-FR","potentialAction":[{"@type":"ReadAction","target":["https:\/\/www.africa-press.net\/niger\/culture-et-art\/3eme-edition-du-forum-et-exposition-de-la-cedeao-sur-les-secteurs-des-mines-et-du-petrole-mettre-les-industries-minieres-et-petrolieres-au-coeur-du-developpement-de-la-region"]}]},{"@type":"ImageObject","inLanguage":"fr-FR","@id":"https:\/\/www.africa-press.net\/niger\/culture-et-art\/3eme-edition-du-forum-et-exposition-de-la-cedeao-sur-les-secteurs-des-mines-et-du-petrole-mettre-les-industries-minieres-et-petrolieres-au-coeur-du-developpement-de-la-region#primaryimage","url":"https:\/\/static.africa-press.net\/niger\/sites\/40\/2021\/09\/img-614369399ab43.jpg","contentUrl":"https:\/\/static.africa-press.net\/niger\/sites\/40\/2021\/09\/img-614369399ab43.jpg","width":720,"height":401,"caption":"3\u00e8me \u00e9dition du Forum et Exposition de la CEDEAO sur les secteurs des Mines et du P\u00e9trole : Mettre les industries mini\u00e8res et p\u00e9troli\u00e8res au c\u0153ur du d\u00e9veloppement de la r\u00e9gion"},{"@type":"BreadcrumbList","@id":"https:\/\/www.africa-press.net\/niger\/culture-et-art\/3eme-edition-du-forum-et-exposition-de-la-cedeao-sur-les-secteurs-des-mines-et-du-petrole-mettre-les-industries-minieres-et-petrolieres-au-coeur-du-developpement-de-la-region#breadcrumb","itemListElement":[{"@type":"ListItem","position":1,"name":"Accueil","item":"https:\/\/www.africa-press.net\/niger\/"},{"@type":"ListItem","position":2,"name":"3\u00e8me \u00e9dition du Forum et Exposition de la CEDEAO sur les secteurs des Mines et du P\u00e9trole : Mettre les industries mini\u00e8res et p\u00e9troli\u00e8res au c\u0153ur du d\u00e9veloppement de la r\u00e9gion"}]},{"@type":"WebSite","@id":"https:\/\/www.africa-press.net\/niger\/#website","url":"https:\/\/www.africa-press.net\/niger\/","name":"niger","description":"Just another Africa News Agency Sites site","potentialAction":[{"@type":"SearchAction","target":{"@type":"EntryPoint","urlTemplate":"https:\/\/www.africa-press.net\/niger\/?s={search_term_string}"},"query-input":{"@type":"PropertyValueSpecification","valueRequired":true,"valueName":"search_term_string"}}],"inLanguage":"fr-FR"},{"@type":"Person","@id":"https:\/\/www.africa-press.net\/niger\/#\/schema\/person\/2b1cf3cd81a31e3cd26889ca66d677f1","name":"cfeditorfr"}]}},"_links":{"self":[{"href":"https:\/\/www.africa-press.net\/niger\/wp-json\/wp\/v2\/posts\/11918","targetHints":{"allow":["GET"]}}],"collection":[{"href":"https:\/\/www.africa-press.net\/niger\/wp-json\/wp\/v2\/posts"}],"about":[{"href":"https:\/\/www.africa-press.net\/niger\/wp-json\/wp\/v2\/types\/post"}],"author":[{"embeddable":true,"href":"https:\/\/www.africa-press.net\/niger\/wp-json\/wp\/v2\/users\/82"}],"replies":[{"embeddable":true,"href":"https:\/\/www.africa-press.net\/niger\/wp-json\/wp\/v2\/comments?post=11918"}],"version-history":[{"count":0,"href":"https:\/\/www.africa-press.net\/niger\/wp-json\/wp\/v2\/posts\/11918\/revisions"}],"wp:featuredmedia":[{"embeddable":true,"href":"https:\/\/www.africa-press.net\/niger\/wp-json\/wp\/v2\/media\/11917"}],"wp:attachment":[{"href":"https:\/\/www.africa-press.net\/niger\/wp-json\/wp\/v2\/media?parent=11918"}],"wp:term":[{"taxonomy":"category","embeddable":true,"href":"https:\/\/www.africa-press.net\/niger\/wp-json\/wp\/v2\/categories?post=11918"},{"taxonomy":"post_tag","embeddable":true,"href":"https:\/\/www.africa-press.net\/niger\/wp-json\/wp\/v2\/tags?post=11918"}],"curies":[{"name":"wp","href":"https:\/\/api.w.org\/{rel}","templated":true}]}}