{"id":11924,"date":"2021-09-16T17:50:59","date_gmt":"2021-09-16T17:50:59","guid":{"rendered":"https:\/\/www.africa-press.net\/niger\/?p=11924"},"modified":"2021-09-17T18:00:12","modified_gmt":"2021-09-17T18:00:12","slug":"journee-internationale-de-la-protection-de-la-couche-dozone-la-ministre-de-lenvironnement-et-de-la-lutte-contre-la-desertification-lance-un-appel-a-conjuguer-les-efforts-pour-la-ca","status":"publish","type":"post","link":"https:\/\/www.africa-press.net\/niger\/culture-et-art\/journee-internationale-de-la-protection-de-la-couche-dozone-la-ministre-de-lenvironnement-et-de-la-lutte-contre-la-desertification-lance-un-appel-a-conjuguer-les-efforts-pour-la-ca","title":{"rendered":"Journ\u00e9e Internationale de la protection de la couche d\u2019ozone : La ministre de l\u2019Environnement et de la lutte contre la D\u00e9sertification lance un appel \u00e0 conjuguer les efforts pour la cause environnementale"},"content":{"rendered":"<p><span style=\"color: #ff6600\"><strong><a href=\"https:\/\/www.africa-press.net\/\">Africa-Press<\/a> &#8211; <a href=\"https:\/\/www.africa-press.net\/niger\">Niger<\/a>. <\/strong><\/span>A l\u2019instar des autres pays de la communaut\u00e9 internationale, le Niger, c\u00e9l\u00e8bre aujourd\u2019hui 16 septembre, la Journ\u00e9e Internationale de la Protection de la couche d\u2019ozone sous le th\u00e8me \u00abProtocole de Montr\u00e9al pour que nous, nos aliments et nos vaccins restions au frais\u00bb. A cette occasion, la ministre de l\u2019Environnement et de la lutte contre la D\u00e9sertification, M. Garama Saratou Rabiou Inoussa a livr\u00e9 un message dans lequel elle a notamment \u00e9voqu\u00e9 les menaces qui p\u00e8sent sur ce bouclier protecteur naturel contre les rayons ultraviolets du soleil, tr\u00e8s nocifs pour la sant\u00e9 et la vie sur terre. La ministre Saratou Inoussa a lanc\u00e9 un appel pour une conjugaison des efforts en vue de la pr\u00e9servation de l\u2019environnement global et du cadre de vie des populations.<\/p>\n<p>Mme Garama Saratou Rabiou Inoussa a d\u2019abord not\u00e9 que le th\u00e8me de l\u2019\u00e9ditiaon 2021 rappelle et met en lumi\u00e8re toute l\u2019importance de la mise en \u0153uvre du Protocole de Montr\u00e9al et son amendement de Kigali pour la conservation de notre nourriture et de nos vaccins au frais. \u00abLa couche d\u2019ozone est le bouclier naturel qui nous prot\u00e8ge contre les rayons ultraviolets du soleil. Cette protection est mise \u00e0 rudes \u00e9preuves par des gaz et autres produits halog\u00e9n\u00e9s lib\u00e9r\u00e9s dans l\u2019atmosph\u00e8re \u00e0 l\u2019occasion de certaines activit\u00e9s \u00e9conomiques utilisant des machines \u00e0 chaleur qui fonctionnent avec ces gaz\u00bb, a regrett\u00e9 la ministre. Fort heureusement, a-t-elle ajout\u00e9, la mise en \u0153uvre du Protocole de Montr\u00e9al a permis de remplacer 99% de ces gaz par des substituts plus \u00e9cologiques. Gr\u00e2ce \u00e0 cela, la couche d\u2019ozone est en voie de se cicatriser et devrait revenir \u00e0 l\u2019\u00e9tat d\u2019avant 1980 d\u2019ici le milieu de ce si\u00e8cle.<\/p>\n<p>Ainsi, la combinaison de la r\u00e9duction de la consommation de HFC et de l\u2019am\u00e9lioration de l\u2019efficacit\u00e9 de la cha\u00eene du froid permettra, selon la ministre, de lutter contre les pertes alimentaires. \u00abNotre pays n\u2019est pas rest\u00e9 en marge de cet \u00e9lan plan\u00e9taire, comme l\u2019atteste son engagement au respect du calendrier du Protocole d\u2019\u00e9limination de l\u2019utilisation des substances nocives pour l\u2019atmosph\u00e8re\u00bb, indiqu\u00e9 Mme Saratou Rabiou Inoussa. En effet, d\u00e9clare-t-elle, le Niger a men\u00e9 avec succ\u00e8s le plan de gestion de fluides frigorig\u00e8nes ainsi que le plan de gestion d\u2019\u00e9limination finale des frigorig\u00e8nes. \u00abMon d\u00e9partement minist\u00e9riel a renforc\u00e9 les capacit\u00e9s des professionnels de froid de plusieurs de nos r\u00e9gions sur la reconversion des \u00e9quipements de refroidissement ; et a dot\u00e9 plusieurs \u00e9tablissements de formation professionnelle et les structures r\u00e9gionales de l\u2019Association des Professionnels du Froid du Niger en Kits de formation technique\u00bb, a soulign\u00e9 la ministre en charge de l\u2019Environnement.<\/p>\n<p>En cette journ\u00e9e comm\u00e9morative et au nom des plus hautes autorit\u00e9s nig\u00e9riennes, la ministre l\u2019Environnement et de la lutte contre la D\u00e9sertification, a saisi l\u2019occasion pour lancer un appel \u00e0 tous les concitoyens et aux diff\u00e9rents acteurs pour conjuguer leurs efforts \u00e0 ceux du gouvernement pour la cause commune de pr\u00e9servation de l\u2019environnement. Car, pr\u00e9cise la ministre, malgr\u00e9 tous les efforts cit\u00e9s plus haut, beaucoup reste encore \u00e0 faire pour le respect des dispositions du Protocole de Montr\u00e9al dans les pays en d\u00e9veloppement en particulier. \u00abPour y arriver, il revient \u00e0 tous les acteurs \u00e9tatiques, aux ONG et associations de poursuivre les efforts de sensibilisation du public, de renforcement des capacit\u00e9s des professionnels sur les bonnes pratiques de maintenance des \u00e9quipements et d\u2019encourager l\u2019importation des \u00e9quipements \u00e9conomes d\u2019\u00e9nergie et accessibles aux m\u00e9nages nig\u00e9riens\u00bb, a pr\u00e9conis\u00e9 la ministre Saratou. Enfin, Mme Garama Saratou a r\u00e9it\u00e9r\u00e9 sa gratitude \u00e0 l\u2019endroit des partenaires techniques et financiers pour leur soutien pr\u00e9cieux, tout en les invitant \u00e0 poursuivre et renforcer ce soutien, \u2018\u2018indispensable pour faire face efficacement aux d\u00e9fis environnementaux qui nous assaillent\u2019\u2019. Notons que, cette Journ\u00e9e d\u00e9montre que les d\u00e9cisions et les actions collectives, guid\u00e9es par la science, sont le seul moyen de r\u00e9soudre les grandes crises mondiales.<\/p>\n<p><b>\u00a0<\/b><\/p>\n","protected":false},"excerpt":{"rendered":"<p>Africa-Press &#8211; Niger. A l\u2019instar des autres pays de la communaut\u00e9 internationale, le Niger, c\u00e9l\u00e8bre aujourd\u2019hui 16 septembre, la Journ\u00e9e Internationale de la Protection de la couche d\u2019ozone sous le th\u00e8me \u00abProtocole de Montr\u00e9al pour que nous, nos aliments et nos vaccins restions au frais\u00bb. A cette occasion, la ministre de l\u2019Environnement et de la [&hellip;]<\/p>\n","protected":false},"author":82,"featured_media":11923,"comment_status":"open","ping_status":"closed","sticky":false,"template":"","format":"standard","meta":{"footnotes":""},"categories":[5,11,10],"tags":[55,60,29],"class_list":["post-11924","post","type-post","status-publish","format-standard","has-post-thumbnail","hentry","category-culture-et-art","category-homepage-french","category-toutes-les-actualites","tag-africa-press","tag-africa-press-niger","tag-niger"],"yoast_head":"<!-- This site is optimized with the Yoast SEO Premium plugin v26.1 (Yoast SEO v27.0) - https:\/\/yoast.com\/product\/yoast-seo-premium-wordpress\/ -->\n<title>Journ\u00e9e Internationale de la protection de la couche d\u2019ozone : La ministre de l\u2019Environnement et de la lutte contre la D\u00e9sertification lance un appel \u00e0 conjuguer les efforts pour la cause environnementale - niger<\/title>\n<meta name=\"description\" content=\"\ufeffA l\u2019instar des autres pays de la communaut\u00e9 internationale, le Niger, c\u00e9l\u00e8bre aujourd\u2019hui 16 septembre, la Journ\u00e9e Inte ...\" \/>\n<meta name=\"robots\" content=\"index, follow, max-snippet:-1, max-image-preview:large, max-video-preview:-1\" \/>\n<link rel=\"canonical\" href=\"https:\/\/www.africa-press.net\/niger\/culture-et-art\/journee-internationale-de-la-protection-de-la-couche-dozone-la-ministre-de-lenvironnement-et-de-la-lutte-contre-la-desertification-lance-un-appel-a-conjuguer-les-efforts-pour-la-ca\" \/>\n<meta property=\"og:locale\" content=\"fr_FR\" \/>\n<meta property=\"og:type\" content=\"article\" \/>\n<meta property=\"og:title\" content=\"Journ\u00e9e Internationale de la protection de la couche d\u2019ozone : La ministre de l\u2019Environnement et de la lutte contre la D\u00e9sertification lance un appel \u00e0 conjuguer les efforts pour la cause environnementale\" \/>\n<meta property=\"og:description\" content=\"\ufeffA l\u2019instar des autres pays de la communaut\u00e9 internationale, le Niger, c\u00e9l\u00e8bre aujourd\u2019hui 16 septembre, la Journ\u00e9e Inte ...\" \/>\n<meta property=\"og:url\" content=\"https:\/\/www.africa-press.net\/niger\/culture-et-art\/journee-internationale-de-la-protection-de-la-couche-dozone-la-ministre-de-lenvironnement-et-de-la-lutte-contre-la-desertification-lance-un-appel-a-conjuguer-les-efforts-pour-la-ca\" \/>\n<meta property=\"og:site_name\" content=\"niger\" \/>\n<meta property=\"article:published_time\" content=\"2021-09-16T17:50:59+00:00\" \/>\n<meta property=\"article:modified_time\" content=\"2021-09-17T18:00:12+00:00\" \/>\n<meta property=\"og:image\" content=\"https:\/\/static.africa-press.net\/niger\/sites\/40\/2021\/09\/img-6143697c0c168.jpg\" \/>\n\t<meta property=\"og:image:width\" content=\"720\" \/>\n\t<meta property=\"og:image:height\" content=\"465\" \/>\n\t<meta property=\"og:image:type\" content=\"image\/jpeg\" \/>\n<meta name=\"author\" content=\"cfeditorfr\" \/>\n<meta name=\"twitter:card\" content=\"summary_large_image\" \/>\n<meta name=\"twitter:label1\" content=\"\u00c9crit par\" \/>\n\t<meta name=\"twitter:data1\" content=\"cfeditorfr\" \/>\n\t<meta name=\"twitter:label2\" content=\"Dur\u00e9e de lecture estim\u00e9e\" \/>\n\t<meta name=\"twitter:data2\" content=\"4 minutes\" \/>\n<script type=\"application\/ld+json\" class=\"yoast-schema-graph\">{\"@context\":\"https:\/\/schema.org\",\"@graph\":[{\"@type\":\"Article\",\"@id\":\"https:\/\/www.africa-press.net\/niger\/culture-et-art\/journee-internationale-de-la-protection-de-la-couche-dozone-la-ministre-de-lenvironnement-et-de-la-lutte-contre-la-desertification-lance-un-appel-a-conjuguer-les-efforts-pour-la-ca#article\",\"isPartOf\":{\"@id\":\"https:\/\/www.africa-press.net\/niger\/culture-et-art\/journee-internationale-de-la-protection-de-la-couche-dozone-la-ministre-de-lenvironnement-et-de-la-lutte-contre-la-desertification-lance-un-appel-a-conjuguer-les-efforts-pour-la-ca\"},\"author\":{\"name\":\"cfeditorfr\",\"@id\":\"https:\/\/www.africa-press.net\/niger\/#\/schema\/person\/2b1cf3cd81a31e3cd26889ca66d677f1\"},\"headline\":\"Journ\u00e9e Internationale de la protection de la couche d\u2019ozone : La ministre de l\u2019Environnement et de la lutte contre la D\u00e9sertification lance un appel \u00e0 conjuguer les efforts pour la cause environnementale\",\"datePublished\":\"2021-09-16T17:50:59+00:00\",\"dateModified\":\"2021-09-17T18:00:12+00:00\",\"mainEntityOfPage\":{\"@id\":\"https:\/\/www.africa-press.net\/niger\/culture-et-art\/journee-internationale-de-la-protection-de-la-couche-dozone-la-ministre-de-lenvironnement-et-de-la-lutte-contre-la-desertification-lance-un-appel-a-conjuguer-les-efforts-pour-la-ca\"},\"wordCount\":739,\"commentCount\":0,\"image\":{\"@id\":\"https:\/\/www.africa-press.net\/niger\/culture-et-art\/journee-internationale-de-la-protection-de-la-couche-dozone-la-ministre-de-lenvironnement-et-de-la-lutte-contre-la-desertification-lance-un-appel-a-conjuguer-les-efforts-pour-la-ca#primaryimage\"},\"thumbnailUrl\":\"https:\/\/static.africa-press.net\/niger\/sites\/40\/2021\/09\/img-6143697c0c168.jpg\",\"keywords\":[\"Africa Press\",\"Africa Press-Niger\",\"Niger\"],\"articleSection\":[\"Culture et Art\",\"homepage-french\",\"Toutes les actualit\u00e9s\"],\"inLanguage\":\"fr-FR\",\"potentialAction\":[{\"@type\":\"CommentAction\",\"name\":\"Comment\",\"target\":[\"https:\/\/www.africa-press.net\/niger\/culture-et-art\/journee-internationale-de-la-protection-de-la-couche-dozone-la-ministre-de-lenvironnement-et-de-la-lutte-contre-la-desertification-lance-un-appel-a-conjuguer-les-efforts-pour-la-ca#respond\"]}]},{\"@type\":\"WebPage\",\"@id\":\"https:\/\/www.africa-press.net\/niger\/culture-et-art\/journee-internationale-de-la-protection-de-la-couche-dozone-la-ministre-de-lenvironnement-et-de-la-lutte-contre-la-desertification-lance-un-appel-a-conjuguer-les-efforts-pour-la-ca\",\"url\":\"https:\/\/www.africa-press.net\/niger\/culture-et-art\/journee-internationale-de-la-protection-de-la-couche-dozone-la-ministre-de-lenvironnement-et-de-la-lutte-contre-la-desertification-lance-un-appel-a-conjuguer-les-efforts-pour-la-ca\",\"name\":\"Journ\u00e9e Internationale de la protection de la couche d\u2019ozone : La ministre de l\u2019Environnement et de la lutte contre la D\u00e9sertification lance un appel \u00e0 conjuguer les efforts pour la cause environnementale - niger\",\"isPartOf\":{\"@id\":\"https:\/\/www.africa-press.net\/niger\/#website\"},\"primaryImageOfPage\":{\"@id\":\"https:\/\/www.africa-press.net\/niger\/culture-et-art\/journee-internationale-de-la-protection-de-la-couche-dozone-la-ministre-de-lenvironnement-et-de-la-lutte-contre-la-desertification-lance-un-appel-a-conjuguer-les-efforts-pour-la-ca#primaryimage\"},\"image\":{\"@id\":\"https:\/\/www.africa-press.net\/niger\/culture-et-art\/journee-internationale-de-la-protection-de-la-couche-dozone-la-ministre-de-lenvironnement-et-de-la-lutte-contre-la-desertification-lance-un-appel-a-conjuguer-les-efforts-pour-la-ca#primaryimage\"},\"thumbnailUrl\":\"https:\/\/static.africa-press.net\/niger\/sites\/40\/2021\/09\/img-6143697c0c168.jpg\",\"datePublished\":\"2021-09-16T17:50:59+00:00\",\"dateModified\":\"2021-09-17T18:00:12+00:00\",\"author\":{\"@id\":\"https:\/\/www.africa-press.net\/niger\/#\/schema\/person\/2b1cf3cd81a31e3cd26889ca66d677f1\"},\"description\":\"\ufeffA l\u2019instar des autres pays de la communaut\u00e9 internationale, le Niger, c\u00e9l\u00e8bre aujourd\u2019hui 16 septembre, la Journ\u00e9e Inte ...\",\"breadcrumb\":{\"@id\":\"https:\/\/www.africa-press.net\/niger\/culture-et-art\/journee-internationale-de-la-protection-de-la-couche-dozone-la-ministre-de-lenvironnement-et-de-la-lutte-contre-la-desertification-lance-un-appel-a-conjuguer-les-efforts-pour-la-ca#breadcrumb\"},\"inLanguage\":\"fr-FR\",\"potentialAction\":[{\"@type\":\"ReadAction\",\"target\":[\"https:\/\/www.africa-press.net\/niger\/culture-et-art\/journee-internationale-de-la-protection-de-la-couche-dozone-la-ministre-de-lenvironnement-et-de-la-lutte-contre-la-desertification-lance-un-appel-a-conjuguer-les-efforts-pour-la-ca\"]}]},{\"@type\":\"ImageObject\",\"inLanguage\":\"fr-FR\",\"@id\":\"https:\/\/www.africa-press.net\/niger\/culture-et-art\/journee-internationale-de-la-protection-de-la-couche-dozone-la-ministre-de-lenvironnement-et-de-la-lutte-contre-la-desertification-lance-un-appel-a-conjuguer-les-efforts-pour-la-ca#primaryimage\",\"url\":\"https:\/\/static.africa-press.net\/niger\/sites\/40\/2021\/09\/img-6143697c0c168.jpg\",\"contentUrl\":\"https:\/\/static.africa-press.net\/niger\/sites\/40\/2021\/09\/img-6143697c0c168.jpg\",\"width\":720,\"height\":465,\"caption\":\"Journ\u00e9e Internationale de la protection de la couche d\u2019ozone : La ministre de l\u2019Environnement et de la lutte contre la D\u00e9sertification lance un appel \u00e0 conjuguer les efforts pour la cause environnementale\"},{\"@type\":\"BreadcrumbList\",\"@id\":\"https:\/\/www.africa-press.net\/niger\/culture-et-art\/journee-internationale-de-la-protection-de-la-couche-dozone-la-ministre-de-lenvironnement-et-de-la-lutte-contre-la-desertification-lance-un-appel-a-conjuguer-les-efforts-pour-la-ca#breadcrumb\",\"itemListElement\":[{\"@type\":\"ListItem\",\"position\":1,\"name\":\"Accueil\",\"item\":\"https:\/\/www.africa-press.net\/niger\/\"},{\"@type\":\"ListItem\",\"position\":2,\"name\":\"Journ\u00e9e Internationale de la protection de la couche d\u2019ozone : La ministre de l\u2019Environnement et de la lutte contre la D\u00e9sertification lance un appel \u00e0 conjuguer les efforts pour la cause environnementale\"}]},{\"@type\":\"WebSite\",\"@id\":\"https:\/\/www.africa-press.net\/niger\/#website\",\"url\":\"https:\/\/www.africa-press.net\/niger\/\",\"name\":\"niger\",\"description\":\"Just another Africa News Agency Sites site\",\"potentialAction\":[{\"@type\":\"SearchAction\",\"target\":{\"@type\":\"EntryPoint\",\"urlTemplate\":\"https:\/\/www.africa-press.net\/niger\/?s={search_term_string}\"},\"query-input\":{\"@type\":\"PropertyValueSpecification\",\"valueRequired\":true,\"valueName\":\"search_term_string\"}}],\"inLanguage\":\"fr-FR\"},{\"@type\":\"Person\",\"@id\":\"https:\/\/www.africa-press.net\/niger\/#\/schema\/person\/2b1cf3cd81a31e3cd26889ca66d677f1\",\"name\":\"cfeditorfr\"}]}<\/script>\n<!-- \/ Yoast SEO Premium plugin. -->","yoast_head_json":{"title":"Journ\u00e9e Internationale de la protection de la couche d\u2019ozone : La ministre de l\u2019Environnement et de la lutte contre la D\u00e9sertification lance un appel \u00e0 conjuguer les efforts pour la cause environnementale - niger","description":"\ufeffA l\u2019instar des autres pays de la communaut\u00e9 internationale, le Niger, c\u00e9l\u00e8bre aujourd\u2019hui 16 septembre, la Journ\u00e9e Inte ...","robots":{"index":"index","follow":"follow","max-snippet":"max-snippet:-1","max-image-preview":"max-image-preview:large","max-video-preview":"max-video-preview:-1"},"canonical":"https:\/\/www.africa-press.net\/niger\/culture-et-art\/journee-internationale-de-la-protection-de-la-couche-dozone-la-ministre-de-lenvironnement-et-de-la-lutte-contre-la-desertification-lance-un-appel-a-conjuguer-les-efforts-pour-la-ca","og_locale":"fr_FR","og_type":"article","og_title":"Journ\u00e9e Internationale de la protection de la couche d\u2019ozone : La ministre de l\u2019Environnement et de la lutte contre la D\u00e9sertification lance un appel \u00e0 conjuguer les efforts pour la cause environnementale","og_description":"\ufeffA l\u2019instar des autres pays de la communaut\u00e9 internationale, le Niger, c\u00e9l\u00e8bre aujourd\u2019hui 16 septembre, la Journ\u00e9e Inte ...","og_url":"https:\/\/www.africa-press.net\/niger\/culture-et-art\/journee-internationale-de-la-protection-de-la-couche-dozone-la-ministre-de-lenvironnement-et-de-la-lutte-contre-la-desertification-lance-un-appel-a-conjuguer-les-efforts-pour-la-ca","og_site_name":"niger","article_published_time":"2021-09-16T17:50:59+00:00","article_modified_time":"2021-09-17T18:00:12+00:00","og_image":[{"width":720,"height":465,"url":"https:\/\/static.africa-press.net\/niger\/sites\/40\/2021\/09\/img-6143697c0c168.jpg","type":"image\/jpeg"}],"author":"cfeditorfr","twitter_card":"summary_large_image","twitter_misc":{"\u00c9crit par":"cfeditorfr","Dur\u00e9e de lecture estim\u00e9e":"4 minutes"},"schema":{"@context":"https:\/\/schema.org","@graph":[{"@type":"Article","@id":"https:\/\/www.africa-press.net\/niger\/culture-et-art\/journee-internationale-de-la-protection-de-la-couche-dozone-la-ministre-de-lenvironnement-et-de-la-lutte-contre-la-desertification-lance-un-appel-a-conjuguer-les-efforts-pour-la-ca#article","isPartOf":{"@id":"https:\/\/www.africa-press.net\/niger\/culture-et-art\/journee-internationale-de-la-protection-de-la-couche-dozone-la-ministre-de-lenvironnement-et-de-la-lutte-contre-la-desertification-lance-un-appel-a-conjuguer-les-efforts-pour-la-ca"},"author":{"name":"cfeditorfr","@id":"https:\/\/www.africa-press.net\/niger\/#\/schema\/person\/2b1cf3cd81a31e3cd26889ca66d677f1"},"headline":"Journ\u00e9e Internationale de la protection de la couche d\u2019ozone : La ministre de l\u2019Environnement et de la lutte contre la D\u00e9sertification lance un appel \u00e0 conjuguer les efforts pour la cause environnementale","datePublished":"2021-09-16T17:50:59+00:00","dateModified":"2021-09-17T18:00:12+00:00","mainEntityOfPage":{"@id":"https:\/\/www.africa-press.net\/niger\/culture-et-art\/journee-internationale-de-la-protection-de-la-couche-dozone-la-ministre-de-lenvironnement-et-de-la-lutte-contre-la-desertification-lance-un-appel-a-conjuguer-les-efforts-pour-la-ca"},"wordCount":739,"commentCount":0,"image":{"@id":"https:\/\/www.africa-press.net\/niger\/culture-et-art\/journee-internationale-de-la-protection-de-la-couche-dozone-la-ministre-de-lenvironnement-et-de-la-lutte-contre-la-desertification-lance-un-appel-a-conjuguer-les-efforts-pour-la-ca#primaryimage"},"thumbnailUrl":"https:\/\/static.africa-press.net\/niger\/sites\/40\/2021\/09\/img-6143697c0c168.jpg","keywords":["Africa Press","Africa Press-Niger","Niger"],"articleSection":["Culture et Art","homepage-french","Toutes les actualit\u00e9s"],"inLanguage":"fr-FR","potentialAction":[{"@type":"CommentAction","name":"Comment","target":["https:\/\/www.africa-press.net\/niger\/culture-et-art\/journee-internationale-de-la-protection-de-la-couche-dozone-la-ministre-de-lenvironnement-et-de-la-lutte-contre-la-desertification-lance-un-appel-a-conjuguer-les-efforts-pour-la-ca#respond"]}]},{"@type":"WebPage","@id":"https:\/\/www.africa-press.net\/niger\/culture-et-art\/journee-internationale-de-la-protection-de-la-couche-dozone-la-ministre-de-lenvironnement-et-de-la-lutte-contre-la-desertification-lance-un-appel-a-conjuguer-les-efforts-pour-la-ca","url":"https:\/\/www.africa-press.net\/niger\/culture-et-art\/journee-internationale-de-la-protection-de-la-couche-dozone-la-ministre-de-lenvironnement-et-de-la-lutte-contre-la-desertification-lance-un-appel-a-conjuguer-les-efforts-pour-la-ca","name":"Journ\u00e9e Internationale de la protection de la couche d\u2019ozone : La ministre de l\u2019Environnement et de la lutte contre la D\u00e9sertification lance un appel \u00e0 conjuguer les efforts pour la cause environnementale - niger","isPartOf":{"@id":"https:\/\/www.africa-press.net\/niger\/#website"},"primaryImageOfPage":{"@id":"https:\/\/www.africa-press.net\/niger\/culture-et-art\/journee-internationale-de-la-protection-de-la-couche-dozone-la-ministre-de-lenvironnement-et-de-la-lutte-contre-la-desertification-lance-un-appel-a-conjuguer-les-efforts-pour-la-ca#primaryimage"},"image":{"@id":"https:\/\/www.africa-press.net\/niger\/culture-et-art\/journee-internationale-de-la-protection-de-la-couche-dozone-la-ministre-de-lenvironnement-et-de-la-lutte-contre-la-desertification-lance-un-appel-a-conjuguer-les-efforts-pour-la-ca#primaryimage"},"thumbnailUrl":"https:\/\/static.africa-press.net\/niger\/sites\/40\/2021\/09\/img-6143697c0c168.jpg","datePublished":"2021-09-16T17:50:59+00:00","dateModified":"2021-09-17T18:00:12+00:00","author":{"@id":"https:\/\/www.africa-press.net\/niger\/#\/schema\/person\/2b1cf3cd81a31e3cd26889ca66d677f1"},"description":"\ufeffA l\u2019instar des autres pays de la communaut\u00e9 internationale, le Niger, c\u00e9l\u00e8bre aujourd\u2019hui 16 septembre, la Journ\u00e9e Inte ...","breadcrumb":{"@id":"https:\/\/www.africa-press.net\/niger\/culture-et-art\/journee-internationale-de-la-protection-de-la-couche-dozone-la-ministre-de-lenvironnement-et-de-la-lutte-contre-la-desertification-lance-un-appel-a-conjuguer-les-efforts-pour-la-ca#breadcrumb"},"inLanguage":"fr-FR","potentialAction":[{"@type":"ReadAction","target":["https:\/\/www.africa-press.net\/niger\/culture-et-art\/journee-internationale-de-la-protection-de-la-couche-dozone-la-ministre-de-lenvironnement-et-de-la-lutte-contre-la-desertification-lance-un-appel-a-conjuguer-les-efforts-pour-la-ca"]}]},{"@type":"ImageObject","inLanguage":"fr-FR","@id":"https:\/\/www.africa-press.net\/niger\/culture-et-art\/journee-internationale-de-la-protection-de-la-couche-dozone-la-ministre-de-lenvironnement-et-de-la-lutte-contre-la-desertification-lance-un-appel-a-conjuguer-les-efforts-pour-la-ca#primaryimage","url":"https:\/\/static.africa-press.net\/niger\/sites\/40\/2021\/09\/img-6143697c0c168.jpg","contentUrl":"https:\/\/static.africa-press.net\/niger\/sites\/40\/2021\/09\/img-6143697c0c168.jpg","width":720,"height":465,"caption":"Journ\u00e9e Internationale de la protection de la couche d\u2019ozone : La ministre de l\u2019Environnement et de la lutte contre la D\u00e9sertification lance un appel \u00e0 conjuguer les efforts pour la cause environnementale"},{"@type":"BreadcrumbList","@id":"https:\/\/www.africa-press.net\/niger\/culture-et-art\/journee-internationale-de-la-protection-de-la-couche-dozone-la-ministre-de-lenvironnement-et-de-la-lutte-contre-la-desertification-lance-un-appel-a-conjuguer-les-efforts-pour-la-ca#breadcrumb","itemListElement":[{"@type":"ListItem","position":1,"name":"Accueil","item":"https:\/\/www.africa-press.net\/niger\/"},{"@type":"ListItem","position":2,"name":"Journ\u00e9e Internationale de la protection de la couche d\u2019ozone : La ministre de l\u2019Environnement et de la lutte contre la D\u00e9sertification lance un appel \u00e0 conjuguer les efforts pour la cause environnementale"}]},{"@type":"WebSite","@id":"https:\/\/www.africa-press.net\/niger\/#website","url":"https:\/\/www.africa-press.net\/niger\/","name":"niger","description":"Just another Africa News Agency Sites site","potentialAction":[{"@type":"SearchAction","target":{"@type":"EntryPoint","urlTemplate":"https:\/\/www.africa-press.net\/niger\/?s={search_term_string}"},"query-input":{"@type":"PropertyValueSpecification","valueRequired":true,"valueName":"search_term_string"}}],"inLanguage":"fr-FR"},{"@type":"Person","@id":"https:\/\/www.africa-press.net\/niger\/#\/schema\/person\/2b1cf3cd81a31e3cd26889ca66d677f1","name":"cfeditorfr"}]}},"_links":{"self":[{"href":"https:\/\/www.africa-press.net\/niger\/wp-json\/wp\/v2\/posts\/11924","targetHints":{"allow":["GET"]}}],"collection":[{"href":"https:\/\/www.africa-press.net\/niger\/wp-json\/wp\/v2\/posts"}],"about":[{"href":"https:\/\/www.africa-press.net\/niger\/wp-json\/wp\/v2\/types\/post"}],"author":[{"embeddable":true,"href":"https:\/\/www.africa-press.net\/niger\/wp-json\/wp\/v2\/users\/82"}],"replies":[{"embeddable":true,"href":"https:\/\/www.africa-press.net\/niger\/wp-json\/wp\/v2\/comments?post=11924"}],"version-history":[{"count":0,"href":"https:\/\/www.africa-press.net\/niger\/wp-json\/wp\/v2\/posts\/11924\/revisions"}],"wp:featuredmedia":[{"embeddable":true,"href":"https:\/\/www.africa-press.net\/niger\/wp-json\/wp\/v2\/media\/11923"}],"wp:attachment":[{"href":"https:\/\/www.africa-press.net\/niger\/wp-json\/wp\/v2\/media?parent=11924"}],"wp:term":[{"taxonomy":"category","embeddable":true,"href":"https:\/\/www.africa-press.net\/niger\/wp-json\/wp\/v2\/categories?post=11924"},{"taxonomy":"post_tag","embeddable":true,"href":"https:\/\/www.africa-press.net\/niger\/wp-json\/wp\/v2\/tags?post=11924"}],"curies":[{"name":"wp","href":"https:\/\/api.w.org\/{rel}","templated":true}]}}