{"id":11927,"date":"2021-09-16T18:02:43","date_gmt":"2021-09-16T18:02:43","guid":{"rendered":"https:\/\/www.africa-press.net\/niger\/?p=11927"},"modified":"2021-09-16T15:59:02","modified_gmt":"2021-09-16T15:59:02","slug":"au-palais-de-la-presidence-de-la-republique-le-chef-de-letat-recoit-une-delegation-de-la-banque-mondiale-conduite-par-le-vice-president-de-la-sfi-pour-lafrique","status":"publish","type":"post","link":"https:\/\/www.africa-press.net\/niger\/politique\/au-palais-de-la-presidence-de-la-republique-le-chef-de-letat-recoit-une-delegation-de-la-banque-mondiale-conduite-par-le-vice-president-de-la-sfi-pour-lafrique","title":{"rendered":"Au Palais de la Pr\u00e9sidence de la R\u00e9publique : Le Chef de l\u2019Etat re\u00e7oit une d\u00e9l\u00e9gation de la Banque Mondiale conduite par le Vice-pr\u00e9sident de la  SFI pour l\u2019Afrique"},"content":{"rendered":"<p><span style=\"color: #ff6600\"><strong><a href=\"https:\/\/www.africa-press.net\/\">Africa-Press<\/a> &#8211; <a href=\"https:\/\/www.africa-press.net\/niger\">Niger<\/a>. <\/strong><\/span>Le Pr\u00e9sident de la R\u00e9publique SEM. Mohamed Bazoum a re\u00e7u hier matin en audience une d\u00e9l\u00e9gation de la Banque Mondiale en mission au Niger. Cette d\u00e9l\u00e9gation \u00e9tait conduite par le Vice-pr\u00e9sident de la Soci\u00e9t\u00e9 Financi\u00e8re Internationale (SFI) M. Sergio Pimenta accompagn\u00e9 de l\u2019administrateur de la Banque Mondiale pour le Niger M. Alphonse Kouagou et de la repr\u00e9sentante du nouveau bureau permanent de la SFI \u00e0 Niamey Mme. Haoua Coulibaly.<\/p>\n<p>Au sortir de l\u2019audience, le Vice-pr\u00e9sident de la SFI a indiqu\u00e9 qu\u2019ils ont eu des \u00e9changes tr\u00e8s fructueux avec le Pr\u00e9sident de la R\u00e9publique du Niger sur les activit\u00e9s de la Soci\u00e9t\u00e9 financi\u00e8re internationale (SFI). Il a fait une br\u00e8ve pr\u00e9sentation de la SFI notifiant qu\u2019elle est l\u2019institution de la Banque Mondiale qui se focalise sur le secteur priv\u00e9 tout en annon\u00e7ant l\u2019ouverture du bureau permanent de la SFI ici \u00e0 Niamey. M. Sergio Pimenta a aussi ajout\u00e9 que cette rencontre a \u00e9t\u00e9 l\u2019occasion de parler avec SEM. Mohamed Bazoum des activit\u00e9s que la SFI a pu mener au cours des derni\u00e8res ann\u00e9es \u00e0 savoir : les investissements, les soutiens au niveau de l\u2019assistance technique mais \u00e9galement l\u2019intention d\u2019accro\u00eetre fortement la pr\u00e9sence de la SFI au Niger et au-del\u00e0 accroitre le soutien au d\u00e9veloppement \u00e9conomique du Niger \u00e0 travers celui du secteur priv\u00e9.<\/p>\n<p>Relativement aux engagements pris au cours de cette mission, il s\u2019agit selon M. Pimenta d\u2019orienter les investissements vers des secteurs importants tels que celui de l\u2019\u00e9nergie, l\u2019agriculture, l\u2019\u00e9levage, l\u2019\u00e9conomie num\u00e9rique et enfin celui de l\u2019\u00e9ducation en l\u2019occurrence de la femme. Le Vice pr\u00e9sident de la SFI pour l\u2019Afrique s\u2019est dit content d\u2019avoir eu l\u2019opportunit\u00e9 d\u2019\u00e9changer avec le Pr\u00e9sident de la R\u00e9publique.<\/p>\n<p>Pour sa part, l\u2019administrateur de la Banque Mondiale pour le Niger M. Alphonse Kouagou a de prime abord confi\u00e9 qu\u2019il repr\u00e9sente le Niger plus 22 autres pays africains \u00e0 la Banque Mondiale. \u00abEt ma priorit\u00e9 est de m\u2019assurer que ces pays ont acc\u00e8s au financement n\u00e9cessaire. Je repr\u00e9sente l\u2019oreille et la bouche du Niger, je fais du lobbying pour m\u2019assurer qu\u2019ils sont inform\u00e9s des produits qui existent au niveau de la Banque Mondiale qui peuvent les aider \u00e0 acc\u00e9l\u00e9rer le d\u00e9veloppement \u00e9conomique du pays\u00bb a pr\u00e9cis\u00e9 M. Alphonse Kouagou. Il a ajout\u00e9 que leur entretien avec le Pr\u00e9sident de la R\u00e9publique a tourn\u00e9 sur le secteur priv\u00e9, estimant que le d\u00e9veloppement du pays devrait passer par le priv\u00e9. \u00abC\u2019est vrai que le public fournit beaucoup plus d\u2019efforts, mais en s\u2019associant avec le secteur priv\u00e9, la cr\u00e9ation d\u2019emplois pour les jeunes peut \u00eatre acc\u00e9l\u00e9r\u00e9e\u00bb, a estim\u00e9 l\u2019administrateur de la Banque Mondiale pour le Niger.<\/p>\n<p>Relevant qu\u2019il y a beaucoup d\u2019entrepreneurs au Niger, M. Alphonse Kouagou a confi\u00e9 avoir rencontr\u00e9 un groupe de jeunes entrepreneurs qui sont en train de faire des choses innovantes. \u00abAvec le support de l\u2019Etat et des partenaires du secteur priv\u00e9 cela pourrait acc\u00e9l\u00e9rer le d\u00e9veloppement des entreprises et cr\u00e9er des emplois\u00bb, a-t-il suppos\u00e9. M. Alphonse Kouagou a parl\u00e9 des engagements de la Banque mondiale notamment celui relatif \u00e0 la vaccination assurant qu\u2019il y a assez de fonds disponibles pour permettre au pays d\u2019acc\u00e9der au vaccin.<\/p>\n<p><b>Rahila Tagou(onep)<\/b><\/p>\n","protected":false},"excerpt":{"rendered":"<p>Africa-Press &#8211; Niger. Le Pr\u00e9sident de la R\u00e9publique SEM. Mohamed Bazoum a re\u00e7u hier matin en audience une d\u00e9l\u00e9gation de la Banque Mondiale en mission au Niger. Cette d\u00e9l\u00e9gation \u00e9tait conduite par le Vice-pr\u00e9sident de la Soci\u00e9t\u00e9 Financi\u00e8re Internationale (SFI) M. Sergio Pimenta accompagn\u00e9 de l\u2019administrateur de la Banque Mondiale pour le Niger M. Alphonse [&hellip;]<\/p>\n","protected":false},"author":82,"featured_media":11926,"comment_status":"open","ping_status":"closed","sticky":false,"template":"","format":"standard","meta":{"footnotes":""},"categories":[11,2,20,10],"tags":[55,60,29],"class_list":["post-11927","post","type-post","status-publish","format-standard","has-post-thumbnail","hentry","category-homepage-french","category-politique","category-top-nouvelles","category-toutes-les-actualites","tag-africa-press","tag-africa-press-niger","tag-niger"],"yoast_head":"<!-- This site is optimized with the Yoast SEO Premium plugin v26.1 (Yoast SEO v27.0) - https:\/\/yoast.com\/product\/yoast-seo-premium-wordpress\/ -->\n<title>Au Palais de la Pr\u00e9sidence de la R\u00e9publique : Le Chef de l\u2019Etat re\u00e7oit une d\u00e9l\u00e9gation de la Banque Mondiale conduite par le Vice-pr\u00e9sident de la SFI pour l\u2019Afrique - niger<\/title>\n<meta name=\"description\" content=\"\ufeffLe Pr\u00e9sident de la R\u00e9publique SEM. Mohamed Bazoum a re\u00e7u hier matin en audience une d\u00e9l\u00e9gation de la Banque Mondiale en ...\" \/>\n<meta name=\"robots\" content=\"index, follow, max-snippet:-1, max-image-preview:large, max-video-preview:-1\" \/>\n<link rel=\"canonical\" href=\"https:\/\/www.africa-press.net\/niger\/politique\/au-palais-de-la-presidence-de-la-republique-le-chef-de-letat-recoit-une-delegation-de-la-banque-mondiale-conduite-par-le-vice-president-de-la-sfi-pour-lafrique\" \/>\n<meta property=\"og:locale\" content=\"fr_FR\" \/>\n<meta property=\"og:type\" content=\"article\" \/>\n<meta property=\"og:title\" content=\"Au Palais de la Pr\u00e9sidence de la R\u00e9publique : Le Chef de l\u2019Etat re\u00e7oit une d\u00e9l\u00e9gation de la Banque Mondiale conduite par le Vice-pr\u00e9sident de la SFI pour l\u2019Afrique\" \/>\n<meta property=\"og:description\" content=\"\ufeffLe Pr\u00e9sident de la R\u00e9publique SEM. Mohamed Bazoum a re\u00e7u hier matin en audience une d\u00e9l\u00e9gation de la Banque Mondiale en ...\" \/>\n<meta property=\"og:url\" content=\"https:\/\/www.africa-press.net\/niger\/politique\/au-palais-de-la-presidence-de-la-republique-le-chef-de-letat-recoit-une-delegation-de-la-banque-mondiale-conduite-par-le-vice-president-de-la-sfi-pour-lafrique\" \/>\n<meta property=\"og:site_name\" content=\"niger\" \/>\n<meta property=\"article:published_time\" content=\"2021-09-16T18:02:43+00:00\" \/>\n<meta property=\"og:image\" content=\"https:\/\/static.africa-press.net\/niger\/sites\/40\/2021\/09\/img-614369a24bf49.jpg\" \/>\n\t<meta property=\"og:image:width\" content=\"720\" \/>\n\t<meta property=\"og:image:height\" content=\"446\" \/>\n\t<meta property=\"og:image:type\" content=\"image\/jpeg\" \/>\n<meta name=\"author\" content=\"cfeditorfr\" \/>\n<meta name=\"twitter:card\" content=\"summary_large_image\" \/>\n<meta name=\"twitter:label1\" content=\"\u00c9crit par\" \/>\n\t<meta name=\"twitter:data1\" content=\"cfeditorfr\" \/>\n\t<meta name=\"twitter:label2\" content=\"Dur\u00e9e de lecture estim\u00e9e\" \/>\n\t<meta name=\"twitter:data2\" content=\"3 minutes\" \/>\n<script type=\"application\/ld+json\" class=\"yoast-schema-graph\">{\"@context\":\"https:\/\/schema.org\",\"@graph\":[{\"@type\":\"Article\",\"@id\":\"https:\/\/www.africa-press.net\/niger\/politique\/au-palais-de-la-presidence-de-la-republique-le-chef-de-letat-recoit-une-delegation-de-la-banque-mondiale-conduite-par-le-vice-president-de-la-sfi-pour-lafrique#article\",\"isPartOf\":{\"@id\":\"https:\/\/www.africa-press.net\/niger\/politique\/au-palais-de-la-presidence-de-la-republique-le-chef-de-letat-recoit-une-delegation-de-la-banque-mondiale-conduite-par-le-vice-president-de-la-sfi-pour-lafrique\"},\"author\":{\"name\":\"cfeditorfr\",\"@id\":\"https:\/\/www.africa-press.net\/niger\/#\/schema\/person\/2b1cf3cd81a31e3cd26889ca66d677f1\"},\"headline\":\"Au Palais de la Pr\u00e9sidence de la R\u00e9publique : Le Chef de l\u2019Etat re\u00e7oit une d\u00e9l\u00e9gation de la Banque Mondiale conduite par le Vice-pr\u00e9sident de la SFI pour l\u2019Afrique\",\"datePublished\":\"2021-09-16T18:02:43+00:00\",\"mainEntityOfPage\":{\"@id\":\"https:\/\/www.africa-press.net\/niger\/politique\/au-palais-de-la-presidence-de-la-republique-le-chef-de-letat-recoit-une-delegation-de-la-banque-mondiale-conduite-par-le-vice-president-de-la-sfi-pour-lafrique\"},\"wordCount\":635,\"commentCount\":0,\"image\":{\"@id\":\"https:\/\/www.africa-press.net\/niger\/politique\/au-palais-de-la-presidence-de-la-republique-le-chef-de-letat-recoit-une-delegation-de-la-banque-mondiale-conduite-par-le-vice-president-de-la-sfi-pour-lafrique#primaryimage\"},\"thumbnailUrl\":\"https:\/\/static.africa-press.net\/niger\/sites\/40\/2021\/09\/img-614369a24bf49.jpg\",\"keywords\":[\"Africa Press\",\"Africa Press-Niger\",\"Niger\"],\"articleSection\":[\"homepage-french\",\"Politique\",\"Top Nouvelles\",\"Toutes les actualit\u00e9s\"],\"inLanguage\":\"fr-FR\",\"potentialAction\":[{\"@type\":\"CommentAction\",\"name\":\"Comment\",\"target\":[\"https:\/\/www.africa-press.net\/niger\/politique\/au-palais-de-la-presidence-de-la-republique-le-chef-de-letat-recoit-une-delegation-de-la-banque-mondiale-conduite-par-le-vice-president-de-la-sfi-pour-lafrique#respond\"]}]},{\"@type\":\"WebPage\",\"@id\":\"https:\/\/www.africa-press.net\/niger\/politique\/au-palais-de-la-presidence-de-la-republique-le-chef-de-letat-recoit-une-delegation-de-la-banque-mondiale-conduite-par-le-vice-president-de-la-sfi-pour-lafrique\",\"url\":\"https:\/\/www.africa-press.net\/niger\/politique\/au-palais-de-la-presidence-de-la-republique-le-chef-de-letat-recoit-une-delegation-de-la-banque-mondiale-conduite-par-le-vice-president-de-la-sfi-pour-lafrique\",\"name\":\"Au Palais de la Pr\u00e9sidence de la R\u00e9publique : Le Chef de l\u2019Etat re\u00e7oit une d\u00e9l\u00e9gation de la Banque Mondiale conduite par le Vice-pr\u00e9sident de la SFI pour l\u2019Afrique - niger\",\"isPartOf\":{\"@id\":\"https:\/\/www.africa-press.net\/niger\/#website\"},\"primaryImageOfPage\":{\"@id\":\"https:\/\/www.africa-press.net\/niger\/politique\/au-palais-de-la-presidence-de-la-republique-le-chef-de-letat-recoit-une-delegation-de-la-banque-mondiale-conduite-par-le-vice-president-de-la-sfi-pour-lafrique#primaryimage\"},\"image\":{\"@id\":\"https:\/\/www.africa-press.net\/niger\/politique\/au-palais-de-la-presidence-de-la-republique-le-chef-de-letat-recoit-une-delegation-de-la-banque-mondiale-conduite-par-le-vice-president-de-la-sfi-pour-lafrique#primaryimage\"},\"thumbnailUrl\":\"https:\/\/static.africa-press.net\/niger\/sites\/40\/2021\/09\/img-614369a24bf49.jpg\",\"datePublished\":\"2021-09-16T18:02:43+00:00\",\"author\":{\"@id\":\"https:\/\/www.africa-press.net\/niger\/#\/schema\/person\/2b1cf3cd81a31e3cd26889ca66d677f1\"},\"description\":\"\ufeffLe Pr\u00e9sident de la R\u00e9publique SEM. Mohamed Bazoum a re\u00e7u hier matin en audience une d\u00e9l\u00e9gation de la Banque Mondiale en ...\",\"breadcrumb\":{\"@id\":\"https:\/\/www.africa-press.net\/niger\/politique\/au-palais-de-la-presidence-de-la-republique-le-chef-de-letat-recoit-une-delegation-de-la-banque-mondiale-conduite-par-le-vice-president-de-la-sfi-pour-lafrique#breadcrumb\"},\"inLanguage\":\"fr-FR\",\"potentialAction\":[{\"@type\":\"ReadAction\",\"target\":[\"https:\/\/www.africa-press.net\/niger\/politique\/au-palais-de-la-presidence-de-la-republique-le-chef-de-letat-recoit-une-delegation-de-la-banque-mondiale-conduite-par-le-vice-president-de-la-sfi-pour-lafrique\"]}]},{\"@type\":\"ImageObject\",\"inLanguage\":\"fr-FR\",\"@id\":\"https:\/\/www.africa-press.net\/niger\/politique\/au-palais-de-la-presidence-de-la-republique-le-chef-de-letat-recoit-une-delegation-de-la-banque-mondiale-conduite-par-le-vice-president-de-la-sfi-pour-lafrique#primaryimage\",\"url\":\"https:\/\/static.africa-press.net\/niger\/sites\/40\/2021\/09\/img-614369a24bf49.jpg\",\"contentUrl\":\"https:\/\/static.africa-press.net\/niger\/sites\/40\/2021\/09\/img-614369a24bf49.jpg\",\"width\":720,\"height\":446,\"caption\":\"Au Palais de la Pr\u00e9sidence de la R\u00e9publique : Le Chef de l\u2019Etat re\u00e7oit une d\u00e9l\u00e9gation de la Banque Mondiale conduite par le Vice-pr\u00e9sident de la SFI pour l\u2019Afrique\"},{\"@type\":\"BreadcrumbList\",\"@id\":\"https:\/\/www.africa-press.net\/niger\/politique\/au-palais-de-la-presidence-de-la-republique-le-chef-de-letat-recoit-une-delegation-de-la-banque-mondiale-conduite-par-le-vice-president-de-la-sfi-pour-lafrique#breadcrumb\",\"itemListElement\":[{\"@type\":\"ListItem\",\"position\":1,\"name\":\"Accueil\",\"item\":\"https:\/\/www.africa-press.net\/niger\/\"},{\"@type\":\"ListItem\",\"position\":2,\"name\":\"Au Palais de la Pr\u00e9sidence de la R\u00e9publique : Le Chef de l\u2019Etat re\u00e7oit une d\u00e9l\u00e9gation de la Banque Mondiale conduite par le Vice-pr\u00e9sident de la SFI pour l\u2019Afrique\"}]},{\"@type\":\"WebSite\",\"@id\":\"https:\/\/www.africa-press.net\/niger\/#website\",\"url\":\"https:\/\/www.africa-press.net\/niger\/\",\"name\":\"niger\",\"description\":\"Just another Africa News Agency Sites site\",\"potentialAction\":[{\"@type\":\"SearchAction\",\"target\":{\"@type\":\"EntryPoint\",\"urlTemplate\":\"https:\/\/www.africa-press.net\/niger\/?s={search_term_string}\"},\"query-input\":{\"@type\":\"PropertyValueSpecification\",\"valueRequired\":true,\"valueName\":\"search_term_string\"}}],\"inLanguage\":\"fr-FR\"},{\"@type\":\"Person\",\"@id\":\"https:\/\/www.africa-press.net\/niger\/#\/schema\/person\/2b1cf3cd81a31e3cd26889ca66d677f1\",\"name\":\"cfeditorfr\"}]}<\/script>\n<!-- \/ Yoast SEO Premium plugin. -->","yoast_head_json":{"title":"Au Palais de la Pr\u00e9sidence de la R\u00e9publique : Le Chef de l\u2019Etat re\u00e7oit une d\u00e9l\u00e9gation de la Banque Mondiale conduite par le Vice-pr\u00e9sident de la SFI pour l\u2019Afrique - niger","description":"\ufeffLe Pr\u00e9sident de la R\u00e9publique SEM. Mohamed Bazoum a re\u00e7u hier matin en audience une d\u00e9l\u00e9gation de la Banque Mondiale en ...","robots":{"index":"index","follow":"follow","max-snippet":"max-snippet:-1","max-image-preview":"max-image-preview:large","max-video-preview":"max-video-preview:-1"},"canonical":"https:\/\/www.africa-press.net\/niger\/politique\/au-palais-de-la-presidence-de-la-republique-le-chef-de-letat-recoit-une-delegation-de-la-banque-mondiale-conduite-par-le-vice-president-de-la-sfi-pour-lafrique","og_locale":"fr_FR","og_type":"article","og_title":"Au Palais de la Pr\u00e9sidence de la R\u00e9publique : Le Chef de l\u2019Etat re\u00e7oit une d\u00e9l\u00e9gation de la Banque Mondiale conduite par le Vice-pr\u00e9sident de la SFI pour l\u2019Afrique","og_description":"\ufeffLe Pr\u00e9sident de la R\u00e9publique SEM. Mohamed Bazoum a re\u00e7u hier matin en audience une d\u00e9l\u00e9gation de la Banque Mondiale en ...","og_url":"https:\/\/www.africa-press.net\/niger\/politique\/au-palais-de-la-presidence-de-la-republique-le-chef-de-letat-recoit-une-delegation-de-la-banque-mondiale-conduite-par-le-vice-president-de-la-sfi-pour-lafrique","og_site_name":"niger","article_published_time":"2021-09-16T18:02:43+00:00","og_image":[{"width":720,"height":446,"url":"https:\/\/static.africa-press.net\/niger\/sites\/40\/2021\/09\/img-614369a24bf49.jpg","type":"image\/jpeg"}],"author":"cfeditorfr","twitter_card":"summary_large_image","twitter_misc":{"\u00c9crit par":"cfeditorfr","Dur\u00e9e de lecture estim\u00e9e":"3 minutes"},"schema":{"@context":"https:\/\/schema.org","@graph":[{"@type":"Article","@id":"https:\/\/www.africa-press.net\/niger\/politique\/au-palais-de-la-presidence-de-la-republique-le-chef-de-letat-recoit-une-delegation-de-la-banque-mondiale-conduite-par-le-vice-president-de-la-sfi-pour-lafrique#article","isPartOf":{"@id":"https:\/\/www.africa-press.net\/niger\/politique\/au-palais-de-la-presidence-de-la-republique-le-chef-de-letat-recoit-une-delegation-de-la-banque-mondiale-conduite-par-le-vice-president-de-la-sfi-pour-lafrique"},"author":{"name":"cfeditorfr","@id":"https:\/\/www.africa-press.net\/niger\/#\/schema\/person\/2b1cf3cd81a31e3cd26889ca66d677f1"},"headline":"Au Palais de la Pr\u00e9sidence de la R\u00e9publique : Le Chef de l\u2019Etat re\u00e7oit une d\u00e9l\u00e9gation de la Banque Mondiale conduite par le Vice-pr\u00e9sident de la SFI pour l\u2019Afrique","datePublished":"2021-09-16T18:02:43+00:00","mainEntityOfPage":{"@id":"https:\/\/www.africa-press.net\/niger\/politique\/au-palais-de-la-presidence-de-la-republique-le-chef-de-letat-recoit-une-delegation-de-la-banque-mondiale-conduite-par-le-vice-president-de-la-sfi-pour-lafrique"},"wordCount":635,"commentCount":0,"image":{"@id":"https:\/\/www.africa-press.net\/niger\/politique\/au-palais-de-la-presidence-de-la-republique-le-chef-de-letat-recoit-une-delegation-de-la-banque-mondiale-conduite-par-le-vice-president-de-la-sfi-pour-lafrique#primaryimage"},"thumbnailUrl":"https:\/\/static.africa-press.net\/niger\/sites\/40\/2021\/09\/img-614369a24bf49.jpg","keywords":["Africa Press","Africa Press-Niger","Niger"],"articleSection":["homepage-french","Politique","Top Nouvelles","Toutes les actualit\u00e9s"],"inLanguage":"fr-FR","potentialAction":[{"@type":"CommentAction","name":"Comment","target":["https:\/\/www.africa-press.net\/niger\/politique\/au-palais-de-la-presidence-de-la-republique-le-chef-de-letat-recoit-une-delegation-de-la-banque-mondiale-conduite-par-le-vice-president-de-la-sfi-pour-lafrique#respond"]}]},{"@type":"WebPage","@id":"https:\/\/www.africa-press.net\/niger\/politique\/au-palais-de-la-presidence-de-la-republique-le-chef-de-letat-recoit-une-delegation-de-la-banque-mondiale-conduite-par-le-vice-president-de-la-sfi-pour-lafrique","url":"https:\/\/www.africa-press.net\/niger\/politique\/au-palais-de-la-presidence-de-la-republique-le-chef-de-letat-recoit-une-delegation-de-la-banque-mondiale-conduite-par-le-vice-president-de-la-sfi-pour-lafrique","name":"Au Palais de la Pr\u00e9sidence de la R\u00e9publique : Le Chef de l\u2019Etat re\u00e7oit une d\u00e9l\u00e9gation de la Banque Mondiale conduite par le Vice-pr\u00e9sident de la SFI pour l\u2019Afrique - niger","isPartOf":{"@id":"https:\/\/www.africa-press.net\/niger\/#website"},"primaryImageOfPage":{"@id":"https:\/\/www.africa-press.net\/niger\/politique\/au-palais-de-la-presidence-de-la-republique-le-chef-de-letat-recoit-une-delegation-de-la-banque-mondiale-conduite-par-le-vice-president-de-la-sfi-pour-lafrique#primaryimage"},"image":{"@id":"https:\/\/www.africa-press.net\/niger\/politique\/au-palais-de-la-presidence-de-la-republique-le-chef-de-letat-recoit-une-delegation-de-la-banque-mondiale-conduite-par-le-vice-president-de-la-sfi-pour-lafrique#primaryimage"},"thumbnailUrl":"https:\/\/static.africa-press.net\/niger\/sites\/40\/2021\/09\/img-614369a24bf49.jpg","datePublished":"2021-09-16T18:02:43+00:00","author":{"@id":"https:\/\/www.africa-press.net\/niger\/#\/schema\/person\/2b1cf3cd81a31e3cd26889ca66d677f1"},"description":"\ufeffLe Pr\u00e9sident de la R\u00e9publique SEM. Mohamed Bazoum a re\u00e7u hier matin en audience une d\u00e9l\u00e9gation de la Banque Mondiale en ...","breadcrumb":{"@id":"https:\/\/www.africa-press.net\/niger\/politique\/au-palais-de-la-presidence-de-la-republique-le-chef-de-letat-recoit-une-delegation-de-la-banque-mondiale-conduite-par-le-vice-president-de-la-sfi-pour-lafrique#breadcrumb"},"inLanguage":"fr-FR","potentialAction":[{"@type":"ReadAction","target":["https:\/\/www.africa-press.net\/niger\/politique\/au-palais-de-la-presidence-de-la-republique-le-chef-de-letat-recoit-une-delegation-de-la-banque-mondiale-conduite-par-le-vice-president-de-la-sfi-pour-lafrique"]}]},{"@type":"ImageObject","inLanguage":"fr-FR","@id":"https:\/\/www.africa-press.net\/niger\/politique\/au-palais-de-la-presidence-de-la-republique-le-chef-de-letat-recoit-une-delegation-de-la-banque-mondiale-conduite-par-le-vice-president-de-la-sfi-pour-lafrique#primaryimage","url":"https:\/\/static.africa-press.net\/niger\/sites\/40\/2021\/09\/img-614369a24bf49.jpg","contentUrl":"https:\/\/static.africa-press.net\/niger\/sites\/40\/2021\/09\/img-614369a24bf49.jpg","width":720,"height":446,"caption":"Au Palais de la Pr\u00e9sidence de la R\u00e9publique : Le Chef de l\u2019Etat re\u00e7oit une d\u00e9l\u00e9gation de la Banque Mondiale conduite par le Vice-pr\u00e9sident de la SFI pour l\u2019Afrique"},{"@type":"BreadcrumbList","@id":"https:\/\/www.africa-press.net\/niger\/politique\/au-palais-de-la-presidence-de-la-republique-le-chef-de-letat-recoit-une-delegation-de-la-banque-mondiale-conduite-par-le-vice-president-de-la-sfi-pour-lafrique#breadcrumb","itemListElement":[{"@type":"ListItem","position":1,"name":"Accueil","item":"https:\/\/www.africa-press.net\/niger\/"},{"@type":"ListItem","position":2,"name":"Au Palais de la Pr\u00e9sidence de la R\u00e9publique : Le Chef de l\u2019Etat re\u00e7oit une d\u00e9l\u00e9gation de la Banque Mondiale conduite par le Vice-pr\u00e9sident de la SFI pour l\u2019Afrique"}]},{"@type":"WebSite","@id":"https:\/\/www.africa-press.net\/niger\/#website","url":"https:\/\/www.africa-press.net\/niger\/","name":"niger","description":"Just another Africa News Agency Sites site","potentialAction":[{"@type":"SearchAction","target":{"@type":"EntryPoint","urlTemplate":"https:\/\/www.africa-press.net\/niger\/?s={search_term_string}"},"query-input":{"@type":"PropertyValueSpecification","valueRequired":true,"valueName":"search_term_string"}}],"inLanguage":"fr-FR"},{"@type":"Person","@id":"https:\/\/www.africa-press.net\/niger\/#\/schema\/person\/2b1cf3cd81a31e3cd26889ca66d677f1","name":"cfeditorfr"}]}},"_links":{"self":[{"href":"https:\/\/www.africa-press.net\/niger\/wp-json\/wp\/v2\/posts\/11927","targetHints":{"allow":["GET"]}}],"collection":[{"href":"https:\/\/www.africa-press.net\/niger\/wp-json\/wp\/v2\/posts"}],"about":[{"href":"https:\/\/www.africa-press.net\/niger\/wp-json\/wp\/v2\/types\/post"}],"author":[{"embeddable":true,"href":"https:\/\/www.africa-press.net\/niger\/wp-json\/wp\/v2\/users\/82"}],"replies":[{"embeddable":true,"href":"https:\/\/www.africa-press.net\/niger\/wp-json\/wp\/v2\/comments?post=11927"}],"version-history":[{"count":0,"href":"https:\/\/www.africa-press.net\/niger\/wp-json\/wp\/v2\/posts\/11927\/revisions"}],"wp:featuredmedia":[{"embeddable":true,"href":"https:\/\/www.africa-press.net\/niger\/wp-json\/wp\/v2\/media\/11926"}],"wp:attachment":[{"href":"https:\/\/www.africa-press.net\/niger\/wp-json\/wp\/v2\/media?parent=11927"}],"wp:term":[{"taxonomy":"category","embeddable":true,"href":"https:\/\/www.africa-press.net\/niger\/wp-json\/wp\/v2\/categories?post=11927"},{"taxonomy":"post_tag","embeddable":true,"href":"https:\/\/www.africa-press.net\/niger\/wp-json\/wp\/v2\/tags?post=11927"}],"curies":[{"name":"wp","href":"https:\/\/api.w.org\/{rel}","templated":true}]}}