{"id":11933,"date":"2021-09-17T17:06:30","date_gmt":"2021-09-17T17:06:30","guid":{"rendered":"https:\/\/www.africa-press.net\/niger\/?p=11933"},"modified":"2021-09-17T17:55:32","modified_gmt":"2021-09-17T17:55:32","slug":"niger-pakistan-une-cooperation-dynamique","status":"publish","type":"post","link":"https:\/\/www.africa-press.net\/niger\/politique\/niger-pakistan-une-cooperation-dynamique","title":{"rendered":"Niger- Pakistan\u00a0: une coop\u00e9ration dynamique"},"content":{"rendered":"<p><span style=\"color: #ff6600\"><strong><a href=\"https:\/\/www.africa-press.net\/\">Africa-Press<\/a> &#8211; <a href=\"https:\/\/www.africa-press.net\/niger\">Niger<\/a>. <\/strong><\/span>Le Premier Ministre du Niger, M. Ouhoumoudou Mahamadou a magnifi\u00e9, ce jeudi 16 Septembre 2021, la coop\u00e9ration entre le Niger et le Pakistan qu\u2019il a qualifi\u00e9e de \u2018\u2019dynamique\u2019\u2019 lors du 1er forum des investissements pakistanais au Niger.<\/p>\n<p>Selon l\u2019officiel nig\u00e9rien, cette coop\u00e9ration se caract\u00e9rise par son dynamisme et sa diversification.<\/p>\n<p>\u2018\u2019Cette coop\u00e9ration concr\u00e9tis\u00e9e par l\u2019ouverture d\u2019une ambassade [du Pakistan au Niger] et par son dynamisme, embrasse plusieurs domaines de d\u00e9veloppement \u00e9conomique et social, notamment l\u2019\u00e9ducation, la sant\u00e9, la d\u00e9fense et la s\u00e9curit\u00e9, ainsi que le commerce\u2019\u2019 a-t-il d\u00e9clar\u00e9.<\/p>\n<p>Le Pakistan, a-t-il rappel\u00e9, a assist\u00e9 le Niger avec plusieurs lots de vivres et de produits m\u00e9dicamenteux.<\/p>\n<p>Le Niger et le Pakistan, tous deux membres de la Oummah islamique entretiennent des relations de coop\u00e9ration dans de nombreux secteurs depuis plusieurs ann\u00e9es.<\/p>\n<p>Au niveau multilat\u00e9ral, les deux pays sont membres de l\u2019OCI, de l\u2019ONU et d\u2019autres organisations internationales.<\/p>\n<p>Cette coop\u00e9ration s\u2019\u00e9largit \u00e9galement au niveau parlementaire. Le 06 aout 2021, le Pr\u00e9sident de l\u2019Assembl\u00e9e Nationale du Niger, Se\u00efni Oumarou a effectu\u00e9 une visite de travail \u00e0 Islamabad au Pakistan. Lors de ce d\u00e9placement de plusieurs jours sur invitation de son homologue pakistanais, le Chef du Parlement nig\u00e9rien et son homologue pakistanais ont proc\u00e9d\u00e9 \u00e0 la signature d\u2019un M\u00e9morandum d\u2019entente entre l\u2019Assembl\u00e9e nationale du Pakistan et celle du Niger.<\/p>\n<p>Ce document pr\u00e9voit, entre autres, le renforcement de la coop\u00e9ration dans toutes les sph\u00e8res du d\u00e9veloppement parlementaire telles que les proc\u00e9dures l\u00e9gislatives, les lois, le travail en commission et le r\u00f4le de contr\u00f4le et de partage d\u2019exp\u00e9riences dans le domaine du Parlement vert.<\/p>\n","protected":false},"excerpt":{"rendered":"<p>Africa-Press &#8211; Niger. Le Premier Ministre du Niger, M. Ouhoumoudou Mahamadou a magnifi\u00e9, ce jeudi 16 Septembre 2021, la coop\u00e9ration entre le Niger et le Pakistan qu\u2019il a qualifi\u00e9e de \u2018\u2019dynamique\u2019\u2019 lors du 1er forum des investissements pakistanais au Niger. Selon l\u2019officiel nig\u00e9rien, cette coop\u00e9ration se caract\u00e9rise par son dynamisme et sa diversification. \u2018\u2019Cette coop\u00e9ration [&hellip;]<\/p>\n","protected":false},"author":82,"featured_media":11932,"comment_status":"open","ping_status":"closed","sticky":false,"template":"","format":"standard","meta":{"footnotes":""},"categories":[11,2,10],"tags":[55,60,29],"class_list":["post-11933","post","type-post","status-publish","format-standard","has-post-thumbnail","hentry","category-homepage-french","category-politique","category-toutes-les-actualites","tag-africa-press","tag-africa-press-niger","tag-niger"],"yoast_head":"<!-- This site is optimized with the Yoast SEO Premium plugin v26.1 (Yoast SEO v27.0) - https:\/\/yoast.com\/product\/yoast-seo-premium-wordpress\/ -->\n<title>Niger- Pakistan\u00a0: une coop\u00e9ration dynamique - niger<\/title>\n<meta name=\"description\" content=\"Le Premier Ministre du Niger, M. Ouhoumoudou Mahamadou a magnifi\u00e9, ce jeudi 16 Septembre 2021, la coop\u00e9ration entre le N ...\" \/>\n<meta name=\"robots\" content=\"index, follow, max-snippet:-1, max-image-preview:large, max-video-preview:-1\" \/>\n<link rel=\"canonical\" href=\"https:\/\/www.africa-press.net\/niger\/politique\/niger-pakistan-une-cooperation-dynamique\" \/>\n<meta property=\"og:locale\" content=\"fr_FR\" \/>\n<meta property=\"og:type\" content=\"article\" \/>\n<meta property=\"og:title\" content=\"Niger- Pakistan\u00a0: une coop\u00e9ration dynamique\" \/>\n<meta property=\"og:description\" content=\"Le Premier Ministre du Niger, M. Ouhoumoudou Mahamadou a magnifi\u00e9, ce jeudi 16 Septembre 2021, la coop\u00e9ration entre le N ...\" \/>\n<meta property=\"og:url\" content=\"https:\/\/www.africa-press.net\/niger\/politique\/niger-pakistan-une-cooperation-dynamique\" \/>\n<meta property=\"og:site_name\" content=\"niger\" \/>\n<meta property=\"article:published_time\" content=\"2021-09-17T17:06:30+00:00\" \/>\n<meta property=\"article:modified_time\" content=\"2021-09-17T17:55:32+00:00\" \/>\n<meta property=\"og:image\" content=\"https:\/\/static.africa-press.net\/niger\/sites\/40\/2021\/09\/img-6144c83761da4.jpg\" \/>\n\t<meta property=\"og:image:width\" content=\"1920\" \/>\n\t<meta property=\"og:image:height\" content=\"1280\" \/>\n\t<meta property=\"og:image:type\" content=\"image\/jpeg\" \/>\n<meta name=\"author\" content=\"cfeditorfr\" \/>\n<meta name=\"twitter:card\" content=\"summary_large_image\" \/>\n<meta name=\"twitter:label1\" content=\"\u00c9crit par\" \/>\n\t<meta name=\"twitter:data1\" content=\"cfeditorfr\" \/>\n\t<meta name=\"twitter:label2\" content=\"Dur\u00e9e de lecture estim\u00e9e\" \/>\n\t<meta name=\"twitter:data2\" content=\"2 minutes\" \/>\n<script type=\"application\/ld+json\" class=\"yoast-schema-graph\">{\"@context\":\"https:\/\/schema.org\",\"@graph\":[{\"@type\":\"Article\",\"@id\":\"https:\/\/www.africa-press.net\/niger\/politique\/niger-pakistan-une-cooperation-dynamique#article\",\"isPartOf\":{\"@id\":\"https:\/\/www.africa-press.net\/niger\/politique\/niger-pakistan-une-cooperation-dynamique\"},\"author\":{\"name\":\"cfeditorfr\",\"@id\":\"https:\/\/www.africa-press.net\/niger\/#\/schema\/person\/2b1cf3cd81a31e3cd26889ca66d677f1\"},\"headline\":\"Niger- Pakistan\u00a0: une coop\u00e9ration dynamique\",\"datePublished\":\"2021-09-17T17:06:30+00:00\",\"dateModified\":\"2021-09-17T17:55:32+00:00\",\"mainEntityOfPage\":{\"@id\":\"https:\/\/www.africa-press.net\/niger\/politique\/niger-pakistan-une-cooperation-dynamique\"},\"wordCount\":308,\"commentCount\":0,\"image\":{\"@id\":\"https:\/\/www.africa-press.net\/niger\/politique\/niger-pakistan-une-cooperation-dynamique#primaryimage\"},\"thumbnailUrl\":\"https:\/\/static.africa-press.net\/niger\/sites\/40\/2021\/09\/img-6144c83761da4.jpg\",\"keywords\":[\"Africa Press\",\"Africa Press-Niger\",\"Niger\"],\"articleSection\":[\"homepage-french\",\"Politique\",\"Toutes les actualit\u00e9s\"],\"inLanguage\":\"fr-FR\",\"potentialAction\":[{\"@type\":\"CommentAction\",\"name\":\"Comment\",\"target\":[\"https:\/\/www.africa-press.net\/niger\/politique\/niger-pakistan-une-cooperation-dynamique#respond\"]}]},{\"@type\":\"WebPage\",\"@id\":\"https:\/\/www.africa-press.net\/niger\/politique\/niger-pakistan-une-cooperation-dynamique\",\"url\":\"https:\/\/www.africa-press.net\/niger\/politique\/niger-pakistan-une-cooperation-dynamique\",\"name\":\"Niger- Pakistan\u00a0: une coop\u00e9ration dynamique - niger\",\"isPartOf\":{\"@id\":\"https:\/\/www.africa-press.net\/niger\/#website\"},\"primaryImageOfPage\":{\"@id\":\"https:\/\/www.africa-press.net\/niger\/politique\/niger-pakistan-une-cooperation-dynamique#primaryimage\"},\"image\":{\"@id\":\"https:\/\/www.africa-press.net\/niger\/politique\/niger-pakistan-une-cooperation-dynamique#primaryimage\"},\"thumbnailUrl\":\"https:\/\/static.africa-press.net\/niger\/sites\/40\/2021\/09\/img-6144c83761da4.jpg\",\"datePublished\":\"2021-09-17T17:06:30+00:00\",\"dateModified\":\"2021-09-17T17:55:32+00:00\",\"author\":{\"@id\":\"https:\/\/www.africa-press.net\/niger\/#\/schema\/person\/2b1cf3cd81a31e3cd26889ca66d677f1\"},\"description\":\"Le Premier Ministre du Niger, M. Ouhoumoudou Mahamadou a magnifi\u00e9, ce jeudi 16 Septembre 2021, la coop\u00e9ration entre le N ...\",\"breadcrumb\":{\"@id\":\"https:\/\/www.africa-press.net\/niger\/politique\/niger-pakistan-une-cooperation-dynamique#breadcrumb\"},\"inLanguage\":\"fr-FR\",\"potentialAction\":[{\"@type\":\"ReadAction\",\"target\":[\"https:\/\/www.africa-press.net\/niger\/politique\/niger-pakistan-une-cooperation-dynamique\"]}]},{\"@type\":\"ImageObject\",\"inLanguage\":\"fr-FR\",\"@id\":\"https:\/\/www.africa-press.net\/niger\/politique\/niger-pakistan-une-cooperation-dynamique#primaryimage\",\"url\":\"https:\/\/static.africa-press.net\/niger\/sites\/40\/2021\/09\/img-6144c83761da4.jpg\",\"contentUrl\":\"https:\/\/static.africa-press.net\/niger\/sites\/40\/2021\/09\/img-6144c83761da4.jpg\",\"width\":1920,\"height\":1280,\"caption\":\"Niger- Pakistan\u00a0: une coop\u00e9ration dynamique\"},{\"@type\":\"BreadcrumbList\",\"@id\":\"https:\/\/www.africa-press.net\/niger\/politique\/niger-pakistan-une-cooperation-dynamique#breadcrumb\",\"itemListElement\":[{\"@type\":\"ListItem\",\"position\":1,\"name\":\"Accueil\",\"item\":\"https:\/\/www.africa-press.net\/niger\/\"},{\"@type\":\"ListItem\",\"position\":2,\"name\":\"Niger- Pakistan\u00a0: une coop\u00e9ration dynamique\"}]},{\"@type\":\"WebSite\",\"@id\":\"https:\/\/www.africa-press.net\/niger\/#website\",\"url\":\"https:\/\/www.africa-press.net\/niger\/\",\"name\":\"niger\",\"description\":\"Just another Africa News Agency Sites site\",\"potentialAction\":[{\"@type\":\"SearchAction\",\"target\":{\"@type\":\"EntryPoint\",\"urlTemplate\":\"https:\/\/www.africa-press.net\/niger\/?s={search_term_string}\"},\"query-input\":{\"@type\":\"PropertyValueSpecification\",\"valueRequired\":true,\"valueName\":\"search_term_string\"}}],\"inLanguage\":\"fr-FR\"},{\"@type\":\"Person\",\"@id\":\"https:\/\/www.africa-press.net\/niger\/#\/schema\/person\/2b1cf3cd81a31e3cd26889ca66d677f1\",\"name\":\"cfeditorfr\"}]}<\/script>\n<!-- \/ Yoast SEO Premium plugin. -->","yoast_head_json":{"title":"Niger- Pakistan\u00a0: une coop\u00e9ration dynamique - niger","description":"Le Premier Ministre du Niger, M. Ouhoumoudou Mahamadou a magnifi\u00e9, ce jeudi 16 Septembre 2021, la coop\u00e9ration entre le N ...","robots":{"index":"index","follow":"follow","max-snippet":"max-snippet:-1","max-image-preview":"max-image-preview:large","max-video-preview":"max-video-preview:-1"},"canonical":"https:\/\/www.africa-press.net\/niger\/politique\/niger-pakistan-une-cooperation-dynamique","og_locale":"fr_FR","og_type":"article","og_title":"Niger- Pakistan\u00a0: une coop\u00e9ration dynamique","og_description":"Le Premier Ministre du Niger, M. Ouhoumoudou Mahamadou a magnifi\u00e9, ce jeudi 16 Septembre 2021, la coop\u00e9ration entre le N ...","og_url":"https:\/\/www.africa-press.net\/niger\/politique\/niger-pakistan-une-cooperation-dynamique","og_site_name":"niger","article_published_time":"2021-09-17T17:06:30+00:00","article_modified_time":"2021-09-17T17:55:32+00:00","og_image":[{"width":1920,"height":1280,"url":"https:\/\/static.africa-press.net\/niger\/sites\/40\/2021\/09\/img-6144c83761da4.jpg","type":"image\/jpeg"}],"author":"cfeditorfr","twitter_card":"summary_large_image","twitter_misc":{"\u00c9crit par":"cfeditorfr","Dur\u00e9e de lecture estim\u00e9e":"2 minutes"},"schema":{"@context":"https:\/\/schema.org","@graph":[{"@type":"Article","@id":"https:\/\/www.africa-press.net\/niger\/politique\/niger-pakistan-une-cooperation-dynamique#article","isPartOf":{"@id":"https:\/\/www.africa-press.net\/niger\/politique\/niger-pakistan-une-cooperation-dynamique"},"author":{"name":"cfeditorfr","@id":"https:\/\/www.africa-press.net\/niger\/#\/schema\/person\/2b1cf3cd81a31e3cd26889ca66d677f1"},"headline":"Niger- Pakistan\u00a0: une coop\u00e9ration dynamique","datePublished":"2021-09-17T17:06:30+00:00","dateModified":"2021-09-17T17:55:32+00:00","mainEntityOfPage":{"@id":"https:\/\/www.africa-press.net\/niger\/politique\/niger-pakistan-une-cooperation-dynamique"},"wordCount":308,"commentCount":0,"image":{"@id":"https:\/\/www.africa-press.net\/niger\/politique\/niger-pakistan-une-cooperation-dynamique#primaryimage"},"thumbnailUrl":"https:\/\/static.africa-press.net\/niger\/sites\/40\/2021\/09\/img-6144c83761da4.jpg","keywords":["Africa Press","Africa Press-Niger","Niger"],"articleSection":["homepage-french","Politique","Toutes les actualit\u00e9s"],"inLanguage":"fr-FR","potentialAction":[{"@type":"CommentAction","name":"Comment","target":["https:\/\/www.africa-press.net\/niger\/politique\/niger-pakistan-une-cooperation-dynamique#respond"]}]},{"@type":"WebPage","@id":"https:\/\/www.africa-press.net\/niger\/politique\/niger-pakistan-une-cooperation-dynamique","url":"https:\/\/www.africa-press.net\/niger\/politique\/niger-pakistan-une-cooperation-dynamique","name":"Niger- Pakistan\u00a0: une coop\u00e9ration dynamique - niger","isPartOf":{"@id":"https:\/\/www.africa-press.net\/niger\/#website"},"primaryImageOfPage":{"@id":"https:\/\/www.africa-press.net\/niger\/politique\/niger-pakistan-une-cooperation-dynamique#primaryimage"},"image":{"@id":"https:\/\/www.africa-press.net\/niger\/politique\/niger-pakistan-une-cooperation-dynamique#primaryimage"},"thumbnailUrl":"https:\/\/static.africa-press.net\/niger\/sites\/40\/2021\/09\/img-6144c83761da4.jpg","datePublished":"2021-09-17T17:06:30+00:00","dateModified":"2021-09-17T17:55:32+00:00","author":{"@id":"https:\/\/www.africa-press.net\/niger\/#\/schema\/person\/2b1cf3cd81a31e3cd26889ca66d677f1"},"description":"Le Premier Ministre du Niger, M. Ouhoumoudou Mahamadou a magnifi\u00e9, ce jeudi 16 Septembre 2021, la coop\u00e9ration entre le N ...","breadcrumb":{"@id":"https:\/\/www.africa-press.net\/niger\/politique\/niger-pakistan-une-cooperation-dynamique#breadcrumb"},"inLanguage":"fr-FR","potentialAction":[{"@type":"ReadAction","target":["https:\/\/www.africa-press.net\/niger\/politique\/niger-pakistan-une-cooperation-dynamique"]}]},{"@type":"ImageObject","inLanguage":"fr-FR","@id":"https:\/\/www.africa-press.net\/niger\/politique\/niger-pakistan-une-cooperation-dynamique#primaryimage","url":"https:\/\/static.africa-press.net\/niger\/sites\/40\/2021\/09\/img-6144c83761da4.jpg","contentUrl":"https:\/\/static.africa-press.net\/niger\/sites\/40\/2021\/09\/img-6144c83761da4.jpg","width":1920,"height":1280,"caption":"Niger- Pakistan\u00a0: une coop\u00e9ration dynamique"},{"@type":"BreadcrumbList","@id":"https:\/\/www.africa-press.net\/niger\/politique\/niger-pakistan-une-cooperation-dynamique#breadcrumb","itemListElement":[{"@type":"ListItem","position":1,"name":"Accueil","item":"https:\/\/www.africa-press.net\/niger\/"},{"@type":"ListItem","position":2,"name":"Niger- Pakistan\u00a0: une coop\u00e9ration dynamique"}]},{"@type":"WebSite","@id":"https:\/\/www.africa-press.net\/niger\/#website","url":"https:\/\/www.africa-press.net\/niger\/","name":"niger","description":"Just another Africa News Agency Sites site","potentialAction":[{"@type":"SearchAction","target":{"@type":"EntryPoint","urlTemplate":"https:\/\/www.africa-press.net\/niger\/?s={search_term_string}"},"query-input":{"@type":"PropertyValueSpecification","valueRequired":true,"valueName":"search_term_string"}}],"inLanguage":"fr-FR"},{"@type":"Person","@id":"https:\/\/www.africa-press.net\/niger\/#\/schema\/person\/2b1cf3cd81a31e3cd26889ca66d677f1","name":"cfeditorfr"}]}},"_links":{"self":[{"href":"https:\/\/www.africa-press.net\/niger\/wp-json\/wp\/v2\/posts\/11933","targetHints":{"allow":["GET"]}}],"collection":[{"href":"https:\/\/www.africa-press.net\/niger\/wp-json\/wp\/v2\/posts"}],"about":[{"href":"https:\/\/www.africa-press.net\/niger\/wp-json\/wp\/v2\/types\/post"}],"author":[{"embeddable":true,"href":"https:\/\/www.africa-press.net\/niger\/wp-json\/wp\/v2\/users\/82"}],"replies":[{"embeddable":true,"href":"https:\/\/www.africa-press.net\/niger\/wp-json\/wp\/v2\/comments?post=11933"}],"version-history":[{"count":0,"href":"https:\/\/www.africa-press.net\/niger\/wp-json\/wp\/v2\/posts\/11933\/revisions"}],"wp:featuredmedia":[{"embeddable":true,"href":"https:\/\/www.africa-press.net\/niger\/wp-json\/wp\/v2\/media\/11932"}],"wp:attachment":[{"href":"https:\/\/www.africa-press.net\/niger\/wp-json\/wp\/v2\/media?parent=11933"}],"wp:term":[{"taxonomy":"category","embeddable":true,"href":"https:\/\/www.africa-press.net\/niger\/wp-json\/wp\/v2\/categories?post=11933"},{"taxonomy":"post_tag","embeddable":true,"href":"https:\/\/www.africa-press.net\/niger\/wp-json\/wp\/v2\/tags?post=11933"}],"curies":[{"name":"wp","href":"https:\/\/api.w.org\/{rel}","templated":true}]}}