{"id":11939,"date":"2021-09-17T17:21:40","date_gmt":"2021-09-17T17:21:40","guid":{"rendered":"https:\/\/www.africa-press.net\/niger\/?p=11939"},"modified":"2021-10-03T20:21:22","modified_gmt":"2021-10-03T20:21:22","slug":"terrorisme-au-niger-les-enfants-embrigades-comme-guetteurs-espions-ou-combattants","status":"publish","type":"post","link":"https:\/\/www.africa-press.net\/niger\/dossiers\/terrorisme-au-niger-les-enfants-embrigades-comme-guetteurs-espions-ou-combattants","title":{"rendered":"Terrorisme: au Niger, les enfants embrigad\u00e9s comme \u00abguetteurs\u00bb, \u00abespions\u00bb ou \u00abcombattants\u00bb"},"content":{"rendered":"<p><span style=\"color: #ff6600\"><strong><a href=\"https:\/\/www.africa-press.net\/\">Africa-Press<\/a> &#8211; <a href=\"https:\/\/www.africa-press.net\/niger\">Niger<\/a>. <\/strong><\/span>Au Niger, Amnesty International s\u2019inqui\u00e8te de l\u2019ampleur des recrutements d\u2019enfants par les groupes terroristes. Dans un nouveau rapport, l\u2019ONG d\u00e9nonce les r\u00e9percussions croissantes de ce conflit sur ces enfants.<\/p>\n<p>Amnesty International est formelle. \u00abDe plus en plus d&rsquo;enfants sont tu\u00e9s ou cibl\u00e9s pour \u00eatre recrut\u00e9s par des groupes arm\u00e9s dans le contexte du conflit qui fait rage au Niger, aux fronti\u00e8res avec le Mali et le Burkina Faso\u00bb.<\/p>\n<p>Dans un nouveau rapport publi\u00e9 le 13 septembre 2021 et intitul\u00e9 \u00abJe n\u2019ai plus rien, \u00e0 part moi-m\u00eame\u00bb, l&rsquo;ONG d\u00e9crit les \u00abcons\u00e9quences d\u00e9vastatrices\u00bb, sur les enfants, des violences terroristes exerc\u00e9es par l\u2019\u00c9tat islamique* dans le Grand Sahara (EIGS) et le Groupe de soutien \u00e0 l\u2019islam et aux musulmans (GSIM), affili\u00e9 \u00e0 Al-Qa\u00efda*.<\/p>\n<p>Ousmane Diallo, chercheur \u00e0 Amnesty International, pr\u00e9cise \u00e0 Sputnik que l\u2019ONG a par exemple document\u00e9 des cas de plus en plus nombreux de recrutements d&rsquo;enfants dans le d\u00e9partement de Torodi, situ\u00e9 dans la r\u00e9gion de Tillab\u00e9ri, au Niger.<\/p>\n<p><b>\u00abCe sont des recrutements qui ont commenc\u00e9 depuis septembre 2020 et qui vont en s&rsquo;acc\u00e9l\u00e9rant dans la commune de Makalondi et dans les villages proches de la fronti\u00e8re avec le Burkina Faso\u00bb, affirme-t-il.<\/b><\/p>\n<p><b>Le recrutement<\/b><\/p>\n<p>D\u2019apr\u00e8s lui, \u00able principal groupe arm\u00e9 qui recrute ces enfants, c&rsquo;est le Groupe de soutien \u00e0 l\u2019islam et aux musulmans (GSIM). Et ils recrutent g\u00e9n\u00e9ralement dans la tranche d&rsquo;\u00e2ge comprise entre 15 et 17 ans\u00bb.<\/p>\n<p>Se r\u00e9f\u00e9rant aux \u00e9changes de l&rsquo;ONG avec les \u00abparents d\u2019enfants recrut\u00e9s, des enfants qui ont pu \u00e9chapper \u00e0 l\u2019emprise des groupes arm\u00e9s\u00bb, le chercheur assure que ces enfants \u00abne sont pas recrut\u00e9s par force\u00bb.<\/p>\n<p><b>\u00abLe recrutement se fait par socialisation. Les jeunes fr\u00e8res des combattants sont impliqu\u00e9s du jour au lendemain dans les activit\u00e9s de ces groupes arm\u00e9s parce que leurs fr\u00e8res y sont engag\u00e9s. D\u2019autres enfants sont recrut\u00e9s par attraction p\u00e9cuniaire\u00bb, d\u00e9taille-t-il.<\/b><\/p>\n<p><b>\u00abNous avons eu des cas o\u00f9 des \u00e9l\u00e9ments du GSIM donnaient de petites sommes (20 ou 30.000 francs FCA, soit 31 ou 46 euros environ) aux enfants pour monter de petits projets ou pour aider leurs familles. C&rsquo;est cet argent qui les rapproche des activit\u00e9s des groupes djihadistes et ils deviennent de plus en plus impliqu\u00e9s\u00bb,<\/b><\/p>\n<p>a ajout\u00e9 Ousmane Diallo qui dit ne pas avoir de r\u00e9ponse sur le nombre d&rsquo;enfants embrigad\u00e9s par les terroristes. D\u2019apr\u00e8s le rapport publi\u00e9 par Amnesty International, une fois recrut\u00e9s, les enfants sont soumis \u00e0 \u00abun entra\u00eenement au maniement des armes d\u2019une dur\u00e9e d\u2019une semaine \u00e0 trois mois\u00bb, avant d\u2019\u00eatre affect\u00e9s \u00e0 des r\u00f4les sp\u00e9cifiques.<\/p>\n<p><b>\u00abLes groupes arm\u00e9s les utilisent comme des guetteurs, des espions ou des informateurs. Des fois, ils servent d&rsquo;auxiliaires lors des attaques contre les communaut\u00e9s\u00bb, pr\u00e9cise le chercheur d\u2019Amnesty International.<\/b><\/p>\n<p><b>\u00abIls sont victimes de tueries et des blessures ou encore des traumatismes. Et quand ils arrivent \u00e0 \u00e9chapper \u00e0 l&rsquo;influence des groupes arm\u00e9s, ils gardent des impacts psychologiques graves et sociaux qui ne favorisent pas leurs insertions dans la soci\u00e9t\u00e9\u00bb,<\/b><\/p>\n<p>a ajout\u00e9 Ousmane Diallo. Pour donner la preuve de la pr\u00e9sence de plus en plus accrue d\u2019enfants au sein des groupes arm\u00e9s terroristes dans la r\u00e9gion, il cite l\u2019attaque de Solhan du 4 juin 2021 au Burkina Faso, o\u00f9 des enfants ont \u00e9t\u00e9 identifi\u00e9s comme faisant partie des assaillants. Diallo cite \u00e9galement une attaque terroriste perp\u00e9tr\u00e9e contre les forces arm\u00e9es maliennes \u00e0 Boulkessi en 2020 o\u00f9 \u00abdes enfants figuraient parmi les combattants qui ont \u00e9t\u00e9 neutralis\u00e9s\u00bb.<\/p>\n<p><b>Red\u00e9ploiement de l&rsquo;autorit\u00e9 de l&rsquo;arm\u00e9e<\/b><\/p>\n<p>Le chercheur d\u00e9nonce une violation du droit international humanitaire et appelle les autorit\u00e9s nig\u00e9riennes \u00e0 \u00ab\u0153uvrer pour sortir le pays de cette situation\u00bb.<\/p>\n<p><b>\u00abIl faut qu&rsquo;il y ait un meilleur monitoring de ce qui se passe notamment en mati\u00e8re de protection de l&rsquo;enfant dans cette r\u00e9gion de Tillab\u00e9ri par le syst\u00e8me des Nations unies, et par les autorit\u00e9s nig\u00e9riennes. Il faut qu&rsquo;il y ait un red\u00e9ploiement de l&rsquo;autorit\u00e9 de l&rsquo;arm\u00e9e, des forces de d\u00e9fense et de s\u00e9curit\u00e9 dans cette r\u00e9gion. Il faut une r\u00e9ponse d&rsquo;urgence pour la crise de l&rsquo;\u00e9ducation, de la sant\u00e9 et de la s\u00e9curit\u00e9 alimentaire propre \u00e0 cette zone\u00bb,<\/b><\/p>\n<p>sugg\u00e8re-t-il enfin pour mettre les enfants \u00e0 l\u2019abri dans ce conflit. Le rapport publi\u00e9 par Amnesty International \u00e9voque aussi \u00abdes informations sur des attaques lanc\u00e9es par des groupes arm\u00e9s contre des \u00e9coles, lesquelles ont \u00e9t\u00e9 incendi\u00e9es, dans au moins quatre d\u00e9partements de la r\u00e9gion de Tillab\u00e9ri\u00bb. Par peur de nouvelles attaques, des \u00e9coles ont ferm\u00e9 leurs portes. D\u00e8s lors, \u00abde nombreux enfants vivant dans des zones touch\u00e9es par le conflit sont priv\u00e9s d\u2019acc\u00e8s \u00e0 l\u2019\u00e9ducation de fa\u00e7on prolong\u00e9e\u00bb, pr\u00e9cise l&rsquo;ONG.<\/p>\n<p>Par ailleurs, \u00abl\u2019acc\u00e8s des enfants aux soins de sant\u00e9\u00bb a \u00e9galement \u00e9t\u00e9 limit\u00e9, \u00e9tant donn\u00e9 que les groupes arm\u00e9s terroristes \u00abont pill\u00e9 des centres de sant\u00e9\u00bb dans les zones o\u00f9 ils s\u00e9vissent.<\/p>\n<p>&nbsp;<\/p>\n","protected":false},"excerpt":{"rendered":"<p>Africa-Press &#8211; Niger. Au Niger, Amnesty International s\u2019inqui\u00e8te de l\u2019ampleur des recrutements d\u2019enfants par les groupes terroristes. Dans un nouveau rapport, l\u2019ONG d\u00e9nonce les r\u00e9percussions croissantes de ce conflit sur ces enfants. Amnesty International est formelle. \u00abDe plus en plus d&rsquo;enfants sont tu\u00e9s ou cibl\u00e9s pour \u00eatre recrut\u00e9s par des groupes arm\u00e9s dans le contexte [&hellip;]<\/p>\n","protected":false},"author":82,"featured_media":11938,"comment_status":"open","ping_status":"closed","sticky":false,"template":"","format":"standard","meta":{"footnotes":""},"categories":[7,11,2,20,10],"tags":[55,60,29],"class_list":["post-11939","post","type-post","status-publish","format-standard","has-post-thumbnail","hentry","category-dossiers","category-homepage-french","category-politique","category-top-nouvelles","category-toutes-les-actualites","tag-africa-press","tag-africa-press-niger","tag-niger"],"yoast_head":"<!-- This site is optimized with the Yoast SEO Premium plugin v26.1 (Yoast SEO v27.0) - https:\/\/yoast.com\/product\/yoast-seo-premium-wordpress\/ -->\n<title>Terrorisme: au Niger, les enfants embrigad\u00e9s comme \u00abguetteurs\u00bb, \u00abespions\u00bb ou \u00abcombattants\u00bb - niger<\/title>\n<meta name=\"description\" content=\"Au Niger, Amnesty International s\u2019inqui\u00e8te de l\u2019ampleur des recrutements d\u2019enfants par les groupes terroristes. Dans un ...\" \/>\n<meta name=\"robots\" content=\"index, follow, max-snippet:-1, max-image-preview:large, max-video-preview:-1\" \/>\n<link rel=\"canonical\" href=\"https:\/\/www.africa-press.net\/niger\/dossiers\/terrorisme-au-niger-les-enfants-embrigades-comme-guetteurs-espions-ou-combattants\" \/>\n<meta property=\"og:locale\" content=\"fr_FR\" \/>\n<meta property=\"og:type\" content=\"article\" \/>\n<meta property=\"og:title\" content=\"Terrorisme: au Niger, les enfants embrigad\u00e9s comme \u00abguetteurs\u00bb, \u00abespions\u00bb ou \u00abcombattants\u00bb\" \/>\n<meta property=\"og:description\" content=\"Au Niger, Amnesty International s\u2019inqui\u00e8te de l\u2019ampleur des recrutements d\u2019enfants par les groupes terroristes. Dans un ...\" \/>\n<meta property=\"og:url\" content=\"https:\/\/www.africa-press.net\/niger\/dossiers\/terrorisme-au-niger-les-enfants-embrigades-comme-guetteurs-espions-ou-combattants\" \/>\n<meta property=\"og:site_name\" content=\"niger\" \/>\n<meta property=\"article:published_time\" content=\"2021-09-17T17:21:40+00:00\" \/>\n<meta property=\"article:modified_time\" content=\"2021-10-03T20:21:22+00:00\" \/>\n<meta property=\"og:image\" content=\"https:\/\/static.africa-press.net\/niger\/sites\/40\/2021\/09\/img-6144c88026c37.jpg\" \/>\n\t<meta property=\"og:image:width\" content=\"720\" \/>\n\t<meta property=\"og:image:height\" content=\"382\" \/>\n\t<meta property=\"og:image:type\" content=\"image\/jpeg\" \/>\n<meta name=\"author\" content=\"cfeditorfr\" \/>\n<meta name=\"twitter:card\" content=\"summary_large_image\" \/>\n<meta name=\"twitter:label1\" content=\"\u00c9crit par\" \/>\n\t<meta name=\"twitter:data1\" content=\"cfeditorfr\" \/>\n\t<meta name=\"twitter:label2\" content=\"Dur\u00e9e de lecture estim\u00e9e\" \/>\n\t<meta name=\"twitter:data2\" content=\"4 minutes\" \/>\n<script type=\"application\/ld+json\" class=\"yoast-schema-graph\">{\"@context\":\"https:\/\/schema.org\",\"@graph\":[{\"@type\":\"Article\",\"@id\":\"https:\/\/www.africa-press.net\/niger\/dossiers\/terrorisme-au-niger-les-enfants-embrigades-comme-guetteurs-espions-ou-combattants#article\",\"isPartOf\":{\"@id\":\"https:\/\/www.africa-press.net\/niger\/dossiers\/terrorisme-au-niger-les-enfants-embrigades-comme-guetteurs-espions-ou-combattants\"},\"author\":{\"name\":\"cfeditorfr\",\"@id\":\"https:\/\/www.africa-press.net\/niger\/#\/schema\/person\/2b1cf3cd81a31e3cd26889ca66d677f1\"},\"headline\":\"Terrorisme: au Niger, les enfants embrigad\u00e9s comme \u00abguetteurs\u00bb, \u00abespions\u00bb ou \u00abcombattants\u00bb\",\"datePublished\":\"2021-09-17T17:21:40+00:00\",\"dateModified\":\"2021-10-03T20:21:22+00:00\",\"mainEntityOfPage\":{\"@id\":\"https:\/\/www.africa-press.net\/niger\/dossiers\/terrorisme-au-niger-les-enfants-embrigades-comme-guetteurs-espions-ou-combattants\"},\"wordCount\":905,\"commentCount\":0,\"image\":{\"@id\":\"https:\/\/www.africa-press.net\/niger\/dossiers\/terrorisme-au-niger-les-enfants-embrigades-comme-guetteurs-espions-ou-combattants#primaryimage\"},\"thumbnailUrl\":\"https:\/\/static.africa-press.net\/niger\/sites\/40\/2021\/09\/img-6144c88026c37.jpg\",\"keywords\":[\"Africa Press\",\"Africa Press-Niger\",\"Niger\"],\"articleSection\":[\"Dossiers\",\"homepage-french\",\"Politique\",\"Top Nouvelles\",\"Toutes les actualit\u00e9s\"],\"inLanguage\":\"fr-FR\",\"potentialAction\":[{\"@type\":\"CommentAction\",\"name\":\"Comment\",\"target\":[\"https:\/\/www.africa-press.net\/niger\/dossiers\/terrorisme-au-niger-les-enfants-embrigades-comme-guetteurs-espions-ou-combattants#respond\"]}]},{\"@type\":\"WebPage\",\"@id\":\"https:\/\/www.africa-press.net\/niger\/dossiers\/terrorisme-au-niger-les-enfants-embrigades-comme-guetteurs-espions-ou-combattants\",\"url\":\"https:\/\/www.africa-press.net\/niger\/dossiers\/terrorisme-au-niger-les-enfants-embrigades-comme-guetteurs-espions-ou-combattants\",\"name\":\"Terrorisme: au Niger, les enfants embrigad\u00e9s comme \u00abguetteurs\u00bb, \u00abespions\u00bb ou \u00abcombattants\u00bb - niger\",\"isPartOf\":{\"@id\":\"https:\/\/www.africa-press.net\/niger\/#website\"},\"primaryImageOfPage\":{\"@id\":\"https:\/\/www.africa-press.net\/niger\/dossiers\/terrorisme-au-niger-les-enfants-embrigades-comme-guetteurs-espions-ou-combattants#primaryimage\"},\"image\":{\"@id\":\"https:\/\/www.africa-press.net\/niger\/dossiers\/terrorisme-au-niger-les-enfants-embrigades-comme-guetteurs-espions-ou-combattants#primaryimage\"},\"thumbnailUrl\":\"https:\/\/static.africa-press.net\/niger\/sites\/40\/2021\/09\/img-6144c88026c37.jpg\",\"datePublished\":\"2021-09-17T17:21:40+00:00\",\"dateModified\":\"2021-10-03T20:21:22+00:00\",\"author\":{\"@id\":\"https:\/\/www.africa-press.net\/niger\/#\/schema\/person\/2b1cf3cd81a31e3cd26889ca66d677f1\"},\"description\":\"Au Niger, Amnesty International s\u2019inqui\u00e8te de l\u2019ampleur des recrutements d\u2019enfants par les groupes terroristes. Dans un ...\",\"breadcrumb\":{\"@id\":\"https:\/\/www.africa-press.net\/niger\/dossiers\/terrorisme-au-niger-les-enfants-embrigades-comme-guetteurs-espions-ou-combattants#breadcrumb\"},\"inLanguage\":\"fr-FR\",\"potentialAction\":[{\"@type\":\"ReadAction\",\"target\":[\"https:\/\/www.africa-press.net\/niger\/dossiers\/terrorisme-au-niger-les-enfants-embrigades-comme-guetteurs-espions-ou-combattants\"]}]},{\"@type\":\"ImageObject\",\"inLanguage\":\"fr-FR\",\"@id\":\"https:\/\/www.africa-press.net\/niger\/dossiers\/terrorisme-au-niger-les-enfants-embrigades-comme-guetteurs-espions-ou-combattants#primaryimage\",\"url\":\"https:\/\/static.africa-press.net\/niger\/sites\/40\/2021\/09\/img-6144c88026c37.jpg\",\"contentUrl\":\"https:\/\/static.africa-press.net\/niger\/sites\/40\/2021\/09\/img-6144c88026c37.jpg\",\"width\":720,\"height\":382,\"caption\":\"Terrorisme: au Niger, les enfants embrigad\u00e9s comme \u00abguetteurs\u00bb, \u00abespions\u00bb ou \u00abcombattants\u00bb\"},{\"@type\":\"BreadcrumbList\",\"@id\":\"https:\/\/www.africa-press.net\/niger\/dossiers\/terrorisme-au-niger-les-enfants-embrigades-comme-guetteurs-espions-ou-combattants#breadcrumb\",\"itemListElement\":[{\"@type\":\"ListItem\",\"position\":1,\"name\":\"Accueil\",\"item\":\"https:\/\/www.africa-press.net\/niger\/\"},{\"@type\":\"ListItem\",\"position\":2,\"name\":\"Terrorisme: au Niger, les enfants embrigad\u00e9s comme \u00abguetteurs\u00bb, \u00abespions\u00bb ou \u00abcombattants\u00bb\"}]},{\"@type\":\"WebSite\",\"@id\":\"https:\/\/www.africa-press.net\/niger\/#website\",\"url\":\"https:\/\/www.africa-press.net\/niger\/\",\"name\":\"niger\",\"description\":\"Just another Africa News Agency Sites site\",\"potentialAction\":[{\"@type\":\"SearchAction\",\"target\":{\"@type\":\"EntryPoint\",\"urlTemplate\":\"https:\/\/www.africa-press.net\/niger\/?s={search_term_string}\"},\"query-input\":{\"@type\":\"PropertyValueSpecification\",\"valueRequired\":true,\"valueName\":\"search_term_string\"}}],\"inLanguage\":\"fr-FR\"},{\"@type\":\"Person\",\"@id\":\"https:\/\/www.africa-press.net\/niger\/#\/schema\/person\/2b1cf3cd81a31e3cd26889ca66d677f1\",\"name\":\"cfeditorfr\"}]}<\/script>\n<!-- \/ Yoast SEO Premium plugin. -->","yoast_head_json":{"title":"Terrorisme: au Niger, les enfants embrigad\u00e9s comme \u00abguetteurs\u00bb, \u00abespions\u00bb ou \u00abcombattants\u00bb - niger","description":"Au Niger, Amnesty International s\u2019inqui\u00e8te de l\u2019ampleur des recrutements d\u2019enfants par les groupes terroristes. Dans un ...","robots":{"index":"index","follow":"follow","max-snippet":"max-snippet:-1","max-image-preview":"max-image-preview:large","max-video-preview":"max-video-preview:-1"},"canonical":"https:\/\/www.africa-press.net\/niger\/dossiers\/terrorisme-au-niger-les-enfants-embrigades-comme-guetteurs-espions-ou-combattants","og_locale":"fr_FR","og_type":"article","og_title":"Terrorisme: au Niger, les enfants embrigad\u00e9s comme \u00abguetteurs\u00bb, \u00abespions\u00bb ou \u00abcombattants\u00bb","og_description":"Au Niger, Amnesty International s\u2019inqui\u00e8te de l\u2019ampleur des recrutements d\u2019enfants par les groupes terroristes. Dans un ...","og_url":"https:\/\/www.africa-press.net\/niger\/dossiers\/terrorisme-au-niger-les-enfants-embrigades-comme-guetteurs-espions-ou-combattants","og_site_name":"niger","article_published_time":"2021-09-17T17:21:40+00:00","article_modified_time":"2021-10-03T20:21:22+00:00","og_image":[{"width":720,"height":382,"url":"https:\/\/static.africa-press.net\/niger\/sites\/40\/2021\/09\/img-6144c88026c37.jpg","type":"image\/jpeg"}],"author":"cfeditorfr","twitter_card":"summary_large_image","twitter_misc":{"\u00c9crit par":"cfeditorfr","Dur\u00e9e de lecture estim\u00e9e":"4 minutes"},"schema":{"@context":"https:\/\/schema.org","@graph":[{"@type":"Article","@id":"https:\/\/www.africa-press.net\/niger\/dossiers\/terrorisme-au-niger-les-enfants-embrigades-comme-guetteurs-espions-ou-combattants#article","isPartOf":{"@id":"https:\/\/www.africa-press.net\/niger\/dossiers\/terrorisme-au-niger-les-enfants-embrigades-comme-guetteurs-espions-ou-combattants"},"author":{"name":"cfeditorfr","@id":"https:\/\/www.africa-press.net\/niger\/#\/schema\/person\/2b1cf3cd81a31e3cd26889ca66d677f1"},"headline":"Terrorisme: au Niger, les enfants embrigad\u00e9s comme \u00abguetteurs\u00bb, \u00abespions\u00bb ou \u00abcombattants\u00bb","datePublished":"2021-09-17T17:21:40+00:00","dateModified":"2021-10-03T20:21:22+00:00","mainEntityOfPage":{"@id":"https:\/\/www.africa-press.net\/niger\/dossiers\/terrorisme-au-niger-les-enfants-embrigades-comme-guetteurs-espions-ou-combattants"},"wordCount":905,"commentCount":0,"image":{"@id":"https:\/\/www.africa-press.net\/niger\/dossiers\/terrorisme-au-niger-les-enfants-embrigades-comme-guetteurs-espions-ou-combattants#primaryimage"},"thumbnailUrl":"https:\/\/static.africa-press.net\/niger\/sites\/40\/2021\/09\/img-6144c88026c37.jpg","keywords":["Africa Press","Africa Press-Niger","Niger"],"articleSection":["Dossiers","homepage-french","Politique","Top Nouvelles","Toutes les actualit\u00e9s"],"inLanguage":"fr-FR","potentialAction":[{"@type":"CommentAction","name":"Comment","target":["https:\/\/www.africa-press.net\/niger\/dossiers\/terrorisme-au-niger-les-enfants-embrigades-comme-guetteurs-espions-ou-combattants#respond"]}]},{"@type":"WebPage","@id":"https:\/\/www.africa-press.net\/niger\/dossiers\/terrorisme-au-niger-les-enfants-embrigades-comme-guetteurs-espions-ou-combattants","url":"https:\/\/www.africa-press.net\/niger\/dossiers\/terrorisme-au-niger-les-enfants-embrigades-comme-guetteurs-espions-ou-combattants","name":"Terrorisme: au Niger, les enfants embrigad\u00e9s comme \u00abguetteurs\u00bb, \u00abespions\u00bb ou \u00abcombattants\u00bb - niger","isPartOf":{"@id":"https:\/\/www.africa-press.net\/niger\/#website"},"primaryImageOfPage":{"@id":"https:\/\/www.africa-press.net\/niger\/dossiers\/terrorisme-au-niger-les-enfants-embrigades-comme-guetteurs-espions-ou-combattants#primaryimage"},"image":{"@id":"https:\/\/www.africa-press.net\/niger\/dossiers\/terrorisme-au-niger-les-enfants-embrigades-comme-guetteurs-espions-ou-combattants#primaryimage"},"thumbnailUrl":"https:\/\/static.africa-press.net\/niger\/sites\/40\/2021\/09\/img-6144c88026c37.jpg","datePublished":"2021-09-17T17:21:40+00:00","dateModified":"2021-10-03T20:21:22+00:00","author":{"@id":"https:\/\/www.africa-press.net\/niger\/#\/schema\/person\/2b1cf3cd81a31e3cd26889ca66d677f1"},"description":"Au Niger, Amnesty International s\u2019inqui\u00e8te de l\u2019ampleur des recrutements d\u2019enfants par les groupes terroristes. Dans un ...","breadcrumb":{"@id":"https:\/\/www.africa-press.net\/niger\/dossiers\/terrorisme-au-niger-les-enfants-embrigades-comme-guetteurs-espions-ou-combattants#breadcrumb"},"inLanguage":"fr-FR","potentialAction":[{"@type":"ReadAction","target":["https:\/\/www.africa-press.net\/niger\/dossiers\/terrorisme-au-niger-les-enfants-embrigades-comme-guetteurs-espions-ou-combattants"]}]},{"@type":"ImageObject","inLanguage":"fr-FR","@id":"https:\/\/www.africa-press.net\/niger\/dossiers\/terrorisme-au-niger-les-enfants-embrigades-comme-guetteurs-espions-ou-combattants#primaryimage","url":"https:\/\/static.africa-press.net\/niger\/sites\/40\/2021\/09\/img-6144c88026c37.jpg","contentUrl":"https:\/\/static.africa-press.net\/niger\/sites\/40\/2021\/09\/img-6144c88026c37.jpg","width":720,"height":382,"caption":"Terrorisme: au Niger, les enfants embrigad\u00e9s comme \u00abguetteurs\u00bb, \u00abespions\u00bb ou \u00abcombattants\u00bb"},{"@type":"BreadcrumbList","@id":"https:\/\/www.africa-press.net\/niger\/dossiers\/terrorisme-au-niger-les-enfants-embrigades-comme-guetteurs-espions-ou-combattants#breadcrumb","itemListElement":[{"@type":"ListItem","position":1,"name":"Accueil","item":"https:\/\/www.africa-press.net\/niger\/"},{"@type":"ListItem","position":2,"name":"Terrorisme: au Niger, les enfants embrigad\u00e9s comme \u00abguetteurs\u00bb, \u00abespions\u00bb ou \u00abcombattants\u00bb"}]},{"@type":"WebSite","@id":"https:\/\/www.africa-press.net\/niger\/#website","url":"https:\/\/www.africa-press.net\/niger\/","name":"niger","description":"Just another Africa News Agency Sites site","potentialAction":[{"@type":"SearchAction","target":{"@type":"EntryPoint","urlTemplate":"https:\/\/www.africa-press.net\/niger\/?s={search_term_string}"},"query-input":{"@type":"PropertyValueSpecification","valueRequired":true,"valueName":"search_term_string"}}],"inLanguage":"fr-FR"},{"@type":"Person","@id":"https:\/\/www.africa-press.net\/niger\/#\/schema\/person\/2b1cf3cd81a31e3cd26889ca66d677f1","name":"cfeditorfr"}]}},"_links":{"self":[{"href":"https:\/\/www.africa-press.net\/niger\/wp-json\/wp\/v2\/posts\/11939","targetHints":{"allow":["GET"]}}],"collection":[{"href":"https:\/\/www.africa-press.net\/niger\/wp-json\/wp\/v2\/posts"}],"about":[{"href":"https:\/\/www.africa-press.net\/niger\/wp-json\/wp\/v2\/types\/post"}],"author":[{"embeddable":true,"href":"https:\/\/www.africa-press.net\/niger\/wp-json\/wp\/v2\/users\/82"}],"replies":[{"embeddable":true,"href":"https:\/\/www.africa-press.net\/niger\/wp-json\/wp\/v2\/comments?post=11939"}],"version-history":[{"count":0,"href":"https:\/\/www.africa-press.net\/niger\/wp-json\/wp\/v2\/posts\/11939\/revisions"}],"wp:featuredmedia":[{"embeddable":true,"href":"https:\/\/www.africa-press.net\/niger\/wp-json\/wp\/v2\/media\/11938"}],"wp:attachment":[{"href":"https:\/\/www.africa-press.net\/niger\/wp-json\/wp\/v2\/media?parent=11939"}],"wp:term":[{"taxonomy":"category","embeddable":true,"href":"https:\/\/www.africa-press.net\/niger\/wp-json\/wp\/v2\/categories?post=11939"},{"taxonomy":"post_tag","embeddable":true,"href":"https:\/\/www.africa-press.net\/niger\/wp-json\/wp\/v2\/tags?post=11939"}],"curies":[{"name":"wp","href":"https:\/\/api.w.org\/{rel}","templated":true}]}}