{"id":11948,"date":"2021-09-17T17:44:40","date_gmt":"2021-09-17T17:44:40","guid":{"rendered":"https:\/\/www.africa-press.net\/niger\/?p=11948"},"modified":"2021-09-17T17:56:09","modified_gmt":"2021-09-17T17:56:09","slug":"une-delegation-dinvestisseurs-paskistanais-recue-par-le-premier-ministre-ouhoumoudou-mahamadou","status":"publish","type":"post","link":"https:\/\/www.africa-press.net\/niger\/politique\/une-delegation-dinvestisseurs-paskistanais-recue-par-le-premier-ministre-ouhoumoudou-mahamadou","title":{"rendered":"Une d\u00e9l\u00e9gation d\u2019investisseurs paskistanais re\u00e7ue par le Premier Ministre Ouhoumoudou Mahamadou"},"content":{"rendered":"<p><span style=\"color: #ff6600\"><strong><a href=\"https:\/\/www.africa-press.net\/\">Africa-Press<\/a> &#8211; <a href=\"https:\/\/www.africa-press.net\/niger\">Niger<\/a>. <\/strong><\/span>Le Premier Ministre Ouhoumoudou Mahamadou a re\u00e7u, ce vendredi 17 septembre 2021 \u00e0 son cabinet, une d\u00e9l\u00e9gation d\u2019investisseurs pakistanais conduite par le Ministre F\u00e9d\u00e9ral pakistanais, M. Pir Noor UI Har Qadr.<\/p>\n<p>Ces derniers sont au Niger dans le cadre du forum sur les investissements et des affaires de la R\u00e9publique Islamique du Pakistan qui se tient \u00e0 Niamey du 16 au 18 septembre 2021, note-t-on.<\/p>\n<p>Aucune communication n\u2019a \u00e9t\u00e9 faite \u00e0 l\u2019issue de cette audience qui s&rsquo;est d\u00e9roul\u00e9e en pr\u00e9sence du Ministre nig\u00e9rien en charge du commerce, de l&rsquo;Ambassadeur du Pakistan au Niger et du Pr\u00e9sident de la chambre de commerce nig\u00e9rien.<\/p>\n","protected":false},"excerpt":{"rendered":"<p>Africa-Press &#8211; Niger. Le Premier Ministre Ouhoumoudou Mahamadou a re\u00e7u, ce vendredi 17 septembre 2021 \u00e0 son cabinet, une d\u00e9l\u00e9gation d\u2019investisseurs pakistanais conduite par le Ministre F\u00e9d\u00e9ral pakistanais, M. Pir Noor UI Har Qadr. Ces derniers sont au Niger dans le cadre du forum sur les investissements et des affaires de la R\u00e9publique Islamique du [&hellip;]<\/p>\n","protected":false},"author":82,"featured_media":11947,"comment_status":"open","ping_status":"closed","sticky":false,"template":"","format":"standard","meta":{"footnotes":""},"categories":[11,2,20,10],"tags":[55,60,29],"class_list":["post-11948","post","type-post","status-publish","format-standard","has-post-thumbnail","hentry","category-homepage-french","category-politique","category-top-nouvelles","category-toutes-les-actualites","tag-africa-press","tag-africa-press-niger","tag-niger"],"yoast_head":"<!-- This site is optimized with the Yoast SEO Premium plugin v26.1 (Yoast SEO v27.0) - https:\/\/yoast.com\/product\/yoast-seo-premium-wordpress\/ -->\n<title>Une d\u00e9l\u00e9gation d\u2019investisseurs paskistanais re\u00e7ue par le Premier Ministre Ouhoumoudou Mahamadou - niger<\/title>\n<meta name=\"description\" content=\"Le Premier Ministre Ouhoumoudou Mahamadou a re\u00e7u, ce vendredi 17 septembre 2021 \u00e0 son cabinet, une d\u00e9l\u00e9gation d\u2019investis ...\" \/>\n<meta name=\"robots\" content=\"index, follow, max-snippet:-1, max-image-preview:large, max-video-preview:-1\" \/>\n<link rel=\"canonical\" href=\"https:\/\/www.africa-press.net\/niger\/politique\/une-delegation-dinvestisseurs-paskistanais-recue-par-le-premier-ministre-ouhoumoudou-mahamadou\" \/>\n<meta property=\"og:locale\" content=\"fr_FR\" \/>\n<meta property=\"og:type\" content=\"article\" \/>\n<meta property=\"og:title\" content=\"Une d\u00e9l\u00e9gation d\u2019investisseurs paskistanais re\u00e7ue par le Premier Ministre Ouhoumoudou Mahamadou\" \/>\n<meta property=\"og:description\" content=\"Le Premier Ministre Ouhoumoudou Mahamadou a re\u00e7u, ce vendredi 17 septembre 2021 \u00e0 son cabinet, une d\u00e9l\u00e9gation d\u2019investis ...\" \/>\n<meta property=\"og:url\" content=\"https:\/\/www.africa-press.net\/niger\/politique\/une-delegation-dinvestisseurs-paskistanais-recue-par-le-premier-ministre-ouhoumoudou-mahamadou\" \/>\n<meta property=\"og:site_name\" content=\"niger\" \/>\n<meta property=\"article:published_time\" content=\"2021-09-17T17:44:40+00:00\" \/>\n<meta property=\"article:modified_time\" content=\"2021-09-17T17:56:09+00:00\" \/>\n<meta property=\"og:image\" content=\"https:\/\/static.africa-press.net\/niger\/sites\/40\/2021\/09\/img-6144c8f4dbc3d.jpg\" \/>\n\t<meta property=\"og:image:width\" content=\"1920\" \/>\n\t<meta property=\"og:image:height\" content=\"1280\" \/>\n\t<meta property=\"og:image:type\" content=\"image\/jpeg\" \/>\n<meta name=\"author\" content=\"cfeditorfr\" \/>\n<meta name=\"twitter:card\" content=\"summary_large_image\" \/>\n<meta name=\"twitter:label1\" content=\"\u00c9crit par\" \/>\n\t<meta name=\"twitter:data1\" content=\"cfeditorfr\" \/>\n\t<meta name=\"twitter:label2\" content=\"Dur\u00e9e de lecture estim\u00e9e\" \/>\n\t<meta name=\"twitter:data2\" content=\"1 minute\" \/>\n<script type=\"application\/ld+json\" class=\"yoast-schema-graph\">{\"@context\":\"https:\/\/schema.org\",\"@graph\":[{\"@type\":\"Article\",\"@id\":\"https:\/\/www.africa-press.net\/niger\/politique\/une-delegation-dinvestisseurs-paskistanais-recue-par-le-premier-ministre-ouhoumoudou-mahamadou#article\",\"isPartOf\":{\"@id\":\"https:\/\/www.africa-press.net\/niger\/politique\/une-delegation-dinvestisseurs-paskistanais-recue-par-le-premier-ministre-ouhoumoudou-mahamadou\"},\"author\":{\"name\":\"cfeditorfr\",\"@id\":\"https:\/\/www.africa-press.net\/niger\/#\/schema\/person\/2b1cf3cd81a31e3cd26889ca66d677f1\"},\"headline\":\"Une d\u00e9l\u00e9gation d\u2019investisseurs paskistanais re\u00e7ue par le Premier Ministre Ouhoumoudou Mahamadou\",\"datePublished\":\"2021-09-17T17:44:40+00:00\",\"dateModified\":\"2021-09-17T17:56:09+00:00\",\"mainEntityOfPage\":{\"@id\":\"https:\/\/www.africa-press.net\/niger\/politique\/une-delegation-dinvestisseurs-paskistanais-recue-par-le-premier-ministre-ouhoumoudou-mahamadou\"},\"wordCount\":129,\"commentCount\":0,\"image\":{\"@id\":\"https:\/\/www.africa-press.net\/niger\/politique\/une-delegation-dinvestisseurs-paskistanais-recue-par-le-premier-ministre-ouhoumoudou-mahamadou#primaryimage\"},\"thumbnailUrl\":\"https:\/\/static.africa-press.net\/niger\/sites\/40\/2021\/09\/img-6144c8f4dbc3d.jpg\",\"keywords\":[\"Africa Press\",\"Africa Press-Niger\",\"Niger\"],\"articleSection\":[\"homepage-french\",\"Politique\",\"Top Nouvelles\",\"Toutes les actualit\u00e9s\"],\"inLanguage\":\"fr-FR\",\"potentialAction\":[{\"@type\":\"CommentAction\",\"name\":\"Comment\",\"target\":[\"https:\/\/www.africa-press.net\/niger\/politique\/une-delegation-dinvestisseurs-paskistanais-recue-par-le-premier-ministre-ouhoumoudou-mahamadou#respond\"]}]},{\"@type\":\"WebPage\",\"@id\":\"https:\/\/www.africa-press.net\/niger\/politique\/une-delegation-dinvestisseurs-paskistanais-recue-par-le-premier-ministre-ouhoumoudou-mahamadou\",\"url\":\"https:\/\/www.africa-press.net\/niger\/politique\/une-delegation-dinvestisseurs-paskistanais-recue-par-le-premier-ministre-ouhoumoudou-mahamadou\",\"name\":\"Une d\u00e9l\u00e9gation d\u2019investisseurs paskistanais re\u00e7ue par le Premier Ministre Ouhoumoudou Mahamadou - niger\",\"isPartOf\":{\"@id\":\"https:\/\/www.africa-press.net\/niger\/#website\"},\"primaryImageOfPage\":{\"@id\":\"https:\/\/www.africa-press.net\/niger\/politique\/une-delegation-dinvestisseurs-paskistanais-recue-par-le-premier-ministre-ouhoumoudou-mahamadou#primaryimage\"},\"image\":{\"@id\":\"https:\/\/www.africa-press.net\/niger\/politique\/une-delegation-dinvestisseurs-paskistanais-recue-par-le-premier-ministre-ouhoumoudou-mahamadou#primaryimage\"},\"thumbnailUrl\":\"https:\/\/static.africa-press.net\/niger\/sites\/40\/2021\/09\/img-6144c8f4dbc3d.jpg\",\"datePublished\":\"2021-09-17T17:44:40+00:00\",\"dateModified\":\"2021-09-17T17:56:09+00:00\",\"author\":{\"@id\":\"https:\/\/www.africa-press.net\/niger\/#\/schema\/person\/2b1cf3cd81a31e3cd26889ca66d677f1\"},\"description\":\"Le Premier Ministre Ouhoumoudou Mahamadou a re\u00e7u, ce vendredi 17 septembre 2021 \u00e0 son cabinet, une d\u00e9l\u00e9gation d\u2019investis ...\",\"breadcrumb\":{\"@id\":\"https:\/\/www.africa-press.net\/niger\/politique\/une-delegation-dinvestisseurs-paskistanais-recue-par-le-premier-ministre-ouhoumoudou-mahamadou#breadcrumb\"},\"inLanguage\":\"fr-FR\",\"potentialAction\":[{\"@type\":\"ReadAction\",\"target\":[\"https:\/\/www.africa-press.net\/niger\/politique\/une-delegation-dinvestisseurs-paskistanais-recue-par-le-premier-ministre-ouhoumoudou-mahamadou\"]}]},{\"@type\":\"ImageObject\",\"inLanguage\":\"fr-FR\",\"@id\":\"https:\/\/www.africa-press.net\/niger\/politique\/une-delegation-dinvestisseurs-paskistanais-recue-par-le-premier-ministre-ouhoumoudou-mahamadou#primaryimage\",\"url\":\"https:\/\/static.africa-press.net\/niger\/sites\/40\/2021\/09\/img-6144c8f4dbc3d.jpg\",\"contentUrl\":\"https:\/\/static.africa-press.net\/niger\/sites\/40\/2021\/09\/img-6144c8f4dbc3d.jpg\",\"width\":1920,\"height\":1280,\"caption\":\"Une d\u00e9l\u00e9gation d\u2019investisseurs paskistanais re\u00e7ue par le Premier Ministre Ouhoumoudou Mahamadou\"},{\"@type\":\"BreadcrumbList\",\"@id\":\"https:\/\/www.africa-press.net\/niger\/politique\/une-delegation-dinvestisseurs-paskistanais-recue-par-le-premier-ministre-ouhoumoudou-mahamadou#breadcrumb\",\"itemListElement\":[{\"@type\":\"ListItem\",\"position\":1,\"name\":\"Accueil\",\"item\":\"https:\/\/www.africa-press.net\/niger\/\"},{\"@type\":\"ListItem\",\"position\":2,\"name\":\"Une d\u00e9l\u00e9gation d\u2019investisseurs paskistanais re\u00e7ue par le Premier Ministre Ouhoumoudou Mahamadou\"}]},{\"@type\":\"WebSite\",\"@id\":\"https:\/\/www.africa-press.net\/niger\/#website\",\"url\":\"https:\/\/www.africa-press.net\/niger\/\",\"name\":\"niger\",\"description\":\"Just another Africa News Agency Sites site\",\"potentialAction\":[{\"@type\":\"SearchAction\",\"target\":{\"@type\":\"EntryPoint\",\"urlTemplate\":\"https:\/\/www.africa-press.net\/niger\/?s={search_term_string}\"},\"query-input\":{\"@type\":\"PropertyValueSpecification\",\"valueRequired\":true,\"valueName\":\"search_term_string\"}}],\"inLanguage\":\"fr-FR\"},{\"@type\":\"Person\",\"@id\":\"https:\/\/www.africa-press.net\/niger\/#\/schema\/person\/2b1cf3cd81a31e3cd26889ca66d677f1\",\"name\":\"cfeditorfr\"}]}<\/script>\n<!-- \/ Yoast SEO Premium plugin. -->","yoast_head_json":{"title":"Une d\u00e9l\u00e9gation d\u2019investisseurs paskistanais re\u00e7ue par le Premier Ministre Ouhoumoudou Mahamadou - niger","description":"Le Premier Ministre Ouhoumoudou Mahamadou a re\u00e7u, ce vendredi 17 septembre 2021 \u00e0 son cabinet, une d\u00e9l\u00e9gation d\u2019investis ...","robots":{"index":"index","follow":"follow","max-snippet":"max-snippet:-1","max-image-preview":"max-image-preview:large","max-video-preview":"max-video-preview:-1"},"canonical":"https:\/\/www.africa-press.net\/niger\/politique\/une-delegation-dinvestisseurs-paskistanais-recue-par-le-premier-ministre-ouhoumoudou-mahamadou","og_locale":"fr_FR","og_type":"article","og_title":"Une d\u00e9l\u00e9gation d\u2019investisseurs paskistanais re\u00e7ue par le Premier Ministre Ouhoumoudou Mahamadou","og_description":"Le Premier Ministre Ouhoumoudou Mahamadou a re\u00e7u, ce vendredi 17 septembre 2021 \u00e0 son cabinet, une d\u00e9l\u00e9gation d\u2019investis ...","og_url":"https:\/\/www.africa-press.net\/niger\/politique\/une-delegation-dinvestisseurs-paskistanais-recue-par-le-premier-ministre-ouhoumoudou-mahamadou","og_site_name":"niger","article_published_time":"2021-09-17T17:44:40+00:00","article_modified_time":"2021-09-17T17:56:09+00:00","og_image":[{"width":1920,"height":1280,"url":"https:\/\/static.africa-press.net\/niger\/sites\/40\/2021\/09\/img-6144c8f4dbc3d.jpg","type":"image\/jpeg"}],"author":"cfeditorfr","twitter_card":"summary_large_image","twitter_misc":{"\u00c9crit par":"cfeditorfr","Dur\u00e9e de lecture estim\u00e9e":"1 minute"},"schema":{"@context":"https:\/\/schema.org","@graph":[{"@type":"Article","@id":"https:\/\/www.africa-press.net\/niger\/politique\/une-delegation-dinvestisseurs-paskistanais-recue-par-le-premier-ministre-ouhoumoudou-mahamadou#article","isPartOf":{"@id":"https:\/\/www.africa-press.net\/niger\/politique\/une-delegation-dinvestisseurs-paskistanais-recue-par-le-premier-ministre-ouhoumoudou-mahamadou"},"author":{"name":"cfeditorfr","@id":"https:\/\/www.africa-press.net\/niger\/#\/schema\/person\/2b1cf3cd81a31e3cd26889ca66d677f1"},"headline":"Une d\u00e9l\u00e9gation d\u2019investisseurs paskistanais re\u00e7ue par le Premier Ministre Ouhoumoudou Mahamadou","datePublished":"2021-09-17T17:44:40+00:00","dateModified":"2021-09-17T17:56:09+00:00","mainEntityOfPage":{"@id":"https:\/\/www.africa-press.net\/niger\/politique\/une-delegation-dinvestisseurs-paskistanais-recue-par-le-premier-ministre-ouhoumoudou-mahamadou"},"wordCount":129,"commentCount":0,"image":{"@id":"https:\/\/www.africa-press.net\/niger\/politique\/une-delegation-dinvestisseurs-paskistanais-recue-par-le-premier-ministre-ouhoumoudou-mahamadou#primaryimage"},"thumbnailUrl":"https:\/\/static.africa-press.net\/niger\/sites\/40\/2021\/09\/img-6144c8f4dbc3d.jpg","keywords":["Africa Press","Africa Press-Niger","Niger"],"articleSection":["homepage-french","Politique","Top Nouvelles","Toutes les actualit\u00e9s"],"inLanguage":"fr-FR","potentialAction":[{"@type":"CommentAction","name":"Comment","target":["https:\/\/www.africa-press.net\/niger\/politique\/une-delegation-dinvestisseurs-paskistanais-recue-par-le-premier-ministre-ouhoumoudou-mahamadou#respond"]}]},{"@type":"WebPage","@id":"https:\/\/www.africa-press.net\/niger\/politique\/une-delegation-dinvestisseurs-paskistanais-recue-par-le-premier-ministre-ouhoumoudou-mahamadou","url":"https:\/\/www.africa-press.net\/niger\/politique\/une-delegation-dinvestisseurs-paskistanais-recue-par-le-premier-ministre-ouhoumoudou-mahamadou","name":"Une d\u00e9l\u00e9gation d\u2019investisseurs paskistanais re\u00e7ue par le Premier Ministre Ouhoumoudou Mahamadou - niger","isPartOf":{"@id":"https:\/\/www.africa-press.net\/niger\/#website"},"primaryImageOfPage":{"@id":"https:\/\/www.africa-press.net\/niger\/politique\/une-delegation-dinvestisseurs-paskistanais-recue-par-le-premier-ministre-ouhoumoudou-mahamadou#primaryimage"},"image":{"@id":"https:\/\/www.africa-press.net\/niger\/politique\/une-delegation-dinvestisseurs-paskistanais-recue-par-le-premier-ministre-ouhoumoudou-mahamadou#primaryimage"},"thumbnailUrl":"https:\/\/static.africa-press.net\/niger\/sites\/40\/2021\/09\/img-6144c8f4dbc3d.jpg","datePublished":"2021-09-17T17:44:40+00:00","dateModified":"2021-09-17T17:56:09+00:00","author":{"@id":"https:\/\/www.africa-press.net\/niger\/#\/schema\/person\/2b1cf3cd81a31e3cd26889ca66d677f1"},"description":"Le Premier Ministre Ouhoumoudou Mahamadou a re\u00e7u, ce vendredi 17 septembre 2021 \u00e0 son cabinet, une d\u00e9l\u00e9gation d\u2019investis ...","breadcrumb":{"@id":"https:\/\/www.africa-press.net\/niger\/politique\/une-delegation-dinvestisseurs-paskistanais-recue-par-le-premier-ministre-ouhoumoudou-mahamadou#breadcrumb"},"inLanguage":"fr-FR","potentialAction":[{"@type":"ReadAction","target":["https:\/\/www.africa-press.net\/niger\/politique\/une-delegation-dinvestisseurs-paskistanais-recue-par-le-premier-ministre-ouhoumoudou-mahamadou"]}]},{"@type":"ImageObject","inLanguage":"fr-FR","@id":"https:\/\/www.africa-press.net\/niger\/politique\/une-delegation-dinvestisseurs-paskistanais-recue-par-le-premier-ministre-ouhoumoudou-mahamadou#primaryimage","url":"https:\/\/static.africa-press.net\/niger\/sites\/40\/2021\/09\/img-6144c8f4dbc3d.jpg","contentUrl":"https:\/\/static.africa-press.net\/niger\/sites\/40\/2021\/09\/img-6144c8f4dbc3d.jpg","width":1920,"height":1280,"caption":"Une d\u00e9l\u00e9gation d\u2019investisseurs paskistanais re\u00e7ue par le Premier Ministre Ouhoumoudou Mahamadou"},{"@type":"BreadcrumbList","@id":"https:\/\/www.africa-press.net\/niger\/politique\/une-delegation-dinvestisseurs-paskistanais-recue-par-le-premier-ministre-ouhoumoudou-mahamadou#breadcrumb","itemListElement":[{"@type":"ListItem","position":1,"name":"Accueil","item":"https:\/\/www.africa-press.net\/niger\/"},{"@type":"ListItem","position":2,"name":"Une d\u00e9l\u00e9gation d\u2019investisseurs paskistanais re\u00e7ue par le Premier Ministre Ouhoumoudou Mahamadou"}]},{"@type":"WebSite","@id":"https:\/\/www.africa-press.net\/niger\/#website","url":"https:\/\/www.africa-press.net\/niger\/","name":"niger","description":"Just another Africa News Agency Sites site","potentialAction":[{"@type":"SearchAction","target":{"@type":"EntryPoint","urlTemplate":"https:\/\/www.africa-press.net\/niger\/?s={search_term_string}"},"query-input":{"@type":"PropertyValueSpecification","valueRequired":true,"valueName":"search_term_string"}}],"inLanguage":"fr-FR"},{"@type":"Person","@id":"https:\/\/www.africa-press.net\/niger\/#\/schema\/person\/2b1cf3cd81a31e3cd26889ca66d677f1","name":"cfeditorfr"}]}},"_links":{"self":[{"href":"https:\/\/www.africa-press.net\/niger\/wp-json\/wp\/v2\/posts\/11948","targetHints":{"allow":["GET"]}}],"collection":[{"href":"https:\/\/www.africa-press.net\/niger\/wp-json\/wp\/v2\/posts"}],"about":[{"href":"https:\/\/www.africa-press.net\/niger\/wp-json\/wp\/v2\/types\/post"}],"author":[{"embeddable":true,"href":"https:\/\/www.africa-press.net\/niger\/wp-json\/wp\/v2\/users\/82"}],"replies":[{"embeddable":true,"href":"https:\/\/www.africa-press.net\/niger\/wp-json\/wp\/v2\/comments?post=11948"}],"version-history":[{"count":0,"href":"https:\/\/www.africa-press.net\/niger\/wp-json\/wp\/v2\/posts\/11948\/revisions"}],"wp:featuredmedia":[{"embeddable":true,"href":"https:\/\/www.africa-press.net\/niger\/wp-json\/wp\/v2\/media\/11947"}],"wp:attachment":[{"href":"https:\/\/www.africa-press.net\/niger\/wp-json\/wp\/v2\/media?parent=11948"}],"wp:term":[{"taxonomy":"category","embeddable":true,"href":"https:\/\/www.africa-press.net\/niger\/wp-json\/wp\/v2\/categories?post=11948"},{"taxonomy":"post_tag","embeddable":true,"href":"https:\/\/www.africa-press.net\/niger\/wp-json\/wp\/v2\/tags?post=11948"}],"curies":[{"name":"wp","href":"https:\/\/api.w.org\/{rel}","templated":true}]}}