{"id":11951,"date":"2021-09-17T17:51:20","date_gmt":"2021-09-17T17:51:20","guid":{"rendered":"https:\/\/www.africa-press.net\/niger\/?p=11951"},"modified":"2021-09-17T17:56:17","modified_gmt":"2021-09-17T17:56:17","slug":"conservation-de-la-nature-lapport-de-lafrique-des-specialistes-de-lenvironnement-levent-le-voile","status":"publish","type":"post","link":"https:\/\/www.africa-press.net\/niger\/culture-et-art\/conservation-de-la-nature-lapport-de-lafrique-des-specialistes-de-lenvironnement-levent-le-voile","title":{"rendered":"Conservation de la nature, l\u2019apport de l\u2019Afrique : Des sp\u00e9cialistes de l\u2019environnement l\u00e8vent le voile"},"content":{"rendered":"<p><span style=\"color: #ff6600\"><strong><a href=\"https:\/\/www.africa-press.net\/\">Africa-Press<\/a> &#8211; <a href=\"https:\/\/www.africa-press.net\/niger\">Niger<\/a>. <\/strong><\/span>Trois sp\u00e9cialistes de l\u2019environnement : M. Endamana Dominique (UICN PACO Cameroun), M Ange Boni YEYE, Assistant programme sciences naturelles et exactes de l\u2019Unesco en C\u00f4te d\u2019Ivoire et M. Paul Anspach, Conseiller au sein du Projet GIZ (Appui r\u00e9gional \u00e0 la COMIFAC) ont \u00e9chang\u00e9 virtuellement le vendredi 3 septembre dernier avec plusieurs journalistes du R\u00e9seau des M\u00e9dias Africains pour la promotion de la sant\u00e9 et de l\u2019Environnement (REMAPSEN). Ce webinaire qui a dur\u00e9 environ deux heures d\u2019horloge a port\u00e9 sur la Conservation de la nature, l\u2019apport de l\u2019Afrique.<\/p>\n<p>Un th\u00e8me d\u2019une importance capitale pour l\u2019Afrique au regard du changement climatique qui pose aujourd\u2019hui des d\u00e9fis \u00e9normes aux diff\u00e9rents pays du continent.<\/p>\n<p>Le repr\u00e9sentant de l\u2019UICN PACO Cameroun, M. Endamana Dominique a d\u2019abord expliqu\u00e9 que \u2018\u2019la vision de l\u2019UICN est un monde juste qui \u00e9value et conserve la nature. Il a ensuite r\u00e9v\u00e9l\u00e9 la mission de son organisation qui est d\u2019influencer, encourager et aider les soci\u00e9t\u00e9s du monde entier afin de conserver l\u2019int\u00e9grit\u00e9 et la diversit\u00e9 de la nature. \u00ab Son r\u00f4le en Afrique de l\u2019Ouest et en Afrique Centrale est de catalyser les processus politiques de conservation de la nature en collaboration avec ses membres et ses partenaires publics et priv\u00e9s \u00bb, a ajout\u00e9 M. Dominique.<\/p>\n<p>L\u2019UICN apporte son soutien aux gouvernements, ONG, Conventions internationales, organismes de l\u2019ONU, soci\u00e9t\u00e9s et communaut\u00e9s pour d\u00e9velopper des lois, des politiques et une meilleure pratique pour la conservation de la nature. Dans ce cadre, l\u2019institution compte diff\u00e9rents programmes et travaille sur plusieurs volets avec pour objectifs de \u2018\u2019Valoriser et conserver la nature, Promouvoir et soutenir une gouvernance efficace et \u00e9quitable des ressources naturelles ; d\u00e9ployer des solutions fond\u00e9es sur la nature pour relever les enjeux de soci\u00e9t\u00e9.\u2019\u2019<\/p>\n<p>L\u2019UICN selon son repr\u00e9sentant au webinaire soutient \u00e9galement des projets dans plusieurs pays africains et apporte par exemple un appui institutionnel \u00e0 travers le renforcement des capacit\u00e9s des acteurs \u00e9tatiques et non \u00e9tatiques notamment au Togo, en C\u00f4te d\u2019Ivoire, au Niger\u2026 Dans ces m\u00eames pays, l\u2019UICN m\u00e8ne des actions en mati\u00e8re de dialogue politiques avec la mise en place des cadres de Gouvernance sur la gestion des \u00e9cosyst\u00e8mes forestiers et marins<\/p>\n<p>Le second pan\u00e9liste, M. Ange Boni YEYE a lui aussi r\u00e9v\u00e9l\u00e9 quelques actions de son institution pour pr\u00e9server la nature. Ces r\u00e9alisations ont \u00e9t\u00e9 faites \u00e0 travers plusieurs programmes dont celui d\u2019Education en vue du D\u00e9veloppement Durable (EDD) en collaboration avec les \u00e9coles associ\u00e9es de l\u2019UNESCO en C\u00f4te d\u2019Ivoire ;<\/p>\n<p>La mise en \u0153uvre du Programme sur l\u2019Homme et la biosph\u00e8re(MAB) depuis 1971, avec une vision de promouvoir une connexion durable entre les humains et la nature. Il compte 714 R\u00e9serves de Biosph\u00e8re dans le monde dont 2 en C\u00f4te d\u2019Ivoire;<\/p>\n<p>L\u2019initiative UNESCO GREEN CITIZENS, cr\u00e9\u00e9e par l\u2019UNESCO, dont le but est de soutenir et mettre en lumi\u00e8re l\u2019engagement des citoyens pour la plan\u00e8te. Ce programme soutient 3 projets en C\u00f4te d\u2019Ivoire.<\/p>\n<p>Selon M. Ange Boni YEYE, l\u2019UNESCO est fortement engag\u00e9e dans des actions en faveur de la protection de l\u2019environnement et du climat, la pr\u00e9servation de la Biodiversit\u00e9. Elle dispose d\u2019un large \u00e9ventail de programmes qui accompagnent les \u00c9tats membres \u00e0 mettre en \u0153uvre l\u2019Accord de Paris et \u00e0 atteindre les ODD \u00e0 travers l\u2019\u00e9ducation, les sciences, la culture et la communication et l\u2019information.<\/p>\n<p>L\u2019UNESCO dispose de programmes scientifiques essentiellement mis en \u0153uvre par le biais de ses Programmes Scientifiques Internationaux (PSIs) \u00e0 savoir le Programme Hydrologique Intergouvernemental (PHI); l\u2019Homme et la Biosph\u00e8re (MAB); le Programme International pour les G\u00e9osciences et les G\u00e9oparcs (PIGG); le Programme international de sciences fondamentales(PISF); la Commission oc\u00e9anographique inter-gouvernementale(COI)<\/p>\n<p>M Ange Boni YEYE a en outre relev\u00e9 les nombreux d\u00e9fis li\u00e9s \u00e0 la pr\u00e9servation de la nature en Afrique notamment en C\u00f4te d\u2019Ivoire et appelle \u00e0 une v\u00e9ritable prise de conscience des populations et des d\u00e9cideurs sur les enjeux li\u00e9s \u00e0 la pr\u00e9servation de la nature.<\/p>\n<p>Quant au troisi\u00e8me pan\u00e9liste, M. Paul Anspach, Conseiller au sein du Projet GIZ (Appui r\u00e9gional \u00e0 la COMIFAC), il s\u2019est beaucoup appesanti sur le Programme gestion durable des for\u00eats dans le bassin du Congo.<\/p>\n<p>Selon lui, \u00ab la diversit\u00e9 biologique et les ressources foresti\u00e8res dans le Bassin du Congo et les savanes sont mieux prot\u00e9g\u00e9es et sont exploit\u00e9es de mani\u00e8re durable\u00bb. Au nombre des actions men\u00e9es dans ce cadre, il a pr\u00e9cis\u00e9 que 10 Pays de l\u2019espace COMIFAC (Commission des For\u00eats d\u2019Afrique Centrale) re\u00e7oivent des appuis techniques et organisationnels \u00e0 travers le renforcement des capacit\u00e9s et des appuis organisationnels dont certaines en direction des 10 Coordinations Nationales de la COMIFAC, acteurs cl\u00e9s dans le suivi et la mise en \u0153uvre du Plan de Convergence;<\/p>\n<p>Aussi, le Plan Op\u00e9rationnel 2021-2025 du Plan de Convergence de la COMIFAC a \u00e9t\u00e9 valid\u00e9; tout comme 4 options de financement de la COMIFAC ont d\u00e9j\u00e0 \u00e9t\u00e9 adopt\u00e9es. A out cela s\u2019ajoute l\u2019appui \u00e0 l\u2019op\u00e9rationnalisation de la digitalisation au SEC (D\u00e9veloppement du syst\u00e8me d\u2019archivage des documents num\u00e9riques et physiques de la COMIFAC, acquisition du mat\u00e9riel de digitalisation : Serveur, Camera, micro, licences Microsoft Teams, etc.).<\/p>\n<p><b>\u00a0<\/b><\/p>\n","protected":false},"excerpt":{"rendered":"<p>Africa-Press &#8211; Niger. Trois sp\u00e9cialistes de l\u2019environnement : M. Endamana Dominique (UICN PACO Cameroun), M Ange Boni YEYE, Assistant programme sciences naturelles et exactes de l\u2019Unesco en C\u00f4te d\u2019Ivoire et M. Paul Anspach, Conseiller au sein du Projet GIZ (Appui r\u00e9gional \u00e0 la COMIFAC) ont \u00e9chang\u00e9 virtuellement le vendredi 3 septembre dernier avec plusieurs journalistes [&hellip;]<\/p>\n","protected":false},"author":82,"featured_media":11950,"comment_status":"open","ping_status":"closed","sticky":false,"template":"","format":"standard","meta":{"footnotes":""},"categories":[5,11,10],"tags":[55,60,29],"class_list":["post-11951","post","type-post","status-publish","format-standard","has-post-thumbnail","hentry","category-culture-et-art","category-homepage-french","category-toutes-les-actualites","tag-africa-press","tag-africa-press-niger","tag-niger"],"yoast_head":"<!-- This site is optimized with the Yoast SEO Premium plugin v26.1 (Yoast SEO v27.0) - https:\/\/yoast.com\/product\/yoast-seo-premium-wordpress\/ -->\n<title>Conservation de la nature, l\u2019apport de l\u2019Afrique : Des sp\u00e9cialistes de l\u2019environnement l\u00e8vent le voile - niger<\/title>\n<meta name=\"description\" content=\"\ufeffTrois sp\u00e9cialistes de l\u2019environnement : M. Endamana Dominique (UICN PACO Cameroun), M Ange Boni YEYE, Assistant program ...\" \/>\n<meta name=\"robots\" content=\"index, follow, max-snippet:-1, max-image-preview:large, max-video-preview:-1\" \/>\n<link rel=\"canonical\" href=\"https:\/\/www.africa-press.net\/niger\/culture-et-art\/conservation-de-la-nature-lapport-de-lafrique-des-specialistes-de-lenvironnement-levent-le-voile\" \/>\n<meta property=\"og:locale\" content=\"fr_FR\" \/>\n<meta property=\"og:type\" content=\"article\" \/>\n<meta property=\"og:title\" content=\"Conservation de la nature, l\u2019apport de l\u2019Afrique : Des sp\u00e9cialistes de l\u2019environnement l\u00e8vent le voile\" \/>\n<meta property=\"og:description\" content=\"\ufeffTrois sp\u00e9cialistes de l\u2019environnement : M. Endamana Dominique (UICN PACO Cameroun), M Ange Boni YEYE, Assistant program ...\" \/>\n<meta property=\"og:url\" content=\"https:\/\/www.africa-press.net\/niger\/culture-et-art\/conservation-de-la-nature-lapport-de-lafrique-des-specialistes-de-lenvironnement-levent-le-voile\" \/>\n<meta property=\"og:site_name\" content=\"niger\" \/>\n<meta property=\"article:published_time\" content=\"2021-09-17T17:51:20+00:00\" \/>\n<meta property=\"article:modified_time\" content=\"2021-09-17T17:56:17+00:00\" \/>\n<meta property=\"og:image\" content=\"https:\/\/static.africa-press.net\/niger\/sites\/40\/2021\/09\/img-6144c92141efc.jpg\" \/>\n\t<meta property=\"og:image:width\" content=\"720\" \/>\n\t<meta property=\"og:image:height\" content=\"412\" \/>\n\t<meta property=\"og:image:type\" content=\"image\/jpeg\" \/>\n<meta name=\"author\" content=\"cfeditorfr\" \/>\n<meta name=\"twitter:card\" content=\"summary_large_image\" \/>\n<meta name=\"twitter:label1\" content=\"\u00c9crit par\" \/>\n\t<meta name=\"twitter:data1\" content=\"cfeditorfr\" \/>\n\t<meta name=\"twitter:label2\" content=\"Dur\u00e9e de lecture estim\u00e9e\" \/>\n\t<meta name=\"twitter:data2\" content=\"4 minutes\" \/>\n<script type=\"application\/ld+json\" class=\"yoast-schema-graph\">{\"@context\":\"https:\/\/schema.org\",\"@graph\":[{\"@type\":\"Article\",\"@id\":\"https:\/\/www.africa-press.net\/niger\/culture-et-art\/conservation-de-la-nature-lapport-de-lafrique-des-specialistes-de-lenvironnement-levent-le-voile#article\",\"isPartOf\":{\"@id\":\"https:\/\/www.africa-press.net\/niger\/culture-et-art\/conservation-de-la-nature-lapport-de-lafrique-des-specialistes-de-lenvironnement-levent-le-voile\"},\"author\":{\"name\":\"cfeditorfr\",\"@id\":\"https:\/\/www.africa-press.net\/niger\/#\/schema\/person\/2b1cf3cd81a31e3cd26889ca66d677f1\"},\"headline\":\"Conservation de la nature, l\u2019apport de l\u2019Afrique : Des sp\u00e9cialistes de l\u2019environnement l\u00e8vent le voile\",\"datePublished\":\"2021-09-17T17:51:20+00:00\",\"dateModified\":\"2021-09-17T17:56:17+00:00\",\"mainEntityOfPage\":{\"@id\":\"https:\/\/www.africa-press.net\/niger\/culture-et-art\/conservation-de-la-nature-lapport-de-lafrique-des-specialistes-de-lenvironnement-levent-le-voile\"},\"wordCount\":952,\"commentCount\":0,\"image\":{\"@id\":\"https:\/\/www.africa-press.net\/niger\/culture-et-art\/conservation-de-la-nature-lapport-de-lafrique-des-specialistes-de-lenvironnement-levent-le-voile#primaryimage\"},\"thumbnailUrl\":\"https:\/\/static.africa-press.net\/niger\/sites\/40\/2021\/09\/img-6144c92141efc.jpg\",\"keywords\":[\"Africa Press\",\"Africa Press-Niger\",\"Niger\"],\"articleSection\":[\"Culture et Art\",\"homepage-french\",\"Toutes les actualit\u00e9s\"],\"inLanguage\":\"fr-FR\",\"potentialAction\":[{\"@type\":\"CommentAction\",\"name\":\"Comment\",\"target\":[\"https:\/\/www.africa-press.net\/niger\/culture-et-art\/conservation-de-la-nature-lapport-de-lafrique-des-specialistes-de-lenvironnement-levent-le-voile#respond\"]}]},{\"@type\":\"WebPage\",\"@id\":\"https:\/\/www.africa-press.net\/niger\/culture-et-art\/conservation-de-la-nature-lapport-de-lafrique-des-specialistes-de-lenvironnement-levent-le-voile\",\"url\":\"https:\/\/www.africa-press.net\/niger\/culture-et-art\/conservation-de-la-nature-lapport-de-lafrique-des-specialistes-de-lenvironnement-levent-le-voile\",\"name\":\"Conservation de la nature, l\u2019apport de l\u2019Afrique : Des sp\u00e9cialistes de l\u2019environnement l\u00e8vent le voile - niger\",\"isPartOf\":{\"@id\":\"https:\/\/www.africa-press.net\/niger\/#website\"},\"primaryImageOfPage\":{\"@id\":\"https:\/\/www.africa-press.net\/niger\/culture-et-art\/conservation-de-la-nature-lapport-de-lafrique-des-specialistes-de-lenvironnement-levent-le-voile#primaryimage\"},\"image\":{\"@id\":\"https:\/\/www.africa-press.net\/niger\/culture-et-art\/conservation-de-la-nature-lapport-de-lafrique-des-specialistes-de-lenvironnement-levent-le-voile#primaryimage\"},\"thumbnailUrl\":\"https:\/\/static.africa-press.net\/niger\/sites\/40\/2021\/09\/img-6144c92141efc.jpg\",\"datePublished\":\"2021-09-17T17:51:20+00:00\",\"dateModified\":\"2021-09-17T17:56:17+00:00\",\"author\":{\"@id\":\"https:\/\/www.africa-press.net\/niger\/#\/schema\/person\/2b1cf3cd81a31e3cd26889ca66d677f1\"},\"description\":\"\ufeffTrois sp\u00e9cialistes de l\u2019environnement : M. Endamana Dominique (UICN PACO Cameroun), M Ange Boni YEYE, Assistant program ...\",\"breadcrumb\":{\"@id\":\"https:\/\/www.africa-press.net\/niger\/culture-et-art\/conservation-de-la-nature-lapport-de-lafrique-des-specialistes-de-lenvironnement-levent-le-voile#breadcrumb\"},\"inLanguage\":\"fr-FR\",\"potentialAction\":[{\"@type\":\"ReadAction\",\"target\":[\"https:\/\/www.africa-press.net\/niger\/culture-et-art\/conservation-de-la-nature-lapport-de-lafrique-des-specialistes-de-lenvironnement-levent-le-voile\"]}]},{\"@type\":\"ImageObject\",\"inLanguage\":\"fr-FR\",\"@id\":\"https:\/\/www.africa-press.net\/niger\/culture-et-art\/conservation-de-la-nature-lapport-de-lafrique-des-specialistes-de-lenvironnement-levent-le-voile#primaryimage\",\"url\":\"https:\/\/static.africa-press.net\/niger\/sites\/40\/2021\/09\/img-6144c92141efc.jpg\",\"contentUrl\":\"https:\/\/static.africa-press.net\/niger\/sites\/40\/2021\/09\/img-6144c92141efc.jpg\",\"width\":720,\"height\":412,\"caption\":\"Conservation de la nature, l\u2019apport de l\u2019Afrique : Des sp\u00e9cialistes de l\u2019environnement l\u00e8vent le voile\"},{\"@type\":\"BreadcrumbList\",\"@id\":\"https:\/\/www.africa-press.net\/niger\/culture-et-art\/conservation-de-la-nature-lapport-de-lafrique-des-specialistes-de-lenvironnement-levent-le-voile#breadcrumb\",\"itemListElement\":[{\"@type\":\"ListItem\",\"position\":1,\"name\":\"Accueil\",\"item\":\"https:\/\/www.africa-press.net\/niger\/\"},{\"@type\":\"ListItem\",\"position\":2,\"name\":\"Conservation de la nature, l\u2019apport de l\u2019Afrique : Des sp\u00e9cialistes de l\u2019environnement l\u00e8vent le voile\"}]},{\"@type\":\"WebSite\",\"@id\":\"https:\/\/www.africa-press.net\/niger\/#website\",\"url\":\"https:\/\/www.africa-press.net\/niger\/\",\"name\":\"niger\",\"description\":\"Just another Africa News Agency Sites site\",\"potentialAction\":[{\"@type\":\"SearchAction\",\"target\":{\"@type\":\"EntryPoint\",\"urlTemplate\":\"https:\/\/www.africa-press.net\/niger\/?s={search_term_string}\"},\"query-input\":{\"@type\":\"PropertyValueSpecification\",\"valueRequired\":true,\"valueName\":\"search_term_string\"}}],\"inLanguage\":\"fr-FR\"},{\"@type\":\"Person\",\"@id\":\"https:\/\/www.africa-press.net\/niger\/#\/schema\/person\/2b1cf3cd81a31e3cd26889ca66d677f1\",\"name\":\"cfeditorfr\"}]}<\/script>\n<!-- \/ Yoast SEO Premium plugin. -->","yoast_head_json":{"title":"Conservation de la nature, l\u2019apport de l\u2019Afrique : Des sp\u00e9cialistes de l\u2019environnement l\u00e8vent le voile - niger","description":"\ufeffTrois sp\u00e9cialistes de l\u2019environnement : M. Endamana Dominique (UICN PACO Cameroun), M Ange Boni YEYE, Assistant program ...","robots":{"index":"index","follow":"follow","max-snippet":"max-snippet:-1","max-image-preview":"max-image-preview:large","max-video-preview":"max-video-preview:-1"},"canonical":"https:\/\/www.africa-press.net\/niger\/culture-et-art\/conservation-de-la-nature-lapport-de-lafrique-des-specialistes-de-lenvironnement-levent-le-voile","og_locale":"fr_FR","og_type":"article","og_title":"Conservation de la nature, l\u2019apport de l\u2019Afrique : Des sp\u00e9cialistes de l\u2019environnement l\u00e8vent le voile","og_description":"\ufeffTrois sp\u00e9cialistes de l\u2019environnement : M. Endamana Dominique (UICN PACO Cameroun), M Ange Boni YEYE, Assistant program ...","og_url":"https:\/\/www.africa-press.net\/niger\/culture-et-art\/conservation-de-la-nature-lapport-de-lafrique-des-specialistes-de-lenvironnement-levent-le-voile","og_site_name":"niger","article_published_time":"2021-09-17T17:51:20+00:00","article_modified_time":"2021-09-17T17:56:17+00:00","og_image":[{"width":720,"height":412,"url":"https:\/\/static.africa-press.net\/niger\/sites\/40\/2021\/09\/img-6144c92141efc.jpg","type":"image\/jpeg"}],"author":"cfeditorfr","twitter_card":"summary_large_image","twitter_misc":{"\u00c9crit par":"cfeditorfr","Dur\u00e9e de lecture estim\u00e9e":"4 minutes"},"schema":{"@context":"https:\/\/schema.org","@graph":[{"@type":"Article","@id":"https:\/\/www.africa-press.net\/niger\/culture-et-art\/conservation-de-la-nature-lapport-de-lafrique-des-specialistes-de-lenvironnement-levent-le-voile#article","isPartOf":{"@id":"https:\/\/www.africa-press.net\/niger\/culture-et-art\/conservation-de-la-nature-lapport-de-lafrique-des-specialistes-de-lenvironnement-levent-le-voile"},"author":{"name":"cfeditorfr","@id":"https:\/\/www.africa-press.net\/niger\/#\/schema\/person\/2b1cf3cd81a31e3cd26889ca66d677f1"},"headline":"Conservation de la nature, l\u2019apport de l\u2019Afrique : Des sp\u00e9cialistes de l\u2019environnement l\u00e8vent le voile","datePublished":"2021-09-17T17:51:20+00:00","dateModified":"2021-09-17T17:56:17+00:00","mainEntityOfPage":{"@id":"https:\/\/www.africa-press.net\/niger\/culture-et-art\/conservation-de-la-nature-lapport-de-lafrique-des-specialistes-de-lenvironnement-levent-le-voile"},"wordCount":952,"commentCount":0,"image":{"@id":"https:\/\/www.africa-press.net\/niger\/culture-et-art\/conservation-de-la-nature-lapport-de-lafrique-des-specialistes-de-lenvironnement-levent-le-voile#primaryimage"},"thumbnailUrl":"https:\/\/static.africa-press.net\/niger\/sites\/40\/2021\/09\/img-6144c92141efc.jpg","keywords":["Africa Press","Africa Press-Niger","Niger"],"articleSection":["Culture et Art","homepage-french","Toutes les actualit\u00e9s"],"inLanguage":"fr-FR","potentialAction":[{"@type":"CommentAction","name":"Comment","target":["https:\/\/www.africa-press.net\/niger\/culture-et-art\/conservation-de-la-nature-lapport-de-lafrique-des-specialistes-de-lenvironnement-levent-le-voile#respond"]}]},{"@type":"WebPage","@id":"https:\/\/www.africa-press.net\/niger\/culture-et-art\/conservation-de-la-nature-lapport-de-lafrique-des-specialistes-de-lenvironnement-levent-le-voile","url":"https:\/\/www.africa-press.net\/niger\/culture-et-art\/conservation-de-la-nature-lapport-de-lafrique-des-specialistes-de-lenvironnement-levent-le-voile","name":"Conservation de la nature, l\u2019apport de l\u2019Afrique : Des sp\u00e9cialistes de l\u2019environnement l\u00e8vent le voile - niger","isPartOf":{"@id":"https:\/\/www.africa-press.net\/niger\/#website"},"primaryImageOfPage":{"@id":"https:\/\/www.africa-press.net\/niger\/culture-et-art\/conservation-de-la-nature-lapport-de-lafrique-des-specialistes-de-lenvironnement-levent-le-voile#primaryimage"},"image":{"@id":"https:\/\/www.africa-press.net\/niger\/culture-et-art\/conservation-de-la-nature-lapport-de-lafrique-des-specialistes-de-lenvironnement-levent-le-voile#primaryimage"},"thumbnailUrl":"https:\/\/static.africa-press.net\/niger\/sites\/40\/2021\/09\/img-6144c92141efc.jpg","datePublished":"2021-09-17T17:51:20+00:00","dateModified":"2021-09-17T17:56:17+00:00","author":{"@id":"https:\/\/www.africa-press.net\/niger\/#\/schema\/person\/2b1cf3cd81a31e3cd26889ca66d677f1"},"description":"\ufeffTrois sp\u00e9cialistes de l\u2019environnement : M. Endamana Dominique (UICN PACO Cameroun), M Ange Boni YEYE, Assistant program ...","breadcrumb":{"@id":"https:\/\/www.africa-press.net\/niger\/culture-et-art\/conservation-de-la-nature-lapport-de-lafrique-des-specialistes-de-lenvironnement-levent-le-voile#breadcrumb"},"inLanguage":"fr-FR","potentialAction":[{"@type":"ReadAction","target":["https:\/\/www.africa-press.net\/niger\/culture-et-art\/conservation-de-la-nature-lapport-de-lafrique-des-specialistes-de-lenvironnement-levent-le-voile"]}]},{"@type":"ImageObject","inLanguage":"fr-FR","@id":"https:\/\/www.africa-press.net\/niger\/culture-et-art\/conservation-de-la-nature-lapport-de-lafrique-des-specialistes-de-lenvironnement-levent-le-voile#primaryimage","url":"https:\/\/static.africa-press.net\/niger\/sites\/40\/2021\/09\/img-6144c92141efc.jpg","contentUrl":"https:\/\/static.africa-press.net\/niger\/sites\/40\/2021\/09\/img-6144c92141efc.jpg","width":720,"height":412,"caption":"Conservation de la nature, l\u2019apport de l\u2019Afrique : Des sp\u00e9cialistes de l\u2019environnement l\u00e8vent le voile"},{"@type":"BreadcrumbList","@id":"https:\/\/www.africa-press.net\/niger\/culture-et-art\/conservation-de-la-nature-lapport-de-lafrique-des-specialistes-de-lenvironnement-levent-le-voile#breadcrumb","itemListElement":[{"@type":"ListItem","position":1,"name":"Accueil","item":"https:\/\/www.africa-press.net\/niger\/"},{"@type":"ListItem","position":2,"name":"Conservation de la nature, l\u2019apport de l\u2019Afrique : Des sp\u00e9cialistes de l\u2019environnement l\u00e8vent le voile"}]},{"@type":"WebSite","@id":"https:\/\/www.africa-press.net\/niger\/#website","url":"https:\/\/www.africa-press.net\/niger\/","name":"niger","description":"Just another Africa News Agency Sites site","potentialAction":[{"@type":"SearchAction","target":{"@type":"EntryPoint","urlTemplate":"https:\/\/www.africa-press.net\/niger\/?s={search_term_string}"},"query-input":{"@type":"PropertyValueSpecification","valueRequired":true,"valueName":"search_term_string"}}],"inLanguage":"fr-FR"},{"@type":"Person","@id":"https:\/\/www.africa-press.net\/niger\/#\/schema\/person\/2b1cf3cd81a31e3cd26889ca66d677f1","name":"cfeditorfr"}]}},"_links":{"self":[{"href":"https:\/\/www.africa-press.net\/niger\/wp-json\/wp\/v2\/posts\/11951","targetHints":{"allow":["GET"]}}],"collection":[{"href":"https:\/\/www.africa-press.net\/niger\/wp-json\/wp\/v2\/posts"}],"about":[{"href":"https:\/\/www.africa-press.net\/niger\/wp-json\/wp\/v2\/types\/post"}],"author":[{"embeddable":true,"href":"https:\/\/www.africa-press.net\/niger\/wp-json\/wp\/v2\/users\/82"}],"replies":[{"embeddable":true,"href":"https:\/\/www.africa-press.net\/niger\/wp-json\/wp\/v2\/comments?post=11951"}],"version-history":[{"count":0,"href":"https:\/\/www.africa-press.net\/niger\/wp-json\/wp\/v2\/posts\/11951\/revisions"}],"wp:featuredmedia":[{"embeddable":true,"href":"https:\/\/www.africa-press.net\/niger\/wp-json\/wp\/v2\/media\/11950"}],"wp:attachment":[{"href":"https:\/\/www.africa-press.net\/niger\/wp-json\/wp\/v2\/media?parent=11951"}],"wp:term":[{"taxonomy":"category","embeddable":true,"href":"https:\/\/www.africa-press.net\/niger\/wp-json\/wp\/v2\/categories?post=11951"},{"taxonomy":"post_tag","embeddable":true,"href":"https:\/\/www.africa-press.net\/niger\/wp-json\/wp\/v2\/tags?post=11951"}],"curies":[{"name":"wp","href":"https:\/\/api.w.org\/{rel}","templated":true}]}}