{"id":11957,"date":"2021-09-17T18:05:39","date_gmt":"2021-09-17T18:05:39","guid":{"rendered":"https:\/\/www.africa-press.net\/niger\/?p=11957"},"modified":"2021-09-17T17:56:35","modified_gmt":"2021-09-17T17:56:35","slug":"56eme-edition-de-la-cure-salee-ingall-en-pleine-ebullition-a-la-veille-de-levenement-tant-attendu","status":"publish","type":"post","link":"https:\/\/www.africa-press.net\/niger\/toutes-les-actualites\/56eme-edition-de-la-cure-salee-ingall-en-pleine-ebullition-a-la-veille-de-levenement-tant-attendu","title":{"rendered":"56\u00e8me \u00e9dition de la Cure Sal\u00e9e : Ingall en pleine \u00e9bullition \u00e0 la veille de l\u2019\u00e9v\u00e9nement tant attendu"},"content":{"rendered":"<p><span style=\"color: #ff6600\"><strong><a href=\"https:\/\/www.africa-press.net\/\">Africa-Press<\/a> &#8211; <a href=\"https:\/\/www.africa-press.net\/niger\">Niger<\/a>. <\/strong><\/span>La Cure Sal\u00e9e ou \u2018\u2019Festival des Nomades\u2019\u2019 d\u00e9bute officiellement, ce jour 17 septembre \u00e0 Ingall, une localit\u00e9 situ\u00e9e \u00e0 160 km \u00e0 l\u2019ouest de la ville d\u2019Agadez. Cette ann\u00e9e, l\u2019\u00e9v\u00e9nement se pr\u00e9sente dans un contexte particulier marqu\u00e9 notamment par l\u2019annonce de la participation du Pr\u00e9sident de la R\u00e9publique, SEM. Mohamed Bazoum, et de nombreuses autres personnalit\u00e9s.<\/p>\n<p>La Cure Sal\u00e9e est une f\u00eate annuelle qui rassemble de nombreux \u00e9leveurs venus de tous les coins du pays et de certains pays voisins. Ils convergent vers les terres sal\u00e9es de la zone d\u2019Ingall. Il est de tradition pour les \u00e9leveurs de quitter le sud du pays qui est une zone agricole afin d\u2019\u00e9viter les conflits entre \u00e9leveurs et agriculteurs en d\u00e9pla\u00e7ant le p\u00e2turage dans la zone sal\u00e9e d\u2019Ingall. Il est en effet n\u00e9cessaire pour le b\u00e9tail \u2013 ch\u00e8vres, moutons, vaches et dromadaires de compl\u00e9ter l\u2019herbe par des apports en sel min\u00e9raux : d\u2019o\u00f9 le nom \u2018\u2019 Cure Sal\u00e9e\u2019\u2019.<\/p>\n<p>Aussi, les \u00e9leveurs conduisent leurs troupeaux \u00e0 travers un long p\u00e2turage dans une transhumance du sud au nord sur une distance de 300 \u00e0 400 km pour une dur\u00e9e de 2 \u00e0 3 mois. Pendant ce d\u00e9placement, les troupeaux convergent vers les sources sal\u00e9es des 3 Teggida de la plaine de l\u2019Ighazer : Tegidda N\u2019Tessoumt, Tegidda n\u2019Adrar, Tegidda n\u2019Tagai. Cette rencontre d\u2019envergure est un moment pour les \u00e9leveurs de satisfaire les besoins des animaux mais \u00e9galement de c\u00e9l\u00e9brer la grande f\u00eate annuelle de la cure sal\u00e9e.<\/p>\n<p>\u00c0 la veille de cette f\u00eate tant attendue, la ville d\u2019Ingall est amin\u00e9e de jour comme de nuit par des chants et danses de d\u00e9monstration. L\u2019arriv\u00e9e des festivaliers a cr\u00e9\u00e9 une ambiance toute particuli\u00e8re dans la ville. Le site qui devrait abriter les festivit\u00e9s est entour\u00e9 de tentes qui servent d\u2019abris pour les festivaliers et de points de vente de produits divers. Le d\u00e9cor plant\u00e9 par ces derniers sur le site et aux alentours est impressionnant et attrayant pour tout visiteur. Ajouter \u00e0 tout cela, leur mode d\u2019habillement qui refl\u00e8te la culture des nomades Touareg et Wodaabe.<\/p>\n<p>la Cure Sal\u00e9e, un cadre d\u2019opportunit\u00e9s<\/p>\n<p>\u00c0 48h des festivit\u00e9s, le ministre en charge de l\u2019Elevage, M. Tidjani Idrissa Abdoulkadri, a effectu\u00e9 une visite sur le site pour constater de visu l\u2019\u00e9tat d\u2019avancement des pr\u00e9paratifs. \u00c0 l\u2019issue de cette visite, le ministre Tidjani Idrissa Abdoulkadri s\u2019est rejoui de la rehabilitation des infrastructures d\u2019acceuil. \u00ab Notre ambition est de faire de la Cure Sal\u00e9e une opportunit\u00e9 pour le Niger et les \u00e9leveurs en particulier. Au d\u00e9l\u00e0 des festivit\u00e9s, que cette f\u00eate soit un cadre d\u2019\u00e9changes et de redynamisation du secteur de l\u2019\u00e9levage. Nous attendons une grande mobilisation de la population d\u2019 Ingall en particulier et celle du Niger en g\u00e9n\u00e9ral \u00bb. Le minstre Tidjani Idrissa Abdoulkadri a salu\u00e9 la pr\u00e9sence du Chef de l\u2019\u00c9tat, M. Mohamed Bazoum \u00e0 l\u2019\u00e9dition 2021 de la cure sal\u00e9e.<\/p>\n<p>\u00c0 la veille des c\u00e9r\u00e9monies, les festivaliers venus nombreux s\u2019activent pour c\u00e9l\u00e9brer la f\u00eate \u00e0 travers des s\u00e9ances de d\u00e9monstration en chants, danses et courses de dromadaires. C\u2019est la joie totale qui se d\u00e9gage. \u00ab C\u2019est une fiert\u00e9 pour nous de prendre part \u00e0 cette f\u00eate. C\u2019est une f\u00eate que nous avons h\u00e9rit\u00e9e de nos anc\u00eatres. C\u2019est egalement un cadre d\u2019\u00e9changes et de partage d\u2019exp\u00e9rience.\u00bb, a dit Daniri Dargoudo, un \u00e9leveur prenant part \u00e0 la f\u00eate.<\/p>\n<p>Pour Maigari Boyi, un autre \u00e9leveur, la f\u00eate de la cure sal\u00e9e est une occasion de nouer des liens avec d\u2019autres \u00e9leveurs. \u00ab C\u2019est un grand plaisir pour nous de se rencontrer, de se concerter ici. Cette ann\u00e9e, Dieu merci, la saison est en train de finir sur de bons signes. Tous les \u00e9leveurs sont l\u00e0. Nous sommes tr\u00e8s contents pour l\u2019organisation de cette f\u00eate. Surtout que la Cure Sal\u00e9e nous a \u00e9norm\u00e9ment manqu\u00e9 \u00bb se rejouit Maigari Boyi.<\/p>\n<p>Notons qu\u2019il est de tradition de proc\u00e9der au cours de cette p\u00e9riode de transhumance \u00e0 une campagne de vaccination du cheptel. Il est \u00e9galement pr\u00e9vu des audiences foraines d\u2019etablissement de pieces d\u2019\u00e9tat civil, etc.<\/p>\n<p><b>\u00a0<\/b><\/p>\n","protected":false},"excerpt":{"rendered":"<p>Africa-Press &#8211; Niger. La Cure Sal\u00e9e ou \u2018\u2019Festival des Nomades\u2019\u2019 d\u00e9bute officiellement, ce jour 17 septembre \u00e0 Ingall, une localit\u00e9 situ\u00e9e \u00e0 160 km \u00e0 l\u2019ouest de la ville d\u2019Agadez. Cette ann\u00e9e, l\u2019\u00e9v\u00e9nement se pr\u00e9sente dans un contexte particulier marqu\u00e9 notamment par l\u2019annonce de la participation du Pr\u00e9sident de la R\u00e9publique, SEM. Mohamed Bazoum, et [&hellip;]<\/p>\n","protected":false},"author":82,"featured_media":11956,"comment_status":"open","ping_status":"closed","sticky":false,"template":"","format":"standard","meta":{"footnotes":""},"categories":[21,11,10],"tags":[55,60,29],"class_list":["post-11957","post","type-post","status-publish","format-standard","has-post-thumbnail","hentry","category-communaute","category-homepage-french","category-toutes-les-actualites","tag-africa-press","tag-africa-press-niger","tag-niger"],"yoast_head":"<!-- This site is optimized with the Yoast SEO Premium plugin v26.1 (Yoast SEO v27.0) - https:\/\/yoast.com\/product\/yoast-seo-premium-wordpress\/ -->\n<title>56\u00e8me \u00e9dition de la Cure Sal\u00e9e : Ingall en pleine \u00e9bullition \u00e0 la veille de l\u2019\u00e9v\u00e9nement tant attendu - niger<\/title>\n<meta name=\"description\" content=\"\ufeffLa Cure Sal\u00e9e ou \u2018\u2019Festival des Nomades\u2019\u2019 d\u00e9bute officiellement, ce jour 17 septembre \u00e0 Ingall, une localit\u00e9 situ\u00e9e \u00e0 1 ...\" \/>\n<meta name=\"robots\" content=\"index, follow, max-snippet:-1, max-image-preview:large, max-video-preview:-1\" \/>\n<link rel=\"canonical\" href=\"https:\/\/www.africa-press.net\/niger\/toutes-les-actualites\/56eme-edition-de-la-cure-salee-ingall-en-pleine-ebullition-a-la-veille-de-levenement-tant-attendu\" \/>\n<meta property=\"og:locale\" content=\"fr_FR\" \/>\n<meta property=\"og:type\" content=\"article\" \/>\n<meta property=\"og:title\" content=\"56\u00e8me \u00e9dition de la Cure Sal\u00e9e : Ingall en pleine \u00e9bullition \u00e0 la veille de l\u2019\u00e9v\u00e9nement tant attendu\" \/>\n<meta property=\"og:description\" content=\"\ufeffLa Cure Sal\u00e9e ou \u2018\u2019Festival des Nomades\u2019\u2019 d\u00e9bute officiellement, ce jour 17 septembre \u00e0 Ingall, une localit\u00e9 situ\u00e9e \u00e0 1 ...\" \/>\n<meta property=\"og:url\" content=\"https:\/\/www.africa-press.net\/niger\/toutes-les-actualites\/56eme-edition-de-la-cure-salee-ingall-en-pleine-ebullition-a-la-veille-de-levenement-tant-attendu\" \/>\n<meta property=\"og:site_name\" content=\"niger\" \/>\n<meta property=\"article:published_time\" content=\"2021-09-17T18:05:39+00:00\" \/>\n<meta property=\"og:image\" content=\"https:\/\/static.africa-press.net\/niger\/sites\/40\/2021\/09\/img-6144c96f4d678.jpg\" \/>\n\t<meta property=\"og:image:width\" content=\"720\" \/>\n\t<meta property=\"og:image:height\" content=\"403\" \/>\n\t<meta property=\"og:image:type\" content=\"image\/jpeg\" \/>\n<meta name=\"author\" content=\"cfeditorfr\" \/>\n<meta name=\"twitter:card\" content=\"summary_large_image\" \/>\n<meta name=\"twitter:label1\" content=\"\u00c9crit par\" \/>\n\t<meta name=\"twitter:data1\" content=\"cfeditorfr\" \/>\n\t<meta name=\"twitter:label2\" content=\"Dur\u00e9e de lecture estim\u00e9e\" \/>\n\t<meta name=\"twitter:data2\" content=\"4 minutes\" \/>\n<script type=\"application\/ld+json\" class=\"yoast-schema-graph\">{\"@context\":\"https:\/\/schema.org\",\"@graph\":[{\"@type\":\"Article\",\"@id\":\"https:\/\/www.africa-press.net\/niger\/toutes-les-actualites\/56eme-edition-de-la-cure-salee-ingall-en-pleine-ebullition-a-la-veille-de-levenement-tant-attendu#article\",\"isPartOf\":{\"@id\":\"https:\/\/www.africa-press.net\/niger\/toutes-les-actualites\/56eme-edition-de-la-cure-salee-ingall-en-pleine-ebullition-a-la-veille-de-levenement-tant-attendu\"},\"author\":{\"name\":\"cfeditorfr\",\"@id\":\"https:\/\/www.africa-press.net\/niger\/#\/schema\/person\/2b1cf3cd81a31e3cd26889ca66d677f1\"},\"headline\":\"56\u00e8me \u00e9dition de la Cure Sal\u00e9e : Ingall en pleine \u00e9bullition \u00e0 la veille de l\u2019\u00e9v\u00e9nement tant attendu\",\"datePublished\":\"2021-09-17T18:05:39+00:00\",\"mainEntityOfPage\":{\"@id\":\"https:\/\/www.africa-press.net\/niger\/toutes-les-actualites\/56eme-edition-de-la-cure-salee-ingall-en-pleine-ebullition-a-la-veille-de-levenement-tant-attendu\"},\"wordCount\":766,\"commentCount\":0,\"image\":{\"@id\":\"https:\/\/www.africa-press.net\/niger\/toutes-les-actualites\/56eme-edition-de-la-cure-salee-ingall-en-pleine-ebullition-a-la-veille-de-levenement-tant-attendu#primaryimage\"},\"thumbnailUrl\":\"https:\/\/static.africa-press.net\/niger\/sites\/40\/2021\/09\/img-6144c96f4d678.jpg\",\"keywords\":[\"Africa Press\",\"Africa Press-Niger\",\"Niger\"],\"articleSection\":[\"Communaut\u00e9\",\"homepage-french\",\"Toutes les actualit\u00e9s\"],\"inLanguage\":\"fr-FR\",\"potentialAction\":[{\"@type\":\"CommentAction\",\"name\":\"Comment\",\"target\":[\"https:\/\/www.africa-press.net\/niger\/toutes-les-actualites\/56eme-edition-de-la-cure-salee-ingall-en-pleine-ebullition-a-la-veille-de-levenement-tant-attendu#respond\"]}]},{\"@type\":\"WebPage\",\"@id\":\"https:\/\/www.africa-press.net\/niger\/toutes-les-actualites\/56eme-edition-de-la-cure-salee-ingall-en-pleine-ebullition-a-la-veille-de-levenement-tant-attendu\",\"url\":\"https:\/\/www.africa-press.net\/niger\/toutes-les-actualites\/56eme-edition-de-la-cure-salee-ingall-en-pleine-ebullition-a-la-veille-de-levenement-tant-attendu\",\"name\":\"56\u00e8me \u00e9dition de la Cure Sal\u00e9e : Ingall en pleine \u00e9bullition \u00e0 la veille de l\u2019\u00e9v\u00e9nement tant attendu - niger\",\"isPartOf\":{\"@id\":\"https:\/\/www.africa-press.net\/niger\/#website\"},\"primaryImageOfPage\":{\"@id\":\"https:\/\/www.africa-press.net\/niger\/toutes-les-actualites\/56eme-edition-de-la-cure-salee-ingall-en-pleine-ebullition-a-la-veille-de-levenement-tant-attendu#primaryimage\"},\"image\":{\"@id\":\"https:\/\/www.africa-press.net\/niger\/toutes-les-actualites\/56eme-edition-de-la-cure-salee-ingall-en-pleine-ebullition-a-la-veille-de-levenement-tant-attendu#primaryimage\"},\"thumbnailUrl\":\"https:\/\/static.africa-press.net\/niger\/sites\/40\/2021\/09\/img-6144c96f4d678.jpg\",\"datePublished\":\"2021-09-17T18:05:39+00:00\",\"author\":{\"@id\":\"https:\/\/www.africa-press.net\/niger\/#\/schema\/person\/2b1cf3cd81a31e3cd26889ca66d677f1\"},\"description\":\"\ufeffLa Cure Sal\u00e9e ou \u2018\u2019Festival des Nomades\u2019\u2019 d\u00e9bute officiellement, ce jour 17 septembre \u00e0 Ingall, une localit\u00e9 situ\u00e9e \u00e0 1 ...\",\"breadcrumb\":{\"@id\":\"https:\/\/www.africa-press.net\/niger\/toutes-les-actualites\/56eme-edition-de-la-cure-salee-ingall-en-pleine-ebullition-a-la-veille-de-levenement-tant-attendu#breadcrumb\"},\"inLanguage\":\"fr-FR\",\"potentialAction\":[{\"@type\":\"ReadAction\",\"target\":[\"https:\/\/www.africa-press.net\/niger\/toutes-les-actualites\/56eme-edition-de-la-cure-salee-ingall-en-pleine-ebullition-a-la-veille-de-levenement-tant-attendu\"]}]},{\"@type\":\"ImageObject\",\"inLanguage\":\"fr-FR\",\"@id\":\"https:\/\/www.africa-press.net\/niger\/toutes-les-actualites\/56eme-edition-de-la-cure-salee-ingall-en-pleine-ebullition-a-la-veille-de-levenement-tant-attendu#primaryimage\",\"url\":\"https:\/\/static.africa-press.net\/niger\/sites\/40\/2021\/09\/img-6144c96f4d678.jpg\",\"contentUrl\":\"https:\/\/static.africa-press.net\/niger\/sites\/40\/2021\/09\/img-6144c96f4d678.jpg\",\"width\":720,\"height\":403,\"caption\":\"56\u00e8me \u00e9dition de la Cure Sal\u00e9e : Ingall en pleine \u00e9bullition \u00e0 la veille de l\u2019\u00e9v\u00e9nement tant attendu\"},{\"@type\":\"BreadcrumbList\",\"@id\":\"https:\/\/www.africa-press.net\/niger\/toutes-les-actualites\/56eme-edition-de-la-cure-salee-ingall-en-pleine-ebullition-a-la-veille-de-levenement-tant-attendu#breadcrumb\",\"itemListElement\":[{\"@type\":\"ListItem\",\"position\":1,\"name\":\"Accueil\",\"item\":\"https:\/\/www.africa-press.net\/niger\/\"},{\"@type\":\"ListItem\",\"position\":2,\"name\":\"56\u00e8me \u00e9dition de la Cure Sal\u00e9e : Ingall en pleine \u00e9bullition \u00e0 la veille de l\u2019\u00e9v\u00e9nement tant attendu\"}]},{\"@type\":\"WebSite\",\"@id\":\"https:\/\/www.africa-press.net\/niger\/#website\",\"url\":\"https:\/\/www.africa-press.net\/niger\/\",\"name\":\"niger\",\"description\":\"Just another Africa News Agency Sites site\",\"potentialAction\":[{\"@type\":\"SearchAction\",\"target\":{\"@type\":\"EntryPoint\",\"urlTemplate\":\"https:\/\/www.africa-press.net\/niger\/?s={search_term_string}\"},\"query-input\":{\"@type\":\"PropertyValueSpecification\",\"valueRequired\":true,\"valueName\":\"search_term_string\"}}],\"inLanguage\":\"fr-FR\"},{\"@type\":\"Person\",\"@id\":\"https:\/\/www.africa-press.net\/niger\/#\/schema\/person\/2b1cf3cd81a31e3cd26889ca66d677f1\",\"name\":\"cfeditorfr\"}]}<\/script>\n<!-- \/ Yoast SEO Premium plugin. -->","yoast_head_json":{"title":"56\u00e8me \u00e9dition de la Cure Sal\u00e9e : Ingall en pleine \u00e9bullition \u00e0 la veille de l\u2019\u00e9v\u00e9nement tant attendu - niger","description":"\ufeffLa Cure Sal\u00e9e ou \u2018\u2019Festival des Nomades\u2019\u2019 d\u00e9bute officiellement, ce jour 17 septembre \u00e0 Ingall, une localit\u00e9 situ\u00e9e \u00e0 1 ...","robots":{"index":"index","follow":"follow","max-snippet":"max-snippet:-1","max-image-preview":"max-image-preview:large","max-video-preview":"max-video-preview:-1"},"canonical":"https:\/\/www.africa-press.net\/niger\/toutes-les-actualites\/56eme-edition-de-la-cure-salee-ingall-en-pleine-ebullition-a-la-veille-de-levenement-tant-attendu","og_locale":"fr_FR","og_type":"article","og_title":"56\u00e8me \u00e9dition de la Cure Sal\u00e9e : Ingall en pleine \u00e9bullition \u00e0 la veille de l\u2019\u00e9v\u00e9nement tant attendu","og_description":"\ufeffLa Cure Sal\u00e9e ou \u2018\u2019Festival des Nomades\u2019\u2019 d\u00e9bute officiellement, ce jour 17 septembre \u00e0 Ingall, une localit\u00e9 situ\u00e9e \u00e0 1 ...","og_url":"https:\/\/www.africa-press.net\/niger\/toutes-les-actualites\/56eme-edition-de-la-cure-salee-ingall-en-pleine-ebullition-a-la-veille-de-levenement-tant-attendu","og_site_name":"niger","article_published_time":"2021-09-17T18:05:39+00:00","og_image":[{"width":720,"height":403,"url":"https:\/\/static.africa-press.net\/niger\/sites\/40\/2021\/09\/img-6144c96f4d678.jpg","type":"image\/jpeg"}],"author":"cfeditorfr","twitter_card":"summary_large_image","twitter_misc":{"\u00c9crit par":"cfeditorfr","Dur\u00e9e de lecture estim\u00e9e":"4 minutes"},"schema":{"@context":"https:\/\/schema.org","@graph":[{"@type":"Article","@id":"https:\/\/www.africa-press.net\/niger\/toutes-les-actualites\/56eme-edition-de-la-cure-salee-ingall-en-pleine-ebullition-a-la-veille-de-levenement-tant-attendu#article","isPartOf":{"@id":"https:\/\/www.africa-press.net\/niger\/toutes-les-actualites\/56eme-edition-de-la-cure-salee-ingall-en-pleine-ebullition-a-la-veille-de-levenement-tant-attendu"},"author":{"name":"cfeditorfr","@id":"https:\/\/www.africa-press.net\/niger\/#\/schema\/person\/2b1cf3cd81a31e3cd26889ca66d677f1"},"headline":"56\u00e8me \u00e9dition de la Cure Sal\u00e9e : Ingall en pleine \u00e9bullition \u00e0 la veille de l\u2019\u00e9v\u00e9nement tant attendu","datePublished":"2021-09-17T18:05:39+00:00","mainEntityOfPage":{"@id":"https:\/\/www.africa-press.net\/niger\/toutes-les-actualites\/56eme-edition-de-la-cure-salee-ingall-en-pleine-ebullition-a-la-veille-de-levenement-tant-attendu"},"wordCount":766,"commentCount":0,"image":{"@id":"https:\/\/www.africa-press.net\/niger\/toutes-les-actualites\/56eme-edition-de-la-cure-salee-ingall-en-pleine-ebullition-a-la-veille-de-levenement-tant-attendu#primaryimage"},"thumbnailUrl":"https:\/\/static.africa-press.net\/niger\/sites\/40\/2021\/09\/img-6144c96f4d678.jpg","keywords":["Africa Press","Africa Press-Niger","Niger"],"articleSection":["Communaut\u00e9","homepage-french","Toutes les actualit\u00e9s"],"inLanguage":"fr-FR","potentialAction":[{"@type":"CommentAction","name":"Comment","target":["https:\/\/www.africa-press.net\/niger\/toutes-les-actualites\/56eme-edition-de-la-cure-salee-ingall-en-pleine-ebullition-a-la-veille-de-levenement-tant-attendu#respond"]}]},{"@type":"WebPage","@id":"https:\/\/www.africa-press.net\/niger\/toutes-les-actualites\/56eme-edition-de-la-cure-salee-ingall-en-pleine-ebullition-a-la-veille-de-levenement-tant-attendu","url":"https:\/\/www.africa-press.net\/niger\/toutes-les-actualites\/56eme-edition-de-la-cure-salee-ingall-en-pleine-ebullition-a-la-veille-de-levenement-tant-attendu","name":"56\u00e8me \u00e9dition de la Cure Sal\u00e9e : Ingall en pleine \u00e9bullition \u00e0 la veille de l\u2019\u00e9v\u00e9nement tant attendu - niger","isPartOf":{"@id":"https:\/\/www.africa-press.net\/niger\/#website"},"primaryImageOfPage":{"@id":"https:\/\/www.africa-press.net\/niger\/toutes-les-actualites\/56eme-edition-de-la-cure-salee-ingall-en-pleine-ebullition-a-la-veille-de-levenement-tant-attendu#primaryimage"},"image":{"@id":"https:\/\/www.africa-press.net\/niger\/toutes-les-actualites\/56eme-edition-de-la-cure-salee-ingall-en-pleine-ebullition-a-la-veille-de-levenement-tant-attendu#primaryimage"},"thumbnailUrl":"https:\/\/static.africa-press.net\/niger\/sites\/40\/2021\/09\/img-6144c96f4d678.jpg","datePublished":"2021-09-17T18:05:39+00:00","author":{"@id":"https:\/\/www.africa-press.net\/niger\/#\/schema\/person\/2b1cf3cd81a31e3cd26889ca66d677f1"},"description":"\ufeffLa Cure Sal\u00e9e ou \u2018\u2019Festival des Nomades\u2019\u2019 d\u00e9bute officiellement, ce jour 17 septembre \u00e0 Ingall, une localit\u00e9 situ\u00e9e \u00e0 1 ...","breadcrumb":{"@id":"https:\/\/www.africa-press.net\/niger\/toutes-les-actualites\/56eme-edition-de-la-cure-salee-ingall-en-pleine-ebullition-a-la-veille-de-levenement-tant-attendu#breadcrumb"},"inLanguage":"fr-FR","potentialAction":[{"@type":"ReadAction","target":["https:\/\/www.africa-press.net\/niger\/toutes-les-actualites\/56eme-edition-de-la-cure-salee-ingall-en-pleine-ebullition-a-la-veille-de-levenement-tant-attendu"]}]},{"@type":"ImageObject","inLanguage":"fr-FR","@id":"https:\/\/www.africa-press.net\/niger\/toutes-les-actualites\/56eme-edition-de-la-cure-salee-ingall-en-pleine-ebullition-a-la-veille-de-levenement-tant-attendu#primaryimage","url":"https:\/\/static.africa-press.net\/niger\/sites\/40\/2021\/09\/img-6144c96f4d678.jpg","contentUrl":"https:\/\/static.africa-press.net\/niger\/sites\/40\/2021\/09\/img-6144c96f4d678.jpg","width":720,"height":403,"caption":"56\u00e8me \u00e9dition de la Cure Sal\u00e9e : Ingall en pleine \u00e9bullition \u00e0 la veille de l\u2019\u00e9v\u00e9nement tant attendu"},{"@type":"BreadcrumbList","@id":"https:\/\/www.africa-press.net\/niger\/toutes-les-actualites\/56eme-edition-de-la-cure-salee-ingall-en-pleine-ebullition-a-la-veille-de-levenement-tant-attendu#breadcrumb","itemListElement":[{"@type":"ListItem","position":1,"name":"Accueil","item":"https:\/\/www.africa-press.net\/niger\/"},{"@type":"ListItem","position":2,"name":"56\u00e8me \u00e9dition de la Cure Sal\u00e9e : Ingall en pleine \u00e9bullition \u00e0 la veille de l\u2019\u00e9v\u00e9nement tant attendu"}]},{"@type":"WebSite","@id":"https:\/\/www.africa-press.net\/niger\/#website","url":"https:\/\/www.africa-press.net\/niger\/","name":"niger","description":"Just another Africa News Agency Sites site","potentialAction":[{"@type":"SearchAction","target":{"@type":"EntryPoint","urlTemplate":"https:\/\/www.africa-press.net\/niger\/?s={search_term_string}"},"query-input":{"@type":"PropertyValueSpecification","valueRequired":true,"valueName":"search_term_string"}}],"inLanguage":"fr-FR"},{"@type":"Person","@id":"https:\/\/www.africa-press.net\/niger\/#\/schema\/person\/2b1cf3cd81a31e3cd26889ca66d677f1","name":"cfeditorfr"}]}},"_links":{"self":[{"href":"https:\/\/www.africa-press.net\/niger\/wp-json\/wp\/v2\/posts\/11957","targetHints":{"allow":["GET"]}}],"collection":[{"href":"https:\/\/www.africa-press.net\/niger\/wp-json\/wp\/v2\/posts"}],"about":[{"href":"https:\/\/www.africa-press.net\/niger\/wp-json\/wp\/v2\/types\/post"}],"author":[{"embeddable":true,"href":"https:\/\/www.africa-press.net\/niger\/wp-json\/wp\/v2\/users\/82"}],"replies":[{"embeddable":true,"href":"https:\/\/www.africa-press.net\/niger\/wp-json\/wp\/v2\/comments?post=11957"}],"version-history":[{"count":0,"href":"https:\/\/www.africa-press.net\/niger\/wp-json\/wp\/v2\/posts\/11957\/revisions"}],"wp:featuredmedia":[{"embeddable":true,"href":"https:\/\/www.africa-press.net\/niger\/wp-json\/wp\/v2\/media\/11956"}],"wp:attachment":[{"href":"https:\/\/www.africa-press.net\/niger\/wp-json\/wp\/v2\/media?parent=11957"}],"wp:term":[{"taxonomy":"category","embeddable":true,"href":"https:\/\/www.africa-press.net\/niger\/wp-json\/wp\/v2\/categories?post=11957"},{"taxonomy":"post_tag","embeddable":true,"href":"https:\/\/www.africa-press.net\/niger\/wp-json\/wp\/v2\/tags?post=11957"}],"curies":[{"name":"wp","href":"https:\/\/api.w.org\/{rel}","templated":true}]}}